{"id":3792,"date":"2016-03-16T11:35:14","date_gmt":"2016-03-16T10:35:14","guid":{"rendered":"http:\/\/www.cannabis.es\/pw\/?p=3792"},"modified":"2020-06-06T12:23:24","modified_gmt":"2020-06-06T10:23:24","slug":"hola-me-llamo-jeffrey","status":"publish","type":"post","link":"https:\/\/www.cannabis.es\/pw\/2016\/03\/16\/hola-me-llamo-jeffrey\/","title":{"rendered":"Hola, me llamo Jeffrey"},"content":{"rendered":"\n<p>Por Drogoteca<\/p>\n\n\n\n<p>Hola, me llamo&nbsp;<strong>Jeffrey<\/strong>&nbsp;y soy un negro indigente, sin casa ni trabajo, que no tengo derecho a existir. O tal vez s\u00f3lo tengo derecho a existir si existo sin tener derechos.<\/p>\n\n\n\n<hr class=\"wp-block-separator\"\/>\n\n\n\n<p>Eso ha intentado hacerme creer la polic\u00eda a lo largo de mi vida, daba igual d\u00f3nde porque la historia era siempre igual:&nbsp;<strong>ellos mandan<\/strong>&nbsp;y si no les gusta c\u00f3mo obedeces -o si no obedeces- se desahogar\u00e1n contra ti, con una paliza en el calabozo o usando el sistema legal de forma leguleya para causar intencionalmente da\u00f1o.<\/p>\n\n\n\n<p>En realidad no soy lo que ellos quieren que sea, y eso no lo han soportado nunca. Pueden hacerme da\u00f1o f\u00edsico o pueden echarme encima al sistema, pero no han conseguido romperme y hacer de m\u00ed un animal asustado que resultase domesticable y adiestrable para sus fines. De hecho, fui un chico como t\u00fa. Tuve una infancia dif\u00edcil, porque era uno de los muchos hijos de una madre negra soltera en la pobreza de \u201c<strong>la pesadilla americana<\/strong>\u201d. Pero nos cri\u00f3 y nos sac\u00f3 adelante. Termin\u00e9 el instituto e incluso llegu\u00e9 a recibir formaci\u00f3n universitaria. Y hasta me cas\u00e9 con una compa\u00f1era, pero el matrimonio nos super\u00f3 a ambos y acabamos -como otras tantas parejas j\u00f3venes- separados al poco tiempo.&nbsp;<\/p>\n\n\n\n<p>La ruptura de la pareja, junto con los empleos de baja calidad a los que pod\u00eda tener acceso (con salarios miserables y abusos constantes) fueron la rampa cuesta abajo que se me present\u00f3 -desde entonces- como vida y que, a pesar de que no he dejado nunca de luchar, me llev\u00f3 a tener que perder hasta mi techo y convertirme en un \u201c<em>homeless<\/em>\u201d m\u00e1s. Al principio viv\u00ed un a\u00f1o en una tienda de campa\u00f1a, pero aunque intentes mantener una vida normal, vivir en la calle te pasa una factura que no se casa con comodidades como esa. Despu\u00e9s, he tenido que sobrevivir como otros muchos, luchando cada d\u00eda y pidiendo ayuda (ya que trabajo no me dan), pero&nbsp;<strong>nunca he cometido un delito<\/strong>&nbsp;porque considero que ser pobre no me da derecho a ello.<\/p>\n\n\n\n<div class=\"wp-block-image\"><figure class=\"aligncenter\"><img decoding=\"async\" src=\"https:\/\/www.cannabis.es\/web\/images\/20150217_062749_homeless_200.jpg\" alt=\"20150217 062749 homeless 200\"\/><\/figure><\/div>\n\n\n\n<p><em>Es feo pedir, pero peor es robar<\/em>, dicen. Lo cierto es que a la polic\u00eda de la peque\u00f1a ciudad donde \u201cresido\u201d no le parec\u00eda bien que pidi\u00e9ramos, ellos prefer\u00edan que nos muri\u00e9ramos de hambre en la puta calle. Pero a m\u00ed que, aunque soy un negro lo soy con inteligencia, formaci\u00f3n y coraje, no me parec\u00eda bien eso de que unos pistoleros armados a sueldo del estado fueran a forzarnos a desaparecer para su comodidad. Ellos nos acosaron, durante meses, por pedir dinero para comer de forma pac\u00edfica en la calle. Mi cartel dec\u00eda \u201c<strong>estoy sin casa y busc\u00e1ndome la vida<\/strong>\u201d, como forma de indicar al viandante, de forma pac\u00edfica y no invasiva, que era un ser humano -negro, s\u00ed, pero humano a pesar de los maderos y el sistema- solicitando ayuda b\u00e1sica en una situaci\u00f3n de extrema necesidad.<\/p>\n\n\n\n<p>Fui detenido, golpeado, insultado, amenazado, robado, sufr\u00ed cacheos arbitrarios que inclu\u00edan \u201c<em>el registro de orificios<\/em>\u201d (en el que unos polic\u00edas te sujetan y otro con guantes te mete dos dedos dentro de tu culo y busca dentro, por si escondes una caja fuerte ah\u00ed) y todo tipo de humillaciones, que no sirvieron para doblegarme. De hecho me crec\u00ed. Y sin miedo les denunci\u00e9. Yo, el negro indigente, denunciando a la polic\u00eda de la ciudad. Y lo mejor de todo, ganando la batalla y forzando a la polic\u00eda a que dejase en paz a aquellos que tenemos la mala suerte de tener que pedir para sobrevivir. Ellos quisieron llegar a un acuerdo que inclu\u00eda una nueva pol\u00edtica de trato para estas personas, y yo ced\u00ed porque hab\u00eda conseguido que ganase la comunidad: todos hab\u00edamos ganado con una polic\u00eda que dejase de perseguir, acosar, robar y violar mendigos por el simple hecho de ser pobres y sin recursos. Incluso tuvieron que pagarme unos cuantos miles de d\u00f3lares que, obviamente, no disfrut\u00e9 ya que fueron para los abogados que llevaron el caso.&nbsp;<\/p>\n\n\n\n<p>No era la primera vez que me hab\u00eda enfrentado a los abusos policiales, porque ya en otra ocasi\u00f3n hab\u00eda sido denunciado por la polic\u00eda, encarcelado y encausado, por negarme a obedecer una orden verbal, por la que una pareja de polic\u00edas decid\u00eda prohibirme pasar por una zona de acceso p\u00fablico. \u00bfLa raz\u00f3n? Ja, pues la de siempre, un&nbsp;<em>JNI<\/em>: jodido negro indigente. Pero no quise rendirme y aceptar el castigo, as\u00ed que plant\u00e9 cara y el asunto sent\u00f3 un precedente legal sobre la capacidad de la polic\u00eda a dictaminar, a su antojo, sobre el acceso a lugares p\u00fablicos. Y tambi\u00e9n acabaron pactando y entregando otra suma de dinero que, de nuevo, se quedaron los abogados por su trabajo. Y es que ser pobre en USA es muy caro. Me encanta ver -cuando tengo acceso- el programa de&nbsp;<strong>John Oliver<\/strong>&nbsp;por sus mordaces y honestos enfoques, y no consigo olvidar el d\u00eda que contaba nuestra realidad y la de la justicia americana:&nbsp;<a href=\"https:\/\/www.youtube.com\/watch?v=USkEzLuzmZ4&amp;feature=youtu.be&amp;t=652\" target=\"_blank\" rel=\"noreferrer noopener\">c\u00f3mo \u00e9ramos encarcelados -con el coste que eso supone para el estado y los contribuyentes- por el simple hecho de no tener dinero<\/a>&nbsp;para pagar los costes legales de la defensa legal que, en teor\u00eda es un derecho constitucional, tienen que facilitarte si has de enfrentar un juicio. Todo eso es mentira y s\u00f3lo sirve para que los ricos que est\u00e1n en sus casas de barrios protegidos, crean que la justicia es igual para todos. Es parte de nuestra pesadilla, porque vivimos en un sistema que mientras considera que eres suficientemente pobre para recibir \u201c<strong>bonos para comida<\/strong>\u201d, no eres suficientemente pobre para acceder a la justicia con abogado de oficio. Y a veces creo que es mejor, porque ahora mismo hay 43 estados de USA en los que se te cobran los gastos legales de tu defensa y si no tienes dinero para pagarlos, vas a la c\u00e1rcel aunque no seas declarado culpable por el juez.&nbsp;<\/p>\n\n\n\n<p>A un conocido, que estaba con una enfermedad terminal del pulm\u00f3n, le detuvieron por no poder pagar los gastos de un juicio anterior y le metieron en la c\u00e1rcel, pero estaba tan mal que fue llevado al hospital. Detenido por no tener dinero, adem\u00e1s de la c\u00e1rcel, le metieron una multa mayor, que si no pudo pagar -ni a plazos- su defensa legal anterior ahora lo har\u00eda ya imposible. \u00bfCu\u00e1ntas veces consecutivas te pueden detener por no tener dinero para pagarles por la detenci\u00f3n anterior, y adem\u00e1s volver a facturarte por ello? S\u00e9 que al que no sea de aqu\u00ed y conozca la realidad, esto le sonar\u00e1 a chiste, pero de broma no tiene nada y&nbsp;<strong>\u00e9sta es la realidad con la que nos hacen vivir<\/strong>.<\/p>\n\n\n\n<p>La \u00faltima de mis aventuras no elegidas con la polic\u00eda, \u00e9sta desde la que todav\u00eda os hablo, se debi\u00f3 a&nbsp;<strong>unos gramos de marihuana<\/strong>. Ya s\u00e9 que es legal en medio pa\u00eds, y que se vende en lujosas tiendas a precios espectaculares, pero la ley nunca fue igual para todos y esto es s\u00f3lo otra excepci\u00f3n m\u00e1s. Me cogieron con unos porros en una bolsa y, adem\u00e1s de quit\u00e1rmelos, mis queridos &#8216;<em>hamigos<\/em>&#8216; de la polic\u00eda me esposaron, me metieron a golpes -como siempre que pueden- en el coche patrulla y sin dejar de meterme codazos durante el camino, me llevaron al calabozo para presentar cargos contra m\u00ed. Fui puesto ante el juez, quien decret\u00f3 mi libertad bajo fianza de&nbsp;<strong>100 d\u00f3lares<\/strong>. \u00bfBien, no?&nbsp;<strong>NO.<\/strong><\/p>\n\n\n\n<p>Para ti puede que 100 pavos sea algo asequible -y que si no los tienes puedas pedirlos- para evitar entrar en la c\u00e1rcel. Pero no para m\u00ed, no ahora. Al ganar aquel proceso contra la polic\u00eda, gan\u00e9 el derecho a pedir en la calle pero eso no te pone en un nivel en el que puedas tener 100 d\u00f3lares para pagar una fianza. Y como dije antes, los pobres vamos a la c\u00e1rcel por el simple hecho de no tener dinero, aunque eso sea totalmente inconstitucional, ya que de algo hay que mantener el sistema de prisiones privadas y todo el entramado de par\u00e1sitos que viven de \u00e9l. Y aunque nosotros no podamos pagar, somos la excusa para que el contribuyente pague: ni siquiera les interesamos para explotarnos, s\u00f3lo somos cebo en su pesca deportiva de dinero p\u00fablico para fines privados.<\/p>\n\n\n\n<p>La cosa es que aqu\u00ed estoy, preso, sin nada que hacer y sometido f\u00edsicamente a los antojos del grupo de carceleros que, se supone, est\u00e1n pagados para cuidarme entre otras cosas. Aunque algo ha debido de pasar en alg\u00fan momento, porque me siento extra\u00f1amente ligero, y con un gran sentimiento de paz. Y eso no tiene sentido, porque lo \u00faltimo que recuerdo ahora mismo es que entraron en la celda los carceleros y recuerdo que me dijeron entre risas: \u201c<strong>ahora te vas a enterar de lo que es denunciar a la polic\u00eda, negro de mierda<\/strong>\u201d. Recuerdo un golpe cerca de mi cabeza y un sonido agudo que precedi\u00f3 a mi p\u00e9rdida de conciencia, y a esta sensaci\u00f3n de felicidad que me embriaga ahora en este estado en el que ya no siento dolor, ni odio o rabia, ni miedo, ni nada negativo. Aquella luz -que veo sin abrir mis ojos- es el lugar al que ahora ya me dirijo&#8230;<\/p>\n\n\n\n<p><strong>Jeffrey Pendleton<\/strong>,&nbsp;<a href=\"http:\/\/www.nydailynews.com\/news\/national\/homeless-man-dies-jail-afford-bail-article-1.2566041\" target=\"_blank\" rel=\"noreferrer noopener\">muerto en un calabozo bajo control del estado<\/a>. USA, a\u00f1o 2016.<\/p>\n","protected":false},"excerpt":{"rendered":"<span class=\"span-reading-time rt-reading-time\" style=\"display: block;\"><span class=\"rt-label rt-prefix\">Tiempo de lectura:<\/span> <span class=\"rt-time\"> 6<\/span> <span class=\"rt-label rt-postfix\">minutos<\/span><\/span>Por Drogoteca Hola, me llamo&nbsp;Jeffrey&nbsp;y soy un negro indigente, sin casa ni trabajo, que no tengo derecho a existir. O tal vez s\u00f3lo tengo derecho a existir si existo sin tener derechos. Eso ha intentado hacerme creer la polic\u00eda a lo largo de mi vida, daba igual d\u00f3nde porque la historia era siempre igual:&nbsp;ellos mandan&nbsp;y [&hellip;]","protected":false},"author":1,"featured_media":3793,"comment_status":"closed","ping_status":"closed","sticky":false,"template":"","format":"standard","meta":{"loftocean-featured-post":"","loftocean_post_format_gallery":"","loftocean_post_format_gallery_ids":"","loftocean_post_format_gallery_urls":"","loftocean_post_format_video_id":"","loftocean_post_format_video_url":"","loftocean_post_format_video_type":"","loftocean_post_format_video":"","loftocean_post_format_audio_type":"","loftocean_post_format_audio_url":"","loftocean_post_format_audio_id":"","loftocean_post_format_audio":"","loftocean_post_format_quote_text":"","loftocean_post_format_quote_byline":"","loftocean_post_format_link_text":"","loftocean_post_format_link_url":"","ceramag_post_header_style":"","ceramag_enable_background_video":"","ceramag_show_in_top_slider":"","ceramag_post_background_video_start":"","ceramag_post_background_video_end":"","loftocean_page_background_video_id":"","loftocean_page_background_video_url":"","loftocean_page_background_video_type":"","loftocean_page_background_video":"","ceramag_background_video_start":"","ceramag_background_video_end":"","ceramag_single_page_hide_header":"","footnotes":""},"categories":[35],"tags":[44,819,657],"class_list":["post-3792","post","type-post","status-publish","format-standard","has-post-thumbnail","hentry","category-politica-y-sociedad","tag-drogas","tag-internacional","tag-legislacion"],"yoast_head":"<!-- This site is optimized with the Yoast SEO plugin v24.9 - https:\/\/yoast.com\/wordpress\/plugins\/seo\/ -->\n<title>Hola, me llamo Jeffrey<\/title>\n<meta name=\"description\" content=\"Entrada &#8226; Portal multimedia sobre cannabis y otras sustancias &#8226; 16 marzo, 2016\" \/>\n<meta name=\"robots\" content=\"index, follow, max-snippet:-1, max-image-preview:large, max-video-preview:-1\" \/>\n<link rel=\"canonical\" href=\"https:\/\/www.cannabis.es\/pw\/2016\/03\/16\/hola-me-llamo-jeffrey\/\" \/>\n<meta name=\"twitter:card\" content=\"summary_large_image\" \/>\n<meta name=\"twitter:title\" content=\"Hola, me llamo Jeffrey\" \/>\n<meta name=\"twitter:description\" content=\"Entrada &#8226; Portal multimedia sobre cannabis y otras sustancias &#8226; 16 marzo, 2016\" \/>\n<meta name=\"twitter:image\" content=\"https:\/\/www.cannabis.es\/pw\/wp-content\/uploads\/2020\/05\/jeffrey_pendleton-1.jpg\" \/>\n<meta name=\"twitter:creator\" content=\"@cannabis_es\" \/>\n<meta name=\"twitter:site\" content=\"@cannabis_es\" \/>\n<meta name=\"twitter:label1\" content=\"Escrito por\" \/>\n\t<meta name=\"twitter:data1\" content=\"Cannabis.es\" \/>\n\t<meta name=\"twitter:label2\" content=\"Tiempo de lectura\" \/>\n\t<meta name=\"twitter:data2\" content=\"8 minutos\" \/>\n<script type=\"application\/ld+json\" class=\"yoast-schema-graph\">{\"@context\":\"https:\/\/schema.org\",\"@graph\":[{\"@type\":\"Article\",\"@id\":\"https:\/\/www.cannabis.es\/pw\/2016\/03\/16\/hola-me-llamo-jeffrey\/#article\",\"isPartOf\":{\"@id\":\"https:\/\/www.cannabis.es\/pw\/2016\/03\/16\/hola-me-llamo-jeffrey\/\"},\"author\":{\"name\":\"Cannabis.es\",\"@id\":\"https:\/\/www.cannabis.es\/pw\/#\/schema\/person\/e2fbd204580cf4fe74c79b82bc447374\"},\"headline\":\"Hola, me llamo Jeffrey\",\"datePublished\":\"2016-03-16T10:35:14+00:00\",\"dateModified\":\"2020-06-06T10:23:24+00:00\",\"mainEntityOfPage\":{\"@id\":\"https:\/\/www.cannabis.es\/pw\/2016\/03\/16\/hola-me-llamo-jeffrey\/\"},\"wordCount\":1652,\"publisher\":{\"@id\":\"https:\/\/www.cannabis.es\/pw\/#organization\"},\"image\":{\"@id\":\"https:\/\/www.cannabis.es\/pw\/2016\/03\/16\/hola-me-llamo-jeffrey\/#primaryimage\"},\"thumbnailUrl\":\"https:\/\/www.cannabis.es\/pw\/wp-content\/uploads\/2020\/05\/jeffrey_pendleton-1.jpg\",\"keywords\":[\"drogas\",\"internacional\",\"legislaci\u00f3n\"],\"articleSection\":[\"Pol\u00edtica y Sociedad\"],\"inLanguage\":\"es\"},{\"@type\":\"WebPage\",\"@id\":\"https:\/\/www.cannabis.es\/pw\/2016\/03\/16\/hola-me-llamo-jeffrey\/\",\"url\":\"https:\/\/www.cannabis.es\/pw\/2016\/03\/16\/hola-me-llamo-jeffrey\/\",\"name\":\"Hola, me llamo Jeffrey\",\"isPartOf\":{\"@id\":\"https:\/\/www.cannabis.es\/pw\/#website\"},\"primaryImageOfPage\":{\"@id\":\"https:\/\/www.cannabis.es\/pw\/2016\/03\/16\/hola-me-llamo-jeffrey\/#primaryimage\"},\"image\":{\"@id\":\"https:\/\/www.cannabis.es\/pw\/2016\/03\/16\/hola-me-llamo-jeffrey\/#primaryimage\"},\"thumbnailUrl\":\"https:\/\/www.cannabis.es\/pw\/wp-content\/uploads\/2020\/05\/jeffrey_pendleton-1.jpg\",\"datePublished\":\"2016-03-16T10:35:14+00:00\",\"dateModified\":\"2020-06-06T10:23:24+00:00\",\"description\":\"Entrada &#8226; Portal multimedia sobre cannabis y otras sustancias &#8226; 16 marzo, 2016\",\"breadcrumb\":{\"@id\":\"https:\/\/www.cannabis.es\/pw\/2016\/03\/16\/hola-me-llamo-jeffrey\/#breadcrumb\"},\"inLanguage\":\"es\",\"potentialAction\":[{\"@type\":\"ReadAction\",\"target\":[\"https:\/\/www.cannabis.es\/pw\/2016\/03\/16\/hola-me-llamo-jeffrey\/\"]}]},{\"@type\":\"ImageObject\",\"inLanguage\":\"es\",\"@id\":\"https:\/\/www.cannabis.es\/pw\/2016\/03\/16\/hola-me-llamo-jeffrey\/#primaryimage\",\"url\":\"https:\/\/www.cannabis.es\/pw\/wp-content\/uploads\/2020\/05\/jeffrey_pendleton-1.jpg\",\"contentUrl\":\"https:\/\/www.cannabis.es\/pw\/wp-content\/uploads\/2020\/05\/jeffrey_pendleton-1.jpg\",\"width\":959,\"height\":475},{\"@type\":\"BreadcrumbList\",\"@id\":\"https:\/\/www.cannabis.es\/pw\/2016\/03\/16\/hola-me-llamo-jeffrey\/#breadcrumb\",\"itemListElement\":[{\"@type\":\"ListItem\",\"position\":1,\"name\":\"Portada\",\"item\":\"http:\/\/www.cannabis.es\/pw\/\"},{\"@type\":\"ListItem\",\"position\":2,\"name\":\"Hola, me llamo Jeffrey\"}]},{\"@type\":\"WebSite\",\"@id\":\"https:\/\/www.cannabis.es\/pw\/#website\",\"url\":\"https:\/\/www.cannabis.es\/pw\/\",\"name\":\"Cannabis\",\"description\":\"Portal multimedia sobre cannabis y otras sustancias\",\"publisher\":{\"@id\":\"https:\/\/www.cannabis.es\/pw\/#organization\"},\"potentialAction\":[{\"@type\":\"SearchAction\",\"target\":{\"@type\":\"EntryPoint\",\"urlTemplate\":\"https:\/\/www.cannabis.es\/pw\/?s={search_term_string}\"},\"query-input\":{\"@type\":\"PropertyValueSpecification\",\"valueRequired\":true,\"valueName\":\"search_term_string\"}}],\"inLanguage\":\"es\"},{\"@type\":\"Organization\",\"@id\":\"https:\/\/www.cannabis.es\/pw\/#organization\",\"name\":\"Cannabis.es\",\"url\":\"https:\/\/www.cannabis.es\/pw\/\",\"logo\":{\"@type\":\"ImageObject\",\"inLanguage\":\"es\",\"@id\":\"https:\/\/www.cannabis.es\/pw\/#\/schema\/logo\/image\/\",\"url\":\"https:\/\/www.cannabis.es\/pw\/wp-content\/uploads\/2019\/04\/cropped-logo_cannabis.png\",\"contentUrl\":\"https:\/\/www.cannabis.es\/pw\/wp-content\/uploads\/2019\/04\/cropped-logo_cannabis.png\",\"width\":361,\"height\":120,\"caption\":\"Cannabis.es\"},\"image\":{\"@id\":\"https:\/\/www.cannabis.es\/pw\/#\/schema\/logo\/image\/\"},\"sameAs\":[\"https:\/\/x.com\/cannabis_es\"]},{\"@type\":\"Person\",\"@id\":\"https:\/\/www.cannabis.es\/pw\/#\/schema\/person\/e2fbd204580cf4fe74c79b82bc447374\",\"name\":\"Cannabis.es\",\"image\":{\"@type\":\"ImageObject\",\"inLanguage\":\"es\",\"@id\":\"https:\/\/www.cannabis.es\/pw\/#\/schema\/person\/image\/\",\"url\":\"https:\/\/secure.gravatar.com\/avatar\/4375b1eb6e272e2e48a4b8a8def52e5f208151f555bb5906da616906ee6dd2e8?s=96&d=mm&r=g\",\"contentUrl\":\"https:\/\/secure.gravatar.com\/avatar\/4375b1eb6e272e2e48a4b8a8def52e5f208151f555bb5906da616906ee6dd2e8?s=96&d=mm&r=g\",\"caption\":\"Cannabis.es\"},\"url\":\"https:\/\/www.cannabis.es\/pw\/author\/cannabis\/\"}]}<\/script>\n<!-- \/ Yoast SEO plugin. -->","yoast_head_json":{"title":"Hola, me llamo Jeffrey","description":"Entrada &#8226; Portal multimedia sobre cannabis y otras sustancias &#8226; 16 marzo, 2016","robots":{"index":"index","follow":"follow","max-snippet":"max-snippet:-1","max-image-preview":"max-image-preview:large","max-video-preview":"max-video-preview:-1"},"canonical":"https:\/\/www.cannabis.es\/pw\/2016\/03\/16\/hola-me-llamo-jeffrey\/","twitter_card":"summary_large_image","twitter_title":"Hola, me llamo Jeffrey","twitter_description":"Entrada &#8226; Portal multimedia sobre cannabis y otras sustancias &#8226; 16 marzo, 2016","twitter_image":"https:\/\/www.cannabis.es\/pw\/wp-content\/uploads\/2020\/05\/jeffrey_pendleton-1.jpg","twitter_creator":"@cannabis_es","twitter_site":"@cannabis_es","twitter_misc":{"Escrito por":"Cannabis.es","Tiempo de lectura":"8 minutos"},"schema":{"@context":"https:\/\/schema.org","@graph":[{"@type":"Article","@id":"https:\/\/www.cannabis.es\/pw\/2016\/03\/16\/hola-me-llamo-jeffrey\/#article","isPartOf":{"@id":"https:\/\/www.cannabis.es\/pw\/2016\/03\/16\/hola-me-llamo-jeffrey\/"},"author":{"name":"Cannabis.es","@id":"https:\/\/www.cannabis.es\/pw\/#\/schema\/person\/e2fbd204580cf4fe74c79b82bc447374"},"headline":"Hola, me llamo Jeffrey","datePublished":"2016-03-16T10:35:14+00:00","dateModified":"2020-06-06T10:23:24+00:00","mainEntityOfPage":{"@id":"https:\/\/www.cannabis.es\/pw\/2016\/03\/16\/hola-me-llamo-jeffrey\/"},"wordCount":1652,"publisher":{"@id":"https:\/\/www.cannabis.es\/pw\/#organization"},"image":{"@id":"https:\/\/www.cannabis.es\/pw\/2016\/03\/16\/hola-me-llamo-jeffrey\/#primaryimage"},"thumbnailUrl":"https:\/\/www.cannabis.es\/pw\/wp-content\/uploads\/2020\/05\/jeffrey_pendleton-1.jpg","keywords":["drogas","internacional","legislaci\u00f3n"],"articleSection":["Pol\u00edtica y Sociedad"],"inLanguage":"es"},{"@type":"WebPage","@id":"https:\/\/www.cannabis.es\/pw\/2016\/03\/16\/hola-me-llamo-jeffrey\/","url":"https:\/\/www.cannabis.es\/pw\/2016\/03\/16\/hola-me-llamo-jeffrey\/","name":"Hola, me llamo Jeffrey","isPartOf":{"@id":"https:\/\/www.cannabis.es\/pw\/#website"},"primaryImageOfPage":{"@id":"https:\/\/www.cannabis.es\/pw\/2016\/03\/16\/hola-me-llamo-jeffrey\/#primaryimage"},"image":{"@id":"https:\/\/www.cannabis.es\/pw\/2016\/03\/16\/hola-me-llamo-jeffrey\/#primaryimage"},"thumbnailUrl":"https:\/\/www.cannabis.es\/pw\/wp-content\/uploads\/2020\/05\/jeffrey_pendleton-1.jpg","datePublished":"2016-03-16T10:35:14+00:00","dateModified":"2020-06-06T10:23:24+00:00","description":"Entrada &#8226; Portal multimedia sobre cannabis y otras sustancias &#8226; 16 marzo, 2016","breadcrumb":{"@id":"https:\/\/www.cannabis.es\/pw\/2016\/03\/16\/hola-me-llamo-jeffrey\/#breadcrumb"},"inLanguage":"es","potentialAction":[{"@type":"ReadAction","target":["https:\/\/www.cannabis.es\/pw\/2016\/03\/16\/hola-me-llamo-jeffrey\/"]}]},{"@type":"ImageObject","inLanguage":"es","@id":"https:\/\/www.cannabis.es\/pw\/2016\/03\/16\/hola-me-llamo-jeffrey\/#primaryimage","url":"https:\/\/www.cannabis.es\/pw\/wp-content\/uploads\/2020\/05\/jeffrey_pendleton-1.jpg","contentUrl":"https:\/\/www.cannabis.es\/pw\/wp-content\/uploads\/2020\/05\/jeffrey_pendleton-1.jpg","width":959,"height":475},{"@type":"BreadcrumbList","@id":"https:\/\/www.cannabis.es\/pw\/2016\/03\/16\/hola-me-llamo-jeffrey\/#breadcrumb","itemListElement":[{"@type":"ListItem","position":1,"name":"Portada","item":"http:\/\/www.cannabis.es\/pw\/"},{"@type":"ListItem","position":2,"name":"Hola, me llamo Jeffrey"}]},{"@type":"WebSite","@id":"https:\/\/www.cannabis.es\/pw\/#website","url":"https:\/\/www.cannabis.es\/pw\/","name":"Cannabis","description":"Portal multimedia sobre cannabis y otras sustancias","publisher":{"@id":"https:\/\/www.cannabis.es\/pw\/#organization"},"potentialAction":[{"@type":"SearchAction","target":{"@type":"EntryPoint","urlTemplate":"https:\/\/www.cannabis.es\/pw\/?s={search_term_string}"},"query-input":{"@type":"PropertyValueSpecification","valueRequired":true,"valueName":"search_term_string"}}],"inLanguage":"es"},{"@type":"Organization","@id":"https:\/\/www.cannabis.es\/pw\/#organization","name":"Cannabis.es","url":"https:\/\/www.cannabis.es\/pw\/","logo":{"@type":"ImageObject","inLanguage":"es","@id":"https:\/\/www.cannabis.es\/pw\/#\/schema\/logo\/image\/","url":"https:\/\/www.cannabis.es\/pw\/wp-content\/uploads\/2019\/04\/cropped-logo_cannabis.png","contentUrl":"https:\/\/www.cannabis.es\/pw\/wp-content\/uploads\/2019\/04\/cropped-logo_cannabis.png","width":361,"height":120,"caption":"Cannabis.es"},"image":{"@id":"https:\/\/www.cannabis.es\/pw\/#\/schema\/logo\/image\/"},"sameAs":["https:\/\/x.com\/cannabis_es"]},{"@type":"Person","@id":"https:\/\/www.cannabis.es\/pw\/#\/schema\/person\/e2fbd204580cf4fe74c79b82bc447374","name":"Cannabis.es","image":{"@type":"ImageObject","inLanguage":"es","@id":"https:\/\/www.cannabis.es\/pw\/#\/schema\/person\/image\/","url":"https:\/\/secure.gravatar.com\/avatar\/4375b1eb6e272e2e48a4b8a8def52e5f208151f555bb5906da616906ee6dd2e8?s=96&d=mm&r=g","contentUrl":"https:\/\/secure.gravatar.com\/avatar\/4375b1eb6e272e2e48a4b8a8def52e5f208151f555bb5906da616906ee6dd2e8?s=96&d=mm&r=g","caption":"Cannabis.es"},"url":"https:\/\/www.cannabis.es\/pw\/author\/cannabis\/"}]}},"_links":{"self":[{"href":"https:\/\/www.cannabis.es\/pw\/wp-json\/wp\/v2\/posts\/3792","targetHints":{"allow":["GET"]}}],"collection":[{"href":"https:\/\/www.cannabis.es\/pw\/wp-json\/wp\/v2\/posts"}],"about":[{"href":"https:\/\/www.cannabis.es\/pw\/wp-json\/wp\/v2\/types\/post"}],"author":[{"embeddable":true,"href":"https:\/\/www.cannabis.es\/pw\/wp-json\/wp\/v2\/users\/1"}],"replies":[{"embeddable":true,"href":"https:\/\/www.cannabis.es\/pw\/wp-json\/wp\/v2\/comments?post=3792"}],"version-history":[{"count":2,"href":"https:\/\/www.cannabis.es\/pw\/wp-json\/wp\/v2\/posts\/3792\/revisions"}],"predecessor-version":[{"id":5301,"href":"https:\/\/www.cannabis.es\/pw\/wp-json\/wp\/v2\/posts\/3792\/revisions\/5301"}],"wp:featuredmedia":[{"embeddable":true,"href":"https:\/\/www.cannabis.es\/pw\/wp-json\/wp\/v2\/media\/3793"}],"wp:attachment":[{"href":"https:\/\/www.cannabis.es\/pw\/wp-json\/wp\/v2\/media?parent=3792"}],"wp:term":[{"taxonomy":"category","embeddable":true,"href":"https:\/\/www.cannabis.es\/pw\/wp-json\/wp\/v2\/categories?post=3792"},{"taxonomy":"post_tag","embeddable":true,"href":"https:\/\/www.cannabis.es\/pw\/wp-json\/wp\/v2\/tags?post=3792"}],"curies":[{"name":"wp","href":"https:\/\/api.w.org\/{rel}","templated":true}]}}