{"id":3857,"date":"2016-02-26T12:15:00","date_gmt":"2016-02-26T11:15:00","guid":{"rendered":"http:\/\/www.cannabis.es\/pw\/?p=3857"},"modified":"2020-05-25T12:15:59","modified_gmt":"2020-05-25T10:15:59","slug":"school-of-activism-2","status":"publish","type":"post","link":"https:\/\/www.cannabis.es\/pw\/2016\/02\/26\/school-of-activism-2\/","title":{"rendered":"School of Activism 2"},"content":{"rendered":"\n<p>Nueva velada del proyecto \u201c<strong>School of Activism<\/strong>\u201d organizada por la Asociaci\u00f3n de Estudios del Cannabis&nbsp;<strong>Assonabis<\/strong>, en Castell\u00f3n.<\/p>\n\n\n\n<hr class=\"wp-block-separator\"\/>\n\n\n\n<p>En esta ocasi\u00f3n los invitados a estas charlas cann\u00e1bicas, han invitado a dos aut\u00e9nticos referentes del panorama nacional en lo que a activismo se refiere.<\/p>\n\n\n\n<p>Por un lado, contar\u00e1n con la visita de&nbsp;<strong>Esteban Ibarra<\/strong>, fundador y presidente de la ONG m\u00e1s importante en Espa\u00f1a en la lucha contra el racismo, la intolerancia y la violencia,&nbsp;<a href=\"http:\/\/www.movimientocontralaintolerancia.com\/\" target=\"_blank\" rel=\"noreferrer noopener\"><strong>Movimiento Contra La Intolerancia<\/strong><\/a>.<br>Y por otro lado, otro emblema del activismo, como es&nbsp;<strong>Mart\u00edn Barriuso<\/strong>, fundador de la<a href=\"http:\/\/www.fac.cc\/\" target=\"_blank\" rel=\"noreferrer noopener\"><strong>Federaci\u00f3n de Asociaciones Cann\u00e1bicas<\/strong><\/a>&nbsp;y del CSC&nbsp;<a href=\"http:\/\/pannagh.org\/\" target=\"_blank\" rel=\"noreferrer noopener\"><strong>Pannagh<\/strong><\/a>.<\/p>\n\n\n\n<p>Bajo el lema \u201c<strong>El prohibicionismo es intolerancia hacia los usuarios<\/strong>\u201d, y con la presencia de&nbsp;<strong>Juan Carlos Us\u00f3<\/strong>&nbsp;como moderador, la charla promete abordar temas muy interesantes y de actualidad como el reciente caso del&nbsp;<a href=\"https:\/\/www.cannabis.es\/web\/features\/entrevistas\/325-la-maca-no-chapa\" target=\"_blank\" rel=\"noreferrer noopener\">cierre cautelar de&nbsp;<strong>La Maca<\/strong><\/a>&nbsp;en Barcelona, la Ley Mordaza, y la convulsa escena de los CSC en nuestro pa\u00eds.<\/p>\n\n\n\n<p>\u201c<em><strong>Estamos viviendo un momento hist\u00f3rico marcado por una dura represi\u00f3n de las instituciones en contra del movimiento cann\u00e1bico y de los Cannabis Social Club, que acaba de golpear al mism\u00edsimo Mart\u00edn Barriuso con la \u201csentencia Pannagh\u201d y que lo condena a casi 2 a\u00f1os de prisi\u00f3n y 250.000\u20ac.<\/strong><\/em><br><em><strong>Ante este nuevo escenario, el discriminado colectivo de usuarios de cannabis debe sacar pecho y enfrentarse a nuevos retos, ampliando su horizonte de alianzas sociales y enfocando la lucha en t\u00e9rminos de igualdad de derechos, libertad y tolerancia para todos.<\/strong><\/em>\u201d<\/p>\n\n\n\n<p>Ser\u00e1 el lunes 7 de Marzo a partir de las 20h30 en la sede de Assonabis en Castell\u00f3n. Se retransmitir\u00e1 en directo a trav\u00e9s de&nbsp;<a href=\"https:\/\/periscope.tv\/\" target=\"_blank\" rel=\"noreferrer noopener\">Periscope<\/a>&nbsp;y&nbsp;<a href=\"https:\/\/www.youtube.com\/channel\/UCQgNlQZptJPSqop8ZM_Y3lA\" target=\"_blank\" rel=\"noreferrer noopener\">Youtube<\/a>&nbsp;(en el canal de&nbsp;<strong>Assonabis<\/strong>), para que todos aquellos que no pod\u00e1is acercaros hasta all\u00ed, al menos pod\u00e1is disfrutar de la charla desde vuestras casas\u2026<\/p>\n\n\n\n<figure class=\"wp-block-embed-wordpress wp-block-embed is-type-wp-embed is-provider-assonabis\"><div class=\"wp-block-embed__wrapper\">\n<blockquote class=\"wp-embedded-content\" data-secret=\"dBiqLGwLWr\"><a href=\"http:\/\/www.assonabis.com\/\">Home<\/a><\/blockquote><iframe loading=\"lazy\" class=\"wp-embedded-content\" sandbox=\"allow-scripts\" security=\"restricted\" style=\"position: absolute; clip: rect(1px, 1px, 1px, 1px);\" src=\"http:\/\/www.assonabis.com\/embed\/#?secret=dBiqLGwLWr\" data-secret=\"dBiqLGwLWr\" width=\"600\" height=\"338\" title=\"&#171;Home&#187; &#8212; Assonabis\" frameborder=\"0\" marginwidth=\"0\" marginheight=\"0\" scrolling=\"no\"><\/iframe>\n<\/div><\/figure>\n","protected":false},"excerpt":{"rendered":"<span class=\"span-reading-time rt-reading-time\" style=\"display: block;\"><span class=\"rt-label rt-prefix\">Tiempo de lectura:<\/span> <span class=\"rt-time\"> &lt; 1<\/span> <span class=\"rt-label rt-postfix\">minuto<\/span><\/span>Nueva velada del proyecto \u201cSchool of Activism\u201d organizada por la Asociaci\u00f3n de Estudios del Cannabis&nbsp;Assonabis, en Castell\u00f3n. En esta ocasi\u00f3n los invitados a estas charlas cann\u00e1bicas, han invitado a dos aut\u00e9nticos referentes del panorama nacional en lo que a activismo se refiere. Por un lado, contar\u00e1n con la visita de&nbsp;Esteban Ibarra, fundador y presidente de [&hellip;]","protected":false},"author":1,"featured_media":3858,"comment_status":"closed","ping_status":"closed","sticky":false,"template":"","format":"standard","meta":{"loftocean-featured-post":"","loftocean_post_format_gallery":"","loftocean_post_format_gallery_ids":"","loftocean_post_format_gallery_urls":"","loftocean_post_format_video_id":"","loftocean_post_format_video_url":"","loftocean_post_format_video_type":"","loftocean_post_format_video":"","loftocean_post_format_audio_type":"","loftocean_post_format_audio_url":"","loftocean_post_format_audio_id":"","loftocean_post_format_audio":"","loftocean_post_format_quote_text":"","loftocean_post_format_quote_byline":"","loftocean_post_format_link_text":"","loftocean_post_format_link_url":"","ceramag_post_header_style":"","ceramag_enable_background_video":"","ceramag_show_in_top_slider":"","ceramag_post_background_video_start":"","ceramag_post_background_video_end":"","loftocean_page_background_video_id":"","loftocean_page_background_video_url":"","loftocean_page_background_video_type":"","loftocean_page_background_video":"","ceramag_background_video_start":"","ceramag_background_video_end":"","ceramag_single_page_hide_header":"","footnotes":""},"categories":[35],"tags":[490,41],"class_list":["post-3857","post","type-post","status-publish","format-standard","has-post-thumbnail","hentry","category-politica-y-sociedad","tag-activismo","tag-cannabis"],"yoast_head":"<!-- This site is optimized with the Yoast SEO plugin v24.9 - https:\/\/yoast.com\/wordpress\/plugins\/seo\/ -->\n<title>School of Activism 2<\/title>\n<meta name=\"description\" content=\"Entrada &#8226; Portal multimedia sobre cannabis y otras sustancias &#8226; 26 febrero, 2016\" \/>\n<meta name=\"robots\" content=\"index, follow, max-snippet:-1, max-image-preview:large, max-video-preview:-1\" \/>\n<link rel=\"canonical\" href=\"https:\/\/www.cannabis.es\/pw\/2016\/02\/26\/school-of-activism-2\/\" \/>\n<meta name=\"twitter:card\" content=\"summary_large_image\" \/>\n<meta name=\"twitter:title\" content=\"School of Activism 2\" \/>\n<meta name=\"twitter:description\" content=\"Entrada &#8226; Portal multimedia sobre cannabis y otras sustancias &#8226; 26 febrero, 2016\" \/>\n<meta name=\"twitter:image\" content=\"https:\/\/www.cannabis.es\/pw\/wp-content\/uploads\/2020\/05\/assonabis_school2.jpg\" \/>\n<meta name=\"twitter:creator\" content=\"@cannabis_es\" \/>\n<meta name=\"twitter:site\" content=\"@cannabis_es\" \/>\n<meta name=\"twitter:label1\" content=\"Escrito por\" \/>\n\t<meta name=\"twitter:data1\" content=\"Cannabis.es\" \/>\n\t<meta name=\"twitter:label2\" content=\"Tiempo de lectura\" \/>\n\t<meta name=\"twitter:data2\" content=\"2 minutos\" \/>\n<script type=\"application\/ld+json\" class=\"yoast-schema-graph\">{\"@context\":\"https:\/\/schema.org\",\"@graph\":[{\"@type\":\"Article\",\"@id\":\"https:\/\/www.cannabis.es\/pw\/2016\/02\/26\/school-of-activism-2\/#article\",\"isPartOf\":{\"@id\":\"https:\/\/www.cannabis.es\/pw\/2016\/02\/26\/school-of-activism-2\/\"},\"author\":{\"name\":\"Cannabis.es\",\"@id\":\"https:\/\/www.cannabis.es\/pw\/#\/schema\/person\/e2fbd204580cf4fe74c79b82bc447374\"},\"headline\":\"School of Activism 2\",\"datePublished\":\"2016-02-26T11:15:00+00:00\",\"dateModified\":\"2020-05-25T10:15:59+00:00\",\"mainEntityOfPage\":{\"@id\":\"https:\/\/www.cannabis.es\/pw\/2016\/02\/26\/school-of-activism-2\/\"},\"wordCount\":341,\"publisher\":{\"@id\":\"https:\/\/www.cannabis.es\/pw\/#organization\"},\"image\":{\"@id\":\"https:\/\/www.cannabis.es\/pw\/2016\/02\/26\/school-of-activism-2\/#primaryimage\"},\"thumbnailUrl\":\"https:\/\/www.cannabis.es\/pw\/wp-content\/uploads\/2020\/05\/assonabis_school2.jpg\",\"keywords\":[\"activismo\",\"cannabis\"],\"articleSection\":[\"Pol\u00edtica y Sociedad\"],\"inLanguage\":\"es\"},{\"@type\":\"WebPage\",\"@id\":\"https:\/\/www.cannabis.es\/pw\/2016\/02\/26\/school-of-activism-2\/\",\"url\":\"https:\/\/www.cannabis.es\/pw\/2016\/02\/26\/school-of-activism-2\/\",\"name\":\"School of Activism 2\",\"isPartOf\":{\"@id\":\"https:\/\/www.cannabis.es\/pw\/#website\"},\"primaryImageOfPage\":{\"@id\":\"https:\/\/www.cannabis.es\/pw\/2016\/02\/26\/school-of-activism-2\/#primaryimage\"},\"image\":{\"@id\":\"https:\/\/www.cannabis.es\/pw\/2016\/02\/26\/school-of-activism-2\/#primaryimage\"},\"thumbnailUrl\":\"https:\/\/www.cannabis.es\/pw\/wp-content\/uploads\/2020\/05\/assonabis_school2.jpg\",\"datePublished\":\"2016-02-26T11:15:00+00:00\",\"dateModified\":\"2020-05-25T10:15:59+00:00\",\"description\":\"Entrada &#8226; Portal multimedia sobre cannabis y otras sustancias &#8226; 26 febrero, 2016\",\"breadcrumb\":{\"@id\":\"https:\/\/www.cannabis.es\/pw\/2016\/02\/26\/school-of-activism-2\/#breadcrumb\"},\"inLanguage\":\"es\",\"potentialAction\":[{\"@type\":\"ReadAction\",\"target\":[\"https:\/\/www.cannabis.es\/pw\/2016\/02\/26\/school-of-activism-2\/\"]}]},{\"@type\":\"ImageObject\",\"inLanguage\":\"es\",\"@id\":\"https:\/\/www.cannabis.es\/pw\/2016\/02\/26\/school-of-activism-2\/#primaryimage\",\"url\":\"https:\/\/www.cannabis.es\/pw\/wp-content\/uploads\/2020\/05\/assonabis_school2.jpg\",\"contentUrl\":\"https:\/\/www.cannabis.es\/pw\/wp-content\/uploads\/2020\/05\/assonabis_school2.jpg\",\"width\":959,\"height\":475},{\"@type\":\"BreadcrumbList\",\"@id\":\"https:\/\/www.cannabis.es\/pw\/2016\/02\/26\/school-of-activism-2\/#breadcrumb\",\"itemListElement\":[{\"@type\":\"ListItem\",\"position\":1,\"name\":\"Portada\",\"item\":\"http:\/\/www.cannabis.es\/pw\/\"},{\"@type\":\"ListItem\",\"position\":2,\"name\":\"School of Activism 2\"}]},{\"@type\":\"WebSite\",\"@id\":\"https:\/\/www.cannabis.es\/pw\/#website\",\"url\":\"https:\/\/www.cannabis.es\/pw\/\",\"name\":\"Cannabis\",\"description\":\"Portal multimedia sobre cannabis y otras sustancias\",\"publisher\":{\"@id\":\"https:\/\/www.cannabis.es\/pw\/#organization\"},\"potentialAction\":[{\"@type\":\"SearchAction\",\"target\":{\"@type\":\"EntryPoint\",\"urlTemplate\":\"https:\/\/www.cannabis.es\/pw\/?s={search_term_string}\"},\"query-input\":{\"@type\":\"PropertyValueSpecification\",\"valueRequired\":true,\"valueName\":\"search_term_string\"}}],\"inLanguage\":\"es\"},{\"@type\":\"Organization\",\"@id\":\"https:\/\/www.cannabis.es\/pw\/#organization\",\"name\":\"Cannabis.es\",\"url\":\"https:\/\/www.cannabis.es\/pw\/\",\"logo\":{\"@type\":\"ImageObject\",\"inLanguage\":\"es\",\"@id\":\"https:\/\/www.cannabis.es\/pw\/#\/schema\/logo\/image\/\",\"url\":\"https:\/\/www.cannabis.es\/pw\/wp-content\/uploads\/2019\/04\/cropped-logo_cannabis.png\",\"contentUrl\":\"https:\/\/www.cannabis.es\/pw\/wp-content\/uploads\/2019\/04\/cropped-logo_cannabis.png\",\"width\":361,\"height\":120,\"caption\":\"Cannabis.es\"},\"image\":{\"@id\":\"https:\/\/www.cannabis.es\/pw\/#\/schema\/logo\/image\/\"},\"sameAs\":[\"https:\/\/x.com\/cannabis_es\"]},{\"@type\":\"Person\",\"@id\":\"https:\/\/www.cannabis.es\/pw\/#\/schema\/person\/e2fbd204580cf4fe74c79b82bc447374\",\"name\":\"Cannabis.es\",\"image\":{\"@type\":\"ImageObject\",\"inLanguage\":\"es\",\"@id\":\"https:\/\/www.cannabis.es\/pw\/#\/schema\/person\/image\/\",\"url\":\"https:\/\/secure.gravatar.com\/avatar\/4375b1eb6e272e2e48a4b8a8def52e5f208151f555bb5906da616906ee6dd2e8?s=96&d=mm&r=g\",\"contentUrl\":\"https:\/\/secure.gravatar.com\/avatar\/4375b1eb6e272e2e48a4b8a8def52e5f208151f555bb5906da616906ee6dd2e8?s=96&d=mm&r=g\",\"caption\":\"Cannabis.es\"},\"url\":\"https:\/\/www.cannabis.es\/pw\/author\/cannabis\/\"}]}<\/script>\n<!-- \/ Yoast SEO plugin. -->","yoast_head_json":{"title":"School of Activism 2","description":"Entrada &#8226; Portal multimedia sobre cannabis y otras sustancias &#8226; 26 febrero, 2016","robots":{"index":"index","follow":"follow","max-snippet":"max-snippet:-1","max-image-preview":"max-image-preview:large","max-video-preview":"max-video-preview:-1"},"canonical":"https:\/\/www.cannabis.es\/pw\/2016\/02\/26\/school-of-activism-2\/","twitter_card":"summary_large_image","twitter_title":"School of Activism 2","twitter_description":"Entrada &#8226; Portal multimedia sobre cannabis y otras sustancias &#8226; 26 febrero, 2016","twitter_image":"https:\/\/www.cannabis.es\/pw\/wp-content\/uploads\/2020\/05\/assonabis_school2.jpg","twitter_creator":"@cannabis_es","twitter_site":"@cannabis_es","twitter_misc":{"Escrito por":"Cannabis.es","Tiempo de lectura":"2 minutos"},"schema":{"@context":"https:\/\/schema.org","@graph":[{"@type":"Article","@id":"https:\/\/www.cannabis.es\/pw\/2016\/02\/26\/school-of-activism-2\/#article","isPartOf":{"@id":"https:\/\/www.cannabis.es\/pw\/2016\/02\/26\/school-of-activism-2\/"},"author":{"name":"Cannabis.es","@id":"https:\/\/www.cannabis.es\/pw\/#\/schema\/person\/e2fbd204580cf4fe74c79b82bc447374"},"headline":"School of Activism 2","datePublished":"2016-02-26T11:15:00+00:00","dateModified":"2020-05-25T10:15:59+00:00","mainEntityOfPage":{"@id":"https:\/\/www.cannabis.es\/pw\/2016\/02\/26\/school-of-activism-2\/"},"wordCount":341,"publisher":{"@id":"https:\/\/www.cannabis.es\/pw\/#organization"},"image":{"@id":"https:\/\/www.cannabis.es\/pw\/2016\/02\/26\/school-of-activism-2\/#primaryimage"},"thumbnailUrl":"https:\/\/www.cannabis.es\/pw\/wp-content\/uploads\/2020\/05\/assonabis_school2.jpg","keywords":["activismo","cannabis"],"articleSection":["Pol\u00edtica y Sociedad"],"inLanguage":"es"},{"@type":"WebPage","@id":"https:\/\/www.cannabis.es\/pw\/2016\/02\/26\/school-of-activism-2\/","url":"https:\/\/www.cannabis.es\/pw\/2016\/02\/26\/school-of-activism-2\/","name":"School of Activism 2","isPartOf":{"@id":"https:\/\/www.cannabis.es\/pw\/#website"},"primaryImageOfPage":{"@id":"https:\/\/www.cannabis.es\/pw\/2016\/02\/26\/school-of-activism-2\/#primaryimage"},"image":{"@id":"https:\/\/www.cannabis.es\/pw\/2016\/02\/26\/school-of-activism-2\/#primaryimage"},"thumbnailUrl":"https:\/\/www.cannabis.es\/pw\/wp-content\/uploads\/2020\/05\/assonabis_school2.jpg","datePublished":"2016-02-26T11:15:00+00:00","dateModified":"2020-05-25T10:15:59+00:00","description":"Entrada &#8226; Portal multimedia sobre cannabis y otras sustancias &#8226; 26 febrero, 2016","breadcrumb":{"@id":"https:\/\/www.cannabis.es\/pw\/2016\/02\/26\/school-of-activism-2\/#breadcrumb"},"inLanguage":"es","potentialAction":[{"@type":"ReadAction","target":["https:\/\/www.cannabis.es\/pw\/2016\/02\/26\/school-of-activism-2\/"]}]},{"@type":"ImageObject","inLanguage":"es","@id":"https:\/\/www.cannabis.es\/pw\/2016\/02\/26\/school-of-activism-2\/#primaryimage","url":"https:\/\/www.cannabis.es\/pw\/wp-content\/uploads\/2020\/05\/assonabis_school2.jpg","contentUrl":"https:\/\/www.cannabis.es\/pw\/wp-content\/uploads\/2020\/05\/assonabis_school2.jpg","width":959,"height":475},{"@type":"BreadcrumbList","@id":"https:\/\/www.cannabis.es\/pw\/2016\/02\/26\/school-of-activism-2\/#breadcrumb","itemListElement":[{"@type":"ListItem","position":1,"name":"Portada","item":"http:\/\/www.cannabis.es\/pw\/"},{"@type":"ListItem","position":2,"name":"School of Activism 2"}]},{"@type":"WebSite","@id":"https:\/\/www.cannabis.es\/pw\/#website","url":"https:\/\/www.cannabis.es\/pw\/","name":"Cannabis","description":"Portal multimedia sobre cannabis y otras sustancias","publisher":{"@id":"https:\/\/www.cannabis.es\/pw\/#organization"},"potentialAction":[{"@type":"SearchAction","target":{"@type":"EntryPoint","urlTemplate":"https:\/\/www.cannabis.es\/pw\/?s={search_term_string}"},"query-input":{"@type":"PropertyValueSpecification","valueRequired":true,"valueName":"search_term_string"}}],"inLanguage":"es"},{"@type":"Organization","@id":"https:\/\/www.cannabis.es\/pw\/#organization","name":"Cannabis.es","url":"https:\/\/www.cannabis.es\/pw\/","logo":{"@type":"ImageObject","inLanguage":"es","@id":"https:\/\/www.cannabis.es\/pw\/#\/schema\/logo\/image\/","url":"https:\/\/www.cannabis.es\/pw\/wp-content\/uploads\/2019\/04\/cropped-logo_cannabis.png","contentUrl":"https:\/\/www.cannabis.es\/pw\/wp-content\/uploads\/2019\/04\/cropped-logo_cannabis.png","width":361,"height":120,"caption":"Cannabis.es"},"image":{"@id":"https:\/\/www.cannabis.es\/pw\/#\/schema\/logo\/image\/"},"sameAs":["https:\/\/x.com\/cannabis_es"]},{"@type":"Person","@id":"https:\/\/www.cannabis.es\/pw\/#\/schema\/person\/e2fbd204580cf4fe74c79b82bc447374","name":"Cannabis.es","image":{"@type":"ImageObject","inLanguage":"es","@id":"https:\/\/www.cannabis.es\/pw\/#\/schema\/person\/image\/","url":"https:\/\/secure.gravatar.com\/avatar\/4375b1eb6e272e2e48a4b8a8def52e5f208151f555bb5906da616906ee6dd2e8?s=96&d=mm&r=g","contentUrl":"https:\/\/secure.gravatar.com\/avatar\/4375b1eb6e272e2e48a4b8a8def52e5f208151f555bb5906da616906ee6dd2e8?s=96&d=mm&r=g","caption":"Cannabis.es"},"url":"https:\/\/www.cannabis.es\/pw\/author\/cannabis\/"}]}},"_links":{"self":[{"href":"https:\/\/www.cannabis.es\/pw\/wp-json\/wp\/v2\/posts\/3857","targetHints":{"allow":["GET"]}}],"collection":[{"href":"https:\/\/www.cannabis.es\/pw\/wp-json\/wp\/v2\/posts"}],"about":[{"href":"https:\/\/www.cannabis.es\/pw\/wp-json\/wp\/v2\/types\/post"}],"author":[{"embeddable":true,"href":"https:\/\/www.cannabis.es\/pw\/wp-json\/wp\/v2\/users\/1"}],"replies":[{"embeddable":true,"href":"https:\/\/www.cannabis.es\/pw\/wp-json\/wp\/v2\/comments?post=3857"}],"version-history":[{"count":1,"href":"https:\/\/www.cannabis.es\/pw\/wp-json\/wp\/v2\/posts\/3857\/revisions"}],"predecessor-version":[{"id":3859,"href":"https:\/\/www.cannabis.es\/pw\/wp-json\/wp\/v2\/posts\/3857\/revisions\/3859"}],"wp:featuredmedia":[{"embeddable":true,"href":"https:\/\/www.cannabis.es\/pw\/wp-json\/wp\/v2\/media\/3858"}],"wp:attachment":[{"href":"https:\/\/www.cannabis.es\/pw\/wp-json\/wp\/v2\/media?parent=3857"}],"wp:term":[{"taxonomy":"category","embeddable":true,"href":"https:\/\/www.cannabis.es\/pw\/wp-json\/wp\/v2\/categories?post=3857"},{"taxonomy":"post_tag","embeddable":true,"href":"https:\/\/www.cannabis.es\/pw\/wp-json\/wp\/v2\/tags?post=3857"}],"curies":[{"name":"wp","href":"https:\/\/api.w.org\/{rel}","templated":true}]}}