{"id":3867,"date":"2016-02-24T12:18:40","date_gmt":"2016-02-24T11:18:40","guid":{"rendered":"http:\/\/www.cannabis.es\/pw\/?p=3867"},"modified":"2020-06-06T13:53:39","modified_gmt":"2020-06-06T11:53:39","slug":"carta-abierta-al-forense-javier-alarcon-de-alcaraz","status":"publish","type":"post","link":"https:\/\/www.cannabis.es\/pw\/2016\/02\/24\/carta-abierta-al-forense-javier-alarcon-de-alcaraz\/","title":{"rendered":"Carta abierta al forense Javier Alarc\u00f3n de Alcaraz"},"content":{"rendered":"\n<p>Por Drogoteca<\/p>\n\n\n\n<p>Hola Javier, buenos d\u00edas. He tenido hace unos minutos la oportunidad de leer el texto que ayer publicabas, titulado \u201c<a href=\"http:\/\/www.saludediciones.com\/2016\/02\/23\/los-canutos-de-podemos\/\" target=\"_blank\" rel=\"noreferrer noopener\"><strong>Los canutos de Podemos<\/strong><\/a>\u201d, y a\u00fan estoy en shock tras empaparme de tu an\u00e1lisis.<\/p>\n\n\n\n<hr class=\"wp-block-separator\"\/>\n\n\n\n<p>Lo mejor de todo es que t\u00fa s\u00ed tienes una carrera de medicina, para poder saber de qu\u00e9 hablas cuando hablas del cannabis, y no esos perroflautas porreros que son los que est\u00e1n dispuestos a tomar nuestras se\u00f1eras instituciones al asalto.<\/p>\n\n\n\n<p>\u00a1No pasar\u00e1n! \u00a1Javier, amigo, d\u00e9jame ser tu General Neville mientras t\u00fa eres mi mariscal P\u00e9tain! Ambos luchando contra el enemigo -hasta la victoria siempre- mano a mano en nuestro particular Verd\u00fan, bajo la lluvia de obuses enemigos y cogidos de la manita en el barro de la trinchera prohibicionista.<\/p>\n\n\n\n<p>\u00a1Da igual que las hordas de los talibanes cann\u00e1bicos y sus apestosos cigarritos de la risa nos apedreen en Twitter! \u00a1Da igual que el ej\u00e9rcito de activistas cann\u00e1bicos de&nbsp;<strong>Podemos<\/strong>&nbsp;(\u00bflo cualo?) venga a hacernos escraches con humo psicoactivo! \u00a1No pasar\u00e1n!<\/p>\n\n\n\n<p>Como no quiero dejarme nada en el tintero, voy a seguir el presunto orden expositivo de tu texto para que veas que realmente me tomo muy en serio lo que dices, no sin antes declarar que a m\u00ed tampoco me gustan mucho los tipos con coleta, empezando por m\u00ed mismo. No me gusta Podemos en general, ni las opciones \u201c<em>de izquierdas<\/em>\u201d ya que tengo alergia a los colectivismos forzosos. Tampoco me gustan las opciones \u201c<em>de derechas<\/em>\u201d porque tengo alergia al clasismo snob de los feudo-liberales con pasi\u00f3n por volver a la Edad Media. Vamos, que soy un hu\u00e9rfano pol\u00edtico carente de ideolog\u00eda concreta, as\u00ed que no hace falta que me busques el carn\u00e9 del partido porque no tengo.<\/p>\n\n\n\n<p>Lo primero, veo que toda esa diarrea que te aflige ha sido causada por un pacto -entiendo que de car\u00e1cter pol\u00edtico- y su intenci\u00f3n de crear \u201c<strong>una ponencia para estudiar el uso terap\u00e9utico del cannabis<\/strong>\u201d. \u00bfQu\u00e9 problema tienes con ello? \u00bfNo eras m\u00e9dico? Ah no, que eres un mercachifle del papeleo forense y que a ti s\u00f3lo te dejan jugar con cad\u00e1veres mayormente, como medida de protecci\u00f3n de ese valuable ente que es la salud p\u00fablica. Es igual, no te preocupes que yo te sigo explicando, que te hace mucha falta, Javichi.<\/p>\n\n\n\n<p>Veo que te preocupa que el objetivo de ese paso pol\u00edtico sea en realidad un ardid de los de&nbsp;<strong>Pablo Iglesias<\/strong>&nbsp;para poder auto-abastecerse de auto-cultivos para su auto-consumo. Y ya se te escapa la primera flatulencia por esa boquita halit\u00f3sica que te gastas: \u00bfllamas&nbsp;<strong>gentuza<\/strong>&nbsp;a los representantes pol\u00edticos electos por el pueblo? Mal, eso no se hace, Javichi. No se hace cuando tienes tu currito -con designaci\u00f3n digital, a dedazo- en el que debes pronunciarte legalmente y ante el juez en los diversos casos que tengan la desgracia de pasar por tus manos. \u00bfNo lo ves inapropiado? En fin, no vamos a atascarnos en la primera piedra. Continuemos.<\/p>\n\n\n\n<p>Dices que se pretende el consumo generalizado de cannabis en \u201cvuestra\u201d plaza y convertir Baleares en un destino mundial para esos&nbsp;<strong>enfermos \u201cno enfermos\u201d<\/strong>&nbsp;-como t\u00fa bien indicas- que son adictos al cannabis. Ojal\u00e1 Baleares pudiera aspirar a algo as\u00ed, en lugar de a albergar una estructura de organizaci\u00f3n criminal bajo apariencia de cargos pol\u00edticos y funcionariado (como t\u00fa). Ser\u00eda un estupendo proyecto de desarrollo, ecosostenible y positivo para todo su entorno, que no causar\u00eda ni la mil\u00e9sima parte de las molestias y los da\u00f1os, heridos y muertos incluidos, que causa el alcohol en Baleares.<\/p>\n\n\n\n<p>A todo esto \u00bfno fue en Baleares, concretamente en Mallorca, donde&nbsp;<a href=\"http:\/\/www.elmundo.es\/baleares\/2014\/02\/24\/530b2555ca4741d5388b4570.html\" target=\"_blank\" rel=\"noreferrer noopener\">2 polic\u00edas nacionales borrachos<\/a>&nbsp;-uno el jefe de la unidad de delincuencia organizada y otro un madero m\u00e1s- atropellaron y mataron, delante de su marido, a una turista alemana que iba en bicicleta y se dieron a la fuga? Qu\u00e9 malo es el cannabis, \u00bfeh Javichi?<\/p>\n\n\n\n<p>Parece que te emociona un futuro en el que un m\u00e9dico como t\u00fa pudiera prescribir (\u00bfpero te dejan?) cannabis (\u201c<em><strong>a sus se\u00f1or\u00edas<\/strong><\/em>\u201d dices, debe ser que s\u00f3lo trabajas con clientela selecta). Tranquilo, es lo que viene, lento pero seguro, y a lo mejor llegas a verlo antes de que evolucione m\u00e1s tu enfermedad y acabes en una esquina institucionalmente acolchada, balance\u00e1ndote babeante sobre tu trasero.<\/p>\n\n\n\n<p>Te parece una burrada, merecedora de censura ni m\u00e1s ni menos, que se pretenda estudiar una droga \u201cde abuso\u201d seg\u00fan la OMS. \u00bfDe verdad que hiciste una carrera de Medicina? \u00bfNo te lo habr\u00e1s hecho como hizo el m\u00edtico Roldan, que se curr\u00f3 sus t\u00edtulos con el photoshop? E inmediatamente -a falta de argumento alguno- saltas a que te hace mucha gracia el uso del \u201c<strong>auto<\/strong>\u201d en lo referido a cultivo y consumo. Pues mira, ah\u00ed te voy a dar la raz\u00f3n: yo tambi\u00e9n creo que es un uso incorrecto del lenguaje. Pero al mismo tiempo soy consciente de que el lenguaje es aquello que nosotros hacemos al comunicarnos, siendo el\u00e1stico y cambiante. Me dir\u00e1s que si acaso soy licenciado en Filolog\u00eda Hisp\u00e1nica para hacer semejantes observaciones, y no, no lo soy. Aunque seguro que tampoco lo son los redactores de la sentencia del supremazo contra el cannabis, miembros todos del&nbsp;<strong>Tribunal Supremo<\/strong>&nbsp;y que, para tu hilaridad hebefr\u00e9nica usa tambi\u00e9n dichos t\u00e9rminos en la sentencia referida.<\/p>\n\n\n\n<p><br>En concreto el Tribunal Supremo en dicha sentencia, usa los t\u00e9rminos \u201c<strong>autoconsumo<\/strong>\u201d (en repetidas ocasiones), \u201c<strong>autoabastecen<\/strong>\u201d, \u201c<strong>autoconsumidor<\/strong>\u201d, \u201c<strong>autogestionario<\/strong>\u201d, \u201c<strong>autogesti\u00f3n<\/strong>\u201d, \u201c<strong>autocultivo<\/strong>\u201d, \u201c<strong>autosuministro<\/strong>\u201d. \u00a1Mira que son perroflautas neologistas estos togados locos del Supremo, eh forense? \u00bfO es que los jueces del Tribunal Supremo est\u00e1n fumados? Eso lo afirmar\u00e1s desde tu dilatado bagaje como forense, \u00bfno? Y menos mal que ya est\u00e1s t\u00fa para enmendarles la plana: \u00a1\u00a1que eres tertuliano en la radio, ojito que muerdes!!<\/p>\n\n\n\n<p>Luego en tu texto entramos en la parte m\u00e1s copr\u00f3fila de tu pensamiento, y te conviertes en un surtidor de esti\u00e9rcol al tener que recurrir a la falacia \u201c<em>ad hominem<\/em>\u201d m\u00e1s pobre y triste, llamando \u201c<strong>pobres<\/strong>\u201d a esos que tomas por contrincantes. Ufff, un poco heavy la cosa, \u00bfno? Atacar a alguien por que no tenga o no haya tenido dinero, denota resentimiento, pobreza espiritual y muy poca clase, forense. Ah\u00ed realmente te has dejado ver&#8230;<\/p>\n\n\n\n<p>\u00bfCuando tiene que emitir un dictamen, se pregunta tambi\u00e9n cu\u00e1nto dinero tiene cada una de las partes interesadas en \u00e9l? Esas cosas son las que tu texto me hace realmente preguntarme.<\/p>\n\n\n\n<div class=\"wp-block-image\"><figure class=\"aligncenter\"><img decoding=\"async\" src=\"https:\/\/www.cannabis.es\/web\/images\/forense.jpg\" alt=\"forense\"\/><\/figure><\/div>\n\n\n\n<p>Ya me han advertido de que eres un polemista de los medios locales, al estilo Inda pero con menos luces todav\u00eda (y ya es jodido). Debo reconocer que Pablo Iglesias la clav\u00f3 el d\u00eda que llam\u00f3 \u201c<strong>Pantuflo<\/strong>\u201d a Inda en TV. Pocos personajes del imaginario colectivo hispano encajan tan bien en la representaci\u00f3n de lo rancio e hip\u00f3crita. \u00bfAspiras a ser como \u00e9l o quieres llegar a ser como el repugnante&nbsp;<strong>Salvador Sostres<\/strong>? Es que yo te veo maneras y, lo mismo, como cuando el tonto coge el camino y aunque el camino se acabe, el tonto sigue&#8230;. pues&#8230;. en fin, sigamos. Bueno, espera un poco que me voy a liar un canutito. \u00bfNo ir\u00e1s a usar el argumento contra-consumidor conmigo? Yo te prometo que el que seas abstinente (\u00bftambi\u00e9n a la coca\u00edna, forense? \u00bfa todas las drogas? Venga ya hombre. \u00bfTe has visto los ojitos que te gastas en la foto del texto, que parece que te ca\u00edste en la marmita cuando eras un feto? S\u00e9 sincero, Javichi&#8230;) no va a cambiar ni una palabra de lo que tengo que decirte.<\/p>\n\n\n\n<p>Dices tambi\u00e9n que debes defenderte previamente por escribir estas cosas. No. No es por escribir estas cosas, que pueden o no gusta a un sector u a otro, sino por escribir sin argumentos, sin rastro de capacitaci\u00f3n profesional y exhibiendo orgulloso tu ignorancia, como s\u00f3lo un ignorante puede exhibirse, ajeno a la realidad circundante.<\/p>\n\n\n\n<p>Yo tambi\u00e9n ir\u00eda encantado fum\u00e1ndome un buen trompet\u00f3n de cannabis al parlamento, o donde sea. \u00bfCu\u00e1l es el problema, Javichi? Dices que habr\u00eda que exigirle pruebas de drogas en cabello a esos representantes electos del pueblo para buscar coca\u00edna, morfina, anfetamina y THC. \u00bfT\u00fa eres un poco tonto, no? \u00bfPara qu\u00e9 necesitas buscar THC si vamos con el porro en la boca? \u00bfAcaso nos ves en el armario, forense?<\/p>\n\n\n\n<p>Ahora que mencionas lo de las pruebas de drogas en el pelo, recuerdo a unos polic\u00edas que -presuntamente- mataron a hostias a un ciudadano indefenso, inerme y no agresivo y que intentaron justificarlo, con ayuda de alg\u00fan miserable de tu cala\u00f1a, con las trazas que el asesinado&nbsp;<strong>Juan Ben\u00edtez<\/strong>&nbsp;pod\u00eda tener de coca\u00edna en sangre. Lo curioso, es que cuando vieron que esas trazas de metabolitos de la coca\u00edna no explicar\u00edan nada en una sala judicial,&nbsp;<a href=\"http:\/\/www.lavanguardia.com\/vida\/20140326\/54404456445\/otros-dos-mossos-del-raval-se-libran-de-la-prueba-de-toxicos-por-ir-rasurados.html\" target=\"_blank\" rel=\"noreferrer noopener\">los polic\u00edas se rasuraron todo el cuerpo para escaparse de la prueba de drogas<\/a>&nbsp;que el juez instructor les orden\u00f3 realizarse. Y es que es m\u00e1s probable que sean esos violentos que golpean y matan a un hombre entre varios, los que vayan ciegos de coca\u00edna. \u00a1\u00a1Qu\u00e9 cosas me est\u00e1 trayendo tu texto a la cabeza!!<\/p>\n\n\n\n<p>Esgrimes, a modo de dato que apuntale tu escatol\u00f3gica vomitona, que el 45&#8217;7% de los nuevos ingresos en centros de rehabilitaci\u00f3n de adicciones se efect\u00faa \u201c<strong>por consumo de cannabis<\/strong>\u201d. Lo que obvias decir, es que dichos ingresos est\u00e1n perversamente estimulados por el laberinto legal de trampas y mentiras a cumplimentar, para que a un chaval no le casquen una multa por estar fum\u00e1ndose un porro. Esos son los \u201c<strong>adictos<\/strong>\u201d que rellenan tu 45&#8217;7%, so ga\u00f1\u00e1n. Deber\u00edas, ya que presuntamente eres m\u00e9dico, aprender a mirar un poco m\u00e1s all\u00e1 del dato simple. Aunque si pudieras hacerlo de forma natural, no ser\u00edas lo que eres.<\/p>\n\n\n\n<p>Para ir rematando la jugada, y que sirva de advertencia a todos los que alguna vez tengan que ver algo con<strong>&nbsp;Javier Alarc\u00f3n de Alcaraz<\/strong>, haces un batiburrillo con varios \u201ccl\u00e1sicos\u201d del debate y te atreves a incluir, en tu zoqueta ignorancia, a los cannabinoides sint\u00e9ticos en ella, cuando no tienen nada que ver con el cannabis y precisamente los movimientos de regulaci\u00f3n\/legalizaci\u00f3n del cannabis persiguen evitar su consumo, que a diferencia del cannabis, es altamente da\u00f1ino y puede ser mortal. Mezclas eso con la manida vinculaci\u00f3n del cannabis y la esquizofrenia -que yo creo que es a la inversa cuando escucho hablar a gente como t\u00fa- y, ya para que el viaje al pasado sea completo, una reafirmaci\u00f3n de la \u201c<strong>teor\u00eda de la escalada en drogas<\/strong>\u201d, que hasta el prohibicionismo m\u00e1s rancio (no tanto como t\u00fa) ha dejado de lado hace a\u00f1os. \u00a1\u00a1Actual\u00edzate, so memo!!<\/p>\n\n\n\n<p>Rematas con una guinda en la que acusas a&nbsp;<strong>Bayer<\/strong>&nbsp;de ser responsable de los efectos secundarios de la Aspirina -al loro con la forma de discurrir de este pseudo-cient\u00edfico que podr\u00eda rivalizar diciendo tonter\u00edas con el gran&nbsp;<strong>Josep Pamies<\/strong>&#8211; y de la misma forma quieres que los promotores de ese debate que tanto te asusta, paguen con su dinero los supuestos da\u00f1os que el consumo de cannabis pudiera crearle a los adultos que libremente decidieran consumirlo. Todo muy l\u00f3gico, s\u00ed. La culpa es de los que buscan que los ciudadanos no tengan que usar como veh\u00edculo recreativo simplemente alcohol, una droga dura y fuertemente nociva para el organismo (h\u00edgado y sistema nervioso especialmente), y quieren que los adultos puedan elegir entre otras opciones. \u00a1\u00a1Pero qu\u00e9 mala gente son esos rojos, eh!!<\/p>\n\n\n\n<p>Tu \u00faltimo cuesco nos deja el aire apestado, cuando comparas la prescripci\u00f3n de m\u00f3rficos -lo dice un paciente que los usa por prescripci\u00f3n- con el consumo de cannabis. \u00bfDe verdad eres idiota o s\u00f3lo te lo haces? Porque lo haces muy bien&#8230;<\/p>\n\n\n\n<p>Todo ello lo envuelves, para terminar, en el papel de regalo de la acusaci\u00f3n ideol\u00f3gica pura, en la que hablas de enga\u00f1o cient\u00edfico (\u00bfpero t\u00fa te has visto bien, alma de c\u00e1ntaro?) del que no aportas prueba alguna aparte de la de tu exhibida ignorancia, y luego ya te saltas a eso de hablar \u201c<strong>contra los progres y el progreso<\/strong>\u201d, muy en la l\u00ednea del argumentario de tus \u201c<strong>padres ideol\u00f3gicos<\/strong>\u201d en el PP.<\/p>\n\n\n\n<p>Acabas pregunt\u00e1ndote -en una bella estampa ret\u00f3rica que me recuerda a&nbsp;<strong>Leonardo DiCaprio<\/strong>&nbsp;cuando hace la escenita de Titanic en la proa del barco- si el cannabis curar\u00e1 la enfermedad de ver enfermedades en aquel que simplemente es diferente. \u00bfY t\u00fa me lo preguntas? Poes\u00eda eres t\u00fa, tronco, que como abstinente y de derechas que eres, te has despachado a placer contra los de izquierdas y los no-abstinentes simplemente por ser distintos a ti, que por otra parte es algo muy loable (no parecerse a algo como t\u00fa, Javichi).<\/p>\n\n\n\n<p>Antes de terminar te dir\u00e9 que no soy de esos que creen y afirman que el consumo de cannabis u otras drogas hagan -por defecto e invariablemente- mejor persona a quien consume. De hecho el n\u00famero de hijos de puta entre consumidores viene a ser muy similar al n\u00famero de hijos de puta entre forenses tertualianos fachas. Y es que, amigo Javichi, querido forense de mis estimadas Islas Baleares, \u201c<em><strong>quod natura non dat, Helmantica non praestat<\/strong><\/em>\u201d.<\/p>\n","protected":false},"excerpt":{"rendered":"<span class=\"span-reading-time rt-reading-time\" style=\"display: block;\"><span class=\"rt-label rt-prefix\">Tiempo de lectura:<\/span> <span class=\"rt-time\"> 8<\/span> <span class=\"rt-label rt-postfix\">minutos<\/span><\/span>Por Drogoteca Hola Javier, buenos d\u00edas. He tenido hace unos minutos la oportunidad de leer el texto que ayer publicabas, titulado \u201cLos canutos de Podemos\u201d, y a\u00fan estoy en shock tras empaparme de tu an\u00e1lisis. Lo mejor de todo es que t\u00fa s\u00ed tienes una carrera de medicina, para poder saber de qu\u00e9 hablas cuando [&hellip;]","protected":false},"author":1,"featured_media":3868,"comment_status":"closed","ping_status":"closed","sticky":false,"template":"","format":"standard","meta":{"loftocean-featured-post":"","loftocean_post_format_gallery":"","loftocean_post_format_gallery_ids":"","loftocean_post_format_gallery_urls":"","loftocean_post_format_video_id":"","loftocean_post_format_video_url":"","loftocean_post_format_video_type":"","loftocean_post_format_video":"","loftocean_post_format_audio_type":"","loftocean_post_format_audio_url":"","loftocean_post_format_audio_id":"","loftocean_post_format_audio":"","loftocean_post_format_quote_text":"","loftocean_post_format_quote_byline":"","loftocean_post_format_link_text":"","loftocean_post_format_link_url":"","ceramag_post_header_style":"","ceramag_enable_background_video":"","ceramag_show_in_top_slider":"","ceramag_post_background_video_start":"","ceramag_post_background_video_end":"","loftocean_page_background_video_id":"","loftocean_page_background_video_url":"","loftocean_page_background_video_type":"","loftocean_page_background_video":"","ceramag_background_video_start":"","ceramag_background_video_end":"","ceramag_single_page_hide_header":"","footnotes":""},"categories":[35],"tags":[41,44],"class_list":["post-3867","post","type-post","status-publish","format-standard","has-post-thumbnail","hentry","category-politica-y-sociedad","tag-cannabis","tag-drogas"],"yoast_head":"<!-- This site is optimized with the Yoast SEO plugin v24.9 - https:\/\/yoast.com\/wordpress\/plugins\/seo\/ -->\n<title>Carta abierta al forense Javier Alarc\u00f3n de Alcaraz<\/title>\n<meta name=\"description\" content=\"Entrada &#8226; Portal multimedia sobre cannabis y otras sustancias &#8226; 24 febrero, 2016\" \/>\n<meta name=\"robots\" content=\"index, follow, max-snippet:-1, max-image-preview:large, max-video-preview:-1\" \/>\n<link rel=\"canonical\" href=\"https:\/\/www.cannabis.es\/pw\/2016\/02\/24\/carta-abierta-al-forense-javier-alarcon-de-alcaraz\/\" \/>\n<meta name=\"twitter:card\" content=\"summary_large_image\" \/>\n<meta name=\"twitter:title\" content=\"Carta abierta al forense Javier Alarc\u00f3n de Alcaraz\" \/>\n<meta name=\"twitter:description\" content=\"Entrada &#8226; Portal multimedia sobre cannabis y otras sustancias &#8226; 24 febrero, 2016\" \/>\n<meta name=\"twitter:image\" content=\"https:\/\/www.cannabis.es\/pw\/wp-content\/uploads\/2020\/05\/carta_abierta.jpg\" \/>\n<meta name=\"twitter:creator\" content=\"@cannabis_es\" \/>\n<meta name=\"twitter:site\" content=\"@cannabis_es\" \/>\n<meta name=\"twitter:label1\" content=\"Escrito por\" \/>\n\t<meta name=\"twitter:data1\" content=\"Cannabis.es\" \/>\n\t<meta name=\"twitter:label2\" content=\"Tiempo de lectura\" \/>\n\t<meta name=\"twitter:data2\" content=\"12 minutos\" \/>\n<script type=\"application\/ld+json\" class=\"yoast-schema-graph\">{\"@context\":\"https:\/\/schema.org\",\"@graph\":[{\"@type\":\"Article\",\"@id\":\"https:\/\/www.cannabis.es\/pw\/2016\/02\/24\/carta-abierta-al-forense-javier-alarcon-de-alcaraz\/#article\",\"isPartOf\":{\"@id\":\"https:\/\/www.cannabis.es\/pw\/2016\/02\/24\/carta-abierta-al-forense-javier-alarcon-de-alcaraz\/\"},\"author\":{\"name\":\"Cannabis.es\",\"@id\":\"https:\/\/www.cannabis.es\/pw\/#\/schema\/person\/e2fbd204580cf4fe74c79b82bc447374\"},\"headline\":\"Carta abierta al forense Javier Alarc\u00f3n de Alcaraz\",\"datePublished\":\"2016-02-24T11:18:40+00:00\",\"dateModified\":\"2020-06-06T11:53:39+00:00\",\"mainEntityOfPage\":{\"@id\":\"https:\/\/www.cannabis.es\/pw\/2016\/02\/24\/carta-abierta-al-forense-javier-alarcon-de-alcaraz\/\"},\"wordCount\":2324,\"publisher\":{\"@id\":\"https:\/\/www.cannabis.es\/pw\/#organization\"},\"image\":{\"@id\":\"https:\/\/www.cannabis.es\/pw\/2016\/02\/24\/carta-abierta-al-forense-javier-alarcon-de-alcaraz\/#primaryimage\"},\"thumbnailUrl\":\"https:\/\/www.cannabis.es\/pw\/wp-content\/uploads\/2020\/05\/carta_abierta.jpg\",\"keywords\":[\"cannabis\",\"drogas\"],\"articleSection\":[\"Pol\u00edtica y Sociedad\"],\"inLanguage\":\"es\"},{\"@type\":\"WebPage\",\"@id\":\"https:\/\/www.cannabis.es\/pw\/2016\/02\/24\/carta-abierta-al-forense-javier-alarcon-de-alcaraz\/\",\"url\":\"https:\/\/www.cannabis.es\/pw\/2016\/02\/24\/carta-abierta-al-forense-javier-alarcon-de-alcaraz\/\",\"name\":\"Carta abierta al forense Javier Alarc\u00f3n de Alcaraz\",\"isPartOf\":{\"@id\":\"https:\/\/www.cannabis.es\/pw\/#website\"},\"primaryImageOfPage\":{\"@id\":\"https:\/\/www.cannabis.es\/pw\/2016\/02\/24\/carta-abierta-al-forense-javier-alarcon-de-alcaraz\/#primaryimage\"},\"image\":{\"@id\":\"https:\/\/www.cannabis.es\/pw\/2016\/02\/24\/carta-abierta-al-forense-javier-alarcon-de-alcaraz\/#primaryimage\"},\"thumbnailUrl\":\"https:\/\/www.cannabis.es\/pw\/wp-content\/uploads\/2020\/05\/carta_abierta.jpg\",\"datePublished\":\"2016-02-24T11:18:40+00:00\",\"dateModified\":\"2020-06-06T11:53:39+00:00\",\"description\":\"Entrada &#8226; Portal multimedia sobre cannabis y otras sustancias &#8226; 24 febrero, 2016\",\"breadcrumb\":{\"@id\":\"https:\/\/www.cannabis.es\/pw\/2016\/02\/24\/carta-abierta-al-forense-javier-alarcon-de-alcaraz\/#breadcrumb\"},\"inLanguage\":\"es\",\"potentialAction\":[{\"@type\":\"ReadAction\",\"target\":[\"https:\/\/www.cannabis.es\/pw\/2016\/02\/24\/carta-abierta-al-forense-javier-alarcon-de-alcaraz\/\"]}]},{\"@type\":\"ImageObject\",\"inLanguage\":\"es\",\"@id\":\"https:\/\/www.cannabis.es\/pw\/2016\/02\/24\/carta-abierta-al-forense-javier-alarcon-de-alcaraz\/#primaryimage\",\"url\":\"https:\/\/www.cannabis.es\/pw\/wp-content\/uploads\/2020\/05\/carta_abierta.jpg\",\"contentUrl\":\"https:\/\/www.cannabis.es\/pw\/wp-content\/uploads\/2020\/05\/carta_abierta.jpg\",\"width\":959,\"height\":475},{\"@type\":\"BreadcrumbList\",\"@id\":\"https:\/\/www.cannabis.es\/pw\/2016\/02\/24\/carta-abierta-al-forense-javier-alarcon-de-alcaraz\/#breadcrumb\",\"itemListElement\":[{\"@type\":\"ListItem\",\"position\":1,\"name\":\"Portada\",\"item\":\"http:\/\/www.cannabis.es\/pw\/\"},{\"@type\":\"ListItem\",\"position\":2,\"name\":\"Carta abierta al forense Javier Alarc\u00f3n de Alcaraz\"}]},{\"@type\":\"WebSite\",\"@id\":\"https:\/\/www.cannabis.es\/pw\/#website\",\"url\":\"https:\/\/www.cannabis.es\/pw\/\",\"name\":\"Cannabis\",\"description\":\"Portal multimedia sobre cannabis y otras sustancias\",\"publisher\":{\"@id\":\"https:\/\/www.cannabis.es\/pw\/#organization\"},\"potentialAction\":[{\"@type\":\"SearchAction\",\"target\":{\"@type\":\"EntryPoint\",\"urlTemplate\":\"https:\/\/www.cannabis.es\/pw\/?s={search_term_string}\"},\"query-input\":{\"@type\":\"PropertyValueSpecification\",\"valueRequired\":true,\"valueName\":\"search_term_string\"}}],\"inLanguage\":\"es\"},{\"@type\":\"Organization\",\"@id\":\"https:\/\/www.cannabis.es\/pw\/#organization\",\"name\":\"Cannabis.es\",\"url\":\"https:\/\/www.cannabis.es\/pw\/\",\"logo\":{\"@type\":\"ImageObject\",\"inLanguage\":\"es\",\"@id\":\"https:\/\/www.cannabis.es\/pw\/#\/schema\/logo\/image\/\",\"url\":\"https:\/\/www.cannabis.es\/pw\/wp-content\/uploads\/2019\/04\/cropped-logo_cannabis.png\",\"contentUrl\":\"https:\/\/www.cannabis.es\/pw\/wp-content\/uploads\/2019\/04\/cropped-logo_cannabis.png\",\"width\":361,\"height\":120,\"caption\":\"Cannabis.es\"},\"image\":{\"@id\":\"https:\/\/www.cannabis.es\/pw\/#\/schema\/logo\/image\/\"},\"sameAs\":[\"https:\/\/x.com\/cannabis_es\"]},{\"@type\":\"Person\",\"@id\":\"https:\/\/www.cannabis.es\/pw\/#\/schema\/person\/e2fbd204580cf4fe74c79b82bc447374\",\"name\":\"Cannabis.es\",\"image\":{\"@type\":\"ImageObject\",\"inLanguage\":\"es\",\"@id\":\"https:\/\/www.cannabis.es\/pw\/#\/schema\/person\/image\/\",\"url\":\"https:\/\/secure.gravatar.com\/avatar\/4375b1eb6e272e2e48a4b8a8def52e5f208151f555bb5906da616906ee6dd2e8?s=96&d=mm&r=g\",\"contentUrl\":\"https:\/\/secure.gravatar.com\/avatar\/4375b1eb6e272e2e48a4b8a8def52e5f208151f555bb5906da616906ee6dd2e8?s=96&d=mm&r=g\",\"caption\":\"Cannabis.es\"},\"url\":\"https:\/\/www.cannabis.es\/pw\/author\/cannabis\/\"}]}<\/script>\n<!-- \/ Yoast SEO plugin. -->","yoast_head_json":{"title":"Carta abierta al forense Javier Alarc\u00f3n de Alcaraz","description":"Entrada &#8226; Portal multimedia sobre cannabis y otras sustancias &#8226; 24 febrero, 2016","robots":{"index":"index","follow":"follow","max-snippet":"max-snippet:-1","max-image-preview":"max-image-preview:large","max-video-preview":"max-video-preview:-1"},"canonical":"https:\/\/www.cannabis.es\/pw\/2016\/02\/24\/carta-abierta-al-forense-javier-alarcon-de-alcaraz\/","twitter_card":"summary_large_image","twitter_title":"Carta abierta al forense Javier Alarc\u00f3n de Alcaraz","twitter_description":"Entrada &#8226; Portal multimedia sobre cannabis y otras sustancias &#8226; 24 febrero, 2016","twitter_image":"https:\/\/www.cannabis.es\/pw\/wp-content\/uploads\/2020\/05\/carta_abierta.jpg","twitter_creator":"@cannabis_es","twitter_site":"@cannabis_es","twitter_misc":{"Escrito por":"Cannabis.es","Tiempo de lectura":"12 minutos"},"schema":{"@context":"https:\/\/schema.org","@graph":[{"@type":"Article","@id":"https:\/\/www.cannabis.es\/pw\/2016\/02\/24\/carta-abierta-al-forense-javier-alarcon-de-alcaraz\/#article","isPartOf":{"@id":"https:\/\/www.cannabis.es\/pw\/2016\/02\/24\/carta-abierta-al-forense-javier-alarcon-de-alcaraz\/"},"author":{"name":"Cannabis.es","@id":"https:\/\/www.cannabis.es\/pw\/#\/schema\/person\/e2fbd204580cf4fe74c79b82bc447374"},"headline":"Carta abierta al forense Javier Alarc\u00f3n de Alcaraz","datePublished":"2016-02-24T11:18:40+00:00","dateModified":"2020-06-06T11:53:39+00:00","mainEntityOfPage":{"@id":"https:\/\/www.cannabis.es\/pw\/2016\/02\/24\/carta-abierta-al-forense-javier-alarcon-de-alcaraz\/"},"wordCount":2324,"publisher":{"@id":"https:\/\/www.cannabis.es\/pw\/#organization"},"image":{"@id":"https:\/\/www.cannabis.es\/pw\/2016\/02\/24\/carta-abierta-al-forense-javier-alarcon-de-alcaraz\/#primaryimage"},"thumbnailUrl":"https:\/\/www.cannabis.es\/pw\/wp-content\/uploads\/2020\/05\/carta_abierta.jpg","keywords":["cannabis","drogas"],"articleSection":["Pol\u00edtica y Sociedad"],"inLanguage":"es"},{"@type":"WebPage","@id":"https:\/\/www.cannabis.es\/pw\/2016\/02\/24\/carta-abierta-al-forense-javier-alarcon-de-alcaraz\/","url":"https:\/\/www.cannabis.es\/pw\/2016\/02\/24\/carta-abierta-al-forense-javier-alarcon-de-alcaraz\/","name":"Carta abierta al forense Javier Alarc\u00f3n de Alcaraz","isPartOf":{"@id":"https:\/\/www.cannabis.es\/pw\/#website"},"primaryImageOfPage":{"@id":"https:\/\/www.cannabis.es\/pw\/2016\/02\/24\/carta-abierta-al-forense-javier-alarcon-de-alcaraz\/#primaryimage"},"image":{"@id":"https:\/\/www.cannabis.es\/pw\/2016\/02\/24\/carta-abierta-al-forense-javier-alarcon-de-alcaraz\/#primaryimage"},"thumbnailUrl":"https:\/\/www.cannabis.es\/pw\/wp-content\/uploads\/2020\/05\/carta_abierta.jpg","datePublished":"2016-02-24T11:18:40+00:00","dateModified":"2020-06-06T11:53:39+00:00","description":"Entrada &#8226; Portal multimedia sobre cannabis y otras sustancias &#8226; 24 febrero, 2016","breadcrumb":{"@id":"https:\/\/www.cannabis.es\/pw\/2016\/02\/24\/carta-abierta-al-forense-javier-alarcon-de-alcaraz\/#breadcrumb"},"inLanguage":"es","potentialAction":[{"@type":"ReadAction","target":["https:\/\/www.cannabis.es\/pw\/2016\/02\/24\/carta-abierta-al-forense-javier-alarcon-de-alcaraz\/"]}]},{"@type":"ImageObject","inLanguage":"es","@id":"https:\/\/www.cannabis.es\/pw\/2016\/02\/24\/carta-abierta-al-forense-javier-alarcon-de-alcaraz\/#primaryimage","url":"https:\/\/www.cannabis.es\/pw\/wp-content\/uploads\/2020\/05\/carta_abierta.jpg","contentUrl":"https:\/\/www.cannabis.es\/pw\/wp-content\/uploads\/2020\/05\/carta_abierta.jpg","width":959,"height":475},{"@type":"BreadcrumbList","@id":"https:\/\/www.cannabis.es\/pw\/2016\/02\/24\/carta-abierta-al-forense-javier-alarcon-de-alcaraz\/#breadcrumb","itemListElement":[{"@type":"ListItem","position":1,"name":"Portada","item":"http:\/\/www.cannabis.es\/pw\/"},{"@type":"ListItem","position":2,"name":"Carta abierta al forense Javier Alarc\u00f3n de Alcaraz"}]},{"@type":"WebSite","@id":"https:\/\/www.cannabis.es\/pw\/#website","url":"https:\/\/www.cannabis.es\/pw\/","name":"Cannabis","description":"Portal multimedia sobre cannabis y otras sustancias","publisher":{"@id":"https:\/\/www.cannabis.es\/pw\/#organization"},"potentialAction":[{"@type":"SearchAction","target":{"@type":"EntryPoint","urlTemplate":"https:\/\/www.cannabis.es\/pw\/?s={search_term_string}"},"query-input":{"@type":"PropertyValueSpecification","valueRequired":true,"valueName":"search_term_string"}}],"inLanguage":"es"},{"@type":"Organization","@id":"https:\/\/www.cannabis.es\/pw\/#organization","name":"Cannabis.es","url":"https:\/\/www.cannabis.es\/pw\/","logo":{"@type":"ImageObject","inLanguage":"es","@id":"https:\/\/www.cannabis.es\/pw\/#\/schema\/logo\/image\/","url":"https:\/\/www.cannabis.es\/pw\/wp-content\/uploads\/2019\/04\/cropped-logo_cannabis.png","contentUrl":"https:\/\/www.cannabis.es\/pw\/wp-content\/uploads\/2019\/04\/cropped-logo_cannabis.png","width":361,"height":120,"caption":"Cannabis.es"},"image":{"@id":"https:\/\/www.cannabis.es\/pw\/#\/schema\/logo\/image\/"},"sameAs":["https:\/\/x.com\/cannabis_es"]},{"@type":"Person","@id":"https:\/\/www.cannabis.es\/pw\/#\/schema\/person\/e2fbd204580cf4fe74c79b82bc447374","name":"Cannabis.es","image":{"@type":"ImageObject","inLanguage":"es","@id":"https:\/\/www.cannabis.es\/pw\/#\/schema\/person\/image\/","url":"https:\/\/secure.gravatar.com\/avatar\/4375b1eb6e272e2e48a4b8a8def52e5f208151f555bb5906da616906ee6dd2e8?s=96&d=mm&r=g","contentUrl":"https:\/\/secure.gravatar.com\/avatar\/4375b1eb6e272e2e48a4b8a8def52e5f208151f555bb5906da616906ee6dd2e8?s=96&d=mm&r=g","caption":"Cannabis.es"},"url":"https:\/\/www.cannabis.es\/pw\/author\/cannabis\/"}]}},"_links":{"self":[{"href":"https:\/\/www.cannabis.es\/pw\/wp-json\/wp\/v2\/posts\/3867","targetHints":{"allow":["GET"]}}],"collection":[{"href":"https:\/\/www.cannabis.es\/pw\/wp-json\/wp\/v2\/posts"}],"about":[{"href":"https:\/\/www.cannabis.es\/pw\/wp-json\/wp\/v2\/types\/post"}],"author":[{"embeddable":true,"href":"https:\/\/www.cannabis.es\/pw\/wp-json\/wp\/v2\/users\/1"}],"replies":[{"embeddable":true,"href":"https:\/\/www.cannabis.es\/pw\/wp-json\/wp\/v2\/comments?post=3867"}],"version-history":[{"count":2,"href":"https:\/\/www.cannabis.es\/pw\/wp-json\/wp\/v2\/posts\/3867\/revisions"}],"predecessor-version":[{"id":5313,"href":"https:\/\/www.cannabis.es\/pw\/wp-json\/wp\/v2\/posts\/3867\/revisions\/5313"}],"wp:featuredmedia":[{"embeddable":true,"href":"https:\/\/www.cannabis.es\/pw\/wp-json\/wp\/v2\/media\/3868"}],"wp:attachment":[{"href":"https:\/\/www.cannabis.es\/pw\/wp-json\/wp\/v2\/media?parent=3867"}],"wp:term":[{"taxonomy":"category","embeddable":true,"href":"https:\/\/www.cannabis.es\/pw\/wp-json\/wp\/v2\/categories?post=3867"},{"taxonomy":"post_tag","embeddable":true,"href":"https:\/\/www.cannabis.es\/pw\/wp-json\/wp\/v2\/tags?post=3867"}],"curies":[{"name":"wp","href":"https:\/\/api.w.org\/{rel}","templated":true}]}}