{"id":3870,"date":"2016-02-24T12:20:01","date_gmt":"2016-02-24T11:20:01","guid":{"rendered":"http:\/\/www.cannabis.es\/pw\/?p=3870"},"modified":"2020-06-08T10:40:00","modified_gmt":"2020-06-08T08:40:00","slug":"la-psicosis-cannabica-enfermedad-o-mito","status":"publish","type":"post","link":"https:\/\/www.cannabis.es\/pw\/2016\/02\/24\/la-psicosis-cannabica-enfermedad-o-mito\/","title":{"rendered":"La psicosis cann\u00e1bica: \u00bfenfermedad o mito?"},"content":{"rendered":"\n<p>Por Dr. Fernando Caudevilla<\/p>\n\n\n\n<p>Se\u00f1al\u00e1bamos\u00a0<a href=\"http:\/\/www.cannabis.es\/pw\/2016\/02\/16\/el-cannabis-y-la-salud-mental-en-la-historia\/\" target=\"_blank\" rel=\"noreferrer noopener\">en el art\u00edculo anterior<\/a>\u00a0de esta serie sobre\u00a0<strong>cannabis y Salud Mental<\/strong>, c\u00f3mo una de las primeras referencias a los efectos mentales negativos de la planta se encuentra en un tratado de Medicina China de 4.000 a\u00f1os de antig\u00fcedad, en el que se se\u00f1alaba que \u201c<strong>el fruto del c\u00e1\u00f1amo si es tomado en exceso provoca visiones de demonios<\/strong>\u201d.<\/p>\n\n\n\n<hr class=\"wp-block-separator\"\/>\n\n\n\n<p>Dosis elevadas de cannabis, variedades potentes o su uso por parte de personas inexpertas pueden producir s\u00edntomas desagradables que en general se manifiestan en forma de ansiedad. Pero en algunos casos pueden aparecer alucinaciones, ideas paranoides, delirios y otros s\u00edntomas que implican p\u00e9rdida de contacto con la realidad habitual. Estos s\u00edntomas se denominan \u201c<strong>psic\u00f3ticos<\/strong>\u201d dentro del campo de la psiquiatr\u00eda.<\/p>\n\n\n\n<p>Precisamente este fen\u00f3meno llam\u00f3 la atenci\u00f3n de algunos psiquiatras a mediados del s. XIX. El cannabis se hab\u00eda popularizado en Europa desde finales del s. XVIII a trav\u00e9s de varios caminos. Uno de ellos fueron los estudios del psiquiatra franc\u00e9s&nbsp;<a href=\"https:\/\/en.wikipedia.org\/wiki\/Jacques-Joseph_Moreau\" target=\"_blank\" rel=\"noreferrer noopener\"><strong>Moreau de Tours<\/strong><\/a>, quien se centr\u00f3 precisamente en la posibilidad de usar el cannabis como inductor de \u201c<strong>psicosis t\u00f3xica aguda<\/strong>\u201d en el laboratorio con la idea de que podr\u00eda servir como modelo de estudio aplicable a ciertas enfermedades mentales como la esquizofrenia.<\/p>\n\n\n\n<p>Y es aqu\u00ed precisamente donde conviene detenerse a hacer una puntualizaci\u00f3n, ya que los t\u00e9rminos \u201c<strong>psicosis t\u00f3xica<\/strong>\u201d o \u201c<strong>psicosis cann\u00e1bica<\/strong>\u201d aparecen frecuentemente en la literatura cient\u00edfica haciendo referencia a conceptos diferentes. Es un hecho conocido que el cannabis puede inducir un estado de conciencia alterado de caracter\u00edsticas desagradables y duraci\u00f3n limitada, que en ocasiones puede tener tintes psic\u00f3ticos. Muchos usuarios de cannabis han sufrido alguna experiencia m\u00e1s o menos desagradable con esta sustancia, aunque en la mayor\u00eda de los casos la capacidad para analizar la realidad de los pensamientos y las percepciones (lo que define la \u201c<strong>cordura<\/strong>\u201d) permanece intacta. En las intoxicaciones agudas por cannabis sucede lo mismo que en las intoxicaciones alimentarias: los efectos perduran hasta que se elimina la sustancia y el organismo se recupera. En casos de intoxicaci\u00f3n oral con dosis elevadas los s\u00edntomas pueden durar hasta 48 horas, pero una vez que la sustancia desaparece del organismo la persona vuelve a la normalidad. Hablando con propiedad, estas situaciones deber\u00edan definirse como \u201c<strong>intoxicaci\u00f3n aguda por cannabis<\/strong>\u201d y, en los casos en los que hay s\u00edntomas psic\u00f3ticos \u201c<strong>psicosis t\u00f3xica aguda por cannabis<\/strong>\u201d.<\/p>\n\n\n\n<p>Existe otra forma de entender la \u201c<strong>psicosis cann\u00e1bica<\/strong>\u201d: se tratar\u00eda de una alteraci\u00f3n mental cr\u00f3nica e irreversible que estar\u00eda causada, inducida o precipitada por el uso o el abuso de esta sustancia. En principio existen bastantes argumentos para dudar de la existencia de la \u201c<strong>psicosis cann\u00e1bica<\/strong>\u201d como entidad propia y causada exclusivamente por el cannabis: en muy raras ocasiones la enfermedad mental es consecuencia de un \u00fanico factor y no existen s\u00edntomas propios que la diferencien de la m\u00e1s com\u00fan de las psicosis: la esquizofrenia. Tampoco se ha propuesto un mecanismo de acci\u00f3n de los cannabinoides que explique c\u00f3mo se generar\u00eda esta enfermedad. Por otra parte, existe un extracto de plantas de cannabis comercializado como f\u00e1rmaco en el tratamiento de la esclerosis m\u00faltiple. En su ficha t\u00e9cnica oficial no se menciona que pueda producir \u201c<strong>psicosis cann\u00e1bica<\/strong>\u201d sino:<\/p>\n\n\n\n<p>\u201c<em><strong>Se han notificado s\u00edntomas psiqui\u00e1tricos como ansiedad, delusiones, cambios de humor e ideas paranoides durante el tratamiento con Sativex. Es probable que estos s\u00edntomas sean el resultado de los efectos transitorios sobre el SNC y, en general, suelen ser de intensidad leve a moderada y bien tolerados. Es de esperar que remitan al reducir o interrumpir el tratamiento con Sativex<\/strong><\/em>\u201d<\/p>\n\n\n\n<p>Posiblemente, la idea de la \u201c<strong>psicosis cann\u00e1bica<\/strong>\u201d parte de la observaci\u00f3n de que el consumo de cannabis entre pacientes esquizofr\u00e9nicos es mucho m\u00e1s frecuente que en el resto de la poblaci\u00f3n. La esquizofrenia es la forma m\u00e1s frecuente de las psicosis, una enfermedad cr\u00f3nica que suele iniciarse en la adolescencia o primera juventud. Su causa es desconocida, aunque existen factores gen\u00e9ticos y otros ambientales como el estr\u00e9s. Un razonamiento posible es que el cannabis sea un factor que cause o facilite el inicio de la esquizofrenia. Pero ya indicamos\u00a0<a href=\"http:\/\/www.cannabis.es\/pw\/2016\/02\/10\/cannabis-y-enfermedad-mental-el-huevo-o-la-gallina\/\" target=\"_blank\" rel=\"noreferrer noopener\">en una entrega anterior<\/a>\u00a0que\u00a0<em>causalidad<\/em>\u00a0y\u00a0<em>relaci\u00f3n<\/em>\u00a0son conceptos distintos. Volviendo al cannabis, en principio podemos considerar igualmente otras hip\u00f3tesis que expliquen su mayor consumo entre esquizofr\u00e9nicos. Es posible que los psic\u00f3ticos consuman m\u00e1s cannabis que los no psic\u00f3ticos por alguna raz\u00f3n (por ejemplo, como automedicaci\u00f3n). O que se trate de una simple asociaci\u00f3n estad\u00edstica sin relaci\u00f3n causa-efecto, ya que la edad en la que se manifiesta la esquizofrenia coincide con la edad de m\u00e1ximo consumo del cannabis.<\/p>\n\n\n\n<p>En el momento actual, la idea m\u00e1s admitida es que el consumo de cannabis puede facilitar o precipitar el desarrollo de esquizofrenia en una peque\u00f1a parte de la poblaci\u00f3n que es especialmente sensible. Dedicaremos la pr\u00f3xima entrega a desarrollar este argumento.<\/p>\n","protected":false},"excerpt":{"rendered":"<span class=\"span-reading-time rt-reading-time\" style=\"display: block;\"><span class=\"rt-label rt-prefix\">Tiempo de lectura:<\/span> <span class=\"rt-time\"> 3<\/span> <span class=\"rt-label rt-postfix\">minutos<\/span><\/span>Por Dr. Fernando Caudevilla Se\u00f1al\u00e1bamos\u00a0en el art\u00edculo anterior\u00a0de esta serie sobre\u00a0cannabis y Salud Mental, c\u00f3mo una de las primeras referencias a los efectos mentales negativos de la planta se encuentra en un tratado de Medicina China de 4.000 a\u00f1os de antig\u00fcedad, en el que se se\u00f1alaba que \u201cel fruto del c\u00e1\u00f1amo si es tomado en [&hellip;]","protected":false},"author":1,"featured_media":3871,"comment_status":"closed","ping_status":"closed","sticky":false,"template":"","format":"standard","meta":{"loftocean-featured-post":"","loftocean_post_format_gallery":"","loftocean_post_format_gallery_ids":"","loftocean_post_format_gallery_urls":"","loftocean_post_format_video_id":"","loftocean_post_format_video_url":"","loftocean_post_format_video_type":"","loftocean_post_format_video":"","loftocean_post_format_audio_type":"","loftocean_post_format_audio_url":"","loftocean_post_format_audio_id":"","loftocean_post_format_audio":"","loftocean_post_format_quote_text":"","loftocean_post_format_quote_byline":"","loftocean_post_format_link_text":"","loftocean_post_format_link_url":"","ceramag_post_header_style":"","ceramag_enable_background_video":"","ceramag_show_in_top_slider":"","ceramag_post_background_video_start":"","ceramag_post_background_video_end":"","loftocean_page_background_video_id":"","loftocean_page_background_video_url":"","loftocean_page_background_video_type":"","loftocean_page_background_video":"","ceramag_background_video_start":"","ceramag_background_video_end":"","ceramag_single_page_hide_header":"","footnotes":""},"categories":[36],"tags":[41,51],"class_list":["post-3870","post","type-post","status-publish","format-standard","has-post-thumbnail","hentry","category-medicinal","tag-cannabis","tag-salud"],"yoast_head":"<!-- This site is optimized with the Yoast SEO plugin v24.9 - https:\/\/yoast.com\/wordpress\/plugins\/seo\/ -->\n<title>La psicosis cann\u00e1bica: \u00bfenfermedad o mito?<\/title>\n<meta name=\"description\" content=\"Entrada &#8226; Portal multimedia sobre cannabis y otras sustancias &#8226; 24 febrero, 2016\" \/>\n<meta name=\"robots\" content=\"index, follow, max-snippet:-1, max-image-preview:large, max-video-preview:-1\" \/>\n<link rel=\"canonical\" href=\"https:\/\/www.cannabis.es\/pw\/2016\/02\/24\/la-psicosis-cannabica-enfermedad-o-mito\/\" \/>\n<meta name=\"twitter:card\" content=\"summary_large_image\" \/>\n<meta name=\"twitter:title\" content=\"La psicosis cann\u00e1bica: \u00bfenfermedad o mito?\" \/>\n<meta name=\"twitter:description\" content=\"Entrada &#8226; Portal multimedia sobre cannabis y otras sustancias &#8226; 24 febrero, 2016\" \/>\n<meta name=\"twitter:image\" content=\"https:\/\/www.cannabis.es\/pw\/wp-content\/uploads\/2020\/05\/psicosis_cannabica.jpg\" \/>\n<meta name=\"twitter:creator\" content=\"@cannabis_es\" \/>\n<meta name=\"twitter:site\" content=\"@cannabis_es\" \/>\n<meta name=\"twitter:label1\" content=\"Escrito por\" \/>\n\t<meta name=\"twitter:data1\" content=\"Cannabis.es\" \/>\n\t<meta name=\"twitter:label2\" content=\"Tiempo de lectura\" \/>\n\t<meta name=\"twitter:data2\" content=\"4 minutos\" \/>\n<script type=\"application\/ld+json\" class=\"yoast-schema-graph\">{\"@context\":\"https:\/\/schema.org\",\"@graph\":[{\"@type\":\"Article\",\"@id\":\"https:\/\/www.cannabis.es\/pw\/2016\/02\/24\/la-psicosis-cannabica-enfermedad-o-mito\/#article\",\"isPartOf\":{\"@id\":\"https:\/\/www.cannabis.es\/pw\/2016\/02\/24\/la-psicosis-cannabica-enfermedad-o-mito\/\"},\"author\":{\"name\":\"Cannabis.es\",\"@id\":\"https:\/\/www.cannabis.es\/pw\/#\/schema\/person\/e2fbd204580cf4fe74c79b82bc447374\"},\"headline\":\"La psicosis cann\u00e1bica: \u00bfenfermedad o mito?\",\"datePublished\":\"2016-02-24T11:20:01+00:00\",\"dateModified\":\"2020-06-08T08:40:00+00:00\",\"mainEntityOfPage\":{\"@id\":\"https:\/\/www.cannabis.es\/pw\/2016\/02\/24\/la-psicosis-cannabica-enfermedad-o-mito\/\"},\"wordCount\":883,\"publisher\":{\"@id\":\"https:\/\/www.cannabis.es\/pw\/#organization\"},\"image\":{\"@id\":\"https:\/\/www.cannabis.es\/pw\/2016\/02\/24\/la-psicosis-cannabica-enfermedad-o-mito\/#primaryimage\"},\"thumbnailUrl\":\"https:\/\/www.cannabis.es\/pw\/wp-content\/uploads\/2020\/05\/psicosis_cannabica.jpg\",\"keywords\":[\"cannabis\",\"salud\"],\"articleSection\":[\"Medicinal\"],\"inLanguage\":\"es\"},{\"@type\":\"WebPage\",\"@id\":\"https:\/\/www.cannabis.es\/pw\/2016\/02\/24\/la-psicosis-cannabica-enfermedad-o-mito\/\",\"url\":\"https:\/\/www.cannabis.es\/pw\/2016\/02\/24\/la-psicosis-cannabica-enfermedad-o-mito\/\",\"name\":\"La psicosis cann\u00e1bica: \u00bfenfermedad o mito?\",\"isPartOf\":{\"@id\":\"https:\/\/www.cannabis.es\/pw\/#website\"},\"primaryImageOfPage\":{\"@id\":\"https:\/\/www.cannabis.es\/pw\/2016\/02\/24\/la-psicosis-cannabica-enfermedad-o-mito\/#primaryimage\"},\"image\":{\"@id\":\"https:\/\/www.cannabis.es\/pw\/2016\/02\/24\/la-psicosis-cannabica-enfermedad-o-mito\/#primaryimage\"},\"thumbnailUrl\":\"https:\/\/www.cannabis.es\/pw\/wp-content\/uploads\/2020\/05\/psicosis_cannabica.jpg\",\"datePublished\":\"2016-02-24T11:20:01+00:00\",\"dateModified\":\"2020-06-08T08:40:00+00:00\",\"description\":\"Entrada &#8226; Portal multimedia sobre cannabis y otras sustancias &#8226; 24 febrero, 2016\",\"breadcrumb\":{\"@id\":\"https:\/\/www.cannabis.es\/pw\/2016\/02\/24\/la-psicosis-cannabica-enfermedad-o-mito\/#breadcrumb\"},\"inLanguage\":\"es\",\"potentialAction\":[{\"@type\":\"ReadAction\",\"target\":[\"https:\/\/www.cannabis.es\/pw\/2016\/02\/24\/la-psicosis-cannabica-enfermedad-o-mito\/\"]}]},{\"@type\":\"ImageObject\",\"inLanguage\":\"es\",\"@id\":\"https:\/\/www.cannabis.es\/pw\/2016\/02\/24\/la-psicosis-cannabica-enfermedad-o-mito\/#primaryimage\",\"url\":\"https:\/\/www.cannabis.es\/pw\/wp-content\/uploads\/2020\/05\/psicosis_cannabica.jpg\",\"contentUrl\":\"https:\/\/www.cannabis.es\/pw\/wp-content\/uploads\/2020\/05\/psicosis_cannabica.jpg\",\"width\":959,\"height\":475},{\"@type\":\"BreadcrumbList\",\"@id\":\"https:\/\/www.cannabis.es\/pw\/2016\/02\/24\/la-psicosis-cannabica-enfermedad-o-mito\/#breadcrumb\",\"itemListElement\":[{\"@type\":\"ListItem\",\"position\":1,\"name\":\"Portada\",\"item\":\"http:\/\/www.cannabis.es\/pw\/\"},{\"@type\":\"ListItem\",\"position\":2,\"name\":\"La psicosis cann\u00e1bica: \u00bfenfermedad o mito?\"}]},{\"@type\":\"WebSite\",\"@id\":\"https:\/\/www.cannabis.es\/pw\/#website\",\"url\":\"https:\/\/www.cannabis.es\/pw\/\",\"name\":\"Cannabis\",\"description\":\"Portal multimedia sobre cannabis y otras sustancias\",\"publisher\":{\"@id\":\"https:\/\/www.cannabis.es\/pw\/#organization\"},\"potentialAction\":[{\"@type\":\"SearchAction\",\"target\":{\"@type\":\"EntryPoint\",\"urlTemplate\":\"https:\/\/www.cannabis.es\/pw\/?s={search_term_string}\"},\"query-input\":{\"@type\":\"PropertyValueSpecification\",\"valueRequired\":true,\"valueName\":\"search_term_string\"}}],\"inLanguage\":\"es\"},{\"@type\":\"Organization\",\"@id\":\"https:\/\/www.cannabis.es\/pw\/#organization\",\"name\":\"Cannabis.es\",\"url\":\"https:\/\/www.cannabis.es\/pw\/\",\"logo\":{\"@type\":\"ImageObject\",\"inLanguage\":\"es\",\"@id\":\"https:\/\/www.cannabis.es\/pw\/#\/schema\/logo\/image\/\",\"url\":\"https:\/\/www.cannabis.es\/pw\/wp-content\/uploads\/2019\/04\/cropped-logo_cannabis.png\",\"contentUrl\":\"https:\/\/www.cannabis.es\/pw\/wp-content\/uploads\/2019\/04\/cropped-logo_cannabis.png\",\"width\":361,\"height\":120,\"caption\":\"Cannabis.es\"},\"image\":{\"@id\":\"https:\/\/www.cannabis.es\/pw\/#\/schema\/logo\/image\/\"},\"sameAs\":[\"https:\/\/x.com\/cannabis_es\"]},{\"@type\":\"Person\",\"@id\":\"https:\/\/www.cannabis.es\/pw\/#\/schema\/person\/e2fbd204580cf4fe74c79b82bc447374\",\"name\":\"Cannabis.es\",\"image\":{\"@type\":\"ImageObject\",\"inLanguage\":\"es\",\"@id\":\"https:\/\/www.cannabis.es\/pw\/#\/schema\/person\/image\/\",\"url\":\"https:\/\/secure.gravatar.com\/avatar\/4375b1eb6e272e2e48a4b8a8def52e5f208151f555bb5906da616906ee6dd2e8?s=96&d=mm&r=g\",\"contentUrl\":\"https:\/\/secure.gravatar.com\/avatar\/4375b1eb6e272e2e48a4b8a8def52e5f208151f555bb5906da616906ee6dd2e8?s=96&d=mm&r=g\",\"caption\":\"Cannabis.es\"},\"url\":\"https:\/\/www.cannabis.es\/pw\/author\/cannabis\/\"}]}<\/script>\n<!-- \/ Yoast SEO plugin. -->","yoast_head_json":{"title":"La psicosis cann\u00e1bica: \u00bfenfermedad o mito?","description":"Entrada &#8226; Portal multimedia sobre cannabis y otras sustancias &#8226; 24 febrero, 2016","robots":{"index":"index","follow":"follow","max-snippet":"max-snippet:-1","max-image-preview":"max-image-preview:large","max-video-preview":"max-video-preview:-1"},"canonical":"https:\/\/www.cannabis.es\/pw\/2016\/02\/24\/la-psicosis-cannabica-enfermedad-o-mito\/","twitter_card":"summary_large_image","twitter_title":"La psicosis cann\u00e1bica: \u00bfenfermedad o mito?","twitter_description":"Entrada &#8226; Portal multimedia sobre cannabis y otras sustancias &#8226; 24 febrero, 2016","twitter_image":"https:\/\/www.cannabis.es\/pw\/wp-content\/uploads\/2020\/05\/psicosis_cannabica.jpg","twitter_creator":"@cannabis_es","twitter_site":"@cannabis_es","twitter_misc":{"Escrito por":"Cannabis.es","Tiempo de lectura":"4 minutos"},"schema":{"@context":"https:\/\/schema.org","@graph":[{"@type":"Article","@id":"https:\/\/www.cannabis.es\/pw\/2016\/02\/24\/la-psicosis-cannabica-enfermedad-o-mito\/#article","isPartOf":{"@id":"https:\/\/www.cannabis.es\/pw\/2016\/02\/24\/la-psicosis-cannabica-enfermedad-o-mito\/"},"author":{"name":"Cannabis.es","@id":"https:\/\/www.cannabis.es\/pw\/#\/schema\/person\/e2fbd204580cf4fe74c79b82bc447374"},"headline":"La psicosis cann\u00e1bica: \u00bfenfermedad o mito?","datePublished":"2016-02-24T11:20:01+00:00","dateModified":"2020-06-08T08:40:00+00:00","mainEntityOfPage":{"@id":"https:\/\/www.cannabis.es\/pw\/2016\/02\/24\/la-psicosis-cannabica-enfermedad-o-mito\/"},"wordCount":883,"publisher":{"@id":"https:\/\/www.cannabis.es\/pw\/#organization"},"image":{"@id":"https:\/\/www.cannabis.es\/pw\/2016\/02\/24\/la-psicosis-cannabica-enfermedad-o-mito\/#primaryimage"},"thumbnailUrl":"https:\/\/www.cannabis.es\/pw\/wp-content\/uploads\/2020\/05\/psicosis_cannabica.jpg","keywords":["cannabis","salud"],"articleSection":["Medicinal"],"inLanguage":"es"},{"@type":"WebPage","@id":"https:\/\/www.cannabis.es\/pw\/2016\/02\/24\/la-psicosis-cannabica-enfermedad-o-mito\/","url":"https:\/\/www.cannabis.es\/pw\/2016\/02\/24\/la-psicosis-cannabica-enfermedad-o-mito\/","name":"La psicosis cann\u00e1bica: \u00bfenfermedad o mito?","isPartOf":{"@id":"https:\/\/www.cannabis.es\/pw\/#website"},"primaryImageOfPage":{"@id":"https:\/\/www.cannabis.es\/pw\/2016\/02\/24\/la-psicosis-cannabica-enfermedad-o-mito\/#primaryimage"},"image":{"@id":"https:\/\/www.cannabis.es\/pw\/2016\/02\/24\/la-psicosis-cannabica-enfermedad-o-mito\/#primaryimage"},"thumbnailUrl":"https:\/\/www.cannabis.es\/pw\/wp-content\/uploads\/2020\/05\/psicosis_cannabica.jpg","datePublished":"2016-02-24T11:20:01+00:00","dateModified":"2020-06-08T08:40:00+00:00","description":"Entrada &#8226; Portal multimedia sobre cannabis y otras sustancias &#8226; 24 febrero, 2016","breadcrumb":{"@id":"https:\/\/www.cannabis.es\/pw\/2016\/02\/24\/la-psicosis-cannabica-enfermedad-o-mito\/#breadcrumb"},"inLanguage":"es","potentialAction":[{"@type":"ReadAction","target":["https:\/\/www.cannabis.es\/pw\/2016\/02\/24\/la-psicosis-cannabica-enfermedad-o-mito\/"]}]},{"@type":"ImageObject","inLanguage":"es","@id":"https:\/\/www.cannabis.es\/pw\/2016\/02\/24\/la-psicosis-cannabica-enfermedad-o-mito\/#primaryimage","url":"https:\/\/www.cannabis.es\/pw\/wp-content\/uploads\/2020\/05\/psicosis_cannabica.jpg","contentUrl":"https:\/\/www.cannabis.es\/pw\/wp-content\/uploads\/2020\/05\/psicosis_cannabica.jpg","width":959,"height":475},{"@type":"BreadcrumbList","@id":"https:\/\/www.cannabis.es\/pw\/2016\/02\/24\/la-psicosis-cannabica-enfermedad-o-mito\/#breadcrumb","itemListElement":[{"@type":"ListItem","position":1,"name":"Portada","item":"http:\/\/www.cannabis.es\/pw\/"},{"@type":"ListItem","position":2,"name":"La psicosis cann\u00e1bica: \u00bfenfermedad o mito?"}]},{"@type":"WebSite","@id":"https:\/\/www.cannabis.es\/pw\/#website","url":"https:\/\/www.cannabis.es\/pw\/","name":"Cannabis","description":"Portal multimedia sobre cannabis y otras sustancias","publisher":{"@id":"https:\/\/www.cannabis.es\/pw\/#organization"},"potentialAction":[{"@type":"SearchAction","target":{"@type":"EntryPoint","urlTemplate":"https:\/\/www.cannabis.es\/pw\/?s={search_term_string}"},"query-input":{"@type":"PropertyValueSpecification","valueRequired":true,"valueName":"search_term_string"}}],"inLanguage":"es"},{"@type":"Organization","@id":"https:\/\/www.cannabis.es\/pw\/#organization","name":"Cannabis.es","url":"https:\/\/www.cannabis.es\/pw\/","logo":{"@type":"ImageObject","inLanguage":"es","@id":"https:\/\/www.cannabis.es\/pw\/#\/schema\/logo\/image\/","url":"https:\/\/www.cannabis.es\/pw\/wp-content\/uploads\/2019\/04\/cropped-logo_cannabis.png","contentUrl":"https:\/\/www.cannabis.es\/pw\/wp-content\/uploads\/2019\/04\/cropped-logo_cannabis.png","width":361,"height":120,"caption":"Cannabis.es"},"image":{"@id":"https:\/\/www.cannabis.es\/pw\/#\/schema\/logo\/image\/"},"sameAs":["https:\/\/x.com\/cannabis_es"]},{"@type":"Person","@id":"https:\/\/www.cannabis.es\/pw\/#\/schema\/person\/e2fbd204580cf4fe74c79b82bc447374","name":"Cannabis.es","image":{"@type":"ImageObject","inLanguage":"es","@id":"https:\/\/www.cannabis.es\/pw\/#\/schema\/person\/image\/","url":"https:\/\/secure.gravatar.com\/avatar\/4375b1eb6e272e2e48a4b8a8def52e5f208151f555bb5906da616906ee6dd2e8?s=96&d=mm&r=g","contentUrl":"https:\/\/secure.gravatar.com\/avatar\/4375b1eb6e272e2e48a4b8a8def52e5f208151f555bb5906da616906ee6dd2e8?s=96&d=mm&r=g","caption":"Cannabis.es"},"url":"https:\/\/www.cannabis.es\/pw\/author\/cannabis\/"}]}},"_links":{"self":[{"href":"https:\/\/www.cannabis.es\/pw\/wp-json\/wp\/v2\/posts\/3870","targetHints":{"allow":["GET"]}}],"collection":[{"href":"https:\/\/www.cannabis.es\/pw\/wp-json\/wp\/v2\/posts"}],"about":[{"href":"https:\/\/www.cannabis.es\/pw\/wp-json\/wp\/v2\/types\/post"}],"author":[{"embeddable":true,"href":"https:\/\/www.cannabis.es\/pw\/wp-json\/wp\/v2\/users\/1"}],"replies":[{"embeddable":true,"href":"https:\/\/www.cannabis.es\/pw\/wp-json\/wp\/v2\/comments?post=3870"}],"version-history":[{"count":3,"href":"https:\/\/www.cannabis.es\/pw\/wp-json\/wp\/v2\/posts\/3870\/revisions"}],"predecessor-version":[{"id":5515,"href":"https:\/\/www.cannabis.es\/pw\/wp-json\/wp\/v2\/posts\/3870\/revisions\/5515"}],"wp:featuredmedia":[{"embeddable":true,"href":"https:\/\/www.cannabis.es\/pw\/wp-json\/wp\/v2\/media\/3871"}],"wp:attachment":[{"href":"https:\/\/www.cannabis.es\/pw\/wp-json\/wp\/v2\/media?parent=3870"}],"wp:term":[{"taxonomy":"category","embeddable":true,"href":"https:\/\/www.cannabis.es\/pw\/wp-json\/wp\/v2\/categories?post=3870"},{"taxonomy":"post_tag","embeddable":true,"href":"https:\/\/www.cannabis.es\/pw\/wp-json\/wp\/v2\/tags?post=3870"}],"curies":[{"name":"wp","href":"https:\/\/api.w.org\/{rel}","templated":true}]}}