{"id":3900,"date":"2016-02-17T12:38:44","date_gmt":"2016-02-17T11:38:44","guid":{"rendered":"http:\/\/www.cannabis.es\/pw\/?p=3900"},"modified":"2020-05-25T12:40:10","modified_gmt":"2020-05-25T10:40:10","slug":"uruguay-formara-sobre-cannabis-a-personal-sanitario","status":"publish","type":"post","link":"https:\/\/www.cannabis.es\/pw\/2016\/02\/17\/uruguay-formara-sobre-cannabis-a-personal-sanitario\/","title":{"rendered":"Uruguay formar\u00e1 sobre cannabis a personal sanitario"},"content":{"rendered":"\n<p>El&nbsp;<strong>Sindicato M\u00e9dico del Uruguay<\/strong>&nbsp;(SMU) comenzar\u00e1 a impartir en Abril cursos de formaci\u00f3n sobre el uso medicinal del cannabis, dirigidos a profesionales de la salud.<\/p>\n\n\n\n<hr class=\"wp-block-separator\"\/>\n\n\n\n<p>Se trata del primer curso de cannabis medicinal de Latinoam\u00e9rica, que tiene como objetivo la formaci\u00f3n continua de personal profesional m\u00e9dico. Una iniciativa pionera y necesaria, ante la inminente posibilidad de prescribir cannabis medicinal a los pacientes, tras la aprobaci\u00f3n de la ley en 2015 que regula la producci\u00f3n y el consumo del cannabis en Uruguay.<\/p>\n\n\n\n<p>La&nbsp;<strong>Dra. Julia Galzerano<\/strong>, integrante de la Comisi\u00f3n de Adicciones del Sindicato M\u00e9dico del Uruguay, y una de las coordinadoras del curso, afirm\u00f3 recientemente en una entrevista a&nbsp;<a href=\"http:\/\/www.sermedico.com.uy\/institucion2\/-\/asset_publisher\/YhfKD6ccppJ1\/content\/primer-curso-de-medicina-cannabica-de-latinoamerica-en-uruguay-organizado-por-el-smu?template_sofis=10719\" target=\"_blank\" rel=\"noreferrer noopener\"><strong>Ser M\u00e9dico<\/strong><\/a>&nbsp;(el portal informativo del SMU): \u00ab<em><strong>nos interesa que los m\u00e9dicos sepan del tema, que podamos aprender, y es por eso que el curso est\u00e1 dirigido a todos los profesionales (cualquiera sea su especialidad), practicantes y enfermeros universitarios. Para prescribirla tenemos que saber para qu\u00e9 sirve y c\u00f3mo se usa.<\/strong><\/em>\u00ab<\/p>\n\n\n\n<p>La ley reguladora en Uruguay estableci\u00f3 tres formas de uso del cannabis:&nbsp;<strong>recreativo<\/strong>&nbsp;(al que se accede mediante el autocultivo, los clubes cann\u00e1bicos o las farmacias), el&nbsp;<strong>medicinal<\/strong>&nbsp;y el&nbsp;<strong>c\u00e1\u00f1amo industrial<\/strong>. En el caso de las aplicaciones medicinales, los \u00fanicos que pueden prescribir cualquier producto derivado del cannabis son los m\u00e9dicos, que deber\u00e1n indicar por escrito el tipo de producto prescrito, la cantidad y su forma de administraci\u00f3n.&nbsp;<strong>Galzerano<\/strong>&nbsp;advirti\u00f3 que entre los profesionales m\u00e9dicos existen \u201c<em><strong>las mismas creencias y dudas<\/strong><\/em>\u201d que tiene el resto de la poblaci\u00f3n sobre el consumo de cannabis y sus posibles aplicaciones terap\u00e9uticas. \u201c<em><strong>No hay una formaci\u00f3n en cannabis. Hay gente que est\u00e1 a favor, hay gente que no est\u00e1 de acuerdo y otros directamente no saben<\/strong><\/em>\u201d.<\/p>\n\n\n\n<p>Los cursos, organizados por el&nbsp;<strong>SMU<\/strong>&nbsp;y la fundaci\u00f3n&nbsp;<a href=\"http:\/\/www.iceers.org\/index.php?lang=es\" target=\"_blank\" rel=\"noreferrer noopener\"><strong>ICEERS<\/strong><\/a>, cuenta con el apoyo de la&nbsp;<strong>Junta Nacional de Drogas<\/strong>&nbsp;y el auspicio del&nbsp;<strong>Instituto de Regulaci\u00f3n y Control del Cannabis<\/strong>, la&nbsp;<strong>Facultad de Medicina<\/strong>, el&nbsp;<strong>Colegio M\u00e9dico<\/strong>, el&nbsp;<strong>Ministerio de Salud P\u00fablica<\/strong>&nbsp;y la&nbsp;<strong>Organizaci\u00f3n Panamericana de la Salud<\/strong>.<\/p>\n\n\n\n<p>A continuaci\u00f3n, reproducimos el programa del curso:<\/p>\n\n\n\n<p><strong>Jornada 1<\/strong>&nbsp;(Abril 23): Apertura Presentaci\u00f3n del Curso de Medicina Cann\u00e1bica Introducci\u00f3n al Cannabis Medicinal&nbsp;<br><strong>Jornada 2<\/strong>&nbsp;(Mayo 7): Farmacolog\u00eda y Medicina Cann\u00e1bica&nbsp;<br><strong>Jornada 3<\/strong>&nbsp;(Mayo 21): Epilepsia y Enfermedades Neurodegenerativas Cannabinoides y Salud Mental&nbsp;<br><strong>Jornada 4<\/strong>&nbsp;(Junio 4): Dolor, C\u00e1ncer y Uso compasivo&nbsp;<br><strong>Jornada 5<\/strong>&nbsp;(Junio 18): Autoinmunidad, patolog\u00edas digestivas, piel y otras condiciones cl\u00ednicas Protocolos de tratamiento<\/p>\n","protected":false},"excerpt":{"rendered":"<span class=\"span-reading-time rt-reading-time\" style=\"display: block;\"><span class=\"rt-label rt-prefix\">Tiempo de lectura:<\/span> <span class=\"rt-time\"> 2<\/span> <span class=\"rt-label rt-postfix\">minutos<\/span><\/span>El&nbsp;Sindicato M\u00e9dico del Uruguay&nbsp;(SMU) comenzar\u00e1 a impartir en Abril cursos de formaci\u00f3n sobre el uso medicinal del cannabis, dirigidos a profesionales de la salud. Se trata del primer curso de cannabis medicinal de Latinoam\u00e9rica, que tiene como objetivo la formaci\u00f3n continua de personal profesional m\u00e9dico. Una iniciativa pionera y necesaria, ante la inminente posibilidad de [&hellip;]","protected":false},"author":1,"featured_media":3901,"comment_status":"closed","ping_status":"closed","sticky":false,"template":"","format":"standard","meta":{"loftocean-featured-post":"","loftocean_post_format_gallery":"","loftocean_post_format_gallery_ids":"","loftocean_post_format_gallery_urls":"","loftocean_post_format_video_id":"","loftocean_post_format_video_url":"","loftocean_post_format_video_type":"","loftocean_post_format_video":"","loftocean_post_format_audio_type":"","loftocean_post_format_audio_url":"","loftocean_post_format_audio_id":"","loftocean_post_format_audio":"","loftocean_post_format_quote_text":"","loftocean_post_format_quote_byline":"","loftocean_post_format_link_text":"","loftocean_post_format_link_url":"","ceramag_post_header_style":"","ceramag_enable_background_video":"","ceramag_show_in_top_slider":"","ceramag_post_background_video_start":"","ceramag_post_background_video_end":"","loftocean_page_background_video_id":"","loftocean_page_background_video_url":"","loftocean_page_background_video_type":"","loftocean_page_background_video":"","ceramag_background_video_start":"","ceramag_background_video_end":"","ceramag_single_page_hide_header":"","footnotes":""},"categories":[35],"tags":[41,819,51],"class_list":["post-3900","post","type-post","status-publish","format-standard","has-post-thumbnail","hentry","category-politica-y-sociedad","tag-cannabis","tag-internacional","tag-salud"],"yoast_head":"<!-- This site is optimized with the Yoast SEO plugin v24.9 - https:\/\/yoast.com\/wordpress\/plugins\/seo\/ -->\n<title>Uruguay formar\u00e1 sobre cannabis a personal sanitario<\/title>\n<meta name=\"description\" content=\"Entrada &#8226; Portal multimedia sobre cannabis y otras sustancias &#8226; 17 febrero, 2016\" \/>\n<meta name=\"robots\" content=\"index, follow, max-snippet:-1, max-image-preview:large, max-video-preview:-1\" \/>\n<link rel=\"canonical\" href=\"https:\/\/www.cannabis.es\/pw\/2016\/02\/17\/uruguay-formara-sobre-cannabis-a-personal-sanitario\/\" \/>\n<meta name=\"twitter:card\" content=\"summary_large_image\" \/>\n<meta name=\"twitter:title\" content=\"Uruguay formar\u00e1 sobre cannabis a personal sanitario\" \/>\n<meta name=\"twitter:description\" content=\"Entrada &#8226; Portal multimedia sobre cannabis y otras sustancias &#8226; 17 febrero, 2016\" \/>\n<meta name=\"twitter:image\" content=\"https:\/\/www.cannabis.es\/pw\/wp-content\/uploads\/2020\/05\/uruguay_medico.jpg\" \/>\n<meta name=\"twitter:creator\" content=\"@cannabis_es\" \/>\n<meta name=\"twitter:site\" content=\"@cannabis_es\" \/>\n<meta name=\"twitter:label1\" content=\"Escrito por\" \/>\n\t<meta name=\"twitter:data1\" content=\"Cannabis.es\" \/>\n\t<meta name=\"twitter:label2\" content=\"Tiempo de lectura\" \/>\n\t<meta name=\"twitter:data2\" content=\"2 minutos\" \/>\n<script type=\"application\/ld+json\" class=\"yoast-schema-graph\">{\"@context\":\"https:\/\/schema.org\",\"@graph\":[{\"@type\":\"Article\",\"@id\":\"https:\/\/www.cannabis.es\/pw\/2016\/02\/17\/uruguay-formara-sobre-cannabis-a-personal-sanitario\/#article\",\"isPartOf\":{\"@id\":\"https:\/\/www.cannabis.es\/pw\/2016\/02\/17\/uruguay-formara-sobre-cannabis-a-personal-sanitario\/\"},\"author\":{\"name\":\"Cannabis.es\",\"@id\":\"https:\/\/www.cannabis.es\/pw\/#\/schema\/person\/e2fbd204580cf4fe74c79b82bc447374\"},\"headline\":\"Uruguay formar\u00e1 sobre cannabis a personal sanitario\",\"datePublished\":\"2016-02-17T11:38:44+00:00\",\"dateModified\":\"2020-05-25T10:40:10+00:00\",\"mainEntityOfPage\":{\"@id\":\"https:\/\/www.cannabis.es\/pw\/2016\/02\/17\/uruguay-formara-sobre-cannabis-a-personal-sanitario\/\"},\"wordCount\":463,\"publisher\":{\"@id\":\"https:\/\/www.cannabis.es\/pw\/#organization\"},\"image\":{\"@id\":\"https:\/\/www.cannabis.es\/pw\/2016\/02\/17\/uruguay-formara-sobre-cannabis-a-personal-sanitario\/#primaryimage\"},\"thumbnailUrl\":\"https:\/\/www.cannabis.es\/pw\/wp-content\/uploads\/2020\/05\/uruguay_medico.jpg\",\"keywords\":[\"cannabis\",\"internacional\",\"salud\"],\"articleSection\":[\"Pol\u00edtica y Sociedad\"],\"inLanguage\":\"es\"},{\"@type\":\"WebPage\",\"@id\":\"https:\/\/www.cannabis.es\/pw\/2016\/02\/17\/uruguay-formara-sobre-cannabis-a-personal-sanitario\/\",\"url\":\"https:\/\/www.cannabis.es\/pw\/2016\/02\/17\/uruguay-formara-sobre-cannabis-a-personal-sanitario\/\",\"name\":\"Uruguay formar\u00e1 sobre cannabis a personal sanitario\",\"isPartOf\":{\"@id\":\"https:\/\/www.cannabis.es\/pw\/#website\"},\"primaryImageOfPage\":{\"@id\":\"https:\/\/www.cannabis.es\/pw\/2016\/02\/17\/uruguay-formara-sobre-cannabis-a-personal-sanitario\/#primaryimage\"},\"image\":{\"@id\":\"https:\/\/www.cannabis.es\/pw\/2016\/02\/17\/uruguay-formara-sobre-cannabis-a-personal-sanitario\/#primaryimage\"},\"thumbnailUrl\":\"https:\/\/www.cannabis.es\/pw\/wp-content\/uploads\/2020\/05\/uruguay_medico.jpg\",\"datePublished\":\"2016-02-17T11:38:44+00:00\",\"dateModified\":\"2020-05-25T10:40:10+00:00\",\"description\":\"Entrada &#8226; Portal multimedia sobre cannabis y otras sustancias &#8226; 17 febrero, 2016\",\"breadcrumb\":{\"@id\":\"https:\/\/www.cannabis.es\/pw\/2016\/02\/17\/uruguay-formara-sobre-cannabis-a-personal-sanitario\/#breadcrumb\"},\"inLanguage\":\"es\",\"potentialAction\":[{\"@type\":\"ReadAction\",\"target\":[\"https:\/\/www.cannabis.es\/pw\/2016\/02\/17\/uruguay-formara-sobre-cannabis-a-personal-sanitario\/\"]}]},{\"@type\":\"ImageObject\",\"inLanguage\":\"es\",\"@id\":\"https:\/\/www.cannabis.es\/pw\/2016\/02\/17\/uruguay-formara-sobre-cannabis-a-personal-sanitario\/#primaryimage\",\"url\":\"https:\/\/www.cannabis.es\/pw\/wp-content\/uploads\/2020\/05\/uruguay_medico.jpg\",\"contentUrl\":\"https:\/\/www.cannabis.es\/pw\/wp-content\/uploads\/2020\/05\/uruguay_medico.jpg\",\"width\":959,\"height\":475},{\"@type\":\"BreadcrumbList\",\"@id\":\"https:\/\/www.cannabis.es\/pw\/2016\/02\/17\/uruguay-formara-sobre-cannabis-a-personal-sanitario\/#breadcrumb\",\"itemListElement\":[{\"@type\":\"ListItem\",\"position\":1,\"name\":\"Portada\",\"item\":\"http:\/\/www.cannabis.es\/pw\/\"},{\"@type\":\"ListItem\",\"position\":2,\"name\":\"Uruguay formar\u00e1 sobre cannabis a personal sanitario\"}]},{\"@type\":\"WebSite\",\"@id\":\"https:\/\/www.cannabis.es\/pw\/#website\",\"url\":\"https:\/\/www.cannabis.es\/pw\/\",\"name\":\"Cannabis\",\"description\":\"Portal multimedia sobre cannabis y otras sustancias\",\"publisher\":{\"@id\":\"https:\/\/www.cannabis.es\/pw\/#organization\"},\"potentialAction\":[{\"@type\":\"SearchAction\",\"target\":{\"@type\":\"EntryPoint\",\"urlTemplate\":\"https:\/\/www.cannabis.es\/pw\/?s={search_term_string}\"},\"query-input\":{\"@type\":\"PropertyValueSpecification\",\"valueRequired\":true,\"valueName\":\"search_term_string\"}}],\"inLanguage\":\"es\"},{\"@type\":\"Organization\",\"@id\":\"https:\/\/www.cannabis.es\/pw\/#organization\",\"name\":\"Cannabis.es\",\"url\":\"https:\/\/www.cannabis.es\/pw\/\",\"logo\":{\"@type\":\"ImageObject\",\"inLanguage\":\"es\",\"@id\":\"https:\/\/www.cannabis.es\/pw\/#\/schema\/logo\/image\/\",\"url\":\"https:\/\/www.cannabis.es\/pw\/wp-content\/uploads\/2019\/04\/cropped-logo_cannabis.png\",\"contentUrl\":\"https:\/\/www.cannabis.es\/pw\/wp-content\/uploads\/2019\/04\/cropped-logo_cannabis.png\",\"width\":361,\"height\":120,\"caption\":\"Cannabis.es\"},\"image\":{\"@id\":\"https:\/\/www.cannabis.es\/pw\/#\/schema\/logo\/image\/\"},\"sameAs\":[\"https:\/\/x.com\/cannabis_es\"]},{\"@type\":\"Person\",\"@id\":\"https:\/\/www.cannabis.es\/pw\/#\/schema\/person\/e2fbd204580cf4fe74c79b82bc447374\",\"name\":\"Cannabis.es\",\"image\":{\"@type\":\"ImageObject\",\"inLanguage\":\"es\",\"@id\":\"https:\/\/www.cannabis.es\/pw\/#\/schema\/person\/image\/\",\"url\":\"https:\/\/secure.gravatar.com\/avatar\/4375b1eb6e272e2e48a4b8a8def52e5f208151f555bb5906da616906ee6dd2e8?s=96&d=mm&r=g\",\"contentUrl\":\"https:\/\/secure.gravatar.com\/avatar\/4375b1eb6e272e2e48a4b8a8def52e5f208151f555bb5906da616906ee6dd2e8?s=96&d=mm&r=g\",\"caption\":\"Cannabis.es\"},\"url\":\"https:\/\/www.cannabis.es\/pw\/author\/cannabis\/\"}]}<\/script>\n<!-- \/ Yoast SEO plugin. -->","yoast_head_json":{"title":"Uruguay formar\u00e1 sobre cannabis a personal sanitario","description":"Entrada &#8226; Portal multimedia sobre cannabis y otras sustancias &#8226; 17 febrero, 2016","robots":{"index":"index","follow":"follow","max-snippet":"max-snippet:-1","max-image-preview":"max-image-preview:large","max-video-preview":"max-video-preview:-1"},"canonical":"https:\/\/www.cannabis.es\/pw\/2016\/02\/17\/uruguay-formara-sobre-cannabis-a-personal-sanitario\/","twitter_card":"summary_large_image","twitter_title":"Uruguay formar\u00e1 sobre cannabis a personal sanitario","twitter_description":"Entrada &#8226; Portal multimedia sobre cannabis y otras sustancias &#8226; 17 febrero, 2016","twitter_image":"https:\/\/www.cannabis.es\/pw\/wp-content\/uploads\/2020\/05\/uruguay_medico.jpg","twitter_creator":"@cannabis_es","twitter_site":"@cannabis_es","twitter_misc":{"Escrito por":"Cannabis.es","Tiempo de lectura":"2 minutos"},"schema":{"@context":"https:\/\/schema.org","@graph":[{"@type":"Article","@id":"https:\/\/www.cannabis.es\/pw\/2016\/02\/17\/uruguay-formara-sobre-cannabis-a-personal-sanitario\/#article","isPartOf":{"@id":"https:\/\/www.cannabis.es\/pw\/2016\/02\/17\/uruguay-formara-sobre-cannabis-a-personal-sanitario\/"},"author":{"name":"Cannabis.es","@id":"https:\/\/www.cannabis.es\/pw\/#\/schema\/person\/e2fbd204580cf4fe74c79b82bc447374"},"headline":"Uruguay formar\u00e1 sobre cannabis a personal sanitario","datePublished":"2016-02-17T11:38:44+00:00","dateModified":"2020-05-25T10:40:10+00:00","mainEntityOfPage":{"@id":"https:\/\/www.cannabis.es\/pw\/2016\/02\/17\/uruguay-formara-sobre-cannabis-a-personal-sanitario\/"},"wordCount":463,"publisher":{"@id":"https:\/\/www.cannabis.es\/pw\/#organization"},"image":{"@id":"https:\/\/www.cannabis.es\/pw\/2016\/02\/17\/uruguay-formara-sobre-cannabis-a-personal-sanitario\/#primaryimage"},"thumbnailUrl":"https:\/\/www.cannabis.es\/pw\/wp-content\/uploads\/2020\/05\/uruguay_medico.jpg","keywords":["cannabis","internacional","salud"],"articleSection":["Pol\u00edtica y Sociedad"],"inLanguage":"es"},{"@type":"WebPage","@id":"https:\/\/www.cannabis.es\/pw\/2016\/02\/17\/uruguay-formara-sobre-cannabis-a-personal-sanitario\/","url":"https:\/\/www.cannabis.es\/pw\/2016\/02\/17\/uruguay-formara-sobre-cannabis-a-personal-sanitario\/","name":"Uruguay formar\u00e1 sobre cannabis a personal sanitario","isPartOf":{"@id":"https:\/\/www.cannabis.es\/pw\/#website"},"primaryImageOfPage":{"@id":"https:\/\/www.cannabis.es\/pw\/2016\/02\/17\/uruguay-formara-sobre-cannabis-a-personal-sanitario\/#primaryimage"},"image":{"@id":"https:\/\/www.cannabis.es\/pw\/2016\/02\/17\/uruguay-formara-sobre-cannabis-a-personal-sanitario\/#primaryimage"},"thumbnailUrl":"https:\/\/www.cannabis.es\/pw\/wp-content\/uploads\/2020\/05\/uruguay_medico.jpg","datePublished":"2016-02-17T11:38:44+00:00","dateModified":"2020-05-25T10:40:10+00:00","description":"Entrada &#8226; Portal multimedia sobre cannabis y otras sustancias &#8226; 17 febrero, 2016","breadcrumb":{"@id":"https:\/\/www.cannabis.es\/pw\/2016\/02\/17\/uruguay-formara-sobre-cannabis-a-personal-sanitario\/#breadcrumb"},"inLanguage":"es","potentialAction":[{"@type":"ReadAction","target":["https:\/\/www.cannabis.es\/pw\/2016\/02\/17\/uruguay-formara-sobre-cannabis-a-personal-sanitario\/"]}]},{"@type":"ImageObject","inLanguage":"es","@id":"https:\/\/www.cannabis.es\/pw\/2016\/02\/17\/uruguay-formara-sobre-cannabis-a-personal-sanitario\/#primaryimage","url":"https:\/\/www.cannabis.es\/pw\/wp-content\/uploads\/2020\/05\/uruguay_medico.jpg","contentUrl":"https:\/\/www.cannabis.es\/pw\/wp-content\/uploads\/2020\/05\/uruguay_medico.jpg","width":959,"height":475},{"@type":"BreadcrumbList","@id":"https:\/\/www.cannabis.es\/pw\/2016\/02\/17\/uruguay-formara-sobre-cannabis-a-personal-sanitario\/#breadcrumb","itemListElement":[{"@type":"ListItem","position":1,"name":"Portada","item":"http:\/\/www.cannabis.es\/pw\/"},{"@type":"ListItem","position":2,"name":"Uruguay formar\u00e1 sobre cannabis a personal sanitario"}]},{"@type":"WebSite","@id":"https:\/\/www.cannabis.es\/pw\/#website","url":"https:\/\/www.cannabis.es\/pw\/","name":"Cannabis","description":"Portal multimedia sobre cannabis y otras sustancias","publisher":{"@id":"https:\/\/www.cannabis.es\/pw\/#organization"},"potentialAction":[{"@type":"SearchAction","target":{"@type":"EntryPoint","urlTemplate":"https:\/\/www.cannabis.es\/pw\/?s={search_term_string}"},"query-input":{"@type":"PropertyValueSpecification","valueRequired":true,"valueName":"search_term_string"}}],"inLanguage":"es"},{"@type":"Organization","@id":"https:\/\/www.cannabis.es\/pw\/#organization","name":"Cannabis.es","url":"https:\/\/www.cannabis.es\/pw\/","logo":{"@type":"ImageObject","inLanguage":"es","@id":"https:\/\/www.cannabis.es\/pw\/#\/schema\/logo\/image\/","url":"https:\/\/www.cannabis.es\/pw\/wp-content\/uploads\/2019\/04\/cropped-logo_cannabis.png","contentUrl":"https:\/\/www.cannabis.es\/pw\/wp-content\/uploads\/2019\/04\/cropped-logo_cannabis.png","width":361,"height":120,"caption":"Cannabis.es"},"image":{"@id":"https:\/\/www.cannabis.es\/pw\/#\/schema\/logo\/image\/"},"sameAs":["https:\/\/x.com\/cannabis_es"]},{"@type":"Person","@id":"https:\/\/www.cannabis.es\/pw\/#\/schema\/person\/e2fbd204580cf4fe74c79b82bc447374","name":"Cannabis.es","image":{"@type":"ImageObject","inLanguage":"es","@id":"https:\/\/www.cannabis.es\/pw\/#\/schema\/person\/image\/","url":"https:\/\/secure.gravatar.com\/avatar\/4375b1eb6e272e2e48a4b8a8def52e5f208151f555bb5906da616906ee6dd2e8?s=96&d=mm&r=g","contentUrl":"https:\/\/secure.gravatar.com\/avatar\/4375b1eb6e272e2e48a4b8a8def52e5f208151f555bb5906da616906ee6dd2e8?s=96&d=mm&r=g","caption":"Cannabis.es"},"url":"https:\/\/www.cannabis.es\/pw\/author\/cannabis\/"}]}},"_links":{"self":[{"href":"https:\/\/www.cannabis.es\/pw\/wp-json\/wp\/v2\/posts\/3900","targetHints":{"allow":["GET"]}}],"collection":[{"href":"https:\/\/www.cannabis.es\/pw\/wp-json\/wp\/v2\/posts"}],"about":[{"href":"https:\/\/www.cannabis.es\/pw\/wp-json\/wp\/v2\/types\/post"}],"author":[{"embeddable":true,"href":"https:\/\/www.cannabis.es\/pw\/wp-json\/wp\/v2\/users\/1"}],"replies":[{"embeddable":true,"href":"https:\/\/www.cannabis.es\/pw\/wp-json\/wp\/v2\/comments?post=3900"}],"version-history":[{"count":1,"href":"https:\/\/www.cannabis.es\/pw\/wp-json\/wp\/v2\/posts\/3900\/revisions"}],"predecessor-version":[{"id":3902,"href":"https:\/\/www.cannabis.es\/pw\/wp-json\/wp\/v2\/posts\/3900\/revisions\/3902"}],"wp:featuredmedia":[{"embeddable":true,"href":"https:\/\/www.cannabis.es\/pw\/wp-json\/wp\/v2\/media\/3901"}],"wp:attachment":[{"href":"https:\/\/www.cannabis.es\/pw\/wp-json\/wp\/v2\/media?parent=3900"}],"wp:term":[{"taxonomy":"category","embeddable":true,"href":"https:\/\/www.cannabis.es\/pw\/wp-json\/wp\/v2\/categories?post=3900"},{"taxonomy":"post_tag","embeddable":true,"href":"https:\/\/www.cannabis.es\/pw\/wp-json\/wp\/v2\/tags?post=3900"}],"curies":[{"name":"wp","href":"https:\/\/api.w.org\/{rel}","templated":true}]}}