{"id":3907,"date":"2016-02-16T12:41:30","date_gmt":"2016-02-16T11:41:30","guid":{"rendered":"http:\/\/www.cannabis.es\/pw\/?p=3907"},"modified":"2020-06-08T10:41:54","modified_gmt":"2020-06-08T08:41:54","slug":"el-cannabis-y-la-salud-mental-en-la-historia","status":"publish","type":"post","link":"https:\/\/www.cannabis.es\/pw\/2016\/02\/16\/el-cannabis-y-la-salud-mental-en-la-historia\/","title":{"rendered":"EL CANNABIS Y LA SALUD MENTAL EN LA HISTORIA"},"content":{"rendered":"\n<p>Por Dr. Fernando Caudevilla<\/p>\n\n\n\n<p>En\u00a0<a href=\"http:\/\/www.cannabis.es\/pw\/2016\/02\/10\/cannabis-y-enfermedad-mental-el-huevo-o-la-gallina\/\" target=\"_blank\" rel=\"noreferrer noopener\">la primera entrega de esta serie<\/a>\u00a0sobre Cannabis y Salud Mental analizamos las diferencias entre \u201c<strong>relaci\u00f3n<\/strong>\u201d y \u201c<strong>causa<\/strong>\u201d, fundamentales para abordar el tema que nos ocupa.<\/p>\n\n\n\n<hr class=\"wp-block-separator\"\/>\n\n\n\n<p>Mostramos que existe relaci\u00f3n estad\u00edstica entre el uso de cannabis y problemas como la&nbsp;<strong>psicosis<\/strong>&nbsp;o los&nbsp;<strong>trastornos de ansiedad<\/strong>, pero que se trata de una circunstancia estad\u00edsticamente poco frecuente y que el grado de certeza para determinar la causalidad est\u00e1 en discusi\u00f3n.<\/p>\n\n\n\n<p>Volveremos sobre este tema m\u00e1s tarde pero, en esta entrega, nos dedicaremos a analizar el tema del Cannabis y la Salud Mental desde una perspectiva hist\u00f3rica. El cannabis es una planta que ha tenido usos recreativos, terap\u00e9uticos y sacramentales durante milenios por parte de culturas muy distintas en todo el mundo y sus consumidores totales se pueden contar por cientos o miles de millones de personas a lo largo de los siglos. Si la relaci\u00f3n entre el cannabis y los problemas mentales fuera objetivamente relevante y de importancia, deber\u00edamos encontrar referencias suficientes a lo largo de la Historia. De no ser as\u00ed, podr\u00edamos plantear otras posibilidades.<\/p>\n\n\n\n<p>Como decimos, el cannabis y sus derivados son sustancias conocidas y utilizadas por el Hombre desde muy antiguo. Restos arqueol\u00f3gicos muestran que su cultivo comenz\u00f3 en un periodo&nbsp;<strong>entre 6.000 y 10.000 a\u00f1os<\/strong>&nbsp;de antig\u00fcedad dependiendo de la zona geogr\u00e1fica. El cannabis no se empez\u00f3 a plantar, regar, vigilar, cuidar y cosechar de forma sistem\u00e1tica para utilizarlo como alimento o como plantas ornamentales, sino por sus aplicaciones industriales (para crear fibras, cuerdas y tejidos) y por sus efectos psicoactivos. Hay testimonios escritos de su uso en los&nbsp;<em><strong>Libros de los Vedas<\/strong><\/em>,&nbsp;<em><strong>Las Mil y Una Noches<\/strong><\/em>&nbsp;y textos de&nbsp;<strong>Herodoto<\/strong>,&nbsp;<strong>Galeno<\/strong>&nbsp;o&nbsp;<strong>Avicena<\/strong>. Las referencias al uso m\u00e9dico del cannabis son frecuentes en tratados de medicina \u00e1rabe a partir del siglo XI y en estos testimonios no existen datos que sugieran especial preocupaci\u00f3n por las posibles consecuencias negativas del cannabis para la Salud Mental.<\/p>\n\n\n\n<figure class=\"wp-block-image\"><img decoding=\"async\" src=\"https:\/\/www.cannabis.es\/web\/images\/EconomicBotany-p445.jpg\" alt=\"EconomicBotany p445\"\/><\/figure>\n\n\n\n<p>Una de las referencias hist\u00f3ricas m\u00e1s antiguas sobre los usos m\u00e9dicos del cannabis se encuentra en un texto chino de aproximadamente&nbsp;<strong>4.500 a\u00f1os de antig\u00fcedad<\/strong>, el&nbsp;<em><strong>P\u00ean-TsaoChing<\/strong><\/em>&nbsp;(2237 aC). En el libro se recomienda el cannabis para multitud de dolencias, desde el dolor de cabeza al paludismo, pero s\u00ed se menciona adem\u00e1s que: \u201c<em><strong>el fruto del c\u00e1\u00f1amo si es tomado en exceso provoca visiones de demonios<\/strong><\/em>\u201d. Esta es la primera referencia hist\u00f3rica a efectos negativos del cannabis de tipo mental. Efectivamente, dosis elevadas, o normales en personas predispuestas, pueden en ocasiones inducir una gran variedad de s\u00edntomas ps\u00edquicos intensamente desagradables: ansiedad, paranoia, p\u00e1nico, angustia o sensaci\u00f3n de muerte inminente. Este tipo de reacciones es m\u00e1s frecuente en personas no experimentadas en el consumo del cannabis, frente a concentraciones excesivamente elevadas y\/o cuando la v\u00eda de administraci\u00f3n es la oral en lugar de fumada. Estos efectos son de una duraci\u00f3n limitada, manteni\u00e9ndose durante el tiempo que los principios activos del cannabis est\u00e1n actuando sobre el organismo y los s\u00edntomas desaparecen completamente al cabo de unas horas. Excepcionalmente este cuadro puede prolongarse a lo largo de unos d\u00edas y acompa\u00f1arse de alucinaciones visuales o auditivas, aunque termina remitiendo por completo.<\/p>\n\n\n\n<p>Aparte de este ejemplo, las referencias a los efectos negativos del cannabis en la literatura m\u00e9dica hasta principios del siglo XX son sorprendentemente escasas. Los libros m\u00e9dicos defin\u00edan sus efectos como \u201c<em><strong>mareo suave y agradable que lleva a un sue\u00f1o profundo y refrescante<\/strong><\/em>\u201d (Taylor, 1855), \u201c<em><strong>calmante e hipn\u00f3tico<\/strong><\/em>\u201d (McMeens, 1860), \u201c<em><strong>postraci\u00f3n llena de languidez y encanto<\/strong><\/em>\u201d (Trousseau, 1880) y el prestigioso&nbsp;<strong>Manual de Medicina Merck<\/strong>&nbsp;recomendaba su uso para la histeria, el delirio y el insomnio entre sus ediciones de 1899 a 1930.<\/p>\n\n\n\n<figure class=\"wp-block-image\"><img decoding=\"async\" src=\"https:\/\/www.cannabis.es\/web\/images\/Hemp_Comission.JPG\" alt=\"Hemp Comission\"\/><\/figure>\n\n\n\n<p>La primera investigaci\u00f3n realmente exhaustiva sobre los efectos mentales del cannabis se llev\u00f3 a cabo en la India colonial brit\u00e1nica a finales del siglo XIX: el informe de la&nbsp;<strong>Indian Hemp Drug Commission<\/strong>, es un documento de m\u00e1s de tres mil p\u00e1ginas en el que se estudian los efectos f\u00edsicos, mentales y morales del consumo de cannabis. Para ello, a petici\u00f3n del gobierno brit\u00e1nico, se recogieron los testimonios de m\u00e9dicos indios e ingleses, misioneros, comerciantes y otros profesionales a lo largo de dos a\u00f1os (1893-1894) en treinta ciudades de la India. Las conclusiones finales del informe se\u00f1alaban que:<\/p>\n\n\n\n<p>\u201c<em><strong>Con respecto a los alegados efectos mentales de estas drogas, la Comisi\u00f3n ha llegado a la conclusi\u00f3n de que su uso moderado no produce ning\u00fan efecto perjudicial en la mente. Dejando de lado los casos excepcionales, el empleo moderado no produce ninguna lesi\u00f3n mental. Es distinto del caso del uso excesivo, que estimula la inestabilidad mental. Se ha demostrado que en sujetos con debilidad mental o predisposici\u00f3n hereditaria el uso excesivo de las drogas, el c\u00e1\u00f1amo puede inducir demencia, aunque en este sentido se haya exagerado enormemente de un tiempo a aqu\u00ed.<\/strong><\/em>\u201c<\/p>\n\n\n\n<p>El informe de la&nbsp;<strong>Indian Hemp Drug Commission<\/strong>&nbsp;inclu\u00eda una evaluaci\u00f3n de los casos admitidos en hospitales psiqui\u00e1tricos de la India en 1893 que se supon\u00eda pod\u00edan estar en relaci\u00f3n con el consumo de cannabis. Tras analizar&nbsp;<strong>2.344 casos<\/strong>, la comisi\u00f3n concluy\u00f3 que&nbsp;<strong>61 de ellos<\/strong>&nbsp;podr\u00edan estar causados por el efecto de la droga. El informe se\u00f1alaba que, incluso en esos casos, era imposible averiguar si el cannabis era la \u00fanica causa de la enfermedad o simplemente se trataba de pacientes previamente enfermos en los que el uso intensivo de cannabis hab\u00eda contribuido a agravar su estado.&nbsp;<br><br>Otros estudios realizados durante el primer tercio del siglo XX llegaron a conclusiones similares a las obtenidas por parte de la&nbsp;<strong>Indian Hemp Drug Commission<\/strong>. As\u00ed, tanto un estudio del ej\u00e9rcito norteamericano sobre los \u201cefectos sociales\u201d del consumo de marihuana (1927) como otro del&nbsp;<strong>Ayuntamiento de Nueva York<\/strong>&nbsp;(1932) coinciden en que el cannabis s\u00f3lo puede ser perjudicial en casos excepcionales, tras uso muy intensivo o enfermedad previa.<\/p>\n\n\n\n<p>Coincidiendo con la promulgaci\u00f3n de las primeras leyes represivas hacia los derivados del c\u00e1\u00f1amo en EE.UU. (la&nbsp;<strong>Marihuana Tax Act<\/strong>) en 1937 la percepci\u00f3n social acerca del cannabis experimenta un cambio importante. Comienzan a aparecer en la prensa una serie de historias sensacionalistas sobre horrendos cr\u00edmenes, vicio, lujuria, violencia y enfermedad mental asociados al consumo de marihuana. La prensa publica titulares como \u201c<em><strong>La marihuana convierte a los ni\u00f1os en bestias en 30 d\u00edas<\/strong><\/em>\u201d o \u201c<em><strong>Se identifica a un fumador de marihuana como \u201cEl Pistolero Salvaje\u201d<\/strong><\/em>\u201d; el jefe del Federal Bureau of Narcotics,&nbsp;<a href=\"https:\/\/en.wikipedia.org\/wiki\/Harry_J._Anslinger\" target=\"_blank\" rel=\"noreferrer noopener\"><strong>Harry J. Anslinger<\/strong><\/a>, declara que \u201c<em><strong>si el horroroso monstruo de Frankenstein se encontrara cara a cara con el monstruo de la marihuana saldr\u00eda corriendo de miedo<\/strong><\/em>\u201d e incluso aparecen pel\u00edculas de cine como&nbsp;<strong>Reefer Madness<\/strong>&nbsp;(1936) en la que se relatan los graves efectos mentales y sociales que produce \u201c<strong>el verdadero enemigo p\u00fablico n\u00famero uno<\/strong>\u201d. El cannabis comienza a percibirse como una grave amenaza para la salud f\u00edsica y mental, ya no en circunstancias concretas y excepcionales, sino como un peligro para toda la poblaci\u00f3n. En la divulgaci\u00f3n de estos nuevos mensajes la&nbsp;<strong>Oficina Federal de Narc\u00f3ticos de EE.UU.<\/strong>&nbsp;y las distintas asociaciones prohibicionistas desempe\u00f1aron un papel fundamental.<\/p>\n\n\n\n<p>As\u00ed, el cannabis pas\u00f3 de ser un suave narc\u00f3tico para convertirse en un generador de vicio y locura coincidiendo con la Prohibici\u00f3n. Es cierto que los avances en el m\u00e9todo cient\u00edfico a lo largo del siglo XX han permitido detectar y explicar problemas que pasaron desapercibidos en la Antig\u00fcedad pero la brusquedad en el cambio resulta, cuando menos, llamativa.<\/p>\n","protected":false},"excerpt":{"rendered":"<span class=\"span-reading-time rt-reading-time\" style=\"display: block;\"><span class=\"rt-label rt-prefix\">Tiempo de lectura:<\/span> <span class=\"rt-time\"> 4<\/span> <span class=\"rt-label rt-postfix\">minutos<\/span><\/span>Por Dr. Fernando Caudevilla En\u00a0la primera entrega de esta serie\u00a0sobre Cannabis y Salud Mental analizamos las diferencias entre \u201crelaci\u00f3n\u201d y \u201ccausa\u201d, fundamentales para abordar el tema que nos ocupa. Mostramos que existe relaci\u00f3n estad\u00edstica entre el uso de cannabis y problemas como la&nbsp;psicosis&nbsp;o los&nbsp;trastornos de ansiedad, pero que se trata de una circunstancia estad\u00edsticamente poco [&hellip;]","protected":false},"author":1,"featured_media":3908,"comment_status":"closed","ping_status":"closed","sticky":false,"template":"","format":"standard","meta":{"loftocean-featured-post":"","loftocean_post_format_gallery":"","loftocean_post_format_gallery_ids":"","loftocean_post_format_gallery_urls":"","loftocean_post_format_video_id":"","loftocean_post_format_video_url":"","loftocean_post_format_video_type":"","loftocean_post_format_video":"","loftocean_post_format_audio_type":"","loftocean_post_format_audio_url":"","loftocean_post_format_audio_id":"","loftocean_post_format_audio":"","loftocean_post_format_quote_text":"","loftocean_post_format_quote_byline":"","loftocean_post_format_link_text":"","loftocean_post_format_link_url":"","ceramag_post_header_style":"","ceramag_enable_background_video":"","ceramag_show_in_top_slider":"","ceramag_post_background_video_start":"","ceramag_post_background_video_end":"","loftocean_page_background_video_id":"","loftocean_page_background_video_url":"","loftocean_page_background_video_type":"","loftocean_page_background_video":"","ceramag_background_video_start":"","ceramag_background_video_end":"","ceramag_single_page_hide_header":"","footnotes":""},"categories":[36],"tags":[41,799,51],"class_list":["post-3907","post","type-post","status-publish","format-standard","has-post-thumbnail","hentry","category-medicinal","tag-cannabis","tag-historia","tag-salud"],"yoast_head":"<!-- This site is optimized with the Yoast SEO plugin v24.9 - https:\/\/yoast.com\/wordpress\/plugins\/seo\/ -->\n<title>EL CANNABIS Y LA SALUD MENTAL EN LA HISTORIA<\/title>\n<meta name=\"description\" content=\"Entrada &#8226; Portal multimedia sobre cannabis y otras sustancias &#8226; 16 febrero, 2016\" \/>\n<meta name=\"robots\" content=\"index, follow, max-snippet:-1, max-image-preview:large, max-video-preview:-1\" \/>\n<link rel=\"canonical\" href=\"https:\/\/www.cannabis.es\/pw\/2016\/02\/16\/el-cannabis-y-la-salud-mental-en-la-historia\/\" \/>\n<meta name=\"twitter:card\" content=\"summary_large_image\" \/>\n<meta name=\"twitter:title\" content=\"EL CANNABIS Y LA SALUD MENTAL EN LA HISTORIA\" \/>\n<meta name=\"twitter:description\" content=\"Entrada &#8226; Portal multimedia sobre cannabis y otras sustancias &#8226; 16 febrero, 2016\" \/>\n<meta name=\"twitter:image\" content=\"https:\/\/www.cannabis.es\/pw\/wp-content\/uploads\/2020\/05\/historia.jpg\" \/>\n<meta name=\"twitter:creator\" content=\"@cannabis_es\" \/>\n<meta name=\"twitter:site\" content=\"@cannabis_es\" \/>\n<meta name=\"twitter:label1\" content=\"Escrito por\" \/>\n\t<meta name=\"twitter:data1\" content=\"Cannabis.es\" \/>\n\t<meta name=\"twitter:label2\" content=\"Tiempo de lectura\" \/>\n\t<meta name=\"twitter:data2\" content=\"7 minutos\" \/>\n<script type=\"application\/ld+json\" class=\"yoast-schema-graph\">{\"@context\":\"https:\/\/schema.org\",\"@graph\":[{\"@type\":\"Article\",\"@id\":\"https:\/\/www.cannabis.es\/pw\/2016\/02\/16\/el-cannabis-y-la-salud-mental-en-la-historia\/#article\",\"isPartOf\":{\"@id\":\"https:\/\/www.cannabis.es\/pw\/2016\/02\/16\/el-cannabis-y-la-salud-mental-en-la-historia\/\"},\"author\":{\"name\":\"Cannabis.es\",\"@id\":\"https:\/\/www.cannabis.es\/pw\/#\/schema\/person\/e2fbd204580cf4fe74c79b82bc447374\"},\"headline\":\"EL CANNABIS Y LA SALUD MENTAL EN LA HISTORIA\",\"datePublished\":\"2016-02-16T11:41:30+00:00\",\"dateModified\":\"2020-06-08T08:41:54+00:00\",\"mainEntityOfPage\":{\"@id\":\"https:\/\/www.cannabis.es\/pw\/2016\/02\/16\/el-cannabis-y-la-salud-mental-en-la-historia\/\"},\"wordCount\":1342,\"publisher\":{\"@id\":\"https:\/\/www.cannabis.es\/pw\/#organization\"},\"image\":{\"@id\":\"https:\/\/www.cannabis.es\/pw\/2016\/02\/16\/el-cannabis-y-la-salud-mental-en-la-historia\/#primaryimage\"},\"thumbnailUrl\":\"https:\/\/www.cannabis.es\/pw\/wp-content\/uploads\/2020\/05\/historia.jpg\",\"keywords\":[\"cannabis\",\"historia\",\"salud\"],\"articleSection\":[\"Medicinal\"],\"inLanguage\":\"es\"},{\"@type\":\"WebPage\",\"@id\":\"https:\/\/www.cannabis.es\/pw\/2016\/02\/16\/el-cannabis-y-la-salud-mental-en-la-historia\/\",\"url\":\"https:\/\/www.cannabis.es\/pw\/2016\/02\/16\/el-cannabis-y-la-salud-mental-en-la-historia\/\",\"name\":\"EL CANNABIS Y LA SALUD MENTAL EN LA HISTORIA\",\"isPartOf\":{\"@id\":\"https:\/\/www.cannabis.es\/pw\/#website\"},\"primaryImageOfPage\":{\"@id\":\"https:\/\/www.cannabis.es\/pw\/2016\/02\/16\/el-cannabis-y-la-salud-mental-en-la-historia\/#primaryimage\"},\"image\":{\"@id\":\"https:\/\/www.cannabis.es\/pw\/2016\/02\/16\/el-cannabis-y-la-salud-mental-en-la-historia\/#primaryimage\"},\"thumbnailUrl\":\"https:\/\/www.cannabis.es\/pw\/wp-content\/uploads\/2020\/05\/historia.jpg\",\"datePublished\":\"2016-02-16T11:41:30+00:00\",\"dateModified\":\"2020-06-08T08:41:54+00:00\",\"description\":\"Entrada &#8226; Portal multimedia sobre cannabis y otras sustancias &#8226; 16 febrero, 2016\",\"breadcrumb\":{\"@id\":\"https:\/\/www.cannabis.es\/pw\/2016\/02\/16\/el-cannabis-y-la-salud-mental-en-la-historia\/#breadcrumb\"},\"inLanguage\":\"es\",\"potentialAction\":[{\"@type\":\"ReadAction\",\"target\":[\"https:\/\/www.cannabis.es\/pw\/2016\/02\/16\/el-cannabis-y-la-salud-mental-en-la-historia\/\"]}]},{\"@type\":\"ImageObject\",\"inLanguage\":\"es\",\"@id\":\"https:\/\/www.cannabis.es\/pw\/2016\/02\/16\/el-cannabis-y-la-salud-mental-en-la-historia\/#primaryimage\",\"url\":\"https:\/\/www.cannabis.es\/pw\/wp-content\/uploads\/2020\/05\/historia.jpg\",\"contentUrl\":\"https:\/\/www.cannabis.es\/pw\/wp-content\/uploads\/2020\/05\/historia.jpg\",\"width\":959,\"height\":475},{\"@type\":\"BreadcrumbList\",\"@id\":\"https:\/\/www.cannabis.es\/pw\/2016\/02\/16\/el-cannabis-y-la-salud-mental-en-la-historia\/#breadcrumb\",\"itemListElement\":[{\"@type\":\"ListItem\",\"position\":1,\"name\":\"Portada\",\"item\":\"http:\/\/www.cannabis.es\/pw\/\"},{\"@type\":\"ListItem\",\"position\":2,\"name\":\"EL CANNABIS Y LA SALUD MENTAL EN LA HISTORIA\"}]},{\"@type\":\"WebSite\",\"@id\":\"https:\/\/www.cannabis.es\/pw\/#website\",\"url\":\"https:\/\/www.cannabis.es\/pw\/\",\"name\":\"Cannabis\",\"description\":\"Portal multimedia sobre cannabis y otras sustancias\",\"publisher\":{\"@id\":\"https:\/\/www.cannabis.es\/pw\/#organization\"},\"potentialAction\":[{\"@type\":\"SearchAction\",\"target\":{\"@type\":\"EntryPoint\",\"urlTemplate\":\"https:\/\/www.cannabis.es\/pw\/?s={search_term_string}\"},\"query-input\":{\"@type\":\"PropertyValueSpecification\",\"valueRequired\":true,\"valueName\":\"search_term_string\"}}],\"inLanguage\":\"es\"},{\"@type\":\"Organization\",\"@id\":\"https:\/\/www.cannabis.es\/pw\/#organization\",\"name\":\"Cannabis.es\",\"url\":\"https:\/\/www.cannabis.es\/pw\/\",\"logo\":{\"@type\":\"ImageObject\",\"inLanguage\":\"es\",\"@id\":\"https:\/\/www.cannabis.es\/pw\/#\/schema\/logo\/image\/\",\"url\":\"https:\/\/www.cannabis.es\/pw\/wp-content\/uploads\/2019\/04\/cropped-logo_cannabis.png\",\"contentUrl\":\"https:\/\/www.cannabis.es\/pw\/wp-content\/uploads\/2019\/04\/cropped-logo_cannabis.png\",\"width\":361,\"height\":120,\"caption\":\"Cannabis.es\"},\"image\":{\"@id\":\"https:\/\/www.cannabis.es\/pw\/#\/schema\/logo\/image\/\"},\"sameAs\":[\"https:\/\/x.com\/cannabis_es\"]},{\"@type\":\"Person\",\"@id\":\"https:\/\/www.cannabis.es\/pw\/#\/schema\/person\/e2fbd204580cf4fe74c79b82bc447374\",\"name\":\"Cannabis.es\",\"image\":{\"@type\":\"ImageObject\",\"inLanguage\":\"es\",\"@id\":\"https:\/\/www.cannabis.es\/pw\/#\/schema\/person\/image\/\",\"url\":\"https:\/\/secure.gravatar.com\/avatar\/4375b1eb6e272e2e48a4b8a8def52e5f208151f555bb5906da616906ee6dd2e8?s=96&d=mm&r=g\",\"contentUrl\":\"https:\/\/secure.gravatar.com\/avatar\/4375b1eb6e272e2e48a4b8a8def52e5f208151f555bb5906da616906ee6dd2e8?s=96&d=mm&r=g\",\"caption\":\"Cannabis.es\"},\"url\":\"https:\/\/www.cannabis.es\/pw\/author\/cannabis\/\"}]}<\/script>\n<!-- \/ Yoast SEO plugin. -->","yoast_head_json":{"title":"EL CANNABIS Y LA SALUD MENTAL EN LA HISTORIA","description":"Entrada &#8226; Portal multimedia sobre cannabis y otras sustancias &#8226; 16 febrero, 2016","robots":{"index":"index","follow":"follow","max-snippet":"max-snippet:-1","max-image-preview":"max-image-preview:large","max-video-preview":"max-video-preview:-1"},"canonical":"https:\/\/www.cannabis.es\/pw\/2016\/02\/16\/el-cannabis-y-la-salud-mental-en-la-historia\/","twitter_card":"summary_large_image","twitter_title":"EL CANNABIS Y LA SALUD MENTAL EN LA HISTORIA","twitter_description":"Entrada &#8226; Portal multimedia sobre cannabis y otras sustancias &#8226; 16 febrero, 2016","twitter_image":"https:\/\/www.cannabis.es\/pw\/wp-content\/uploads\/2020\/05\/historia.jpg","twitter_creator":"@cannabis_es","twitter_site":"@cannabis_es","twitter_misc":{"Escrito por":"Cannabis.es","Tiempo de lectura":"7 minutos"},"schema":{"@context":"https:\/\/schema.org","@graph":[{"@type":"Article","@id":"https:\/\/www.cannabis.es\/pw\/2016\/02\/16\/el-cannabis-y-la-salud-mental-en-la-historia\/#article","isPartOf":{"@id":"https:\/\/www.cannabis.es\/pw\/2016\/02\/16\/el-cannabis-y-la-salud-mental-en-la-historia\/"},"author":{"name":"Cannabis.es","@id":"https:\/\/www.cannabis.es\/pw\/#\/schema\/person\/e2fbd204580cf4fe74c79b82bc447374"},"headline":"EL CANNABIS Y LA SALUD MENTAL EN LA HISTORIA","datePublished":"2016-02-16T11:41:30+00:00","dateModified":"2020-06-08T08:41:54+00:00","mainEntityOfPage":{"@id":"https:\/\/www.cannabis.es\/pw\/2016\/02\/16\/el-cannabis-y-la-salud-mental-en-la-historia\/"},"wordCount":1342,"publisher":{"@id":"https:\/\/www.cannabis.es\/pw\/#organization"},"image":{"@id":"https:\/\/www.cannabis.es\/pw\/2016\/02\/16\/el-cannabis-y-la-salud-mental-en-la-historia\/#primaryimage"},"thumbnailUrl":"https:\/\/www.cannabis.es\/pw\/wp-content\/uploads\/2020\/05\/historia.jpg","keywords":["cannabis","historia","salud"],"articleSection":["Medicinal"],"inLanguage":"es"},{"@type":"WebPage","@id":"https:\/\/www.cannabis.es\/pw\/2016\/02\/16\/el-cannabis-y-la-salud-mental-en-la-historia\/","url":"https:\/\/www.cannabis.es\/pw\/2016\/02\/16\/el-cannabis-y-la-salud-mental-en-la-historia\/","name":"EL CANNABIS Y LA SALUD MENTAL EN LA HISTORIA","isPartOf":{"@id":"https:\/\/www.cannabis.es\/pw\/#website"},"primaryImageOfPage":{"@id":"https:\/\/www.cannabis.es\/pw\/2016\/02\/16\/el-cannabis-y-la-salud-mental-en-la-historia\/#primaryimage"},"image":{"@id":"https:\/\/www.cannabis.es\/pw\/2016\/02\/16\/el-cannabis-y-la-salud-mental-en-la-historia\/#primaryimage"},"thumbnailUrl":"https:\/\/www.cannabis.es\/pw\/wp-content\/uploads\/2020\/05\/historia.jpg","datePublished":"2016-02-16T11:41:30+00:00","dateModified":"2020-06-08T08:41:54+00:00","description":"Entrada &#8226; Portal multimedia sobre cannabis y otras sustancias &#8226; 16 febrero, 2016","breadcrumb":{"@id":"https:\/\/www.cannabis.es\/pw\/2016\/02\/16\/el-cannabis-y-la-salud-mental-en-la-historia\/#breadcrumb"},"inLanguage":"es","potentialAction":[{"@type":"ReadAction","target":["https:\/\/www.cannabis.es\/pw\/2016\/02\/16\/el-cannabis-y-la-salud-mental-en-la-historia\/"]}]},{"@type":"ImageObject","inLanguage":"es","@id":"https:\/\/www.cannabis.es\/pw\/2016\/02\/16\/el-cannabis-y-la-salud-mental-en-la-historia\/#primaryimage","url":"https:\/\/www.cannabis.es\/pw\/wp-content\/uploads\/2020\/05\/historia.jpg","contentUrl":"https:\/\/www.cannabis.es\/pw\/wp-content\/uploads\/2020\/05\/historia.jpg","width":959,"height":475},{"@type":"BreadcrumbList","@id":"https:\/\/www.cannabis.es\/pw\/2016\/02\/16\/el-cannabis-y-la-salud-mental-en-la-historia\/#breadcrumb","itemListElement":[{"@type":"ListItem","position":1,"name":"Portada","item":"http:\/\/www.cannabis.es\/pw\/"},{"@type":"ListItem","position":2,"name":"EL CANNABIS Y LA SALUD MENTAL EN LA HISTORIA"}]},{"@type":"WebSite","@id":"https:\/\/www.cannabis.es\/pw\/#website","url":"https:\/\/www.cannabis.es\/pw\/","name":"Cannabis","description":"Portal multimedia sobre cannabis y otras sustancias","publisher":{"@id":"https:\/\/www.cannabis.es\/pw\/#organization"},"potentialAction":[{"@type":"SearchAction","target":{"@type":"EntryPoint","urlTemplate":"https:\/\/www.cannabis.es\/pw\/?s={search_term_string}"},"query-input":{"@type":"PropertyValueSpecification","valueRequired":true,"valueName":"search_term_string"}}],"inLanguage":"es"},{"@type":"Organization","@id":"https:\/\/www.cannabis.es\/pw\/#organization","name":"Cannabis.es","url":"https:\/\/www.cannabis.es\/pw\/","logo":{"@type":"ImageObject","inLanguage":"es","@id":"https:\/\/www.cannabis.es\/pw\/#\/schema\/logo\/image\/","url":"https:\/\/www.cannabis.es\/pw\/wp-content\/uploads\/2019\/04\/cropped-logo_cannabis.png","contentUrl":"https:\/\/www.cannabis.es\/pw\/wp-content\/uploads\/2019\/04\/cropped-logo_cannabis.png","width":361,"height":120,"caption":"Cannabis.es"},"image":{"@id":"https:\/\/www.cannabis.es\/pw\/#\/schema\/logo\/image\/"},"sameAs":["https:\/\/x.com\/cannabis_es"]},{"@type":"Person","@id":"https:\/\/www.cannabis.es\/pw\/#\/schema\/person\/e2fbd204580cf4fe74c79b82bc447374","name":"Cannabis.es","image":{"@type":"ImageObject","inLanguage":"es","@id":"https:\/\/www.cannabis.es\/pw\/#\/schema\/person\/image\/","url":"https:\/\/secure.gravatar.com\/avatar\/4375b1eb6e272e2e48a4b8a8def52e5f208151f555bb5906da616906ee6dd2e8?s=96&d=mm&r=g","contentUrl":"https:\/\/secure.gravatar.com\/avatar\/4375b1eb6e272e2e48a4b8a8def52e5f208151f555bb5906da616906ee6dd2e8?s=96&d=mm&r=g","caption":"Cannabis.es"},"url":"https:\/\/www.cannabis.es\/pw\/author\/cannabis\/"}]}},"_links":{"self":[{"href":"https:\/\/www.cannabis.es\/pw\/wp-json\/wp\/v2\/posts\/3907","targetHints":{"allow":["GET"]}}],"collection":[{"href":"https:\/\/www.cannabis.es\/pw\/wp-json\/wp\/v2\/posts"}],"about":[{"href":"https:\/\/www.cannabis.es\/pw\/wp-json\/wp\/v2\/types\/post"}],"author":[{"embeddable":true,"href":"https:\/\/www.cannabis.es\/pw\/wp-json\/wp\/v2\/users\/1"}],"replies":[{"embeddable":true,"href":"https:\/\/www.cannabis.es\/pw\/wp-json\/wp\/v2\/comments?post=3907"}],"version-history":[{"count":3,"href":"https:\/\/www.cannabis.es\/pw\/wp-json\/wp\/v2\/posts\/3907\/revisions"}],"predecessor-version":[{"id":5517,"href":"https:\/\/www.cannabis.es\/pw\/wp-json\/wp\/v2\/posts\/3907\/revisions\/5517"}],"wp:featuredmedia":[{"embeddable":true,"href":"https:\/\/www.cannabis.es\/pw\/wp-json\/wp\/v2\/media\/3908"}],"wp:attachment":[{"href":"https:\/\/www.cannabis.es\/pw\/wp-json\/wp\/v2\/media?parent=3907"}],"wp:term":[{"taxonomy":"category","embeddable":true,"href":"https:\/\/www.cannabis.es\/pw\/wp-json\/wp\/v2\/categories?post=3907"},{"taxonomy":"post_tag","embeddable":true,"href":"https:\/\/www.cannabis.es\/pw\/wp-json\/wp\/v2\/tags?post=3907"}],"curies":[{"name":"wp","href":"https:\/\/api.w.org\/{rel}","templated":true}]}}