{"id":3915,"date":"2016-02-15T12:44:41","date_gmt":"2016-02-15T11:44:41","guid":{"rendered":"http:\/\/www.cannabis.es\/pw\/?p=3915"},"modified":"2020-05-25T12:46:58","modified_gmt":"2020-05-25T10:46:58","slug":"retratos-del-cambio-cannabico-en-uruguay","status":"publish","type":"post","link":"https:\/\/www.cannabis.es\/pw\/2016\/02\/15\/retratos-del-cambio-cannabico-en-uruguay\/","title":{"rendered":"Retratos del cambio cann\u00e1bico en Uruguay"},"content":{"rendered":"\n<p><strong>Mauricio Nieto<\/strong>, es un fot\u00f3grafo uruguayo que ha retratado la liberaci\u00f3n del cannabis en su pa\u00eds y a sus protagonistas.<\/p>\n\n\n\n<hr class=\"wp-block-separator\"\/>\n\n\n\n<p>Su proyecto \u201c<strong>Yo me planto<\/strong>\u201d nace en 2013, y desde el primer momento en que vimos sus fotos, supimos que esto es algo que ten\u00edamos que compartir con todos vosotros, porque sus retratos han captado un momento de cambio hist\u00f3rico en el pa\u00eds latinoamericano, que se ha extendido por el mundo como un inmejorable ejemplo de c\u00f3mo debe ser la normalizaci\u00f3n del consumo cann\u00e1bico, sea cual sea su finalidad\u2026<\/p>\n\n\n\n<p>Nos pusimos en contacto con Mauricio para que contestase a algunas preguntas y nos diese detalles sobre su fant\u00e1stico trabajo\u2026 y aqu\u00ed puedes leer el resultado\u2026<\/p>\n\n\n\n<p><em><strong>Antes de entrar en materia, \u00bfpodr\u00edas presentarte ante nuestros lectores? \u00bfQui\u00e9n es Mauricio Nieto?<\/strong><\/em><\/p>\n\n\n\n<p>Hola lectofumones de&nbsp;<strong>Cannabis.es<\/strong>, \u00bfc\u00f3mo est\u00e1n? Un gusto de compartir con ustedes, esto que nos une a todos, que es el Cannabis. Soy Mauricio Nieto, nac\u00ed el 16 de Marzo de 1978 en Montevideo, Uruguay, terminando el verano y en plena dictadura. Criado en un barrio de inmigrantes, siendo mis antepasados aquellos que llegaron a principios del siglo XX a Uruguay en busca de oportunidad, provenientes de Europa, con mirada emprendedora y so\u00f1adora.&nbsp;<br>En la actualidad me encuentro culminando el Proyecto de egreso de la Universidad, en el Instituto Escuela Nacional de Bellas Artes, donde obtendr\u00e9 la Licenciatura en Artes, con especial \u00e9nfasis en fotograf\u00eda.<\/p>\n\n\n\n<p><em><strong>\u00bfCu\u00e1ndo empezaste a interesarte por la fotograf\u00eda?<\/strong><\/em><\/p>\n\n\n\n<p>Comenc\u00e9 en la adolescencia, siendo como todo joven inquieto por el mundo. De un d\u00eda para otro comenc\u00e9 a trabajar de asistente de camar\u00f3grafo en un canal de corte cultural, all\u00ed fue cuando decid\u00ed tomar mi primer curso de fotograf\u00eda introductoria, en la Escuela de Cine del Uruguay (ECU), donde comenz\u00f3 mi aventura con la fotograf\u00eda.<\/p>\n\n\n\n<figure class=\"wp-block-image\"><img decoding=\"async\" src=\"https:\/\/www.cannabis.es\/web\/images\/Fumadores8.jpg\" alt=\"Fumadores8\"\/><\/figure>\n\n\n\n<p><em><strong>Por lo que hemos visto, en tus fotograf\u00edas -adem\u00e1s de una evidente atracci\u00f3n por la bot\u00e1nica- hay una marcada presencia de lo que podr\u00edamos denominar la \u201ccultura urbana\u201d, el Hip Hop, las bicicletas \u201clowrider\u201d y la cultura callejera en general\u2026 \u00bfqu\u00e9 te atrae de este mundo?<\/strong><\/em><\/p>\n\n\n\n<p>El triangulo bici-plantas-rap es bastante interesante, debido a que todas ellas son disciplinas terap\u00e9uticas y\/o liberadoras para el alma; el arte, lo natural y libertad de moverse. Hablan un poco de quien soy, mi mundo, como el de tantas otras personas con las que comparto mismos gustos.<br>Estas actividades, como dec\u00eda, las encuentro ligadas al arte, aportando libertad y sentido a la vida. Soy amante y coleccionistas de bicicletas \u201casiento de banana\u201d antiguas (<em>stingray<\/em>&nbsp;o&nbsp;<em>lowriders<\/em>), cact\u00f3filo, cultivador, consumidor del Rap y fot\u00f3grafo. Gracias a eso me puedo cultivar como persona, en donde obtengo riqueza inmaterial para tratar de ensanchar el alma, sumado al contacto de lo natural, que aporta un toque de terap\u00e9utico y de libertad. Todo suma.<\/p>\n\n\n\n<p><em><strong>\u00bfY qu\u00e9 te motiv\u00f3 a comenzar un proyecto como \u201cYo Me Planto\u201d? \u00bfPodr\u00edas explicarnos brevemente en qu\u00e9 consiste el proyecto?<\/strong><\/em><\/p>\n\n\n\n<p>Tendr\u00eda que comenzar con una peque\u00f1a especie de introducci\u00f3n ya que el contexto es muy especial, no s\u00f3lo para la regi\u00f3n sino que para el mundo. Legalizar el cannabis no es poca cosa para una sociedad tan prohibicionista como la nuestra, o como otras tantas. Cambiar el paradigma de las mentes no es f\u00e1cil. Imag\u00ednate que se vive una algarab\u00eda y efervescencia especial en ese momento, legalizar el consumo y regular el cultivo de cannabis ya sea con el prop\u00f3sito que cada uno le encuentre.<br>Entonces imag\u00ednate ese momento\u2026 la motivaci\u00f3n art\u00edstica esta full, y me dije: porqu\u00e9 no ser parte y contribuir con un grano de arena al movimiento, tratar de contar algo a trav\u00e9s de las im\u00e1genes utilizando el lenguaje y las herramientas que uno tiene a su alcance, para crear o intentar crear una obra de car\u00e1cter art\u00edstico. Sentir la emoci\u00f3n, felicidad, quiz\u00e1s suene fr\u00edvolo pero es como sentirse enamorado del juego del la creaci\u00f3n, y de c\u00f3mo resolver esa aventura.&nbsp;<br>De esa forma trat\u00e9 de crear un h\u00edbrido, entre el proyecto de egreso de la Facultad y el proceso de legalizaci\u00f3n del cannabis en la&nbsp;<strong>R.O.U.<\/strong>&nbsp;(Rep\u00fablica Oriental del Uruguay)\u2026 de all\u00ed naci\u00f3 el proyecto.<br>Es importante a nivel social que exista un registro de lo que acontece a nuestro alrededor, a partir de esa mirada, parte, y a su vez, al mismo tiempo define el objetivo y\/o prop\u00f3sito del trabajo fotogr\u00e1fico.&nbsp;<br>El proyecto habla de los cultivadores de cannabis, su entorno, sus pasiones, de c\u00f3mo se plantan ante la vida (jaja), de sus cultivos, formas de cultivar y de que el cannabis tiene mucho para dar.<\/p>\n\n\n\n<figure class=\"wp-block-image\"><img decoding=\"async\" src=\"https:\/\/www.cannabis.es\/web\/images\/Cultivador14.jpg\" alt=\"Cultivador14\"\/><\/figure>\n\n\n\n<p><em><strong>Tenemos entendido que es un proyecto abierto\u2026 \u00bfQui\u00e9n puede participar en el proyecto?<\/strong><\/em><\/p>\n\n\n\n<p>Por supuesto, es algo abierto y libre para quien quiera participar. Participan casi todas las personas que se contactan conmigo a trav\u00e9s de Facebook o a trav\u00e9s del boca a boca, amigos y los amigos de mis amigos. Generalmente trato de ir a todos lados, pero no es f\u00e1cil, dado que el proyecto no tiene financiaci\u00f3n y debo costearme traslados, equipos. Es una limitaci\u00f3n real.<\/p>\n\n\n\n<p><em><strong>\u00bfC\u00f3mo es tu relaci\u00f3n personal con el cannabis?<\/strong><\/em><\/p>\n\n\n\n<p>Muy buena pregunta, mi relaci\u00f3n con el cannabis es algo que se ha desarrollado en los \u00faltimos a\u00f1os. Pas\u00e9 de ser consumidor a ser cultivador y apasionado de las plantas, la hermosura de sus formas, colores, flores, olores, sensaciones y su misticismo. Tengo una relaci\u00f3n muy fuerte y gracias a eso fue creciendo y al momento de hoy dio tanto que puede sumar distintas cosas para hacer algo un poco m\u00e1s grande.<br>De all\u00ed nace un proyecto que se llama&nbsp;<a href=\"http:\/\/www.cannabisphoto.uy\/\" target=\"_blank\" rel=\"noreferrer noopener\"><strong>Cannabisphoto<\/strong><\/a>&nbsp;que lo que hace es aglutinar no s\u00f3lo retratos de cultivadores, sino de plantas, flores secas, fumadores y fotograf\u00edas macro de semillas, tricomas, aceites. En algunos casos hago algo con mi pareja y espero que pueda crecer.&nbsp;<br>En realidad se ha transformado y me ha deformado casi exclusivamente a realizar solo fotograf\u00eda cann\u00e1bica. El nuevo sitio estar\u00e1 pronto en funcionamiento, ya est\u00e1 el dominio y una portada.&nbsp;<br>Se podr\u00eda decir que mi v\u00ednculo con la planta fue evolucionando y fuimos conociendo nuevos l\u00edmites entre nuestra relaci\u00f3n y hacemos un intercambio mutuo, en donde aprendemos cada d\u00eda, en cada encuentro.<\/p>\n\n\n\n<figure class=\"wp-block-image\"><img decoding=\"async\" src=\"https:\/\/www.cannabis.es\/web\/images\/Planta9.jpg\" alt=\"Planta9\"\/><\/figure>\n\n\n\n<p><em><strong>\u00bfY c\u00f3mo has vivido los cambios recientes con respecto al cannabis en Uruguay?<\/strong><\/em><\/p>\n\n\n\n<p>Como contaba anteriormente, vivir en un lugar donde se d\u00e9 un proceso de legalizaci\u00f3n y regulaci\u00f3n del Cannabis es una emoci\u00f3n muy grande, que en realidad es un sue\u00f1o vivir algo tan lindo, fue muy bien recibido. Imag\u00ednate todo el mundo hablando de eso todo el d\u00eda, fumando y so\u00f1ando. Cambiando un poco el paradigma de las mentes oxidadas y reaccionarias.<\/p>\n\n\n\n<p><em><strong>Algo que nos llama la atenci\u00f3n sobre las fotograf\u00edas que hemos podido ver de \u201cYo Me Planto\u201d es que los protagonistas son mayoritariamente gente joven, \u00bfhay alguna raz\u00f3n en particular para esto?<\/strong><\/em><\/p>\n\n\n\n<p>Creo que en este caso entran en escena varios temas, como puede ser que las personas de m\u00e1s de cuarenta a\u00f1os vivieron en dictadura y luego varios gobiernos represores. Esas personas no quieren confiar los datos al estado para cultivar de forma legal, no conf\u00edan debido a la represi\u00f3n vivida. Pensemos en un gobierno de derecha manejando todos esos datos, ese es un motivo real y varias personas me lo han mencionado. En ese marco es muy dif\u00edcil que tambi\u00e9n quieran posar para la foto.<br>Tambi\u00e9n podr\u00edamos decir que las personas m\u00e1s j\u00f3venes est\u00e1n m\u00e1s ligadas al consumo de im\u00e1genes y a sus plataformas, eso lo hace m\u00e1s popular en los j\u00f3venes que en los adultos.<br>Otra posibilidad es que para los j\u00f3venes, que no vivieron la dictadura, no sienten ese miedo, luego tambi\u00e9n podemos decir que fueron los m\u00e1s j\u00f3venes en su mayor\u00eda quienes militaron mas fuerte por la legalizaci\u00f3n, vivieron el momento y fue arrollador. Entonces porqu\u00e9 no sacarse la foto.<\/p>\n\n\n\n<p><em><strong>Nos parece que tu proyecto es un ejercicio perfecto para la normalizaci\u00f3n del autocultivo, que muestra a los cultivadores de cannabis como lo que son, personas normales y corrientes, y que ayuda a romper ciertos prejuicios sociales muy arraigados sobre el cannabis y sus usuarios\u2026 \u00bfC\u00f3mo ha sido recibido Yo Me Planto en Uruguay? \u00bfCrees que ese mensaje ha trascendido?<\/strong><\/em><\/p>\n\n\n\n<p>Creo que en tu pregunta explicas muy bien el objetivo y las personas lo han tomado de esa misma forma. Creo que s\u00ed, que pudo ayudar y que lo hace tambi\u00e9n hoy en d\u00eda, podemos decir que todo suma. Debido a que siempre las im\u00e1genes llegan a una persona que no las conoce, entonces quiz\u00e1s la persona pueda verlas y reflexionar sobre el contexto que vivimos y el cambio de paradigma. Es un ejercicio interesante aparte del arte, puede ser un fin en el arte poseer un car\u00e1cter social amplio para la reflexi\u00f3n de lo que sucede en nuestro mundo y de contarnos como es \u00e9se mundo, sus c\u00f3digos y naturalezas.<\/p>\n\n\n\n<p><em><strong>\u00bfHas expuesto (o tienes previsto exponer) tu trabajo en alguna sala de tu pa\u00eds?<\/strong><\/em><\/p>\n\n\n\n<p>En relaci\u00f3n a ese tema tuve la oportunidad de exponer mis fotos en&nbsp;<strong>Planeta Ganja<\/strong>&nbsp;(que es un Grow Shop amigo), all\u00ed las fotograf\u00edas estuvieron unos cuantos meses. Tambi\u00e9n expuse algunas en&nbsp;<strong>Bar Mingus<\/strong>&nbsp;y las mismas estuvieron un mes.<br>Luego han tenido difusi\u00f3n en&nbsp;<a href=\"http:\/\/www.cannabis.info\/ca\/soft-secrets&amp;hloc=1\" target=\"_blank\" rel=\"noreferrer noopener\"><strong>Soft Secrets Latam<\/strong><\/a>, en el peri\u00f3dico salieron un par de art\u00edculos sobre el proyecto hechas en Uruguay y otras en Chile.<\/p>\n\n\n\n<figure class=\"wp-block-image\"><img decoding=\"async\" src=\"https:\/\/www.cannabis.es\/web\/images\/yo-me-planto.jpg\" alt=\"yo me planto\"\/><\/figure>\n\n\n\n<p><em><strong>\u00bfY c\u00f3mo te planteas el futuro, en lo relativo a este proyecto y a otros nuevos que puedas estar preparando?<\/strong><\/em><\/p>\n\n\n\n<p>En realidad creo que el proyecto continuar\u00e1 hasta que un d\u00eda termine, no s\u00e9 cu\u00e1ndo ser\u00e1 pero todav\u00eda tengo cuerda para rato. Si tuviera un deseo seria poder llevarlo a otras ciudades, pa\u00edses, eso ser\u00eda bueno, no s\u00f3lo para m\u00ed, sino para el movimiento en especial y poder aportar lo que s\u00e9 hacer en otras regiones.<br>Como dec\u00eda en la pregunta anterior estuve en Chile en el 2015 all\u00ed tome algunos retratos, luego tambi\u00e9n tome retratos en varios departamentos en Uruguay y tengo algunos contactos en Buenos Aires para poder hacerlo all\u00ed. Quiz\u00e1s en alg\u00fan momento toque ir a Espa\u00f1a, debido a que soy ciudadano Uruguayo-Espa\u00f1ol y tengo algunos amigos que visitar, estar\u00eda en la lista de las cosas que a uno le gustar\u00eda hacer en la vida.<br>Tambi\u00e9n seguiremos con&nbsp;<strong>Cannabisphoto<\/strong>, meti\u00e9ndole a eso y tambi\u00e9n quiz\u00e1s en breves estaremos teniendo un Club Cannabico para poder producir nuestra ganja.<\/p>\n\n\n\n<p><em><strong>Muchas gracias por tu tiempo Mauricio, si quieres decir unas \u00faltimas palabras, eres libre de expresarte como gustes\u2026<\/strong><\/em><\/p>\n\n\n\n<p>En realidad lo que tengo para decir son s\u00f3lo palabras de agradecimiento para todos los amigos del Cannabis que logr\u00e9 hacer en este tiempo, que me han abierto sus puertas, y me trataron de forma amable y cari\u00f1osa. Tambi\u00e9n a todos lo que se han contactado y me expresan sus palabras de aliento, y a mi pareja Alejandra, que es un pilar fundamental.<\/p>\n\n\n\n<p>Por \u00faltimo gracias a&nbsp;<strong>Cannabis.es<\/strong>&nbsp;por el espacio en la plataforma multimedia y el inter\u00e9s de mostrar lo que hago, gracias<\/p>\n\n\n\n<p>Saludos para todos. Un abrazo gente.<\/p>\n\n\n\n<figure class=\"wp-block-embed\"><div class=\"wp-block-embed__wrapper\">\nhttp:\/\/mauricionieto.com.uy\/\n<\/div><\/figure>\n\n\n\n<figure class=\"wp-block-embed\"><div class=\"wp-block-embed__wrapper\">\nhttp:\/\/cannabisphoto.uy\/\n<\/div><\/figure>\n","protected":false},"excerpt":{"rendered":"<span class=\"span-reading-time rt-reading-time\" style=\"display: block;\"><span class=\"rt-label rt-prefix\">Tiempo de lectura:<\/span> <span class=\"rt-time\"> 6<\/span> <span class=\"rt-label rt-postfix\">minutos<\/span><\/span>Mauricio Nieto, es un fot\u00f3grafo uruguayo que ha retratado la liberaci\u00f3n del cannabis en su pa\u00eds y a sus protagonistas. Su proyecto \u201cYo me planto\u201d nace en 2013, y desde el primer momento en que vimos sus fotos, supimos que esto es algo que ten\u00edamos que compartir con todos vosotros, porque sus retratos han captado [&hellip;]","protected":false},"author":1,"featured_media":3916,"comment_status":"closed","ping_status":"closed","sticky":false,"template":"","format":"standard","meta":{"loftocean-featured-post":"","loftocean_post_format_gallery":"","loftocean_post_format_gallery_ids":"","loftocean_post_format_gallery_urls":"","loftocean_post_format_video_id":"","loftocean_post_format_video_url":"","loftocean_post_format_video_type":"","loftocean_post_format_video":"","loftocean_post_format_audio_type":"","loftocean_post_format_audio_url":"","loftocean_post_format_audio_id":"","loftocean_post_format_audio":"","loftocean_post_format_quote_text":"","loftocean_post_format_quote_byline":"","loftocean_post_format_link_text":"","loftocean_post_format_link_url":"","ceramag_post_header_style":"","ceramag_enable_background_video":"","ceramag_show_in_top_slider":"","ceramag_post_background_video_start":"","ceramag_post_background_video_end":"","loftocean_page_background_video_id":"","loftocean_page_background_video_url":"","loftocean_page_background_video_type":"","loftocean_page_background_video":"","ceramag_background_video_start":"","ceramag_background_video_end":"","ceramag_single_page_hide_header":"","footnotes":""},"categories":[33],"tags":[41,819,820],"class_list":["post-3915","post","type-post","status-publish","format-standard","has-post-thumbnail","hentry","category-entrevistas","tag-cannabis","tag-internacional","tag-uruguay"],"yoast_head":"<!-- This site is optimized with the Yoast SEO plugin v24.9 - https:\/\/yoast.com\/wordpress\/plugins\/seo\/ -->\n<title>Retratos del cambio cann\u00e1bico en Uruguay<\/title>\n<meta name=\"description\" content=\"Entrada &#8226; Portal multimedia sobre cannabis y otras sustancias &#8226; 15 febrero, 2016\" \/>\n<meta name=\"robots\" content=\"index, follow, max-snippet:-1, max-image-preview:large, max-video-preview:-1\" \/>\n<link rel=\"canonical\" href=\"https:\/\/www.cannabis.es\/pw\/2016\/02\/15\/retratos-del-cambio-cannabico-en-uruguay\/\" \/>\n<meta name=\"twitter:card\" content=\"summary_large_image\" \/>\n<meta name=\"twitter:title\" content=\"Retratos del cambio cann\u00e1bico en Uruguay\" \/>\n<meta name=\"twitter:description\" content=\"Entrada &#8226; Portal multimedia sobre cannabis y otras sustancias &#8226; 15 febrero, 2016\" \/>\n<meta name=\"twitter:image\" content=\"https:\/\/www.cannabis.es\/pw\/wp-content\/uploads\/2020\/05\/entrevista_MauricioNieto.jpg\" \/>\n<meta name=\"twitter:creator\" content=\"@cannabis_es\" \/>\n<meta name=\"twitter:site\" content=\"@cannabis_es\" \/>\n<meta name=\"twitter:label1\" content=\"Escrito por\" \/>\n\t<meta name=\"twitter:data1\" content=\"Cannabis.es\" \/>\n\t<meta name=\"twitter:label2\" content=\"Tiempo de lectura\" \/>\n\t<meta name=\"twitter:data2\" content=\"10 minutos\" \/>\n<script type=\"application\/ld+json\" class=\"yoast-schema-graph\">{\"@context\":\"https:\/\/schema.org\",\"@graph\":[{\"@type\":\"Article\",\"@id\":\"https:\/\/www.cannabis.es\/pw\/2016\/02\/15\/retratos-del-cambio-cannabico-en-uruguay\/#article\",\"isPartOf\":{\"@id\":\"https:\/\/www.cannabis.es\/pw\/2016\/02\/15\/retratos-del-cambio-cannabico-en-uruguay\/\"},\"author\":{\"name\":\"Cannabis.es\",\"@id\":\"https:\/\/www.cannabis.es\/pw\/#\/schema\/person\/e2fbd204580cf4fe74c79b82bc447374\"},\"headline\":\"Retratos del cambio cann\u00e1bico en Uruguay\",\"datePublished\":\"2016-02-15T11:44:41+00:00\",\"dateModified\":\"2020-05-25T10:46:58+00:00\",\"mainEntityOfPage\":{\"@id\":\"https:\/\/www.cannabis.es\/pw\/2016\/02\/15\/retratos-del-cambio-cannabico-en-uruguay\/\"},\"wordCount\":2005,\"publisher\":{\"@id\":\"https:\/\/www.cannabis.es\/pw\/#organization\"},\"image\":{\"@id\":\"https:\/\/www.cannabis.es\/pw\/2016\/02\/15\/retratos-del-cambio-cannabico-en-uruguay\/#primaryimage\"},\"thumbnailUrl\":\"https:\/\/www.cannabis.es\/pw\/wp-content\/uploads\/2020\/05\/entrevista_MauricioNieto.jpg\",\"keywords\":[\"cannabis\",\"internacional\",\"Uruguay\"],\"articleSection\":[\"Entrevistas\"],\"inLanguage\":\"es\"},{\"@type\":\"WebPage\",\"@id\":\"https:\/\/www.cannabis.es\/pw\/2016\/02\/15\/retratos-del-cambio-cannabico-en-uruguay\/\",\"url\":\"https:\/\/www.cannabis.es\/pw\/2016\/02\/15\/retratos-del-cambio-cannabico-en-uruguay\/\",\"name\":\"Retratos del cambio cann\u00e1bico en Uruguay\",\"isPartOf\":{\"@id\":\"https:\/\/www.cannabis.es\/pw\/#website\"},\"primaryImageOfPage\":{\"@id\":\"https:\/\/www.cannabis.es\/pw\/2016\/02\/15\/retratos-del-cambio-cannabico-en-uruguay\/#primaryimage\"},\"image\":{\"@id\":\"https:\/\/www.cannabis.es\/pw\/2016\/02\/15\/retratos-del-cambio-cannabico-en-uruguay\/#primaryimage\"},\"thumbnailUrl\":\"https:\/\/www.cannabis.es\/pw\/wp-content\/uploads\/2020\/05\/entrevista_MauricioNieto.jpg\",\"datePublished\":\"2016-02-15T11:44:41+00:00\",\"dateModified\":\"2020-05-25T10:46:58+00:00\",\"description\":\"Entrada &#8226; Portal multimedia sobre cannabis y otras sustancias &#8226; 15 febrero, 2016\",\"breadcrumb\":{\"@id\":\"https:\/\/www.cannabis.es\/pw\/2016\/02\/15\/retratos-del-cambio-cannabico-en-uruguay\/#breadcrumb\"},\"inLanguage\":\"es\",\"potentialAction\":[{\"@type\":\"ReadAction\",\"target\":[\"https:\/\/www.cannabis.es\/pw\/2016\/02\/15\/retratos-del-cambio-cannabico-en-uruguay\/\"]}]},{\"@type\":\"ImageObject\",\"inLanguage\":\"es\",\"@id\":\"https:\/\/www.cannabis.es\/pw\/2016\/02\/15\/retratos-del-cambio-cannabico-en-uruguay\/#primaryimage\",\"url\":\"https:\/\/www.cannabis.es\/pw\/wp-content\/uploads\/2020\/05\/entrevista_MauricioNieto.jpg\",\"contentUrl\":\"https:\/\/www.cannabis.es\/pw\/wp-content\/uploads\/2020\/05\/entrevista_MauricioNieto.jpg\",\"width\":959,\"height\":475},{\"@type\":\"BreadcrumbList\",\"@id\":\"https:\/\/www.cannabis.es\/pw\/2016\/02\/15\/retratos-del-cambio-cannabico-en-uruguay\/#breadcrumb\",\"itemListElement\":[{\"@type\":\"ListItem\",\"position\":1,\"name\":\"Portada\",\"item\":\"http:\/\/www.cannabis.es\/pw\/\"},{\"@type\":\"ListItem\",\"position\":2,\"name\":\"Retratos del cambio cann\u00e1bico en Uruguay\"}]},{\"@type\":\"WebSite\",\"@id\":\"https:\/\/www.cannabis.es\/pw\/#website\",\"url\":\"https:\/\/www.cannabis.es\/pw\/\",\"name\":\"Cannabis\",\"description\":\"Portal multimedia sobre cannabis y otras sustancias\",\"publisher\":{\"@id\":\"https:\/\/www.cannabis.es\/pw\/#organization\"},\"potentialAction\":[{\"@type\":\"SearchAction\",\"target\":{\"@type\":\"EntryPoint\",\"urlTemplate\":\"https:\/\/www.cannabis.es\/pw\/?s={search_term_string}\"},\"query-input\":{\"@type\":\"PropertyValueSpecification\",\"valueRequired\":true,\"valueName\":\"search_term_string\"}}],\"inLanguage\":\"es\"},{\"@type\":\"Organization\",\"@id\":\"https:\/\/www.cannabis.es\/pw\/#organization\",\"name\":\"Cannabis.es\",\"url\":\"https:\/\/www.cannabis.es\/pw\/\",\"logo\":{\"@type\":\"ImageObject\",\"inLanguage\":\"es\",\"@id\":\"https:\/\/www.cannabis.es\/pw\/#\/schema\/logo\/image\/\",\"url\":\"https:\/\/www.cannabis.es\/pw\/wp-content\/uploads\/2019\/04\/cropped-logo_cannabis.png\",\"contentUrl\":\"https:\/\/www.cannabis.es\/pw\/wp-content\/uploads\/2019\/04\/cropped-logo_cannabis.png\",\"width\":361,\"height\":120,\"caption\":\"Cannabis.es\"},\"image\":{\"@id\":\"https:\/\/www.cannabis.es\/pw\/#\/schema\/logo\/image\/\"},\"sameAs\":[\"https:\/\/x.com\/cannabis_es\"]},{\"@type\":\"Person\",\"@id\":\"https:\/\/www.cannabis.es\/pw\/#\/schema\/person\/e2fbd204580cf4fe74c79b82bc447374\",\"name\":\"Cannabis.es\",\"image\":{\"@type\":\"ImageObject\",\"inLanguage\":\"es\",\"@id\":\"https:\/\/www.cannabis.es\/pw\/#\/schema\/person\/image\/\",\"url\":\"https:\/\/secure.gravatar.com\/avatar\/4375b1eb6e272e2e48a4b8a8def52e5f208151f555bb5906da616906ee6dd2e8?s=96&d=mm&r=g\",\"contentUrl\":\"https:\/\/secure.gravatar.com\/avatar\/4375b1eb6e272e2e48a4b8a8def52e5f208151f555bb5906da616906ee6dd2e8?s=96&d=mm&r=g\",\"caption\":\"Cannabis.es\"},\"url\":\"https:\/\/www.cannabis.es\/pw\/author\/cannabis\/\"}]}<\/script>\n<!-- \/ Yoast SEO plugin. -->","yoast_head_json":{"title":"Retratos del cambio cann\u00e1bico en Uruguay","description":"Entrada &#8226; Portal multimedia sobre cannabis y otras sustancias &#8226; 15 febrero, 2016","robots":{"index":"index","follow":"follow","max-snippet":"max-snippet:-1","max-image-preview":"max-image-preview:large","max-video-preview":"max-video-preview:-1"},"canonical":"https:\/\/www.cannabis.es\/pw\/2016\/02\/15\/retratos-del-cambio-cannabico-en-uruguay\/","twitter_card":"summary_large_image","twitter_title":"Retratos del cambio cann\u00e1bico en Uruguay","twitter_description":"Entrada &#8226; Portal multimedia sobre cannabis y otras sustancias &#8226; 15 febrero, 2016","twitter_image":"https:\/\/www.cannabis.es\/pw\/wp-content\/uploads\/2020\/05\/entrevista_MauricioNieto.jpg","twitter_creator":"@cannabis_es","twitter_site":"@cannabis_es","twitter_misc":{"Escrito por":"Cannabis.es","Tiempo de lectura":"10 minutos"},"schema":{"@context":"https:\/\/schema.org","@graph":[{"@type":"Article","@id":"https:\/\/www.cannabis.es\/pw\/2016\/02\/15\/retratos-del-cambio-cannabico-en-uruguay\/#article","isPartOf":{"@id":"https:\/\/www.cannabis.es\/pw\/2016\/02\/15\/retratos-del-cambio-cannabico-en-uruguay\/"},"author":{"name":"Cannabis.es","@id":"https:\/\/www.cannabis.es\/pw\/#\/schema\/person\/e2fbd204580cf4fe74c79b82bc447374"},"headline":"Retratos del cambio cann\u00e1bico en Uruguay","datePublished":"2016-02-15T11:44:41+00:00","dateModified":"2020-05-25T10:46:58+00:00","mainEntityOfPage":{"@id":"https:\/\/www.cannabis.es\/pw\/2016\/02\/15\/retratos-del-cambio-cannabico-en-uruguay\/"},"wordCount":2005,"publisher":{"@id":"https:\/\/www.cannabis.es\/pw\/#organization"},"image":{"@id":"https:\/\/www.cannabis.es\/pw\/2016\/02\/15\/retratos-del-cambio-cannabico-en-uruguay\/#primaryimage"},"thumbnailUrl":"https:\/\/www.cannabis.es\/pw\/wp-content\/uploads\/2020\/05\/entrevista_MauricioNieto.jpg","keywords":["cannabis","internacional","Uruguay"],"articleSection":["Entrevistas"],"inLanguage":"es"},{"@type":"WebPage","@id":"https:\/\/www.cannabis.es\/pw\/2016\/02\/15\/retratos-del-cambio-cannabico-en-uruguay\/","url":"https:\/\/www.cannabis.es\/pw\/2016\/02\/15\/retratos-del-cambio-cannabico-en-uruguay\/","name":"Retratos del cambio cann\u00e1bico en Uruguay","isPartOf":{"@id":"https:\/\/www.cannabis.es\/pw\/#website"},"primaryImageOfPage":{"@id":"https:\/\/www.cannabis.es\/pw\/2016\/02\/15\/retratos-del-cambio-cannabico-en-uruguay\/#primaryimage"},"image":{"@id":"https:\/\/www.cannabis.es\/pw\/2016\/02\/15\/retratos-del-cambio-cannabico-en-uruguay\/#primaryimage"},"thumbnailUrl":"https:\/\/www.cannabis.es\/pw\/wp-content\/uploads\/2020\/05\/entrevista_MauricioNieto.jpg","datePublished":"2016-02-15T11:44:41+00:00","dateModified":"2020-05-25T10:46:58+00:00","description":"Entrada &#8226; Portal multimedia sobre cannabis y otras sustancias &#8226; 15 febrero, 2016","breadcrumb":{"@id":"https:\/\/www.cannabis.es\/pw\/2016\/02\/15\/retratos-del-cambio-cannabico-en-uruguay\/#breadcrumb"},"inLanguage":"es","potentialAction":[{"@type":"ReadAction","target":["https:\/\/www.cannabis.es\/pw\/2016\/02\/15\/retratos-del-cambio-cannabico-en-uruguay\/"]}]},{"@type":"ImageObject","inLanguage":"es","@id":"https:\/\/www.cannabis.es\/pw\/2016\/02\/15\/retratos-del-cambio-cannabico-en-uruguay\/#primaryimage","url":"https:\/\/www.cannabis.es\/pw\/wp-content\/uploads\/2020\/05\/entrevista_MauricioNieto.jpg","contentUrl":"https:\/\/www.cannabis.es\/pw\/wp-content\/uploads\/2020\/05\/entrevista_MauricioNieto.jpg","width":959,"height":475},{"@type":"BreadcrumbList","@id":"https:\/\/www.cannabis.es\/pw\/2016\/02\/15\/retratos-del-cambio-cannabico-en-uruguay\/#breadcrumb","itemListElement":[{"@type":"ListItem","position":1,"name":"Portada","item":"http:\/\/www.cannabis.es\/pw\/"},{"@type":"ListItem","position":2,"name":"Retratos del cambio cann\u00e1bico en Uruguay"}]},{"@type":"WebSite","@id":"https:\/\/www.cannabis.es\/pw\/#website","url":"https:\/\/www.cannabis.es\/pw\/","name":"Cannabis","description":"Portal multimedia sobre cannabis y otras sustancias","publisher":{"@id":"https:\/\/www.cannabis.es\/pw\/#organization"},"potentialAction":[{"@type":"SearchAction","target":{"@type":"EntryPoint","urlTemplate":"https:\/\/www.cannabis.es\/pw\/?s={search_term_string}"},"query-input":{"@type":"PropertyValueSpecification","valueRequired":true,"valueName":"search_term_string"}}],"inLanguage":"es"},{"@type":"Organization","@id":"https:\/\/www.cannabis.es\/pw\/#organization","name":"Cannabis.es","url":"https:\/\/www.cannabis.es\/pw\/","logo":{"@type":"ImageObject","inLanguage":"es","@id":"https:\/\/www.cannabis.es\/pw\/#\/schema\/logo\/image\/","url":"https:\/\/www.cannabis.es\/pw\/wp-content\/uploads\/2019\/04\/cropped-logo_cannabis.png","contentUrl":"https:\/\/www.cannabis.es\/pw\/wp-content\/uploads\/2019\/04\/cropped-logo_cannabis.png","width":361,"height":120,"caption":"Cannabis.es"},"image":{"@id":"https:\/\/www.cannabis.es\/pw\/#\/schema\/logo\/image\/"},"sameAs":["https:\/\/x.com\/cannabis_es"]},{"@type":"Person","@id":"https:\/\/www.cannabis.es\/pw\/#\/schema\/person\/e2fbd204580cf4fe74c79b82bc447374","name":"Cannabis.es","image":{"@type":"ImageObject","inLanguage":"es","@id":"https:\/\/www.cannabis.es\/pw\/#\/schema\/person\/image\/","url":"https:\/\/secure.gravatar.com\/avatar\/4375b1eb6e272e2e48a4b8a8def52e5f208151f555bb5906da616906ee6dd2e8?s=96&d=mm&r=g","contentUrl":"https:\/\/secure.gravatar.com\/avatar\/4375b1eb6e272e2e48a4b8a8def52e5f208151f555bb5906da616906ee6dd2e8?s=96&d=mm&r=g","caption":"Cannabis.es"},"url":"https:\/\/www.cannabis.es\/pw\/author\/cannabis\/"}]}},"_links":{"self":[{"href":"https:\/\/www.cannabis.es\/pw\/wp-json\/wp\/v2\/posts\/3915","targetHints":{"allow":["GET"]}}],"collection":[{"href":"https:\/\/www.cannabis.es\/pw\/wp-json\/wp\/v2\/posts"}],"about":[{"href":"https:\/\/www.cannabis.es\/pw\/wp-json\/wp\/v2\/types\/post"}],"author":[{"embeddable":true,"href":"https:\/\/www.cannabis.es\/pw\/wp-json\/wp\/v2\/users\/1"}],"replies":[{"embeddable":true,"href":"https:\/\/www.cannabis.es\/pw\/wp-json\/wp\/v2\/comments?post=3915"}],"version-history":[{"count":1,"href":"https:\/\/www.cannabis.es\/pw\/wp-json\/wp\/v2\/posts\/3915\/revisions"}],"predecessor-version":[{"id":3917,"href":"https:\/\/www.cannabis.es\/pw\/wp-json\/wp\/v2\/posts\/3915\/revisions\/3917"}],"wp:featuredmedia":[{"embeddable":true,"href":"https:\/\/www.cannabis.es\/pw\/wp-json\/wp\/v2\/media\/3916"}],"wp:attachment":[{"href":"https:\/\/www.cannabis.es\/pw\/wp-json\/wp\/v2\/media?parent=3915"}],"wp:term":[{"taxonomy":"category","embeddable":true,"href":"https:\/\/www.cannabis.es\/pw\/wp-json\/wp\/v2\/categories?post=3915"},{"taxonomy":"post_tag","embeddable":true,"href":"https:\/\/www.cannabis.es\/pw\/wp-json\/wp\/v2\/tags?post=3915"}],"curies":[{"name":"wp","href":"https:\/\/api.w.org\/{rel}","templated":true}]}}