{"id":3933,"date":"2016-02-11T12:54:56","date_gmt":"2016-02-11T11:54:56","guid":{"rendered":"http:\/\/www.cannabis.es\/pw\/?p=3933"},"modified":"2020-06-06T16:22:51","modified_gmt":"2020-06-06T14:22:51","slug":"el-cultivo-de-interior-16-el-cultivo-ecologico-2","status":"publish","type":"post","link":"https:\/\/www.cannabis.es\/pw\/2016\/02\/11\/el-cultivo-de-interior-16-el-cultivo-ecologico-2\/","title":{"rendered":"El Cultivo de Interior (16): el cultivo ecol\u00f3gico 2"},"content":{"rendered":"\n<p>Por Adryc Menells\u00f6n<\/p>\n\n\n\n<p>Hola de nuevo amigas y amigos de esta verde mar de Mar\u00eda; seguimos hoy la singladura inacabada por el cultivo ecol\u00f3gico de interior del cap\u00edtulo anterior. As\u00ed que no me demoro m\u00e1s y avante con ello.<\/p>\n\n\n\n<hr class=\"wp-block-separator\"\/>\n\n\n\n<p><strong>El Cultivo ecol\u00f3gico en interior.<\/strong><\/p>\n\n\n\n<p>Tras las aclaraciones hechas en el susodicho cap\u00edtulo vamos a hablar del asunto de una manera sensata y consecuente, as\u00ed que lo dividiremos en dos clases:<\/p>\n\n\n\n<p><strong>El cultivo ecol\u00f3gico en interior mediante abonos exclusivamente org\u00e1nicos.<\/strong><\/p>\n\n\n\n<p>Que por cierto es apasionante, y aunque no lo cre\u00e1is, mucho m\u00e1s c\u00f3modo que los cultivos abonados con productos comerciales, pues como ya os dije, un principio b\u00e1sico del cultico eco es alimentar nuestro suelo para que este a su vez, alimente a nuestras plantas.<\/p>\n\n\n\n<p>Pues bien, si preparamos un sustrato que aporte los nutrientes necesarios para el correcto desarrollo y maduraci\u00f3n de nuestras plantas, tan solo debemos limitarnos a regar con agua, limit\u00e1ndonos a ajustar el pH. Por el contrario con un&nbsp;<strong>abonado Bio-mineral<\/strong>&nbsp;debemos medir las dosis de las diversas soluciones nutrientes para el riego, ajustar la EC, pH\u2026Y el consiguiente reciclado de los envases vac\u00edos, que con los org\u00e1nicos no sucede, pues son reutilizables.<\/p>\n\n\n\n<p>Debemos estar muy atentos a nuestras plantas y actuar ante cualquier signo de carencia, a\u00f1adiendo m\u00e1s del nutriente requerido a base de t\u00e9s org\u00e1nicos. O de los excesos, la sobrefertilizaci\u00f3n es uno de los mayores problemas del cultivo mediante abonos org\u00e1nicos, pues hemos preparado un sustrato con nutrientes, que deberemos lavar exhaustivamente para corregir el problema; con ello echamos por la borda horas de trabajo y esfuerzo, debiendo de comenzar a regar a base de t\u00e9s y a\u00f1adiendo mantillos al sustrato, con lo cual, aparte del efecto negativo en la producci\u00f3n final, adi\u00f3s a la comodidad.&nbsp;<br>Tambi\u00e9n es muy importante conservar todas las hojas de la planta, quitando solo las que esta deseche.<\/p>\n\n\n\n<p>El efecto de los&nbsp;<strong>abonos org\u00e1nicos<\/strong>&nbsp;es de asimilaci\u00f3n lenta por lo que la fotos\u00edntesis es imprescindible para que la planta utilice toda su energ\u00eda en absorber dichos nutrientes y llevarlos a las flores, y para ello todas las hojas son necesarias; en el bio-mineral podemos quitar alguna sin que la planta apenas lo note en ese proceso, pues estos abonos son de asimilaci\u00f3n r\u00e1pida.<\/p>\n\n\n\n<p>Otra cosa, cuando hablo de abonos exclusivamente org\u00e1nicos me refiero a los distintos tipos de esti\u00e9rcoles, caballo, vaca, oveja, etc.; algas, tanto de origen marino como de r\u00edos y lagos, y a los diferentes tipos guanos, de murci\u00e9lago o de ave marina (personalmente me decanto por este \u00faltimo, ya que tiene una cantidad mayor de nitr\u00f3geno, tan necesario en las plantas en sus \u00faltimas semanas de vida.), esos que os coment\u00e9 eran tan costosos en tiempo de elaborar, as\u00ed que a\u00f1adimos un apartado aqu\u00ed para comentar que tambi\u00e9n podemos usar abonos org\u00e1nicos comerciales, elaborados a base de polvo de esti\u00e9rcol, o de algas, y diversos guanos, y que cumplen todos los requisitos, sellos, envasado y autorizaciones exigidas por la ley vigente, que afecta a estos productos y su fabricaci\u00f3n. Los pod\u00e9is comprar en cualquier distribuidor agro, o centro de jardiner\u00eda, incluso en grandes superficies, y podemos utilizarlos en nuestros cultivos y considerarlos org\u00e1nicos.<\/p>\n\n\n\n<p><strong>El cultivo mediante abonados Eco Comerciales.<\/strong><\/p>\n\n\n\n<p>Hoy d\u00eda, afortunadamente, disponemos en el mercado de cantidad de gamas de abonado ecol\u00f3gicas,&nbsp;<strong>BioBizz<\/strong>,<strong>&nbsp;Plagron<\/strong>,&nbsp;<strong>AgroBacterias<\/strong>, etc., en fin, no voy a nombrar m\u00e1s. Todas tienen sus tablas de cultivo y su uso tambi\u00e9n, siempre y cuando cumplamos con todas las normas de reciclaje de desechos, lo consideramos eco. Ya nos extenderemos m\u00e1s cuando hablemos del cultivo ecol\u00f3gico en esta web m\u00e1s adelante, no lo olvidar\u00e9 amigos, es mi pasi\u00f3n.<\/p>\n\n\n\n<p>Y como las palabras se demuestran con hechos, y por otro lado no hay mejor ejemplo que un cultivo, vamos con el seguimiento de una variedad cortes\u00eda de nuestros amigos ingleses de&nbsp;<a href=\"https:\/\/twitter.com\/weedseeds_UK\" target=\"_blank\" rel=\"noreferrer noopener\"><strong>Weed Seeds UK<\/strong><\/a>&nbsp;y&nbsp;<a href=\"http:\/\/www.ukseedbank.co.uk\/\" target=\"_blank\" rel=\"noreferrer noopener\"><strong>UK Seed Bank<\/strong><\/a>, unas&nbsp;<a href=\"http:\/\/www.greenhouseseeds.nl\/shop\/white-lemon-es.html\" target=\"_blank\" rel=\"noreferrer noopener\"><strong>White Lemon<\/strong><\/a>.<\/p>\n\n\n\n<p>Pondremos cinco semillas, de las cuales, las n\u00ba 1 y 2 ser\u00e1n cultivadas mediante abonado org\u00e1nico y las restantes n\u00ba 3, 4 y 5 con la nueva gama de abonado&nbsp;<a href=\"http:\/\/www.hydrogarden.com\/brands\/vitalink\/\" target=\"_blank\" rel=\"noreferrer noopener\"><strong>Vitalink<\/strong><\/a>, distribuida por&nbsp;<strong>Hydrogarden UK<\/strong>; es una gama de abonado con un fuerte componente de productos naturales que la hacen muy interesante. De esta manera veremos las diferencias de cultivo, trabajo y resultado entre dos t\u00e9cnicas de abonado, Eco y Bio-mineral.<\/p>\n\n\n\n<figure class=\"wp-block-image\"><img decoding=\"async\" src=\"https:\/\/www.cannabis.es\/web\/images\/gama_vitalink.jpg\" alt=\"gama vitalink\"\/><\/figure>\n\n\n\n<p><strong>Comienza el cultivo.<\/strong><\/p>\n\n\n\n<p>Comenzamos el cultivo de \u00e9stas 5 semis de&nbsp;<strong>White Lemon<\/strong>&nbsp;poniendo previamente las esponjas a remojo en agua, al que hemos a\u00f1adido&nbsp;<strong>Plant Star<\/strong>&nbsp;y ajustado sus par\u00e1metros de pH y EC 5,7 y 0,6. Una vez bien impregnadas las estrujamos un poco y las ponemos en las celdas del propagador, introducimos las semis en el agujero que tiene en el centro, y las tapamos con un trocito de esponja.<\/p>\n\n\n\n<figure class=\"wp-block-image\"><img decoding=\"async\" src=\"https:\/\/www.cannabis.es\/web\/images\/Cultivo-Eco-White-Lemon-2.jpg\" alt=\"Cultivo Eco White Lemon 2\"\/><\/figure>\n\n\n\n<p>Una vez colocadas todas las semillas en las esponjas y \u00e9stas en el propagador, las colocamos en el indoor la primera noche a oscuras del d\u00eda 27, y al d\u00eda siguiente, 28 comprobamos su estado y que a\u00fan no hab\u00edan germinado. El d\u00eda 29 ya estaban ense\u00f1\u00e1ndonos la cascara, y alguna con los cotiledones abiertos.<\/p>\n\n\n\n<p>Llega la hora de trasplantarlas para su enraizamiento. Para ello cogemos las semillas n\u00ba 1 y 2 con cuidado y las colocamos en un contenedor de 400 cc, Eco, en un sustrato preparado por m\u00ed a base de una mezcla de turbia rubia y negra, humus de lombriz, fibra de coco y perlita en una proporci\u00f3n 50%-20%-20%-10%, asegurando el pH de este a 5,7, para as\u00ed asegurar a las semillas nutrientes esenciales y esponjosidad suficiente para un correcto desarrollo del sistema radicular, y regado con agua.<\/p>\n\n\n\n<p>Este sustrato lo hemos preparado previamente, el d\u00eda que pusimos a germinar las semillas, junto al que ir\u00e1n las otras tres semillas que se ha regado con una soluci\u00f3n de&nbsp;<strong>RootStim<\/strong>&nbsp;y&nbsp;<strong>Fulvic<\/strong>, que ajustamos el pH a 5,7 y la EC, 0.6..&nbsp;<br>S\u00e9 que mucha gente, m\u00e1s experta que yo, recomienda ponerlas a propagar en un medio o sustrato casi inerte para que las ra\u00edces se estiren y crezcan m\u00e1s r\u00e1pido; bueno, yo soy partidario de facilitarlas un poco de comodidad (l\u00e9ase nutrientes), sin pasarme.<\/p>\n\n\n\n<p>Una vez trasplantadas para enraizar, ya directamente en el indoor, encendemos la luminaria, y por supuesto comenzamos con el foto per\u00edodo, que durante la primera semana ser\u00e1 de 15 horas de luz por 9 horas de oscuridad, con una l\u00e1mpara HPS y 400W, para la segunda semana subirlo 10 minutos cada d\u00eda progresivamente hasta alcanzar las 16\/8h. El prop\u00f3sito es imitar el ciclo de la naturaleza lo m\u00e1s posible, y en ella no hay horario fijo, pues la luz crece progresivamente, y tambi\u00e9n decae seg\u00fan el d\u00eda.<\/p>\n\n\n\n<p>Una vez llegados a este punto de fotoperiodo, ajusto el balastro a 600W. Es una t\u00e9cnica que utilizo a menudo y cuyo resultado es espectacular; es un poco pesado, m\u00e1s os aseguro que las plantas os lo agradecer\u00e1n. Durante este tiempo las plantas 1 y 2 han sido regadas con agua, mientras las restantes, al final de esta primera semana, recibieron su primera dosis de&nbsp;<strong>Fulvic<\/strong>&nbsp;junto a otra de<strong>&nbsp;RootStim<\/strong>, ajustado el pH a 5.7 y la EC 1.0. La humedad relativa al 78% y la temperatura 20\u00ba(min)\/ 27,6\u00ba. Mucha diferencia dir\u00e9is algunos; si, lo s\u00e9, pero como dije al principio de este cultivo, estoy usando las mismas condiciones que cualquiera de vosotros ten\u00e9is en vuestras casas, para ver de primera mano los diferentes problemas que podemos encontrarnos y tratar de solucionarlos, buscando la manera de revertir ese problema en beneficio. Claro est\u00e1 que pod\u00eda estar utilizando el clima en mi cuarto de cultivo, y cultivar con unos par\u00e1metros de humedad y temperatura estables, pero no ser\u00eda muy v\u00e1lido a la hora de comprobar la fiabilidad o no de cada variedad; as\u00ed que aqu\u00ed veremos fallos que asumir\u00e9 como propios si se da el caso, o \u00e9xitos, que es lo que todos deseamos. Y dejo de enrollarme y sigo con el cultivo.<\/p>\n\n\n\n<p>La segunda semana par\u00e1metros similares de temperatura y humedad, las plantas 1 y 2 se riegan con agua, p H 5.9 y el resto con los mismos productos, EC 1.1.<\/p>\n\n\n\n<p>Mediada la tercera semana comprobamos que han enraizado bien y las trasplantamos a su contenedor definitivo, cuadrado, blanco de 10,8 litros. Las n\u00ba 1 y 2, Eco, en un sustrato preparado de la siguiente manera: preparamos una mezcla de turbia rubia y negra, humus de lombriz, fibra de coco y perlita en una proporci\u00f3n 50%-20%-20%-10%, a la que a\u00f1adimos 20 gramos de polvo de roca volc\u00e1nica.<\/p>\n\n\n\n<p>Una vez bien mezclado, lo separamos en tres partes iguales: a una le a\u00f1adimos 20 gramos de guano ave marina, mezclamos bien y rellenamos el fondo del contendor hasta un tercio de \u00e9l. A la siguiente parte a\u00f1adimos polvo de algas fabricaci\u00f3n propia, mezclamos y al contenedor; y al \u00faltima parte a\u00f1adimos humus de lombriz y esti\u00e9rcol seco, de procesado propio, mezclamos y rellenamos los contendores con ella. De esta manera las plantas ir\u00e1n desarrollando sus ra\u00edces acorde a sus fases de desarrollo, y van recibiendo los diversos aportes que necesita en cada una de ellas seg\u00fan crecen. Y se regaron solo con agua, pues no necesitan m\u00e1s. Las n\u00ba 3, 4 y 5 se trasplantaron a un contenedor igual, con un sustrato<strong><a href=\"http:\/\/www.topcropfert.com\/index.php?pag=productos\" target=\"_blank\" rel=\"noreferrer noopener\">Top Crop<\/a>&nbsp;Complete<\/strong>, y se regaron con la primera dosis de&nbsp;<strong>Growth Earth<\/strong>&nbsp;<strong>Max<\/strong>&nbsp;junto con la de&nbsp;<strong>RootStim<\/strong>, el pH a 5.9 y la EC a 1.0.<\/p>\n\n\n\n<p>Comenzada la cuarta semana repetimos el proceso con el fotoperiodo, esta vez a la inversa, pero esta vez disminuimos el tiempo una hora cada d\u00eda; el primer d\u00eda 16\/8 horas, el siguiente 15\/9 horas, el tercer d\u00eda 14\/10 horas, hasta el 5\u00ba d\u00eda que llegamos al definitivo de 12\/12 horas, momento en que comienzan la floraci\u00f3n.<\/p>\n\n\n\n<p>Las plantas comenzaron su desarrollo normal sin grandes diferencias entre ellas de tama\u00f1o. Al final de esta cuarta semana de crecimiento, ya comenzando a decaer el fotoperiodo y ajustado a 12-12 hrs. Las n\u00ba 1 y 2 recibieron su primer abonado, a base de t\u00e9 de algas, mientras las otras recibieron su dosis de&nbsp;<strong>Growth<\/strong>&nbsp;<strong>Earth Max<\/strong>&nbsp;junto con la de&nbsp;<strong>RootStim<\/strong>, el pH a 5.9 y la EC a 1.0. Mucho menos de lo que debieran necesitar las plantas, pero su estado no demandaba m\u00e1s nutrientes. As\u00ed pues las dosis indicadas en el envase son elevadas para seguirlas al pie de la letra; os aconsejo que utilic\u00e9is una cuarta parte de lo indicado, pues en conjunci\u00f3n con ellas, las plantas tienen nutriente de sobra.<\/p>\n\n\n\n<p>Y comenz\u00f3 la quinta semana de vida de las plantas y la primera de floraci\u00f3n. A\u00f1adimos entonces con una soluci\u00f3n nutriente,&nbsp;<strong>Earth Max Bloom<\/strong>,&nbsp;<strong>Fulvic<\/strong>&nbsp;y&nbsp;<strong>RootStim<\/strong>, con el pH ajustado a 6.0 y la EC a 1.2, m\u00e1s bajo de lo indicado, pues las plantas no demandan mucho nutriente. Su color es verde oscuro, precioso. La temperatura afortunadamente ha sido buena en el exterior, por lo que en periodo de oscuridad nunca ha bajado de 20\u00ba, mientras que la m\u00e1xima sigue a 27,6\u00ba, estable.<\/p>\n\n\n\n<p>Lleg\u00f3 el desastre. Ese mismo fin de semana, 5 de noviembre, comenzaban la 2\u00aa semana de floraci\u00f3n, y coincidi\u00f3 con la inauguraci\u00f3n de la nueva sede de&nbsp;<strong>New Yield Solutions<\/strong>, productores de&nbsp;<strong>Cannalita<\/strong>&nbsp;y me invitaron al evento. Dej\u00e9 el cultivo bien regado, la ventilaci\u00f3n como est\u00e1, conectada todo el d\u00eda, enchufada, la iluminaci\u00f3n conectada a un temporizador nuevo, obvio la marca. Como era nuevo, comet\u00ed el grave error de no comprobar que funcionara correctamente. Total, que dej\u00e9 todo encendido cuando sal\u00ed y al regresar mi hijo me dijo que al d\u00eda siguiente entr\u00f3 por casualidad en el cuarto de cultivo y que estaba todo encendido; como sabe mis horarios comprob\u00f3 que llevaban casi veinte horas encendidas, y las apag\u00f3. Todo esto en la segunda semana de floraci\u00f3n, la fase m\u00e1s cr\u00edtica en la vida de una planta. Jurando en arameo me maldije cien veces y pens\u00e9 en como reparar tama\u00f1o error de principiante, vaya cultivador que estoy hecho amigos m\u00edos. En fin, con el da\u00f1o hecho ya no nos quedaba otra que seguir con el fotoperiodo y confiar en la gen\u00e9tica de las plantas. Lo m\u00e1s normal es que alguna revegetase, pero afortunadamente ninguna lo hizo.<\/p>\n\n\n\n<p>Mediada la tercera semana de floraci\u00f3n comprobamos que las plantas han sufrido un ligero estiramiento, es decir, espigamiento, pero no demasiado. Las plantas que crecen normal, alg\u00fan ligero s\u00edntoma de espigamiento, a\u00f1adimos un poco de&nbsp;<strong>Grow<\/strong>&nbsp;a la soluci\u00f3n, subiendo la EC a 1.6, La temperatura sigue en los mismos par\u00e1metros, pues afortunadamente estas fechas que debieran ser de fr\u00edo parecen primaverales y aqu\u00ed en el norte no bajan de 20\u00ba durante el d\u00eda. Al encender las luminarias de los indoors por la noche tenemos este par\u00e1metro asegurado.<\/p>\n\n\n\n<p>Y bueno amigos, no voy a aburriros con m\u00e1s detalles t\u00e9cnicos de seguimiento, y resumo: las plantas n\u00ba 1 y 2 s\u00f3lo se han regado con agua y se les ha a\u00f1adido un t\u00e9 de algas, un mantillo de humus y guanos en todo el cultivo; por el contrario las otras (3, 4 y 5) han seguido las pautas de la tabla de abonado correspondiente al pie de la letra. Las cinco plantas, como veis en las fotos, se han desarrollado muy correctamente, 98-100 cm las Eco y 124-116 cm las abonadas con la gama&nbsp;<strong>Vitalink<\/strong>.&nbsp;<br>Como comprobamos por lo escrito la diferencia de trabajo es apreciable, ajj&#8230; medir, a\u00f1adir, preparar soluciones nutrientes y pH y EC para casi todos los riegos o limitarnos a solo agua.<br>\u00bfResultado final? Pues pr\u00e1cticamente igual, est\u00e1n reci\u00e9n cosechadas, algo menor producci\u00f3n las Eco pero no significativa.<br>En cuanto a la planta en s\u00ed como variedad solo dos palabras:&nbsp;<strong>f\u00e1cil<\/strong>&nbsp;(no exige atenciones especiales, es dura y la afecta poco el estr\u00e9s) y&nbsp;<strong>agradecida<\/strong>&nbsp;(los resultados prometen ser abundantes).<\/p>\n\n\n\n<p>Y vamos ya con el final, los cepellones. Una vez cosechadas las plantas conviene echar un vistazo a los cepellones, comprobar c\u00f3mo ha enraizado cada planta; si han sufrido alg\u00fan ataque de hongos u otro tipo de enfermedad que pudiera afectar a dicha planta.<br>Como comprobamos en las fotos, el desarrollo radicular ha sido similar en todas las plantas, sin importar t\u00e9cnica de abonado.<\/p>\n\n\n\n<p>Y bueno, juzgad vosotras-os mismos, y adem\u00e1s llega la hora de mi Boong de&nbsp;<strong>#Syrup<\/strong>, jajj\u2026<br>En este cap\u00edtulo me da que me he excedido, espero que lo escrito aqu\u00ed os guste; y lo que es m\u00e1s importante, os sirva de ayuda en vuestros cultivos.<\/p>\n\n\n\n<p>Hasta pronto, y&nbsp;<strong>#LosMejoresHumos<\/strong>&nbsp;desde mi ensenada.<br>Y el Boong, que no se me olvidaba, a vuestra salud\u2026<\/p>\n","protected":false},"excerpt":{"rendered":"<span class=\"span-reading-time rt-reading-time\" style=\"display: block;\"><span class=\"rt-label rt-prefix\">Tiempo de lectura:<\/span> <span class=\"rt-time\"> 8<\/span> <span class=\"rt-label rt-postfix\">minutos<\/span><\/span>Por Adryc Menells\u00f6n Hola de nuevo amigas y amigos de esta verde mar de Mar\u00eda; seguimos hoy la singladura inacabada por el cultivo ecol\u00f3gico de interior del cap\u00edtulo anterior. As\u00ed que no me demoro m\u00e1s y avante con ello. El Cultivo ecol\u00f3gico en interior. Tras las aclaraciones hechas en el susodicho cap\u00edtulo vamos a hablar [&hellip;]","protected":false},"author":1,"featured_media":3934,"comment_status":"closed","ping_status":"closed","sticky":false,"template":"","format":"standard","meta":{"loftocean-featured-post":"","loftocean_post_format_gallery":"","loftocean_post_format_gallery_ids":"","loftocean_post_format_gallery_urls":"","loftocean_post_format_video_id":"","loftocean_post_format_video_url":"","loftocean_post_format_video_type":"","loftocean_post_format_video":"","loftocean_post_format_audio_type":"","loftocean_post_format_audio_url":"","loftocean_post_format_audio_id":"","loftocean_post_format_audio":"","loftocean_post_format_quote_text":"","loftocean_post_format_quote_byline":"","loftocean_post_format_link_text":"","loftocean_post_format_link_url":"","ceramag_post_header_style":"","ceramag_enable_background_video":"","ceramag_show_in_top_slider":"","ceramag_post_background_video_start":"","ceramag_post_background_video_end":"","loftocean_page_background_video_id":"","loftocean_page_background_video_url":"","loftocean_page_background_video_type":"","loftocean_page_background_video":"","ceramag_background_video_start":"","ceramag_background_video_end":"","ceramag_single_page_hide_header":"","footnotes":""},"categories":[711],"tags":[41,61,771],"class_list":["post-3933","post","type-post","status-publish","format-standard","has-post-thumbnail","hentry","category-cultivo","tag-cannabis","tag-cultivo","tag-indoor"],"yoast_head":"<!-- This site is optimized with the Yoast SEO plugin v24.9 - https:\/\/yoast.com\/wordpress\/plugins\/seo\/ -->\n<title>El Cultivo de Interior (16): el cultivo ecol\u00f3gico 2<\/title>\n<meta name=\"description\" content=\"Entrada &#8226; Portal multimedia sobre cannabis y otras sustancias &#8226; 11 febrero, 2016\" \/>\n<meta name=\"robots\" content=\"index, follow, max-snippet:-1, max-image-preview:large, max-video-preview:-1\" \/>\n<link rel=\"canonical\" href=\"https:\/\/www.cannabis.es\/pw\/2016\/02\/11\/el-cultivo-de-interior-16-el-cultivo-ecologico-2\/\" \/>\n<meta name=\"twitter:card\" content=\"summary_large_image\" \/>\n<meta name=\"twitter:title\" content=\"El Cultivo de Interior (16): el cultivo ecol\u00f3gico 2\" \/>\n<meta name=\"twitter:description\" content=\"Entrada &#8226; Portal multimedia sobre cannabis y otras sustancias &#8226; 11 febrero, 2016\" \/>\n<meta name=\"twitter:image\" content=\"https:\/\/www.cannabis.es\/pw\/wp-content\/uploads\/2020\/05\/cultivo_indoor16.jpg\" \/>\n<meta name=\"twitter:creator\" content=\"@cannabis_es\" \/>\n<meta name=\"twitter:site\" content=\"@cannabis_es\" \/>\n<meta name=\"twitter:label1\" content=\"Escrito por\" \/>\n\t<meta name=\"twitter:data1\" content=\"Cannabis.es\" \/>\n\t<meta name=\"twitter:label2\" content=\"Tiempo de lectura\" \/>\n\t<meta name=\"twitter:data2\" content=\"13 minutos\" \/>\n<script type=\"application\/ld+json\" class=\"yoast-schema-graph\">{\"@context\":\"https:\/\/schema.org\",\"@graph\":[{\"@type\":\"Article\",\"@id\":\"https:\/\/www.cannabis.es\/pw\/2016\/02\/11\/el-cultivo-de-interior-16-el-cultivo-ecologico-2\/#article\",\"isPartOf\":{\"@id\":\"https:\/\/www.cannabis.es\/pw\/2016\/02\/11\/el-cultivo-de-interior-16-el-cultivo-ecologico-2\/\"},\"author\":{\"name\":\"Cannabis.es\",\"@id\":\"https:\/\/www.cannabis.es\/pw\/#\/schema\/person\/e2fbd204580cf4fe74c79b82bc447374\"},\"headline\":\"El Cultivo de Interior (16): el cultivo ecol\u00f3gico 2\",\"datePublished\":\"2016-02-11T11:54:56+00:00\",\"dateModified\":\"2020-06-06T14:22:51+00:00\",\"mainEntityOfPage\":{\"@id\":\"https:\/\/www.cannabis.es\/pw\/2016\/02\/11\/el-cultivo-de-interior-16-el-cultivo-ecologico-2\/\"},\"wordCount\":2580,\"publisher\":{\"@id\":\"https:\/\/www.cannabis.es\/pw\/#organization\"},\"image\":{\"@id\":\"https:\/\/www.cannabis.es\/pw\/2016\/02\/11\/el-cultivo-de-interior-16-el-cultivo-ecologico-2\/#primaryimage\"},\"thumbnailUrl\":\"https:\/\/www.cannabis.es\/pw\/wp-content\/uploads\/2020\/05\/cultivo_indoor16.jpg\",\"keywords\":[\"cannabis\",\"cultivo\",\"indoor\"],\"articleSection\":[\"Cultivo\"],\"inLanguage\":\"es\"},{\"@type\":\"WebPage\",\"@id\":\"https:\/\/www.cannabis.es\/pw\/2016\/02\/11\/el-cultivo-de-interior-16-el-cultivo-ecologico-2\/\",\"url\":\"https:\/\/www.cannabis.es\/pw\/2016\/02\/11\/el-cultivo-de-interior-16-el-cultivo-ecologico-2\/\",\"name\":\"El Cultivo de Interior (16): el cultivo ecol\u00f3gico 2\",\"isPartOf\":{\"@id\":\"https:\/\/www.cannabis.es\/pw\/#website\"},\"primaryImageOfPage\":{\"@id\":\"https:\/\/www.cannabis.es\/pw\/2016\/02\/11\/el-cultivo-de-interior-16-el-cultivo-ecologico-2\/#primaryimage\"},\"image\":{\"@id\":\"https:\/\/www.cannabis.es\/pw\/2016\/02\/11\/el-cultivo-de-interior-16-el-cultivo-ecologico-2\/#primaryimage\"},\"thumbnailUrl\":\"https:\/\/www.cannabis.es\/pw\/wp-content\/uploads\/2020\/05\/cultivo_indoor16.jpg\",\"datePublished\":\"2016-02-11T11:54:56+00:00\",\"dateModified\":\"2020-06-06T14:22:51+00:00\",\"description\":\"Entrada &#8226; Portal multimedia sobre cannabis y otras sustancias &#8226; 11 febrero, 2016\",\"breadcrumb\":{\"@id\":\"https:\/\/www.cannabis.es\/pw\/2016\/02\/11\/el-cultivo-de-interior-16-el-cultivo-ecologico-2\/#breadcrumb\"},\"inLanguage\":\"es\",\"potentialAction\":[{\"@type\":\"ReadAction\",\"target\":[\"https:\/\/www.cannabis.es\/pw\/2016\/02\/11\/el-cultivo-de-interior-16-el-cultivo-ecologico-2\/\"]}]},{\"@type\":\"ImageObject\",\"inLanguage\":\"es\",\"@id\":\"https:\/\/www.cannabis.es\/pw\/2016\/02\/11\/el-cultivo-de-interior-16-el-cultivo-ecologico-2\/#primaryimage\",\"url\":\"https:\/\/www.cannabis.es\/pw\/wp-content\/uploads\/2020\/05\/cultivo_indoor16.jpg\",\"contentUrl\":\"https:\/\/www.cannabis.es\/pw\/wp-content\/uploads\/2020\/05\/cultivo_indoor16.jpg\",\"width\":959,\"height\":475},{\"@type\":\"BreadcrumbList\",\"@id\":\"https:\/\/www.cannabis.es\/pw\/2016\/02\/11\/el-cultivo-de-interior-16-el-cultivo-ecologico-2\/#breadcrumb\",\"itemListElement\":[{\"@type\":\"ListItem\",\"position\":1,\"name\":\"Portada\",\"item\":\"http:\/\/www.cannabis.es\/pw\/\"},{\"@type\":\"ListItem\",\"position\":2,\"name\":\"El Cultivo de Interior (16): el cultivo ecol\u00f3gico 2\"}]},{\"@type\":\"WebSite\",\"@id\":\"https:\/\/www.cannabis.es\/pw\/#website\",\"url\":\"https:\/\/www.cannabis.es\/pw\/\",\"name\":\"Cannabis\",\"description\":\"Portal multimedia sobre cannabis y otras sustancias\",\"publisher\":{\"@id\":\"https:\/\/www.cannabis.es\/pw\/#organization\"},\"potentialAction\":[{\"@type\":\"SearchAction\",\"target\":{\"@type\":\"EntryPoint\",\"urlTemplate\":\"https:\/\/www.cannabis.es\/pw\/?s={search_term_string}\"},\"query-input\":{\"@type\":\"PropertyValueSpecification\",\"valueRequired\":true,\"valueName\":\"search_term_string\"}}],\"inLanguage\":\"es\"},{\"@type\":\"Organization\",\"@id\":\"https:\/\/www.cannabis.es\/pw\/#organization\",\"name\":\"Cannabis.es\",\"url\":\"https:\/\/www.cannabis.es\/pw\/\",\"logo\":{\"@type\":\"ImageObject\",\"inLanguage\":\"es\",\"@id\":\"https:\/\/www.cannabis.es\/pw\/#\/schema\/logo\/image\/\",\"url\":\"https:\/\/www.cannabis.es\/pw\/wp-content\/uploads\/2019\/04\/cropped-logo_cannabis.png\",\"contentUrl\":\"https:\/\/www.cannabis.es\/pw\/wp-content\/uploads\/2019\/04\/cropped-logo_cannabis.png\",\"width\":361,\"height\":120,\"caption\":\"Cannabis.es\"},\"image\":{\"@id\":\"https:\/\/www.cannabis.es\/pw\/#\/schema\/logo\/image\/\"},\"sameAs\":[\"https:\/\/x.com\/cannabis_es\"]},{\"@type\":\"Person\",\"@id\":\"https:\/\/www.cannabis.es\/pw\/#\/schema\/person\/e2fbd204580cf4fe74c79b82bc447374\",\"name\":\"Cannabis.es\",\"image\":{\"@type\":\"ImageObject\",\"inLanguage\":\"es\",\"@id\":\"https:\/\/www.cannabis.es\/pw\/#\/schema\/person\/image\/\",\"url\":\"https:\/\/secure.gravatar.com\/avatar\/4375b1eb6e272e2e48a4b8a8def52e5f208151f555bb5906da616906ee6dd2e8?s=96&d=mm&r=g\",\"contentUrl\":\"https:\/\/secure.gravatar.com\/avatar\/4375b1eb6e272e2e48a4b8a8def52e5f208151f555bb5906da616906ee6dd2e8?s=96&d=mm&r=g\",\"caption\":\"Cannabis.es\"},\"url\":\"https:\/\/www.cannabis.es\/pw\/author\/cannabis\/\"}]}<\/script>\n<!-- \/ Yoast SEO plugin. -->","yoast_head_json":{"title":"El Cultivo de Interior (16): el cultivo ecol\u00f3gico 2","description":"Entrada &#8226; Portal multimedia sobre cannabis y otras sustancias &#8226; 11 febrero, 2016","robots":{"index":"index","follow":"follow","max-snippet":"max-snippet:-1","max-image-preview":"max-image-preview:large","max-video-preview":"max-video-preview:-1"},"canonical":"https:\/\/www.cannabis.es\/pw\/2016\/02\/11\/el-cultivo-de-interior-16-el-cultivo-ecologico-2\/","twitter_card":"summary_large_image","twitter_title":"El Cultivo de Interior (16): el cultivo ecol\u00f3gico 2","twitter_description":"Entrada &#8226; Portal multimedia sobre cannabis y otras sustancias &#8226; 11 febrero, 2016","twitter_image":"https:\/\/www.cannabis.es\/pw\/wp-content\/uploads\/2020\/05\/cultivo_indoor16.jpg","twitter_creator":"@cannabis_es","twitter_site":"@cannabis_es","twitter_misc":{"Escrito por":"Cannabis.es","Tiempo de lectura":"13 minutos"},"schema":{"@context":"https:\/\/schema.org","@graph":[{"@type":"Article","@id":"https:\/\/www.cannabis.es\/pw\/2016\/02\/11\/el-cultivo-de-interior-16-el-cultivo-ecologico-2\/#article","isPartOf":{"@id":"https:\/\/www.cannabis.es\/pw\/2016\/02\/11\/el-cultivo-de-interior-16-el-cultivo-ecologico-2\/"},"author":{"name":"Cannabis.es","@id":"https:\/\/www.cannabis.es\/pw\/#\/schema\/person\/e2fbd204580cf4fe74c79b82bc447374"},"headline":"El Cultivo de Interior (16): el cultivo ecol\u00f3gico 2","datePublished":"2016-02-11T11:54:56+00:00","dateModified":"2020-06-06T14:22:51+00:00","mainEntityOfPage":{"@id":"https:\/\/www.cannabis.es\/pw\/2016\/02\/11\/el-cultivo-de-interior-16-el-cultivo-ecologico-2\/"},"wordCount":2580,"publisher":{"@id":"https:\/\/www.cannabis.es\/pw\/#organization"},"image":{"@id":"https:\/\/www.cannabis.es\/pw\/2016\/02\/11\/el-cultivo-de-interior-16-el-cultivo-ecologico-2\/#primaryimage"},"thumbnailUrl":"https:\/\/www.cannabis.es\/pw\/wp-content\/uploads\/2020\/05\/cultivo_indoor16.jpg","keywords":["cannabis","cultivo","indoor"],"articleSection":["Cultivo"],"inLanguage":"es"},{"@type":"WebPage","@id":"https:\/\/www.cannabis.es\/pw\/2016\/02\/11\/el-cultivo-de-interior-16-el-cultivo-ecologico-2\/","url":"https:\/\/www.cannabis.es\/pw\/2016\/02\/11\/el-cultivo-de-interior-16-el-cultivo-ecologico-2\/","name":"El Cultivo de Interior (16): el cultivo ecol\u00f3gico 2","isPartOf":{"@id":"https:\/\/www.cannabis.es\/pw\/#website"},"primaryImageOfPage":{"@id":"https:\/\/www.cannabis.es\/pw\/2016\/02\/11\/el-cultivo-de-interior-16-el-cultivo-ecologico-2\/#primaryimage"},"image":{"@id":"https:\/\/www.cannabis.es\/pw\/2016\/02\/11\/el-cultivo-de-interior-16-el-cultivo-ecologico-2\/#primaryimage"},"thumbnailUrl":"https:\/\/www.cannabis.es\/pw\/wp-content\/uploads\/2020\/05\/cultivo_indoor16.jpg","datePublished":"2016-02-11T11:54:56+00:00","dateModified":"2020-06-06T14:22:51+00:00","description":"Entrada &#8226; Portal multimedia sobre cannabis y otras sustancias &#8226; 11 febrero, 2016","breadcrumb":{"@id":"https:\/\/www.cannabis.es\/pw\/2016\/02\/11\/el-cultivo-de-interior-16-el-cultivo-ecologico-2\/#breadcrumb"},"inLanguage":"es","potentialAction":[{"@type":"ReadAction","target":["https:\/\/www.cannabis.es\/pw\/2016\/02\/11\/el-cultivo-de-interior-16-el-cultivo-ecologico-2\/"]}]},{"@type":"ImageObject","inLanguage":"es","@id":"https:\/\/www.cannabis.es\/pw\/2016\/02\/11\/el-cultivo-de-interior-16-el-cultivo-ecologico-2\/#primaryimage","url":"https:\/\/www.cannabis.es\/pw\/wp-content\/uploads\/2020\/05\/cultivo_indoor16.jpg","contentUrl":"https:\/\/www.cannabis.es\/pw\/wp-content\/uploads\/2020\/05\/cultivo_indoor16.jpg","width":959,"height":475},{"@type":"BreadcrumbList","@id":"https:\/\/www.cannabis.es\/pw\/2016\/02\/11\/el-cultivo-de-interior-16-el-cultivo-ecologico-2\/#breadcrumb","itemListElement":[{"@type":"ListItem","position":1,"name":"Portada","item":"http:\/\/www.cannabis.es\/pw\/"},{"@type":"ListItem","position":2,"name":"El Cultivo de Interior (16): el cultivo ecol\u00f3gico 2"}]},{"@type":"WebSite","@id":"https:\/\/www.cannabis.es\/pw\/#website","url":"https:\/\/www.cannabis.es\/pw\/","name":"Cannabis","description":"Portal multimedia sobre cannabis y otras sustancias","publisher":{"@id":"https:\/\/www.cannabis.es\/pw\/#organization"},"potentialAction":[{"@type":"SearchAction","target":{"@type":"EntryPoint","urlTemplate":"https:\/\/www.cannabis.es\/pw\/?s={search_term_string}"},"query-input":{"@type":"PropertyValueSpecification","valueRequired":true,"valueName":"search_term_string"}}],"inLanguage":"es"},{"@type":"Organization","@id":"https:\/\/www.cannabis.es\/pw\/#organization","name":"Cannabis.es","url":"https:\/\/www.cannabis.es\/pw\/","logo":{"@type":"ImageObject","inLanguage":"es","@id":"https:\/\/www.cannabis.es\/pw\/#\/schema\/logo\/image\/","url":"https:\/\/www.cannabis.es\/pw\/wp-content\/uploads\/2019\/04\/cropped-logo_cannabis.png","contentUrl":"https:\/\/www.cannabis.es\/pw\/wp-content\/uploads\/2019\/04\/cropped-logo_cannabis.png","width":361,"height":120,"caption":"Cannabis.es"},"image":{"@id":"https:\/\/www.cannabis.es\/pw\/#\/schema\/logo\/image\/"},"sameAs":["https:\/\/x.com\/cannabis_es"]},{"@type":"Person","@id":"https:\/\/www.cannabis.es\/pw\/#\/schema\/person\/e2fbd204580cf4fe74c79b82bc447374","name":"Cannabis.es","image":{"@type":"ImageObject","inLanguage":"es","@id":"https:\/\/www.cannabis.es\/pw\/#\/schema\/person\/image\/","url":"https:\/\/secure.gravatar.com\/avatar\/4375b1eb6e272e2e48a4b8a8def52e5f208151f555bb5906da616906ee6dd2e8?s=96&d=mm&r=g","contentUrl":"https:\/\/secure.gravatar.com\/avatar\/4375b1eb6e272e2e48a4b8a8def52e5f208151f555bb5906da616906ee6dd2e8?s=96&d=mm&r=g","caption":"Cannabis.es"},"url":"https:\/\/www.cannabis.es\/pw\/author\/cannabis\/"}]}},"_links":{"self":[{"href":"https:\/\/www.cannabis.es\/pw\/wp-json\/wp\/v2\/posts\/3933","targetHints":{"allow":["GET"]}}],"collection":[{"href":"https:\/\/www.cannabis.es\/pw\/wp-json\/wp\/v2\/posts"}],"about":[{"href":"https:\/\/www.cannabis.es\/pw\/wp-json\/wp\/v2\/types\/post"}],"author":[{"embeddable":true,"href":"https:\/\/www.cannabis.es\/pw\/wp-json\/wp\/v2\/users\/1"}],"replies":[{"embeddable":true,"href":"https:\/\/www.cannabis.es\/pw\/wp-json\/wp\/v2\/comments?post=3933"}],"version-history":[{"count":2,"href":"https:\/\/www.cannabis.es\/pw\/wp-json\/wp\/v2\/posts\/3933\/revisions"}],"predecessor-version":[{"id":5323,"href":"https:\/\/www.cannabis.es\/pw\/wp-json\/wp\/v2\/posts\/3933\/revisions\/5323"}],"wp:featuredmedia":[{"embeddable":true,"href":"https:\/\/www.cannabis.es\/pw\/wp-json\/wp\/v2\/media\/3934"}],"wp:attachment":[{"href":"https:\/\/www.cannabis.es\/pw\/wp-json\/wp\/v2\/media?parent=3933"}],"wp:term":[{"taxonomy":"category","embeddable":true,"href":"https:\/\/www.cannabis.es\/pw\/wp-json\/wp\/v2\/categories?post=3933"},{"taxonomy":"post_tag","embeddable":true,"href":"https:\/\/www.cannabis.es\/pw\/wp-json\/wp\/v2\/tags?post=3933"}],"curies":[{"name":"wp","href":"https:\/\/api.w.org\/{rel}","templated":true}]}}