{"id":3966,"date":"2016-02-04T13:07:31","date_gmt":"2016-02-04T12:07:31","guid":{"rendered":"http:\/\/www.cannabis.es\/pw\/?p=3966"},"modified":"2020-05-25T13:08:30","modified_gmt":"2020-05-25T11:08:30","slug":"programa-completo-spannabis-2016","status":"publish","type":"post","link":"https:\/\/www.cannabis.es\/pw\/2016\/02\/04\/programa-completo-spannabis-2016\/","title":{"rendered":"Programa completo Spannabis 2016"},"content":{"rendered":"\n<p>Hace unos d\u00edas os avanz\u00e1bamos algunas de las propuestas para la pr\u00f3xima&nbsp;<strong>Spannabis 2016<\/strong>&nbsp;que se celebrar\u00e1 del 11 al 13 de Marzo en Cornell\u00e1. Ya tenemos el programa oficial completo\u2026 \u00e9chale un vistazo\u2026<\/p>\n\n\n\n<hr class=\"wp-block-separator\"\/>\n\n\n\n<p><strong>Spannabis 2016<\/strong>, la&nbsp;<strong>Feria del C\u00e1\u00f1amo y las Tecnolog\u00edas Alternativas<\/strong>, celebrar\u00e1 su d\u00e9cimo tercera edici\u00f3n en Barcelona. Ser\u00e1 del 11 al 13 de marzo en Fira de Cornell\u00e0. Dentro de la Feria tambi\u00e9n tendr\u00e1n lugar las&nbsp;<strong>World Cannabis Conferences<\/strong>, que este a\u00f1o ya celebrar\u00e1n su tercera edici\u00f3n, el viernes 11 y el s\u00e1bado 12 de marzo y traer\u00e1n a la ciudad a las principales voces nacionales e internacionales en lo que se refiere a tem\u00e1tica del c\u00e1\u00f1amo y sus diferentes usos, as\u00ed como mostrar los avances y esfuerzos llevados a cabo durante los \u00faltimos a\u00f1os entorno a su regulaci\u00f3n.&nbsp;<\/p>\n\n\n\n<p><strong>Spannabis<\/strong>&nbsp;se ha consolidado como la feria m\u00e1s importante del mundo dentro del sector. Actualmente es la que recibe m\u00e1s visitantes, acredita a m\u00e1s profesionales y medios de comunicaci\u00f3n y la m\u00e1s importante a nivel empresarial.<\/p>\n\n\n\n<p>En esta d\u00e9cimo tercera edici\u00f3n&nbsp;<strong>Spannabis<\/strong>&nbsp;traer\u00e1 a los expositores y marcas m\u00e1s relevantes del sector, ocupar\u00e1 m\u00e1s de&nbsp;<strong>17.000 m<sup>2<\/sup><\/strong>&nbsp;del recinto de Fira de Cornell\u00e0 y mostrar\u00e1 las \u00faltimas novedades y las mejores ofertas para los visitantes.<\/p>\n\n\n\n<figure class=\"wp-block-image\"><img decoding=\"async\" src=\"https:\/\/www.cannabis.es\/web\/images\/spannabis-2015_ambiente-1.jpg\" alt=\"spannabis 2015 ambiente 1\"\/><\/figure>\n\n\n\n<p>En la pasada edici\u00f3n recibi\u00f3 a&nbsp;<strong>34.000 visitantes<\/strong>, acredit\u00f3 a&nbsp;<strong>3.000 profesionales<\/strong>, a&nbsp;<strong>200 medios de comunicaci\u00f3n<\/strong>&nbsp;nacionales e internacionales y hubo&nbsp;<strong>500 empresas<\/strong>&nbsp;representadas.&nbsp;<\/p>\n\n\n\n<p>Este a\u00f1o se celebrar\u00e1 la tercera edici\u00f3n de las&nbsp;<strong>World Cannabis Conferences<\/strong>, el viernes 11 y el s\u00e1bado 12 de marzo, que tendr\u00e1n lugar en el Auditorio del recinto de Fira de Cornell\u00e0 y ser\u00e1n de acceso gratuito con la entrada a la Feria. Tendr\u00e1n una capacidad para acoger a 800 personas y servicio de traducci\u00f3n simult\u00e1nea (s\u00e1bado 12).<\/p>\n\n\n\n<p>Durante la Feria se entregar\u00e1n los<strong>&nbsp;Premios Spannabis 2016<\/strong>&nbsp;para premiar el mejor stand, el mejor banco de semillas, el mejor nutriente, el mejor producto de parafernalia, el mejor producto de c\u00e1\u00f1amo y el mejor utensilio de cultivo. Tambi\u00e9n se celebrar\u00e1 la entrega de premios de&nbsp;<strong>Cannabis Champions Cup<\/strong>, la copa cann\u00e1bica de referencia de los profesionales del sector del cannabis, en la cual compiten la \u00e9lite de los cultivadores nacionales e internacionales.<\/p>\n\n\n\n<p>Completan la programaci\u00f3n de actividades las actuaciones musicales que tendr\u00e1n lugar durante&nbsp;<strong>Spannabis<\/strong>&nbsp;y que contar\u00e1 con las actuaciones confirmadas de&nbsp;<strong>Ganjahr Family<\/strong>,&nbsp;<strong>Rumba Katxai<\/strong>,&nbsp;<strong>Sr. Mark\u00fcsen<\/strong>,&nbsp;<strong>King Messenger<\/strong>,&nbsp;<strong>Bundem Squad<\/strong>,&nbsp;<strong>Jah Nattoh<\/strong>&nbsp;y&nbsp;<strong>Dj Karlixx<\/strong>.<\/p>\n\n\n\n<p>Este a\u00f1o se celebra la tercera edici\u00f3n de las&nbsp;<strong>World Cannabis Conferences<\/strong>, que tendr\u00e1n lugar durante&nbsp;<strong>Spannabis<\/strong>, el viernes 11 y s\u00e1bado 12 de marzo en el Auditorio de Fira de Cornell\u00e0 y reunir\u00e1n durante dos d\u00edas a los principales representantes a nivel nacional e internacional del sector.&nbsp;<strong>Las WCC<\/strong>&nbsp;son de acceso gratuito con la entrada de Spannabis y disponen de servicio de traducci\u00f3n simult\u00e1nea (s\u00e1bado 12). Las conferencias nacieron de la necesidad de materializar todos los avances y esfuerzos llevados a cabo durante los \u00faltimos a\u00f1os en materia de cannabis.<\/p>\n\n\n\n<figure class=\"wp-block-image\"><img decoding=\"async\" src=\"https:\/\/www.cannabis.es\/web\/images\/spannabis-2015_wcc-1.jpg\" alt=\"spannabis 2015 wcc 1\"\/><\/figure>\n\n\n\n<p>A trav\u00e9s de tres bloques tem\u00e1ticos en formato foro (<strong>medicinal<\/strong>,&nbsp;<strong>cient\u00edfico<\/strong>&nbsp;e&nbsp;<strong>internacional<\/strong>) y conferencias espec\u00edficas, se pretende ahondar en las diferentes dimensiones del cannabis y su evoluci\u00f3n. En un momento tan importante como el que vivimos actualmente en Espa\u00f1a, creemos que resulta imprescindible acercarnos a la regulaci\u00f3n de la marihuana desde una perspectiva internacional; aproximar la perspectiva cient\u00edfica para una mejor comprensi\u00f3n del potencial y la viabilidad de la normalizaci\u00f3n y, por \u00faltimo pero no menos importante, comprender las necesidades medicinales de los enfermos y los gigantescos avances llevados a cabo a pesar de la prohibici\u00f3n. Este evento de repercusi\u00f3n internacional estar\u00e1 recogido en un marco de reflexi\u00f3n en el que los espectadores tendr\u00e1n la posibilidad de formar parte del debate y trasladar sus inquietudes o interactuar con los ponentes.<\/p>\n\n\n\n<p>En el&nbsp;<em><strong>bloque medicinal<\/strong>&nbsp;<\/em>(viernes 11 de 18:00h a 20:00h) en la mesa contaremos con<strong>&nbsp;Jos\u00e9 Antonio Mart\u00ednez Orgado<\/strong>,&nbsp;<strong>Iv\u00e1n Forn\u00eds Espinosa<\/strong>&nbsp;y&nbsp;<strong>Amina Omar Nieto<\/strong>, moderados por&nbsp;<strong>Fernando Caudevilla<\/strong>. Hace tiempo que los usos medicinales del cannabis se han convertido en una realidad contrastada. La investigaci\u00f3n, la pr\u00e1ctica m\u00e9dica y la puesta en pr\u00e1ctica en asociaciones confluyen en este bloque.<\/p>\n\n\n\n<p>En el&nbsp;<em><strong>bloque cient\u00edfico<\/strong><\/em>&nbsp;(s\u00e1bado 12, de 15:30h a 17:30h) la mesa estar\u00e1 compuesta por&nbsp;<strong>Xavier Nadal<\/strong>,&nbsp;<strong>Matthijs Bossong<\/strong>&nbsp;y&nbsp;<strong>Erika Van Hell<\/strong>, moderados por&nbsp;<strong>Jos\u00e9 Carlos Bouso<\/strong>. No se puede entender la situaci\u00f3n actual del cannabis al margen de su evoluci\u00f3n cient\u00edfica. Con este bloque pretendemos hacer llegar algunos de los avances m\u00e1s significativos y poner de relieve la importancia de la investigaci\u00f3n para la normalizaci\u00f3n.<\/p>\n\n\n\n<p>En el tercer bloque, el&nbsp;<em><strong>internacional<\/strong><\/em>&nbsp;(s\u00e1bado 12, de 18:00h a 20:00h), participan&nbsp;<strong>Constanza S\u00e1nchez<\/strong>,&nbsp;<strong>Tom Blickman<\/strong>&nbsp;y&nbsp;<strong>Coletta Youngers<\/strong>, moderados por&nbsp;<strong>Virginia Monta\u00f1\u00e9s<\/strong>. Despu\u00e9s de a\u00f1os de lucha, la situaci\u00f3n internacional del cannabis es motivo real de esperanza. La despenalizaci\u00f3n, estatalizaci\u00f3n o regulaci\u00f3n en varios pa\u00edses y estados nos permite traer a representantes de diferentes lugares del mundo para hablar sobre alentadoras circunstancias de cambio.<\/p>\n\n\n\n<p>En las otras conferencias este a\u00f1o la gran novedad es el primer&nbsp;<strong>Encuentro de Mujeres Cann\u00e1bicas<\/strong>&nbsp;(s\u00e1bado 12, de 12:10h a 12:50h). Ser\u00e1 una conferencia que relatar\u00e1 c\u00f3mo ha ido el primer encuentro, que habr\u00e1 tenido lugar unos d\u00edas antes de&nbsp;<strong>Spannabis<\/strong>. Significa el nacimiento de una red a nivel estatal que busca incorporar las voces, las experiencias y miradas femeninas y de g\u00e9nero sobre nuestro sector y en el \u00e1mbito de las pol\u00edticas de drogas.&nbsp;<br>Otras entidades que participar\u00e1n en las&nbsp;<strong>WCC<\/strong>&nbsp;ser\u00e1n&nbsp;<strong>Cannabis Club Systems<\/strong>,&nbsp;<strong>Regulaci\u00f3n Responsable<\/strong>,&nbsp;<strong>Weedmaps<\/strong>,&nbsp;<strong>Marihuana TV<\/strong>,&nbsp;<strong>Clover Leaf University<\/strong>&nbsp;y&nbsp;<strong>Kyle Kushman<\/strong>.<\/p>\n\n\n\n<p>Encontrar\u00e1s m\u00e1s informaci\u00f3n en&nbsp;<a href=\"http:\/\/www.spannabis.com\/\" target=\"_blank\" rel=\"noreferrer noopener\"><strong>http:\/\/www.spannabis.com<\/strong><\/a><\/p>\n","protected":false},"excerpt":{"rendered":"<span class=\"span-reading-time rt-reading-time\" style=\"display: block;\"><span class=\"rt-label rt-prefix\">Tiempo de lectura:<\/span> <span class=\"rt-time\"> 3<\/span> <span class=\"rt-label rt-postfix\">minutos<\/span><\/span>Hace unos d\u00edas os avanz\u00e1bamos algunas de las propuestas para la pr\u00f3xima&nbsp;Spannabis 2016&nbsp;que se celebrar\u00e1 del 11 al 13 de Marzo en Cornell\u00e1. Ya tenemos el programa oficial completo\u2026 \u00e9chale un vistazo\u2026 Spannabis 2016, la&nbsp;Feria del C\u00e1\u00f1amo y las Tecnolog\u00edas Alternativas, celebrar\u00e1 su d\u00e9cimo tercera edici\u00f3n en Barcelona. Ser\u00e1 del 11 al 13 de marzo [&hellip;]","protected":false},"author":1,"featured_media":3967,"comment_status":"closed","ping_status":"closed","sticky":false,"template":"","format":"standard","meta":{"loftocean-featured-post":"","loftocean_post_format_gallery":"","loftocean_post_format_gallery_ids":"","loftocean_post_format_gallery_urls":"","loftocean_post_format_video_id":"","loftocean_post_format_video_url":"","loftocean_post_format_video_type":"","loftocean_post_format_video":"","loftocean_post_format_audio_type":"","loftocean_post_format_audio_url":"","loftocean_post_format_audio_id":"","loftocean_post_format_audio":"","loftocean_post_format_quote_text":"","loftocean_post_format_quote_byline":"","loftocean_post_format_link_text":"","loftocean_post_format_link_url":"","ceramag_post_header_style":"","ceramag_enable_background_video":"","ceramag_show_in_top_slider":"","ceramag_post_background_video_start":"","ceramag_post_background_video_end":"","loftocean_page_background_video_id":"","loftocean_page_background_video_url":"","loftocean_page_background_video_type":"","loftocean_page_background_video":"","ceramag_background_video_start":"","ceramag_background_video_end":"","ceramag_single_page_hide_header":"","footnotes":""},"categories":[35],"tags":[41,409],"class_list":["post-3966","post","type-post","status-publish","format-standard","has-post-thumbnail","hentry","category-politica-y-sociedad","tag-cannabis","tag-feria"],"yoast_head":"<!-- This site is optimized with the Yoast SEO plugin v24.9 - https:\/\/yoast.com\/wordpress\/plugins\/seo\/ -->\n<title>Programa completo Spannabis 2016<\/title>\n<meta name=\"description\" content=\"Entrada &#8226; Portal multimedia sobre cannabis y otras sustancias &#8226; 4 febrero, 2016\" \/>\n<meta name=\"robots\" content=\"index, follow, max-snippet:-1, max-image-preview:large, max-video-preview:-1\" \/>\n<link rel=\"canonical\" href=\"https:\/\/www.cannabis.es\/pw\/2016\/02\/04\/programa-completo-spannabis-2016\/\" \/>\n<meta name=\"twitter:card\" content=\"summary_large_image\" \/>\n<meta name=\"twitter:title\" content=\"Programa completo Spannabis 2016\" \/>\n<meta name=\"twitter:description\" content=\"Entrada &#8226; Portal multimedia sobre cannabis y otras sustancias &#8226; 4 febrero, 2016\" \/>\n<meta name=\"twitter:image\" content=\"https:\/\/www.cannabis.es\/pw\/wp-content\/uploads\/2020\/05\/spannabis2016_2.jpg\" \/>\n<meta name=\"twitter:creator\" content=\"@cannabis_es\" \/>\n<meta name=\"twitter:site\" content=\"@cannabis_es\" \/>\n<meta name=\"twitter:label1\" content=\"Escrito por\" \/>\n\t<meta name=\"twitter:data1\" content=\"Cannabis.es\" \/>\n\t<meta name=\"twitter:label2\" content=\"Tiempo de lectura\" \/>\n\t<meta name=\"twitter:data2\" content=\"5 minutos\" \/>\n<script type=\"application\/ld+json\" class=\"yoast-schema-graph\">{\"@context\":\"https:\/\/schema.org\",\"@graph\":[{\"@type\":\"Article\",\"@id\":\"https:\/\/www.cannabis.es\/pw\/2016\/02\/04\/programa-completo-spannabis-2016\/#article\",\"isPartOf\":{\"@id\":\"https:\/\/www.cannabis.es\/pw\/2016\/02\/04\/programa-completo-spannabis-2016\/\"},\"author\":{\"name\":\"Cannabis.es\",\"@id\":\"https:\/\/www.cannabis.es\/pw\/#\/schema\/person\/e2fbd204580cf4fe74c79b82bc447374\"},\"headline\":\"Programa completo Spannabis 2016\",\"datePublished\":\"2016-02-04T12:07:31+00:00\",\"dateModified\":\"2020-05-25T11:08:30+00:00\",\"mainEntityOfPage\":{\"@id\":\"https:\/\/www.cannabis.es\/pw\/2016\/02\/04\/programa-completo-spannabis-2016\/\"},\"wordCount\":1082,\"publisher\":{\"@id\":\"https:\/\/www.cannabis.es\/pw\/#organization\"},\"image\":{\"@id\":\"https:\/\/www.cannabis.es\/pw\/2016\/02\/04\/programa-completo-spannabis-2016\/#primaryimage\"},\"thumbnailUrl\":\"https:\/\/www.cannabis.es\/pw\/wp-content\/uploads\/2020\/05\/spannabis2016_2.jpg\",\"keywords\":[\"cannabis\",\"feria\"],\"articleSection\":[\"Pol\u00edtica y Sociedad\"],\"inLanguage\":\"es\"},{\"@type\":\"WebPage\",\"@id\":\"https:\/\/www.cannabis.es\/pw\/2016\/02\/04\/programa-completo-spannabis-2016\/\",\"url\":\"https:\/\/www.cannabis.es\/pw\/2016\/02\/04\/programa-completo-spannabis-2016\/\",\"name\":\"Programa completo Spannabis 2016\",\"isPartOf\":{\"@id\":\"https:\/\/www.cannabis.es\/pw\/#website\"},\"primaryImageOfPage\":{\"@id\":\"https:\/\/www.cannabis.es\/pw\/2016\/02\/04\/programa-completo-spannabis-2016\/#primaryimage\"},\"image\":{\"@id\":\"https:\/\/www.cannabis.es\/pw\/2016\/02\/04\/programa-completo-spannabis-2016\/#primaryimage\"},\"thumbnailUrl\":\"https:\/\/www.cannabis.es\/pw\/wp-content\/uploads\/2020\/05\/spannabis2016_2.jpg\",\"datePublished\":\"2016-02-04T12:07:31+00:00\",\"dateModified\":\"2020-05-25T11:08:30+00:00\",\"description\":\"Entrada &#8226; Portal multimedia sobre cannabis y otras sustancias &#8226; 4 febrero, 2016\",\"breadcrumb\":{\"@id\":\"https:\/\/www.cannabis.es\/pw\/2016\/02\/04\/programa-completo-spannabis-2016\/#breadcrumb\"},\"inLanguage\":\"es\",\"potentialAction\":[{\"@type\":\"ReadAction\",\"target\":[\"https:\/\/www.cannabis.es\/pw\/2016\/02\/04\/programa-completo-spannabis-2016\/\"]}]},{\"@type\":\"ImageObject\",\"inLanguage\":\"es\",\"@id\":\"https:\/\/www.cannabis.es\/pw\/2016\/02\/04\/programa-completo-spannabis-2016\/#primaryimage\",\"url\":\"https:\/\/www.cannabis.es\/pw\/wp-content\/uploads\/2020\/05\/spannabis2016_2.jpg\",\"contentUrl\":\"https:\/\/www.cannabis.es\/pw\/wp-content\/uploads\/2020\/05\/spannabis2016_2.jpg\",\"width\":959,\"height\":475},{\"@type\":\"BreadcrumbList\",\"@id\":\"https:\/\/www.cannabis.es\/pw\/2016\/02\/04\/programa-completo-spannabis-2016\/#breadcrumb\",\"itemListElement\":[{\"@type\":\"ListItem\",\"position\":1,\"name\":\"Portada\",\"item\":\"http:\/\/www.cannabis.es\/pw\/\"},{\"@type\":\"ListItem\",\"position\":2,\"name\":\"Programa completo Spannabis 2016\"}]},{\"@type\":\"WebSite\",\"@id\":\"https:\/\/www.cannabis.es\/pw\/#website\",\"url\":\"https:\/\/www.cannabis.es\/pw\/\",\"name\":\"Cannabis\",\"description\":\"Portal multimedia sobre cannabis y otras sustancias\",\"publisher\":{\"@id\":\"https:\/\/www.cannabis.es\/pw\/#organization\"},\"potentialAction\":[{\"@type\":\"SearchAction\",\"target\":{\"@type\":\"EntryPoint\",\"urlTemplate\":\"https:\/\/www.cannabis.es\/pw\/?s={search_term_string}\"},\"query-input\":{\"@type\":\"PropertyValueSpecification\",\"valueRequired\":true,\"valueName\":\"search_term_string\"}}],\"inLanguage\":\"es\"},{\"@type\":\"Organization\",\"@id\":\"https:\/\/www.cannabis.es\/pw\/#organization\",\"name\":\"Cannabis.es\",\"url\":\"https:\/\/www.cannabis.es\/pw\/\",\"logo\":{\"@type\":\"ImageObject\",\"inLanguage\":\"es\",\"@id\":\"https:\/\/www.cannabis.es\/pw\/#\/schema\/logo\/image\/\",\"url\":\"https:\/\/www.cannabis.es\/pw\/wp-content\/uploads\/2019\/04\/cropped-logo_cannabis.png\",\"contentUrl\":\"https:\/\/www.cannabis.es\/pw\/wp-content\/uploads\/2019\/04\/cropped-logo_cannabis.png\",\"width\":361,\"height\":120,\"caption\":\"Cannabis.es\"},\"image\":{\"@id\":\"https:\/\/www.cannabis.es\/pw\/#\/schema\/logo\/image\/\"},\"sameAs\":[\"https:\/\/x.com\/cannabis_es\"]},{\"@type\":\"Person\",\"@id\":\"https:\/\/www.cannabis.es\/pw\/#\/schema\/person\/e2fbd204580cf4fe74c79b82bc447374\",\"name\":\"Cannabis.es\",\"image\":{\"@type\":\"ImageObject\",\"inLanguage\":\"es\",\"@id\":\"https:\/\/www.cannabis.es\/pw\/#\/schema\/person\/image\/\",\"url\":\"https:\/\/secure.gravatar.com\/avatar\/4375b1eb6e272e2e48a4b8a8def52e5f208151f555bb5906da616906ee6dd2e8?s=96&d=mm&r=g\",\"contentUrl\":\"https:\/\/secure.gravatar.com\/avatar\/4375b1eb6e272e2e48a4b8a8def52e5f208151f555bb5906da616906ee6dd2e8?s=96&d=mm&r=g\",\"caption\":\"Cannabis.es\"},\"url\":\"https:\/\/www.cannabis.es\/pw\/author\/cannabis\/\"}]}<\/script>\n<!-- \/ Yoast SEO plugin. -->","yoast_head_json":{"title":"Programa completo Spannabis 2016","description":"Entrada &#8226; Portal multimedia sobre cannabis y otras sustancias &#8226; 4 febrero, 2016","robots":{"index":"index","follow":"follow","max-snippet":"max-snippet:-1","max-image-preview":"max-image-preview:large","max-video-preview":"max-video-preview:-1"},"canonical":"https:\/\/www.cannabis.es\/pw\/2016\/02\/04\/programa-completo-spannabis-2016\/","twitter_card":"summary_large_image","twitter_title":"Programa completo Spannabis 2016","twitter_description":"Entrada &#8226; Portal multimedia sobre cannabis y otras sustancias &#8226; 4 febrero, 2016","twitter_image":"https:\/\/www.cannabis.es\/pw\/wp-content\/uploads\/2020\/05\/spannabis2016_2.jpg","twitter_creator":"@cannabis_es","twitter_site":"@cannabis_es","twitter_misc":{"Escrito por":"Cannabis.es","Tiempo de lectura":"5 minutos"},"schema":{"@context":"https:\/\/schema.org","@graph":[{"@type":"Article","@id":"https:\/\/www.cannabis.es\/pw\/2016\/02\/04\/programa-completo-spannabis-2016\/#article","isPartOf":{"@id":"https:\/\/www.cannabis.es\/pw\/2016\/02\/04\/programa-completo-spannabis-2016\/"},"author":{"name":"Cannabis.es","@id":"https:\/\/www.cannabis.es\/pw\/#\/schema\/person\/e2fbd204580cf4fe74c79b82bc447374"},"headline":"Programa completo Spannabis 2016","datePublished":"2016-02-04T12:07:31+00:00","dateModified":"2020-05-25T11:08:30+00:00","mainEntityOfPage":{"@id":"https:\/\/www.cannabis.es\/pw\/2016\/02\/04\/programa-completo-spannabis-2016\/"},"wordCount":1082,"publisher":{"@id":"https:\/\/www.cannabis.es\/pw\/#organization"},"image":{"@id":"https:\/\/www.cannabis.es\/pw\/2016\/02\/04\/programa-completo-spannabis-2016\/#primaryimage"},"thumbnailUrl":"https:\/\/www.cannabis.es\/pw\/wp-content\/uploads\/2020\/05\/spannabis2016_2.jpg","keywords":["cannabis","feria"],"articleSection":["Pol\u00edtica y Sociedad"],"inLanguage":"es"},{"@type":"WebPage","@id":"https:\/\/www.cannabis.es\/pw\/2016\/02\/04\/programa-completo-spannabis-2016\/","url":"https:\/\/www.cannabis.es\/pw\/2016\/02\/04\/programa-completo-spannabis-2016\/","name":"Programa completo Spannabis 2016","isPartOf":{"@id":"https:\/\/www.cannabis.es\/pw\/#website"},"primaryImageOfPage":{"@id":"https:\/\/www.cannabis.es\/pw\/2016\/02\/04\/programa-completo-spannabis-2016\/#primaryimage"},"image":{"@id":"https:\/\/www.cannabis.es\/pw\/2016\/02\/04\/programa-completo-spannabis-2016\/#primaryimage"},"thumbnailUrl":"https:\/\/www.cannabis.es\/pw\/wp-content\/uploads\/2020\/05\/spannabis2016_2.jpg","datePublished":"2016-02-04T12:07:31+00:00","dateModified":"2020-05-25T11:08:30+00:00","description":"Entrada &#8226; Portal multimedia sobre cannabis y otras sustancias &#8226; 4 febrero, 2016","breadcrumb":{"@id":"https:\/\/www.cannabis.es\/pw\/2016\/02\/04\/programa-completo-spannabis-2016\/#breadcrumb"},"inLanguage":"es","potentialAction":[{"@type":"ReadAction","target":["https:\/\/www.cannabis.es\/pw\/2016\/02\/04\/programa-completo-spannabis-2016\/"]}]},{"@type":"ImageObject","inLanguage":"es","@id":"https:\/\/www.cannabis.es\/pw\/2016\/02\/04\/programa-completo-spannabis-2016\/#primaryimage","url":"https:\/\/www.cannabis.es\/pw\/wp-content\/uploads\/2020\/05\/spannabis2016_2.jpg","contentUrl":"https:\/\/www.cannabis.es\/pw\/wp-content\/uploads\/2020\/05\/spannabis2016_2.jpg","width":959,"height":475},{"@type":"BreadcrumbList","@id":"https:\/\/www.cannabis.es\/pw\/2016\/02\/04\/programa-completo-spannabis-2016\/#breadcrumb","itemListElement":[{"@type":"ListItem","position":1,"name":"Portada","item":"http:\/\/www.cannabis.es\/pw\/"},{"@type":"ListItem","position":2,"name":"Programa completo Spannabis 2016"}]},{"@type":"WebSite","@id":"https:\/\/www.cannabis.es\/pw\/#website","url":"https:\/\/www.cannabis.es\/pw\/","name":"Cannabis","description":"Portal multimedia sobre cannabis y otras sustancias","publisher":{"@id":"https:\/\/www.cannabis.es\/pw\/#organization"},"potentialAction":[{"@type":"SearchAction","target":{"@type":"EntryPoint","urlTemplate":"https:\/\/www.cannabis.es\/pw\/?s={search_term_string}"},"query-input":{"@type":"PropertyValueSpecification","valueRequired":true,"valueName":"search_term_string"}}],"inLanguage":"es"},{"@type":"Organization","@id":"https:\/\/www.cannabis.es\/pw\/#organization","name":"Cannabis.es","url":"https:\/\/www.cannabis.es\/pw\/","logo":{"@type":"ImageObject","inLanguage":"es","@id":"https:\/\/www.cannabis.es\/pw\/#\/schema\/logo\/image\/","url":"https:\/\/www.cannabis.es\/pw\/wp-content\/uploads\/2019\/04\/cropped-logo_cannabis.png","contentUrl":"https:\/\/www.cannabis.es\/pw\/wp-content\/uploads\/2019\/04\/cropped-logo_cannabis.png","width":361,"height":120,"caption":"Cannabis.es"},"image":{"@id":"https:\/\/www.cannabis.es\/pw\/#\/schema\/logo\/image\/"},"sameAs":["https:\/\/x.com\/cannabis_es"]},{"@type":"Person","@id":"https:\/\/www.cannabis.es\/pw\/#\/schema\/person\/e2fbd204580cf4fe74c79b82bc447374","name":"Cannabis.es","image":{"@type":"ImageObject","inLanguage":"es","@id":"https:\/\/www.cannabis.es\/pw\/#\/schema\/person\/image\/","url":"https:\/\/secure.gravatar.com\/avatar\/4375b1eb6e272e2e48a4b8a8def52e5f208151f555bb5906da616906ee6dd2e8?s=96&d=mm&r=g","contentUrl":"https:\/\/secure.gravatar.com\/avatar\/4375b1eb6e272e2e48a4b8a8def52e5f208151f555bb5906da616906ee6dd2e8?s=96&d=mm&r=g","caption":"Cannabis.es"},"url":"https:\/\/www.cannabis.es\/pw\/author\/cannabis\/"}]}},"_links":{"self":[{"href":"https:\/\/www.cannabis.es\/pw\/wp-json\/wp\/v2\/posts\/3966","targetHints":{"allow":["GET"]}}],"collection":[{"href":"https:\/\/www.cannabis.es\/pw\/wp-json\/wp\/v2\/posts"}],"about":[{"href":"https:\/\/www.cannabis.es\/pw\/wp-json\/wp\/v2\/types\/post"}],"author":[{"embeddable":true,"href":"https:\/\/www.cannabis.es\/pw\/wp-json\/wp\/v2\/users\/1"}],"replies":[{"embeddable":true,"href":"https:\/\/www.cannabis.es\/pw\/wp-json\/wp\/v2\/comments?post=3966"}],"version-history":[{"count":1,"href":"https:\/\/www.cannabis.es\/pw\/wp-json\/wp\/v2\/posts\/3966\/revisions"}],"predecessor-version":[{"id":3968,"href":"https:\/\/www.cannabis.es\/pw\/wp-json\/wp\/v2\/posts\/3966\/revisions\/3968"}],"wp:featuredmedia":[{"embeddable":true,"href":"https:\/\/www.cannabis.es\/pw\/wp-json\/wp\/v2\/media\/3967"}],"wp:attachment":[{"href":"https:\/\/www.cannabis.es\/pw\/wp-json\/wp\/v2\/media?parent=3966"}],"wp:term":[{"taxonomy":"category","embeddable":true,"href":"https:\/\/www.cannabis.es\/pw\/wp-json\/wp\/v2\/categories?post=3966"},{"taxonomy":"post_tag","embeddable":true,"href":"https:\/\/www.cannabis.es\/pw\/wp-json\/wp\/v2\/tags?post=3966"}],"curies":[{"name":"wp","href":"https:\/\/api.w.org\/{rel}","templated":true}]}}