{"id":4133,"date":"2015-11-26T16:01:12","date_gmt":"2015-11-26T15:01:12","guid":{"rendered":"http:\/\/www.cannabis.es\/pw\/?p=4133"},"modified":"2020-06-06T17:08:46","modified_gmt":"2020-06-06T15:08:46","slug":"narcotrafico-y-politica-al-desnudo-narcodata","status":"publish","type":"post","link":"https:\/\/www.cannabis.es\/pw\/2015\/11\/26\/narcotrafico-y-politica-al-desnudo-narcodata\/","title":{"rendered":"Narcotr\u00e1fico y pol\u00edtica al desnudo: Narcodata"},"content":{"rendered":"\n<p>Por Guillermo Veira<\/p>\n\n\n\n<p>En este mes hemos sido testigos de&nbsp;<a href=\"https:\/\/www.cannabis.es\/web\/features\/actuaidad\/222-mexico-legaliza-el-cannabis\" target=\"_blank\" rel=\"noreferrer noopener\">la audaz decisi\u00f3n de la Suprema Corte de Justicia de la Naci\u00f3n de M\u00e9xico<\/a>&nbsp;permitiendo el consumo, el transporte y la producci\u00f3n de marihuana a cuatro activistas.<\/p>\n\n\n\n<hr class=\"wp-block-separator\"\/>\n\n\n\n<p>Una decisi\u00f3n medi\u00e1tica que durante unos d\u00edas puso sobre la mesa el debate de la despenalizaci\u00f3n de la marihuana en M\u00e9xico a nivel internacional. Una presencia medi\u00e1tica que aunque breve aborda de una forma escandalosamente superficial el contexto mexicano. Desde hace casi una d\u00e9cada este pa\u00eds sufre uno de los conflictos m\u00e1s sanguinarios de la actualidad. Una guerra solapada bajo una supuesta estrategia de lucha contra el narcotr\u00e1fico por parte del gobierno de este pa\u00eds democr\u00e1tico, referente de crecimiento econ\u00f3mico y parte del&nbsp;<a href=\"https:\/\/es.wikipedia.org\/wiki\/Grupo_de_los_20_(pa%C3%ADses_industrializados_y_emergentes)\" target=\"_blank\" rel=\"noreferrer noopener\">G20<\/a>,&nbsp;<a href=\"https:\/\/es.wikipedia.org\/wiki\/G-5\" target=\"_blank\" rel=\"noreferrer noopener\">G5<\/a>&nbsp;y de la&nbsp;<strong>Organizaci\u00f3n para la Cooperaci\u00f3n y el Desarrollo Econ\u00f3micos<\/strong>&nbsp;(OCDE). Un conflicto con muchos matices y que iniciativas como&nbsp;<strong>NarcoData<\/strong>, una reciente plataforma digital, pretenden aportar informaci\u00f3n veraz y contrastada para abordar el problema desde su complejidad.<\/p>\n\n\n\n<p><strong>NarcoData<\/strong><\/p>\n\n\n\n<p>La plataforma se pone en funcionamiento a finales del pasado octubre con el objetivo de exponer c\u00f3mo las organizaciones criminales vinculadas al narcotr\u00e1fico han evolucionado en estos a\u00f1os hasta convertirse en uno de los problemas internacionales m\u00e1s preocupantes. Fruto de la confluencia entre la plataforma de informaci\u00f3n mexicana&nbsp;<strong>Animal Pol\u00edtico<\/strong>&nbsp;y la compa\u00f1\u00eda de medios chilena&nbsp;<strong>Poderopedia<\/strong>, especializada en explicar a trav\u00e9s de p\u00e1ginas web v\u00ednculos entre la empresa privada y pol\u00edticos en Chile, Colombia y Venezuela. La plataforma presenta a trav\u00e9s de&nbsp;<a href=\"http:\/\/narcodata.animalpolitico.com\/\" target=\"_blank\" rel=\"noreferrer noopener\">un sitio interactivo y accesible<\/a>, con informaci\u00f3n rigurosa, \u201c<em><strong>una radiograf\u00eda de las \u00faltimas cuatro d\u00e9cadas de los grupos delictivos, para que los lectores se expliquen, de manera sencilla, c\u00f3mo han evolucionado<\/strong><\/em>.\u201d Una herramienta para acabar con los mitos que desde las instituciones p\u00fablicas mexicanas se fomentan en relaci\u00f3n a este tema y que es una realidad gracias al financiamiento de&nbsp;<strong>HacksLabs<\/strong>,&nbsp;<strong>Hivos<\/strong>, la fundaci\u00f3n<strong>&nbsp;Avina<\/strong>&nbsp;y el&nbsp;<strong>International Center For Journalists<\/strong>. En las distintas entregas que han ido haciendo p\u00fablicas en este mes una idea se refuerza: el narcotr\u00e1fico no es solamente un grupo de delincuentes sanguinarios dedicados al tr\u00e1fico de estupefacientes. Es un entramado econ\u00f3mico, totalmente asentado en el territorio despu\u00e9s de 40 a\u00f1os, con v\u00ednculos e intereses en las instituciones p\u00fablicas, las empresas privadas y la propia sociedad civil, no s\u00f3lo de M\u00e9xico, sino de todo el continente americano. Cualquier soluci\u00f3n que no parta desde esta afirmaci\u00f3n ser\u00e1 un nuevo problema.<\/p>\n\n\n\n<p><strong>Los c\u00e1rteles<\/strong><\/p>\n\n\n\n<p>El narcotr\u00e1fico ha evolucionado mucho en muy poco tiempo. De los primeros narcotraficantes cantados por los&nbsp;<strong>Tigres del Norte<\/strong>&nbsp;haciendo incursiones a Estados Unidos en sus camionetas cargadas de droga se pas\u00f3 a un entramado mucho m\u00e1s complejo. La propia plataforma plantea como punto de quiebre el secuestro, tortura y asesinato del agente de la DEA&nbsp;<strong>Enrique Camarena<\/strong>&nbsp;en 1985, que oblig\u00f3 al gobierno del entonces presidente mexicano&nbsp;<strong>Miguel de la Madrid<\/strong>&nbsp;a acabar con la pol\u00edtica de tolerancia con el narcotr\u00e1fico. Desde entonces las distintas iniciativas gubernamentales para enfrentar este problema han puesto especial \u00e9nfasis en atacar a las cabezas de los c\u00e1rteles, que como la figura de la hidra en la mitolog\u00eda griega, ha provocado que nuevas cabezas surjan aumentando el problema. En 1980 hab\u00eda cuatro c\u00e1rteles en todo M\u00e9xico que operaban en 12 estados de los 31 que tiene el pa\u00eds, desde 2006, fecha de comienzo de la estrategia del ex presidente&nbsp;<strong>Felipe Calder\u00f3n<\/strong>&nbsp;de combate contra el narco, el grupo de c\u00e1rteles aument\u00f3 a 9 y su influencia se ha extendido a todos los estados de la rep\u00fablica. Una influencia que llega hasta las instancias m\u00e1s elevadas, desde 1997 son dos los \u201czares antidrogas\u201d mexicanos condenados por v\u00ednculos con el narcotr\u00e1fico, otro m\u00e1s muri\u00f3, junto al primer Ministro de Interior del ejecutivo del ex presidente Calder\u00f3n, en un extra\u00f1o accidente a\u00e9reo. Y seg\u00fan las \u00faltimas averiguaciones en relaci\u00f3n a la sonada fuga de \u201c<strong>el Chapo<\/strong>\u201d<strong>&nbsp;Guzm\u00e1n<\/strong>&nbsp;un n\u00famero importantes de funcionarios de distintas instituciones de seguridad a nivel nacional&nbsp;<a href=\"http:\/\/chapo.proceso.com.mx\/\" target=\"_blank\" rel=\"noreferrer noopener\">facilitaron esta hu\u00edda<\/a>.<\/p>\n\n\n\n<p><strong>Pol\u00edtica mexicana<\/strong><\/p>\n\n\n\n<p>En 1990 el premio Nobel, y actual activista en favor de una nueva pol\u00edtica de drogas,&nbsp;<strong>Mario Vargas Llosa<\/strong>&nbsp;calific\u00f3 a M\u00e9xico como la \u201cdictadura perfecta\u201d.<\/p>\n\n\n\n<p>Un conglomerado de intereses, instituciones, organizaciones, sindicatos y empresas alrededor del omnipresente y omnipotente&nbsp;<strong>Partido de la Revoluci\u00f3n Institucional<\/strong>&nbsp;(PRI) que despu\u00e9s de 73 a\u00f1os de gobierno ininterrumpido hoy d\u00eda est\u00e1 de nuevo en el poder. Un ejemplo de corporativismo pol\u00edtico, econ\u00f3mico y social que ha permitido a M\u00e9xico mantener uno de los sistemas pol\u00edticos m\u00e1s estables del Siglo XX en el convulso continente americano. Los c\u00e1rteles, en esta influencia corporativista, funcionan de una manera bastante similar al resto del pa\u00eds, con la principal diferencia que mientras que a nivel pol\u00edtico todo gira alrededor del PRI, en el mundo criminal, desde el descabezamiento del primigenio&nbsp;<strong>Cartel de Guadalajara<\/strong>, el crisol de grupos delictivos no han dejado de competir, y desde el gobierno de Calder\u00f3n de una manera armada expl\u00edcita, por el control del territorio. Tanto la justificaci\u00f3n maniquea que enarbol\u00f3 el ex mandatario Calder\u00f3n y esgrime el actual presidente&nbsp;<strong>Enrique Pe\u00f1a Nieto<\/strong>&nbsp;para la guerra, como aquellas noticias que muestren a las instituciones p\u00fablicas mexicanas como referentes preocupados por garantizar los derechos fundamentales son pura ret\u00f3rica apegada a una peligrosa demagogia. El continuo e impune ataque contra periodistas que cubren v\u00ednculos de narcotr\u00e1fico y pol\u00edtica, el m\u00e1s reciente, de nuevo&nbsp;<a href=\"http:\/\/www.proceso.com.mx\/?p=421306\" target=\"_blank\" rel=\"noreferrer noopener\">contra la periodista&nbsp;<strong>Anabel Hern\u00e1ndez<\/strong><\/a>&nbsp;lo demuestra. Es una realidad constatada por la propia plataforma que en cada per\u00edodo hay organizaciones criminales que salen \u201cbeneficiadas\u201d, seg\u00fan Narcodata, en los tres a\u00f1os de gobierno de Pe\u00f1a Nieto el reci\u00e9n inaugurado cartel de&nbsp;<a href=\"http:\/\/narcodata.animalpolitico.com\/con-pena-el-chapo-y-jalisco-nueva-generacion-dominan-el-negocio-de-la-droga\/\" target=\"_blank\" rel=\"noreferrer noopener\"><strong>Jalisco Nueva Generaci\u00f3n<\/strong><\/a>&nbsp;se ha convertido en una de las organizaciones m\u00e1s importantes en la regi\u00f3n. M\u00e1s all\u00e1 de los titulares la realidad nos muestra que los c\u00e1rteles han sido y son un elemento m\u00e1s de la pol\u00edtica, la econom\u00eda y lo social, mueve una cantidad de dinero ingente lejos de remitir y que la pol\u00edtica internacional de pol\u00edtica de drogas no deja de hacerla mucho m\u00e1s atractiva para todas aquellas personas interesadas en ganar mucho dinero. Plataformas como&nbsp;<strong>Narcodata<\/strong>&nbsp;pueden ayudar a entender el contexto en el que funcionan estos grupos criminales y desde ese marco promover soluciones integrales que vayan suavizando poco a poco este problema que ya es mundial, no es un secreto que estos c\u00e1rteles hace a\u00f1os que han desembarcado en \u00c1frica y Europa. La legalizaci\u00f3n, sin duda, es la m\u00e1s urgente.<\/p>\n","protected":false},"excerpt":{"rendered":"<span class=\"span-reading-time rt-reading-time\" style=\"display: block;\"><span class=\"rt-label rt-prefix\">Tiempo de lectura:<\/span> <span class=\"rt-time\"> 4<\/span> <span class=\"rt-label rt-postfix\">minutos<\/span><\/span>Por Guillermo Veira En este mes hemos sido testigos de&nbsp;la audaz decisi\u00f3n de la Suprema Corte de Justicia de la Naci\u00f3n de M\u00e9xico&nbsp;permitiendo el consumo, el transporte y la producci\u00f3n de marihuana a cuatro activistas. Una decisi\u00f3n medi\u00e1tica que durante unos d\u00edas puso sobre la mesa el debate de la despenalizaci\u00f3n de la marihuana en [&hellip;]","protected":false},"author":1,"featured_media":4134,"comment_status":"closed","ping_status":"closed","sticky":false,"template":"","format":"standard","meta":{"loftocean-featured-post":"","loftocean_post_format_gallery":"","loftocean_post_format_gallery_ids":"","loftocean_post_format_gallery_urls":"","loftocean_post_format_video_id":"","loftocean_post_format_video_url":"","loftocean_post_format_video_type":"","loftocean_post_format_video":"","loftocean_post_format_audio_type":"","loftocean_post_format_audio_url":"","loftocean_post_format_audio_id":"","loftocean_post_format_audio":"","loftocean_post_format_quote_text":"","loftocean_post_format_quote_byline":"","loftocean_post_format_link_text":"","loftocean_post_format_link_url":"","ceramag_post_header_style":"","ceramag_enable_background_video":"","ceramag_show_in_top_slider":"","ceramag_post_background_video_start":"","ceramag_post_background_video_end":"","loftocean_page_background_video_id":"","loftocean_page_background_video_url":"","loftocean_page_background_video_type":"","loftocean_page_background_video":"","ceramag_background_video_start":"","ceramag_background_video_end":"","ceramag_single_page_hide_header":"","footnotes":""},"categories":[35],"tags":[819,798],"class_list":["post-4133","post","type-post","status-publish","format-standard","has-post-thumbnail","hentry","category-politica-y-sociedad","tag-internacional","tag-narcotrafico"],"yoast_head":"<!-- This site is optimized with the Yoast SEO plugin v24.9 - https:\/\/yoast.com\/wordpress\/plugins\/seo\/ -->\n<title>Narcotr\u00e1fico y pol\u00edtica al desnudo: Narcodata<\/title>\n<meta name=\"description\" content=\"Entrada &#8226; Portal multimedia sobre cannabis y otras sustancias &#8226; 26 noviembre, 2015\" \/>\n<meta name=\"robots\" content=\"index, follow, max-snippet:-1, max-image-preview:large, max-video-preview:-1\" \/>\n<link rel=\"canonical\" href=\"https:\/\/www.cannabis.es\/pw\/2015\/11\/26\/narcotrafico-y-politica-al-desnudo-narcodata\/\" \/>\n<meta name=\"twitter:card\" content=\"summary_large_image\" \/>\n<meta name=\"twitter:title\" content=\"Narcotr\u00e1fico y pol\u00edtica al desnudo: Narcodata\" \/>\n<meta name=\"twitter:description\" content=\"Entrada &#8226; Portal multimedia sobre cannabis y otras sustancias &#8226; 26 noviembre, 2015\" \/>\n<meta name=\"twitter:image\" content=\"https:\/\/www.cannabis.es\/pw\/wp-content\/uploads\/2020\/05\/narcodata.jpg\" \/>\n<meta name=\"twitter:creator\" content=\"@cannabis_es\" \/>\n<meta name=\"twitter:site\" content=\"@cannabis_es\" \/>\n<meta name=\"twitter:label1\" content=\"Escrito por\" \/>\n\t<meta name=\"twitter:data1\" content=\"Cannabis.es\" \/>\n\t<meta name=\"twitter:label2\" content=\"Tiempo de lectura\" \/>\n\t<meta name=\"twitter:data2\" content=\"6 minutos\" \/>\n<script type=\"application\/ld+json\" class=\"yoast-schema-graph\">{\"@context\":\"https:\/\/schema.org\",\"@graph\":[{\"@type\":\"Article\",\"@id\":\"https:\/\/www.cannabis.es\/pw\/2015\/11\/26\/narcotrafico-y-politica-al-desnudo-narcodata\/#article\",\"isPartOf\":{\"@id\":\"https:\/\/www.cannabis.es\/pw\/2015\/11\/26\/narcotrafico-y-politica-al-desnudo-narcodata\/\"},\"author\":{\"name\":\"Cannabis.es\",\"@id\":\"https:\/\/www.cannabis.es\/pw\/#\/schema\/person\/e2fbd204580cf4fe74c79b82bc447374\"},\"headline\":\"Narcotr\u00e1fico y pol\u00edtica al desnudo: Narcodata\",\"datePublished\":\"2015-11-26T15:01:12+00:00\",\"dateModified\":\"2020-06-06T15:08:46+00:00\",\"mainEntityOfPage\":{\"@id\":\"https:\/\/www.cannabis.es\/pw\/2015\/11\/26\/narcotrafico-y-politica-al-desnudo-narcodata\/\"},\"wordCount\":1226,\"publisher\":{\"@id\":\"https:\/\/www.cannabis.es\/pw\/#organization\"},\"image\":{\"@id\":\"https:\/\/www.cannabis.es\/pw\/2015\/11\/26\/narcotrafico-y-politica-al-desnudo-narcodata\/#primaryimage\"},\"thumbnailUrl\":\"https:\/\/www.cannabis.es\/pw\/wp-content\/uploads\/2020\/05\/narcodata.jpg\",\"keywords\":[\"internacional\",\"narcotr\u00e1fico\"],\"articleSection\":[\"Pol\u00edtica y Sociedad\"],\"inLanguage\":\"es\"},{\"@type\":\"WebPage\",\"@id\":\"https:\/\/www.cannabis.es\/pw\/2015\/11\/26\/narcotrafico-y-politica-al-desnudo-narcodata\/\",\"url\":\"https:\/\/www.cannabis.es\/pw\/2015\/11\/26\/narcotrafico-y-politica-al-desnudo-narcodata\/\",\"name\":\"Narcotr\u00e1fico y pol\u00edtica al desnudo: Narcodata\",\"isPartOf\":{\"@id\":\"https:\/\/www.cannabis.es\/pw\/#website\"},\"primaryImageOfPage\":{\"@id\":\"https:\/\/www.cannabis.es\/pw\/2015\/11\/26\/narcotrafico-y-politica-al-desnudo-narcodata\/#primaryimage\"},\"image\":{\"@id\":\"https:\/\/www.cannabis.es\/pw\/2015\/11\/26\/narcotrafico-y-politica-al-desnudo-narcodata\/#primaryimage\"},\"thumbnailUrl\":\"https:\/\/www.cannabis.es\/pw\/wp-content\/uploads\/2020\/05\/narcodata.jpg\",\"datePublished\":\"2015-11-26T15:01:12+00:00\",\"dateModified\":\"2020-06-06T15:08:46+00:00\",\"description\":\"Entrada &#8226; Portal multimedia sobre cannabis y otras sustancias &#8226; 26 noviembre, 2015\",\"breadcrumb\":{\"@id\":\"https:\/\/www.cannabis.es\/pw\/2015\/11\/26\/narcotrafico-y-politica-al-desnudo-narcodata\/#breadcrumb\"},\"inLanguage\":\"es\",\"potentialAction\":[{\"@type\":\"ReadAction\",\"target\":[\"https:\/\/www.cannabis.es\/pw\/2015\/11\/26\/narcotrafico-y-politica-al-desnudo-narcodata\/\"]}]},{\"@type\":\"ImageObject\",\"inLanguage\":\"es\",\"@id\":\"https:\/\/www.cannabis.es\/pw\/2015\/11\/26\/narcotrafico-y-politica-al-desnudo-narcodata\/#primaryimage\",\"url\":\"https:\/\/www.cannabis.es\/pw\/wp-content\/uploads\/2020\/05\/narcodata.jpg\",\"contentUrl\":\"https:\/\/www.cannabis.es\/pw\/wp-content\/uploads\/2020\/05\/narcodata.jpg\",\"width\":959,\"height\":475},{\"@type\":\"BreadcrumbList\",\"@id\":\"https:\/\/www.cannabis.es\/pw\/2015\/11\/26\/narcotrafico-y-politica-al-desnudo-narcodata\/#breadcrumb\",\"itemListElement\":[{\"@type\":\"ListItem\",\"position\":1,\"name\":\"Portada\",\"item\":\"http:\/\/www.cannabis.es\/pw\/\"},{\"@type\":\"ListItem\",\"position\":2,\"name\":\"Narcotr\u00e1fico y pol\u00edtica al desnudo: Narcodata\"}]},{\"@type\":\"WebSite\",\"@id\":\"https:\/\/www.cannabis.es\/pw\/#website\",\"url\":\"https:\/\/www.cannabis.es\/pw\/\",\"name\":\"Cannabis\",\"description\":\"Portal multimedia sobre cannabis y otras sustancias\",\"publisher\":{\"@id\":\"https:\/\/www.cannabis.es\/pw\/#organization\"},\"potentialAction\":[{\"@type\":\"SearchAction\",\"target\":{\"@type\":\"EntryPoint\",\"urlTemplate\":\"https:\/\/www.cannabis.es\/pw\/?s={search_term_string}\"},\"query-input\":{\"@type\":\"PropertyValueSpecification\",\"valueRequired\":true,\"valueName\":\"search_term_string\"}}],\"inLanguage\":\"es\"},{\"@type\":\"Organization\",\"@id\":\"https:\/\/www.cannabis.es\/pw\/#organization\",\"name\":\"Cannabis.es\",\"url\":\"https:\/\/www.cannabis.es\/pw\/\",\"logo\":{\"@type\":\"ImageObject\",\"inLanguage\":\"es\",\"@id\":\"https:\/\/www.cannabis.es\/pw\/#\/schema\/logo\/image\/\",\"url\":\"https:\/\/www.cannabis.es\/pw\/wp-content\/uploads\/2019\/04\/cropped-logo_cannabis.png\",\"contentUrl\":\"https:\/\/www.cannabis.es\/pw\/wp-content\/uploads\/2019\/04\/cropped-logo_cannabis.png\",\"width\":361,\"height\":120,\"caption\":\"Cannabis.es\"},\"image\":{\"@id\":\"https:\/\/www.cannabis.es\/pw\/#\/schema\/logo\/image\/\"},\"sameAs\":[\"https:\/\/x.com\/cannabis_es\"]},{\"@type\":\"Person\",\"@id\":\"https:\/\/www.cannabis.es\/pw\/#\/schema\/person\/e2fbd204580cf4fe74c79b82bc447374\",\"name\":\"Cannabis.es\",\"image\":{\"@type\":\"ImageObject\",\"inLanguage\":\"es\",\"@id\":\"https:\/\/www.cannabis.es\/pw\/#\/schema\/person\/image\/\",\"url\":\"https:\/\/secure.gravatar.com\/avatar\/4375b1eb6e272e2e48a4b8a8def52e5f208151f555bb5906da616906ee6dd2e8?s=96&d=mm&r=g\",\"contentUrl\":\"https:\/\/secure.gravatar.com\/avatar\/4375b1eb6e272e2e48a4b8a8def52e5f208151f555bb5906da616906ee6dd2e8?s=96&d=mm&r=g\",\"caption\":\"Cannabis.es\"},\"url\":\"https:\/\/www.cannabis.es\/pw\/author\/cannabis\/\"}]}<\/script>\n<!-- \/ Yoast SEO plugin. -->","yoast_head_json":{"title":"Narcotr\u00e1fico y pol\u00edtica al desnudo: Narcodata","description":"Entrada &#8226; Portal multimedia sobre cannabis y otras sustancias &#8226; 26 noviembre, 2015","robots":{"index":"index","follow":"follow","max-snippet":"max-snippet:-1","max-image-preview":"max-image-preview:large","max-video-preview":"max-video-preview:-1"},"canonical":"https:\/\/www.cannabis.es\/pw\/2015\/11\/26\/narcotrafico-y-politica-al-desnudo-narcodata\/","twitter_card":"summary_large_image","twitter_title":"Narcotr\u00e1fico y pol\u00edtica al desnudo: Narcodata","twitter_description":"Entrada &#8226; Portal multimedia sobre cannabis y otras sustancias &#8226; 26 noviembre, 2015","twitter_image":"https:\/\/www.cannabis.es\/pw\/wp-content\/uploads\/2020\/05\/narcodata.jpg","twitter_creator":"@cannabis_es","twitter_site":"@cannabis_es","twitter_misc":{"Escrito por":"Cannabis.es","Tiempo de lectura":"6 minutos"},"schema":{"@context":"https:\/\/schema.org","@graph":[{"@type":"Article","@id":"https:\/\/www.cannabis.es\/pw\/2015\/11\/26\/narcotrafico-y-politica-al-desnudo-narcodata\/#article","isPartOf":{"@id":"https:\/\/www.cannabis.es\/pw\/2015\/11\/26\/narcotrafico-y-politica-al-desnudo-narcodata\/"},"author":{"name":"Cannabis.es","@id":"https:\/\/www.cannabis.es\/pw\/#\/schema\/person\/e2fbd204580cf4fe74c79b82bc447374"},"headline":"Narcotr\u00e1fico y pol\u00edtica al desnudo: Narcodata","datePublished":"2015-11-26T15:01:12+00:00","dateModified":"2020-06-06T15:08:46+00:00","mainEntityOfPage":{"@id":"https:\/\/www.cannabis.es\/pw\/2015\/11\/26\/narcotrafico-y-politica-al-desnudo-narcodata\/"},"wordCount":1226,"publisher":{"@id":"https:\/\/www.cannabis.es\/pw\/#organization"},"image":{"@id":"https:\/\/www.cannabis.es\/pw\/2015\/11\/26\/narcotrafico-y-politica-al-desnudo-narcodata\/#primaryimage"},"thumbnailUrl":"https:\/\/www.cannabis.es\/pw\/wp-content\/uploads\/2020\/05\/narcodata.jpg","keywords":["internacional","narcotr\u00e1fico"],"articleSection":["Pol\u00edtica y Sociedad"],"inLanguage":"es"},{"@type":"WebPage","@id":"https:\/\/www.cannabis.es\/pw\/2015\/11\/26\/narcotrafico-y-politica-al-desnudo-narcodata\/","url":"https:\/\/www.cannabis.es\/pw\/2015\/11\/26\/narcotrafico-y-politica-al-desnudo-narcodata\/","name":"Narcotr\u00e1fico y pol\u00edtica al desnudo: Narcodata","isPartOf":{"@id":"https:\/\/www.cannabis.es\/pw\/#website"},"primaryImageOfPage":{"@id":"https:\/\/www.cannabis.es\/pw\/2015\/11\/26\/narcotrafico-y-politica-al-desnudo-narcodata\/#primaryimage"},"image":{"@id":"https:\/\/www.cannabis.es\/pw\/2015\/11\/26\/narcotrafico-y-politica-al-desnudo-narcodata\/#primaryimage"},"thumbnailUrl":"https:\/\/www.cannabis.es\/pw\/wp-content\/uploads\/2020\/05\/narcodata.jpg","datePublished":"2015-11-26T15:01:12+00:00","dateModified":"2020-06-06T15:08:46+00:00","description":"Entrada &#8226; Portal multimedia sobre cannabis y otras sustancias &#8226; 26 noviembre, 2015","breadcrumb":{"@id":"https:\/\/www.cannabis.es\/pw\/2015\/11\/26\/narcotrafico-y-politica-al-desnudo-narcodata\/#breadcrumb"},"inLanguage":"es","potentialAction":[{"@type":"ReadAction","target":["https:\/\/www.cannabis.es\/pw\/2015\/11\/26\/narcotrafico-y-politica-al-desnudo-narcodata\/"]}]},{"@type":"ImageObject","inLanguage":"es","@id":"https:\/\/www.cannabis.es\/pw\/2015\/11\/26\/narcotrafico-y-politica-al-desnudo-narcodata\/#primaryimage","url":"https:\/\/www.cannabis.es\/pw\/wp-content\/uploads\/2020\/05\/narcodata.jpg","contentUrl":"https:\/\/www.cannabis.es\/pw\/wp-content\/uploads\/2020\/05\/narcodata.jpg","width":959,"height":475},{"@type":"BreadcrumbList","@id":"https:\/\/www.cannabis.es\/pw\/2015\/11\/26\/narcotrafico-y-politica-al-desnudo-narcodata\/#breadcrumb","itemListElement":[{"@type":"ListItem","position":1,"name":"Portada","item":"http:\/\/www.cannabis.es\/pw\/"},{"@type":"ListItem","position":2,"name":"Narcotr\u00e1fico y pol\u00edtica al desnudo: Narcodata"}]},{"@type":"WebSite","@id":"https:\/\/www.cannabis.es\/pw\/#website","url":"https:\/\/www.cannabis.es\/pw\/","name":"Cannabis","description":"Portal multimedia sobre cannabis y otras sustancias","publisher":{"@id":"https:\/\/www.cannabis.es\/pw\/#organization"},"potentialAction":[{"@type":"SearchAction","target":{"@type":"EntryPoint","urlTemplate":"https:\/\/www.cannabis.es\/pw\/?s={search_term_string}"},"query-input":{"@type":"PropertyValueSpecification","valueRequired":true,"valueName":"search_term_string"}}],"inLanguage":"es"},{"@type":"Organization","@id":"https:\/\/www.cannabis.es\/pw\/#organization","name":"Cannabis.es","url":"https:\/\/www.cannabis.es\/pw\/","logo":{"@type":"ImageObject","inLanguage":"es","@id":"https:\/\/www.cannabis.es\/pw\/#\/schema\/logo\/image\/","url":"https:\/\/www.cannabis.es\/pw\/wp-content\/uploads\/2019\/04\/cropped-logo_cannabis.png","contentUrl":"https:\/\/www.cannabis.es\/pw\/wp-content\/uploads\/2019\/04\/cropped-logo_cannabis.png","width":361,"height":120,"caption":"Cannabis.es"},"image":{"@id":"https:\/\/www.cannabis.es\/pw\/#\/schema\/logo\/image\/"},"sameAs":["https:\/\/x.com\/cannabis_es"]},{"@type":"Person","@id":"https:\/\/www.cannabis.es\/pw\/#\/schema\/person\/e2fbd204580cf4fe74c79b82bc447374","name":"Cannabis.es","image":{"@type":"ImageObject","inLanguage":"es","@id":"https:\/\/www.cannabis.es\/pw\/#\/schema\/person\/image\/","url":"https:\/\/secure.gravatar.com\/avatar\/4375b1eb6e272e2e48a4b8a8def52e5f208151f555bb5906da616906ee6dd2e8?s=96&d=mm&r=g","contentUrl":"https:\/\/secure.gravatar.com\/avatar\/4375b1eb6e272e2e48a4b8a8def52e5f208151f555bb5906da616906ee6dd2e8?s=96&d=mm&r=g","caption":"Cannabis.es"},"url":"https:\/\/www.cannabis.es\/pw\/author\/cannabis\/"}]}},"_links":{"self":[{"href":"https:\/\/www.cannabis.es\/pw\/wp-json\/wp\/v2\/posts\/4133","targetHints":{"allow":["GET"]}}],"collection":[{"href":"https:\/\/www.cannabis.es\/pw\/wp-json\/wp\/v2\/posts"}],"about":[{"href":"https:\/\/www.cannabis.es\/pw\/wp-json\/wp\/v2\/types\/post"}],"author":[{"embeddable":true,"href":"https:\/\/www.cannabis.es\/pw\/wp-json\/wp\/v2\/users\/1"}],"replies":[{"embeddable":true,"href":"https:\/\/www.cannabis.es\/pw\/wp-json\/wp\/v2\/comments?post=4133"}],"version-history":[{"count":2,"href":"https:\/\/www.cannabis.es\/pw\/wp-json\/wp\/v2\/posts\/4133\/revisions"}],"predecessor-version":[{"id":5358,"href":"https:\/\/www.cannabis.es\/pw\/wp-json\/wp\/v2\/posts\/4133\/revisions\/5358"}],"wp:featuredmedia":[{"embeddable":true,"href":"https:\/\/www.cannabis.es\/pw\/wp-json\/wp\/v2\/media\/4134"}],"wp:attachment":[{"href":"https:\/\/www.cannabis.es\/pw\/wp-json\/wp\/v2\/media?parent=4133"}],"wp:term":[{"taxonomy":"category","embeddable":true,"href":"https:\/\/www.cannabis.es\/pw\/wp-json\/wp\/v2\/categories?post=4133"},{"taxonomy":"post_tag","embeddable":true,"href":"https:\/\/www.cannabis.es\/pw\/wp-json\/wp\/v2\/tags?post=4133"}],"curies":[{"name":"wp","href":"https:\/\/api.w.org\/{rel}","templated":true}]}}