{"id":4139,"date":"2015-11-25T16:03:23","date_gmt":"2015-11-25T15:03:23","guid":{"rendered":"http:\/\/www.cannabis.es\/pw\/?p=4139"},"modified":"2020-06-06T17:09:01","modified_gmt":"2020-06-06T15:09:01","slug":"asi-se-gesto-el-libro-ska-en-espana-la-vida-no-se-detiene","status":"publish","type":"post","link":"https:\/\/www.cannabis.es\/pw\/2015\/11\/25\/asi-se-gesto-el-libro-ska-en-espana-la-vida-no-se-detiene\/","title":{"rendered":"AS\u00cd SE GEST\u00d3 EL LIBRO: \u201cSKA EN ESPA\u00d1A. LA VIDA NO SE DETIENE\u201d"},"content":{"rendered":"\n<p>Por Larry Acr<\/p>\n\n\n\n<p>La editorial catalana&nbsp;<a href=\"http:\/\/www.edmilenio.com\/ESP\/default_milenio2.asp\" target=\"_blank\" rel=\"noreferrer noopener\">Milenio<\/a>&nbsp;publica el t\u00edtulo n\u00famero 63 de su colecci\u00f3n de m\u00fasica.<\/p>\n\n\n\n<hr class=\"wp-block-separator\"\/>\n\n\n\n<p>Una colecci\u00f3n que cuenta con el bagaje de veinte a\u00f1os en los que han aparecido monograf\u00edas tan relevantes y heterog\u00e9neas como \u201c<strong>Iron Maiden. Deconstrucci\u00f3n<\/strong>\u201d de Juanjo Ord\u00e1s, \u201c<strong>Fela Kuti. Esp\u00edritu ind\u00f3mito<\/strong>\u201d de Sagrario Luna, \u201c<strong>Vainica Doble. La caricia pop<\/strong>\u201d de Marcos Gendre, \u201c<strong>Django Reinhardt. Un gitano en Par\u00eds<\/strong>\u201d de Juan P. Jim\u00e9nez y Emilie Durand, \u201c<strong>Paul Simon y Art Garfunkel. Negociaciones y canciones de amor<\/strong>\u201d de Javier M\u00e1rquez, o \u201c<strong>Los S\u00edrex. 50 A\u00f1os de Historia que ni La Escoba ha podido barrer<\/strong>\u201d de Javier de Castro (director de la colecci\u00f3n de m\u00fasica) y \u00c1lex Or\u00f3.<\/p>\n\n\n\n<p>El sexag\u00e9simo tercer t\u00edtulo de la misma tiene por objeto explicar el desarrollo de un g\u00e9nero al\u00f3ctono como el ska en nuestro pa\u00eds tras un bagaje de m\u00e1s de 50 a\u00f1os, suficiente para valorar con una perspectiva temporal lo que \u00e9ste ha dado de s\u00ed. En palabras de&nbsp;<strong>Gonzalo Fern\u00e1ndez<\/strong>, uno de los dos autores del libro \u201c<strong>Ska en Espa\u00f1a. La vida no se detiene<\/strong>\u201d, \u201c<em><strong>para m\u00ed, publicar la historia del ska en Espa\u00f1a en formato de libro es una forma de hacer justicia a la riqueza que ha mostrado esta escena durante las \u00faltimas d\u00e9cadas, y tambi\u00e9n un homenaje al gran esfuerzo que han realizado sus protagonistas por mantenerla viva a trav\u00e9s de iniciativas de alcance limitado, frente a la habitual desatenci\u00f3n por parte de los medios de masas.<\/strong><\/em>\u201d<\/p>\n\n\n\n<figure class=\"wp-block-image\"><img decoding=\"async\" src=\"https:\/\/www.cannabis.es\/web\/images\/ska_in_spain.jpg\" alt=\"ska in spain\"\/><\/figure>\n\n\n\n<p>Esa desatenci\u00f3n que menciona Gonzalo ha requerido de un proceso complejo que ha ido m\u00e1s all\u00e1 de acudir a las tradicionales fuentes bibliogr\u00e1ficas y archivos accesibles. \u201c<em><strong>En nuestro caso<\/strong><\/em>\u201d, admite el otro autor del libro,&nbsp;<strong>Jaime Bajo<\/strong>, \u201c<em><strong>el hecho de poder disponer de un archivo realizado a partir de colecciones personales de fanzines especializados -digitalizado por Gonzalo para trabajar de forma m\u00e1s \u00e1gil-, adem\u00e1s del propio de peri\u00f3dicos -accesible en la red-, ha facilitado sobremanera el proceso.<\/strong><\/em>\u201d Hasta el extremo de que, a diferencia de otras publicaciones an\u00e1logas, la labor de documentaci\u00f3n haya sido m\u00e1s protagonista que los testimonios de quienes han formado parte de dicho g\u00e9nero musical, como reconoce Gonzalo. \u201c<em><strong>No s\u00e9 si resulta anecd\u00f3tico, pero al menos s\u00ed curioso, que la documentaci\u00f3n haya acabado centr\u00e1ndose mucho m\u00e1s en el trabajo de archivo que en la entrevista, algo inusual al realizar una cr\u00f3nica de un estilo de m\u00fasica popular<\/strong><\/em>\u201d, si bien no se ha descuidado tampoco este aspecto llegando a abordar a uno de los pioneros del g\u00e9nero en Espa\u00f1a, como rememora Gonzalo. \u201c<em><strong>Una an\u00e9cdota estrella de los inicios de la investigaci\u00f3n fue la forma en que consegu\u00ed recabar informaci\u00f3n de los largamente desaparecidos Los Blues de Espa\u00f1a; tras lanzar un grito de ayuda al respecto en la red, una chica contest\u00f3: \u201cquiz\u00e1 yo te pueda ayudar, mi padre fue miembro de esa banda\u2026\u201d. Gracias a esto pude realizar una entrevista a D. Casiano Paredes que fue de gran ayuda para comprender la imagen del ska en la Espa\u00f1a de los sesenta.<\/strong><\/em>\u201d<\/p>\n\n\n\n<p>Aunque lo cierto es que no abundan las publicaciones similares a escala global si exceptuamos aquellas que tienen sus miras centradas en Jamaica, cuna del g\u00e9nero, o Reino Unido, uno de los principales n\u00facleos de adopci\u00f3n de la emigraci\u00f3n antillana. Seg\u00fan Jaime, \u201c<em><strong>existen m\u00faltiples publicaciones que documentan tanto el periodo original jamaicano como el primer \u201crevival\u201d 2 tone. No as\u00ed tantas que recojan la denominada \u201ctercera ola\u201d, y menos a\u00fan que traten de explicar la historia en cada pa\u00eds.<\/strong><\/em>\u201d Gonzalo lo atribuye a una suerte de vud\u00fa, muy practicado en la isla jamaicana y conocido como \u201c<strong>obeah<\/strong>\u201d por aquellos pagos. \u201c<em><strong>Yo tengo la teor\u00eda de que existe una especie de maldici\u00f3n sobre la cultura del ska que impide una correcta divulgaci\u00f3n de su historia. No se me ocurre otra explicaci\u00f3n para entender por qu\u00e9 no se han publicado libros sobre la historia del ska en Francia o en Estados Unidos (por ejemplo). Son muchos los que se interesan por su historia pero muy pocos los que consiguen logros como este.<\/strong><\/em>\u201d Por su parte, Jaime es m\u00e1s pragm\u00e1tico en este sentido. \u201c<em><strong>Los datos no son del todo accesibles, no han recibido la debida atenci\u00f3n medi\u00e1tica, y requiere de un proceso minucioso de recopilaci\u00f3n que no todo el mundo est\u00e1 dispuesto a asumir.<\/strong><\/em>\u201d<\/p>\n\n\n\n<p>Cotejadas y digitalizadas -cuando hubo necesidad de hacerlo, en el caso de los fanzines y otras publicaciones especializadas y pertenecientes al \u00e1mbito m\u00e1s \u201cunderground\u201d- las fuentes bibliogr\u00e1ficas a consultar, llega el momento de ponerse manos a la obra para la redacci\u00f3n de los distintos cap\u00edtulos que conforman el libro. Jaime lo explica de una manera sint\u00e9tica. \u201c<em><strong>Simplificando el proceso, hicimos un reparto de cap\u00edtulos bastante equitativo, y a partir de ah\u00ed cada uno comenzamos a trabajar en nuestra parcela con el asesoramiento y la supervisi\u00f3n del otro. La idea es que pareciera que el libro ha sido escrito por una sola mano, y tuviera cierta uniformidad. La idea inicial tiene poco o nada que ver con el resultado, pero el hecho de que haya ido molde\u00e1ndose ha sido estimulante.<\/strong><\/em>\u201d Gonzalo abunda en la complejidad de tratar de ofrecer un escrito coherente a pesar de involucrar a dos personas distintas, investigador \u00e9l y activista y periodista Jaime. \u201c<em><strong>Ha sido realmente complicado conseguir alcanzar un discurso unitario a partir de nuestras distintas formas de escribir y enfoques personales hacia el tema, pero estamos muy contentos con el resultado. El proceso ha sido largo y trabajoso, pero hemos logrado llevarlo a cabo sin perder la paciencia entre nosotros (si cre\u00e9is que esto no es dif\u00edcil, tratad de escribir un libro entre dos y ver\u00e9is de lo que hablo).<\/strong><\/em>\u201d<\/p>\n\n\n\n<figure class=\"wp-block-image\"><img decoding=\"async\" src=\"https:\/\/www.cannabis.es\/web\/images\/ska_in_spain2.jpg\" alt=\"ska in spain2\"\/><\/figure>\n\n\n\n<p>Sin embargo y pese a los contratiempos a que han tenido que hacer frente en un proceso que se ha alargado durante diez a\u00f1os (siete de ellos para que viera la luz la tesis de musicolog\u00eda elaborada por Gonzalo con la colaboraci\u00f3n estrecha de Jaime -\u201c<strong>El ska en Espa\u00f1a. Escena alternativa, musical y transnacional<\/strong>\u201d-, y tres adicionales para plasmar en forma de libro dicha investigaci\u00f3n conjunta entre los autores), ambos est\u00e1n relativamente satisfechos con lo logrado. \u201c<em><strong>Tanto Gonzalo como yo<\/strong><\/em>\u201d, afirma Jaime, \u201c<em><strong>somos personas con un nivel alto de (auto) exigencia, y hemos tratado de no precipitarnos publicando el libro y mimar cada detalle con el fin de que el resultado fuera el \u00f3ptimo (legible, disfrutable, de car\u00e1cter informativo, sin erratas, veraz). No obstante, siempre hay aspectos que son susceptibles de mejora de cara a futuras ediciones.<\/strong><\/em>\u201d A lo que Gonzalo a\u00f1ade, \u201c<em><strong>lo que puedo asegurar es que est\u00e1 escrito con mucho cari\u00f1o y esfuerzo, que aunque suene a t\u00f3pico, no es por ello menos cierto.<\/strong><\/em>\u201d<\/p>\n\n\n\n<p>Fotograf\u00edas:&nbsp;<strong>Sandra Blanco<\/strong><\/p>\n","protected":false},"excerpt":{"rendered":"<span class=\"span-reading-time rt-reading-time\" style=\"display: block;\"><span class=\"rt-label rt-prefix\">Tiempo de lectura:<\/span> <span class=\"rt-time\"> 4<\/span> <span class=\"rt-label rt-postfix\">minutos<\/span><\/span>Por Larry Acr La editorial catalana&nbsp;Milenio&nbsp;publica el t\u00edtulo n\u00famero 63 de su colecci\u00f3n de m\u00fasica. Una colecci\u00f3n que cuenta con el bagaje de veinte a\u00f1os en los que han aparecido monograf\u00edas tan relevantes y heterog\u00e9neas como \u201cIron Maiden. Deconstrucci\u00f3n\u201d de Juanjo Ord\u00e1s, \u201cFela Kuti. Esp\u00edritu ind\u00f3mito\u201d de Sagrario Luna, \u201cVainica Doble. La caricia pop\u201d de [&hellip;]","protected":false},"author":1,"featured_media":4140,"comment_status":"closed","ping_status":"closed","sticky":false,"template":"","format":"standard","meta":{"loftocean-featured-post":"","loftocean_post_format_gallery":"","loftocean_post_format_gallery_ids":"","loftocean_post_format_gallery_urls":"","loftocean_post_format_video_id":"","loftocean_post_format_video_url":"","loftocean_post_format_video_type":"","loftocean_post_format_video":"","loftocean_post_format_audio_type":"","loftocean_post_format_audio_url":"","loftocean_post_format_audio_id":"","loftocean_post_format_audio":"","loftocean_post_format_quote_text":"","loftocean_post_format_quote_byline":"","loftocean_post_format_link_text":"","loftocean_post_format_link_url":"","ceramag_post_header_style":"","ceramag_enable_background_video":"","ceramag_show_in_top_slider":"","ceramag_post_background_video_start":"","ceramag_post_background_video_end":"","loftocean_page_background_video_id":"","loftocean_page_background_video_url":"","loftocean_page_background_video_type":"","loftocean_page_background_video":"","ceramag_background_video_start":"","ceramag_background_video_end":"","ceramag_single_page_hide_header":"","footnotes":""},"categories":[33],"tags":[1242],"class_list":["post-4139","post","type-post","status-publish","format-standard","has-post-thumbnail","hentry","category-entrevistas","tag-musica"],"yoast_head":"<!-- This site is optimized with the Yoast SEO plugin v24.9 - https:\/\/yoast.com\/wordpress\/plugins\/seo\/ -->\n<title>AS\u00cd SE GEST\u00d3 EL LIBRO: \u201cSKA EN ESPA\u00d1A. LA VIDA NO SE DETIENE\u201d<\/title>\n<meta name=\"description\" content=\"Entrada &#8226; Portal multimedia sobre cannabis y otras sustancias &#8226; 25 noviembre, 2015\" \/>\n<meta name=\"robots\" content=\"index, follow, max-snippet:-1, max-image-preview:large, max-video-preview:-1\" \/>\n<link rel=\"canonical\" href=\"https:\/\/www.cannabis.es\/pw\/2015\/11\/25\/asi-se-gesto-el-libro-ska-en-espana-la-vida-no-se-detiene\/\" \/>\n<meta name=\"twitter:card\" content=\"summary_large_image\" \/>\n<meta name=\"twitter:title\" content=\"AS\u00cd SE GEST\u00d3 EL LIBRO: \u201cSKA EN ESPA\u00d1A. LA VIDA NO SE DETIENE\u201d\" \/>\n<meta name=\"twitter:description\" content=\"Entrada &#8226; Portal multimedia sobre cannabis y otras sustancias &#8226; 25 noviembre, 2015\" \/>\n<meta name=\"twitter:image\" content=\"https:\/\/www.cannabis.es\/pw\/wp-content\/uploads\/2020\/05\/ska_en_espana.jpg\" \/>\n<meta name=\"twitter:creator\" content=\"@cannabis_es\" \/>\n<meta name=\"twitter:site\" content=\"@cannabis_es\" \/>\n<meta name=\"twitter:label1\" content=\"Escrito por\" \/>\n\t<meta name=\"twitter:data1\" content=\"Cannabis.es\" \/>\n\t<meta name=\"twitter:label2\" content=\"Tiempo de lectura\" \/>\n\t<meta name=\"twitter:data2\" content=\"6 minutos\" \/>\n<script type=\"application\/ld+json\" class=\"yoast-schema-graph\">{\"@context\":\"https:\/\/schema.org\",\"@graph\":[{\"@type\":\"Article\",\"@id\":\"https:\/\/www.cannabis.es\/pw\/2015\/11\/25\/asi-se-gesto-el-libro-ska-en-espana-la-vida-no-se-detiene\/#article\",\"isPartOf\":{\"@id\":\"https:\/\/www.cannabis.es\/pw\/2015\/11\/25\/asi-se-gesto-el-libro-ska-en-espana-la-vida-no-se-detiene\/\"},\"author\":{\"name\":\"Cannabis.es\",\"@id\":\"https:\/\/www.cannabis.es\/pw\/#\/schema\/person\/e2fbd204580cf4fe74c79b82bc447374\"},\"headline\":\"AS\u00cd SE GEST\u00d3 EL LIBRO: \u201cSKA EN ESPA\u00d1A. LA VIDA NO SE DETIENE\u201d\",\"datePublished\":\"2015-11-25T15:03:23+00:00\",\"dateModified\":\"2020-06-06T15:09:01+00:00\",\"mainEntityOfPage\":{\"@id\":\"https:\/\/www.cannabis.es\/pw\/2015\/11\/25\/asi-se-gesto-el-libro-ska-en-espana-la-vida-no-se-detiene\/\"},\"wordCount\":1213,\"publisher\":{\"@id\":\"https:\/\/www.cannabis.es\/pw\/#organization\"},\"image\":{\"@id\":\"https:\/\/www.cannabis.es\/pw\/2015\/11\/25\/asi-se-gesto-el-libro-ska-en-espana-la-vida-no-se-detiene\/#primaryimage\"},\"thumbnailUrl\":\"https:\/\/www.cannabis.es\/pw\/wp-content\/uploads\/2020\/05\/ska_en_espana.jpg\",\"keywords\":[\"m\u00fasica\"],\"articleSection\":[\"Entrevistas\"],\"inLanguage\":\"es\"},{\"@type\":\"WebPage\",\"@id\":\"https:\/\/www.cannabis.es\/pw\/2015\/11\/25\/asi-se-gesto-el-libro-ska-en-espana-la-vida-no-se-detiene\/\",\"url\":\"https:\/\/www.cannabis.es\/pw\/2015\/11\/25\/asi-se-gesto-el-libro-ska-en-espana-la-vida-no-se-detiene\/\",\"name\":\"AS\u00cd SE GEST\u00d3 EL LIBRO: \u201cSKA EN ESPA\u00d1A. LA VIDA NO SE DETIENE\u201d\",\"isPartOf\":{\"@id\":\"https:\/\/www.cannabis.es\/pw\/#website\"},\"primaryImageOfPage\":{\"@id\":\"https:\/\/www.cannabis.es\/pw\/2015\/11\/25\/asi-se-gesto-el-libro-ska-en-espana-la-vida-no-se-detiene\/#primaryimage\"},\"image\":{\"@id\":\"https:\/\/www.cannabis.es\/pw\/2015\/11\/25\/asi-se-gesto-el-libro-ska-en-espana-la-vida-no-se-detiene\/#primaryimage\"},\"thumbnailUrl\":\"https:\/\/www.cannabis.es\/pw\/wp-content\/uploads\/2020\/05\/ska_en_espana.jpg\",\"datePublished\":\"2015-11-25T15:03:23+00:00\",\"dateModified\":\"2020-06-06T15:09:01+00:00\",\"description\":\"Entrada &#8226; Portal multimedia sobre cannabis y otras sustancias &#8226; 25 noviembre, 2015\",\"breadcrumb\":{\"@id\":\"https:\/\/www.cannabis.es\/pw\/2015\/11\/25\/asi-se-gesto-el-libro-ska-en-espana-la-vida-no-se-detiene\/#breadcrumb\"},\"inLanguage\":\"es\",\"potentialAction\":[{\"@type\":\"ReadAction\",\"target\":[\"https:\/\/www.cannabis.es\/pw\/2015\/11\/25\/asi-se-gesto-el-libro-ska-en-espana-la-vida-no-se-detiene\/\"]}]},{\"@type\":\"ImageObject\",\"inLanguage\":\"es\",\"@id\":\"https:\/\/www.cannabis.es\/pw\/2015\/11\/25\/asi-se-gesto-el-libro-ska-en-espana-la-vida-no-se-detiene\/#primaryimage\",\"url\":\"https:\/\/www.cannabis.es\/pw\/wp-content\/uploads\/2020\/05\/ska_en_espana.jpg\",\"contentUrl\":\"https:\/\/www.cannabis.es\/pw\/wp-content\/uploads\/2020\/05\/ska_en_espana.jpg\",\"width\":959,\"height\":475},{\"@type\":\"BreadcrumbList\",\"@id\":\"https:\/\/www.cannabis.es\/pw\/2015\/11\/25\/asi-se-gesto-el-libro-ska-en-espana-la-vida-no-se-detiene\/#breadcrumb\",\"itemListElement\":[{\"@type\":\"ListItem\",\"position\":1,\"name\":\"Portada\",\"item\":\"http:\/\/www.cannabis.es\/pw\/\"},{\"@type\":\"ListItem\",\"position\":2,\"name\":\"AS\u00cd SE GEST\u00d3 EL LIBRO: \u201cSKA EN ESPA\u00d1A. LA VIDA NO SE DETIENE\u201d\"}]},{\"@type\":\"WebSite\",\"@id\":\"https:\/\/www.cannabis.es\/pw\/#website\",\"url\":\"https:\/\/www.cannabis.es\/pw\/\",\"name\":\"Cannabis\",\"description\":\"Portal multimedia sobre cannabis y otras sustancias\",\"publisher\":{\"@id\":\"https:\/\/www.cannabis.es\/pw\/#organization\"},\"potentialAction\":[{\"@type\":\"SearchAction\",\"target\":{\"@type\":\"EntryPoint\",\"urlTemplate\":\"https:\/\/www.cannabis.es\/pw\/?s={search_term_string}\"},\"query-input\":{\"@type\":\"PropertyValueSpecification\",\"valueRequired\":true,\"valueName\":\"search_term_string\"}}],\"inLanguage\":\"es\"},{\"@type\":\"Organization\",\"@id\":\"https:\/\/www.cannabis.es\/pw\/#organization\",\"name\":\"Cannabis.es\",\"url\":\"https:\/\/www.cannabis.es\/pw\/\",\"logo\":{\"@type\":\"ImageObject\",\"inLanguage\":\"es\",\"@id\":\"https:\/\/www.cannabis.es\/pw\/#\/schema\/logo\/image\/\",\"url\":\"https:\/\/www.cannabis.es\/pw\/wp-content\/uploads\/2019\/04\/cropped-logo_cannabis.png\",\"contentUrl\":\"https:\/\/www.cannabis.es\/pw\/wp-content\/uploads\/2019\/04\/cropped-logo_cannabis.png\",\"width\":361,\"height\":120,\"caption\":\"Cannabis.es\"},\"image\":{\"@id\":\"https:\/\/www.cannabis.es\/pw\/#\/schema\/logo\/image\/\"},\"sameAs\":[\"https:\/\/x.com\/cannabis_es\"]},{\"@type\":\"Person\",\"@id\":\"https:\/\/www.cannabis.es\/pw\/#\/schema\/person\/e2fbd204580cf4fe74c79b82bc447374\",\"name\":\"Cannabis.es\",\"image\":{\"@type\":\"ImageObject\",\"inLanguage\":\"es\",\"@id\":\"https:\/\/www.cannabis.es\/pw\/#\/schema\/person\/image\/\",\"url\":\"https:\/\/secure.gravatar.com\/avatar\/4375b1eb6e272e2e48a4b8a8def52e5f208151f555bb5906da616906ee6dd2e8?s=96&d=mm&r=g\",\"contentUrl\":\"https:\/\/secure.gravatar.com\/avatar\/4375b1eb6e272e2e48a4b8a8def52e5f208151f555bb5906da616906ee6dd2e8?s=96&d=mm&r=g\",\"caption\":\"Cannabis.es\"},\"url\":\"https:\/\/www.cannabis.es\/pw\/author\/cannabis\/\"}]}<\/script>\n<!-- \/ Yoast SEO plugin. -->","yoast_head_json":{"title":"AS\u00cd SE GEST\u00d3 EL LIBRO: \u201cSKA EN ESPA\u00d1A. LA VIDA NO SE DETIENE\u201d","description":"Entrada &#8226; Portal multimedia sobre cannabis y otras sustancias &#8226; 25 noviembre, 2015","robots":{"index":"index","follow":"follow","max-snippet":"max-snippet:-1","max-image-preview":"max-image-preview:large","max-video-preview":"max-video-preview:-1"},"canonical":"https:\/\/www.cannabis.es\/pw\/2015\/11\/25\/asi-se-gesto-el-libro-ska-en-espana-la-vida-no-se-detiene\/","twitter_card":"summary_large_image","twitter_title":"AS\u00cd SE GEST\u00d3 EL LIBRO: \u201cSKA EN ESPA\u00d1A. LA VIDA NO SE DETIENE\u201d","twitter_description":"Entrada &#8226; Portal multimedia sobre cannabis y otras sustancias &#8226; 25 noviembre, 2015","twitter_image":"https:\/\/www.cannabis.es\/pw\/wp-content\/uploads\/2020\/05\/ska_en_espana.jpg","twitter_creator":"@cannabis_es","twitter_site":"@cannabis_es","twitter_misc":{"Escrito por":"Cannabis.es","Tiempo de lectura":"6 minutos"},"schema":{"@context":"https:\/\/schema.org","@graph":[{"@type":"Article","@id":"https:\/\/www.cannabis.es\/pw\/2015\/11\/25\/asi-se-gesto-el-libro-ska-en-espana-la-vida-no-se-detiene\/#article","isPartOf":{"@id":"https:\/\/www.cannabis.es\/pw\/2015\/11\/25\/asi-se-gesto-el-libro-ska-en-espana-la-vida-no-se-detiene\/"},"author":{"name":"Cannabis.es","@id":"https:\/\/www.cannabis.es\/pw\/#\/schema\/person\/e2fbd204580cf4fe74c79b82bc447374"},"headline":"AS\u00cd SE GEST\u00d3 EL LIBRO: \u201cSKA EN ESPA\u00d1A. LA VIDA NO SE DETIENE\u201d","datePublished":"2015-11-25T15:03:23+00:00","dateModified":"2020-06-06T15:09:01+00:00","mainEntityOfPage":{"@id":"https:\/\/www.cannabis.es\/pw\/2015\/11\/25\/asi-se-gesto-el-libro-ska-en-espana-la-vida-no-se-detiene\/"},"wordCount":1213,"publisher":{"@id":"https:\/\/www.cannabis.es\/pw\/#organization"},"image":{"@id":"https:\/\/www.cannabis.es\/pw\/2015\/11\/25\/asi-se-gesto-el-libro-ska-en-espana-la-vida-no-se-detiene\/#primaryimage"},"thumbnailUrl":"https:\/\/www.cannabis.es\/pw\/wp-content\/uploads\/2020\/05\/ska_en_espana.jpg","keywords":["m\u00fasica"],"articleSection":["Entrevistas"],"inLanguage":"es"},{"@type":"WebPage","@id":"https:\/\/www.cannabis.es\/pw\/2015\/11\/25\/asi-se-gesto-el-libro-ska-en-espana-la-vida-no-se-detiene\/","url":"https:\/\/www.cannabis.es\/pw\/2015\/11\/25\/asi-se-gesto-el-libro-ska-en-espana-la-vida-no-se-detiene\/","name":"AS\u00cd SE GEST\u00d3 EL LIBRO: \u201cSKA EN ESPA\u00d1A. LA VIDA NO SE DETIENE\u201d","isPartOf":{"@id":"https:\/\/www.cannabis.es\/pw\/#website"},"primaryImageOfPage":{"@id":"https:\/\/www.cannabis.es\/pw\/2015\/11\/25\/asi-se-gesto-el-libro-ska-en-espana-la-vida-no-se-detiene\/#primaryimage"},"image":{"@id":"https:\/\/www.cannabis.es\/pw\/2015\/11\/25\/asi-se-gesto-el-libro-ska-en-espana-la-vida-no-se-detiene\/#primaryimage"},"thumbnailUrl":"https:\/\/www.cannabis.es\/pw\/wp-content\/uploads\/2020\/05\/ska_en_espana.jpg","datePublished":"2015-11-25T15:03:23+00:00","dateModified":"2020-06-06T15:09:01+00:00","description":"Entrada &#8226; Portal multimedia sobre cannabis y otras sustancias &#8226; 25 noviembre, 2015","breadcrumb":{"@id":"https:\/\/www.cannabis.es\/pw\/2015\/11\/25\/asi-se-gesto-el-libro-ska-en-espana-la-vida-no-se-detiene\/#breadcrumb"},"inLanguage":"es","potentialAction":[{"@type":"ReadAction","target":["https:\/\/www.cannabis.es\/pw\/2015\/11\/25\/asi-se-gesto-el-libro-ska-en-espana-la-vida-no-se-detiene\/"]}]},{"@type":"ImageObject","inLanguage":"es","@id":"https:\/\/www.cannabis.es\/pw\/2015\/11\/25\/asi-se-gesto-el-libro-ska-en-espana-la-vida-no-se-detiene\/#primaryimage","url":"https:\/\/www.cannabis.es\/pw\/wp-content\/uploads\/2020\/05\/ska_en_espana.jpg","contentUrl":"https:\/\/www.cannabis.es\/pw\/wp-content\/uploads\/2020\/05\/ska_en_espana.jpg","width":959,"height":475},{"@type":"BreadcrumbList","@id":"https:\/\/www.cannabis.es\/pw\/2015\/11\/25\/asi-se-gesto-el-libro-ska-en-espana-la-vida-no-se-detiene\/#breadcrumb","itemListElement":[{"@type":"ListItem","position":1,"name":"Portada","item":"http:\/\/www.cannabis.es\/pw\/"},{"@type":"ListItem","position":2,"name":"AS\u00cd SE GEST\u00d3 EL LIBRO: \u201cSKA EN ESPA\u00d1A. LA VIDA NO SE DETIENE\u201d"}]},{"@type":"WebSite","@id":"https:\/\/www.cannabis.es\/pw\/#website","url":"https:\/\/www.cannabis.es\/pw\/","name":"Cannabis","description":"Portal multimedia sobre cannabis y otras sustancias","publisher":{"@id":"https:\/\/www.cannabis.es\/pw\/#organization"},"potentialAction":[{"@type":"SearchAction","target":{"@type":"EntryPoint","urlTemplate":"https:\/\/www.cannabis.es\/pw\/?s={search_term_string}"},"query-input":{"@type":"PropertyValueSpecification","valueRequired":true,"valueName":"search_term_string"}}],"inLanguage":"es"},{"@type":"Organization","@id":"https:\/\/www.cannabis.es\/pw\/#organization","name":"Cannabis.es","url":"https:\/\/www.cannabis.es\/pw\/","logo":{"@type":"ImageObject","inLanguage":"es","@id":"https:\/\/www.cannabis.es\/pw\/#\/schema\/logo\/image\/","url":"https:\/\/www.cannabis.es\/pw\/wp-content\/uploads\/2019\/04\/cropped-logo_cannabis.png","contentUrl":"https:\/\/www.cannabis.es\/pw\/wp-content\/uploads\/2019\/04\/cropped-logo_cannabis.png","width":361,"height":120,"caption":"Cannabis.es"},"image":{"@id":"https:\/\/www.cannabis.es\/pw\/#\/schema\/logo\/image\/"},"sameAs":["https:\/\/x.com\/cannabis_es"]},{"@type":"Person","@id":"https:\/\/www.cannabis.es\/pw\/#\/schema\/person\/e2fbd204580cf4fe74c79b82bc447374","name":"Cannabis.es","image":{"@type":"ImageObject","inLanguage":"es","@id":"https:\/\/www.cannabis.es\/pw\/#\/schema\/person\/image\/","url":"https:\/\/secure.gravatar.com\/avatar\/4375b1eb6e272e2e48a4b8a8def52e5f208151f555bb5906da616906ee6dd2e8?s=96&d=mm&r=g","contentUrl":"https:\/\/secure.gravatar.com\/avatar\/4375b1eb6e272e2e48a4b8a8def52e5f208151f555bb5906da616906ee6dd2e8?s=96&d=mm&r=g","caption":"Cannabis.es"},"url":"https:\/\/www.cannabis.es\/pw\/author\/cannabis\/"}]}},"_links":{"self":[{"href":"https:\/\/www.cannabis.es\/pw\/wp-json\/wp\/v2\/posts\/4139","targetHints":{"allow":["GET"]}}],"collection":[{"href":"https:\/\/www.cannabis.es\/pw\/wp-json\/wp\/v2\/posts"}],"about":[{"href":"https:\/\/www.cannabis.es\/pw\/wp-json\/wp\/v2\/types\/post"}],"author":[{"embeddable":true,"href":"https:\/\/www.cannabis.es\/pw\/wp-json\/wp\/v2\/users\/1"}],"replies":[{"embeddable":true,"href":"https:\/\/www.cannabis.es\/pw\/wp-json\/wp\/v2\/comments?post=4139"}],"version-history":[{"count":2,"href":"https:\/\/www.cannabis.es\/pw\/wp-json\/wp\/v2\/posts\/4139\/revisions"}],"predecessor-version":[{"id":5359,"href":"https:\/\/www.cannabis.es\/pw\/wp-json\/wp\/v2\/posts\/4139\/revisions\/5359"}],"wp:featuredmedia":[{"embeddable":true,"href":"https:\/\/www.cannabis.es\/pw\/wp-json\/wp\/v2\/media\/4140"}],"wp:attachment":[{"href":"https:\/\/www.cannabis.es\/pw\/wp-json\/wp\/v2\/media?parent=4139"}],"wp:term":[{"taxonomy":"category","embeddable":true,"href":"https:\/\/www.cannabis.es\/pw\/wp-json\/wp\/v2\/categories?post=4139"},{"taxonomy":"post_tag","embeddable":true,"href":"https:\/\/www.cannabis.es\/pw\/wp-json\/wp\/v2\/tags?post=4139"}],"curies":[{"name":"wp","href":"https:\/\/api.w.org\/{rel}","templated":true}]}}