{"id":4175,"date":"2015-11-10T16:15:24","date_gmt":"2015-11-10T15:15:24","guid":{"rendered":"http:\/\/www.cannabis.es\/pw\/?p=4175"},"modified":"2020-05-25T16:16:44","modified_gmt":"2020-05-25T14:16:44","slug":"mexico-legaliza-el-cannabis","status":"publish","type":"post","link":"https:\/\/www.cannabis.es\/pw\/2015\/11\/10\/mexico-legaliza-el-cannabis\/","title":{"rendered":"\u00bfM\u00e9xico legaliza el Cannabis?"},"content":{"rendered":"\n<p>La semana pasada se desat\u00f3 la euforia en medios de comunicaci\u00f3n online y redes sociales: \u201c<strong><a href=\"http:\/\/internacional.elpais.com\/internacional\/2015\/11\/04\/mexico\/1446653691_530264.html\" target=\"_blank\" rel=\"noreferrer noopener\">M\u00e9xico legaliza la marihuana con fines recreativos<\/a><\/strong>\u201d titulaba directamente el diario&nbsp;<strong>El Pa\u00eds<\/strong>&nbsp;el 5 de noviembre.<\/p>\n\n\n\n<hr class=\"wp-block-separator\"\/>\n\n\n\n<p>Por si alguien tuviera dudas a\u00f1ad\u00edan en el subt\u00edtulo: \u201c<strong>En un fallo hist\u00f3rico, la Suprema Corte autoriza el cultivo, transporte y consumo de clubes de consumidores sin \u00e1nimo de lucro<\/strong>\u201d. Si bien&nbsp;<strong>El Pa\u00eds<\/strong>&nbsp;contin\u00faa siendo un medio de referencia, en este caso pareci\u00f3 exagerar un poco. Es cierto que la&nbsp;<strong>Suprema Corte de Justicia de la Naci\u00f3n<\/strong>, \u00f3rgano judicial m\u00e1s importante de M\u00e9xico, aprob\u00f3 un amparo que permitir\u00e1 producir, transportar y consumir marihuana, pero este amparo beneficia exclusivamente a las personas que impugnaron cinco art\u00edculos de la Ley General de Salud y que aguantaron a\u00f1o y medio de litigio en los tribunales con la suerte a\u00f1adida de que un \u201cministro\u201d de la Suprema Corte present\u00f3 su caso en su sala y que tras la votaci\u00f3n, sorprendentemente, gan\u00f3 el amparo. Un c\u00famulo de coincidencias que no tienen nada de casualidad y que distan mucho de ser el cambio radical que muchos medios quisieron ver en el controvertido contexto mexicano.<\/p>\n\n\n\n<p><strong>Los amparados<\/strong><\/p>\n\n\n\n<p>Son cuatro las personas beneficiadas en esta sentencia, todas pertenecientes a la&nbsp;<strong>Sociedad Mexicana de Autoconsumo Responsable y Tolerante<\/strong>&nbsp;(<a href=\"http:\/\/www.smartclub.mx\/acerca-de.html\" target=\"_blank\" rel=\"noreferrer noopener\">SMART<\/a>). Un supuesto club cann\u00e1bico en el que sus miembros, a pesar de ganar el amparo, no producir\u00e1n, transportar\u00e1n ni consumiran marihuana porque ninguno de ellos se considera consumidor. \u201c<em><strong>Nunca he fumado un cigarrillo (de marihuana), jam\u00e1s lo voy a hacer<\/strong><\/em>\u201d, afirma el abogado&nbsp;<strong>Francisco Torres Landa<\/strong>&nbsp;y miembro de&nbsp;<strong>SMART<\/strong>. \u201c<em><strong>Esto es un litigio estrat\u00e9gico<\/strong><\/em>\u201d, afirma&nbsp;<strong>Torres Landa<\/strong>&nbsp;que defiende este amparo como una herramienta para \u201c<em><strong>erosionar el origen de la pol\u00edtica prohibicionista en materia de drogas<\/strong><\/em>\u201d. Junto a \u00e9l en este grupo selecto se encuentran:&nbsp;<strong>Armando Santacruz<\/strong>, empresario del sector qu\u00edmico;<strong>&nbsp;Jos\u00e9 Pablo Girault<\/strong>&nbsp;y&nbsp;<strong>Josefina Rica\u00f1o Nava<\/strong>, tesorero y presidenta respectivamente de la organizaci\u00f3n&nbsp;<strong><a href=\"http:\/\/mexicounido.org\/Nuestra-Historia-c85i0.html\" target=\"_blank\" rel=\"noreferrer noopener\">M\u00e9xico Unido en Contra de la Delincuencia<\/a><\/strong>. Una organizaci\u00f3n fundada en 1998 cuya misi\u00f3n es unir a la sociedad y ser un v\u00ednculo de \u00e9sta con las autoridades para sumar esfuerzos en favor de la seguridad, la legalidad y la justicia.&nbsp;<a href=\"http:\/\/www.mucd.org.mx\/recursos\/Contenidos\/Transparencia\/documentos2\/AuditoriaFinancieraMUCD2014.pdf\" target=\"_blank\" rel=\"noreferrer noopener\">En su p\u00e1gina web<\/a>&nbsp;ponen a disposici\u00f3n del p\u00fablico los datos de sus m\u00faltiples proyectos y toda la informaci\u00f3n econ\u00f3mica de la organizaci\u00f3n. Un dato a tener en cuenta es que el 70 por ciento de los ingresos de los \u00faltimos dos a\u00f1os registrados, 2013 y 2014, m\u00e1s de un mill\u00f3n y medio de d\u00f3lares, provienen de dos donadores: la&nbsp;<strong>Embajada de Estados Unidos<\/strong>&nbsp;y la<strong>&nbsp;Fundaci\u00f3n Open Society<\/strong>&nbsp;del multimillonario y fil\u00e1ntropo&nbsp;<strong>George Soros<\/strong>, especialmente comprometido con el fin de la actual pol\u00edtica de drogas internacional. Antes de la deliberaci\u00f3n los integrantes de&nbsp;<strong>SMART<\/strong>&nbsp;denunciaron el intento por parte del actual gobierno de influir en la decisi\u00f3n de los jueces. \u00bfEstamos seguros que no se intent\u00f3 influir tambi\u00e9n a los jueces para que aprobaran el amparo?<\/p>\n\n\n\n<p><strong>La Suprema Corte de Justicia de la Naci\u00f3n<\/strong><\/p>\n\n\n\n<p>La<strong>&nbsp;SCJN<\/strong>&nbsp;es el principal \u00f3rgano de justicia de M\u00e9xico. Compuesto por 11 \u201cministros\u201d que se dividen en Salas en grupos de cinco para solucionar asuntos judiciales de especial relevancia de forma definitiva. Los \u201cministros\u201d son propuestos por el presidente de la naci\u00f3n y refrendados por mayor\u00eda simple por el Senado. En la votaci\u00f3n sobre el amparo al grupo de&nbsp;<strong>SMART<\/strong>&nbsp;estaban:&nbsp;<strong>Jorge Mario Pardo Rebolledo<\/strong>,&nbsp;<strong>Alfredo Guti\u00e9rrez Ort\u00edz Mena<\/strong>&nbsp;y&nbsp;<strong>Arturo Zald\u00edvar<\/strong>&nbsp;propuestos por el ex presidente&nbsp;<strong>Felipe Calder\u00f3n<\/strong>,&nbsp;<strong>Olga S\u00e1nchez-Cordero D\u00e1vila<\/strong>&nbsp;propuesta por el expresidente&nbsp;<strong>Ernesto Zedillo<\/strong>&nbsp;y<strong>&nbsp;Jos\u00e9 Ram\u00f3n Coss\u00edo D\u00edaz<\/strong>&nbsp;propuesto por el expresidente<strong>&nbsp;Vicente Fox<\/strong>. Atendiendo a los \u201cpadrinos\u201d de cada juez podr\u00edamos suponer como se resolver\u00eda la votaci\u00f3n.<\/p>\n\n\n\n<p><strong>Ernesto Zedillo<\/strong>&nbsp;es fundador de la&nbsp;<a href=\"http:\/\/www.globalcommissionondrugs.org\/bios\/ernesto-zedillo\/\" target=\"_blank\" rel=\"noreferrer noopener\">Comisi\u00f3n Global sobre Drogas<\/a>,&nbsp;<strong>Vicente Fox<\/strong>&nbsp;ha llegado a afirmar que&nbsp;<a href=\"http:\/\/www.bbc.com\/mundo\/ultimas_noticias\/2013\/06\/130605_ultnot_mexico_vicente_fox_productor_marihuana_jcps\" target=\"_blank\" rel=\"noreferrer noopener\">como agricultor cultivar\u00eda marihuana si fuera legal<\/a>, s\u00f3lo&nbsp;<strong>Felipe Calder\u00f3n<\/strong>&nbsp;es el que continua manteniendo un discurso a favor de la estrategia prohibicionista, justo hace un a\u00f1o que se public\u00f3 en El Pais&nbsp;<a href=\"http:\/\/internacional.elpais.com\/internacional\/2014\/09\/15\/actualidad\/1410809658_810149.html\" target=\"_blank\" rel=\"noreferrer noopener\">la entrevista<\/a>&nbsp;al expresidente donde en referencia a la \u201c<strong>guerra contra las drogas<\/strong>\u201d que inici\u00f3 en su legislatura comentaba: \u201c<em><strong>Yo me veo como el m\u00e9dico de pueblo que diagnostica un c\u00e1ncer y, tras aplicar quimioterapia y radioterapia, cura al paciente<\/strong><\/em>\u201d. S\u00f3lo un ministro vot\u00f3 en contra del amparo,&nbsp;<strong>Pardo Rebolledo<\/strong>, parece ser que dos ministros olvidaron qui\u00e9n los postul\u00f3, en referencia a una frase que el propio Calder\u00f3n ya hizo llegar a Zald\u00edvar cuando puso sobre la mesa otro caso espinoso que el gobierno quiso ocultar:&nbsp;<a href=\"http:\/\/www.movimiento5dejunio.org\/abc\/about\/\" target=\"_blank\" rel=\"noreferrer noopener\">el incendio de la guarder\u00eda ABC en 2010<\/a>.<\/p>\n\n\n\n<p><strong>El juego pol\u00edtico<\/strong><\/p>\n\n\n\n<p>\u201c<em><strong>Hemos puesto el primer clavo en el ata\u00fad del prohibicionismo<\/strong><\/em>\u201d afirman los promotores del amparo. Es innegable que esta resoluci\u00f3n crea un antecedente que ha abierto un hueco en la l\u00ednea de flotaci\u00f3n de la estrategia de guerra contra las drogas en territorio mexicano desde el punto de vista institucional.&nbsp;<strong>Eduardo S\u00e1nchez<\/strong>, portavoz del gobierno, afirm\u00f3 horas despu\u00e9s del veredicto: \u201c<em><strong>La resoluci\u00f3n s\u00f3lo ata\u00f1e a las cuatro personas que presentaron el litigio, por tanto, no modifica la pol\u00edtica de combate contra el crimen organizado ni la del comercio de estupefacientes<\/strong><\/em>\u201d. Una afirmaci\u00f3n que nos ayuda a pisar tierra frente a este asunto: pretender que al gobierno de M\u00e9xico se pueda sentir presionado por una resoluci\u00f3n, aunque sea de su m\u00e1ximo \u00f3rgano judicial, obvia la negativa del propio gobierno en atender las insistentes recomendaciones de organizaciones de derechos humanos y la&nbsp;<strong>Organizaci\u00f3n de Naciones Unidas<\/strong>&nbsp;en relaci\u00f3n al empleo del ej\u00e9rcito como fuerza policial, el uso sistem\u00e1tico de tortura, las ejecuciones sumarias, el asesinato de periodistas cr\u00edticos con el gobierno, los nexos entre partidos pol\u00edticos y delincuencia organizado, los m\u00e1s de&nbsp;<strong>20 mil desaparecidos<\/strong>&nbsp;y la impunidad de la mayor\u00eda de cr\u00edmenes vinculados a esta estrategia. En el fondo este amparo no es m\u00e1s que otra maniobra de presi\u00f3n internacional, como la que hace unas semanas realiz\u00f3 otro fil\u00e1ntropo multimillonario,&nbsp;<strong><a href=\"https:\/\/www.cannabis.es\/web\/features\/actuaidad\/210-el-caballero-verde-marihuana\" target=\"_blank\" rel=\"noreferrer noopener\">Sir Richard Branson<\/a><\/strong>, filtrando un documento de<strong>&nbsp;Naciones Unidas<\/strong>, llevaba a cabo en esta ocasi\u00f3n por otro lobby cada d\u00eda m\u00e1s poderoso y que se ha marcado como objetivo&nbsp;<a href=\"http:\/\/www.unodc.org\/ungass2016\/en\/about.html\" target=\"_blank\" rel=\"noreferrer noopener\">la pr\u00f3xima reuni\u00f3n de la UNGASS en 2016<\/a>. Algo que nos deber\u00eda alegrar a las personas que creemos que es necesaria una nueva pol\u00edtica de drogas pero que nos recuerda que por muy democr\u00e1ticas que se digan ser las sociedades de hoy d\u00eda la conquista de derechos civiles b\u00e1sicos se consigue gracias a grandes desembolsos de dinero y una importante red de tr\u00e1fico de influencias.<\/p>\n\n\n\n<p>Este amparo no deja de ser una amarga alegr\u00eda para el insistentemente castigado M\u00e9xico.<\/p>\n","protected":false},"excerpt":{"rendered":"<span class=\"span-reading-time rt-reading-time\" style=\"display: block;\"><span class=\"rt-label rt-prefix\">Tiempo de lectura:<\/span> <span class=\"rt-time\"> 4<\/span> <span class=\"rt-label rt-postfix\">minutos<\/span><\/span>La semana pasada se desat\u00f3 la euforia en medios de comunicaci\u00f3n online y redes sociales: \u201cM\u00e9xico legaliza la marihuana con fines recreativos\u201d titulaba directamente el diario&nbsp;El Pa\u00eds&nbsp;el 5 de noviembre. Por si alguien tuviera dudas a\u00f1ad\u00edan en el subt\u00edtulo: \u201cEn un fallo hist\u00f3rico, la Suprema Corte autoriza el cultivo, transporte y consumo de clubes de [&hellip;]","protected":false},"author":1,"featured_media":4176,"comment_status":"closed","ping_status":"closed","sticky":false,"template":"","format":"standard","meta":{"loftocean-featured-post":"","loftocean_post_format_gallery":"","loftocean_post_format_gallery_ids":"","loftocean_post_format_gallery_urls":"","loftocean_post_format_video_id":"","loftocean_post_format_video_url":"","loftocean_post_format_video_type":"","loftocean_post_format_video":"","loftocean_post_format_audio_type":"","loftocean_post_format_audio_url":"","loftocean_post_format_audio_id":"","loftocean_post_format_audio":"","loftocean_post_format_quote_text":"","loftocean_post_format_quote_byline":"","loftocean_post_format_link_text":"","loftocean_post_format_link_url":"","ceramag_post_header_style":"","ceramag_enable_background_video":"","ceramag_show_in_top_slider":"","ceramag_post_background_video_start":"","ceramag_post_background_video_end":"","loftocean_page_background_video_id":"","loftocean_page_background_video_url":"","loftocean_page_background_video_type":"","loftocean_page_background_video":"","ceramag_background_video_start":"","ceramag_background_video_end":"","ceramag_single_page_hide_header":"","footnotes":""},"categories":[35],"tags":[41,657,393,42],"class_list":["post-4175","post","type-post","status-publish","format-standard","has-post-thumbnail","hentry","category-politica-y-sociedad","tag-cannabis","tag-legislacion","tag-mexico","tag-politica"],"yoast_head":"<!-- This site is optimized with the Yoast SEO plugin v24.9 - https:\/\/yoast.com\/wordpress\/plugins\/seo\/ -->\n<title>\u00bfM\u00e9xico legaliza el Cannabis?<\/title>\n<meta name=\"description\" content=\"Entrada &#8226; Portal multimedia sobre cannabis y otras sustancias &#8226; 10 noviembre, 2015\" \/>\n<meta name=\"robots\" content=\"index, follow, max-snippet:-1, max-image-preview:large, max-video-preview:-1\" \/>\n<link rel=\"canonical\" href=\"https:\/\/www.cannabis.es\/pw\/2015\/11\/10\/mexico-legaliza-el-cannabis\/\" \/>\n<meta name=\"twitter:card\" content=\"summary_large_image\" \/>\n<meta name=\"twitter:title\" content=\"\u00bfM\u00e9xico legaliza el Cannabis?\" \/>\n<meta name=\"twitter:description\" content=\"Entrada &#8226; Portal multimedia sobre cannabis y otras sustancias &#8226; 10 noviembre, 2015\" \/>\n<meta name=\"twitter:image\" content=\"https:\/\/www.cannabis.es\/pw\/wp-content\/uploads\/2020\/05\/mexico_legalizacion.jpg\" \/>\n<meta name=\"twitter:creator\" content=\"@cannabis_es\" \/>\n<meta name=\"twitter:site\" content=\"@cannabis_es\" \/>\n<meta name=\"twitter:label1\" content=\"Escrito por\" \/>\n\t<meta name=\"twitter:data1\" content=\"Cannabis.es\" \/>\n\t<meta name=\"twitter:label2\" content=\"Tiempo de lectura\" \/>\n\t<meta name=\"twitter:data2\" content=\"6 minutos\" \/>\n<script type=\"application\/ld+json\" class=\"yoast-schema-graph\">{\"@context\":\"https:\/\/schema.org\",\"@graph\":[{\"@type\":\"Article\",\"@id\":\"https:\/\/www.cannabis.es\/pw\/2015\/11\/10\/mexico-legaliza-el-cannabis\/#article\",\"isPartOf\":{\"@id\":\"https:\/\/www.cannabis.es\/pw\/2015\/11\/10\/mexico-legaliza-el-cannabis\/\"},\"author\":{\"name\":\"Cannabis.es\",\"@id\":\"https:\/\/www.cannabis.es\/pw\/#\/schema\/person\/e2fbd204580cf4fe74c79b82bc447374\"},\"headline\":\"\u00bfM\u00e9xico legaliza el Cannabis?\",\"datePublished\":\"2015-11-10T15:15:24+00:00\",\"dateModified\":\"2020-05-25T14:16:44+00:00\",\"mainEntityOfPage\":{\"@id\":\"https:\/\/www.cannabis.es\/pw\/2015\/11\/10\/mexico-legaliza-el-cannabis\/\"},\"wordCount\":1257,\"publisher\":{\"@id\":\"https:\/\/www.cannabis.es\/pw\/#organization\"},\"image\":{\"@id\":\"https:\/\/www.cannabis.es\/pw\/2015\/11\/10\/mexico-legaliza-el-cannabis\/#primaryimage\"},\"thumbnailUrl\":\"https:\/\/www.cannabis.es\/pw\/wp-content\/uploads\/2020\/05\/mexico_legalizacion.jpg\",\"keywords\":[\"cannabis\",\"legislaci\u00f3n\",\"m\u00e9xico\",\"pol\u00edtica\"],\"articleSection\":[\"Pol\u00edtica y Sociedad\"],\"inLanguage\":\"es\"},{\"@type\":\"WebPage\",\"@id\":\"https:\/\/www.cannabis.es\/pw\/2015\/11\/10\/mexico-legaliza-el-cannabis\/\",\"url\":\"https:\/\/www.cannabis.es\/pw\/2015\/11\/10\/mexico-legaliza-el-cannabis\/\",\"name\":\"\u00bfM\u00e9xico legaliza el Cannabis?\",\"isPartOf\":{\"@id\":\"https:\/\/www.cannabis.es\/pw\/#website\"},\"primaryImageOfPage\":{\"@id\":\"https:\/\/www.cannabis.es\/pw\/2015\/11\/10\/mexico-legaliza-el-cannabis\/#primaryimage\"},\"image\":{\"@id\":\"https:\/\/www.cannabis.es\/pw\/2015\/11\/10\/mexico-legaliza-el-cannabis\/#primaryimage\"},\"thumbnailUrl\":\"https:\/\/www.cannabis.es\/pw\/wp-content\/uploads\/2020\/05\/mexico_legalizacion.jpg\",\"datePublished\":\"2015-11-10T15:15:24+00:00\",\"dateModified\":\"2020-05-25T14:16:44+00:00\",\"description\":\"Entrada &#8226; Portal multimedia sobre cannabis y otras sustancias &#8226; 10 noviembre, 2015\",\"breadcrumb\":{\"@id\":\"https:\/\/www.cannabis.es\/pw\/2015\/11\/10\/mexico-legaliza-el-cannabis\/#breadcrumb\"},\"inLanguage\":\"es\",\"potentialAction\":[{\"@type\":\"ReadAction\",\"target\":[\"https:\/\/www.cannabis.es\/pw\/2015\/11\/10\/mexico-legaliza-el-cannabis\/\"]}]},{\"@type\":\"ImageObject\",\"inLanguage\":\"es\",\"@id\":\"https:\/\/www.cannabis.es\/pw\/2015\/11\/10\/mexico-legaliza-el-cannabis\/#primaryimage\",\"url\":\"https:\/\/www.cannabis.es\/pw\/wp-content\/uploads\/2020\/05\/mexico_legalizacion.jpg\",\"contentUrl\":\"https:\/\/www.cannabis.es\/pw\/wp-content\/uploads\/2020\/05\/mexico_legalizacion.jpg\",\"width\":959,\"height\":475},{\"@type\":\"BreadcrumbList\",\"@id\":\"https:\/\/www.cannabis.es\/pw\/2015\/11\/10\/mexico-legaliza-el-cannabis\/#breadcrumb\",\"itemListElement\":[{\"@type\":\"ListItem\",\"position\":1,\"name\":\"Portada\",\"item\":\"http:\/\/www.cannabis.es\/pw\/\"},{\"@type\":\"ListItem\",\"position\":2,\"name\":\"\u00bfM\u00e9xico legaliza el Cannabis?\"}]},{\"@type\":\"WebSite\",\"@id\":\"https:\/\/www.cannabis.es\/pw\/#website\",\"url\":\"https:\/\/www.cannabis.es\/pw\/\",\"name\":\"Cannabis\",\"description\":\"Portal multimedia sobre cannabis y otras sustancias\",\"publisher\":{\"@id\":\"https:\/\/www.cannabis.es\/pw\/#organization\"},\"potentialAction\":[{\"@type\":\"SearchAction\",\"target\":{\"@type\":\"EntryPoint\",\"urlTemplate\":\"https:\/\/www.cannabis.es\/pw\/?s={search_term_string}\"},\"query-input\":{\"@type\":\"PropertyValueSpecification\",\"valueRequired\":true,\"valueName\":\"search_term_string\"}}],\"inLanguage\":\"es\"},{\"@type\":\"Organization\",\"@id\":\"https:\/\/www.cannabis.es\/pw\/#organization\",\"name\":\"Cannabis.es\",\"url\":\"https:\/\/www.cannabis.es\/pw\/\",\"logo\":{\"@type\":\"ImageObject\",\"inLanguage\":\"es\",\"@id\":\"https:\/\/www.cannabis.es\/pw\/#\/schema\/logo\/image\/\",\"url\":\"https:\/\/www.cannabis.es\/pw\/wp-content\/uploads\/2019\/04\/cropped-logo_cannabis.png\",\"contentUrl\":\"https:\/\/www.cannabis.es\/pw\/wp-content\/uploads\/2019\/04\/cropped-logo_cannabis.png\",\"width\":361,\"height\":120,\"caption\":\"Cannabis.es\"},\"image\":{\"@id\":\"https:\/\/www.cannabis.es\/pw\/#\/schema\/logo\/image\/\"},\"sameAs\":[\"https:\/\/x.com\/cannabis_es\"]},{\"@type\":\"Person\",\"@id\":\"https:\/\/www.cannabis.es\/pw\/#\/schema\/person\/e2fbd204580cf4fe74c79b82bc447374\",\"name\":\"Cannabis.es\",\"image\":{\"@type\":\"ImageObject\",\"inLanguage\":\"es\",\"@id\":\"https:\/\/www.cannabis.es\/pw\/#\/schema\/person\/image\/\",\"url\":\"https:\/\/secure.gravatar.com\/avatar\/4375b1eb6e272e2e48a4b8a8def52e5f208151f555bb5906da616906ee6dd2e8?s=96&d=mm&r=g\",\"contentUrl\":\"https:\/\/secure.gravatar.com\/avatar\/4375b1eb6e272e2e48a4b8a8def52e5f208151f555bb5906da616906ee6dd2e8?s=96&d=mm&r=g\",\"caption\":\"Cannabis.es\"},\"url\":\"https:\/\/www.cannabis.es\/pw\/author\/cannabis\/\"}]}<\/script>\n<!-- \/ Yoast SEO plugin. -->","yoast_head_json":{"title":"\u00bfM\u00e9xico legaliza el Cannabis?","description":"Entrada &#8226; Portal multimedia sobre cannabis y otras sustancias &#8226; 10 noviembre, 2015","robots":{"index":"index","follow":"follow","max-snippet":"max-snippet:-1","max-image-preview":"max-image-preview:large","max-video-preview":"max-video-preview:-1"},"canonical":"https:\/\/www.cannabis.es\/pw\/2015\/11\/10\/mexico-legaliza-el-cannabis\/","twitter_card":"summary_large_image","twitter_title":"\u00bfM\u00e9xico legaliza el Cannabis?","twitter_description":"Entrada &#8226; Portal multimedia sobre cannabis y otras sustancias &#8226; 10 noviembre, 2015","twitter_image":"https:\/\/www.cannabis.es\/pw\/wp-content\/uploads\/2020\/05\/mexico_legalizacion.jpg","twitter_creator":"@cannabis_es","twitter_site":"@cannabis_es","twitter_misc":{"Escrito por":"Cannabis.es","Tiempo de lectura":"6 minutos"},"schema":{"@context":"https:\/\/schema.org","@graph":[{"@type":"Article","@id":"https:\/\/www.cannabis.es\/pw\/2015\/11\/10\/mexico-legaliza-el-cannabis\/#article","isPartOf":{"@id":"https:\/\/www.cannabis.es\/pw\/2015\/11\/10\/mexico-legaliza-el-cannabis\/"},"author":{"name":"Cannabis.es","@id":"https:\/\/www.cannabis.es\/pw\/#\/schema\/person\/e2fbd204580cf4fe74c79b82bc447374"},"headline":"\u00bfM\u00e9xico legaliza el Cannabis?","datePublished":"2015-11-10T15:15:24+00:00","dateModified":"2020-05-25T14:16:44+00:00","mainEntityOfPage":{"@id":"https:\/\/www.cannabis.es\/pw\/2015\/11\/10\/mexico-legaliza-el-cannabis\/"},"wordCount":1257,"publisher":{"@id":"https:\/\/www.cannabis.es\/pw\/#organization"},"image":{"@id":"https:\/\/www.cannabis.es\/pw\/2015\/11\/10\/mexico-legaliza-el-cannabis\/#primaryimage"},"thumbnailUrl":"https:\/\/www.cannabis.es\/pw\/wp-content\/uploads\/2020\/05\/mexico_legalizacion.jpg","keywords":["cannabis","legislaci\u00f3n","m\u00e9xico","pol\u00edtica"],"articleSection":["Pol\u00edtica y Sociedad"],"inLanguage":"es"},{"@type":"WebPage","@id":"https:\/\/www.cannabis.es\/pw\/2015\/11\/10\/mexico-legaliza-el-cannabis\/","url":"https:\/\/www.cannabis.es\/pw\/2015\/11\/10\/mexico-legaliza-el-cannabis\/","name":"\u00bfM\u00e9xico legaliza el Cannabis?","isPartOf":{"@id":"https:\/\/www.cannabis.es\/pw\/#website"},"primaryImageOfPage":{"@id":"https:\/\/www.cannabis.es\/pw\/2015\/11\/10\/mexico-legaliza-el-cannabis\/#primaryimage"},"image":{"@id":"https:\/\/www.cannabis.es\/pw\/2015\/11\/10\/mexico-legaliza-el-cannabis\/#primaryimage"},"thumbnailUrl":"https:\/\/www.cannabis.es\/pw\/wp-content\/uploads\/2020\/05\/mexico_legalizacion.jpg","datePublished":"2015-11-10T15:15:24+00:00","dateModified":"2020-05-25T14:16:44+00:00","description":"Entrada &#8226; Portal multimedia sobre cannabis y otras sustancias &#8226; 10 noviembre, 2015","breadcrumb":{"@id":"https:\/\/www.cannabis.es\/pw\/2015\/11\/10\/mexico-legaliza-el-cannabis\/#breadcrumb"},"inLanguage":"es","potentialAction":[{"@type":"ReadAction","target":["https:\/\/www.cannabis.es\/pw\/2015\/11\/10\/mexico-legaliza-el-cannabis\/"]}]},{"@type":"ImageObject","inLanguage":"es","@id":"https:\/\/www.cannabis.es\/pw\/2015\/11\/10\/mexico-legaliza-el-cannabis\/#primaryimage","url":"https:\/\/www.cannabis.es\/pw\/wp-content\/uploads\/2020\/05\/mexico_legalizacion.jpg","contentUrl":"https:\/\/www.cannabis.es\/pw\/wp-content\/uploads\/2020\/05\/mexico_legalizacion.jpg","width":959,"height":475},{"@type":"BreadcrumbList","@id":"https:\/\/www.cannabis.es\/pw\/2015\/11\/10\/mexico-legaliza-el-cannabis\/#breadcrumb","itemListElement":[{"@type":"ListItem","position":1,"name":"Portada","item":"http:\/\/www.cannabis.es\/pw\/"},{"@type":"ListItem","position":2,"name":"\u00bfM\u00e9xico legaliza el Cannabis?"}]},{"@type":"WebSite","@id":"https:\/\/www.cannabis.es\/pw\/#website","url":"https:\/\/www.cannabis.es\/pw\/","name":"Cannabis","description":"Portal multimedia sobre cannabis y otras sustancias","publisher":{"@id":"https:\/\/www.cannabis.es\/pw\/#organization"},"potentialAction":[{"@type":"SearchAction","target":{"@type":"EntryPoint","urlTemplate":"https:\/\/www.cannabis.es\/pw\/?s={search_term_string}"},"query-input":{"@type":"PropertyValueSpecification","valueRequired":true,"valueName":"search_term_string"}}],"inLanguage":"es"},{"@type":"Organization","@id":"https:\/\/www.cannabis.es\/pw\/#organization","name":"Cannabis.es","url":"https:\/\/www.cannabis.es\/pw\/","logo":{"@type":"ImageObject","inLanguage":"es","@id":"https:\/\/www.cannabis.es\/pw\/#\/schema\/logo\/image\/","url":"https:\/\/www.cannabis.es\/pw\/wp-content\/uploads\/2019\/04\/cropped-logo_cannabis.png","contentUrl":"https:\/\/www.cannabis.es\/pw\/wp-content\/uploads\/2019\/04\/cropped-logo_cannabis.png","width":361,"height":120,"caption":"Cannabis.es"},"image":{"@id":"https:\/\/www.cannabis.es\/pw\/#\/schema\/logo\/image\/"},"sameAs":["https:\/\/x.com\/cannabis_es"]},{"@type":"Person","@id":"https:\/\/www.cannabis.es\/pw\/#\/schema\/person\/e2fbd204580cf4fe74c79b82bc447374","name":"Cannabis.es","image":{"@type":"ImageObject","inLanguage":"es","@id":"https:\/\/www.cannabis.es\/pw\/#\/schema\/person\/image\/","url":"https:\/\/secure.gravatar.com\/avatar\/4375b1eb6e272e2e48a4b8a8def52e5f208151f555bb5906da616906ee6dd2e8?s=96&d=mm&r=g","contentUrl":"https:\/\/secure.gravatar.com\/avatar\/4375b1eb6e272e2e48a4b8a8def52e5f208151f555bb5906da616906ee6dd2e8?s=96&d=mm&r=g","caption":"Cannabis.es"},"url":"https:\/\/www.cannabis.es\/pw\/author\/cannabis\/"}]}},"_links":{"self":[{"href":"https:\/\/www.cannabis.es\/pw\/wp-json\/wp\/v2\/posts\/4175","targetHints":{"allow":["GET"]}}],"collection":[{"href":"https:\/\/www.cannabis.es\/pw\/wp-json\/wp\/v2\/posts"}],"about":[{"href":"https:\/\/www.cannabis.es\/pw\/wp-json\/wp\/v2\/types\/post"}],"author":[{"embeddable":true,"href":"https:\/\/www.cannabis.es\/pw\/wp-json\/wp\/v2\/users\/1"}],"replies":[{"embeddable":true,"href":"https:\/\/www.cannabis.es\/pw\/wp-json\/wp\/v2\/comments?post=4175"}],"version-history":[{"count":1,"href":"https:\/\/www.cannabis.es\/pw\/wp-json\/wp\/v2\/posts\/4175\/revisions"}],"predecessor-version":[{"id":4177,"href":"https:\/\/www.cannabis.es\/pw\/wp-json\/wp\/v2\/posts\/4175\/revisions\/4177"}],"wp:featuredmedia":[{"embeddable":true,"href":"https:\/\/www.cannabis.es\/pw\/wp-json\/wp\/v2\/media\/4176"}],"wp:attachment":[{"href":"https:\/\/www.cannabis.es\/pw\/wp-json\/wp\/v2\/media?parent=4175"}],"wp:term":[{"taxonomy":"category","embeddable":true,"href":"https:\/\/www.cannabis.es\/pw\/wp-json\/wp\/v2\/categories?post=4175"},{"taxonomy":"post_tag","embeddable":true,"href":"https:\/\/www.cannabis.es\/pw\/wp-json\/wp\/v2\/tags?post=4175"}],"curies":[{"name":"wp","href":"https:\/\/api.w.org\/{rel}","templated":true}]}}