{"id":4190,"date":"2015-11-03T16:21:06","date_gmt":"2015-11-03T15:21:06","guid":{"rendered":"http:\/\/www.cannabis.es\/pw\/?p=4190"},"modified":"2020-05-25T16:22:22","modified_gmt":"2020-05-25T14:22:22","slug":"andrea-motis-joan-chamorro","status":"publish","type":"post","link":"https:\/\/www.cannabis.es\/pw\/2015\/11\/03\/andrea-motis-joan-chamorro\/","title":{"rendered":"Andrea Motis &#038; Joan Chamorro"},"content":{"rendered":"\n<p>La apuesta emprendida por&nbsp;<strong>Joan Chamorro,&nbsp;<\/strong>el maestro de la Sant Andreu Jazz Band, ha terminado por revelarse acertada.<\/p>\n\n\n\n<hr class=\"wp-block-separator\"\/>\n\n\n\n<p><strong>Andrea<\/strong>&nbsp;es hoy, a sus 20 a\u00f1os y a 6 de su lanzamiento a trav\u00e9s del \u00e1lbum \u201c<strong>Joan Chamorro presenta Andrea Motis<\/strong>\u201d, una de las voces privilegiadas del jazz catal\u00e1n, adem\u00e1s de una instrumentista con una tremenda proyecci\u00f3n que no cesa de mejorar en el dominio tanto de la trompeta -su predilecta- como del saxof\u00f3n. Un diamante en bruto en proceso de ir puli\u00e9ndose.<\/p>\n\n\n\n<p><strong>Tu caso Andrea parece bastante prematuro: te inicias en la trompeta con 7 a\u00f1os, a los 11 te integras en el embri\u00f3n de la Sant Andreu Jazz Band como trompetista, saxofonista y cantante, y a tus 18 a\u00f1os ya atesoras tres \u00e1lbumes editados en compa\u00f1\u00eda de Joan. \u00bfNo temes estar quemando etapas en tu vida o que una agenda tan exigente en cuanto a actuaciones te impida desarrollarte a nivel social?<\/strong><\/p>\n\n\n\n<p><strong>AM:<\/strong>&nbsp;Bueno, desde hace tiempo estoy en la Sant Andreu Jazz Band, que somos todos un grupo de j\u00f3venes. Y yo he estado estudiando hasta el a\u00f1o pasado el bachillerato normal y, quieras que no, hay mucha gente que por deporte, amigas que est\u00e1n muy ocupadas y cada una con su horario. Yo me he hecho a m\u00ed manera creciendo as\u00ed y he hecho mis amigos creciendo as\u00ed, en la m\u00fasica, los miembros del grupo, de la Sant Andreu, del instituto. Igual hubiera sido de otra manera si no hubiera sido as\u00ed, pero la verdad es que estoy contenta, y tengo tiempo tambi\u00e9n para tener mis conversaciones con mis amigos. Y lo de las etapas de mi desarrollo, yo creo que empezar a los 7 a\u00f1os a tocar la trompeta, no es un hecho raro, porque de hecho en las escuelas de m\u00fasica se empieza a los 7 y, m\u00e1s adelante, si quiero hacer un segundo instrumento, se puede hacer. Lo que s\u00ed ha sido m\u00e1s prematuro es que he empezado a colaborar con Joan, que es mi profesor y quien me invit\u00f3 a formar parte de algunos de sus conciertos y del primer CD que quiso grabar, que en principio no ten\u00eda que ser para presentarme, pero acabo si\u00e9ndolo porque hicimos muchos temas cantados y los elegimos. Entonces, esto s\u00ed que ha hecho que mi carrera sea desde muy joven y, bueno, yo contenta porque todav\u00eda seguimos creciendo mucho y haciendo nuevos proyectos como grupo.<\/p>\n\n\n\n<figure class=\"wp-block-image\"><img decoding=\"async\" src=\"https:\/\/www.cannabis.es\/web\/images\/motis_chamorro_3.jpg\" alt=\"motis chamorro 3\"\/><\/figure>\n\n\n\n<p><strong>Hay muchas expectativas depositadas en ti como figura emergente del jazz catal\u00e0, en el que habida cuenta de la calidad existente, destacar resulta especialmente meritorio. \u00bfHasta d\u00f3nde te ves capaz de crecer como artista?<\/strong><\/p>\n\n\n\n<p><strong>AM:<\/strong>&nbsp;No s\u00e9, yo tengo ganas de estudiar, por ejemplo ahora estoy muy concentrada en la trompeta y tengo ganas de seguir estudiando y, bueno, es cierto que hay una evoluci\u00f3n desde que empec\u00e9, que fue hace 4 a\u00f1os y voy escuchando nuevos trompetistas y voy trabajando. Yo lo que quiero es seguir aprendiendo y seguir tocando y a partir de aqu\u00ed, tampoco me pongo una meta concreta, sino hacer lo que me apetece, que es lo que todo el mundo quiere.<\/p>\n\n\n\n<p><strong>\u00bfTe ves a ti misma dedicando toda una vida a este g\u00e9nero tan amplio y diverso o, llegado el caso, no te importar\u00eda adentrarte, por ejemplo, en otros g\u00e9neros de m\u00fasica afroamericana como el soul o el funk o incluso en el pop?<\/strong><\/p>\n\n\n\n<p><strong>AM:<\/strong>&nbsp;De hecho estamos incorporando algunos temas que nos gustan de otros estilos en el grupo. S\u00ed que hay cosas concretas que me gustan, pero vamos que en el jazz hay mucho para indagar y para aprender, y ahora es la m\u00fasica que m\u00e1s escucho y es la m\u00fasica que me interesa. Lo que quiero es estudiar jazz, y luego hay muchas fusiones, muchos tipos de estilos que se parecen y que me pueden gustar, que igual puedo indagar, pero que, como dice Joan, tampoco hay una l\u00ednea de separaci\u00f3n entre un estilo y otro. Y tambi\u00e9n los m\u00fasicos se abren a nuevos proyectos y van evolucionando.<\/p>\n\n\n\n<p><strong>JC:<\/strong>&nbsp;Yo en ese sentido, como profesor de todos estos chicos de la Sant Andreu Jazz Band de la que forma parte Andrea, mi consejo es siempre: hay una m\u00fasica muy importante para m\u00ed que es el jazz, que te permite aprender bien a leer, que te permite escuchando y trabajando a partir de ella hacer una muy buena t\u00e9cnica del instrumento, y que para m\u00ed es muy importante. A partir de ah\u00ed, t\u00fa has de o\u00edrte a ti mismo. Si t\u00fa haces lo que tienes ganas y lo haces porque realmente te interesa, eso ser\u00e1 lo bueno. En ese sentido, puedes tocar bossa nova y si en un momento dado quieres tocar pop, toca pop. Personalmente en el caso de Andrea, le gustan algunos temas y tal, pero yo la veo una persona jazzista, una persona que si hubiese que hacer un concierto s\u00f3lo de pop donde no hubiese cierta libertad para la creatividad, a los cuatro d\u00edas dir\u00eda: voy por otro camino. Pero ese es un pensamiento\u2026<\/p>\n\n\n\n<p><strong>AM:<\/strong>&nbsp;Bueno, el pop no tiene por qu\u00e9 ser cerrado. Igual te adentras en algo que te interesa y, a partir de un punto, ya no te interesa. Entonces, tampoco nos prohibimos cosas.<\/p>\n\n\n\n<p><strong>JC:<\/strong>&nbsp;No, en absoluto. Solamente el consejo es: no hagas nada para ganar m\u00e1s dinero, en el sentido de no te vendas. A partir de ah\u00ed, esc\u00fachate y si tienes ganas de hacer, lo haces y eso ser\u00e1 lo correcto para ti en una etapa y luego haz lo que quieras. Yo creo que ese es el quid de la cuesti\u00f3n.<\/p>\n\n\n\n<figure class=\"wp-block-image\"><img decoding=\"async\" src=\"https:\/\/www.cannabis.es\/web\/images\/motis_chamorro_2.jpg\" alt=\"motis chamorro 2\"\/><\/figure>\n\n\n\n<p><strong>En la actualidad te encuentras lanzando otros proyectos de solistas como Eva Fern\u00e1ndez, que es un caso similar al de Andrea: comenzaron con la misma edad y han sido compa\u00f1eras de banda en la Sant Andreu Jazz Band. Me gustar\u00eda que nos explicaras este caso y a su vez el caso de Magal\u00ed.<\/strong><\/p>\n\n\n\n<p><strong>JC:<\/strong>&nbsp;S\u00ed, bueno, la idea comenz\u00f3 con un disco que no me plante\u00e9 y se acab\u00f3 llamando \u201cJoan Chamorro presenta Andrea Motis\u201d. Con el tiempo he visto que, aparte de que ten\u00eda muchas ganas de hacerlo, era justo hacer lo mismo con las personas que estaban trabajando bien y que realmente yo ve\u00eda que sus vidas estaban encarriladas hacia la m\u00fasica. Entonces, si realmente estaban trabajando bien, si ten\u00edan ilusi\u00f3n y ten\u00edan obviamente un punto en el cual se pod\u00eda hacer un disco en donde se les presentase, pues por qu\u00e9 no hacerlo. Lo hicimos con Eva con muy buenos resultados. Y adem\u00e1s, al hacer un disco creces mucho, porque te das cuenta de lo que hay y, claro, yo tengo la inmensa suerte de que en este proyecto cuento con unos m\u00fasicos incre\u00edbles como Ignasi, como Esteve\u2026Entonces claro, tocar y grabar con estos m\u00fasicos, subes un mont\u00f3n art\u00edsticamente. El siguiente fue con Eva Fern\u00e1ndez, que est\u00e1 funcionando muy bien, ella est\u00e1 muy bien y est\u00e1 tocando muy bien. Y ahora, lleg\u00f3 el turno de Magali Datzira. Acabamos de hacerlo estos d\u00edas y yo pienso que va a ser un disco precioso que ah\u00ed estar\u00e1 y tenga que pasar lo que pasar\u00e1. Obviamente, mi inter\u00e9s es el mismo que cuando hice el de Andrea: presentar a una persona y, a partir de ah\u00ed, darle alas para que haga su carrera. Har\u00e1 bolos conmigo y que sea lo que dios quiera, o lo que quien manda quiera. Y vendr\u00e1n otras y otros, el siguiente es Marc Mart\u00edn, que es pianista, en este caso no canta, alumno del gran Ignasi Terraza, un admirador de \u00e9l incre\u00edble, y buscaremos tambi\u00e9n que ese disco sea coherente, buscaremos que toque Ignasi Terraza con \u00e9l\u2026 Intentar que todas estas cosas que salen de este n\u00facleo que hemos creado entre todos, tenga una coherencia. Y yo creo que de momento la est\u00e1 teniendo.<\/p>\n\n\n\n<figure class=\"wp-block-embed\"><div class=\"wp-block-embed__wrapper\">\nhttp:\/\/andreamotisjoanchamorro.jazztojazz.net\/\n<\/div><\/figure>\n","protected":false},"excerpt":{"rendered":"<span class=\"span-reading-time rt-reading-time\" style=\"display: block;\"><span class=\"rt-label rt-prefix\">Tiempo de lectura:<\/span> <span class=\"rt-time\"> 5<\/span> <span class=\"rt-label rt-postfix\">minutos<\/span><\/span>La apuesta emprendida por&nbsp;Joan Chamorro,&nbsp;el maestro de la Sant Andreu Jazz Band, ha terminado por revelarse acertada. Andrea&nbsp;es hoy, a sus 20 a\u00f1os y a 6 de su lanzamiento a trav\u00e9s del \u00e1lbum \u201cJoan Chamorro presenta Andrea Motis\u201d, una de las voces privilegiadas del jazz catal\u00e1n, adem\u00e1s de una instrumentista con una tremenda proyecci\u00f3n que [&hellip;]","protected":false},"author":1,"featured_media":4191,"comment_status":"closed","ping_status":"closed","sticky":false,"template":"","format":"standard","meta":{"loftocean-featured-post":"","loftocean_post_format_gallery":"","loftocean_post_format_gallery_ids":"","loftocean_post_format_gallery_urls":"","loftocean_post_format_video_id":"","loftocean_post_format_video_url":"","loftocean_post_format_video_type":"","loftocean_post_format_video":"","loftocean_post_format_audio_type":"","loftocean_post_format_audio_url":"","loftocean_post_format_audio_id":"","loftocean_post_format_audio":"","loftocean_post_format_quote_text":"","loftocean_post_format_quote_byline":"","loftocean_post_format_link_text":"","loftocean_post_format_link_url":"","ceramag_post_header_style":"","ceramag_enable_background_video":"","ceramag_show_in_top_slider":"","ceramag_post_background_video_start":"","ceramag_post_background_video_end":"","loftocean_page_background_video_id":"","loftocean_page_background_video_url":"","loftocean_page_background_video_type":"","loftocean_page_background_video":"","ceramag_background_video_start":"","ceramag_background_video_end":"","ceramag_single_page_hide_header":"","footnotes":""},"categories":[33],"tags":[1242],"class_list":["post-4190","post","type-post","status-publish","format-standard","has-post-thumbnail","hentry","category-entrevistas","tag-musica"],"yoast_head":"<!-- This site is optimized with the Yoast SEO plugin v24.9 - https:\/\/yoast.com\/wordpress\/plugins\/seo\/ -->\n<title>Andrea Motis &amp; Joan Chamorro<\/title>\n<meta name=\"description\" content=\"Entrada &#8226; Portal multimedia sobre cannabis y otras sustancias &#8226; 3 noviembre, 2015\" \/>\n<meta name=\"robots\" content=\"index, follow, max-snippet:-1, max-image-preview:large, max-video-preview:-1\" \/>\n<link rel=\"canonical\" href=\"https:\/\/www.cannabis.es\/pw\/2015\/11\/03\/andrea-motis-joan-chamorro\/\" \/>\n<meta name=\"twitter:card\" content=\"summary_large_image\" \/>\n<meta name=\"twitter:title\" content=\"Andrea Motis &amp; Joan Chamorro\" \/>\n<meta name=\"twitter:description\" content=\"Entrada &#8226; Portal multimedia sobre cannabis y otras sustancias &#8226; 3 noviembre, 2015\" \/>\n<meta name=\"twitter:image\" content=\"https:\/\/www.cannabis.es\/pw\/wp-content\/uploads\/2020\/05\/motis_chamorro_main.jpg\" \/>\n<meta name=\"twitter:creator\" content=\"@cannabis_es\" \/>\n<meta name=\"twitter:site\" content=\"@cannabis_es\" \/>\n<meta name=\"twitter:label1\" content=\"Escrito por\" \/>\n\t<meta name=\"twitter:data1\" content=\"Cannabis.es\" \/>\n\t<meta name=\"twitter:label2\" content=\"Tiempo de lectura\" \/>\n\t<meta name=\"twitter:data2\" content=\"7 minutos\" \/>\n<script type=\"application\/ld+json\" class=\"yoast-schema-graph\">{\"@context\":\"https:\/\/schema.org\",\"@graph\":[{\"@type\":\"Article\",\"@id\":\"https:\/\/www.cannabis.es\/pw\/2015\/11\/03\/andrea-motis-joan-chamorro\/#article\",\"isPartOf\":{\"@id\":\"https:\/\/www.cannabis.es\/pw\/2015\/11\/03\/andrea-motis-joan-chamorro\/\"},\"author\":{\"name\":\"Cannabis.es\",\"@id\":\"https:\/\/www.cannabis.es\/pw\/#\/schema\/person\/e2fbd204580cf4fe74c79b82bc447374\"},\"headline\":\"Andrea Motis &#038; Joan Chamorro\",\"datePublished\":\"2015-11-03T15:21:06+00:00\",\"dateModified\":\"2020-05-25T14:22:22+00:00\",\"mainEntityOfPage\":{\"@id\":\"https:\/\/www.cannabis.es\/pw\/2015\/11\/03\/andrea-motis-joan-chamorro\/\"},\"wordCount\":1379,\"publisher\":{\"@id\":\"https:\/\/www.cannabis.es\/pw\/#organization\"},\"image\":{\"@id\":\"https:\/\/www.cannabis.es\/pw\/2015\/11\/03\/andrea-motis-joan-chamorro\/#primaryimage\"},\"thumbnailUrl\":\"https:\/\/www.cannabis.es\/pw\/wp-content\/uploads\/2020\/05\/motis_chamorro_main.jpg\",\"keywords\":[\"m\u00fasica\"],\"articleSection\":[\"Entrevistas\"],\"inLanguage\":\"es\"},{\"@type\":\"WebPage\",\"@id\":\"https:\/\/www.cannabis.es\/pw\/2015\/11\/03\/andrea-motis-joan-chamorro\/\",\"url\":\"https:\/\/www.cannabis.es\/pw\/2015\/11\/03\/andrea-motis-joan-chamorro\/\",\"name\":\"Andrea Motis & Joan Chamorro\",\"isPartOf\":{\"@id\":\"https:\/\/www.cannabis.es\/pw\/#website\"},\"primaryImageOfPage\":{\"@id\":\"https:\/\/www.cannabis.es\/pw\/2015\/11\/03\/andrea-motis-joan-chamorro\/#primaryimage\"},\"image\":{\"@id\":\"https:\/\/www.cannabis.es\/pw\/2015\/11\/03\/andrea-motis-joan-chamorro\/#primaryimage\"},\"thumbnailUrl\":\"https:\/\/www.cannabis.es\/pw\/wp-content\/uploads\/2020\/05\/motis_chamorro_main.jpg\",\"datePublished\":\"2015-11-03T15:21:06+00:00\",\"dateModified\":\"2020-05-25T14:22:22+00:00\",\"description\":\"Entrada &#8226; Portal multimedia sobre cannabis y otras sustancias &#8226; 3 noviembre, 2015\",\"breadcrumb\":{\"@id\":\"https:\/\/www.cannabis.es\/pw\/2015\/11\/03\/andrea-motis-joan-chamorro\/#breadcrumb\"},\"inLanguage\":\"es\",\"potentialAction\":[{\"@type\":\"ReadAction\",\"target\":[\"https:\/\/www.cannabis.es\/pw\/2015\/11\/03\/andrea-motis-joan-chamorro\/\"]}]},{\"@type\":\"ImageObject\",\"inLanguage\":\"es\",\"@id\":\"https:\/\/www.cannabis.es\/pw\/2015\/11\/03\/andrea-motis-joan-chamorro\/#primaryimage\",\"url\":\"https:\/\/www.cannabis.es\/pw\/wp-content\/uploads\/2020\/05\/motis_chamorro_main.jpg\",\"contentUrl\":\"https:\/\/www.cannabis.es\/pw\/wp-content\/uploads\/2020\/05\/motis_chamorro_main.jpg\",\"width\":959,\"height\":475},{\"@type\":\"BreadcrumbList\",\"@id\":\"https:\/\/www.cannabis.es\/pw\/2015\/11\/03\/andrea-motis-joan-chamorro\/#breadcrumb\",\"itemListElement\":[{\"@type\":\"ListItem\",\"position\":1,\"name\":\"Portada\",\"item\":\"http:\/\/www.cannabis.es\/pw\/\"},{\"@type\":\"ListItem\",\"position\":2,\"name\":\"Andrea Motis &#038; Joan Chamorro\"}]},{\"@type\":\"WebSite\",\"@id\":\"https:\/\/www.cannabis.es\/pw\/#website\",\"url\":\"https:\/\/www.cannabis.es\/pw\/\",\"name\":\"Cannabis\",\"description\":\"Portal multimedia sobre cannabis y otras sustancias\",\"publisher\":{\"@id\":\"https:\/\/www.cannabis.es\/pw\/#organization\"},\"potentialAction\":[{\"@type\":\"SearchAction\",\"target\":{\"@type\":\"EntryPoint\",\"urlTemplate\":\"https:\/\/www.cannabis.es\/pw\/?s={search_term_string}\"},\"query-input\":{\"@type\":\"PropertyValueSpecification\",\"valueRequired\":true,\"valueName\":\"search_term_string\"}}],\"inLanguage\":\"es\"},{\"@type\":\"Organization\",\"@id\":\"https:\/\/www.cannabis.es\/pw\/#organization\",\"name\":\"Cannabis.es\",\"url\":\"https:\/\/www.cannabis.es\/pw\/\",\"logo\":{\"@type\":\"ImageObject\",\"inLanguage\":\"es\",\"@id\":\"https:\/\/www.cannabis.es\/pw\/#\/schema\/logo\/image\/\",\"url\":\"https:\/\/www.cannabis.es\/pw\/wp-content\/uploads\/2019\/04\/cropped-logo_cannabis.png\",\"contentUrl\":\"https:\/\/www.cannabis.es\/pw\/wp-content\/uploads\/2019\/04\/cropped-logo_cannabis.png\",\"width\":361,\"height\":120,\"caption\":\"Cannabis.es\"},\"image\":{\"@id\":\"https:\/\/www.cannabis.es\/pw\/#\/schema\/logo\/image\/\"},\"sameAs\":[\"https:\/\/x.com\/cannabis_es\"]},{\"@type\":\"Person\",\"@id\":\"https:\/\/www.cannabis.es\/pw\/#\/schema\/person\/e2fbd204580cf4fe74c79b82bc447374\",\"name\":\"Cannabis.es\",\"image\":{\"@type\":\"ImageObject\",\"inLanguage\":\"es\",\"@id\":\"https:\/\/www.cannabis.es\/pw\/#\/schema\/person\/image\/\",\"url\":\"https:\/\/secure.gravatar.com\/avatar\/4375b1eb6e272e2e48a4b8a8def52e5f208151f555bb5906da616906ee6dd2e8?s=96&d=mm&r=g\",\"contentUrl\":\"https:\/\/secure.gravatar.com\/avatar\/4375b1eb6e272e2e48a4b8a8def52e5f208151f555bb5906da616906ee6dd2e8?s=96&d=mm&r=g\",\"caption\":\"Cannabis.es\"},\"url\":\"https:\/\/www.cannabis.es\/pw\/author\/cannabis\/\"}]}<\/script>\n<!-- \/ Yoast SEO plugin. -->","yoast_head_json":{"title":"Andrea Motis & Joan Chamorro","description":"Entrada &#8226; Portal multimedia sobre cannabis y otras sustancias &#8226; 3 noviembre, 2015","robots":{"index":"index","follow":"follow","max-snippet":"max-snippet:-1","max-image-preview":"max-image-preview:large","max-video-preview":"max-video-preview:-1"},"canonical":"https:\/\/www.cannabis.es\/pw\/2015\/11\/03\/andrea-motis-joan-chamorro\/","twitter_card":"summary_large_image","twitter_title":"Andrea Motis & Joan Chamorro","twitter_description":"Entrada &#8226; Portal multimedia sobre cannabis y otras sustancias &#8226; 3 noviembre, 2015","twitter_image":"https:\/\/www.cannabis.es\/pw\/wp-content\/uploads\/2020\/05\/motis_chamorro_main.jpg","twitter_creator":"@cannabis_es","twitter_site":"@cannabis_es","twitter_misc":{"Escrito por":"Cannabis.es","Tiempo de lectura":"7 minutos"},"schema":{"@context":"https:\/\/schema.org","@graph":[{"@type":"Article","@id":"https:\/\/www.cannabis.es\/pw\/2015\/11\/03\/andrea-motis-joan-chamorro\/#article","isPartOf":{"@id":"https:\/\/www.cannabis.es\/pw\/2015\/11\/03\/andrea-motis-joan-chamorro\/"},"author":{"name":"Cannabis.es","@id":"https:\/\/www.cannabis.es\/pw\/#\/schema\/person\/e2fbd204580cf4fe74c79b82bc447374"},"headline":"Andrea Motis &#038; Joan Chamorro","datePublished":"2015-11-03T15:21:06+00:00","dateModified":"2020-05-25T14:22:22+00:00","mainEntityOfPage":{"@id":"https:\/\/www.cannabis.es\/pw\/2015\/11\/03\/andrea-motis-joan-chamorro\/"},"wordCount":1379,"publisher":{"@id":"https:\/\/www.cannabis.es\/pw\/#organization"},"image":{"@id":"https:\/\/www.cannabis.es\/pw\/2015\/11\/03\/andrea-motis-joan-chamorro\/#primaryimage"},"thumbnailUrl":"https:\/\/www.cannabis.es\/pw\/wp-content\/uploads\/2020\/05\/motis_chamorro_main.jpg","keywords":["m\u00fasica"],"articleSection":["Entrevistas"],"inLanguage":"es"},{"@type":"WebPage","@id":"https:\/\/www.cannabis.es\/pw\/2015\/11\/03\/andrea-motis-joan-chamorro\/","url":"https:\/\/www.cannabis.es\/pw\/2015\/11\/03\/andrea-motis-joan-chamorro\/","name":"Andrea Motis & Joan Chamorro","isPartOf":{"@id":"https:\/\/www.cannabis.es\/pw\/#website"},"primaryImageOfPage":{"@id":"https:\/\/www.cannabis.es\/pw\/2015\/11\/03\/andrea-motis-joan-chamorro\/#primaryimage"},"image":{"@id":"https:\/\/www.cannabis.es\/pw\/2015\/11\/03\/andrea-motis-joan-chamorro\/#primaryimage"},"thumbnailUrl":"https:\/\/www.cannabis.es\/pw\/wp-content\/uploads\/2020\/05\/motis_chamorro_main.jpg","datePublished":"2015-11-03T15:21:06+00:00","dateModified":"2020-05-25T14:22:22+00:00","description":"Entrada &#8226; Portal multimedia sobre cannabis y otras sustancias &#8226; 3 noviembre, 2015","breadcrumb":{"@id":"https:\/\/www.cannabis.es\/pw\/2015\/11\/03\/andrea-motis-joan-chamorro\/#breadcrumb"},"inLanguage":"es","potentialAction":[{"@type":"ReadAction","target":["https:\/\/www.cannabis.es\/pw\/2015\/11\/03\/andrea-motis-joan-chamorro\/"]}]},{"@type":"ImageObject","inLanguage":"es","@id":"https:\/\/www.cannabis.es\/pw\/2015\/11\/03\/andrea-motis-joan-chamorro\/#primaryimage","url":"https:\/\/www.cannabis.es\/pw\/wp-content\/uploads\/2020\/05\/motis_chamorro_main.jpg","contentUrl":"https:\/\/www.cannabis.es\/pw\/wp-content\/uploads\/2020\/05\/motis_chamorro_main.jpg","width":959,"height":475},{"@type":"BreadcrumbList","@id":"https:\/\/www.cannabis.es\/pw\/2015\/11\/03\/andrea-motis-joan-chamorro\/#breadcrumb","itemListElement":[{"@type":"ListItem","position":1,"name":"Portada","item":"http:\/\/www.cannabis.es\/pw\/"},{"@type":"ListItem","position":2,"name":"Andrea Motis &#038; Joan Chamorro"}]},{"@type":"WebSite","@id":"https:\/\/www.cannabis.es\/pw\/#website","url":"https:\/\/www.cannabis.es\/pw\/","name":"Cannabis","description":"Portal multimedia sobre cannabis y otras sustancias","publisher":{"@id":"https:\/\/www.cannabis.es\/pw\/#organization"},"potentialAction":[{"@type":"SearchAction","target":{"@type":"EntryPoint","urlTemplate":"https:\/\/www.cannabis.es\/pw\/?s={search_term_string}"},"query-input":{"@type":"PropertyValueSpecification","valueRequired":true,"valueName":"search_term_string"}}],"inLanguage":"es"},{"@type":"Organization","@id":"https:\/\/www.cannabis.es\/pw\/#organization","name":"Cannabis.es","url":"https:\/\/www.cannabis.es\/pw\/","logo":{"@type":"ImageObject","inLanguage":"es","@id":"https:\/\/www.cannabis.es\/pw\/#\/schema\/logo\/image\/","url":"https:\/\/www.cannabis.es\/pw\/wp-content\/uploads\/2019\/04\/cropped-logo_cannabis.png","contentUrl":"https:\/\/www.cannabis.es\/pw\/wp-content\/uploads\/2019\/04\/cropped-logo_cannabis.png","width":361,"height":120,"caption":"Cannabis.es"},"image":{"@id":"https:\/\/www.cannabis.es\/pw\/#\/schema\/logo\/image\/"},"sameAs":["https:\/\/x.com\/cannabis_es"]},{"@type":"Person","@id":"https:\/\/www.cannabis.es\/pw\/#\/schema\/person\/e2fbd204580cf4fe74c79b82bc447374","name":"Cannabis.es","image":{"@type":"ImageObject","inLanguage":"es","@id":"https:\/\/www.cannabis.es\/pw\/#\/schema\/person\/image\/","url":"https:\/\/secure.gravatar.com\/avatar\/4375b1eb6e272e2e48a4b8a8def52e5f208151f555bb5906da616906ee6dd2e8?s=96&d=mm&r=g","contentUrl":"https:\/\/secure.gravatar.com\/avatar\/4375b1eb6e272e2e48a4b8a8def52e5f208151f555bb5906da616906ee6dd2e8?s=96&d=mm&r=g","caption":"Cannabis.es"},"url":"https:\/\/www.cannabis.es\/pw\/author\/cannabis\/"}]}},"_links":{"self":[{"href":"https:\/\/www.cannabis.es\/pw\/wp-json\/wp\/v2\/posts\/4190","targetHints":{"allow":["GET"]}}],"collection":[{"href":"https:\/\/www.cannabis.es\/pw\/wp-json\/wp\/v2\/posts"}],"about":[{"href":"https:\/\/www.cannabis.es\/pw\/wp-json\/wp\/v2\/types\/post"}],"author":[{"embeddable":true,"href":"https:\/\/www.cannabis.es\/pw\/wp-json\/wp\/v2\/users\/1"}],"replies":[{"embeddable":true,"href":"https:\/\/www.cannabis.es\/pw\/wp-json\/wp\/v2\/comments?post=4190"}],"version-history":[{"count":1,"href":"https:\/\/www.cannabis.es\/pw\/wp-json\/wp\/v2\/posts\/4190\/revisions"}],"predecessor-version":[{"id":4192,"href":"https:\/\/www.cannabis.es\/pw\/wp-json\/wp\/v2\/posts\/4190\/revisions\/4192"}],"wp:featuredmedia":[{"embeddable":true,"href":"https:\/\/www.cannabis.es\/pw\/wp-json\/wp\/v2\/media\/4191"}],"wp:attachment":[{"href":"https:\/\/www.cannabis.es\/pw\/wp-json\/wp\/v2\/media?parent=4190"}],"wp:term":[{"taxonomy":"category","embeddable":true,"href":"https:\/\/www.cannabis.es\/pw\/wp-json\/wp\/v2\/categories?post=4190"},{"taxonomy":"post_tag","embeddable":true,"href":"https:\/\/www.cannabis.es\/pw\/wp-json\/wp\/v2\/tags?post=4190"}],"curies":[{"name":"wp","href":"https:\/\/api.w.org\/{rel}","templated":true}]}}