{"id":4233,"date":"2015-10-14T10:05:38","date_gmt":"2015-10-14T08:05:38","guid":{"rendered":"http:\/\/www.cannabis.es\/pw\/?p=4233"},"modified":"2020-05-26T10:06:35","modified_gmt":"2020-05-26T08:06:35","slug":"nace-el-observatorio-espanol-de-cannabis-medicinal","status":"publish","type":"post","link":"https:\/\/www.cannabis.es\/pw\/2015\/10\/14\/nace-el-observatorio-espanol-de-cannabis-medicinal\/","title":{"rendered":"Nace el Observatorio Espa\u00f1ol de Cannabis Medicinal"},"content":{"rendered":"\n<p>La noticia se hizo p\u00fablica hace unos d\u00edas, y se difundi\u00f3 r\u00e1pidamente por las redes sociales.<\/p>\n\n\n\n<hr class=\"wp-block-separator\"\/>\n\n\n\n<p>Y no es para menos ya que el nacimiento del&nbsp;<strong>Observatorio Espa\u00f1ol de Cannabis Medicinal<\/strong>&nbsp;supone un avance considerable para la difusi\u00f3n y divulgaci\u00f3n de los avances cient\u00edficos relacionados con los usos terap\u00e9uticos del cannabis en nuestro pa\u00eds.<\/p>\n\n\n\n<p>El Observatorio Espa\u00f1ol de Cannabis Medicinal (<strong>OECM<\/strong>) est\u00e1 compuesto por profesionales de diversos sectores \u201cque trabajan en el estudio, la observaci\u00f3n y la divulgaci\u00f3n de las propiedades terap\u00e9uticas del cannabis y sus derivados: investigadores, m\u00e9dicos y asociaciones de pacientes cuyas enfermedades y s\u00edntomas son susceptibles de ser tratados con cannabis y sus derivados\u201d.&nbsp;<\/p>\n\n\n\n<figure class=\"wp-block-image\"><img decoding=\"async\" src=\"https:\/\/www.cannabis.es\/web\/images\/juntadirectiva_OECM.jpg\" alt=\"juntadirectiva OECM\"\/><\/figure>\n\n\n\n<p>El pasado 2 de Octubre se celebr\u00f3 en Madrid la Asamblea Fundacional de la&nbsp;<strong>OECM<\/strong>, dando el pistoletazo de salida a sus actividades y presentando en sociedad a sus part\u00edcipes. La Junta Directiva est\u00e1 formada por:<\/p>\n\n\n\n<p><strong>Carola P\u00e9rez (<\/strong>dosemociones) &#8211; Presidenta<\/p>\n\n\n\n<p><strong>Dr. Javier Pedraza<\/strong>&nbsp;&#8211; Vicepresidente<\/p>\n\n\n\n<p><strong>Cristina S\u00e1nchez<\/strong>&nbsp;(PhD, UCM) &#8211; Secretaria<\/p>\n\n\n\n<p><strong>Guillermo Velasco<\/strong>&nbsp;(PhD, UCM) &#8211; Tesorero<\/p>\n\n\n\n<p><strong>Ekaitz Agirregoitia&nbsp;<\/strong>(PhD, UPV\/EHU) &#8211; Vocal<\/p>\n\n\n\n<p><strong>Jos\u00e9 Carlos Bouso<\/strong>&nbsp;(PhD, Fundaci\u00f3n ICEERS) &#8211; Vocal<\/p>\n\n\n\n<p><strong>Dr. Mariano Garc\u00eda de Palau<\/strong>&nbsp;&#8211; Vocal<\/p>\n\n\n\n<p><strong>Manuel Guzm\u00e1n<\/strong>&nbsp;(PhD, UCM) &#8211; Vocal<\/p>\n\n\n\n<p><strong>Dr. Jos\u00e9 Mart\u00ednez-Orgado<\/strong>&nbsp;(Hospital Cl\u00ednico San Carlos) &#8211; Vocal<\/p>\n\n\n\n<p><strong>Dr. Joan Par\u00e9s<\/strong>&nbsp;&#8211; Vocal&nbsp;<\/p>\n\n\n\n<p>El motivo principal de la creaci\u00f3n de esta organizaci\u00f3n es \u201cla necesidad de promover, coordinar y realizar actividades y proyectos orientados al conocimiento de las propiedades y usos medicinales del cannabis y sus derivados. As\u00ed mismo, pretende asesorar a entidades p\u00fablicas y privadas e informar a las instituciones, los medios de comunicaci\u00f3n y la sociedad civil acerca del conocimiento actual sobre las propiedades y usos medicinales del cannabis y sus derivados, bas\u00e1ndose en los resultados de estudios cient\u00edficos y ensayos cl\u00ednicos\u201d.<\/p>\n\n\n\n<p>Iniciativas como \u00e9sta son las que arrojan un poco de esperanza al panorama cann\u00e1bico en Espa\u00f1a (que no atraviesa uno de sus mejores momentos), ya que ofrecen la seriedad, el rigor, y el respaldo de grandes profesionales, que tanto necesitamos en estos momentos de lucha en pro de una regulaci\u00f3n del cannabis. M\u00e1s todav\u00eda en sus usos terap\u00e9uticos, ya que la formaci\u00f3n e informaci\u00f3n del personal sanitario y de los profesionales es pr\u00e1cticamente nula en este campo, y si lo sumamos a la desprotecci\u00f3n total de los usuarios terap\u00e9uticos, tanto jur\u00eddica, como sanitaria, nos da como resultado un panorama bastante poco favorable.<\/p>\n\n\n\n<p>\u201cEl principal objetivo del&nbsp;<strong>OECM<\/strong>&nbsp;es consolidarse como una plataforma que facilite el acceso a informaci\u00f3n rigurosa y veraz acerca del uso del cannabis y sus derivados con fines medicinales. Para ello, el&nbsp;<strong>OECM<\/strong>&nbsp;colaborar\u00e1 con otras entidades nacionales e internacionales que compartan fines similares. Entre otros objetivos, &nbsp;el&nbsp;<strong>OECM<\/strong>&nbsp;pretende velar por la seriedad de los datos de trazabilidad y estandarizaci\u00f3n de los productos derivados del cannabis utilizados con fines medicinales.\u201d<\/p>\n\n\n\n<p>\u201cEl OECM considera, por tanto, que es necesario obtener una respuesta urgente de la administraci\u00f3n y las instituciones para aportar soluciones a estos ciudadanos, al igual que se est\u00e1 haciendo en otros pa\u00edses del mundo.\u201d<\/p>\n\n\n\n<p>Estaremos atentos a todas las actividades del<strong>&nbsp;Observatorio Espa\u00f1ol del Cannabis Medicinal<\/strong>&nbsp;para manteneros informados de todo. Puedes ponerte en contacto con ellos escribiendo un mail a&nbsp;<a href=\"mailto:info@oedcm.com\" target=\"_blank\" rel=\"noreferrer noopener\">info@oedcm.com<\/a>&nbsp;<\/p>\n","protected":false},"excerpt":{"rendered":"<span class=\"span-reading-time rt-reading-time\" style=\"display: block;\"><span class=\"rt-label rt-prefix\">Tiempo de lectura:<\/span> <span class=\"rt-time\"> 2<\/span> <span class=\"rt-label rt-postfix\">minutos<\/span><\/span>La noticia se hizo p\u00fablica hace unos d\u00edas, y se difundi\u00f3 r\u00e1pidamente por las redes sociales. Y no es para menos ya que el nacimiento del&nbsp;Observatorio Espa\u00f1ol de Cannabis Medicinal&nbsp;supone un avance considerable para la difusi\u00f3n y divulgaci\u00f3n de los avances cient\u00edficos relacionados con los usos terap\u00e9uticos del cannabis en nuestro pa\u00eds. El Observatorio Espa\u00f1ol [&hellip;]","protected":false},"author":1,"featured_media":4234,"comment_status":"closed","ping_status":"closed","sticky":false,"template":"","format":"standard","meta":{"loftocean-featured-post":"","loftocean_post_format_gallery":"","loftocean_post_format_gallery_ids":"","loftocean_post_format_gallery_urls":"","loftocean_post_format_video_id":"","loftocean_post_format_video_url":"","loftocean_post_format_video_type":"","loftocean_post_format_video":"","loftocean_post_format_audio_type":"","loftocean_post_format_audio_url":"","loftocean_post_format_audio_id":"","loftocean_post_format_audio":"","loftocean_post_format_quote_text":"","loftocean_post_format_quote_byline":"","loftocean_post_format_link_text":"","loftocean_post_format_link_url":"","ceramag_post_header_style":"","ceramag_enable_background_video":"","ceramag_show_in_top_slider":"","ceramag_post_background_video_start":"","ceramag_post_background_video_end":"","loftocean_page_background_video_id":"","loftocean_page_background_video_url":"","loftocean_page_background_video_type":"","loftocean_page_background_video":"","ceramag_background_video_start":"","ceramag_background_video_end":"","ceramag_single_page_hide_header":"","footnotes":""},"categories":[35],"tags":[41,51,563],"class_list":["post-4233","post","type-post","status-publish","format-standard","has-post-thumbnail","hentry","category-politica-y-sociedad","tag-cannabis","tag-salud","tag-terapeutico"],"yoast_head":"<!-- This site is optimized with the Yoast SEO plugin v24.9 - https:\/\/yoast.com\/wordpress\/plugins\/seo\/ -->\n<title>Nace el Observatorio Espa\u00f1ol de Cannabis Medicinal<\/title>\n<meta name=\"description\" content=\"Entrada &#8226; Portal multimedia sobre cannabis y otras sustancias &#8226; 14 octubre, 2015\" \/>\n<meta name=\"robots\" content=\"index, follow, max-snippet:-1, max-image-preview:large, max-video-preview:-1\" \/>\n<link rel=\"canonical\" href=\"https:\/\/www.cannabis.es\/pw\/2015\/10\/14\/nace-el-observatorio-espanol-de-cannabis-medicinal\/\" \/>\n<meta name=\"twitter:card\" content=\"summary_large_image\" \/>\n<meta name=\"twitter:title\" content=\"Nace el Observatorio Espa\u00f1ol de Cannabis Medicinal\" \/>\n<meta name=\"twitter:description\" content=\"Entrada &#8226; Portal multimedia sobre cannabis y otras sustancias &#8226; 14 octubre, 2015\" \/>\n<meta name=\"twitter:image\" content=\"https:\/\/www.cannabis.es\/pw\/wp-content\/uploads\/2020\/05\/oecm-1.jpg\" \/>\n<meta name=\"twitter:creator\" content=\"@cannabis_es\" \/>\n<meta name=\"twitter:site\" content=\"@cannabis_es\" \/>\n<meta name=\"twitter:label1\" content=\"Escrito por\" \/>\n\t<meta name=\"twitter:data1\" content=\"Cannabis.es\" \/>\n\t<meta name=\"twitter:label2\" content=\"Tiempo de lectura\" \/>\n\t<meta name=\"twitter:data2\" content=\"3 minutos\" \/>\n<script type=\"application\/ld+json\" class=\"yoast-schema-graph\">{\"@context\":\"https:\/\/schema.org\",\"@graph\":[{\"@type\":\"Article\",\"@id\":\"https:\/\/www.cannabis.es\/pw\/2015\/10\/14\/nace-el-observatorio-espanol-de-cannabis-medicinal\/#article\",\"isPartOf\":{\"@id\":\"https:\/\/www.cannabis.es\/pw\/2015\/10\/14\/nace-el-observatorio-espanol-de-cannabis-medicinal\/\"},\"author\":{\"name\":\"Cannabis.es\",\"@id\":\"https:\/\/www.cannabis.es\/pw\/#\/schema\/person\/e2fbd204580cf4fe74c79b82bc447374\"},\"headline\":\"Nace el Observatorio Espa\u00f1ol de Cannabis Medicinal\",\"datePublished\":\"2015-10-14T08:05:38+00:00\",\"dateModified\":\"2020-05-26T08:06:35+00:00\",\"mainEntityOfPage\":{\"@id\":\"https:\/\/www.cannabis.es\/pw\/2015\/10\/14\/nace-el-observatorio-espanol-de-cannabis-medicinal\/\"},\"wordCount\":607,\"publisher\":{\"@id\":\"https:\/\/www.cannabis.es\/pw\/#organization\"},\"image\":{\"@id\":\"https:\/\/www.cannabis.es\/pw\/2015\/10\/14\/nace-el-observatorio-espanol-de-cannabis-medicinal\/#primaryimage\"},\"thumbnailUrl\":\"https:\/\/www.cannabis.es\/pw\/wp-content\/uploads\/2020\/05\/oecm-1.jpg\",\"keywords\":[\"cannabis\",\"salud\",\"terap\u00e9utico\"],\"articleSection\":[\"Pol\u00edtica y Sociedad\"],\"inLanguage\":\"es\"},{\"@type\":\"WebPage\",\"@id\":\"https:\/\/www.cannabis.es\/pw\/2015\/10\/14\/nace-el-observatorio-espanol-de-cannabis-medicinal\/\",\"url\":\"https:\/\/www.cannabis.es\/pw\/2015\/10\/14\/nace-el-observatorio-espanol-de-cannabis-medicinal\/\",\"name\":\"Nace el Observatorio Espa\u00f1ol de Cannabis Medicinal\",\"isPartOf\":{\"@id\":\"https:\/\/www.cannabis.es\/pw\/#website\"},\"primaryImageOfPage\":{\"@id\":\"https:\/\/www.cannabis.es\/pw\/2015\/10\/14\/nace-el-observatorio-espanol-de-cannabis-medicinal\/#primaryimage\"},\"image\":{\"@id\":\"https:\/\/www.cannabis.es\/pw\/2015\/10\/14\/nace-el-observatorio-espanol-de-cannabis-medicinal\/#primaryimage\"},\"thumbnailUrl\":\"https:\/\/www.cannabis.es\/pw\/wp-content\/uploads\/2020\/05\/oecm-1.jpg\",\"datePublished\":\"2015-10-14T08:05:38+00:00\",\"dateModified\":\"2020-05-26T08:06:35+00:00\",\"description\":\"Entrada &#8226; Portal multimedia sobre cannabis y otras sustancias &#8226; 14 octubre, 2015\",\"breadcrumb\":{\"@id\":\"https:\/\/www.cannabis.es\/pw\/2015\/10\/14\/nace-el-observatorio-espanol-de-cannabis-medicinal\/#breadcrumb\"},\"inLanguage\":\"es\",\"potentialAction\":[{\"@type\":\"ReadAction\",\"target\":[\"https:\/\/www.cannabis.es\/pw\/2015\/10\/14\/nace-el-observatorio-espanol-de-cannabis-medicinal\/\"]}]},{\"@type\":\"ImageObject\",\"inLanguage\":\"es\",\"@id\":\"https:\/\/www.cannabis.es\/pw\/2015\/10\/14\/nace-el-observatorio-espanol-de-cannabis-medicinal\/#primaryimage\",\"url\":\"https:\/\/www.cannabis.es\/pw\/wp-content\/uploads\/2020\/05\/oecm-1.jpg\",\"contentUrl\":\"https:\/\/www.cannabis.es\/pw\/wp-content\/uploads\/2020\/05\/oecm-1.jpg\",\"width\":959,\"height\":475},{\"@type\":\"BreadcrumbList\",\"@id\":\"https:\/\/www.cannabis.es\/pw\/2015\/10\/14\/nace-el-observatorio-espanol-de-cannabis-medicinal\/#breadcrumb\",\"itemListElement\":[{\"@type\":\"ListItem\",\"position\":1,\"name\":\"Portada\",\"item\":\"http:\/\/www.cannabis.es\/pw\/\"},{\"@type\":\"ListItem\",\"position\":2,\"name\":\"Nace el Observatorio Espa\u00f1ol de Cannabis Medicinal\"}]},{\"@type\":\"WebSite\",\"@id\":\"https:\/\/www.cannabis.es\/pw\/#website\",\"url\":\"https:\/\/www.cannabis.es\/pw\/\",\"name\":\"Cannabis\",\"description\":\"Portal multimedia sobre cannabis y otras sustancias\",\"publisher\":{\"@id\":\"https:\/\/www.cannabis.es\/pw\/#organization\"},\"potentialAction\":[{\"@type\":\"SearchAction\",\"target\":{\"@type\":\"EntryPoint\",\"urlTemplate\":\"https:\/\/www.cannabis.es\/pw\/?s={search_term_string}\"},\"query-input\":{\"@type\":\"PropertyValueSpecification\",\"valueRequired\":true,\"valueName\":\"search_term_string\"}}],\"inLanguage\":\"es\"},{\"@type\":\"Organization\",\"@id\":\"https:\/\/www.cannabis.es\/pw\/#organization\",\"name\":\"Cannabis.es\",\"url\":\"https:\/\/www.cannabis.es\/pw\/\",\"logo\":{\"@type\":\"ImageObject\",\"inLanguage\":\"es\",\"@id\":\"https:\/\/www.cannabis.es\/pw\/#\/schema\/logo\/image\/\",\"url\":\"https:\/\/www.cannabis.es\/pw\/wp-content\/uploads\/2019\/04\/cropped-logo_cannabis.png\",\"contentUrl\":\"https:\/\/www.cannabis.es\/pw\/wp-content\/uploads\/2019\/04\/cropped-logo_cannabis.png\",\"width\":361,\"height\":120,\"caption\":\"Cannabis.es\"},\"image\":{\"@id\":\"https:\/\/www.cannabis.es\/pw\/#\/schema\/logo\/image\/\"},\"sameAs\":[\"https:\/\/x.com\/cannabis_es\"]},{\"@type\":\"Person\",\"@id\":\"https:\/\/www.cannabis.es\/pw\/#\/schema\/person\/e2fbd204580cf4fe74c79b82bc447374\",\"name\":\"Cannabis.es\",\"image\":{\"@type\":\"ImageObject\",\"inLanguage\":\"es\",\"@id\":\"https:\/\/www.cannabis.es\/pw\/#\/schema\/person\/image\/\",\"url\":\"https:\/\/secure.gravatar.com\/avatar\/4375b1eb6e272e2e48a4b8a8def52e5f208151f555bb5906da616906ee6dd2e8?s=96&d=mm&r=g\",\"contentUrl\":\"https:\/\/secure.gravatar.com\/avatar\/4375b1eb6e272e2e48a4b8a8def52e5f208151f555bb5906da616906ee6dd2e8?s=96&d=mm&r=g\",\"caption\":\"Cannabis.es\"},\"url\":\"https:\/\/www.cannabis.es\/pw\/author\/cannabis\/\"}]}<\/script>\n<!-- \/ Yoast SEO plugin. -->","yoast_head_json":{"title":"Nace el Observatorio Espa\u00f1ol de Cannabis Medicinal","description":"Entrada &#8226; Portal multimedia sobre cannabis y otras sustancias &#8226; 14 octubre, 2015","robots":{"index":"index","follow":"follow","max-snippet":"max-snippet:-1","max-image-preview":"max-image-preview:large","max-video-preview":"max-video-preview:-1"},"canonical":"https:\/\/www.cannabis.es\/pw\/2015\/10\/14\/nace-el-observatorio-espanol-de-cannabis-medicinal\/","twitter_card":"summary_large_image","twitter_title":"Nace el Observatorio Espa\u00f1ol de Cannabis Medicinal","twitter_description":"Entrada &#8226; Portal multimedia sobre cannabis y otras sustancias &#8226; 14 octubre, 2015","twitter_image":"https:\/\/www.cannabis.es\/pw\/wp-content\/uploads\/2020\/05\/oecm-1.jpg","twitter_creator":"@cannabis_es","twitter_site":"@cannabis_es","twitter_misc":{"Escrito por":"Cannabis.es","Tiempo de lectura":"3 minutos"},"schema":{"@context":"https:\/\/schema.org","@graph":[{"@type":"Article","@id":"https:\/\/www.cannabis.es\/pw\/2015\/10\/14\/nace-el-observatorio-espanol-de-cannabis-medicinal\/#article","isPartOf":{"@id":"https:\/\/www.cannabis.es\/pw\/2015\/10\/14\/nace-el-observatorio-espanol-de-cannabis-medicinal\/"},"author":{"name":"Cannabis.es","@id":"https:\/\/www.cannabis.es\/pw\/#\/schema\/person\/e2fbd204580cf4fe74c79b82bc447374"},"headline":"Nace el Observatorio Espa\u00f1ol de Cannabis Medicinal","datePublished":"2015-10-14T08:05:38+00:00","dateModified":"2020-05-26T08:06:35+00:00","mainEntityOfPage":{"@id":"https:\/\/www.cannabis.es\/pw\/2015\/10\/14\/nace-el-observatorio-espanol-de-cannabis-medicinal\/"},"wordCount":607,"publisher":{"@id":"https:\/\/www.cannabis.es\/pw\/#organization"},"image":{"@id":"https:\/\/www.cannabis.es\/pw\/2015\/10\/14\/nace-el-observatorio-espanol-de-cannabis-medicinal\/#primaryimage"},"thumbnailUrl":"https:\/\/www.cannabis.es\/pw\/wp-content\/uploads\/2020\/05\/oecm-1.jpg","keywords":["cannabis","salud","terap\u00e9utico"],"articleSection":["Pol\u00edtica y Sociedad"],"inLanguage":"es"},{"@type":"WebPage","@id":"https:\/\/www.cannabis.es\/pw\/2015\/10\/14\/nace-el-observatorio-espanol-de-cannabis-medicinal\/","url":"https:\/\/www.cannabis.es\/pw\/2015\/10\/14\/nace-el-observatorio-espanol-de-cannabis-medicinal\/","name":"Nace el Observatorio Espa\u00f1ol de Cannabis Medicinal","isPartOf":{"@id":"https:\/\/www.cannabis.es\/pw\/#website"},"primaryImageOfPage":{"@id":"https:\/\/www.cannabis.es\/pw\/2015\/10\/14\/nace-el-observatorio-espanol-de-cannabis-medicinal\/#primaryimage"},"image":{"@id":"https:\/\/www.cannabis.es\/pw\/2015\/10\/14\/nace-el-observatorio-espanol-de-cannabis-medicinal\/#primaryimage"},"thumbnailUrl":"https:\/\/www.cannabis.es\/pw\/wp-content\/uploads\/2020\/05\/oecm-1.jpg","datePublished":"2015-10-14T08:05:38+00:00","dateModified":"2020-05-26T08:06:35+00:00","description":"Entrada &#8226; Portal multimedia sobre cannabis y otras sustancias &#8226; 14 octubre, 2015","breadcrumb":{"@id":"https:\/\/www.cannabis.es\/pw\/2015\/10\/14\/nace-el-observatorio-espanol-de-cannabis-medicinal\/#breadcrumb"},"inLanguage":"es","potentialAction":[{"@type":"ReadAction","target":["https:\/\/www.cannabis.es\/pw\/2015\/10\/14\/nace-el-observatorio-espanol-de-cannabis-medicinal\/"]}]},{"@type":"ImageObject","inLanguage":"es","@id":"https:\/\/www.cannabis.es\/pw\/2015\/10\/14\/nace-el-observatorio-espanol-de-cannabis-medicinal\/#primaryimage","url":"https:\/\/www.cannabis.es\/pw\/wp-content\/uploads\/2020\/05\/oecm-1.jpg","contentUrl":"https:\/\/www.cannabis.es\/pw\/wp-content\/uploads\/2020\/05\/oecm-1.jpg","width":959,"height":475},{"@type":"BreadcrumbList","@id":"https:\/\/www.cannabis.es\/pw\/2015\/10\/14\/nace-el-observatorio-espanol-de-cannabis-medicinal\/#breadcrumb","itemListElement":[{"@type":"ListItem","position":1,"name":"Portada","item":"http:\/\/www.cannabis.es\/pw\/"},{"@type":"ListItem","position":2,"name":"Nace el Observatorio Espa\u00f1ol de Cannabis Medicinal"}]},{"@type":"WebSite","@id":"https:\/\/www.cannabis.es\/pw\/#website","url":"https:\/\/www.cannabis.es\/pw\/","name":"Cannabis","description":"Portal multimedia sobre cannabis y otras sustancias","publisher":{"@id":"https:\/\/www.cannabis.es\/pw\/#organization"},"potentialAction":[{"@type":"SearchAction","target":{"@type":"EntryPoint","urlTemplate":"https:\/\/www.cannabis.es\/pw\/?s={search_term_string}"},"query-input":{"@type":"PropertyValueSpecification","valueRequired":true,"valueName":"search_term_string"}}],"inLanguage":"es"},{"@type":"Organization","@id":"https:\/\/www.cannabis.es\/pw\/#organization","name":"Cannabis.es","url":"https:\/\/www.cannabis.es\/pw\/","logo":{"@type":"ImageObject","inLanguage":"es","@id":"https:\/\/www.cannabis.es\/pw\/#\/schema\/logo\/image\/","url":"https:\/\/www.cannabis.es\/pw\/wp-content\/uploads\/2019\/04\/cropped-logo_cannabis.png","contentUrl":"https:\/\/www.cannabis.es\/pw\/wp-content\/uploads\/2019\/04\/cropped-logo_cannabis.png","width":361,"height":120,"caption":"Cannabis.es"},"image":{"@id":"https:\/\/www.cannabis.es\/pw\/#\/schema\/logo\/image\/"},"sameAs":["https:\/\/x.com\/cannabis_es"]},{"@type":"Person","@id":"https:\/\/www.cannabis.es\/pw\/#\/schema\/person\/e2fbd204580cf4fe74c79b82bc447374","name":"Cannabis.es","image":{"@type":"ImageObject","inLanguage":"es","@id":"https:\/\/www.cannabis.es\/pw\/#\/schema\/person\/image\/","url":"https:\/\/secure.gravatar.com\/avatar\/4375b1eb6e272e2e48a4b8a8def52e5f208151f555bb5906da616906ee6dd2e8?s=96&d=mm&r=g","contentUrl":"https:\/\/secure.gravatar.com\/avatar\/4375b1eb6e272e2e48a4b8a8def52e5f208151f555bb5906da616906ee6dd2e8?s=96&d=mm&r=g","caption":"Cannabis.es"},"url":"https:\/\/www.cannabis.es\/pw\/author\/cannabis\/"}]}},"_links":{"self":[{"href":"https:\/\/www.cannabis.es\/pw\/wp-json\/wp\/v2\/posts\/4233","targetHints":{"allow":["GET"]}}],"collection":[{"href":"https:\/\/www.cannabis.es\/pw\/wp-json\/wp\/v2\/posts"}],"about":[{"href":"https:\/\/www.cannabis.es\/pw\/wp-json\/wp\/v2\/types\/post"}],"author":[{"embeddable":true,"href":"https:\/\/www.cannabis.es\/pw\/wp-json\/wp\/v2\/users\/1"}],"replies":[{"embeddable":true,"href":"https:\/\/www.cannabis.es\/pw\/wp-json\/wp\/v2\/comments?post=4233"}],"version-history":[{"count":1,"href":"https:\/\/www.cannabis.es\/pw\/wp-json\/wp\/v2\/posts\/4233\/revisions"}],"predecessor-version":[{"id":4235,"href":"https:\/\/www.cannabis.es\/pw\/wp-json\/wp\/v2\/posts\/4233\/revisions\/4235"}],"wp:featuredmedia":[{"embeddable":true,"href":"https:\/\/www.cannabis.es\/pw\/wp-json\/wp\/v2\/media\/4234"}],"wp:attachment":[{"href":"https:\/\/www.cannabis.es\/pw\/wp-json\/wp\/v2\/media?parent=4233"}],"wp:term":[{"taxonomy":"category","embeddable":true,"href":"https:\/\/www.cannabis.es\/pw\/wp-json\/wp\/v2\/categories?post=4233"},{"taxonomy":"post_tag","embeddable":true,"href":"https:\/\/www.cannabis.es\/pw\/wp-json\/wp\/v2\/tags?post=4233"}],"curies":[{"name":"wp","href":"https:\/\/api.w.org\/{rel}","templated":true}]}}