{"id":4318,"date":"2015-09-02T10:41:04","date_gmt":"2015-09-02T08:41:04","guid":{"rendered":"http:\/\/www.cannabis.es\/pw\/?p=4318"},"modified":"2020-05-26T10:41:50","modified_gmt":"2020-05-26T08:41:50","slug":"jeff-mizanskey-de-cadena-perpetua-por-vender-marihuana-a-la-libertad","status":"publish","type":"post","link":"https:\/\/www.cannabis.es\/pw\/2015\/09\/02\/jeff-mizanskey-de-cadena-perpetua-por-vender-marihuana-a-la-libertad\/","title":{"rendered":"Jeff Mizanskey: de cadena perpetua por vender marihuana a la libertad"},"content":{"rendered":"\n<p>El caso de<strong>&nbsp;Jeff Mizanskey<\/strong>&nbsp;es el claro ejemplo del cambio de las leyes norteamericanas relacionadas con el cannabis en los \u00faltimos tiempos.<\/p>\n\n\n\n<hr class=\"wp-block-separator\"\/>\n\n\n\n<p>Jeff fue condenado a cadena perpetua por delitos menores y no violentos relacionados con la marihuana, es decir, por menudeo.&nbsp;<strong>Mizanskey<\/strong>&nbsp;fue detenido en 1996 por conspiraci\u00f3n para la venta de medio kilo de marihuana, y como ya ten\u00eda dos condenas anteriores por posesi\u00f3n y venta, y por aquel entonces las leyes en Missouri se reg\u00edan por la norma de los tres \u201cstrikes\u201d (tres delitos menores y al talego), los jueces decidieron dar ejemplo y le condenaron a cadena perpetua sin posibilidad de libertad condicional.<\/p>\n\n\n\n<p>Su caso ha sido, durante a\u00f1os, denunciado tanto por su familia como por activistas cann\u00e1bicos que han estado apoy\u00e1ndole durante este angustioso trance, que ha durado&nbsp;<strong>m\u00e1s de 20 a\u00f1os<\/strong>. Seg\u00fan sus propias palabras, a lo largo de su condena ha visto c\u00f3mo asesinos, violadores y otros criminales violentos han ido saliendo en libertad, mientras \u00e9l, por un delito menor, segu\u00eda malgastando su vida entre rejas.<\/p>\n\n\n\n<p>Ayer fue el gran d\u00eda, y finalmente&nbsp;<strong>Jeff Mizanskey<\/strong>&nbsp;ha sido puesto en libertad. Todo un avance por parte de la legislaci\u00f3n estadounidense, que parece estar d\u00e1ndose cuenta poco a poco que tiene que revisar sus pol\u00edticas de drogas ante el gran fracaso que han supuesto sus posturas hasta el momento.<\/p>\n\n\n\n<p>S\u00f3lo en 2013, m\u00e1s de un&nbsp;<strong>mill\u00f3n y medio<\/strong>&nbsp;de personas fueron detenidas por delitos menores relacionados con las drogas, casi<strong>&nbsp;700.000<\/strong>&nbsp;fueron arrestadas por casos relacionados con la marihuana, y de \u00e9stos, el&nbsp;<strong>88 por ciento<\/strong>&nbsp;simplemente por posesi\u00f3n\u2026 algo no funciona en el sistema, si criminaliza a consumidores de cannabis de tal forma.<\/p>\n\n\n\n<p>Nuestra enhorabuena a&nbsp;<strong>Jeff Mizanskey<\/strong>&nbsp;y a su familia, y nuestro agradecimiento a todos aquellos que han luchado por \u00e9l durante todos estos a\u00f1os. Esperamos que sea el primero de muchos otros casos.<\/p>\n\n\n\n<p>Fuente:&nbsp;<a href=\"http:\/\/www.attn.com\/stories\/2999\/jeff-mizanskey-released?utm_source=facebook&amp;utm_medium=viralvideoposttext&amp;utm_campaign=videos\" target=\"_blank\" rel=\"noreferrer noopener\">ATTN<\/a>&nbsp;\/&nbsp;<a href=\"http:\/\/www.vice.com\/read\/a-man-with-a-life-sentence-for-marijuana-was-just-released-vgtrn-265?utm_source=vicetwitterus\" target=\"_blank\" rel=\"noreferrer noopener\">Vice<\/a><\/p>\n\n\n\n<p>Imagen: (AP Photo\/Columbia Missourian\/Justin L. Stewart)&nbsp;<\/p>\n","protected":false},"excerpt":{"rendered":"<span class=\"span-reading-time rt-reading-time\" style=\"display: block;\"><span class=\"rt-label rt-prefix\">Tiempo de lectura:<\/span> <span class=\"rt-time\"> 2<\/span> <span class=\"rt-label rt-postfix\">minutos<\/span><\/span>El caso de&nbsp;Jeff Mizanskey&nbsp;es el claro ejemplo del cambio de las leyes norteamericanas relacionadas con el cannabis en los \u00faltimos tiempos. Jeff fue condenado a cadena perpetua por delitos menores y no violentos relacionados con la marihuana, es decir, por menudeo.&nbsp;Mizanskey&nbsp;fue detenido en 1996 por conspiraci\u00f3n para la venta de medio kilo de marihuana, y [&hellip;]","protected":false},"author":1,"featured_media":4319,"comment_status":"closed","ping_status":"closed","sticky":false,"template":"","format":"standard","meta":{"loftocean-featured-post":"","loftocean_post_format_gallery":"","loftocean_post_format_gallery_ids":"","loftocean_post_format_gallery_urls":"","loftocean_post_format_video_id":"","loftocean_post_format_video_url":"","loftocean_post_format_video_type":"","loftocean_post_format_video":"","loftocean_post_format_audio_type":"","loftocean_post_format_audio_url":"","loftocean_post_format_audio_id":"","loftocean_post_format_audio":"","loftocean_post_format_quote_text":"","loftocean_post_format_quote_byline":"","loftocean_post_format_link_text":"","loftocean_post_format_link_url":"","ceramag_post_header_style":"","ceramag_enable_background_video":"","ceramag_show_in_top_slider":"","ceramag_post_background_video_start":"","ceramag_post_background_video_end":"","loftocean_page_background_video_id":"","loftocean_page_background_video_url":"","loftocean_page_background_video_type":"","loftocean_page_background_video":"","ceramag_background_video_start":"","ceramag_background_video_end":"","ceramag_single_page_hide_header":"","footnotes":""},"categories":[35],"tags":[41],"class_list":["post-4318","post","type-post","status-publish","format-standard","has-post-thumbnail","hentry","category-politica-y-sociedad","tag-cannabis"],"yoast_head":"<!-- This site is optimized with the Yoast SEO plugin v24.9 - https:\/\/yoast.com\/wordpress\/plugins\/seo\/ -->\n<title>Jeff Mizanskey: de cadena perpetua por vender marihuana a la libertad<\/title>\n<meta name=\"description\" content=\"Entrada &#8226; Portal multimedia sobre cannabis y otras sustancias &#8226; 2 septiembre, 2015\" \/>\n<meta name=\"robots\" content=\"index, follow, max-snippet:-1, max-image-preview:large, max-video-preview:-1\" \/>\n<link rel=\"canonical\" href=\"https:\/\/www.cannabis.es\/pw\/2015\/09\/02\/jeff-mizanskey-de-cadena-perpetua-por-vender-marihuana-a-la-libertad\/\" \/>\n<meta name=\"twitter:card\" content=\"summary_large_image\" \/>\n<meta name=\"twitter:title\" content=\"Jeff Mizanskey: de cadena perpetua por vender marihuana a la libertad\" \/>\n<meta name=\"twitter:description\" content=\"Entrada &#8226; Portal multimedia sobre cannabis y otras sustancias &#8226; 2 septiembre, 2015\" \/>\n<meta name=\"twitter:image\" content=\"https:\/\/www.cannabis.es\/pw\/wp-content\/uploads\/2020\/05\/jezz_Mizanskey_libre.jpg\" \/>\n<meta name=\"twitter:creator\" content=\"@cannabis_es\" \/>\n<meta name=\"twitter:site\" content=\"@cannabis_es\" \/>\n<meta name=\"twitter:label1\" content=\"Escrito por\" \/>\n\t<meta name=\"twitter:data1\" content=\"Cannabis.es\" \/>\n\t<meta name=\"twitter:label2\" content=\"Tiempo de lectura\" \/>\n\t<meta name=\"twitter:data2\" content=\"2 minutos\" \/>\n<script type=\"application\/ld+json\" class=\"yoast-schema-graph\">{\"@context\":\"https:\/\/schema.org\",\"@graph\":[{\"@type\":\"Article\",\"@id\":\"https:\/\/www.cannabis.es\/pw\/2015\/09\/02\/jeff-mizanskey-de-cadena-perpetua-por-vender-marihuana-a-la-libertad\/#article\",\"isPartOf\":{\"@id\":\"https:\/\/www.cannabis.es\/pw\/2015\/09\/02\/jeff-mizanskey-de-cadena-perpetua-por-vender-marihuana-a-la-libertad\/\"},\"author\":{\"name\":\"Cannabis.es\",\"@id\":\"https:\/\/www.cannabis.es\/pw\/#\/schema\/person\/e2fbd204580cf4fe74c79b82bc447374\"},\"headline\":\"Jeff Mizanskey: de cadena perpetua por vender marihuana a la libertad\",\"datePublished\":\"2015-09-02T08:41:04+00:00\",\"dateModified\":\"2020-05-26T08:41:50+00:00\",\"mainEntityOfPage\":{\"@id\":\"https:\/\/www.cannabis.es\/pw\/2015\/09\/02\/jeff-mizanskey-de-cadena-perpetua-por-vender-marihuana-a-la-libertad\/\"},\"wordCount\":370,\"publisher\":{\"@id\":\"https:\/\/www.cannabis.es\/pw\/#organization\"},\"image\":{\"@id\":\"https:\/\/www.cannabis.es\/pw\/2015\/09\/02\/jeff-mizanskey-de-cadena-perpetua-por-vender-marihuana-a-la-libertad\/#primaryimage\"},\"thumbnailUrl\":\"https:\/\/www.cannabis.es\/pw\/wp-content\/uploads\/2020\/05\/jezz_Mizanskey_libre.jpg\",\"keywords\":[\"cannabis\"],\"articleSection\":[\"Pol\u00edtica y Sociedad\"],\"inLanguage\":\"es\"},{\"@type\":\"WebPage\",\"@id\":\"https:\/\/www.cannabis.es\/pw\/2015\/09\/02\/jeff-mizanskey-de-cadena-perpetua-por-vender-marihuana-a-la-libertad\/\",\"url\":\"https:\/\/www.cannabis.es\/pw\/2015\/09\/02\/jeff-mizanskey-de-cadena-perpetua-por-vender-marihuana-a-la-libertad\/\",\"name\":\"Jeff Mizanskey: de cadena perpetua por vender marihuana a la libertad\",\"isPartOf\":{\"@id\":\"https:\/\/www.cannabis.es\/pw\/#website\"},\"primaryImageOfPage\":{\"@id\":\"https:\/\/www.cannabis.es\/pw\/2015\/09\/02\/jeff-mizanskey-de-cadena-perpetua-por-vender-marihuana-a-la-libertad\/#primaryimage\"},\"image\":{\"@id\":\"https:\/\/www.cannabis.es\/pw\/2015\/09\/02\/jeff-mizanskey-de-cadena-perpetua-por-vender-marihuana-a-la-libertad\/#primaryimage\"},\"thumbnailUrl\":\"https:\/\/www.cannabis.es\/pw\/wp-content\/uploads\/2020\/05\/jezz_Mizanskey_libre.jpg\",\"datePublished\":\"2015-09-02T08:41:04+00:00\",\"dateModified\":\"2020-05-26T08:41:50+00:00\",\"description\":\"Entrada &#8226; Portal multimedia sobre cannabis y otras sustancias &#8226; 2 septiembre, 2015\",\"breadcrumb\":{\"@id\":\"https:\/\/www.cannabis.es\/pw\/2015\/09\/02\/jeff-mizanskey-de-cadena-perpetua-por-vender-marihuana-a-la-libertad\/#breadcrumb\"},\"inLanguage\":\"es\",\"potentialAction\":[{\"@type\":\"ReadAction\",\"target\":[\"https:\/\/www.cannabis.es\/pw\/2015\/09\/02\/jeff-mizanskey-de-cadena-perpetua-por-vender-marihuana-a-la-libertad\/\"]}]},{\"@type\":\"ImageObject\",\"inLanguage\":\"es\",\"@id\":\"https:\/\/www.cannabis.es\/pw\/2015\/09\/02\/jeff-mizanskey-de-cadena-perpetua-por-vender-marihuana-a-la-libertad\/#primaryimage\",\"url\":\"https:\/\/www.cannabis.es\/pw\/wp-content\/uploads\/2020\/05\/jezz_Mizanskey_libre.jpg\",\"contentUrl\":\"https:\/\/www.cannabis.es\/pw\/wp-content\/uploads\/2020\/05\/jezz_Mizanskey_libre.jpg\",\"width\":959,\"height\":475},{\"@type\":\"BreadcrumbList\",\"@id\":\"https:\/\/www.cannabis.es\/pw\/2015\/09\/02\/jeff-mizanskey-de-cadena-perpetua-por-vender-marihuana-a-la-libertad\/#breadcrumb\",\"itemListElement\":[{\"@type\":\"ListItem\",\"position\":1,\"name\":\"Portada\",\"item\":\"http:\/\/www.cannabis.es\/pw\/\"},{\"@type\":\"ListItem\",\"position\":2,\"name\":\"Jeff Mizanskey: de cadena perpetua por vender marihuana a la libertad\"}]},{\"@type\":\"WebSite\",\"@id\":\"https:\/\/www.cannabis.es\/pw\/#website\",\"url\":\"https:\/\/www.cannabis.es\/pw\/\",\"name\":\"Cannabis\",\"description\":\"Portal multimedia sobre cannabis y otras sustancias\",\"publisher\":{\"@id\":\"https:\/\/www.cannabis.es\/pw\/#organization\"},\"potentialAction\":[{\"@type\":\"SearchAction\",\"target\":{\"@type\":\"EntryPoint\",\"urlTemplate\":\"https:\/\/www.cannabis.es\/pw\/?s={search_term_string}\"},\"query-input\":{\"@type\":\"PropertyValueSpecification\",\"valueRequired\":true,\"valueName\":\"search_term_string\"}}],\"inLanguage\":\"es\"},{\"@type\":\"Organization\",\"@id\":\"https:\/\/www.cannabis.es\/pw\/#organization\",\"name\":\"Cannabis.es\",\"url\":\"https:\/\/www.cannabis.es\/pw\/\",\"logo\":{\"@type\":\"ImageObject\",\"inLanguage\":\"es\",\"@id\":\"https:\/\/www.cannabis.es\/pw\/#\/schema\/logo\/image\/\",\"url\":\"https:\/\/www.cannabis.es\/pw\/wp-content\/uploads\/2019\/04\/cropped-logo_cannabis.png\",\"contentUrl\":\"https:\/\/www.cannabis.es\/pw\/wp-content\/uploads\/2019\/04\/cropped-logo_cannabis.png\",\"width\":361,\"height\":120,\"caption\":\"Cannabis.es\"},\"image\":{\"@id\":\"https:\/\/www.cannabis.es\/pw\/#\/schema\/logo\/image\/\"},\"sameAs\":[\"https:\/\/x.com\/cannabis_es\"]},{\"@type\":\"Person\",\"@id\":\"https:\/\/www.cannabis.es\/pw\/#\/schema\/person\/e2fbd204580cf4fe74c79b82bc447374\",\"name\":\"Cannabis.es\",\"image\":{\"@type\":\"ImageObject\",\"inLanguage\":\"es\",\"@id\":\"https:\/\/www.cannabis.es\/pw\/#\/schema\/person\/image\/\",\"url\":\"https:\/\/secure.gravatar.com\/avatar\/4375b1eb6e272e2e48a4b8a8def52e5f208151f555bb5906da616906ee6dd2e8?s=96&d=mm&r=g\",\"contentUrl\":\"https:\/\/secure.gravatar.com\/avatar\/4375b1eb6e272e2e48a4b8a8def52e5f208151f555bb5906da616906ee6dd2e8?s=96&d=mm&r=g\",\"caption\":\"Cannabis.es\"},\"url\":\"https:\/\/www.cannabis.es\/pw\/author\/cannabis\/\"}]}<\/script>\n<!-- \/ Yoast SEO plugin. -->","yoast_head_json":{"title":"Jeff Mizanskey: de cadena perpetua por vender marihuana a la libertad","description":"Entrada &#8226; Portal multimedia sobre cannabis y otras sustancias &#8226; 2 septiembre, 2015","robots":{"index":"index","follow":"follow","max-snippet":"max-snippet:-1","max-image-preview":"max-image-preview:large","max-video-preview":"max-video-preview:-1"},"canonical":"https:\/\/www.cannabis.es\/pw\/2015\/09\/02\/jeff-mizanskey-de-cadena-perpetua-por-vender-marihuana-a-la-libertad\/","twitter_card":"summary_large_image","twitter_title":"Jeff Mizanskey: de cadena perpetua por vender marihuana a la libertad","twitter_description":"Entrada &#8226; Portal multimedia sobre cannabis y otras sustancias &#8226; 2 septiembre, 2015","twitter_image":"https:\/\/www.cannabis.es\/pw\/wp-content\/uploads\/2020\/05\/jezz_Mizanskey_libre.jpg","twitter_creator":"@cannabis_es","twitter_site":"@cannabis_es","twitter_misc":{"Escrito por":"Cannabis.es","Tiempo de lectura":"2 minutos"},"schema":{"@context":"https:\/\/schema.org","@graph":[{"@type":"Article","@id":"https:\/\/www.cannabis.es\/pw\/2015\/09\/02\/jeff-mizanskey-de-cadena-perpetua-por-vender-marihuana-a-la-libertad\/#article","isPartOf":{"@id":"https:\/\/www.cannabis.es\/pw\/2015\/09\/02\/jeff-mizanskey-de-cadena-perpetua-por-vender-marihuana-a-la-libertad\/"},"author":{"name":"Cannabis.es","@id":"https:\/\/www.cannabis.es\/pw\/#\/schema\/person\/e2fbd204580cf4fe74c79b82bc447374"},"headline":"Jeff Mizanskey: de cadena perpetua por vender marihuana a la libertad","datePublished":"2015-09-02T08:41:04+00:00","dateModified":"2020-05-26T08:41:50+00:00","mainEntityOfPage":{"@id":"https:\/\/www.cannabis.es\/pw\/2015\/09\/02\/jeff-mizanskey-de-cadena-perpetua-por-vender-marihuana-a-la-libertad\/"},"wordCount":370,"publisher":{"@id":"https:\/\/www.cannabis.es\/pw\/#organization"},"image":{"@id":"https:\/\/www.cannabis.es\/pw\/2015\/09\/02\/jeff-mizanskey-de-cadena-perpetua-por-vender-marihuana-a-la-libertad\/#primaryimage"},"thumbnailUrl":"https:\/\/www.cannabis.es\/pw\/wp-content\/uploads\/2020\/05\/jezz_Mizanskey_libre.jpg","keywords":["cannabis"],"articleSection":["Pol\u00edtica y Sociedad"],"inLanguage":"es"},{"@type":"WebPage","@id":"https:\/\/www.cannabis.es\/pw\/2015\/09\/02\/jeff-mizanskey-de-cadena-perpetua-por-vender-marihuana-a-la-libertad\/","url":"https:\/\/www.cannabis.es\/pw\/2015\/09\/02\/jeff-mizanskey-de-cadena-perpetua-por-vender-marihuana-a-la-libertad\/","name":"Jeff Mizanskey: de cadena perpetua por vender marihuana a la libertad","isPartOf":{"@id":"https:\/\/www.cannabis.es\/pw\/#website"},"primaryImageOfPage":{"@id":"https:\/\/www.cannabis.es\/pw\/2015\/09\/02\/jeff-mizanskey-de-cadena-perpetua-por-vender-marihuana-a-la-libertad\/#primaryimage"},"image":{"@id":"https:\/\/www.cannabis.es\/pw\/2015\/09\/02\/jeff-mizanskey-de-cadena-perpetua-por-vender-marihuana-a-la-libertad\/#primaryimage"},"thumbnailUrl":"https:\/\/www.cannabis.es\/pw\/wp-content\/uploads\/2020\/05\/jezz_Mizanskey_libre.jpg","datePublished":"2015-09-02T08:41:04+00:00","dateModified":"2020-05-26T08:41:50+00:00","description":"Entrada &#8226; Portal multimedia sobre cannabis y otras sustancias &#8226; 2 septiembre, 2015","breadcrumb":{"@id":"https:\/\/www.cannabis.es\/pw\/2015\/09\/02\/jeff-mizanskey-de-cadena-perpetua-por-vender-marihuana-a-la-libertad\/#breadcrumb"},"inLanguage":"es","potentialAction":[{"@type":"ReadAction","target":["https:\/\/www.cannabis.es\/pw\/2015\/09\/02\/jeff-mizanskey-de-cadena-perpetua-por-vender-marihuana-a-la-libertad\/"]}]},{"@type":"ImageObject","inLanguage":"es","@id":"https:\/\/www.cannabis.es\/pw\/2015\/09\/02\/jeff-mizanskey-de-cadena-perpetua-por-vender-marihuana-a-la-libertad\/#primaryimage","url":"https:\/\/www.cannabis.es\/pw\/wp-content\/uploads\/2020\/05\/jezz_Mizanskey_libre.jpg","contentUrl":"https:\/\/www.cannabis.es\/pw\/wp-content\/uploads\/2020\/05\/jezz_Mizanskey_libre.jpg","width":959,"height":475},{"@type":"BreadcrumbList","@id":"https:\/\/www.cannabis.es\/pw\/2015\/09\/02\/jeff-mizanskey-de-cadena-perpetua-por-vender-marihuana-a-la-libertad\/#breadcrumb","itemListElement":[{"@type":"ListItem","position":1,"name":"Portada","item":"http:\/\/www.cannabis.es\/pw\/"},{"@type":"ListItem","position":2,"name":"Jeff Mizanskey: de cadena perpetua por vender marihuana a la libertad"}]},{"@type":"WebSite","@id":"https:\/\/www.cannabis.es\/pw\/#website","url":"https:\/\/www.cannabis.es\/pw\/","name":"Cannabis","description":"Portal multimedia sobre cannabis y otras sustancias","publisher":{"@id":"https:\/\/www.cannabis.es\/pw\/#organization"},"potentialAction":[{"@type":"SearchAction","target":{"@type":"EntryPoint","urlTemplate":"https:\/\/www.cannabis.es\/pw\/?s={search_term_string}"},"query-input":{"@type":"PropertyValueSpecification","valueRequired":true,"valueName":"search_term_string"}}],"inLanguage":"es"},{"@type":"Organization","@id":"https:\/\/www.cannabis.es\/pw\/#organization","name":"Cannabis.es","url":"https:\/\/www.cannabis.es\/pw\/","logo":{"@type":"ImageObject","inLanguage":"es","@id":"https:\/\/www.cannabis.es\/pw\/#\/schema\/logo\/image\/","url":"https:\/\/www.cannabis.es\/pw\/wp-content\/uploads\/2019\/04\/cropped-logo_cannabis.png","contentUrl":"https:\/\/www.cannabis.es\/pw\/wp-content\/uploads\/2019\/04\/cropped-logo_cannabis.png","width":361,"height":120,"caption":"Cannabis.es"},"image":{"@id":"https:\/\/www.cannabis.es\/pw\/#\/schema\/logo\/image\/"},"sameAs":["https:\/\/x.com\/cannabis_es"]},{"@type":"Person","@id":"https:\/\/www.cannabis.es\/pw\/#\/schema\/person\/e2fbd204580cf4fe74c79b82bc447374","name":"Cannabis.es","image":{"@type":"ImageObject","inLanguage":"es","@id":"https:\/\/www.cannabis.es\/pw\/#\/schema\/person\/image\/","url":"https:\/\/secure.gravatar.com\/avatar\/4375b1eb6e272e2e48a4b8a8def52e5f208151f555bb5906da616906ee6dd2e8?s=96&d=mm&r=g","contentUrl":"https:\/\/secure.gravatar.com\/avatar\/4375b1eb6e272e2e48a4b8a8def52e5f208151f555bb5906da616906ee6dd2e8?s=96&d=mm&r=g","caption":"Cannabis.es"},"url":"https:\/\/www.cannabis.es\/pw\/author\/cannabis\/"}]}},"_links":{"self":[{"href":"https:\/\/www.cannabis.es\/pw\/wp-json\/wp\/v2\/posts\/4318","targetHints":{"allow":["GET"]}}],"collection":[{"href":"https:\/\/www.cannabis.es\/pw\/wp-json\/wp\/v2\/posts"}],"about":[{"href":"https:\/\/www.cannabis.es\/pw\/wp-json\/wp\/v2\/types\/post"}],"author":[{"embeddable":true,"href":"https:\/\/www.cannabis.es\/pw\/wp-json\/wp\/v2\/users\/1"}],"replies":[{"embeddable":true,"href":"https:\/\/www.cannabis.es\/pw\/wp-json\/wp\/v2\/comments?post=4318"}],"version-history":[{"count":1,"href":"https:\/\/www.cannabis.es\/pw\/wp-json\/wp\/v2\/posts\/4318\/revisions"}],"predecessor-version":[{"id":4320,"href":"https:\/\/www.cannabis.es\/pw\/wp-json\/wp\/v2\/posts\/4318\/revisions\/4320"}],"wp:featuredmedia":[{"embeddable":true,"href":"https:\/\/www.cannabis.es\/pw\/wp-json\/wp\/v2\/media\/4319"}],"wp:attachment":[{"href":"https:\/\/www.cannabis.es\/pw\/wp-json\/wp\/v2\/media?parent=4318"}],"wp:term":[{"taxonomy":"category","embeddable":true,"href":"https:\/\/www.cannabis.es\/pw\/wp-json\/wp\/v2\/categories?post=4318"},{"taxonomy":"post_tag","embeddable":true,"href":"https:\/\/www.cannabis.es\/pw\/wp-json\/wp\/v2\/tags?post=4318"}],"curies":[{"name":"wp","href":"https:\/\/api.w.org\/{rel}","templated":true}]}}