{"id":4327,"date":"2015-08-28T10:44:46","date_gmt":"2015-08-28T08:44:46","guid":{"rendered":"http:\/\/www.cannabis.es\/pw\/?p=4327"},"modified":"2020-06-07T16:13:20","modified_gmt":"2020-06-07T14:13:20","slug":"tierra-de-carteles","status":"publish","type":"post","link":"https:\/\/www.cannabis.es\/pw\/2015\/08\/28\/tierra-de-carteles\/","title":{"rendered":"Tierra de C\u00e1rteles"},"content":{"rendered":"\n<p>Por Guillermo Veira<\/p>\n\n\n\n<p><strong>Matthew Heineman<\/strong>&nbsp;es el director, productor y director de fotograf\u00eda de&nbsp;<strong>Cartel Land<\/strong>. Documental estrenado este 2015 en el Festival de Cine Independiente de Sundance y premiado en el mismo festival en la categor\u00eda de mejor director de documental y mejor director de fotograf\u00eda.<\/p>\n\n\n\n<hr class=\"wp-block-separator\"\/>\n\n\n\n<p>M\u00e1s all\u00e1 de su calidad cinematogr\u00e1fica la historia gira alrededor de dos personajes: el \u201cdoctor\u201d&nbsp;<strong>Jos\u00e9 Mireles<\/strong>, ex l\u00edder de las&nbsp;<strong>Autodefensas<\/strong>&nbsp;del estado mexicano de Michoac\u00e1n, y&nbsp;<strong>Tim \u201cNailer\u201d Foley<\/strong>, veterano de guerra estadounidense que encabeza un peque\u00f1o grupo paramilitar en la frontera sur de Estados Unidos. A trav\u00e9s de sus experiencias Heineman pone de manifiesto las medidas desesperadas que la poblaci\u00f3n civil toma, a un lado y otro de la frontera, para enfrentar a los todopoderosos c\u00e1rteles de la droga. Una obra que re\u00fane los elementos de la tragedia griega cl\u00e1sica: el pr\u00f3logo, episodios y \u00e9xodo, de una manera sublime llev\u00e1ndonos a experimentar a trav\u00e9s de sus personajes la compasi\u00f3n y el miedo de su irremediable destino.<\/p>\n\n\n\n<p>P\u00e1gina del documental:<strong>&nbsp;<a href=\"http:\/\/cartellandmovie.com\/\" target=\"_blank\" rel=\"noreferrer noopener\">http:\/\/cartellandmovie.com\/<\/a><\/strong><\/p>\n\n\n\n<p><strong>Pr\u00f3logo<\/strong><\/p>\n\n\n\n<p>\u201c<em><strong>\u00bfQu\u00e9 har\u00edas t\u00fa: esperar a que vinieran por ti o comprar una cosa de \u00e9stas (se\u00f1alando un rifle autom\u00e1tico) y defenderte&#8230; \u00bfQu\u00e9 har\u00edas t\u00fa?<\/strong><\/em>\u201d As\u00ed inicia su intervenci\u00f3n Jos\u00e9 Mireles, m\u00e9dico de un peque\u00f1o pueblo al oeste del estado de Michoac\u00e1n, uno de los estados hist\u00f3ricamente ligados al narcotr\u00e1fico y que despu\u00e9s de m\u00faltiples rupturas y mutaciones de los c\u00e1rteles hist\u00f3ricos, en el momento de empezar el documental, estaba controlado por el grupo \u201c<strong>los Caballeros Templarios<\/strong>\u201d. Mireles prosigue: \u201c<em><strong>El gobierno no proporciona las garant\u00edas de seguridad que el pueblo necesita. Nos podemos armar en leg\u00edtima defensa, de nuestras vidas, nuestras familias y nuestra prosperidad. A todos los sobrevivientes ya nos hicieron algo a nuestras familias: ya nos mataron a alguien, ya nos secuestraron a alguien, ya nos violaron a alguien. Lleg\u00f3 el momento en que nosotros decidimos nuestra forma de morir, peleando.<\/strong><\/em>\u201d La personalidad y el carisma de Mireles hicieron que las Autodefensas fueran conocidas y respetadas en el estado as\u00ed como en el resto de M\u00e9xico. Su f\u00edsico recuerda a uno de los h\u00e9roes de la historia de M\u00e9xico m\u00e1s queridos entre los humildes: don&nbsp;<strong>Emiliano Zapata<\/strong>. Su discurso emana de esa liturgia zapatista: \u201c<strong>malos gobiernos<\/strong>\u201d y \u201c<strong>al pueblo lo que es del pueblo<\/strong>\u201d, y una claridad y sencillez en sus palabras que hace que llegue a cualquier persona.<\/p>\n\n\n\n<p>Entrada de Mireles a pueblo de Churumusco y pl\u00e1tica con los pobladores<\/p>\n\n\n\n<p><strong>Episodios<\/strong><\/p>\n\n\n\n<p>En s\u00f3lo unos meses la organizaci\u00f3n gozaba de la simpat\u00eda de gran parte de la poblaci\u00f3n del estado. Nuevas regiones y pueblos se iban sumando a las&nbsp;<strong>Autodefensas<\/strong>, asumiendo las camisetas blancas (el primer uniforme de la organizaci\u00f3n) y combatiendo en la guerra abierta contra los \u201c<strong>Caballeros Templarios<\/strong>\u201d. Mientras el director acompa\u00f1a a una de las caravanas de las Autodefensas al pueblo de Apo para presentar su lucha y buscar nuevos aliados se encuentra uno de los momentos m\u00e1s cr\u00edticos de la producci\u00f3n. Con las Autodefensas armadas en la plaza aparecen los militares mexicanos exigiendo que entreguen las armas y deteniendo al jefe de la caravana. En cuesti\u00f3n de minutos el pueblo de Apo se organiza rodea a los militares y les obliga a devolver las armas a las Autodefensas y a que salgan del pueblo. Un escenario que se repiti\u00f3 en otros municipios y es el claro ejemplo del apoyo que lleg\u00f3 a tener entre la poblaci\u00f3n la nueva organizaci\u00f3n, tambi\u00e9n muestra el descr\u00e9dito que en todos estos a\u00f1os han cultivado los distintos cuerpos de seguridad oficiales de M\u00e9xico. En los primeros seis meses de su existencia las Autodefensas consiguieron controlar la tercera parte de uno de los estados m\u00e1s importantes de M\u00e9xico y poner contra las cuerdas la estructura del que fuera uno de los principales c\u00e1rteles a nivel nacional. Es en ese momento cuando el entonces l\u00edder de las Autodefensas, Jos\u00e9 Mireles, sufre un inesperado \u201caccidente\u201d a\u00e9reo.<\/p>\n\n\n\n<p>Noticia sobre pobladores reteniendo militares en el municipio de Buenavista<\/p>\n\n\n\n<p>Noticia sobre el accidente de Mireles<\/p>\n\n\n\n<p><br><strong>\u00c9xodo<\/strong><\/p>\n\n\n\n<p>Si bien pudo salvar la vida, el accidente apart\u00f3 a Mireles el tiempo suficiente de la primera l\u00ednea para que el gobierno hiciera su trabajo. En un giro de 180 grados, bajo la batuta de su nuevo l\u00edder,&nbsp;<strong>Estanislao Beltr\u00e1n<\/strong>, alias \u201c<strong>Papa Pitufo<\/strong>\u201d, la organizaci\u00f3n cambia su argumentaria y se al\u00eda con las fuerzas gubernamentales. Cuando Mireles vuelve a estar en activo ya es demasiado tarde:&nbsp;<em><strong>\u201cPens\u00e1bamos que ya hab\u00edamos logrado el cambio, que ya hab\u00edamos logrado eliminar al crimen organizado pero ahora resulta ahora resulta que las personas que se infiltraron y que usaron nuestra camiseta est\u00e1n formando su propio cartel (los llamados Viagras)<\/strong><\/em>\u201d. Sin realizar una sola detenci\u00f3n de los l\u00edderes de los \u201c<strong>Caballeros Templarios<\/strong>\u201d el gobierno mexicano anuncia la asimilaci\u00f3n de las Autodefensas como una nueva unidad estatal:&nbsp;<strong>la Fuerza Rural<\/strong>. \u201c<em><strong>Se quitan las camisetas de Autodefensa para ponerse la del gobierno, pero siguen siendo mafia, criminales.<\/strong><\/em>\u201d Heineman recoge en su documental una historia bien conocida por la mayor\u00eda de los mexicanos, y la convierte, en su di\u00e1logo con los grupos paramilitares que se empiezan a conformar en la frontera de Estados Unidos, en una tragedia cl\u00e1sica con una significativa diferencia de las griegas:&nbsp;<strong>la catarsis<\/strong>. Este elemento que justificaba la narraci\u00f3n de los hechos terribles para provocar el desahogo de las bajas pasiones en la audiencia desaparece del documental de Heineman.&nbsp;<strong>Cartel Land<\/strong>&nbsp;es una tragedia viva, presente y que se repite en una suma inasumible de dolores sin fin cada d\u00eda, no acaba al finalizar la obra, permanece y hace consciente al espectador de ello. \u201c<em><strong>Estamos atrapados en un tiempo en el que nadie hace un cambio. Todos hablan de cambio pero nadie lo hace. Siguen haciendo lo mismo, s\u00f3lo que parece diferente<\/strong><\/em>\u201d declara Mireles, en una de sus \u00faltimas apariciones en p\u00fablico. El 27 de junio, despu\u00e9s de varios intentos de asesinato frustrados, Mireles fue detenido junto a 69 personas acusados de posesi\u00f3n de armas y a d\u00eda de hoy permanece incomunicado en una prisi\u00f3n de m\u00e1xima seguridad en el estado mexicano de Sonora a la espera de juicio. Las Autodefensas que quedaron fieles a \u00e9l son ahora acusadas de formar parte del crimen organizado y est\u00e1n perseguidas.<strong>&nbsp;Cartel Land<\/strong>&nbsp;puede verse actualmente en salas de cine estadounidenses y esperamos que lleguen pr\u00f3ximamente a las pantallas europeas. Sin duda, es uno de los pocos documentos que nos permiten conocer, de forma veraz, la situaci\u00f3n que a d\u00eda de hoy vive M\u00e9xico en su cacareada \u201c<strong>guerra contra el narco<\/strong>\u201d.<\/p>\n\n\n\n<p>Una de las \u00faltimas entrevistas en medios de Mireles<\/p>\n\n\n\n<p>Noticia sobre Papa Pitufo como Fuerza Rural anunciando operativo contra Autodefensas<\/p>\n","protected":false},"excerpt":{"rendered":"<span class=\"span-reading-time rt-reading-time\" style=\"display: block;\"><span class=\"rt-label rt-prefix\">Tiempo de lectura:<\/span> <span class=\"rt-time\"> 4<\/span> <span class=\"rt-label rt-postfix\">minutos<\/span><\/span>Por Guillermo Veira Matthew Heineman&nbsp;es el director, productor y director de fotograf\u00eda de&nbsp;Cartel Land. Documental estrenado este 2015 en el Festival de Cine Independiente de Sundance y premiado en el mismo festival en la categor\u00eda de mejor director de documental y mejor director de fotograf\u00eda. M\u00e1s all\u00e1 de su calidad cinematogr\u00e1fica la historia gira alrededor [&hellip;]","protected":false},"author":1,"featured_media":4328,"comment_status":"closed","ping_status":"closed","sticky":false,"template":"","format":"standard","meta":{"loftocean-featured-post":"","loftocean_post_format_gallery":"","loftocean_post_format_gallery_ids":"","loftocean_post_format_gallery_urls":"","loftocean_post_format_video_id":"","loftocean_post_format_video_url":"","loftocean_post_format_video_type":"","loftocean_post_format_video":"","loftocean_post_format_audio_type":"","loftocean_post_format_audio_url":"","loftocean_post_format_audio_id":"","loftocean_post_format_audio":"","loftocean_post_format_quote_text":"","loftocean_post_format_quote_byline":"","loftocean_post_format_link_text":"","loftocean_post_format_link_url":"","ceramag_post_header_style":"","ceramag_enable_background_video":"","ceramag_show_in_top_slider":"","ceramag_post_background_video_start":"","ceramag_post_background_video_end":"","loftocean_page_background_video_id":"","loftocean_page_background_video_url":"","loftocean_page_background_video_type":"","loftocean_page_background_video":"","ceramag_background_video_start":"","ceramag_background_video_end":"","ceramag_single_page_hide_header":"","footnotes":""},"categories":[35],"tags":[393,798],"class_list":["post-4327","post","type-post","status-publish","format-standard","has-post-thumbnail","hentry","category-politica-y-sociedad","tag-mexico","tag-narcotrafico"],"yoast_head":"<!-- This site is optimized with the Yoast SEO plugin v24.9 - https:\/\/yoast.com\/wordpress\/plugins\/seo\/ -->\n<title>Tierra de C\u00e1rteles<\/title>\n<meta name=\"description\" content=\"Entrada &#8226; Portal multimedia sobre cannabis y otras sustancias &#8226; 28 agosto, 2015\" \/>\n<meta name=\"robots\" content=\"index, follow, max-snippet:-1, max-image-preview:large, max-video-preview:-1\" \/>\n<link rel=\"canonical\" href=\"https:\/\/www.cannabis.es\/pw\/2015\/08\/28\/tierra-de-carteles\/\" \/>\n<meta name=\"twitter:card\" content=\"summary_large_image\" \/>\n<meta name=\"twitter:title\" content=\"Tierra de C\u00e1rteles\" \/>\n<meta name=\"twitter:description\" content=\"Entrada &#8226; Portal multimedia sobre cannabis y otras sustancias &#8226; 28 agosto, 2015\" \/>\n<meta name=\"twitter:image\" content=\"https:\/\/www.cannabis.es\/pw\/wp-content\/uploads\/2020\/05\/cartel_land.jpg\" \/>\n<meta name=\"twitter:creator\" content=\"@cannabis_es\" \/>\n<meta name=\"twitter:site\" content=\"@cannabis_es\" \/>\n<meta name=\"twitter:label1\" content=\"Escrito por\" \/>\n\t<meta name=\"twitter:data1\" content=\"Cannabis.es\" \/>\n\t<meta name=\"twitter:label2\" content=\"Tiempo de lectura\" \/>\n\t<meta name=\"twitter:data2\" content=\"6 minutos\" \/>\n<script type=\"application\/ld+json\" class=\"yoast-schema-graph\">{\"@context\":\"https:\/\/schema.org\",\"@graph\":[{\"@type\":\"Article\",\"@id\":\"https:\/\/www.cannabis.es\/pw\/2015\/08\/28\/tierra-de-carteles\/#article\",\"isPartOf\":{\"@id\":\"https:\/\/www.cannabis.es\/pw\/2015\/08\/28\/tierra-de-carteles\/\"},\"author\":{\"name\":\"Cannabis.es\",\"@id\":\"https:\/\/www.cannabis.es\/pw\/#\/schema\/person\/e2fbd204580cf4fe74c79b82bc447374\"},\"headline\":\"Tierra de C\u00e1rteles\",\"datePublished\":\"2015-08-28T08:44:46+00:00\",\"dateModified\":\"2020-06-07T14:13:20+00:00\",\"mainEntityOfPage\":{\"@id\":\"https:\/\/www.cannabis.es\/pw\/2015\/08\/28\/tierra-de-carteles\/\"},\"wordCount\":1205,\"publisher\":{\"@id\":\"https:\/\/www.cannabis.es\/pw\/#organization\"},\"image\":{\"@id\":\"https:\/\/www.cannabis.es\/pw\/2015\/08\/28\/tierra-de-carteles\/#primaryimage\"},\"thumbnailUrl\":\"https:\/\/www.cannabis.es\/pw\/wp-content\/uploads\/2020\/05\/cartel_land.jpg\",\"keywords\":[\"m\u00e9xico\",\"narcotr\u00e1fico\"],\"articleSection\":[\"Pol\u00edtica y Sociedad\"],\"inLanguage\":\"es\"},{\"@type\":\"WebPage\",\"@id\":\"https:\/\/www.cannabis.es\/pw\/2015\/08\/28\/tierra-de-carteles\/\",\"url\":\"https:\/\/www.cannabis.es\/pw\/2015\/08\/28\/tierra-de-carteles\/\",\"name\":\"Tierra de C\u00e1rteles\",\"isPartOf\":{\"@id\":\"https:\/\/www.cannabis.es\/pw\/#website\"},\"primaryImageOfPage\":{\"@id\":\"https:\/\/www.cannabis.es\/pw\/2015\/08\/28\/tierra-de-carteles\/#primaryimage\"},\"image\":{\"@id\":\"https:\/\/www.cannabis.es\/pw\/2015\/08\/28\/tierra-de-carteles\/#primaryimage\"},\"thumbnailUrl\":\"https:\/\/www.cannabis.es\/pw\/wp-content\/uploads\/2020\/05\/cartel_land.jpg\",\"datePublished\":\"2015-08-28T08:44:46+00:00\",\"dateModified\":\"2020-06-07T14:13:20+00:00\",\"description\":\"Entrada &#8226; Portal multimedia sobre cannabis y otras sustancias &#8226; 28 agosto, 2015\",\"breadcrumb\":{\"@id\":\"https:\/\/www.cannabis.es\/pw\/2015\/08\/28\/tierra-de-carteles\/#breadcrumb\"},\"inLanguage\":\"es\",\"potentialAction\":[{\"@type\":\"ReadAction\",\"target\":[\"https:\/\/www.cannabis.es\/pw\/2015\/08\/28\/tierra-de-carteles\/\"]}]},{\"@type\":\"ImageObject\",\"inLanguage\":\"es\",\"@id\":\"https:\/\/www.cannabis.es\/pw\/2015\/08\/28\/tierra-de-carteles\/#primaryimage\",\"url\":\"https:\/\/www.cannabis.es\/pw\/wp-content\/uploads\/2020\/05\/cartel_land.jpg\",\"contentUrl\":\"https:\/\/www.cannabis.es\/pw\/wp-content\/uploads\/2020\/05\/cartel_land.jpg\",\"width\":959,\"height\":475},{\"@type\":\"BreadcrumbList\",\"@id\":\"https:\/\/www.cannabis.es\/pw\/2015\/08\/28\/tierra-de-carteles\/#breadcrumb\",\"itemListElement\":[{\"@type\":\"ListItem\",\"position\":1,\"name\":\"Portada\",\"item\":\"http:\/\/www.cannabis.es\/pw\/\"},{\"@type\":\"ListItem\",\"position\":2,\"name\":\"Tierra de C\u00e1rteles\"}]},{\"@type\":\"WebSite\",\"@id\":\"https:\/\/www.cannabis.es\/pw\/#website\",\"url\":\"https:\/\/www.cannabis.es\/pw\/\",\"name\":\"Cannabis\",\"description\":\"Portal multimedia sobre cannabis y otras sustancias\",\"publisher\":{\"@id\":\"https:\/\/www.cannabis.es\/pw\/#organization\"},\"potentialAction\":[{\"@type\":\"SearchAction\",\"target\":{\"@type\":\"EntryPoint\",\"urlTemplate\":\"https:\/\/www.cannabis.es\/pw\/?s={search_term_string}\"},\"query-input\":{\"@type\":\"PropertyValueSpecification\",\"valueRequired\":true,\"valueName\":\"search_term_string\"}}],\"inLanguage\":\"es\"},{\"@type\":\"Organization\",\"@id\":\"https:\/\/www.cannabis.es\/pw\/#organization\",\"name\":\"Cannabis.es\",\"url\":\"https:\/\/www.cannabis.es\/pw\/\",\"logo\":{\"@type\":\"ImageObject\",\"inLanguage\":\"es\",\"@id\":\"https:\/\/www.cannabis.es\/pw\/#\/schema\/logo\/image\/\",\"url\":\"https:\/\/www.cannabis.es\/pw\/wp-content\/uploads\/2019\/04\/cropped-logo_cannabis.png\",\"contentUrl\":\"https:\/\/www.cannabis.es\/pw\/wp-content\/uploads\/2019\/04\/cropped-logo_cannabis.png\",\"width\":361,\"height\":120,\"caption\":\"Cannabis.es\"},\"image\":{\"@id\":\"https:\/\/www.cannabis.es\/pw\/#\/schema\/logo\/image\/\"},\"sameAs\":[\"https:\/\/x.com\/cannabis_es\"]},{\"@type\":\"Person\",\"@id\":\"https:\/\/www.cannabis.es\/pw\/#\/schema\/person\/e2fbd204580cf4fe74c79b82bc447374\",\"name\":\"Cannabis.es\",\"image\":{\"@type\":\"ImageObject\",\"inLanguage\":\"es\",\"@id\":\"https:\/\/www.cannabis.es\/pw\/#\/schema\/person\/image\/\",\"url\":\"https:\/\/secure.gravatar.com\/avatar\/4375b1eb6e272e2e48a4b8a8def52e5f208151f555bb5906da616906ee6dd2e8?s=96&d=mm&r=g\",\"contentUrl\":\"https:\/\/secure.gravatar.com\/avatar\/4375b1eb6e272e2e48a4b8a8def52e5f208151f555bb5906da616906ee6dd2e8?s=96&d=mm&r=g\",\"caption\":\"Cannabis.es\"},\"url\":\"https:\/\/www.cannabis.es\/pw\/author\/cannabis\/\"}]}<\/script>\n<!-- \/ Yoast SEO plugin. -->","yoast_head_json":{"title":"Tierra de C\u00e1rteles","description":"Entrada &#8226; Portal multimedia sobre cannabis y otras sustancias &#8226; 28 agosto, 2015","robots":{"index":"index","follow":"follow","max-snippet":"max-snippet:-1","max-image-preview":"max-image-preview:large","max-video-preview":"max-video-preview:-1"},"canonical":"https:\/\/www.cannabis.es\/pw\/2015\/08\/28\/tierra-de-carteles\/","twitter_card":"summary_large_image","twitter_title":"Tierra de C\u00e1rteles","twitter_description":"Entrada &#8226; Portal multimedia sobre cannabis y otras sustancias &#8226; 28 agosto, 2015","twitter_image":"https:\/\/www.cannabis.es\/pw\/wp-content\/uploads\/2020\/05\/cartel_land.jpg","twitter_creator":"@cannabis_es","twitter_site":"@cannabis_es","twitter_misc":{"Escrito por":"Cannabis.es","Tiempo de lectura":"6 minutos"},"schema":{"@context":"https:\/\/schema.org","@graph":[{"@type":"Article","@id":"https:\/\/www.cannabis.es\/pw\/2015\/08\/28\/tierra-de-carteles\/#article","isPartOf":{"@id":"https:\/\/www.cannabis.es\/pw\/2015\/08\/28\/tierra-de-carteles\/"},"author":{"name":"Cannabis.es","@id":"https:\/\/www.cannabis.es\/pw\/#\/schema\/person\/e2fbd204580cf4fe74c79b82bc447374"},"headline":"Tierra de C\u00e1rteles","datePublished":"2015-08-28T08:44:46+00:00","dateModified":"2020-06-07T14:13:20+00:00","mainEntityOfPage":{"@id":"https:\/\/www.cannabis.es\/pw\/2015\/08\/28\/tierra-de-carteles\/"},"wordCount":1205,"publisher":{"@id":"https:\/\/www.cannabis.es\/pw\/#organization"},"image":{"@id":"https:\/\/www.cannabis.es\/pw\/2015\/08\/28\/tierra-de-carteles\/#primaryimage"},"thumbnailUrl":"https:\/\/www.cannabis.es\/pw\/wp-content\/uploads\/2020\/05\/cartel_land.jpg","keywords":["m\u00e9xico","narcotr\u00e1fico"],"articleSection":["Pol\u00edtica y Sociedad"],"inLanguage":"es"},{"@type":"WebPage","@id":"https:\/\/www.cannabis.es\/pw\/2015\/08\/28\/tierra-de-carteles\/","url":"https:\/\/www.cannabis.es\/pw\/2015\/08\/28\/tierra-de-carteles\/","name":"Tierra de C\u00e1rteles","isPartOf":{"@id":"https:\/\/www.cannabis.es\/pw\/#website"},"primaryImageOfPage":{"@id":"https:\/\/www.cannabis.es\/pw\/2015\/08\/28\/tierra-de-carteles\/#primaryimage"},"image":{"@id":"https:\/\/www.cannabis.es\/pw\/2015\/08\/28\/tierra-de-carteles\/#primaryimage"},"thumbnailUrl":"https:\/\/www.cannabis.es\/pw\/wp-content\/uploads\/2020\/05\/cartel_land.jpg","datePublished":"2015-08-28T08:44:46+00:00","dateModified":"2020-06-07T14:13:20+00:00","description":"Entrada &#8226; Portal multimedia sobre cannabis y otras sustancias &#8226; 28 agosto, 2015","breadcrumb":{"@id":"https:\/\/www.cannabis.es\/pw\/2015\/08\/28\/tierra-de-carteles\/#breadcrumb"},"inLanguage":"es","potentialAction":[{"@type":"ReadAction","target":["https:\/\/www.cannabis.es\/pw\/2015\/08\/28\/tierra-de-carteles\/"]}]},{"@type":"ImageObject","inLanguage":"es","@id":"https:\/\/www.cannabis.es\/pw\/2015\/08\/28\/tierra-de-carteles\/#primaryimage","url":"https:\/\/www.cannabis.es\/pw\/wp-content\/uploads\/2020\/05\/cartel_land.jpg","contentUrl":"https:\/\/www.cannabis.es\/pw\/wp-content\/uploads\/2020\/05\/cartel_land.jpg","width":959,"height":475},{"@type":"BreadcrumbList","@id":"https:\/\/www.cannabis.es\/pw\/2015\/08\/28\/tierra-de-carteles\/#breadcrumb","itemListElement":[{"@type":"ListItem","position":1,"name":"Portada","item":"http:\/\/www.cannabis.es\/pw\/"},{"@type":"ListItem","position":2,"name":"Tierra de C\u00e1rteles"}]},{"@type":"WebSite","@id":"https:\/\/www.cannabis.es\/pw\/#website","url":"https:\/\/www.cannabis.es\/pw\/","name":"Cannabis","description":"Portal multimedia sobre cannabis y otras sustancias","publisher":{"@id":"https:\/\/www.cannabis.es\/pw\/#organization"},"potentialAction":[{"@type":"SearchAction","target":{"@type":"EntryPoint","urlTemplate":"https:\/\/www.cannabis.es\/pw\/?s={search_term_string}"},"query-input":{"@type":"PropertyValueSpecification","valueRequired":true,"valueName":"search_term_string"}}],"inLanguage":"es"},{"@type":"Organization","@id":"https:\/\/www.cannabis.es\/pw\/#organization","name":"Cannabis.es","url":"https:\/\/www.cannabis.es\/pw\/","logo":{"@type":"ImageObject","inLanguage":"es","@id":"https:\/\/www.cannabis.es\/pw\/#\/schema\/logo\/image\/","url":"https:\/\/www.cannabis.es\/pw\/wp-content\/uploads\/2019\/04\/cropped-logo_cannabis.png","contentUrl":"https:\/\/www.cannabis.es\/pw\/wp-content\/uploads\/2019\/04\/cropped-logo_cannabis.png","width":361,"height":120,"caption":"Cannabis.es"},"image":{"@id":"https:\/\/www.cannabis.es\/pw\/#\/schema\/logo\/image\/"},"sameAs":["https:\/\/x.com\/cannabis_es"]},{"@type":"Person","@id":"https:\/\/www.cannabis.es\/pw\/#\/schema\/person\/e2fbd204580cf4fe74c79b82bc447374","name":"Cannabis.es","image":{"@type":"ImageObject","inLanguage":"es","@id":"https:\/\/www.cannabis.es\/pw\/#\/schema\/person\/image\/","url":"https:\/\/secure.gravatar.com\/avatar\/4375b1eb6e272e2e48a4b8a8def52e5f208151f555bb5906da616906ee6dd2e8?s=96&d=mm&r=g","contentUrl":"https:\/\/secure.gravatar.com\/avatar\/4375b1eb6e272e2e48a4b8a8def52e5f208151f555bb5906da616906ee6dd2e8?s=96&d=mm&r=g","caption":"Cannabis.es"},"url":"https:\/\/www.cannabis.es\/pw\/author\/cannabis\/"}]}},"_links":{"self":[{"href":"https:\/\/www.cannabis.es\/pw\/wp-json\/wp\/v2\/posts\/4327","targetHints":{"allow":["GET"]}}],"collection":[{"href":"https:\/\/www.cannabis.es\/pw\/wp-json\/wp\/v2\/posts"}],"about":[{"href":"https:\/\/www.cannabis.es\/pw\/wp-json\/wp\/v2\/types\/post"}],"author":[{"embeddable":true,"href":"https:\/\/www.cannabis.es\/pw\/wp-json\/wp\/v2\/users\/1"}],"replies":[{"embeddable":true,"href":"https:\/\/www.cannabis.es\/pw\/wp-json\/wp\/v2\/comments?post=4327"}],"version-history":[{"count":2,"href":"https:\/\/www.cannabis.es\/pw\/wp-json\/wp\/v2\/posts\/4327\/revisions"}],"predecessor-version":[{"id":5405,"href":"https:\/\/www.cannabis.es\/pw\/wp-json\/wp\/v2\/posts\/4327\/revisions\/5405"}],"wp:featuredmedia":[{"embeddable":true,"href":"https:\/\/www.cannabis.es\/pw\/wp-json\/wp\/v2\/media\/4328"}],"wp:attachment":[{"href":"https:\/\/www.cannabis.es\/pw\/wp-json\/wp\/v2\/media?parent=4327"}],"wp:term":[{"taxonomy":"category","embeddable":true,"href":"https:\/\/www.cannabis.es\/pw\/wp-json\/wp\/v2\/categories?post=4327"},{"taxonomy":"post_tag","embeddable":true,"href":"https:\/\/www.cannabis.es\/pw\/wp-json\/wp\/v2\/tags?post=4327"}],"curies":[{"name":"wp","href":"https:\/\/api.w.org\/{rel}","templated":true}]}}