{"id":4333,"date":"2015-08-27T10:46:49","date_gmt":"2015-08-27T08:46:49","guid":{"rendered":"http:\/\/www.cannabis.es\/pw\/?p=4333"},"modified":"2020-05-26T10:47:48","modified_gmt":"2020-05-26T08:47:48","slug":"expogrow-2015","status":"publish","type":"post","link":"https:\/\/www.cannabis.es\/pw\/2015\/08\/27\/expogrow-2015\/","title":{"rendered":"Expogrow 2015"},"content":{"rendered":"\n<p>Queda muy poco para la celebraci\u00f3n de una nueva edici\u00f3n de<strong>&nbsp;Expogrow<\/strong>&nbsp;en Ir\u00fan, una de las ferias m\u00e1s importantes del panorama cann\u00e1bico en nuestro pa\u00eds, y tambi\u00e9n del de nuestros vecinos franceses.<\/p>\n\n\n\n<hr class=\"wp-block-separator\"\/>\n\n\n\n<p>Ser\u00e1 el fin de semana&nbsp;<strong>del 11 al 13 de Septiembre<\/strong>&nbsp;en el recinto ferial de&nbsp;<a href=\"http:\/\/www.ficoba.org\/\" target=\"_blank\" rel=\"noreferrer noopener\"><strong>Ficoba<\/strong><\/a>, y adem\u00e1s del apartado puramente \u2018comercial\u2019 del encuentro (que reunir\u00e1 a m\u00e1s de 100 empresas, marcas y profesionales del sector), el programa paralelo de actividades es muy atractivo.<\/p>\n\n\n\n<p>Empezando por la m\u00fasica y el ocio, ya que la Feria Cann\u00e1bica de Ir\u00fan contar\u00e1 con un escenario por el que desfilar\u00e1n gran cantidad de artistas de gran calibre como los jamaicanos&nbsp;<strong><a href=\"http:\/\/thirdworldband.com\/\" target=\"_blank\" rel=\"noreferrer noopener\">Third World<\/a><\/strong>,&nbsp;<a href=\"http:\/\/flaviacoelhomusic.com\/\" target=\"_blank\" rel=\"noreferrer noopener\"><strong>Flavia Coelho<\/strong><\/a>&nbsp;desde Brasil, los franceses&nbsp;<a href=\"http:\/\/collectif13.com\/\" target=\"_blank\" rel=\"noreferrer noopener\"><strong>Collectif 13<\/strong><\/a>&nbsp;y tambi\u00e9n grandes nombres del panorama musical nacional como&nbsp;<strong>Fyahbwoy<\/strong>&nbsp;entre muchos otros, para animar el cotarro durante los tres d\u00edas de duraci\u00f3n de la feria, que como ya viene siendo tradici\u00f3n, tambi\u00e9n acoger\u00e1 exhibiciones de&nbsp;<a href=\"http:\/\/www.herrikirolak.biz\/\" target=\"_blank\" rel=\"noreferrer noopener\"><strong>Herri Kirolak<\/strong><\/a>&nbsp;(deporte vasco rural), o de&nbsp;<a href=\"https:\/\/es.wikipedia.org\/wiki\/Slackline\" target=\"_blank\" rel=\"noreferrer noopener\"><strong>Slackline<\/strong><\/a>.<\/p>\n\n\n\n<p>Tambi\u00e9n se celebrar\u00e1, por primera vez en nuestro pa\u00eds, una competici\u00f3n de sopladores de vidrio llamada&nbsp;<strong>Flame Off<\/strong>. Se trata de una competici\u00f3n en la que un un n\u00famero determinado de sopladores de vidrio tienen un tiempo concreto para la creaci\u00f3n de una pieza funcional como por ejemplo, un bong, una pipa, una pipa cuchara, un Sherlock o un rig. Todo un espect\u00e1culo que contar\u00e1 con la participaci\u00f3n de 10 de los mejores artesanos del vidrio de nuestro pa\u00eds y de toda Europa.<\/p>\n\n\n\n<p>Y c\u00f3mo no, la ansiada<strong>&nbsp;IV Copa Cann\u00e1bica<\/strong>&nbsp;de&nbsp;<strong>Expogrow<\/strong>&nbsp;que premiar\u00e1 las mejores variedades presentadas a la cata.<\/p>\n\n\n\n<p>Pero si hay algo que nos gustar\u00eda recalcar de la pr\u00f3xima edici\u00f3n de&nbsp;<strong>Expogrow<\/strong>, es el<strong>&nbsp;IV Foro Social Internacional de Cannabis<\/strong>, organizado por&nbsp;<a href=\"http:\/\/www.fundacionrenovatio.com\/\" target=\"_blank\" rel=\"noreferrer noopener\"><strong>Fundaci\u00f3n Renovatio<\/strong><\/a>&nbsp;y patrocinado por la&nbsp;<a href=\"http:\/\/alchimiaweb.org\/es\/\" target=\"_blank\" rel=\"noreferrer noopener\"><strong>Fundaci\u00f3n Alchimia Solidaria<\/strong><\/a>, que reunir\u00e1 a destacadas figuras del panorama cann\u00e1bico internacional entorno a diversos encuentros, ponencias y coloquios los d\u00edas 11 y 12 de Septiembre en el Auditorio de Ficoba.<\/p>\n\n\n\n<p>El programa del foro, que ser\u00e1 de acceso gratuito, agrupa un interesant\u00edsimo elenco de activistas, profesionales y expertos en diversos campos que nos expondr\u00e1n, desde sus vivencias y experiencias individuales, una visi\u00f3n de la situaci\u00f3n global de nuestro amado cannabis, con la intenci\u00f3n de generar una reflexi\u00f3n, tan necesaria para el futuro de la cultura cann\u00e1bica.<\/p>\n\n\n\n<p>Se abordar\u00e1n temas esenciales como la reducci\u00f3n de da\u00f1os, las pol\u00edticas de drogas en el mundo y sus importantes cambios a nivel global, de los que estamos siendo testigos \u00faltimamente. Tambi\u00e9n se expondr\u00e1n las propuestas para una regulaci\u00f3n responsable del cannabis que est\u00e1n surgiendo en nuestro pa\u00eds, siempre con la mirada puesta en otros lugares con la esperanza de que podamos aprender algo de ellos.<\/p>\n\n\n\n<p>Entre la lista de invitados destacan nombres tan prestigiosos como el de la especialista mexicana&nbsp;<strong>Lisa Marie S\u00e1nchez<\/strong>, la soci\u00f3loga francesa&nbsp;<strong>Anne Coppel<\/strong>, la periodista y activista alaske\u00f1a&nbsp;<strong>Charlo Greene<\/strong>, el norteamericano&nbsp;<strong>Ethan Nadelmann<\/strong>, asesor de la pol\u00edtica de drogas de George Soros, y el psic\u00f3logo uruguayo&nbsp;<strong>Augusto Vitale<\/strong>. Entre muchos otros nombres reconocidos del mundo cann\u00e1bico. Todo un lujo\u2026<\/p>\n\n\n\n<p>Puedes consultar la programaci\u00f3n completa de las ponencias as\u00ed como la lista \u00edntegra de los invitados que participar\u00e1n en ellas&nbsp;<a href=\"http:\/\/expogrow.net\/2015\/iv-foro-social-e-internacional-del-cannabis\/\" target=\"_blank\" rel=\"noreferrer noopener\"><strong>aqu\u00ed<\/strong><\/a>.&nbsp;<\/p>\n\n\n\n<p>En definitiva, la cuarta edici\u00f3n de<strong>&nbsp;Expogrow<\/strong>&nbsp;promete ser un fin de semana repleto de cultura, diversi\u00f3n y sobre todo buenos humos.<\/p>\n\n\n\n<p>{youtube}iUeAa3_y_lY{\/youtube}<\/p>\n\n\n\n<figure class=\"wp-block-image\"><a href=\"http:\/\/expogrow.net\/\" target=\"_blank\" rel=\"noreferrer noopener\"><img decoding=\"async\" src=\"https:\/\/www.cannabis.es\/web\/images\/expogrow2015_cartel.jpg\" alt=\"expogrow2015 cartel\"\/><\/a><\/figure>\n","protected":false},"excerpt":{"rendered":"<span class=\"span-reading-time rt-reading-time\" style=\"display: block;\"><span class=\"rt-label rt-prefix\">Tiempo de lectura:<\/span> <span class=\"rt-time\"> 2<\/span> <span class=\"rt-label rt-postfix\">minutos<\/span><\/span>Queda muy poco para la celebraci\u00f3n de una nueva edici\u00f3n de&nbsp;Expogrow&nbsp;en Ir\u00fan, una de las ferias m\u00e1s importantes del panorama cann\u00e1bico en nuestro pa\u00eds, y tambi\u00e9n del de nuestros vecinos franceses. Ser\u00e1 el fin de semana&nbsp;del 11 al 13 de Septiembre&nbsp;en el recinto ferial de&nbsp;Ficoba, y adem\u00e1s del apartado puramente \u2018comercial\u2019 del encuentro (que reunir\u00e1 [&hellip;]","protected":false},"author":1,"featured_media":4334,"comment_status":"closed","ping_status":"closed","sticky":false,"template":"","format":"standard","meta":{"loftocean-featured-post":"","loftocean_post_format_gallery":"","loftocean_post_format_gallery_ids":"","loftocean_post_format_gallery_urls":"","loftocean_post_format_video_id":"","loftocean_post_format_video_url":"","loftocean_post_format_video_type":"","loftocean_post_format_video":"","loftocean_post_format_audio_type":"","loftocean_post_format_audio_url":"","loftocean_post_format_audio_id":"","loftocean_post_format_audio":"","loftocean_post_format_quote_text":"","loftocean_post_format_quote_byline":"","loftocean_post_format_link_text":"","loftocean_post_format_link_url":"","ceramag_post_header_style":"","ceramag_enable_background_video":"","ceramag_show_in_top_slider":"","ceramag_post_background_video_start":"","ceramag_post_background_video_end":"","loftocean_page_background_video_id":"","loftocean_page_background_video_url":"","loftocean_page_background_video_type":"","loftocean_page_background_video":"","ceramag_background_video_start":"","ceramag_background_video_end":"","ceramag_single_page_hide_header":"","footnotes":""},"categories":[35],"tags":[41],"class_list":["post-4333","post","type-post","status-publish","format-standard","has-post-thumbnail","hentry","category-politica-y-sociedad","tag-cannabis"],"yoast_head":"<!-- This site is optimized with the Yoast SEO plugin v24.9 - https:\/\/yoast.com\/wordpress\/plugins\/seo\/ -->\n<title>Expogrow 2015<\/title>\n<meta name=\"description\" content=\"Entrada &#8226; Portal multimedia sobre cannabis y otras sustancias &#8226; 27 agosto, 2015\" \/>\n<meta name=\"robots\" content=\"index, follow, max-snippet:-1, max-image-preview:large, max-video-preview:-1\" \/>\n<link rel=\"canonical\" href=\"https:\/\/www.cannabis.es\/pw\/2015\/08\/27\/expogrow-2015\/\" \/>\n<meta name=\"twitter:card\" content=\"summary_large_image\" \/>\n<meta name=\"twitter:title\" content=\"Expogrow 2015\" \/>\n<meta name=\"twitter:description\" content=\"Entrada &#8226; Portal multimedia sobre cannabis y otras sustancias &#8226; 27 agosto, 2015\" \/>\n<meta name=\"twitter:image\" content=\"https:\/\/www.cannabis.es\/pw\/wp-content\/uploads\/2020\/05\/expogrow2015.jpg\" \/>\n<meta name=\"twitter:creator\" content=\"@cannabis_es\" \/>\n<meta name=\"twitter:site\" content=\"@cannabis_es\" \/>\n<meta name=\"twitter:label1\" content=\"Escrito por\" \/>\n\t<meta name=\"twitter:data1\" content=\"Cannabis.es\" \/>\n\t<meta name=\"twitter:label2\" content=\"Tiempo de lectura\" \/>\n\t<meta name=\"twitter:data2\" content=\"3 minutos\" \/>\n<script type=\"application\/ld+json\" class=\"yoast-schema-graph\">{\"@context\":\"https:\/\/schema.org\",\"@graph\":[{\"@type\":\"Article\",\"@id\":\"https:\/\/www.cannabis.es\/pw\/2015\/08\/27\/expogrow-2015\/#article\",\"isPartOf\":{\"@id\":\"https:\/\/www.cannabis.es\/pw\/2015\/08\/27\/expogrow-2015\/\"},\"author\":{\"name\":\"Cannabis.es\",\"@id\":\"https:\/\/www.cannabis.es\/pw\/#\/schema\/person\/e2fbd204580cf4fe74c79b82bc447374\"},\"headline\":\"Expogrow 2015\",\"datePublished\":\"2015-08-27T08:46:49+00:00\",\"dateModified\":\"2020-05-26T08:47:48+00:00\",\"mainEntityOfPage\":{\"@id\":\"https:\/\/www.cannabis.es\/pw\/2015\/08\/27\/expogrow-2015\/\"},\"wordCount\":646,\"publisher\":{\"@id\":\"https:\/\/www.cannabis.es\/pw\/#organization\"},\"image\":{\"@id\":\"https:\/\/www.cannabis.es\/pw\/2015\/08\/27\/expogrow-2015\/#primaryimage\"},\"thumbnailUrl\":\"https:\/\/www.cannabis.es\/pw\/wp-content\/uploads\/2020\/05\/expogrow2015.jpg\",\"keywords\":[\"cannabis\"],\"articleSection\":[\"Pol\u00edtica y Sociedad\"],\"inLanguage\":\"es\"},{\"@type\":\"WebPage\",\"@id\":\"https:\/\/www.cannabis.es\/pw\/2015\/08\/27\/expogrow-2015\/\",\"url\":\"https:\/\/www.cannabis.es\/pw\/2015\/08\/27\/expogrow-2015\/\",\"name\":\"Expogrow 2015\",\"isPartOf\":{\"@id\":\"https:\/\/www.cannabis.es\/pw\/#website\"},\"primaryImageOfPage\":{\"@id\":\"https:\/\/www.cannabis.es\/pw\/2015\/08\/27\/expogrow-2015\/#primaryimage\"},\"image\":{\"@id\":\"https:\/\/www.cannabis.es\/pw\/2015\/08\/27\/expogrow-2015\/#primaryimage\"},\"thumbnailUrl\":\"https:\/\/www.cannabis.es\/pw\/wp-content\/uploads\/2020\/05\/expogrow2015.jpg\",\"datePublished\":\"2015-08-27T08:46:49+00:00\",\"dateModified\":\"2020-05-26T08:47:48+00:00\",\"description\":\"Entrada &#8226; Portal multimedia sobre cannabis y otras sustancias &#8226; 27 agosto, 2015\",\"breadcrumb\":{\"@id\":\"https:\/\/www.cannabis.es\/pw\/2015\/08\/27\/expogrow-2015\/#breadcrumb\"},\"inLanguage\":\"es\",\"potentialAction\":[{\"@type\":\"ReadAction\",\"target\":[\"https:\/\/www.cannabis.es\/pw\/2015\/08\/27\/expogrow-2015\/\"]}]},{\"@type\":\"ImageObject\",\"inLanguage\":\"es\",\"@id\":\"https:\/\/www.cannabis.es\/pw\/2015\/08\/27\/expogrow-2015\/#primaryimage\",\"url\":\"https:\/\/www.cannabis.es\/pw\/wp-content\/uploads\/2020\/05\/expogrow2015.jpg\",\"contentUrl\":\"https:\/\/www.cannabis.es\/pw\/wp-content\/uploads\/2020\/05\/expogrow2015.jpg\",\"width\":959,\"height\":475},{\"@type\":\"BreadcrumbList\",\"@id\":\"https:\/\/www.cannabis.es\/pw\/2015\/08\/27\/expogrow-2015\/#breadcrumb\",\"itemListElement\":[{\"@type\":\"ListItem\",\"position\":1,\"name\":\"Portada\",\"item\":\"http:\/\/www.cannabis.es\/pw\/\"},{\"@type\":\"ListItem\",\"position\":2,\"name\":\"Expogrow 2015\"}]},{\"@type\":\"WebSite\",\"@id\":\"https:\/\/www.cannabis.es\/pw\/#website\",\"url\":\"https:\/\/www.cannabis.es\/pw\/\",\"name\":\"Cannabis\",\"description\":\"Portal multimedia sobre cannabis y otras sustancias\",\"publisher\":{\"@id\":\"https:\/\/www.cannabis.es\/pw\/#organization\"},\"potentialAction\":[{\"@type\":\"SearchAction\",\"target\":{\"@type\":\"EntryPoint\",\"urlTemplate\":\"https:\/\/www.cannabis.es\/pw\/?s={search_term_string}\"},\"query-input\":{\"@type\":\"PropertyValueSpecification\",\"valueRequired\":true,\"valueName\":\"search_term_string\"}}],\"inLanguage\":\"es\"},{\"@type\":\"Organization\",\"@id\":\"https:\/\/www.cannabis.es\/pw\/#organization\",\"name\":\"Cannabis.es\",\"url\":\"https:\/\/www.cannabis.es\/pw\/\",\"logo\":{\"@type\":\"ImageObject\",\"inLanguage\":\"es\",\"@id\":\"https:\/\/www.cannabis.es\/pw\/#\/schema\/logo\/image\/\",\"url\":\"https:\/\/www.cannabis.es\/pw\/wp-content\/uploads\/2019\/04\/cropped-logo_cannabis.png\",\"contentUrl\":\"https:\/\/www.cannabis.es\/pw\/wp-content\/uploads\/2019\/04\/cropped-logo_cannabis.png\",\"width\":361,\"height\":120,\"caption\":\"Cannabis.es\"},\"image\":{\"@id\":\"https:\/\/www.cannabis.es\/pw\/#\/schema\/logo\/image\/\"},\"sameAs\":[\"https:\/\/x.com\/cannabis_es\"]},{\"@type\":\"Person\",\"@id\":\"https:\/\/www.cannabis.es\/pw\/#\/schema\/person\/e2fbd204580cf4fe74c79b82bc447374\",\"name\":\"Cannabis.es\",\"image\":{\"@type\":\"ImageObject\",\"inLanguage\":\"es\",\"@id\":\"https:\/\/www.cannabis.es\/pw\/#\/schema\/person\/image\/\",\"url\":\"https:\/\/secure.gravatar.com\/avatar\/4375b1eb6e272e2e48a4b8a8def52e5f208151f555bb5906da616906ee6dd2e8?s=96&d=mm&r=g\",\"contentUrl\":\"https:\/\/secure.gravatar.com\/avatar\/4375b1eb6e272e2e48a4b8a8def52e5f208151f555bb5906da616906ee6dd2e8?s=96&d=mm&r=g\",\"caption\":\"Cannabis.es\"},\"url\":\"https:\/\/www.cannabis.es\/pw\/author\/cannabis\/\"}]}<\/script>\n<!-- \/ Yoast SEO plugin. -->","yoast_head_json":{"title":"Expogrow 2015","description":"Entrada &#8226; Portal multimedia sobre cannabis y otras sustancias &#8226; 27 agosto, 2015","robots":{"index":"index","follow":"follow","max-snippet":"max-snippet:-1","max-image-preview":"max-image-preview:large","max-video-preview":"max-video-preview:-1"},"canonical":"https:\/\/www.cannabis.es\/pw\/2015\/08\/27\/expogrow-2015\/","twitter_card":"summary_large_image","twitter_title":"Expogrow 2015","twitter_description":"Entrada &#8226; Portal multimedia sobre cannabis y otras sustancias &#8226; 27 agosto, 2015","twitter_image":"https:\/\/www.cannabis.es\/pw\/wp-content\/uploads\/2020\/05\/expogrow2015.jpg","twitter_creator":"@cannabis_es","twitter_site":"@cannabis_es","twitter_misc":{"Escrito por":"Cannabis.es","Tiempo de lectura":"3 minutos"},"schema":{"@context":"https:\/\/schema.org","@graph":[{"@type":"Article","@id":"https:\/\/www.cannabis.es\/pw\/2015\/08\/27\/expogrow-2015\/#article","isPartOf":{"@id":"https:\/\/www.cannabis.es\/pw\/2015\/08\/27\/expogrow-2015\/"},"author":{"name":"Cannabis.es","@id":"https:\/\/www.cannabis.es\/pw\/#\/schema\/person\/e2fbd204580cf4fe74c79b82bc447374"},"headline":"Expogrow 2015","datePublished":"2015-08-27T08:46:49+00:00","dateModified":"2020-05-26T08:47:48+00:00","mainEntityOfPage":{"@id":"https:\/\/www.cannabis.es\/pw\/2015\/08\/27\/expogrow-2015\/"},"wordCount":646,"publisher":{"@id":"https:\/\/www.cannabis.es\/pw\/#organization"},"image":{"@id":"https:\/\/www.cannabis.es\/pw\/2015\/08\/27\/expogrow-2015\/#primaryimage"},"thumbnailUrl":"https:\/\/www.cannabis.es\/pw\/wp-content\/uploads\/2020\/05\/expogrow2015.jpg","keywords":["cannabis"],"articleSection":["Pol\u00edtica y Sociedad"],"inLanguage":"es"},{"@type":"WebPage","@id":"https:\/\/www.cannabis.es\/pw\/2015\/08\/27\/expogrow-2015\/","url":"https:\/\/www.cannabis.es\/pw\/2015\/08\/27\/expogrow-2015\/","name":"Expogrow 2015","isPartOf":{"@id":"https:\/\/www.cannabis.es\/pw\/#website"},"primaryImageOfPage":{"@id":"https:\/\/www.cannabis.es\/pw\/2015\/08\/27\/expogrow-2015\/#primaryimage"},"image":{"@id":"https:\/\/www.cannabis.es\/pw\/2015\/08\/27\/expogrow-2015\/#primaryimage"},"thumbnailUrl":"https:\/\/www.cannabis.es\/pw\/wp-content\/uploads\/2020\/05\/expogrow2015.jpg","datePublished":"2015-08-27T08:46:49+00:00","dateModified":"2020-05-26T08:47:48+00:00","description":"Entrada &#8226; Portal multimedia sobre cannabis y otras sustancias &#8226; 27 agosto, 2015","breadcrumb":{"@id":"https:\/\/www.cannabis.es\/pw\/2015\/08\/27\/expogrow-2015\/#breadcrumb"},"inLanguage":"es","potentialAction":[{"@type":"ReadAction","target":["https:\/\/www.cannabis.es\/pw\/2015\/08\/27\/expogrow-2015\/"]}]},{"@type":"ImageObject","inLanguage":"es","@id":"https:\/\/www.cannabis.es\/pw\/2015\/08\/27\/expogrow-2015\/#primaryimage","url":"https:\/\/www.cannabis.es\/pw\/wp-content\/uploads\/2020\/05\/expogrow2015.jpg","contentUrl":"https:\/\/www.cannabis.es\/pw\/wp-content\/uploads\/2020\/05\/expogrow2015.jpg","width":959,"height":475},{"@type":"BreadcrumbList","@id":"https:\/\/www.cannabis.es\/pw\/2015\/08\/27\/expogrow-2015\/#breadcrumb","itemListElement":[{"@type":"ListItem","position":1,"name":"Portada","item":"http:\/\/www.cannabis.es\/pw\/"},{"@type":"ListItem","position":2,"name":"Expogrow 2015"}]},{"@type":"WebSite","@id":"https:\/\/www.cannabis.es\/pw\/#website","url":"https:\/\/www.cannabis.es\/pw\/","name":"Cannabis","description":"Portal multimedia sobre cannabis y otras sustancias","publisher":{"@id":"https:\/\/www.cannabis.es\/pw\/#organization"},"potentialAction":[{"@type":"SearchAction","target":{"@type":"EntryPoint","urlTemplate":"https:\/\/www.cannabis.es\/pw\/?s={search_term_string}"},"query-input":{"@type":"PropertyValueSpecification","valueRequired":true,"valueName":"search_term_string"}}],"inLanguage":"es"},{"@type":"Organization","@id":"https:\/\/www.cannabis.es\/pw\/#organization","name":"Cannabis.es","url":"https:\/\/www.cannabis.es\/pw\/","logo":{"@type":"ImageObject","inLanguage":"es","@id":"https:\/\/www.cannabis.es\/pw\/#\/schema\/logo\/image\/","url":"https:\/\/www.cannabis.es\/pw\/wp-content\/uploads\/2019\/04\/cropped-logo_cannabis.png","contentUrl":"https:\/\/www.cannabis.es\/pw\/wp-content\/uploads\/2019\/04\/cropped-logo_cannabis.png","width":361,"height":120,"caption":"Cannabis.es"},"image":{"@id":"https:\/\/www.cannabis.es\/pw\/#\/schema\/logo\/image\/"},"sameAs":["https:\/\/x.com\/cannabis_es"]},{"@type":"Person","@id":"https:\/\/www.cannabis.es\/pw\/#\/schema\/person\/e2fbd204580cf4fe74c79b82bc447374","name":"Cannabis.es","image":{"@type":"ImageObject","inLanguage":"es","@id":"https:\/\/www.cannabis.es\/pw\/#\/schema\/person\/image\/","url":"https:\/\/secure.gravatar.com\/avatar\/4375b1eb6e272e2e48a4b8a8def52e5f208151f555bb5906da616906ee6dd2e8?s=96&d=mm&r=g","contentUrl":"https:\/\/secure.gravatar.com\/avatar\/4375b1eb6e272e2e48a4b8a8def52e5f208151f555bb5906da616906ee6dd2e8?s=96&d=mm&r=g","caption":"Cannabis.es"},"url":"https:\/\/www.cannabis.es\/pw\/author\/cannabis\/"}]}},"_links":{"self":[{"href":"https:\/\/www.cannabis.es\/pw\/wp-json\/wp\/v2\/posts\/4333","targetHints":{"allow":["GET"]}}],"collection":[{"href":"https:\/\/www.cannabis.es\/pw\/wp-json\/wp\/v2\/posts"}],"about":[{"href":"https:\/\/www.cannabis.es\/pw\/wp-json\/wp\/v2\/types\/post"}],"author":[{"embeddable":true,"href":"https:\/\/www.cannabis.es\/pw\/wp-json\/wp\/v2\/users\/1"}],"replies":[{"embeddable":true,"href":"https:\/\/www.cannabis.es\/pw\/wp-json\/wp\/v2\/comments?post=4333"}],"version-history":[{"count":1,"href":"https:\/\/www.cannabis.es\/pw\/wp-json\/wp\/v2\/posts\/4333\/revisions"}],"predecessor-version":[{"id":4335,"href":"https:\/\/www.cannabis.es\/pw\/wp-json\/wp\/v2\/posts\/4333\/revisions\/4335"}],"wp:featuredmedia":[{"embeddable":true,"href":"https:\/\/www.cannabis.es\/pw\/wp-json\/wp\/v2\/media\/4334"}],"wp:attachment":[{"href":"https:\/\/www.cannabis.es\/pw\/wp-json\/wp\/v2\/media?parent=4333"}],"wp:term":[{"taxonomy":"category","embeddable":true,"href":"https:\/\/www.cannabis.es\/pw\/wp-json\/wp\/v2\/categories?post=4333"},{"taxonomy":"post_tag","embeddable":true,"href":"https:\/\/www.cannabis.es\/pw\/wp-json\/wp\/v2\/tags?post=4333"}],"curies":[{"name":"wp","href":"https:\/\/api.w.org\/{rel}","templated":true}]}}