{"id":4345,"date":"2015-08-12T10:51:52","date_gmt":"2015-08-12T08:51:52","guid":{"rendered":"http:\/\/www.cannabis.es\/pw\/?p=4345"},"modified":"2020-06-07T16:19:09","modified_gmt":"2020-06-07T14:19:09","slug":"la-guerra-contra-drugo","status":"publish","type":"post","link":"https:\/\/www.cannabis.es\/pw\/2015\/08\/12\/la-guerra-contra-drugo\/","title":{"rendered":"La Guerra contra Drugo"},"content":{"rendered":"\n<p>Por Guillermos Veira<\/p>\n\n\n\n<p>Durante el mes de junio de este a\u00f1o, en la reciente edici\u00f3n de los premios<strong>&nbsp;Leones de Cannes<\/strong>&nbsp;especializados en la producci\u00f3n creativa vinculada a los negocios, el cambio y el bien, el ganador en la categor\u00eda de animaci\u00f3n fue un cortometraje titulado:&nbsp;<strong>La historia de la guerra contra Drugo<\/strong>.<\/p>\n\n\n\n<hr class=\"wp-block-separator\"\/>\n\n\n\n<p>Una animaci\u00f3n de poco m\u00e1s de tres minutos de duraci\u00f3n que nos cuenta a modo de cuento de hadas la historia y el desarrollo de la estrategia de guerra contra las drogas vigente hoy en el mundo desde hace m\u00e1s de cuarenta a\u00f1os. Una producci\u00f3n impulsada desde la&nbsp;<a href=\"http:\/\/www.globalcommissionondrugs.org\/war-on-drugo-short-animation-film-explains-the-failure-of-the-war-on-drugs-takes-the-debate-mainstream\/\" target=\"_blank\" rel=\"noreferrer noopener\"><strong>Comisi\u00f3n Global de Pol\u00edtica de Drogas<\/strong><\/a>, organismo internacional independiente que promueve una nueva pol\u00edtica de drogas en el mundo.<\/p>\n\n\n\n<p>Como buen cuento este comienza con su \u201c<em><strong>\u00e9rase una vez&#8230;<\/strong><\/em>\u201d, su reino y su rey (con un cierto parecido a&nbsp;<strong>Richard Nixon<\/strong>). Tambi\u00e9n su drag\u00f3n llamado&nbsp;<strong>Drugo<\/strong>&nbsp;que en un principio viv\u00eda en el reino en libertad y en paz. Hasta que el rey, cansado de que muchos de sus s\u00fabditos pasaran el d\u00eda jugando con \u00e9l, lo prohibi\u00f3, pasando a ser enemigo p\u00fablico n\u00famero uno. Es en ese momento cuando la vida del pobre&nbsp;<strong>Drugo<\/strong>&nbsp;empieza a empeorar dram\u00e1ticamente: escondido, usado por las mafias y contribuyendo al aumento de la violencia de manera exponencial. Con una propuesta est\u00e9tica muy cuidada y un gui\u00f3n sencillo, claro y bien adaptado al contexto de fantas\u00eda la producci\u00f3n se ha hecho con este primer premio en uno de los festivales m\u00e1s importantes en su g\u00e9nero a nivel mundial.<\/p>\n\n\n\n<p><strong>Color\u00edn, colorado<\/strong><\/p>\n\n\n\n<p>El punto \u00e1lgido, la llamada&nbsp;<em><strong>met\u00e1basis s\u00fabita<\/strong><\/em>&nbsp;del v\u00eddeo, llega con la aparici\u00f3n de un grupo de ex presidentes de otros \u201creinos\u201d que deciden romper el tab\u00fa. Caricaturizados pero perfectamente reconocibles aparecen&nbsp;<strong>Fernando Henrique Cardozo<\/strong>, ex presidente de Brasil;&nbsp;<strong>C\u00e9sar Gaviria<\/strong>, ex presidente de Colombia;&nbsp;<strong>Ruth Dreifuss<\/strong>, ex presidenta de Suiza y&nbsp;<strong>Ernesto Zedillo<\/strong>, ex presidente de M\u00e9xico. Con su llegada la historia cambia radicalmente y se abandona la estrategia de guerra contra el drag\u00f3n: \u201c<em><strong>La gente comenz\u00f3 a reconocer que la guerra y la violencia contra Drugo eran los problemas principales, las actitudes cambiaron. El drag\u00f3n fue puesto bajo control del reino, las mafias perdieron su influencia y soltaron las armas. La gente pudo nuevamente vivir sin miedo, entendiendo que el apoyo a los que sufren debido a Drugo es m\u00e1s inteligente que matar y encarcelar gente en una guerra sin fin<\/strong><\/em>\u201d. Intentando dar un giro m\u00e1s realista, sobre todo de cara a las personas m\u00e1s reacias a una posible regulaci\u00f3n de las drogas, el narrador del cuento concluye: \u201c<em><strong>La historia no acab\u00f3 ah\u00ed, ni todos fueron felices para siempre. Pero el reino vio que mientras que un mundo sin Drugo puede ser una utop\u00eda, uno con menos violencia y sufrimiento puede ser muy real<\/strong><\/em>\u201d.<\/p>\n\n\n\n<p><strong>La Guerra contra Drugo<\/strong><\/p>\n\n\n\n<p><strong>La historia contin\u00faa<\/strong><\/p>\n\n\n\n<p>Este v\u00eddeo, y su correspondiente premio, se ha convertido en otra m\u00e1s de las herramientas que desde la&nbsp;<strong>Comisi\u00f3n Global sobre Pol\u00edtica de Drogas<\/strong>&nbsp;se est\u00e1n implementando para lograr un cambio en la estrategia mundial. Desde su nacimiento en 2011 realizan un trabajo de lobby informativo a nivel de pol\u00edtica internacional y sus integrantes se han diviersificado hasta contar con magnates fil\u00e1ntropos como&nbsp;<strong>Sir Richard Branson<\/strong>&nbsp;o altos funcionarios como&nbsp;<strong>Paul Volcker<\/strong>, ex presidente de la Reserva Federal de Estados Unidos;<strong>&nbsp;Kofi Annan<\/strong>, ex Secretario General de Naciones Unidas;<strong>&nbsp;Thorvald Stolnenberg<\/strong>, ex Alto Comisionado de Naciones Unidas para los Refugiados o&nbsp;<strong>Mario Vargas Llosa<\/strong>, premio Nobel de Literatura. Junto a ellos un buen n\u00famero de ex presidentes de todo el mundo encabezados por los tres ex presidentes latinoamericanos que fundaron lo que ser\u00eda la base de esta&nbsp;<strong>Comisi\u00f3n Global<\/strong>: la&nbsp;<strong>Iniciativa Latioamericana sobre Pol\u00edtica de Drogas<\/strong>, fundada por&nbsp;<strong>Cardozo<\/strong>,&nbsp;<strong>Gaviria<\/strong>&nbsp;y<strong>&nbsp;Zedillo<\/strong>.<\/p>\n\n\n\n<p><strong>Historias para no dormir<\/strong><\/p>\n\n\n\n<p>Es el caso del ex presidente mexicano el m\u00e1s escandaloso. Si tenemos que entender que en esta f\u00e1bula es un grupo de ex presidentes el que hace ver al reino que \u201c<em><strong>&#8230;mientras que un mundo sin Drugo puede ser una utop\u00eda, uno con menos violencia y sufrimiento puede ser muy real<\/strong><\/em>\u201d, y entre esos ex presidentes est\u00e1&nbsp;<strong>Ernesto Zedillo<\/strong>&nbsp;la historia tiene mucho de ciencia ficci\u00f3n.<strong>&nbsp;Zedillo<\/strong>&nbsp;se convirti\u00f3 en candidato a presidente de una manera casual, tras el asesinato del candidato oficial de su partido meses antes de las elecciones. Seg\u00fan las leyes electorales mexicanas pocos candidatos quedaban para ocupar ese puesto dentro del partido y&nbsp;<strong>Zedillo<\/strong>&nbsp;ten\u00eda todas las papeletas. As\u00ed lleg\u00f3 a la presidencia para formar parte del que ser\u00eda el \u00faltimo gobierno del Partido Revolucionario Institucional despu\u00e9s de 70 a\u00f1os ininterrumpidos y como \u00fanico partido, lo que su actual compa\u00f1ero,&nbsp;<strong>Mario Vargas Llosa<\/strong>&nbsp;denomin\u00f3 \u201c<em><strong>la dictadura perfecta<\/strong><\/em>\u201d. Una vez en el poder fue el impulsor (o al menos permiti\u00f3) de la guerra de baja intensidad contra las comunidades ind\u00edgenas que exigieron, tras el levantamiento zapatista, la llevada a efecto de los&nbsp;<a href=\"https:\/\/es.wikipedia.org\/wiki\/Acuerdos_de_San_Andr%C3%A9s\" target=\"_blank\" rel=\"noreferrer noopener\">Acuerdos de San Andr\u00e9s<\/a>, con dos episodios terror\u00edficos: las masacres de&nbsp;<strong>Aguas Blancas<\/strong>&nbsp;y de&nbsp;<strong>Acteal<\/strong>. En ambos casos su m\u00e1xima actuaci\u00f3n fue la de denunciar en los d\u00edas posteriores los brutales hechos, en ambos casos, y hasta la actualidad, no hay culpables, ni materiales ni intelectuales, sentenciados por ello. Otra ense\u00f1anza m\u00e1s en esta cuento en b\u00fasqueda del fin de la violencia y el sufrimiento.<\/p>\n\n\n\n<p><strong>Documental. Acteal: Estrategia de Muerte<\/strong><\/p>\n","protected":false},"excerpt":{"rendered":"<span class=\"span-reading-time rt-reading-time\" style=\"display: block;\"><span class=\"rt-label rt-prefix\">Tiempo de lectura:<\/span> <span class=\"rt-time\"> 3<\/span> <span class=\"rt-label rt-postfix\">minutos<\/span><\/span>Por Guillermos Veira Durante el mes de junio de este a\u00f1o, en la reciente edici\u00f3n de los premios&nbsp;Leones de Cannes&nbsp;especializados en la producci\u00f3n creativa vinculada a los negocios, el cambio y el bien, el ganador en la categor\u00eda de animaci\u00f3n fue un cortometraje titulado:&nbsp;La historia de la guerra contra Drugo. Una animaci\u00f3n de poco m\u00e1s [&hellip;]","protected":false},"author":1,"featured_media":4346,"comment_status":"closed","ping_status":"closed","sticky":false,"template":"","format":"standard","meta":{"loftocean-featured-post":"","loftocean_post_format_gallery":"","loftocean_post_format_gallery_ids":"","loftocean_post_format_gallery_urls":"","loftocean_post_format_video_id":"","loftocean_post_format_video_url":"","loftocean_post_format_video_type":"","loftocean_post_format_video":"","loftocean_post_format_audio_type":"","loftocean_post_format_audio_url":"","loftocean_post_format_audio_id":"","loftocean_post_format_audio":"","loftocean_post_format_quote_text":"","loftocean_post_format_quote_byline":"","loftocean_post_format_link_text":"","loftocean_post_format_link_url":"","ceramag_post_header_style":"","ceramag_enable_background_video":"","ceramag_show_in_top_slider":"","ceramag_post_background_video_start":"","ceramag_post_background_video_end":"","loftocean_page_background_video_id":"","loftocean_page_background_video_url":"","loftocean_page_background_video_type":"","loftocean_page_background_video":"","ceramag_background_video_start":"","ceramag_background_video_end":"","ceramag_single_page_hide_header":"","footnotes":""},"categories":[35],"tags":[44,1443,1427],"class_list":["post-4345","post","type-post","status-publish","format-standard","has-post-thumbnail","hentry","category-politica-y-sociedad","tag-drogas","tag-multimedia","tag-videos"],"yoast_head":"<!-- This site is optimized with the Yoast SEO plugin v24.9 - https:\/\/yoast.com\/wordpress\/plugins\/seo\/ -->\n<title>La Guerra contra Drugo<\/title>\n<meta name=\"description\" content=\"Entrada &#8226; Portal multimedia sobre cannabis y otras sustancias &#8226; 12 agosto, 2015\" \/>\n<meta name=\"robots\" content=\"index, follow, max-snippet:-1, max-image-preview:large, max-video-preview:-1\" \/>\n<link rel=\"canonical\" href=\"https:\/\/www.cannabis.es\/pw\/2015\/08\/12\/la-guerra-contra-drugo\/\" \/>\n<meta name=\"twitter:card\" content=\"summary_large_image\" \/>\n<meta name=\"twitter:title\" content=\"La Guerra contra Drugo\" \/>\n<meta name=\"twitter:description\" content=\"Entrada &#8226; Portal multimedia sobre cannabis y otras sustancias &#8226; 12 agosto, 2015\" \/>\n<meta name=\"twitter:image\" content=\"https:\/\/www.cannabis.es\/pw\/wp-content\/uploads\/2020\/05\/war_on_drugo.jpg\" \/>\n<meta name=\"twitter:creator\" content=\"@cannabis_es\" \/>\n<meta name=\"twitter:site\" content=\"@cannabis_es\" \/>\n<meta name=\"twitter:label1\" content=\"Escrito por\" \/>\n\t<meta name=\"twitter:data1\" content=\"Cannabis.es\" \/>\n\t<meta name=\"twitter:label2\" content=\"Tiempo de lectura\" \/>\n\t<meta name=\"twitter:data2\" content=\"5 minutos\" \/>\n<script type=\"application\/ld+json\" class=\"yoast-schema-graph\">{\"@context\":\"https:\/\/schema.org\",\"@graph\":[{\"@type\":\"Article\",\"@id\":\"https:\/\/www.cannabis.es\/pw\/2015\/08\/12\/la-guerra-contra-drugo\/#article\",\"isPartOf\":{\"@id\":\"https:\/\/www.cannabis.es\/pw\/2015\/08\/12\/la-guerra-contra-drugo\/\"},\"author\":{\"name\":\"Cannabis.es\",\"@id\":\"https:\/\/www.cannabis.es\/pw\/#\/schema\/person\/e2fbd204580cf4fe74c79b82bc447374\"},\"headline\":\"La Guerra contra Drugo\",\"datePublished\":\"2015-08-12T08:51:52+00:00\",\"dateModified\":\"2020-06-07T14:19:09+00:00\",\"mainEntityOfPage\":{\"@id\":\"https:\/\/www.cannabis.es\/pw\/2015\/08\/12\/la-guerra-contra-drugo\/\"},\"wordCount\":998,\"publisher\":{\"@id\":\"https:\/\/www.cannabis.es\/pw\/#organization\"},\"image\":{\"@id\":\"https:\/\/www.cannabis.es\/pw\/2015\/08\/12\/la-guerra-contra-drugo\/#primaryimage\"},\"thumbnailUrl\":\"https:\/\/www.cannabis.es\/pw\/wp-content\/uploads\/2020\/05\/war_on_drugo.jpg\",\"keywords\":[\"drogas\",\"multimedia\",\"videos\"],\"articleSection\":[\"Pol\u00edtica y Sociedad\"],\"inLanguage\":\"es\"},{\"@type\":\"WebPage\",\"@id\":\"https:\/\/www.cannabis.es\/pw\/2015\/08\/12\/la-guerra-contra-drugo\/\",\"url\":\"https:\/\/www.cannabis.es\/pw\/2015\/08\/12\/la-guerra-contra-drugo\/\",\"name\":\"La Guerra contra Drugo\",\"isPartOf\":{\"@id\":\"https:\/\/www.cannabis.es\/pw\/#website\"},\"primaryImageOfPage\":{\"@id\":\"https:\/\/www.cannabis.es\/pw\/2015\/08\/12\/la-guerra-contra-drugo\/#primaryimage\"},\"image\":{\"@id\":\"https:\/\/www.cannabis.es\/pw\/2015\/08\/12\/la-guerra-contra-drugo\/#primaryimage\"},\"thumbnailUrl\":\"https:\/\/www.cannabis.es\/pw\/wp-content\/uploads\/2020\/05\/war_on_drugo.jpg\",\"datePublished\":\"2015-08-12T08:51:52+00:00\",\"dateModified\":\"2020-06-07T14:19:09+00:00\",\"description\":\"Entrada &#8226; Portal multimedia sobre cannabis y otras sustancias &#8226; 12 agosto, 2015\",\"breadcrumb\":{\"@id\":\"https:\/\/www.cannabis.es\/pw\/2015\/08\/12\/la-guerra-contra-drugo\/#breadcrumb\"},\"inLanguage\":\"es\",\"potentialAction\":[{\"@type\":\"ReadAction\",\"target\":[\"https:\/\/www.cannabis.es\/pw\/2015\/08\/12\/la-guerra-contra-drugo\/\"]}]},{\"@type\":\"ImageObject\",\"inLanguage\":\"es\",\"@id\":\"https:\/\/www.cannabis.es\/pw\/2015\/08\/12\/la-guerra-contra-drugo\/#primaryimage\",\"url\":\"https:\/\/www.cannabis.es\/pw\/wp-content\/uploads\/2020\/05\/war_on_drugo.jpg\",\"contentUrl\":\"https:\/\/www.cannabis.es\/pw\/wp-content\/uploads\/2020\/05\/war_on_drugo.jpg\",\"width\":959,\"height\":475},{\"@type\":\"BreadcrumbList\",\"@id\":\"https:\/\/www.cannabis.es\/pw\/2015\/08\/12\/la-guerra-contra-drugo\/#breadcrumb\",\"itemListElement\":[{\"@type\":\"ListItem\",\"position\":1,\"name\":\"Portada\",\"item\":\"http:\/\/www.cannabis.es\/pw\/\"},{\"@type\":\"ListItem\",\"position\":2,\"name\":\"La Guerra contra Drugo\"}]},{\"@type\":\"WebSite\",\"@id\":\"https:\/\/www.cannabis.es\/pw\/#website\",\"url\":\"https:\/\/www.cannabis.es\/pw\/\",\"name\":\"Cannabis\",\"description\":\"Portal multimedia sobre cannabis y otras sustancias\",\"publisher\":{\"@id\":\"https:\/\/www.cannabis.es\/pw\/#organization\"},\"potentialAction\":[{\"@type\":\"SearchAction\",\"target\":{\"@type\":\"EntryPoint\",\"urlTemplate\":\"https:\/\/www.cannabis.es\/pw\/?s={search_term_string}\"},\"query-input\":{\"@type\":\"PropertyValueSpecification\",\"valueRequired\":true,\"valueName\":\"search_term_string\"}}],\"inLanguage\":\"es\"},{\"@type\":\"Organization\",\"@id\":\"https:\/\/www.cannabis.es\/pw\/#organization\",\"name\":\"Cannabis.es\",\"url\":\"https:\/\/www.cannabis.es\/pw\/\",\"logo\":{\"@type\":\"ImageObject\",\"inLanguage\":\"es\",\"@id\":\"https:\/\/www.cannabis.es\/pw\/#\/schema\/logo\/image\/\",\"url\":\"https:\/\/www.cannabis.es\/pw\/wp-content\/uploads\/2019\/04\/cropped-logo_cannabis.png\",\"contentUrl\":\"https:\/\/www.cannabis.es\/pw\/wp-content\/uploads\/2019\/04\/cropped-logo_cannabis.png\",\"width\":361,\"height\":120,\"caption\":\"Cannabis.es\"},\"image\":{\"@id\":\"https:\/\/www.cannabis.es\/pw\/#\/schema\/logo\/image\/\"},\"sameAs\":[\"https:\/\/x.com\/cannabis_es\"]},{\"@type\":\"Person\",\"@id\":\"https:\/\/www.cannabis.es\/pw\/#\/schema\/person\/e2fbd204580cf4fe74c79b82bc447374\",\"name\":\"Cannabis.es\",\"image\":{\"@type\":\"ImageObject\",\"inLanguage\":\"es\",\"@id\":\"https:\/\/www.cannabis.es\/pw\/#\/schema\/person\/image\/\",\"url\":\"https:\/\/secure.gravatar.com\/avatar\/4375b1eb6e272e2e48a4b8a8def52e5f208151f555bb5906da616906ee6dd2e8?s=96&d=mm&r=g\",\"contentUrl\":\"https:\/\/secure.gravatar.com\/avatar\/4375b1eb6e272e2e48a4b8a8def52e5f208151f555bb5906da616906ee6dd2e8?s=96&d=mm&r=g\",\"caption\":\"Cannabis.es\"},\"url\":\"https:\/\/www.cannabis.es\/pw\/author\/cannabis\/\"}]}<\/script>\n<!-- \/ Yoast SEO plugin. -->","yoast_head_json":{"title":"La Guerra contra Drugo","description":"Entrada &#8226; Portal multimedia sobre cannabis y otras sustancias &#8226; 12 agosto, 2015","robots":{"index":"index","follow":"follow","max-snippet":"max-snippet:-1","max-image-preview":"max-image-preview:large","max-video-preview":"max-video-preview:-1"},"canonical":"https:\/\/www.cannabis.es\/pw\/2015\/08\/12\/la-guerra-contra-drugo\/","twitter_card":"summary_large_image","twitter_title":"La Guerra contra Drugo","twitter_description":"Entrada &#8226; Portal multimedia sobre cannabis y otras sustancias &#8226; 12 agosto, 2015","twitter_image":"https:\/\/www.cannabis.es\/pw\/wp-content\/uploads\/2020\/05\/war_on_drugo.jpg","twitter_creator":"@cannabis_es","twitter_site":"@cannabis_es","twitter_misc":{"Escrito por":"Cannabis.es","Tiempo de lectura":"5 minutos"},"schema":{"@context":"https:\/\/schema.org","@graph":[{"@type":"Article","@id":"https:\/\/www.cannabis.es\/pw\/2015\/08\/12\/la-guerra-contra-drugo\/#article","isPartOf":{"@id":"https:\/\/www.cannabis.es\/pw\/2015\/08\/12\/la-guerra-contra-drugo\/"},"author":{"name":"Cannabis.es","@id":"https:\/\/www.cannabis.es\/pw\/#\/schema\/person\/e2fbd204580cf4fe74c79b82bc447374"},"headline":"La Guerra contra Drugo","datePublished":"2015-08-12T08:51:52+00:00","dateModified":"2020-06-07T14:19:09+00:00","mainEntityOfPage":{"@id":"https:\/\/www.cannabis.es\/pw\/2015\/08\/12\/la-guerra-contra-drugo\/"},"wordCount":998,"publisher":{"@id":"https:\/\/www.cannabis.es\/pw\/#organization"},"image":{"@id":"https:\/\/www.cannabis.es\/pw\/2015\/08\/12\/la-guerra-contra-drugo\/#primaryimage"},"thumbnailUrl":"https:\/\/www.cannabis.es\/pw\/wp-content\/uploads\/2020\/05\/war_on_drugo.jpg","keywords":["drogas","multimedia","videos"],"articleSection":["Pol\u00edtica y Sociedad"],"inLanguage":"es"},{"@type":"WebPage","@id":"https:\/\/www.cannabis.es\/pw\/2015\/08\/12\/la-guerra-contra-drugo\/","url":"https:\/\/www.cannabis.es\/pw\/2015\/08\/12\/la-guerra-contra-drugo\/","name":"La Guerra contra Drugo","isPartOf":{"@id":"https:\/\/www.cannabis.es\/pw\/#website"},"primaryImageOfPage":{"@id":"https:\/\/www.cannabis.es\/pw\/2015\/08\/12\/la-guerra-contra-drugo\/#primaryimage"},"image":{"@id":"https:\/\/www.cannabis.es\/pw\/2015\/08\/12\/la-guerra-contra-drugo\/#primaryimage"},"thumbnailUrl":"https:\/\/www.cannabis.es\/pw\/wp-content\/uploads\/2020\/05\/war_on_drugo.jpg","datePublished":"2015-08-12T08:51:52+00:00","dateModified":"2020-06-07T14:19:09+00:00","description":"Entrada &#8226; Portal multimedia sobre cannabis y otras sustancias &#8226; 12 agosto, 2015","breadcrumb":{"@id":"https:\/\/www.cannabis.es\/pw\/2015\/08\/12\/la-guerra-contra-drugo\/#breadcrumb"},"inLanguage":"es","potentialAction":[{"@type":"ReadAction","target":["https:\/\/www.cannabis.es\/pw\/2015\/08\/12\/la-guerra-contra-drugo\/"]}]},{"@type":"ImageObject","inLanguage":"es","@id":"https:\/\/www.cannabis.es\/pw\/2015\/08\/12\/la-guerra-contra-drugo\/#primaryimage","url":"https:\/\/www.cannabis.es\/pw\/wp-content\/uploads\/2020\/05\/war_on_drugo.jpg","contentUrl":"https:\/\/www.cannabis.es\/pw\/wp-content\/uploads\/2020\/05\/war_on_drugo.jpg","width":959,"height":475},{"@type":"BreadcrumbList","@id":"https:\/\/www.cannabis.es\/pw\/2015\/08\/12\/la-guerra-contra-drugo\/#breadcrumb","itemListElement":[{"@type":"ListItem","position":1,"name":"Portada","item":"http:\/\/www.cannabis.es\/pw\/"},{"@type":"ListItem","position":2,"name":"La Guerra contra Drugo"}]},{"@type":"WebSite","@id":"https:\/\/www.cannabis.es\/pw\/#website","url":"https:\/\/www.cannabis.es\/pw\/","name":"Cannabis","description":"Portal multimedia sobre cannabis y otras sustancias","publisher":{"@id":"https:\/\/www.cannabis.es\/pw\/#organization"},"potentialAction":[{"@type":"SearchAction","target":{"@type":"EntryPoint","urlTemplate":"https:\/\/www.cannabis.es\/pw\/?s={search_term_string}"},"query-input":{"@type":"PropertyValueSpecification","valueRequired":true,"valueName":"search_term_string"}}],"inLanguage":"es"},{"@type":"Organization","@id":"https:\/\/www.cannabis.es\/pw\/#organization","name":"Cannabis.es","url":"https:\/\/www.cannabis.es\/pw\/","logo":{"@type":"ImageObject","inLanguage":"es","@id":"https:\/\/www.cannabis.es\/pw\/#\/schema\/logo\/image\/","url":"https:\/\/www.cannabis.es\/pw\/wp-content\/uploads\/2019\/04\/cropped-logo_cannabis.png","contentUrl":"https:\/\/www.cannabis.es\/pw\/wp-content\/uploads\/2019\/04\/cropped-logo_cannabis.png","width":361,"height":120,"caption":"Cannabis.es"},"image":{"@id":"https:\/\/www.cannabis.es\/pw\/#\/schema\/logo\/image\/"},"sameAs":["https:\/\/x.com\/cannabis_es"]},{"@type":"Person","@id":"https:\/\/www.cannabis.es\/pw\/#\/schema\/person\/e2fbd204580cf4fe74c79b82bc447374","name":"Cannabis.es","image":{"@type":"ImageObject","inLanguage":"es","@id":"https:\/\/www.cannabis.es\/pw\/#\/schema\/person\/image\/","url":"https:\/\/secure.gravatar.com\/avatar\/4375b1eb6e272e2e48a4b8a8def52e5f208151f555bb5906da616906ee6dd2e8?s=96&d=mm&r=g","contentUrl":"https:\/\/secure.gravatar.com\/avatar\/4375b1eb6e272e2e48a4b8a8def52e5f208151f555bb5906da616906ee6dd2e8?s=96&d=mm&r=g","caption":"Cannabis.es"},"url":"https:\/\/www.cannabis.es\/pw\/author\/cannabis\/"}]}},"_links":{"self":[{"href":"https:\/\/www.cannabis.es\/pw\/wp-json\/wp\/v2\/posts\/4345","targetHints":{"allow":["GET"]}}],"collection":[{"href":"https:\/\/www.cannabis.es\/pw\/wp-json\/wp\/v2\/posts"}],"about":[{"href":"https:\/\/www.cannabis.es\/pw\/wp-json\/wp\/v2\/types\/post"}],"author":[{"embeddable":true,"href":"https:\/\/www.cannabis.es\/pw\/wp-json\/wp\/v2\/users\/1"}],"replies":[{"embeddable":true,"href":"https:\/\/www.cannabis.es\/pw\/wp-json\/wp\/v2\/comments?post=4345"}],"version-history":[{"count":2,"href":"https:\/\/www.cannabis.es\/pw\/wp-json\/wp\/v2\/posts\/4345\/revisions"}],"predecessor-version":[{"id":5411,"href":"https:\/\/www.cannabis.es\/pw\/wp-json\/wp\/v2\/posts\/4345\/revisions\/5411"}],"wp:featuredmedia":[{"embeddable":true,"href":"https:\/\/www.cannabis.es\/pw\/wp-json\/wp\/v2\/media\/4346"}],"wp:attachment":[{"href":"https:\/\/www.cannabis.es\/pw\/wp-json\/wp\/v2\/media?parent=4345"}],"wp:term":[{"taxonomy":"category","embeddable":true,"href":"https:\/\/www.cannabis.es\/pw\/wp-json\/wp\/v2\/categories?post=4345"},{"taxonomy":"post_tag","embeddable":true,"href":"https:\/\/www.cannabis.es\/pw\/wp-json\/wp\/v2\/tags?post=4345"}],"curies":[{"name":"wp","href":"https:\/\/api.w.org\/{rel}","templated":true}]}}