{"id":4550,"date":"2015-05-12T13:08:20","date_gmt":"2015-05-12T11:08:20","guid":{"rendered":"http:\/\/www.cannabis.es\/pw\/?p=4550"},"modified":"2020-06-07T17:17:51","modified_gmt":"2020-06-07T15:17:51","slug":"activismo-politica-y-fotoportunismo-islas-baleares-y-cannabis","status":"publish","type":"post","link":"https:\/\/www.cannabis.es\/pw\/2015\/05\/12\/activismo-politica-y-fotoportunismo-islas-baleares-y-cannabis\/","title":{"rendered":"Activismo, pol\u00edtica y fotoportunismo: Islas Baleares y cannabis"},"content":{"rendered":"\n<p>Por Drogoteca<\/p>\n\n\n\n<p>El mi\u00e9rcoles pasado recib\u00edamos v\u00eda Internet la noticia de un pacto sorprendente&#8230;<\/p>\n\n\n\n<hr class=\"wp-block-separator\"\/>\n\n\n\n<p>El&nbsp;<strong>ABC<\/strong>, a eso de las 5 y media de la tarde, daba la noticia en una escueta nota que titulaba:&nbsp;<br>\u201c<a href=\"http:\/\/agencias.abc.es\/agencias\/noticia.asp?noticia=1860287\" target=\"_blank\" rel=\"noreferrer noopener\"><em>PSIB (el PSOE en Islas Baleares), M\u00c9S, Podemos, Guanyem y UPyD se comprometen a regular uso del cannabis<\/em><\/a>\u201d.<\/p>\n\n\n\n<p>La primera reacci\u00f3n fue de sorpresa.&nbsp;<\/p>\n\n\n\n<p>En la segunda reacci\u00f3n, de alegr\u00eda, ya aprovech\u00e9 para felicitar p\u00fablicamente a&nbsp;<strong>FACBaleares<\/strong>&nbsp;por el compromiso, si es que se confirmaba. Pero todo eso se fue viniendo abajo seg\u00fan pasaban las horas.<\/p>\n\n\n\n<p>En el tuit que puse la felicitaci\u00f3n, alguien contest\u00f3 alertando a la gente porque algo no cuadraba.<br>Fue&nbsp;<strong><a href=\"https:\/\/twitter.com\/artofhemp\" target=\"_blank\" rel=\"noreferrer noopener\">@ArtOfHemp<\/a><\/strong>, un profesional del ramo cann\u00e1bico que realiza una parte de su labor activista en las redes sociales, como Twitter, quien respondi\u00f3 a mi tuit de felicitaci\u00f3n con lo siguiente: \u201c<em>Un momento&#8230; aqu\u00ed dice &#8216;uso terap\u00e9utico&#8217;. \u00bfQu\u00e9 pasa con el uso l\u00fadico?<\/em>\u201d<\/p>\n\n\n\n<p>Saltaba as\u00ed la primera gran brecha en el asunto del \u201cpacto balear\u201d.&nbsp;<br>Cierto: \u00bfqu\u00e9 pasaba con los usuarios l\u00fadicos?&nbsp;<br>Contest\u00e9 al tuit que dej\u00f3&nbsp;<strong>@ArtOfHemp<\/strong>&nbsp;con que era \u201cletra con trampa y que hab\u00eda que ver en qu\u00e9 quedaba al final\u201d. Y como hab\u00edamos citado en los 2 tuits a&nbsp;<strong>FACBaleares<\/strong>, imagin\u00e9 que cuando leyeran, contestar\u00edan. Pero no hubo respuesta alguna.<\/p>\n\n\n\n<p>Es muy extra\u00f1o que un grupo -ya sea la&nbsp;<strong>FAC<\/strong>, la&nbsp;<strong>FAD<\/strong>, o los&nbsp;<strong>Amigos de los Porros de Formentera<\/strong>&#8211; consiga un logro real, tangible, concreto, y no salga a venderlo a los 4 vientos.&nbsp;<br>Si ese logro se da con varios partidos pol\u00edticos a la vez, resultar\u00eda m\u00e1s extra\u00f1o ese silencio.&nbsp;<br>Y si adem\u00e1s la gente de&nbsp;<strong>Podemos<\/strong>&nbsp;-se niegan a afrontar el asunto del cannabis y huyen asustados cada vez que sale el tema- se pronunciasen (como parec\u00edan hacer, aunque fuera a nivel local, menor y experimental) es para que te hagan a ti una entrevista sobre c\u00f3mo conseguiste obrar el milagro .<\/p>\n\n\n\n<p>\u00bfQu\u00e9 est\u00e1 pasando? \u00bfQu\u00e9 falla aqu\u00ed?<br>Raro, raro, raro. Todo m\u00e1s raro que el carajo.<br>Pero muy comprensible cuando conoces la realidad del asunto, y no s\u00f3lo el titular vendido a la gente. Que nadie se haga ilusiones.&nbsp;<br>Os explicamos el porqu\u00e9.<\/p>\n\n\n\n<p>\u00bfQu\u00e9 co\u00f1os dice exactamente el \u201cpacto sobre regulaci\u00f3n del cannabis\u201d en Baleares? Ah\u00ed vamos.<\/p>\n\n\n\n<p>Lo primero que llama la atenci\u00f3n es el t\u00edtulo del documento firmado, que es distinto que los titulares que dan los medios (normal en la prensa no-especializada, que publica lo que les sale de la seta sin atender a la verdad). El t\u00edtulo del \u201cpacto\u201d es:<\/p>\n\n\n\n<p>\u201c<strong>COMPROMISO DE COLABORACI\u00d3N ENTRE LA FEDERACI\u00d3N DE&nbsp;ASOCIACIONES CANN\u00c1BICAS FAC Y LOS GRUPOS POL\u00cdTICOS&nbsp;PSIB-PSOE \u00b7 GRUP M\u00c8S \u00b7 GUANYEM \u00b7 UPYD \u00b7 PODEMOS<\/strong>\u201d<\/p>\n\n\n\n<p>Y la declaraci\u00f3n inicial del documento dice lo siguiente:<\/p>\n\n\n\n<p>\u201c<em>Que es urgente e importante aplicar una regulaci\u00f3n espec\u00edfica en el uso del c\u00e1nnabis en Baleares&nbsp;<\/em><br><em>dentro de los m\u00e1rgenes competenciales de los que actualmente disponemos en nuestra comunidad aut\u00f3noma.<\/em>\u201d<\/p>\n\n\n\n<p>De momento no suena mal, \u00bfverdad? Es lo que se busca en el movimiento cann\u00e1bico: una regulaci\u00f3n del cannabis -de una vez por todas- que permita salir al cannabis del armario de la ilegalidad, que evite sufrir a sus usuarios la represi\u00f3n del estado, mediante su polic\u00eda, sus multas e incautaciones, sus leyes anacr\u00f3nicas y sus c\u00e1rceles. Seguimos leyendo.<\/p>\n\n\n\n<p>\u201c<em>El acuerdo de compromiso alcanzado contiene las siguientes CL\u00c1USULAS<\/em>\u201d<\/p>\n\n\n\n<p>\u00bfNo parece un poco raro que un acuerdo -o un compromiso- se cite como \u201c<em>acuerdo de compromiso<\/em>\u201d?<\/p>\n\n\n\n<p>\u201c<strong><em>PRIMERA.- OBJETO DEL CONVENIO<\/em><\/strong><\/p>\n\n\n\n<p><em>El objetivo del presente documento de compromiso es:<\/em><br><em>&#8211; Obtener un acuerdo de m\u00ednimos en el que se establezca el consenso parlamentario<\/em><br><em>necesario para la presentaci\u00f3n de inciativas [SIC] parlamentarias encaminadas a la regulaci\u00f3n en<\/em><br><em>el uso responsable de c\u00e1nnabis, donde primen: el reconocimiento del derecho al uso<\/em><br><em>terap\u00e9utico del c\u00e1nnabis, la formaci\u00f3n especializada en ter\u00e1pias [SIC] con c\u00e1nnabis para atender<\/em><br><em>a las consultas sobre esta cuesti\u00f3n por parte de los facultativos m\u00e9dicos y la regulaci\u00f3n<\/em><br><em>espec\u00edfica de las asociaciones y clubes sociales de c\u00e1nnabis en las Islas Baleares.<\/em>\u201d<\/p>\n\n\n\n<p><strong>Traducci\u00f3n autom\u00e1tica<\/strong>: esto es un pacto sobre llegar a otro pacto futuro, en el que estemos de acuerdo para pactar nuevas iniciativas que plantear a nivel auton\u00f3mico. Tambi\u00e9n nos interesan, de forma exclusiva, los \u201cpobres enfermitos fumetas\u201d -no dan tan mala imagen- y dentro de ese \u00e1rea m\u00e9dico-legal que los m\u00e9dicos aprendan de una vez a orientar a los pacientes en cannabis. Finalizamos con menci\u00f3n a que existen CSCs y asociaciones en Islas Baleares que esperan una regulaci\u00f3n de su actividad.<\/p>\n\n\n\n<p>Ya la jodimos&#8230;.&nbsp;<br>\u00bfEl objetivo de lo \u201cya pactado\u201d es llegar a \u201cm\u00e1s pactos\u201d para \u201cpactar\u201d futuribles iniciativas?&nbsp;<br>S\u00ed se\u00f1ores, de forma simplificada, as\u00ed es. Iniciativas cuya existencia depender\u00e1 de la aritm\u00e9tica electoral, con sus movimientos de esca\u00f1os y pactos.<\/p>\n\n\n\n<p>\u00bfLa&nbsp;<strong>FAC<\/strong>&nbsp;ha firmado un acuerdo -ahora en plena campa\u00f1a electoral- con algunos partidos cuyo contenido real no es m\u00e1s que \u201cponerse de acuerdo en el futuro para hacer cositas juntos\u201d? S\u00ed, b\u00e1sicamente.&nbsp;<br>El \u201cpacto\u201d entre la<strong>&nbsp;FAC<\/strong>&nbsp;y esos partidos es simplemente una declaraci\u00f3n de bonitas intenciones, sin muchos visos de conseguir nada de nada en realidad. Lo tiene todo, ese \u201cpacto\u201d, para cogerse con pinzas largas: las que hay que usar cuando algo \u201chuele mal\u201d.<\/p>\n\n\n\n<p>Tambi\u00e9n es curioso notar que, en el documento,&nbsp;<strong>Podemos<\/strong>&nbsp;no aparece mencionado nunca como&nbsp;<strong>Podemos Baleares<\/strong>, sino con la \u201cmarca gen\u00e9rica\u201d del neopartido. Este detalle no es menor porque lo m\u00e1s relevante de la noticia, no era que la&nbsp;<strong>FAC<\/strong>&nbsp;hubiera alcanzado un acuerdo con X grupos en una zona, sino que&nbsp;<strong>Podemos<\/strong>&nbsp;se hubiera pronunciado -al menos localmente, dado el caso- y que ese hecho podr\u00eda facilitarles hacerlo a nivel nacional en breve tiempo, por simple coherencia con sus posturas locales y nacionales.<\/p>\n\n\n\n<p>Pero tambi\u00e9n nos parec\u00eda incre\u00edblemente extra\u00f1o, dado que llevamos meses en las redes, en la vida real, por correo, en papel, en fichero y por todos los medios pensables, intentando que&nbsp;<strong>Podemos<\/strong>&nbsp;se pronuncie sobre un tema -el cannabis- que afecta a millones de ciudadanos en el estado espa\u00f1ol. Y no hubo forma de lograrlo. Ni el valiente intento de entrevista de la&nbsp;<a href=\"http:\/\/canamo.net\/\" target=\"_blank\" rel=\"noreferrer noopener\"><strong>Revista C\u00e1\u00f1amo<\/strong><\/a>, que acab\u00f3 saliendo publicada como \u201c<a href=\"http:\/\/canamo.net\/reportajes\/la-no-entrevista-a-podemos\" target=\"_blank\" rel=\"noreferrer noopener\">La NO entrevista a Podemos<\/a>\u201d (cuenta c\u00f3mo existe una oposici\u00f3n frontal -en dicho partido- a enfrentar una pol\u00edtica de drogas coherente y sana), tuvo la capacidad de hacer que&nbsp;<strong>Podemos<\/strong>&nbsp;se pronunciase, de forma clara y con alcance nacional, sobre el cannabis.<\/p>\n\n\n\n<p>El resto de los grupos, aunque inclu\u00edan a&nbsp;<strong>PSOE<\/strong>,<strong>&nbsp;UPyD<\/strong>&nbsp;y al neopartido&nbsp;<strong>Guanyem<\/strong>&nbsp;(que aqu\u00ed concurre conjuntamente con<strong>&nbsp;Izquierda Unida<\/strong>) no ten\u00edan tanta fuerza como noticia, ya que sus posiciones (las que dicen tener, cara al p\u00fablico) son conocidas de sobra. O lo eran, porque no las mantienen sino que las reducen, para hacerse una foto en campa\u00f1a olvidando representar los intereses leg\u00edtimos -y no comerciales- de la mayor\u00eda de los usuarios de cannabis.<\/p>\n\n\n\n<p>Eso es lo que ocurre en este acuerdo: ten\u00eda raz\u00f3n&nbsp;<strong>@ArtOfHemp<\/strong>. Se han \u201cfollado\u201d a los usuarios no-terap\u00e9uticos (recreativos o l\u00fadicos) de una forma simple y sencilla; ni mencionarlos en todo el texto.<\/p>\n\n\n\n<p>\u00bfC\u00f3mo lo ver\u00e1n los miembros de los CSC vinculados con la&nbsp;<strong>FAC<\/strong>&nbsp;el asunto, cuando se den cuenta de que \u201cel pacto balear\u201d ha excluido -como poco- al 90% de los usuarios de cannabis?<\/p>\n\n\n\n<p>\u00bfPor qu\u00e9? \u00bfPor qu\u00e9 la&nbsp;<strong>FAC<\/strong>, como firmante del asunto, ha pasado de los fumetas recreativos de cannabis de esa forma y se ha escondido tras los terap\u00e9uticos?<\/p>\n\n\n\n<p>\u00bfAcaso la&nbsp;<strong>FAC<\/strong>&nbsp;es una \u201c<strong>Federaci\u00f3n de Enfermos Usuarios de Cannabis<\/strong>\u201d?<\/p>\n\n\n\n<p>Aunque no puedo dar respuestas por la&nbsp;<strong>FAC<\/strong>, entiendo que lo m\u00e1s plausible es que hablar de \u201cenfermitos que toman cannabis por necesidad m\u00e9dica\u201d o \u201cusuarios terap\u00e9uticos\u201d es mucho m\u00e1s f\u00e1cil de vender a la opini\u00f3n p\u00fablica en \u00e9poca de elecciones.&nbsp;<br>\u00bfQui\u00e9n va a tirar contra los que piden una medicina para unos usos \u201ccompasivos\u201d autorizados a los pobres enfermos? Nadie con inteligencia lo har\u00eda, so riesgo de parecer \u201cpoco humano\u201d.<\/p>\n\n\n\n<p>El enorme precio a pagar -por el \u201cfotoacuerdo\u201d alcanzado- al eliminar los\/as usuarios\/as que no sean terap\u00e9uticos\/as, es suficiente para que el acuerdo pierda el 99% de su valor. La cosa no tiene&nbsp;<strong>NI PUTA GRACIA<\/strong>. No es que el asunto de los usuarios terap\u00e9uticos -\u201colvidarse\u201d de los fumetas l\u00fadicos- sea la \u00fanica perlita del documento: hay m\u00e1s.&nbsp;<br>Continuamos.<\/p>\n\n\n\n<p>Los otros dos puntos que completan el \u201cobjeto del convenio\u201d son:<br>\u201c<em>La aprobaci\u00f3n de una normativa espec\u00edfica para las asociaciones y clubes sociales de&nbsp;c\u00e1nnabis residentes en Baleares<\/em>\u201d y \u201c<em>El desarrollo conjunto de progamas [SIC] informativos en materia de prevenci\u00f3n y promoci\u00f3n de la salud en el \u00e1mbito de las drogodependencias<\/em>.\u201d<\/p>\n\n\n\n<p>Aludir a la normativa espec\u00edfica, es repetir parte de lo ya escrito. La \u201cnovedad\u201d es que se vayan a realizar programas de prevenci\u00f3n, de forma conjunta, en el \u00e1mbito de las drogodependencias.<\/p>\n\n\n\n<p>En esa \u00faltima frase se encuentra \u201cotra\u201d de las curiosidades: prevenci\u00f3n.&nbsp;<br>Es una palabra que suena bien -de forma general- a la mayor\u00eda de o\u00eddos, pero que cuando se habla de drogas, \u201cprevenci\u00f3n\u201d representa una actitud: la de no aceptar NING\u00daN consumo.&nbsp;<br>De esa premisa b\u00e1sica se deriva todo el modelo de intervenci\u00f3n \u201cpreventiva\u201d, que consiste en decir que las drogas son malas y desaconsejar su uso siempre. Nada de an\u00e1lisis de drogas o consejos para un consumo m\u00e1s seguro: prevenci\u00f3n es \u201c<strong>DI NO A LAS DROGAS<\/strong>\u201d y no hay m\u00e1s que hablar.<\/p>\n\n\n\n<p>Los tres puntos siguientes del acuerdo -que lo completan- no dicen mucho, aunque deber\u00edan decirlo porque son en realidad los que deber\u00edan contar \u201cqu\u00e9 piensan hacer exactamente\u201d. El primero cuenta que el compromiso se firma con el prop\u00f3sito de llevar -a la c\u00e1mara auton\u00f3mica- iniciativas para regular el uso de cannabis. Pero en realidad no se comprometen a hacerlo, s\u00f3lo se comprometen a que sea ese el \u201cprop\u00f3sito\u201d: una simple expresi\u00f3n de buenas voluntades en campa\u00f1a electoral, again.<\/p>\n\n\n\n<p>El segundo punto s\u00f3lo dice que tienen un acuerdo de respeto mutuo y de voluntad (s\u00ed, s\u00f3lo voluntad) de participar en las iniciativas que se pudieran presentar. Y el \u00faltimo punto, sobre la vigencia de este \u201cpacto\u201d, que advierte la extinci\u00f3n del acuerdo el 30 de abril del 2016, salvo pr\u00f3rroga por aceptada por todas las partes. Y ah\u00ed termina con los firmantes del \u201cpacto\u201d y la fecha del mismo: d\u00eda 30 de abril del 2015.<\/p>\n\n\n\n<p>\u00bfLo encontr\u00e1is satisfactorio? \u00bfUna gran alegr\u00eda? \u00bfSalvable por los pelos? \u00bfQu\u00e9?<br>No me satisface aquello que, siendo hist\u00f3ricamente una lucha pol\u00edtica de largo recorrido, no aporta concreciones que digan claramente \u201cc\u00f3mo se beneficiar\u00e1n los fumetas de Baleares\u201d con el cacareado acuerdo.<\/p>\n\n\n\n<p>Parece una \u201cfoto de la<strong>&nbsp;FAC<\/strong>&nbsp;y una parte de los actores pol\u00edticos locales\u201d en donde los \u00fanicos que han ganado algo son los partidos: con muy poco coste y riesgo, as\u00ed como limit\u00e1ndolo a 4 gatos dentro del asunto cann\u00e1bico -al haber conseguido que la&nbsp;<strong>FAC<\/strong>&nbsp;cediera \u201chaciendo desaparecer\u201d a los usuarios no terap\u00e9uticos de cannabis- consiguen una foto p\u00fablica beneficiosa y en plena campa\u00f1a para venderla al electorado cuando sea necesario hacerlo.<\/p>\n\n\n\n<p>\u00bfY la&nbsp;<strong>FAC<\/strong>? \u00bfC\u00f3mo firma semejante acuerdo? \u00bfQu\u00e9 gana realmente?<br>Eso ser\u00e1 mejor que se lo pregunt\u00e9is a ellos y no quer\u00e1is saber mi opini\u00f3n, porque deja a ambos lados firmantes como \u201centes especulares\u201d que hacen -en esencia- lo mismo. Os animo a que lo hag\u00e1is, a que le pid\u00e1is su versi\u00f3n del pacto a quienes lo han firmado y a que tom\u00e9is buena nota de lo que os digan porque, en general, tenemos poca memoria. En el a\u00f1o 2009, ese parlamento auton\u00f3mico, aprob\u00f3 una proposici\u00f3n al gobierno nacional: que los m\u00e9dicos pudieran recetar cannabis, obviamente a s\u00f3lo a pacientes (usuarios terap\u00e9uticos).<\/p>\n\n\n\n<p>\u00bfHay un solo paciente en todo Baleares que tenga prescrito -casi 6 a\u00f1os despu\u00e9s- cannabis para una dolencia? No tengo certeza, pero me jugar\u00eda todo lo que tengo a que no existe ni uno solo. Ning\u00fan m\u00e9dico te prescribir\u00e1 algo que el estado no le permite: no creas que van a poner en juego su licencia por ayudarte. Y tras estos 6 a\u00f1os transcurridos, sabed que ni todos ellos han servido para que el estado acepte el uso medicinal del cannabis, ni a nivel nacional ni en Baleares. Aquello acab\u00f3 como papel mojado: otra foto pol\u00edtica m\u00e1s usando al cannabis, a pesar de ser aprobado en el parlamento auton\u00f3mico.<\/p>\n\n\n\n<p>Y si 6 a\u00f1os (hasta ahora) te parecen poco tiempo para lograr algo as\u00ed, podemos ir al a\u00f1o 2001 (14 a\u00f1os atr\u00e1s) en que el mismo parlamento aprob\u00f3 una petici\u00f3n pr\u00e1cticamente igual y que el entonces ejecutivo -en manos de un se\u00f1or bajito y con bigote al que no le gusta que le digan cu\u00e1nto vino tiene que beber- no se molest\u00f3 ni en leer. Y si hubiera sido un poco m\u00e1s molesta -del estilo de lo aprobado por la c\u00e1mara auton\u00f3mica de Navarra en el 2014- nada m\u00e1s llegar al gobierno estatal, en vez de ignorarla y dejarla morir, la hubieran mandado al Tribunal Constitucional. Esta corte matar\u00eda la ley en base a las competencias estatales y para recordarle, a la autonom\u00eda levantisca de turno, que en drogas s\u00f3lo mandan ellos haciendo uso del cachondeo competencial de nuestro pa\u00eds. El estado no permitir\u00e1 que ninguna autonom\u00eda le lleve la contraria en materia de droga, y es el mismo gobierno el que nombra a los jueces de ese tribunal.<\/p>\n\n\n\n<p>Para terminar cierro con algo que, a falta de espacio, no voy a explorar ahora pero es el punto m\u00e1s b\u00e1sico -para muchos entre los que me incluyo- de un movimiento cann\u00e1bico y activista, que realmente luche por los usuarios: el autocultivo como herramienta defensora ante el mercado negro.&nbsp;<br>Tampoco existe menci\u00f3n alguna, en la documento de la&nbsp;<strong>FAC<\/strong>, al autocultivo de los ciudadanos que usan cannabis de forma terap\u00e9utica en Baleares, y su derecho a seguir haci\u00e9ndolo sin ser molestados, a pesar de citar a CSCs y asociaciones.<br>Nada de autocultivo. Ni hablar de ello.<br>Cero.<\/p>\n\n\n\n<p>O el autocultivo de cannabis no existe en Baleares o no les quedaba espacio para mencionarlo, en dicho documento.&nbsp;<br>No quiero pensar siempre mal y encima acertar.<\/p>\n","protected":false},"excerpt":{"rendered":"<span class=\"span-reading-time rt-reading-time\" style=\"display: block;\"><span class=\"rt-label rt-prefix\">Tiempo de lectura:<\/span> <span class=\"rt-time\"> 8<\/span> <span class=\"rt-label rt-postfix\">minutos<\/span><\/span>Por Drogoteca El mi\u00e9rcoles pasado recib\u00edamos v\u00eda Internet la noticia de un pacto sorprendente&#8230; El&nbsp;ABC, a eso de las 5 y media de la tarde, daba la noticia en una escueta nota que titulaba:&nbsp;\u201cPSIB (el PSOE en Islas Baleares), M\u00c9S, Podemos, Guanyem y UPyD se comprometen a regular uso del cannabis\u201d. La primera reacci\u00f3n fue [&hellip;]","protected":false},"author":1,"featured_media":4551,"comment_status":"closed","ping_status":"closed","sticky":false,"template":"","format":"standard","meta":{"loftocean-featured-post":"","loftocean_post_format_gallery":"","loftocean_post_format_gallery_ids":"","loftocean_post_format_gallery_urls":"","loftocean_post_format_video_id":"","loftocean_post_format_video_url":"","loftocean_post_format_video_type":"","loftocean_post_format_video":"","loftocean_post_format_audio_type":"","loftocean_post_format_audio_url":"","loftocean_post_format_audio_id":"","loftocean_post_format_audio":"","loftocean_post_format_quote_text":"","loftocean_post_format_quote_byline":"","loftocean_post_format_link_text":"","loftocean_post_format_link_url":"","ceramag_post_header_style":"","ceramag_enable_background_video":"","ceramag_show_in_top_slider":"","ceramag_post_background_video_start":"","ceramag_post_background_video_end":"","loftocean_page_background_video_id":"","loftocean_page_background_video_url":"","loftocean_page_background_video_type":"","loftocean_page_background_video":"","ceramag_background_video_start":"","ceramag_background_video_end":"","ceramag_single_page_hide_header":"","footnotes":""},"categories":[35],"tags":[1450,41,42],"class_list":["post-4550","post","type-post","status-publish","format-standard","has-post-thumbnail","hentry","category-politica-y-sociedad","tag-baleares","tag-cannabis","tag-politica"],"yoast_head":"<!-- This site is optimized with the Yoast SEO plugin v24.9 - https:\/\/yoast.com\/wordpress\/plugins\/seo\/ -->\n<title>Activismo, pol\u00edtica y fotoportunismo: Islas Baleares y cannabis<\/title>\n<meta name=\"description\" content=\"Entrada &#8226; Portal multimedia sobre cannabis y otras sustancias &#8226; 12 mayo, 2015\" \/>\n<meta name=\"robots\" content=\"index, follow, max-snippet:-1, max-image-preview:large, max-video-preview:-1\" \/>\n<link rel=\"canonical\" href=\"https:\/\/www.cannabis.es\/pw\/2015\/05\/12\/activismo-politica-y-fotoportunismo-islas-baleares-y-cannabis\/\" \/>\n<meta name=\"twitter:card\" content=\"summary_large_image\" \/>\n<meta name=\"twitter:title\" content=\"Activismo, pol\u00edtica y fotoportunismo: Islas Baleares y cannabis\" \/>\n<meta name=\"twitter:description\" content=\"Entrada &#8226; Portal multimedia sobre cannabis y otras sustancias &#8226; 12 mayo, 2015\" \/>\n<meta name=\"twitter:image\" content=\"https:\/\/www.cannabis.es\/pw\/wp-content\/uploads\/2020\/05\/balears.jpg\" \/>\n<meta name=\"twitter:creator\" content=\"@cannabis_es\" \/>\n<meta name=\"twitter:site\" content=\"@cannabis_es\" \/>\n<meta name=\"twitter:label1\" content=\"Escrito por\" \/>\n\t<meta name=\"twitter:data1\" content=\"Cannabis.es\" \/>\n\t<meta name=\"twitter:label2\" content=\"Tiempo de lectura\" \/>\n\t<meta name=\"twitter:data2\" content=\"13 minutos\" \/>\n<script type=\"application\/ld+json\" class=\"yoast-schema-graph\">{\"@context\":\"https:\/\/schema.org\",\"@graph\":[{\"@type\":\"Article\",\"@id\":\"https:\/\/www.cannabis.es\/pw\/2015\/05\/12\/activismo-politica-y-fotoportunismo-islas-baleares-y-cannabis\/#article\",\"isPartOf\":{\"@id\":\"https:\/\/www.cannabis.es\/pw\/2015\/05\/12\/activismo-politica-y-fotoportunismo-islas-baleares-y-cannabis\/\"},\"author\":{\"name\":\"Cannabis.es\",\"@id\":\"https:\/\/www.cannabis.es\/pw\/#\/schema\/person\/e2fbd204580cf4fe74c79b82bc447374\"},\"headline\":\"Activismo, pol\u00edtica y fotoportunismo: Islas Baleares y cannabis\",\"datePublished\":\"2015-05-12T11:08:20+00:00\",\"dateModified\":\"2020-06-07T15:17:51+00:00\",\"mainEntityOfPage\":{\"@id\":\"https:\/\/www.cannabis.es\/pw\/2015\/05\/12\/activismo-politica-y-fotoportunismo-islas-baleares-y-cannabis\/\"},\"wordCount\":2586,\"publisher\":{\"@id\":\"https:\/\/www.cannabis.es\/pw\/#organization\"},\"image\":{\"@id\":\"https:\/\/www.cannabis.es\/pw\/2015\/05\/12\/activismo-politica-y-fotoportunismo-islas-baleares-y-cannabis\/#primaryimage\"},\"thumbnailUrl\":\"https:\/\/www.cannabis.es\/pw\/wp-content\/uploads\/2020\/05\/balears.jpg\",\"keywords\":[\"Baleares\",\"cannabis\",\"pol\u00edtica\"],\"articleSection\":[\"Pol\u00edtica y Sociedad\"],\"inLanguage\":\"es\"},{\"@type\":\"WebPage\",\"@id\":\"https:\/\/www.cannabis.es\/pw\/2015\/05\/12\/activismo-politica-y-fotoportunismo-islas-baleares-y-cannabis\/\",\"url\":\"https:\/\/www.cannabis.es\/pw\/2015\/05\/12\/activismo-politica-y-fotoportunismo-islas-baleares-y-cannabis\/\",\"name\":\"Activismo, pol\u00edtica y fotoportunismo: Islas Baleares y cannabis\",\"isPartOf\":{\"@id\":\"https:\/\/www.cannabis.es\/pw\/#website\"},\"primaryImageOfPage\":{\"@id\":\"https:\/\/www.cannabis.es\/pw\/2015\/05\/12\/activismo-politica-y-fotoportunismo-islas-baleares-y-cannabis\/#primaryimage\"},\"image\":{\"@id\":\"https:\/\/www.cannabis.es\/pw\/2015\/05\/12\/activismo-politica-y-fotoportunismo-islas-baleares-y-cannabis\/#primaryimage\"},\"thumbnailUrl\":\"https:\/\/www.cannabis.es\/pw\/wp-content\/uploads\/2020\/05\/balears.jpg\",\"datePublished\":\"2015-05-12T11:08:20+00:00\",\"dateModified\":\"2020-06-07T15:17:51+00:00\",\"description\":\"Entrada &#8226; Portal multimedia sobre cannabis y otras sustancias &#8226; 12 mayo, 2015\",\"breadcrumb\":{\"@id\":\"https:\/\/www.cannabis.es\/pw\/2015\/05\/12\/activismo-politica-y-fotoportunismo-islas-baleares-y-cannabis\/#breadcrumb\"},\"inLanguage\":\"es\",\"potentialAction\":[{\"@type\":\"ReadAction\",\"target\":[\"https:\/\/www.cannabis.es\/pw\/2015\/05\/12\/activismo-politica-y-fotoportunismo-islas-baleares-y-cannabis\/\"]}]},{\"@type\":\"ImageObject\",\"inLanguage\":\"es\",\"@id\":\"https:\/\/www.cannabis.es\/pw\/2015\/05\/12\/activismo-politica-y-fotoportunismo-islas-baleares-y-cannabis\/#primaryimage\",\"url\":\"https:\/\/www.cannabis.es\/pw\/wp-content\/uploads\/2020\/05\/balears.jpg\",\"contentUrl\":\"https:\/\/www.cannabis.es\/pw\/wp-content\/uploads\/2020\/05\/balears.jpg\",\"width\":959,\"height\":475},{\"@type\":\"BreadcrumbList\",\"@id\":\"https:\/\/www.cannabis.es\/pw\/2015\/05\/12\/activismo-politica-y-fotoportunismo-islas-baleares-y-cannabis\/#breadcrumb\",\"itemListElement\":[{\"@type\":\"ListItem\",\"position\":1,\"name\":\"Portada\",\"item\":\"http:\/\/www.cannabis.es\/pw\/\"},{\"@type\":\"ListItem\",\"position\":2,\"name\":\"Activismo, pol\u00edtica y fotoportunismo: Islas Baleares y cannabis\"}]},{\"@type\":\"WebSite\",\"@id\":\"https:\/\/www.cannabis.es\/pw\/#website\",\"url\":\"https:\/\/www.cannabis.es\/pw\/\",\"name\":\"Cannabis\",\"description\":\"Portal multimedia sobre cannabis y otras sustancias\",\"publisher\":{\"@id\":\"https:\/\/www.cannabis.es\/pw\/#organization\"},\"potentialAction\":[{\"@type\":\"SearchAction\",\"target\":{\"@type\":\"EntryPoint\",\"urlTemplate\":\"https:\/\/www.cannabis.es\/pw\/?s={search_term_string}\"},\"query-input\":{\"@type\":\"PropertyValueSpecification\",\"valueRequired\":true,\"valueName\":\"search_term_string\"}}],\"inLanguage\":\"es\"},{\"@type\":\"Organization\",\"@id\":\"https:\/\/www.cannabis.es\/pw\/#organization\",\"name\":\"Cannabis.es\",\"url\":\"https:\/\/www.cannabis.es\/pw\/\",\"logo\":{\"@type\":\"ImageObject\",\"inLanguage\":\"es\",\"@id\":\"https:\/\/www.cannabis.es\/pw\/#\/schema\/logo\/image\/\",\"url\":\"https:\/\/www.cannabis.es\/pw\/wp-content\/uploads\/2019\/04\/cropped-logo_cannabis.png\",\"contentUrl\":\"https:\/\/www.cannabis.es\/pw\/wp-content\/uploads\/2019\/04\/cropped-logo_cannabis.png\",\"width\":361,\"height\":120,\"caption\":\"Cannabis.es\"},\"image\":{\"@id\":\"https:\/\/www.cannabis.es\/pw\/#\/schema\/logo\/image\/\"},\"sameAs\":[\"https:\/\/x.com\/cannabis_es\"]},{\"@type\":\"Person\",\"@id\":\"https:\/\/www.cannabis.es\/pw\/#\/schema\/person\/e2fbd204580cf4fe74c79b82bc447374\",\"name\":\"Cannabis.es\",\"image\":{\"@type\":\"ImageObject\",\"inLanguage\":\"es\",\"@id\":\"https:\/\/www.cannabis.es\/pw\/#\/schema\/person\/image\/\",\"url\":\"https:\/\/secure.gravatar.com\/avatar\/4375b1eb6e272e2e48a4b8a8def52e5f208151f555bb5906da616906ee6dd2e8?s=96&d=mm&r=g\",\"contentUrl\":\"https:\/\/secure.gravatar.com\/avatar\/4375b1eb6e272e2e48a4b8a8def52e5f208151f555bb5906da616906ee6dd2e8?s=96&d=mm&r=g\",\"caption\":\"Cannabis.es\"},\"url\":\"https:\/\/www.cannabis.es\/pw\/author\/cannabis\/\"}]}<\/script>\n<!-- \/ Yoast SEO plugin. -->","yoast_head_json":{"title":"Activismo, pol\u00edtica y fotoportunismo: Islas Baleares y cannabis","description":"Entrada &#8226; Portal multimedia sobre cannabis y otras sustancias &#8226; 12 mayo, 2015","robots":{"index":"index","follow":"follow","max-snippet":"max-snippet:-1","max-image-preview":"max-image-preview:large","max-video-preview":"max-video-preview:-1"},"canonical":"https:\/\/www.cannabis.es\/pw\/2015\/05\/12\/activismo-politica-y-fotoportunismo-islas-baleares-y-cannabis\/","twitter_card":"summary_large_image","twitter_title":"Activismo, pol\u00edtica y fotoportunismo: Islas Baleares y cannabis","twitter_description":"Entrada &#8226; Portal multimedia sobre cannabis y otras sustancias &#8226; 12 mayo, 2015","twitter_image":"https:\/\/www.cannabis.es\/pw\/wp-content\/uploads\/2020\/05\/balears.jpg","twitter_creator":"@cannabis_es","twitter_site":"@cannabis_es","twitter_misc":{"Escrito por":"Cannabis.es","Tiempo de lectura":"13 minutos"},"schema":{"@context":"https:\/\/schema.org","@graph":[{"@type":"Article","@id":"https:\/\/www.cannabis.es\/pw\/2015\/05\/12\/activismo-politica-y-fotoportunismo-islas-baleares-y-cannabis\/#article","isPartOf":{"@id":"https:\/\/www.cannabis.es\/pw\/2015\/05\/12\/activismo-politica-y-fotoportunismo-islas-baleares-y-cannabis\/"},"author":{"name":"Cannabis.es","@id":"https:\/\/www.cannabis.es\/pw\/#\/schema\/person\/e2fbd204580cf4fe74c79b82bc447374"},"headline":"Activismo, pol\u00edtica y fotoportunismo: Islas Baleares y cannabis","datePublished":"2015-05-12T11:08:20+00:00","dateModified":"2020-06-07T15:17:51+00:00","mainEntityOfPage":{"@id":"https:\/\/www.cannabis.es\/pw\/2015\/05\/12\/activismo-politica-y-fotoportunismo-islas-baleares-y-cannabis\/"},"wordCount":2586,"publisher":{"@id":"https:\/\/www.cannabis.es\/pw\/#organization"},"image":{"@id":"https:\/\/www.cannabis.es\/pw\/2015\/05\/12\/activismo-politica-y-fotoportunismo-islas-baleares-y-cannabis\/#primaryimage"},"thumbnailUrl":"https:\/\/www.cannabis.es\/pw\/wp-content\/uploads\/2020\/05\/balears.jpg","keywords":["Baleares","cannabis","pol\u00edtica"],"articleSection":["Pol\u00edtica y Sociedad"],"inLanguage":"es"},{"@type":"WebPage","@id":"https:\/\/www.cannabis.es\/pw\/2015\/05\/12\/activismo-politica-y-fotoportunismo-islas-baleares-y-cannabis\/","url":"https:\/\/www.cannabis.es\/pw\/2015\/05\/12\/activismo-politica-y-fotoportunismo-islas-baleares-y-cannabis\/","name":"Activismo, pol\u00edtica y fotoportunismo: Islas Baleares y cannabis","isPartOf":{"@id":"https:\/\/www.cannabis.es\/pw\/#website"},"primaryImageOfPage":{"@id":"https:\/\/www.cannabis.es\/pw\/2015\/05\/12\/activismo-politica-y-fotoportunismo-islas-baleares-y-cannabis\/#primaryimage"},"image":{"@id":"https:\/\/www.cannabis.es\/pw\/2015\/05\/12\/activismo-politica-y-fotoportunismo-islas-baleares-y-cannabis\/#primaryimage"},"thumbnailUrl":"https:\/\/www.cannabis.es\/pw\/wp-content\/uploads\/2020\/05\/balears.jpg","datePublished":"2015-05-12T11:08:20+00:00","dateModified":"2020-06-07T15:17:51+00:00","description":"Entrada &#8226; Portal multimedia sobre cannabis y otras sustancias &#8226; 12 mayo, 2015","breadcrumb":{"@id":"https:\/\/www.cannabis.es\/pw\/2015\/05\/12\/activismo-politica-y-fotoportunismo-islas-baleares-y-cannabis\/#breadcrumb"},"inLanguage":"es","potentialAction":[{"@type":"ReadAction","target":["https:\/\/www.cannabis.es\/pw\/2015\/05\/12\/activismo-politica-y-fotoportunismo-islas-baleares-y-cannabis\/"]}]},{"@type":"ImageObject","inLanguage":"es","@id":"https:\/\/www.cannabis.es\/pw\/2015\/05\/12\/activismo-politica-y-fotoportunismo-islas-baleares-y-cannabis\/#primaryimage","url":"https:\/\/www.cannabis.es\/pw\/wp-content\/uploads\/2020\/05\/balears.jpg","contentUrl":"https:\/\/www.cannabis.es\/pw\/wp-content\/uploads\/2020\/05\/balears.jpg","width":959,"height":475},{"@type":"BreadcrumbList","@id":"https:\/\/www.cannabis.es\/pw\/2015\/05\/12\/activismo-politica-y-fotoportunismo-islas-baleares-y-cannabis\/#breadcrumb","itemListElement":[{"@type":"ListItem","position":1,"name":"Portada","item":"http:\/\/www.cannabis.es\/pw\/"},{"@type":"ListItem","position":2,"name":"Activismo, pol\u00edtica y fotoportunismo: Islas Baleares y cannabis"}]},{"@type":"WebSite","@id":"https:\/\/www.cannabis.es\/pw\/#website","url":"https:\/\/www.cannabis.es\/pw\/","name":"Cannabis","description":"Portal multimedia sobre cannabis y otras sustancias","publisher":{"@id":"https:\/\/www.cannabis.es\/pw\/#organization"},"potentialAction":[{"@type":"SearchAction","target":{"@type":"EntryPoint","urlTemplate":"https:\/\/www.cannabis.es\/pw\/?s={search_term_string}"},"query-input":{"@type":"PropertyValueSpecification","valueRequired":true,"valueName":"search_term_string"}}],"inLanguage":"es"},{"@type":"Organization","@id":"https:\/\/www.cannabis.es\/pw\/#organization","name":"Cannabis.es","url":"https:\/\/www.cannabis.es\/pw\/","logo":{"@type":"ImageObject","inLanguage":"es","@id":"https:\/\/www.cannabis.es\/pw\/#\/schema\/logo\/image\/","url":"https:\/\/www.cannabis.es\/pw\/wp-content\/uploads\/2019\/04\/cropped-logo_cannabis.png","contentUrl":"https:\/\/www.cannabis.es\/pw\/wp-content\/uploads\/2019\/04\/cropped-logo_cannabis.png","width":361,"height":120,"caption":"Cannabis.es"},"image":{"@id":"https:\/\/www.cannabis.es\/pw\/#\/schema\/logo\/image\/"},"sameAs":["https:\/\/x.com\/cannabis_es"]},{"@type":"Person","@id":"https:\/\/www.cannabis.es\/pw\/#\/schema\/person\/e2fbd204580cf4fe74c79b82bc447374","name":"Cannabis.es","image":{"@type":"ImageObject","inLanguage":"es","@id":"https:\/\/www.cannabis.es\/pw\/#\/schema\/person\/image\/","url":"https:\/\/secure.gravatar.com\/avatar\/4375b1eb6e272e2e48a4b8a8def52e5f208151f555bb5906da616906ee6dd2e8?s=96&d=mm&r=g","contentUrl":"https:\/\/secure.gravatar.com\/avatar\/4375b1eb6e272e2e48a4b8a8def52e5f208151f555bb5906da616906ee6dd2e8?s=96&d=mm&r=g","caption":"Cannabis.es"},"url":"https:\/\/www.cannabis.es\/pw\/author\/cannabis\/"}]}},"_links":{"self":[{"href":"https:\/\/www.cannabis.es\/pw\/wp-json\/wp\/v2\/posts\/4550","targetHints":{"allow":["GET"]}}],"collection":[{"href":"https:\/\/www.cannabis.es\/pw\/wp-json\/wp\/v2\/posts"}],"about":[{"href":"https:\/\/www.cannabis.es\/pw\/wp-json\/wp\/v2\/types\/post"}],"author":[{"embeddable":true,"href":"https:\/\/www.cannabis.es\/pw\/wp-json\/wp\/v2\/users\/1"}],"replies":[{"embeddable":true,"href":"https:\/\/www.cannabis.es\/pw\/wp-json\/wp\/v2\/comments?post=4550"}],"version-history":[{"count":2,"href":"https:\/\/www.cannabis.es\/pw\/wp-json\/wp\/v2\/posts\/4550\/revisions"}],"predecessor-version":[{"id":5466,"href":"https:\/\/www.cannabis.es\/pw\/wp-json\/wp\/v2\/posts\/4550\/revisions\/5466"}],"wp:featuredmedia":[{"embeddable":true,"href":"https:\/\/www.cannabis.es\/pw\/wp-json\/wp\/v2\/media\/4551"}],"wp:attachment":[{"href":"https:\/\/www.cannabis.es\/pw\/wp-json\/wp\/v2\/media?parent=4550"}],"wp:term":[{"taxonomy":"category","embeddable":true,"href":"https:\/\/www.cannabis.es\/pw\/wp-json\/wp\/v2\/categories?post=4550"},{"taxonomy":"post_tag","embeddable":true,"href":"https:\/\/www.cannabis.es\/pw\/wp-json\/wp\/v2\/tags?post=4550"}],"curies":[{"name":"wp","href":"https:\/\/api.w.org\/{rel}","templated":true}]}}