{"id":4679,"date":"2020-05-20T15:13:36","date_gmt":"2020-05-20T13:13:36","guid":{"rendered":"http:\/\/www.cannabis.es\/pw\/?p=4679"},"modified":"2020-07-13T13:41:17","modified_gmt":"2020-07-13T11:41:17","slug":"el-cannabis-se-cae-de-la-agenda-politica","status":"publish","type":"post","link":"https:\/\/www.cannabis.es\/pw\/2020\/05\/20\/el-cannabis-se-cae-de-la-agenda-politica\/","title":{"rendered":"El cannabis se cae de la agenda pol\u00edtica"},"content":{"rendered":"\n<p>Arnau Alcaide<\/p>\n\n\n\n<p>Con casi toda Espa\u00f1a en la primera fase de la desescalada, las asociaciones cann\u00e1bicas empiezan a reabrir y la posibilidad de desplazarse vuelve a permitir el abastecimiento de esta planta a las personas que la usan y la trabajan. Entramos en la Nueva Normalidad, sin menciones pol\u00edticas del agravio comparativo al colectivo durante el estado de alarma, lejos de vislumbrar el fin de la persecuci\u00f3n y a sabiendas de que la relativa normalidad de las personas usuarias puede volver a contraerse hasta estos nuevos l\u00edmites postpand\u00e9micos.<\/p>\n\n\n\n<hr class=\"wp-block-separator\"\/>\n\n\n\n<p>La&nbsp;<strong>posici\u00f3n actual de los partidos<\/strong>&nbsp;pol\u00edticos de \u00e1mbito estatal en la cuesti\u00f3n de la regulaci\u00f3n del cannabis&nbsp;<a href=\"http:\/\/www.cannabis.es\/pw\/2019\/03\/29\/el-futuro-del-cannabis-en-espana-espera-a-las-elecciones\/\">viene siendo la misma estos \u00faltimos a\u00f1os<\/a>, con la propuesta integral de Podemos, la medicinal de Ciudadanos y la negativa de PP y PSOE, con la curiosidad de que este \u00faltimo s\u00ed que ha aprobado propuestas de regulaci\u00f3n auton\u00f3micas junto a partidos regionalistas, que no obstante carec\u00edan de competencia reguladora en la materia, como resolvi\u00f3 el Tribunal Constitucional al tumbar la Ley Catalana de Asociaciones. Un apoyo, el del PSOE en las autonom\u00edas, que no se ha traducido en elevar el di\u00e1logo al Gobierno. Asturias, Cantabria, Pa\u00eds Vasco, La Rioja, Castilla y Le\u00f3n, Catalu\u00f1a, Valencia, Baleares, Extremadura, Murcia, Andaluc\u00eda y Canarias, son comunidades donde el PSOE ha apoyado iniciativas legislativas que despu\u00e9s no ha refrendado en el estado.<\/p>\n\n\n\n<p>En Podemos, pese a que<strong>&nbsp;el c\u00edrculo cann\u00e1bico entreg\u00f3 el 6 de abril en el grupo parlamentario una propuesta de reapertura de las Asociaciones Cann\u00e1bicas<\/strong>&nbsp;durante la cuarentena para responder a las necesidades de las personas usuarias, la formaci\u00f3n morada no ha recogido el guante, como s\u00ed han hecho&nbsp;<a href=\"https:\/\/okdiario.com\/espana\/sector-cannabico-podemos-pide-que-abran-clubes-marihuana-durante-estado-alarma-5418409\">algunos medios de comunicaci\u00f3n conservadores<\/a>. Resta la pregunta de por qu\u00e9 replican una informaci\u00f3n que creen que gustar\u00e1 a su p\u00fablico y, por el mismo motivo, vi\u00e9ndose da\u00f1ados por ella, no lo hace Unidas Podemos.<\/p>\n\n\n\n<p>La&nbsp;<a href=\"http:\/\/www.cannabis.es\/pw\/2020\/02\/28\/confac-echa-raices-frente-al-congreso\/\">Confederaci\u00f3n de Asociaciones Cann\u00e1bicas estuvo frente al Congreso<\/a>&nbsp;a finales de febrero en lo que result\u00f3 un acercamiento primerizo a los partidos, que todav\u00eda no han hecho declaraciones relevantes acerca de una posible regulaci\u00f3n. Es un tema relegado en la situaci\u00f3n actual y que depende de un fuerte clima de opini\u00f3n para erigirse, o de lo contrario todo indica que no va a ser prioritario para el gobierno.<\/p>\n\n\n\n<p>Poco antes, a comienzos de mes, el Observatorio Europeo de Consumo y Cultivo de Cannabis, conocido como OECCC, de origen espa\u00f1ol y mucha presencia valenciana,&nbsp;<a href=\"http:\/\/www.cannabis.es\/pw\/2020\/04\/22\/el-oeccc-defiende-el-cannabis-en-la-comision-de-estupefacientes-de-la-onu\/\">ya se hab\u00eda reunido con los partidos<\/a>&nbsp;para plantearles su propuesta de regulaci\u00f3n basada en criterios cient\u00edficos y sociales. Esquerra Republicana, Unidas Podemos, M\u00e1s Pa\u00eds, Comprom\u00eds, Ciudadanos y PNV fueron algunos de los grupos pol\u00edticos que recibieron a los representantes del OECCC. Su presidenta, Noem\u00ed S\u00e1nchez, explic\u00f3 a este medio entonces que no ten\u00edan&nbsp;<em>\u00abplazos\u00bb<\/em>. Desde Unidas Podemos pidieron&nbsp;<em>\u00abtiempo\u00bb<\/em>.<br><br>Desde M\u00e1s Pa\u00eds, Jorge Moruno registraba ayer jueves una proposici\u00f3n de ley para regular integralmente el cannabis. Como los intentos anteriores, este acto quedar\u00e1 en un hecho simb\u00f3lico no respaldado, porque tampoco existe un acuerdo de consenso entre fuerzas pol\u00edticas, pero sirve de advertencia a Podemos para el liderazgo pol\u00edtico del colectivo. Ya en las elecciones, M\u00e1s Pa\u00eds llevaba en su programa de puntos la regulaci\u00f3n del c\u00e1\u00f1amo, y ahora apuestan por una regulaci\u00f3n integral de la planta.<br><br><br><\/p>\n","protected":false},"excerpt":{"rendered":"<span class=\"span-reading-time rt-reading-time\" style=\"display: block;\"><span class=\"rt-label rt-prefix\">Tiempo de lectura:<\/span> <span class=\"rt-time\"> 2<\/span> <span class=\"rt-label rt-postfix\">minutos<\/span><\/span>Entramos en la Nueva Normalidad, sin menciones pol\u00edticas del agravio comparativo al colectivo durante el estado de alarma, lejos de vislumbrar el fin de la persecuci\u00f3n.","protected":false},"author":1,"featured_media":4680,"comment_status":"closed","ping_status":"closed","sticky":false,"template":"","format":"standard","meta":{"loftocean-featured-post":"","loftocean_post_format_gallery":"","loftocean_post_format_gallery_ids":"","loftocean_post_format_gallery_urls":"","loftocean_post_format_video_id":"","loftocean_post_format_video_url":"","loftocean_post_format_video_type":"","loftocean_post_format_video":"","loftocean_post_format_audio_type":"","loftocean_post_format_audio_url":"","loftocean_post_format_audio_id":"","loftocean_post_format_audio":"","loftocean_post_format_quote_text":"","loftocean_post_format_quote_byline":"","loftocean_post_format_link_text":"","loftocean_post_format_link_url":"","ceramag_post_header_style":"","ceramag_enable_background_video":"","ceramag_show_in_top_slider":"","ceramag_post_background_video_start":"","ceramag_post_background_video_end":"","loftocean_page_background_video_id":"","loftocean_page_background_video_url":"","loftocean_page_background_video_type":"","loftocean_page_background_video":"","ceramag_background_video_start":"","ceramag_background_video_end":"","ceramag_single_page_hide_header":"","footnotes":""},"categories":[35],"tags":[540,654,54,42,792],"class_list":["post-4679","post","type-post","status-publish","format-standard","has-post-thumbnail","hentry","category-politica-y-sociedad","tag-arnau-alcaide","tag-coronavirus","tag-legalizacion","tag-politica","tag-regulacion-del-cannabis"],"yoast_head":"<!-- This site is optimized with the Yoast SEO plugin v24.9 - https:\/\/yoast.com\/wordpress\/plugins\/seo\/ -->\n<title>El cannabis se cae de la agenda pol\u00edtica<\/title>\n<meta name=\"description\" content=\"Entrada &#8226; Portal multimedia sobre cannabis y otras sustancias &#8226; 20 mayo, 2020\" \/>\n<meta name=\"robots\" content=\"index, follow, max-snippet:-1, max-image-preview:large, max-video-preview:-1\" \/>\n<link rel=\"canonical\" href=\"https:\/\/www.cannabis.es\/pw\/2020\/05\/20\/el-cannabis-se-cae-de-la-agenda-politica\/\" \/>\n<meta name=\"twitter:card\" content=\"summary_large_image\" \/>\n<meta name=\"twitter:title\" content=\"El cannabis se cae de la agenda pol\u00edtica\" \/>\n<meta name=\"twitter:description\" content=\"Entrada &#8226; Portal multimedia sobre cannabis y otras sustancias &#8226; 20 mayo, 2020\" \/>\n<meta name=\"twitter:image\" content=\"https:\/\/www.cannabis.es\/pw\/wp-content\/uploads\/2020\/05\/portada-cannabis-postcovid.jpg\" \/>\n<meta name=\"twitter:creator\" content=\"@cannabis_es\" \/>\n<meta name=\"twitter:site\" content=\"@cannabis_es\" \/>\n<meta name=\"twitter:label1\" content=\"Escrito por\" \/>\n\t<meta name=\"twitter:data1\" content=\"Cannabis.es\" \/>\n\t<meta name=\"twitter:label2\" content=\"Tiempo de lectura\" \/>\n\t<meta name=\"twitter:data2\" content=\"3 minutos\" \/>\n<script type=\"application\/ld+json\" class=\"yoast-schema-graph\">{\"@context\":\"https:\/\/schema.org\",\"@graph\":[{\"@type\":\"Article\",\"@id\":\"https:\/\/www.cannabis.es\/pw\/2020\/05\/20\/el-cannabis-se-cae-de-la-agenda-politica\/#article\",\"isPartOf\":{\"@id\":\"https:\/\/www.cannabis.es\/pw\/2020\/05\/20\/el-cannabis-se-cae-de-la-agenda-politica\/\"},\"author\":{\"name\":\"Cannabis.es\",\"@id\":\"https:\/\/www.cannabis.es\/pw\/#\/schema\/person\/e2fbd204580cf4fe74c79b82bc447374\"},\"headline\":\"El cannabis se cae de la agenda pol\u00edtica\",\"datePublished\":\"2020-05-20T13:13:36+00:00\",\"dateModified\":\"2020-07-13T11:41:17+00:00\",\"mainEntityOfPage\":{\"@id\":\"https:\/\/www.cannabis.es\/pw\/2020\/05\/20\/el-cannabis-se-cae-de-la-agenda-politica\/\"},\"wordCount\":617,\"publisher\":{\"@id\":\"https:\/\/www.cannabis.es\/pw\/#organization\"},\"image\":{\"@id\":\"https:\/\/www.cannabis.es\/pw\/2020\/05\/20\/el-cannabis-se-cae-de-la-agenda-politica\/#primaryimage\"},\"thumbnailUrl\":\"https:\/\/www.cannabis.es\/pw\/wp-content\/uploads\/2020\/05\/portada-cannabis-postcovid.jpg\",\"keywords\":[\"Arnau Alcaide\",\"coronavirus\",\"legalizaci\u00f3n\",\"pol\u00edtica\",\"regulaci\u00f3n del cannabis\"],\"articleSection\":[\"Pol\u00edtica y Sociedad\"],\"inLanguage\":\"es\"},{\"@type\":\"WebPage\",\"@id\":\"https:\/\/www.cannabis.es\/pw\/2020\/05\/20\/el-cannabis-se-cae-de-la-agenda-politica\/\",\"url\":\"https:\/\/www.cannabis.es\/pw\/2020\/05\/20\/el-cannabis-se-cae-de-la-agenda-politica\/\",\"name\":\"El cannabis se cae de la agenda pol\u00edtica\",\"isPartOf\":{\"@id\":\"https:\/\/www.cannabis.es\/pw\/#website\"},\"primaryImageOfPage\":{\"@id\":\"https:\/\/www.cannabis.es\/pw\/2020\/05\/20\/el-cannabis-se-cae-de-la-agenda-politica\/#primaryimage\"},\"image\":{\"@id\":\"https:\/\/www.cannabis.es\/pw\/2020\/05\/20\/el-cannabis-se-cae-de-la-agenda-politica\/#primaryimage\"},\"thumbnailUrl\":\"https:\/\/www.cannabis.es\/pw\/wp-content\/uploads\/2020\/05\/portada-cannabis-postcovid.jpg\",\"datePublished\":\"2020-05-20T13:13:36+00:00\",\"dateModified\":\"2020-07-13T11:41:17+00:00\",\"description\":\"Entrada &#8226; Portal multimedia sobre cannabis y otras sustancias &#8226; 20 mayo, 2020\",\"breadcrumb\":{\"@id\":\"https:\/\/www.cannabis.es\/pw\/2020\/05\/20\/el-cannabis-se-cae-de-la-agenda-politica\/#breadcrumb\"},\"inLanguage\":\"es\",\"potentialAction\":[{\"@type\":\"ReadAction\",\"target\":[\"https:\/\/www.cannabis.es\/pw\/2020\/05\/20\/el-cannabis-se-cae-de-la-agenda-politica\/\"]}]},{\"@type\":\"ImageObject\",\"inLanguage\":\"es\",\"@id\":\"https:\/\/www.cannabis.es\/pw\/2020\/05\/20\/el-cannabis-se-cae-de-la-agenda-politica\/#primaryimage\",\"url\":\"https:\/\/www.cannabis.es\/pw\/wp-content\/uploads\/2020\/05\/portada-cannabis-postcovid.jpg\",\"contentUrl\":\"https:\/\/www.cannabis.es\/pw\/wp-content\/uploads\/2020\/05\/portada-cannabis-postcovid.jpg\",\"width\":959,\"height\":475},{\"@type\":\"BreadcrumbList\",\"@id\":\"https:\/\/www.cannabis.es\/pw\/2020\/05\/20\/el-cannabis-se-cae-de-la-agenda-politica\/#breadcrumb\",\"itemListElement\":[{\"@type\":\"ListItem\",\"position\":1,\"name\":\"Portada\",\"item\":\"http:\/\/www.cannabis.es\/pw\/\"},{\"@type\":\"ListItem\",\"position\":2,\"name\":\"El cannabis se cae de la agenda pol\u00edtica\"}]},{\"@type\":\"WebSite\",\"@id\":\"https:\/\/www.cannabis.es\/pw\/#website\",\"url\":\"https:\/\/www.cannabis.es\/pw\/\",\"name\":\"Cannabis\",\"description\":\"Portal multimedia sobre cannabis y otras sustancias\",\"publisher\":{\"@id\":\"https:\/\/www.cannabis.es\/pw\/#organization\"},\"potentialAction\":[{\"@type\":\"SearchAction\",\"target\":{\"@type\":\"EntryPoint\",\"urlTemplate\":\"https:\/\/www.cannabis.es\/pw\/?s={search_term_string}\"},\"query-input\":{\"@type\":\"PropertyValueSpecification\",\"valueRequired\":true,\"valueName\":\"search_term_string\"}}],\"inLanguage\":\"es\"},{\"@type\":\"Organization\",\"@id\":\"https:\/\/www.cannabis.es\/pw\/#organization\",\"name\":\"Cannabis.es\",\"url\":\"https:\/\/www.cannabis.es\/pw\/\",\"logo\":{\"@type\":\"ImageObject\",\"inLanguage\":\"es\",\"@id\":\"https:\/\/www.cannabis.es\/pw\/#\/schema\/logo\/image\/\",\"url\":\"https:\/\/www.cannabis.es\/pw\/wp-content\/uploads\/2019\/04\/cropped-logo_cannabis.png\",\"contentUrl\":\"https:\/\/www.cannabis.es\/pw\/wp-content\/uploads\/2019\/04\/cropped-logo_cannabis.png\",\"width\":361,\"height\":120,\"caption\":\"Cannabis.es\"},\"image\":{\"@id\":\"https:\/\/www.cannabis.es\/pw\/#\/schema\/logo\/image\/\"},\"sameAs\":[\"https:\/\/x.com\/cannabis_es\"]},{\"@type\":\"Person\",\"@id\":\"https:\/\/www.cannabis.es\/pw\/#\/schema\/person\/e2fbd204580cf4fe74c79b82bc447374\",\"name\":\"Cannabis.es\",\"image\":{\"@type\":\"ImageObject\",\"inLanguage\":\"es\",\"@id\":\"https:\/\/www.cannabis.es\/pw\/#\/schema\/person\/image\/\",\"url\":\"https:\/\/secure.gravatar.com\/avatar\/4375b1eb6e272e2e48a4b8a8def52e5f208151f555bb5906da616906ee6dd2e8?s=96&d=mm&r=g\",\"contentUrl\":\"https:\/\/secure.gravatar.com\/avatar\/4375b1eb6e272e2e48a4b8a8def52e5f208151f555bb5906da616906ee6dd2e8?s=96&d=mm&r=g\",\"caption\":\"Cannabis.es\"},\"url\":\"https:\/\/www.cannabis.es\/pw\/author\/cannabis\/\"}]}<\/script>\n<!-- \/ Yoast SEO plugin. -->","yoast_head_json":{"title":"El cannabis se cae de la agenda pol\u00edtica","description":"Entrada &#8226; Portal multimedia sobre cannabis y otras sustancias &#8226; 20 mayo, 2020","robots":{"index":"index","follow":"follow","max-snippet":"max-snippet:-1","max-image-preview":"max-image-preview:large","max-video-preview":"max-video-preview:-1"},"canonical":"https:\/\/www.cannabis.es\/pw\/2020\/05\/20\/el-cannabis-se-cae-de-la-agenda-politica\/","twitter_card":"summary_large_image","twitter_title":"El cannabis se cae de la agenda pol\u00edtica","twitter_description":"Entrada &#8226; Portal multimedia sobre cannabis y otras sustancias &#8226; 20 mayo, 2020","twitter_image":"https:\/\/www.cannabis.es\/pw\/wp-content\/uploads\/2020\/05\/portada-cannabis-postcovid.jpg","twitter_creator":"@cannabis_es","twitter_site":"@cannabis_es","twitter_misc":{"Escrito por":"Cannabis.es","Tiempo de lectura":"3 minutos"},"schema":{"@context":"https:\/\/schema.org","@graph":[{"@type":"Article","@id":"https:\/\/www.cannabis.es\/pw\/2020\/05\/20\/el-cannabis-se-cae-de-la-agenda-politica\/#article","isPartOf":{"@id":"https:\/\/www.cannabis.es\/pw\/2020\/05\/20\/el-cannabis-se-cae-de-la-agenda-politica\/"},"author":{"name":"Cannabis.es","@id":"https:\/\/www.cannabis.es\/pw\/#\/schema\/person\/e2fbd204580cf4fe74c79b82bc447374"},"headline":"El cannabis se cae de la agenda pol\u00edtica","datePublished":"2020-05-20T13:13:36+00:00","dateModified":"2020-07-13T11:41:17+00:00","mainEntityOfPage":{"@id":"https:\/\/www.cannabis.es\/pw\/2020\/05\/20\/el-cannabis-se-cae-de-la-agenda-politica\/"},"wordCount":617,"publisher":{"@id":"https:\/\/www.cannabis.es\/pw\/#organization"},"image":{"@id":"https:\/\/www.cannabis.es\/pw\/2020\/05\/20\/el-cannabis-se-cae-de-la-agenda-politica\/#primaryimage"},"thumbnailUrl":"https:\/\/www.cannabis.es\/pw\/wp-content\/uploads\/2020\/05\/portada-cannabis-postcovid.jpg","keywords":["Arnau Alcaide","coronavirus","legalizaci\u00f3n","pol\u00edtica","regulaci\u00f3n del cannabis"],"articleSection":["Pol\u00edtica y Sociedad"],"inLanguage":"es"},{"@type":"WebPage","@id":"https:\/\/www.cannabis.es\/pw\/2020\/05\/20\/el-cannabis-se-cae-de-la-agenda-politica\/","url":"https:\/\/www.cannabis.es\/pw\/2020\/05\/20\/el-cannabis-se-cae-de-la-agenda-politica\/","name":"El cannabis se cae de la agenda pol\u00edtica","isPartOf":{"@id":"https:\/\/www.cannabis.es\/pw\/#website"},"primaryImageOfPage":{"@id":"https:\/\/www.cannabis.es\/pw\/2020\/05\/20\/el-cannabis-se-cae-de-la-agenda-politica\/#primaryimage"},"image":{"@id":"https:\/\/www.cannabis.es\/pw\/2020\/05\/20\/el-cannabis-se-cae-de-la-agenda-politica\/#primaryimage"},"thumbnailUrl":"https:\/\/www.cannabis.es\/pw\/wp-content\/uploads\/2020\/05\/portada-cannabis-postcovid.jpg","datePublished":"2020-05-20T13:13:36+00:00","dateModified":"2020-07-13T11:41:17+00:00","description":"Entrada &#8226; Portal multimedia sobre cannabis y otras sustancias &#8226; 20 mayo, 2020","breadcrumb":{"@id":"https:\/\/www.cannabis.es\/pw\/2020\/05\/20\/el-cannabis-se-cae-de-la-agenda-politica\/#breadcrumb"},"inLanguage":"es","potentialAction":[{"@type":"ReadAction","target":["https:\/\/www.cannabis.es\/pw\/2020\/05\/20\/el-cannabis-se-cae-de-la-agenda-politica\/"]}]},{"@type":"ImageObject","inLanguage":"es","@id":"https:\/\/www.cannabis.es\/pw\/2020\/05\/20\/el-cannabis-se-cae-de-la-agenda-politica\/#primaryimage","url":"https:\/\/www.cannabis.es\/pw\/wp-content\/uploads\/2020\/05\/portada-cannabis-postcovid.jpg","contentUrl":"https:\/\/www.cannabis.es\/pw\/wp-content\/uploads\/2020\/05\/portada-cannabis-postcovid.jpg","width":959,"height":475},{"@type":"BreadcrumbList","@id":"https:\/\/www.cannabis.es\/pw\/2020\/05\/20\/el-cannabis-se-cae-de-la-agenda-politica\/#breadcrumb","itemListElement":[{"@type":"ListItem","position":1,"name":"Portada","item":"http:\/\/www.cannabis.es\/pw\/"},{"@type":"ListItem","position":2,"name":"El cannabis se cae de la agenda pol\u00edtica"}]},{"@type":"WebSite","@id":"https:\/\/www.cannabis.es\/pw\/#website","url":"https:\/\/www.cannabis.es\/pw\/","name":"Cannabis","description":"Portal multimedia sobre cannabis y otras sustancias","publisher":{"@id":"https:\/\/www.cannabis.es\/pw\/#organization"},"potentialAction":[{"@type":"SearchAction","target":{"@type":"EntryPoint","urlTemplate":"https:\/\/www.cannabis.es\/pw\/?s={search_term_string}"},"query-input":{"@type":"PropertyValueSpecification","valueRequired":true,"valueName":"search_term_string"}}],"inLanguage":"es"},{"@type":"Organization","@id":"https:\/\/www.cannabis.es\/pw\/#organization","name":"Cannabis.es","url":"https:\/\/www.cannabis.es\/pw\/","logo":{"@type":"ImageObject","inLanguage":"es","@id":"https:\/\/www.cannabis.es\/pw\/#\/schema\/logo\/image\/","url":"https:\/\/www.cannabis.es\/pw\/wp-content\/uploads\/2019\/04\/cropped-logo_cannabis.png","contentUrl":"https:\/\/www.cannabis.es\/pw\/wp-content\/uploads\/2019\/04\/cropped-logo_cannabis.png","width":361,"height":120,"caption":"Cannabis.es"},"image":{"@id":"https:\/\/www.cannabis.es\/pw\/#\/schema\/logo\/image\/"},"sameAs":["https:\/\/x.com\/cannabis_es"]},{"@type":"Person","@id":"https:\/\/www.cannabis.es\/pw\/#\/schema\/person\/e2fbd204580cf4fe74c79b82bc447374","name":"Cannabis.es","image":{"@type":"ImageObject","inLanguage":"es","@id":"https:\/\/www.cannabis.es\/pw\/#\/schema\/person\/image\/","url":"https:\/\/secure.gravatar.com\/avatar\/4375b1eb6e272e2e48a4b8a8def52e5f208151f555bb5906da616906ee6dd2e8?s=96&d=mm&r=g","contentUrl":"https:\/\/secure.gravatar.com\/avatar\/4375b1eb6e272e2e48a4b8a8def52e5f208151f555bb5906da616906ee6dd2e8?s=96&d=mm&r=g","caption":"Cannabis.es"},"url":"https:\/\/www.cannabis.es\/pw\/author\/cannabis\/"}]}},"_links":{"self":[{"href":"https:\/\/www.cannabis.es\/pw\/wp-json\/wp\/v2\/posts\/4679","targetHints":{"allow":["GET"]}}],"collection":[{"href":"https:\/\/www.cannabis.es\/pw\/wp-json\/wp\/v2\/posts"}],"about":[{"href":"https:\/\/www.cannabis.es\/pw\/wp-json\/wp\/v2\/types\/post"}],"author":[{"embeddable":true,"href":"https:\/\/www.cannabis.es\/pw\/wp-json\/wp\/v2\/users\/1"}],"replies":[{"embeddable":true,"href":"https:\/\/www.cannabis.es\/pw\/wp-json\/wp\/v2\/comments?post=4679"}],"version-history":[{"count":3,"href":"https:\/\/www.cannabis.es\/pw\/wp-json\/wp\/v2\/posts\/4679\/revisions"}],"predecessor-version":[{"id":5803,"href":"https:\/\/www.cannabis.es\/pw\/wp-json\/wp\/v2\/posts\/4679\/revisions\/5803"}],"wp:featuredmedia":[{"embeddable":true,"href":"https:\/\/www.cannabis.es\/pw\/wp-json\/wp\/v2\/media\/4680"}],"wp:attachment":[{"href":"https:\/\/www.cannabis.es\/pw\/wp-json\/wp\/v2\/media?parent=4679"}],"wp:term":[{"taxonomy":"category","embeddable":true,"href":"https:\/\/www.cannabis.es\/pw\/wp-json\/wp\/v2\/categories?post=4679"},{"taxonomy":"post_tag","embeddable":true,"href":"https:\/\/www.cannabis.es\/pw\/wp-json\/wp\/v2\/tags?post=4679"}],"curies":[{"name":"wp","href":"https:\/\/api.w.org\/{rel}","templated":true}]}}