{"id":4685,"date":"2020-05-25T15:17:19","date_gmt":"2020-05-25T13:17:19","guid":{"rendered":"http:\/\/www.cannabis.es\/pw\/?p=4685"},"modified":"2020-07-13T13:25:27","modified_gmt":"2020-07-13T11:25:27","slug":"marihuana-primero-las-personas-un-documental-sobre-la-herencia-cannabica","status":"publish","type":"post","link":"https:\/\/www.cannabis.es\/pw\/2020\/05\/25\/marihuana-primero-las-personas-un-documental-sobre-la-herencia-cannabica\/","title":{"rendered":"MARIHUANA: PRIMERO LAS PERSONAS, UN DOCUMENTAL SOBRE LA HERENCIA CANN\u00c1BICA"},"content":{"rendered":"\n<p>Juan Elorriaga<\/p>\n\n\n\n<p>La aparente normalidad en la que viven los consumidores y cultivadores de marihuana en nuestro pa\u00eds, donde abundan growshops y clubes cann\u00e1bicos, se ha visto truncada por el estado de alarma decretado debido a la pandemia producida por el COVID-19. El cierre de tiendas y clubs ha generado el desabastecimiento del mercado y ha dejado en evidencia las&nbsp;muchas carencias que este sistema alegal tiene&nbsp;para los consumidores, asociaciones y empresas del sector.<\/p>\n\n\n\n<hr class=\"wp-block-separator\"\/>\n\n\n\n<p><a href=\"https:\/\/www.youtube.com\/watch?v=y4VuQKD2JXQ\">\u201cMarihuana: primero las personas\u201d<\/a>&nbsp;es el t\u00edtulo del reportaje realizado por Ricardo Carvajal en colaboraci\u00f3n con el Observatorio Europeo del Consumo y Cultivo de Cannabis (OECCC) sobre la escena cann\u00e1bica en Espa\u00f1a. En \u00e9l se describe&nbsp;<strong>el camino recorrido desde que se empezaron a vender semillas de marihuana en Espa\u00f1a hasta alcanzar la situaci\u00f3n actual<\/strong>, se ponen de manifiesto las trabas que encuentran tanto los usuarios como las organizaciones (empresas y asociaciones) del panorama cann\u00e1bico espa\u00f1ol y se aboga por un cambio legislativo que normalice el consumo y cultivo de Cannabis frente a la inseguridad jur\u00eddica, las dificultades de abastecimiento, el intento de monopolio de las grandes empresas farmac\u00e9uticas y la falta de transparencia en la concesi\u00f3n de licencias para su cultivo.<\/p>\n\n\n\n<p>Un buen detalle es que, para la realizaci\u00f3n de este documental, se haya dado voz a los protagonistas de la historia. En \u201cMarihuana: primero las personas\u201d encontramos una&nbsp;<strong>gran cantidad de entrevistas con testimonios en primera persona<\/strong>&nbsp;de consumidores, directivos de asociaciones, usuarios terap\u00e9uticos, abogados, empresarios y trabajadores del sector cann\u00e1bico. Cabe destacar la realizada a Karulo Abell\u00e1n, propietario de la que fuera la primera tienda en vender semillas de marihuana en Espa\u00f1a y socio fundador de la revista C\u00e1\u00f1amo o la de Fernanda de la Figuera, la primera persona en quedar absuelta por autocultivo de cannabis en un juzgado espa\u00f1ol.<\/p>\n\n\n\n<p>Las denuncias contenidas en \u201cMarihuana: primero las personas\u201d son m\u00faltiples. Entre ellas se encuentran: el abandono a su suerte de los consumidores terap\u00e9uticos por parte de los organismos p\u00fablicos, la indefensi\u00f3n y persecuci\u00f3n de usuarios y cultivadores de Cannabis, las dificultades con las que se encuentran los bancos de semillas y las empresas de CBD para realizar sus actividades o la opacidad y arbitrariedad en la concesi\u00f3n de licencias para el cultivo de Cannabis por parte de la Agencia Espa\u00f1ola del Medicamento y productos sanitarios (AEMPS).<\/p>\n\n\n\n<p>Sin embargo, el documental no se queda en la simple denuncia y da un paso m\u00e1s all\u00e1. En \u00e9l se plantea que, para lograr una mejor\u00eda en esta situaci\u00f3n, es conveniente trabajar junto a los que pueden realizar cambios: la clase pol\u00edtica. Al final del reportaje aparecen varios pol\u00edticos de diferentes partidos hablando favorablemente sobre la normalizaci\u00f3n del Cannabis ante una multitud antiprohibicionista congregada en la Puerta del Sol para la Manifiestacci\u00f3n del 28 de mayo de 2017.&nbsp;<strong>Los pol\u00edticos son, en definitiva, los responsables de realizar los cambios legislativos, y es a ellos a quienes se les tienen que hacer llegar las propuestas<\/strong>&nbsp;para ese cambio.<\/p>\n\n\n\n<p>\u201cMarihuana: primero las personas\u201d es un ameno documental para conocer de forma fiel y de primera mano el pasado el presente y lo que puede ser el futuro del uso y comercio del Cannabis en Espa\u00f1a.<\/p>\n\n\n\n<p>Esta es una de las muchas acciones que el OECCC ha realizado en los \u00faltimos 12 meses. Han publicado el libro \u201cautocultivo y Autocultivadores\u201d con pr\u00f3logo de Escohotado, una&nbsp;<a href=\"https:\/\/observatoriocannabis.com\/expertos-abren-el-debate-social-sobre-la-ley-del-cannabis-medicinal-y-terapeutico-con-una-propuesta-de-ley\/\">propuesta de ley cannabis medicinal<\/a>, asisten a congresos cient\u00edficos, hicieron la&nbsp;<a href=\"http:\/\/www.cannabis.es\/pw\/2020\/04\/22\/el-oeccc-defiende-el-cannabis-en-la-comision-de-estupefacientes-de-la-onu\/\">\u00fanica intervenci\u00f3n en la ONU<\/a>&nbsp;durante la CND 63 para solicitar la reclasicaci\u00f3n del cannabis, tambi\u00e9n&nbsp;<a href=\"http:\/\/www.cannabis.es\/pw\/2020\/02\/05\/el-observatorio-del-cannabis-se-reune-con-los-partidos-politicos\/\">rondas de contactos pol\u00edticos a las que acuden con propuestas<\/a>&nbsp;o documentos, el&nbsp;<a href=\"http:\/\/www.cannabis.es\/pw\/2020\/02\/19\/el-organismo-estatal-encargado-reconoce-arbitrariedad-en-la-concesion-de-licencias-un-informe-del-oeccc\/\">informe sobre la falta transparencia en las licencias<\/a>&nbsp;y muchos m\u00e1s trabajos, siguiendo sus&nbsp;<a href=\"http:\/\/www.cannabis.es\/pw\/2020\/01\/10\/doce-lineas-estrategicas-en-la-decada-de-la-regulacion-de-la-marihuana\/\">12 l\u00edneas estrat\u00e9gicas<\/a>. Para colaborar con el OECCC es fundamental que respondas en&nbsp;<a href=\"https:\/\/encuestacannabis.com\/\">encuestacannabis.com<\/a>&nbsp;y difundas a m\u00e1s personas, pues las propuestas del OECCC se basan en las aspiraciones de las personas y necesitan tu punto de vista.<\/p>\n","protected":false},"excerpt":{"rendered":"<span class=\"span-reading-time rt-reading-time\" style=\"display: block;\"><span class=\"rt-label rt-prefix\">Tiempo de lectura:<\/span> <span class=\"rt-time\"> 3<\/span> <span class=\"rt-label rt-postfix\">minutos<\/span><\/span>\u201cMarihuana: primero las personas\u201d, un documental sobre el camino recorrido desde que se empezaron a vender semillas de marihuana en Espa\u00f1a hasta alcanzar la situaci\u00f3n actual.","protected":false},"author":1,"featured_media":4686,"comment_status":"closed","ping_status":"closed","sticky":false,"template":"","format":"standard","meta":{"loftocean-featured-post":"","loftocean_post_format_gallery":"","loftocean_post_format_gallery_ids":"","loftocean_post_format_gallery_urls":"","loftocean_post_format_video_id":"","loftocean_post_format_video_url":"","loftocean_post_format_video_type":"","loftocean_post_format_video":"","loftocean_post_format_audio_type":"","loftocean_post_format_audio_url":"","loftocean_post_format_audio_id":"","loftocean_post_format_audio":"","loftocean_post_format_quote_text":"","loftocean_post_format_quote_byline":"","loftocean_post_format_link_text":"","loftocean_post_format_link_url":"","ceramag_post_header_style":"","ceramag_enable_background_video":"","ceramag_show_in_top_slider":"","ceramag_post_background_video_start":"","ceramag_post_background_video_end":"","loftocean_page_background_video_id":"","loftocean_page_background_video_url":"","loftocean_page_background_video_type":"","loftocean_page_background_video":"","ceramag_background_video_start":"","ceramag_background_video_end":"","ceramag_single_page_hide_header":"","footnotes":""},"categories":[35],"tags":[41,579],"class_list":["post-4685","post","type-post","status-publish","format-standard","has-post-thumbnail","hentry","category-politica-y-sociedad","tag-cannabis","tag-oeccc"],"yoast_head":"<!-- This site is optimized with the Yoast SEO plugin v24.9 - https:\/\/yoast.com\/wordpress\/plugins\/seo\/ -->\n<title>MARIHUANA: PRIMERO LAS PERSONAS, UN DOCUMENTAL SOBRE LA HERENCIA CANN\u00c1BICA<\/title>\n<meta name=\"description\" content=\"Entrada &#8226; Portal multimedia sobre cannabis y otras sustancias &#8226; 25 mayo, 2020\" \/>\n<meta name=\"robots\" content=\"index, follow, max-snippet:-1, max-image-preview:large, max-video-preview:-1\" \/>\n<link rel=\"canonical\" href=\"https:\/\/www.cannabis.es\/pw\/2020\/05\/25\/marihuana-primero-las-personas-un-documental-sobre-la-herencia-cannabica\/\" \/>\n<meta name=\"twitter:card\" content=\"summary_large_image\" \/>\n<meta name=\"twitter:title\" content=\"MARIHUANA: PRIMERO LAS PERSONAS, UN DOCUMENTAL SOBRE LA HERENCIA CANN\u00c1BICA\" \/>\n<meta name=\"twitter:description\" content=\"Entrada &#8226; Portal multimedia sobre cannabis y otras sustancias &#8226; 25 mayo, 2020\" \/>\n<meta name=\"twitter:image\" content=\"https:\/\/www.cannabis.es\/pw\/wp-content\/uploads\/2020\/05\/portada-marihuana-las-personas-primero.jpg\" \/>\n<meta name=\"twitter:creator\" content=\"@cannabis_es\" \/>\n<meta name=\"twitter:site\" content=\"@cannabis_es\" \/>\n<meta name=\"twitter:label1\" content=\"Escrito por\" \/>\n\t<meta name=\"twitter:data1\" content=\"Cannabis.es\" \/>\n\t<meta name=\"twitter:label2\" content=\"Tiempo de lectura\" \/>\n\t<meta name=\"twitter:data2\" content=\"4 minutos\" \/>\n<script type=\"application\/ld+json\" class=\"yoast-schema-graph\">{\"@context\":\"https:\/\/schema.org\",\"@graph\":[{\"@type\":\"Article\",\"@id\":\"https:\/\/www.cannabis.es\/pw\/2020\/05\/25\/marihuana-primero-las-personas-un-documental-sobre-la-herencia-cannabica\/#article\",\"isPartOf\":{\"@id\":\"https:\/\/www.cannabis.es\/pw\/2020\/05\/25\/marihuana-primero-las-personas-un-documental-sobre-la-herencia-cannabica\/\"},\"author\":{\"name\":\"Cannabis.es\",\"@id\":\"https:\/\/www.cannabis.es\/pw\/#\/schema\/person\/e2fbd204580cf4fe74c79b82bc447374\"},\"headline\":\"MARIHUANA: PRIMERO LAS PERSONAS, UN DOCUMENTAL SOBRE LA HERENCIA CANN\u00c1BICA\",\"datePublished\":\"2020-05-25T13:17:19+00:00\",\"dateModified\":\"2020-07-13T11:25:27+00:00\",\"mainEntityOfPage\":{\"@id\":\"https:\/\/www.cannabis.es\/pw\/2020\/05\/25\/marihuana-primero-las-personas-un-documental-sobre-la-herencia-cannabica\/\"},\"wordCount\":719,\"publisher\":{\"@id\":\"https:\/\/www.cannabis.es\/pw\/#organization\"},\"image\":{\"@id\":\"https:\/\/www.cannabis.es\/pw\/2020\/05\/25\/marihuana-primero-las-personas-un-documental-sobre-la-herencia-cannabica\/#primaryimage\"},\"thumbnailUrl\":\"https:\/\/www.cannabis.es\/pw\/wp-content\/uploads\/2020\/05\/portada-marihuana-las-personas-primero.jpg\",\"keywords\":[\"cannabis\",\"OECCC\"],\"articleSection\":[\"Pol\u00edtica y Sociedad\"],\"inLanguage\":\"es\"},{\"@type\":\"WebPage\",\"@id\":\"https:\/\/www.cannabis.es\/pw\/2020\/05\/25\/marihuana-primero-las-personas-un-documental-sobre-la-herencia-cannabica\/\",\"url\":\"https:\/\/www.cannabis.es\/pw\/2020\/05\/25\/marihuana-primero-las-personas-un-documental-sobre-la-herencia-cannabica\/\",\"name\":\"MARIHUANA: PRIMERO LAS PERSONAS, UN DOCUMENTAL SOBRE LA HERENCIA CANN\u00c1BICA\",\"isPartOf\":{\"@id\":\"https:\/\/www.cannabis.es\/pw\/#website\"},\"primaryImageOfPage\":{\"@id\":\"https:\/\/www.cannabis.es\/pw\/2020\/05\/25\/marihuana-primero-las-personas-un-documental-sobre-la-herencia-cannabica\/#primaryimage\"},\"image\":{\"@id\":\"https:\/\/www.cannabis.es\/pw\/2020\/05\/25\/marihuana-primero-las-personas-un-documental-sobre-la-herencia-cannabica\/#primaryimage\"},\"thumbnailUrl\":\"https:\/\/www.cannabis.es\/pw\/wp-content\/uploads\/2020\/05\/portada-marihuana-las-personas-primero.jpg\",\"datePublished\":\"2020-05-25T13:17:19+00:00\",\"dateModified\":\"2020-07-13T11:25:27+00:00\",\"description\":\"Entrada &#8226; Portal multimedia sobre cannabis y otras sustancias &#8226; 25 mayo, 2020\",\"breadcrumb\":{\"@id\":\"https:\/\/www.cannabis.es\/pw\/2020\/05\/25\/marihuana-primero-las-personas-un-documental-sobre-la-herencia-cannabica\/#breadcrumb\"},\"inLanguage\":\"es\",\"potentialAction\":[{\"@type\":\"ReadAction\",\"target\":[\"https:\/\/www.cannabis.es\/pw\/2020\/05\/25\/marihuana-primero-las-personas-un-documental-sobre-la-herencia-cannabica\/\"]}]},{\"@type\":\"ImageObject\",\"inLanguage\":\"es\",\"@id\":\"https:\/\/www.cannabis.es\/pw\/2020\/05\/25\/marihuana-primero-las-personas-un-documental-sobre-la-herencia-cannabica\/#primaryimage\",\"url\":\"https:\/\/www.cannabis.es\/pw\/wp-content\/uploads\/2020\/05\/portada-marihuana-las-personas-primero.jpg\",\"contentUrl\":\"https:\/\/www.cannabis.es\/pw\/wp-content\/uploads\/2020\/05\/portada-marihuana-las-personas-primero.jpg\",\"width\":959,\"height\":475},{\"@type\":\"BreadcrumbList\",\"@id\":\"https:\/\/www.cannabis.es\/pw\/2020\/05\/25\/marihuana-primero-las-personas-un-documental-sobre-la-herencia-cannabica\/#breadcrumb\",\"itemListElement\":[{\"@type\":\"ListItem\",\"position\":1,\"name\":\"Portada\",\"item\":\"http:\/\/www.cannabis.es\/pw\/\"},{\"@type\":\"ListItem\",\"position\":2,\"name\":\"MARIHUANA: PRIMERO LAS PERSONAS, UN DOCUMENTAL SOBRE LA HERENCIA CANN\u00c1BICA\"}]},{\"@type\":\"WebSite\",\"@id\":\"https:\/\/www.cannabis.es\/pw\/#website\",\"url\":\"https:\/\/www.cannabis.es\/pw\/\",\"name\":\"Cannabis\",\"description\":\"Portal multimedia sobre cannabis y otras sustancias\",\"publisher\":{\"@id\":\"https:\/\/www.cannabis.es\/pw\/#organization\"},\"potentialAction\":[{\"@type\":\"SearchAction\",\"target\":{\"@type\":\"EntryPoint\",\"urlTemplate\":\"https:\/\/www.cannabis.es\/pw\/?s={search_term_string}\"},\"query-input\":{\"@type\":\"PropertyValueSpecification\",\"valueRequired\":true,\"valueName\":\"search_term_string\"}}],\"inLanguage\":\"es\"},{\"@type\":\"Organization\",\"@id\":\"https:\/\/www.cannabis.es\/pw\/#organization\",\"name\":\"Cannabis.es\",\"url\":\"https:\/\/www.cannabis.es\/pw\/\",\"logo\":{\"@type\":\"ImageObject\",\"inLanguage\":\"es\",\"@id\":\"https:\/\/www.cannabis.es\/pw\/#\/schema\/logo\/image\/\",\"url\":\"https:\/\/www.cannabis.es\/pw\/wp-content\/uploads\/2019\/04\/cropped-logo_cannabis.png\",\"contentUrl\":\"https:\/\/www.cannabis.es\/pw\/wp-content\/uploads\/2019\/04\/cropped-logo_cannabis.png\",\"width\":361,\"height\":120,\"caption\":\"Cannabis.es\"},\"image\":{\"@id\":\"https:\/\/www.cannabis.es\/pw\/#\/schema\/logo\/image\/\"},\"sameAs\":[\"https:\/\/x.com\/cannabis_es\"]},{\"@type\":\"Person\",\"@id\":\"https:\/\/www.cannabis.es\/pw\/#\/schema\/person\/e2fbd204580cf4fe74c79b82bc447374\",\"name\":\"Cannabis.es\",\"image\":{\"@type\":\"ImageObject\",\"inLanguage\":\"es\",\"@id\":\"https:\/\/www.cannabis.es\/pw\/#\/schema\/person\/image\/\",\"url\":\"https:\/\/secure.gravatar.com\/avatar\/4375b1eb6e272e2e48a4b8a8def52e5f208151f555bb5906da616906ee6dd2e8?s=96&d=mm&r=g\",\"contentUrl\":\"https:\/\/secure.gravatar.com\/avatar\/4375b1eb6e272e2e48a4b8a8def52e5f208151f555bb5906da616906ee6dd2e8?s=96&d=mm&r=g\",\"caption\":\"Cannabis.es\"},\"url\":\"https:\/\/www.cannabis.es\/pw\/author\/cannabis\/\"}]}<\/script>\n<!-- \/ Yoast SEO plugin. -->","yoast_head_json":{"title":"MARIHUANA: PRIMERO LAS PERSONAS, UN DOCUMENTAL SOBRE LA HERENCIA CANN\u00c1BICA","description":"Entrada &#8226; Portal multimedia sobre cannabis y otras sustancias &#8226; 25 mayo, 2020","robots":{"index":"index","follow":"follow","max-snippet":"max-snippet:-1","max-image-preview":"max-image-preview:large","max-video-preview":"max-video-preview:-1"},"canonical":"https:\/\/www.cannabis.es\/pw\/2020\/05\/25\/marihuana-primero-las-personas-un-documental-sobre-la-herencia-cannabica\/","twitter_card":"summary_large_image","twitter_title":"MARIHUANA: PRIMERO LAS PERSONAS, UN DOCUMENTAL SOBRE LA HERENCIA CANN\u00c1BICA","twitter_description":"Entrada &#8226; Portal multimedia sobre cannabis y otras sustancias &#8226; 25 mayo, 2020","twitter_image":"https:\/\/www.cannabis.es\/pw\/wp-content\/uploads\/2020\/05\/portada-marihuana-las-personas-primero.jpg","twitter_creator":"@cannabis_es","twitter_site":"@cannabis_es","twitter_misc":{"Escrito por":"Cannabis.es","Tiempo de lectura":"4 minutos"},"schema":{"@context":"https:\/\/schema.org","@graph":[{"@type":"Article","@id":"https:\/\/www.cannabis.es\/pw\/2020\/05\/25\/marihuana-primero-las-personas-un-documental-sobre-la-herencia-cannabica\/#article","isPartOf":{"@id":"https:\/\/www.cannabis.es\/pw\/2020\/05\/25\/marihuana-primero-las-personas-un-documental-sobre-la-herencia-cannabica\/"},"author":{"name":"Cannabis.es","@id":"https:\/\/www.cannabis.es\/pw\/#\/schema\/person\/e2fbd204580cf4fe74c79b82bc447374"},"headline":"MARIHUANA: PRIMERO LAS PERSONAS, UN DOCUMENTAL SOBRE LA HERENCIA CANN\u00c1BICA","datePublished":"2020-05-25T13:17:19+00:00","dateModified":"2020-07-13T11:25:27+00:00","mainEntityOfPage":{"@id":"https:\/\/www.cannabis.es\/pw\/2020\/05\/25\/marihuana-primero-las-personas-un-documental-sobre-la-herencia-cannabica\/"},"wordCount":719,"publisher":{"@id":"https:\/\/www.cannabis.es\/pw\/#organization"},"image":{"@id":"https:\/\/www.cannabis.es\/pw\/2020\/05\/25\/marihuana-primero-las-personas-un-documental-sobre-la-herencia-cannabica\/#primaryimage"},"thumbnailUrl":"https:\/\/www.cannabis.es\/pw\/wp-content\/uploads\/2020\/05\/portada-marihuana-las-personas-primero.jpg","keywords":["cannabis","OECCC"],"articleSection":["Pol\u00edtica y Sociedad"],"inLanguage":"es"},{"@type":"WebPage","@id":"https:\/\/www.cannabis.es\/pw\/2020\/05\/25\/marihuana-primero-las-personas-un-documental-sobre-la-herencia-cannabica\/","url":"https:\/\/www.cannabis.es\/pw\/2020\/05\/25\/marihuana-primero-las-personas-un-documental-sobre-la-herencia-cannabica\/","name":"MARIHUANA: PRIMERO LAS PERSONAS, UN DOCUMENTAL SOBRE LA HERENCIA CANN\u00c1BICA","isPartOf":{"@id":"https:\/\/www.cannabis.es\/pw\/#website"},"primaryImageOfPage":{"@id":"https:\/\/www.cannabis.es\/pw\/2020\/05\/25\/marihuana-primero-las-personas-un-documental-sobre-la-herencia-cannabica\/#primaryimage"},"image":{"@id":"https:\/\/www.cannabis.es\/pw\/2020\/05\/25\/marihuana-primero-las-personas-un-documental-sobre-la-herencia-cannabica\/#primaryimage"},"thumbnailUrl":"https:\/\/www.cannabis.es\/pw\/wp-content\/uploads\/2020\/05\/portada-marihuana-las-personas-primero.jpg","datePublished":"2020-05-25T13:17:19+00:00","dateModified":"2020-07-13T11:25:27+00:00","description":"Entrada &#8226; Portal multimedia sobre cannabis y otras sustancias &#8226; 25 mayo, 2020","breadcrumb":{"@id":"https:\/\/www.cannabis.es\/pw\/2020\/05\/25\/marihuana-primero-las-personas-un-documental-sobre-la-herencia-cannabica\/#breadcrumb"},"inLanguage":"es","potentialAction":[{"@type":"ReadAction","target":["https:\/\/www.cannabis.es\/pw\/2020\/05\/25\/marihuana-primero-las-personas-un-documental-sobre-la-herencia-cannabica\/"]}]},{"@type":"ImageObject","inLanguage":"es","@id":"https:\/\/www.cannabis.es\/pw\/2020\/05\/25\/marihuana-primero-las-personas-un-documental-sobre-la-herencia-cannabica\/#primaryimage","url":"https:\/\/www.cannabis.es\/pw\/wp-content\/uploads\/2020\/05\/portada-marihuana-las-personas-primero.jpg","contentUrl":"https:\/\/www.cannabis.es\/pw\/wp-content\/uploads\/2020\/05\/portada-marihuana-las-personas-primero.jpg","width":959,"height":475},{"@type":"BreadcrumbList","@id":"https:\/\/www.cannabis.es\/pw\/2020\/05\/25\/marihuana-primero-las-personas-un-documental-sobre-la-herencia-cannabica\/#breadcrumb","itemListElement":[{"@type":"ListItem","position":1,"name":"Portada","item":"http:\/\/www.cannabis.es\/pw\/"},{"@type":"ListItem","position":2,"name":"MARIHUANA: PRIMERO LAS PERSONAS, UN DOCUMENTAL SOBRE LA HERENCIA CANN\u00c1BICA"}]},{"@type":"WebSite","@id":"https:\/\/www.cannabis.es\/pw\/#website","url":"https:\/\/www.cannabis.es\/pw\/","name":"Cannabis","description":"Portal multimedia sobre cannabis y otras sustancias","publisher":{"@id":"https:\/\/www.cannabis.es\/pw\/#organization"},"potentialAction":[{"@type":"SearchAction","target":{"@type":"EntryPoint","urlTemplate":"https:\/\/www.cannabis.es\/pw\/?s={search_term_string}"},"query-input":{"@type":"PropertyValueSpecification","valueRequired":true,"valueName":"search_term_string"}}],"inLanguage":"es"},{"@type":"Organization","@id":"https:\/\/www.cannabis.es\/pw\/#organization","name":"Cannabis.es","url":"https:\/\/www.cannabis.es\/pw\/","logo":{"@type":"ImageObject","inLanguage":"es","@id":"https:\/\/www.cannabis.es\/pw\/#\/schema\/logo\/image\/","url":"https:\/\/www.cannabis.es\/pw\/wp-content\/uploads\/2019\/04\/cropped-logo_cannabis.png","contentUrl":"https:\/\/www.cannabis.es\/pw\/wp-content\/uploads\/2019\/04\/cropped-logo_cannabis.png","width":361,"height":120,"caption":"Cannabis.es"},"image":{"@id":"https:\/\/www.cannabis.es\/pw\/#\/schema\/logo\/image\/"},"sameAs":["https:\/\/x.com\/cannabis_es"]},{"@type":"Person","@id":"https:\/\/www.cannabis.es\/pw\/#\/schema\/person\/e2fbd204580cf4fe74c79b82bc447374","name":"Cannabis.es","image":{"@type":"ImageObject","inLanguage":"es","@id":"https:\/\/www.cannabis.es\/pw\/#\/schema\/person\/image\/","url":"https:\/\/secure.gravatar.com\/avatar\/4375b1eb6e272e2e48a4b8a8def52e5f208151f555bb5906da616906ee6dd2e8?s=96&d=mm&r=g","contentUrl":"https:\/\/secure.gravatar.com\/avatar\/4375b1eb6e272e2e48a4b8a8def52e5f208151f555bb5906da616906ee6dd2e8?s=96&d=mm&r=g","caption":"Cannabis.es"},"url":"https:\/\/www.cannabis.es\/pw\/author\/cannabis\/"}]}},"_links":{"self":[{"href":"https:\/\/www.cannabis.es\/pw\/wp-json\/wp\/v2\/posts\/4685","targetHints":{"allow":["GET"]}}],"collection":[{"href":"https:\/\/www.cannabis.es\/pw\/wp-json\/wp\/v2\/posts"}],"about":[{"href":"https:\/\/www.cannabis.es\/pw\/wp-json\/wp\/v2\/types\/post"}],"author":[{"embeddable":true,"href":"https:\/\/www.cannabis.es\/pw\/wp-json\/wp\/v2\/users\/1"}],"replies":[{"embeddable":true,"href":"https:\/\/www.cannabis.es\/pw\/wp-json\/wp\/v2\/comments?post=4685"}],"version-history":[{"count":3,"href":"https:\/\/www.cannabis.es\/pw\/wp-json\/wp\/v2\/posts\/4685\/revisions"}],"predecessor-version":[{"id":5801,"href":"https:\/\/www.cannabis.es\/pw\/wp-json\/wp\/v2\/posts\/4685\/revisions\/5801"}],"wp:featuredmedia":[{"embeddable":true,"href":"https:\/\/www.cannabis.es\/pw\/wp-json\/wp\/v2\/media\/4686"}],"wp:attachment":[{"href":"https:\/\/www.cannabis.es\/pw\/wp-json\/wp\/v2\/media?parent=4685"}],"wp:term":[{"taxonomy":"category","embeddable":true,"href":"https:\/\/www.cannabis.es\/pw\/wp-json\/wp\/v2\/categories?post=4685"},{"taxonomy":"post_tag","embeddable":true,"href":"https:\/\/www.cannabis.es\/pw\/wp-json\/wp\/v2\/tags?post=4685"}],"curies":[{"name":"wp","href":"https:\/\/api.w.org\/{rel}","templated":true}]}}