{"id":5076,"date":"2020-06-04T12:44:53","date_gmt":"2020-06-04T10:44:53","guid":{"rendered":"http:\/\/www.cannabis.es\/pw\/?p=5076"},"modified":"2020-07-07T11:14:11","modified_gmt":"2020-07-07T09:14:11","slug":"piden-el-indulto-tres-de-los-primeros-asociados-que-entrarian-en-prision-en-espana","status":"publish","type":"post","link":"https:\/\/www.cannabis.es\/pw\/2020\/06\/04\/piden-el-indulto-tres-de-los-primeros-asociados-que-entrarian-en-prision-en-espana\/","title":{"rendered":"PIDEN EL INDULTO TRES DE LOS PRIMEROS ASOCIADOS QUE ENTRAR\u00cdAN EN PRISI\u00d3N EN ESPA\u00d1A"},"content":{"rendered":"\n<p>Arnau Alcaide<\/p>\n\n\n\n<p><br>El activista catal\u00e1n Albert Ti\u00f3, de la Federaci\u00f3 d&#8217;Associacions Cann\u00e0biques Autoregulades de Catalunya, ha pedido esta ma\u00f1ana a las 10.30h&nbsp;<a href=\"https:\/\/www.change.org\/p\/gobierno-de-espa%C3%B1a-indulto-para-la-junta-de-una-asociaci%C3%B3n-cann%C3%A1bica-por-una-regulaci%C3%B3n-de-consumo-y-cultivo?recruiter=830528074&amp;utm_campaign=signature_receipt&amp;utm_medium=twitter&amp;utm_source=share_petition\">el indulto para \u00e9l y otros dos miembros de la asociaci\u00f3n cann\u00e1bica AIRAM<\/a>. La Audiencia Provincial de Barcelona les conden\u00f3 en febrero de 2019 a 5 a\u00f1os de prisi\u00f3n como cargos de la asociaci\u00f3n, tras ser esta intervenida por la polic\u00eda. Pese a que ahora han presentado un recurso al Tribunal Constitucional, que corrigi\u00f3 otras sentencias en el pasado, la suspensi\u00f3n de las actividades en los tribunales de justicia impide que se admita y la Audiencia Provincial rechaza suspender la condena hasta que se resuelva el recurso.<\/p>\n\n\n\n<p>La rueda de prensa se ha celebrado por videoconferencia con la participaci\u00f3n de Ti\u00f3 y su equipo jurista especializado formado por H\u00e9ctor Brotons, Andr\u00e9s Garc\u00eda Berrio y S\u00f2nia Olivella. En ella, se han planteado varios escenarios posibles: desde la consecuci\u00f3n de un indulto, coherente con un Gobierno que ha votado a favor de iniciativas legislativas en casi todas las Comundiades Aut\u00f3nomas, pasando por que el Constitucional acepte el recurso dada la \u201crelevancia social y econ\u00f3mica\u201d, recurso que no se pod\u00eda celebrar por el paro de la actividad judicial, hasta incluso, si ninguno de estos dos escenarios se da, llegar al Tribunal de Derechos Humanos de Estrasburgo con un tema cuya relevancia social afecta tambi\u00e9n a Europa. Justicia aventuraba que se retomase la actividad el pr\u00f3ximo jueves 4 de este mes de junio, el mismo d\u00eda que Ti\u00f3 espera la notificaci\u00f3n de entrada en prisi\u00f3n.<\/p>\n\n\n\n<h3 class=\"wp-block-heading\"><strong>TI\u00d3<\/strong><\/h3>\n\n\n\n<p>Ti\u00f3 tiene dos hijos y arrastra una delicada situaci\u00f3n econ\u00f3mica y emocional derivada del acoso judicial recibido. \u201cEn ning\u00fan momento nos escondimos, somos de las asociaciones que m\u00e1s han trabajado con la administraci\u00f3n en un modelo creado aqu\u00ed y exportado al resto del mundo que ahora nos hace recibir una condena mayor que las del mercado negro\u201d.<\/p>\n\n\n\n<p>\u201cApelamos al congreso, donde vemos que s\u00ed hay competencia para apoyar una regulaci\u00f3n. Lo que se hizo fue procesar a los que est\u00e1bamos transformando una realidad que beneficia al mercado ilegal, que no paga impuestos y no defiende seguridad y Salud P\u00fablica. El modelo es una realidad asentada socialmente y tolerada administrativamente. Nosotros llevamos 2 causas ganadas en los penales y una condena firme, esta\u201d, explicaba el exdirectivo.<br><br>\u201cNos hemos endeudado en el proceso y dado la cara al coste de hipotecar nuestra vida, lo que cuestiona el argumento de que busc\u00e1bamos ganar dinero\u201d. Adem\u00e1s, apela a que la situaci\u00f3n normalizada y pseudoregulada del cannabis les hac\u00eda pensar que lo que hac\u00edan era legal, una situaci\u00f3n que excluye o aten\u00faa el delito bajo la figura del error de prohibici\u00f3n o error invencible, muy presente en los cultivos de cannabis, dado lo f\u00e1cil de creer la planta legal dentro de nuestro espectro de libertades, como la de asociaci\u00f3n.<br><br>\u201c<strong>Pedimos el indulto porque quiz\u00e1s nos adelantamos a nuestro tiempo y pensamos que las leyes podr\u00edan cambiar con la sociedad. Ahora tenemos otro trabajo y nos dedicamos a otra cosa. A todas las organizaciones relacionadas, les pido que trabajen por la regulaci\u00f3n, porque el beneficio ser\u00e1 para toda la sociedad\u201d,&nbsp;<\/strong>conclu\u00eda el activista.<br><br>\u201cMi situaci\u00f3n personal es totalmente dram\u00e1tica. Mi expareja no tiene trabajo, tengo dos hijo. Multas que vamos pagando como podemos con penass que sustituimos con trabajo social. La situaci\u00f3n emocional. Llevamos muchos a\u00f1os sufriendo,<strong>&nbsp;una pena que ya hemos cumplido con estos a\u00f1os de incertidumbre a la espera de entrar en prisi\u00f3n<\/strong>\u201d, lamenta.<\/p>\n\n\n\n<h3 class=\"wp-block-heading\"><strong>SU EQUIPO JURISTA<\/strong><\/h3>\n\n\n\n<p>S\u00f2nia Olivella ha recalcado que ante la \u201cinminente\u201d entrada en prisi\u00f3n, piden el&nbsp;<strong>\u201cindulto\u201d porque \u201ces una herramienta que responde a un contexto pol\u00edtico que no se puede resolver en los tribunales\u201d<\/strong>.&nbsp;<strong>\u201cEs la obligaci\u00f3n del Estado asumir el debate pol\u00edtico y plantear el perd\u00f3n en este caso de represi\u00f3n. Los acusados han actuado dentro de la Ley Catalana de Asociaciones, promoviendo proyectos de desarrollo social y sostenible, en el tejido del barrio, y no puede ser que por los mismos motivos entren en prisi\u00f3n\u201d,<\/strong>&nbsp;ha indicado contundente las especialista en derechos de consumo sobre la magnitud de la condena, pese a venir de una actividad que estuvo legalizada por un periodo de alrededor de un a\u00f1o.<\/p>\n\n\n\n<p>\u201cEn las \u00faltimas elecciones algunos partidos pol\u00edticos llevaban la regulaci\u00f3n del cannabis\u201d, ha proseguido la abogada. \u201cEn un estado de derecho, la ley no puede ser est\u00e1tica. Tenemos suficiente que quien defiende los derechos del resto reciba el envite de la represi\u00f3n. El indulto est\u00e1 para casos como este y el gobierno espa\u00f1ol puede tener en cuenta estos elementos: que el indulto est\u00e1 precisamente para ello. Hoy empieza una campa\u00f1a con el objetivo de que no entre en la c\u00e1rcel, y no permitiremos que pase el tiempo sin que en la pol\u00edtica y en la sociedad seamos conscientes\u201d.<br><br>Andr\u00e9s Garc\u00eda Berrio ha se\u00f1alado que la rueda de prensa es a nombre de los tres afectados y no al de la instituci\u00f3n. Indica un v\u00eddeo y una recogida de firmas que se han lanzado para que no entre en prisi\u00f3n. \u201cPodemos trat\u00f3 su propuesta de regulaci\u00f3n integral con asociaciones que ahora, como Ti\u00f3 reciben causas criminalizadoras con condenas de prisi\u00f3n. A partir del d\u00eda 4 podemos recibir la entrada en prisi\u00f3n. Paralelemente esperamos el indulto o el recurso del Constitucional, pero la situaci\u00f3n es tensa. Aqu\u00ed Albert ha decidido dar la cara y no se va a ir a la c\u00e1rcel con el activismo qued\u00e1ndose de brazos cruzados. Esperemos que dentro de unos meses entremos en un debate que va a beneficiar una legalidad para todos\u201d.<\/p>\n\n\n\n<p>Para la campa\u00f1a piden&nbsp;<a href=\"https:\/\/www.change.org\/p\/gobierno-de-espa%C3%B1a-indulto-para-la-junta-de-una-asociaci%C3%B3n-cann%C3%A1bica-por-una-regulaci%C3%B3n-de-consumo-y-cultivo?recruiter=830528074&amp;utm_campaign=signature_receipt&amp;utm_medium=twitter&amp;utm_source=share_petition\">nuestro apoyo a trav\u00e9s de change.org<\/a><strong>,<\/strong>&nbsp;de personas y entidades a la petici\u00f3n de indulto, que tiene la caracter\u00edstica que pide una \u201cregulaci\u00f3n responsable del cannabis a trav\u00e9s de la petici\u00f3n de una responsabilidad social y colectiva en este \u00e1mbito\u201d, ha destacado Berrio.<\/p>\n\n\n\n<p>H\u00e9ctor Brotons, a su vez, ha pedido que no se plasme una injusticia de un proyecto de organizaci\u00f3n del consumo de cannabis. \u201cEste modelo est\u00e1 recogido por la literatura cient\u00edfica y no puede considerarse como una actividad de tr\u00e1fico de drogas\u201d, refutaba.<\/p>\n\n\n\n<p>Por medio de la&nbsp;<strong>sentencia de 2015 con Pannagh, que delimit\u00f3 a un tama\u00f1o impracticable su actividad, se sentaron las bases para el procesamiento de estas asociaciones<\/strong>. En ese caso, el constitucional que solo admite el 1% de los recursos, admiti\u00f3 el de Pannagh en base a \u201cla relevancia econ\u00f3mica y social\u201d. Una doctrina que ha tenido cabida en otros tribunales europeos, indic\u00f3 Brotons. \u201cSi no hay una alternativa, es m\u00e1s factible. Se han vulnerado los derechos a la intimidad, o tratado a personas consumidoras como criminales o adictas. El tribunal mexicano por ejemplo dicta el acceso al cannabis como parte del derecho a la personalidad, a la libertad y a la salud, que tambi\u00e9n se ve vulnerado sin asociaciones que comprueben la calidad. El derecho a la legalidad penal se ve vulnerado con efectos sobre la propia consideraci\u00f3n de lo que es el cannabis, como por ejemplo aceptando como cannabis plantas macho, que luego suponen m\u00e1s peso y aumentan las penas\u201d, se\u00f1ala Brotons.<\/p>\n\n\n\n<p>\u201cEl derecho a consumir cannabis es tambi\u00e9n perjudicado respecto al de consumidores de alcohol y tabaco. Entendemos adem\u00e1s que el Constitucional debe ser sensible a esa consideraci\u00f3n de perjuicios y a un error de prohibici\u00f3n muy factible cuando llegas a estar en la legalidad y trabajar para ella. Un contexto en el que muchas CCAA han regulado o hecho PNLs y que como mucho deber\u00eda considerarse de condena menos dolosa, porque no cabe por este motivo el ingreso en prisi\u00f3n de un padre de familia.&nbsp;<strong>Un caso que trasciende a muchas personas porque son otras las asociaciones que se encuentran en esta misma situaci\u00f3n\u201d,&nbsp;<\/strong>conclu\u00eda el jurista.<\/p>\n\n\n\n<p>\u201cEspero que se admita el recurso porque hay posibilidades, sobre todo porque esas medidas suponen un remedio peor para las personas asociaciadas, que tendr\u00edan que acudir al mercado negro. Si no obtenemos una respuesta, tendremos que plante\u00e1rselo al Tribunal de Derechos Humanos\u201d, ha explicado Brotons acerca del curso legal a seguir en paralelo a la campa\u00f1a de indulto.<\/p>\n\n\n\n<h3 class=\"wp-block-heading\"><strong>\u00bfSENSIBILIDAD POL\u00cdTICA? PODEMOS PODR\u00cdA PRESENTAR PRONTO SU REGULACI\u00d3N, SEG\u00daN BROTONS<\/strong><\/h3>\n\n\n\n<p>\u201cPodemos ha anunciado que estar\u00eda al presentar la propuesta de regulaci\u00f3n. Adem\u00e1s como ya hemos comentado con las propuestas auton\u00f3micas, para no contradecirse el Gobierno con lo votado en las dem\u00e1s administraciones, deber\u00eda existir una sensibilidad\u201d, suya y de los otros grupos parlamentarios que les acompa\u00f1aron en otras ocasiones con el cannabis, refiere Brotons. \u00c9l es quien nos pone en contexto con el endurecimiento de las penas, pues si bien los asociados de AIRAM se cuentan entre los primeros, ya otra asociaci\u00f3n en el Pa\u00eds Vasco tuvo un encarcelamiento con sentencian firme, y ha habido personas en prisi\u00f3n provisional a la espera de sus respectivos recursos. El caso de estos tres asociados es pues representativo de la suerte de un movimiento social.<\/p>\n","protected":false},"excerpt":{"rendered":"<span class=\"span-reading-time rt-reading-time\" style=\"display: block;\"><span class=\"rt-label rt-prefix\">Tiempo de lectura:<\/span> <span class=\"rt-time\"> 5<\/span> <span class=\"rt-label rt-postfix\">minutos<\/span><\/span>El activista catal\u00e1n Albert Ti\u00f3, de la Federaci\u00f3 d&#8217;Associacions Cann\u00e0biques Autoregulades de Catalunya, ha pedido esta ma\u00f1ana a las 10.30h el indulto para \u00e9l y otros dos miembros de la asociaci\u00f3n cann\u00e1bica AIRAM. ","protected":false},"author":3,"featured_media":5077,"comment_status":"closed","ping_status":"closed","sticky":false,"template":"","format":"standard","meta":{"loftocean-featured-post":"","loftocean_post_format_gallery":"","loftocean_post_format_gallery_ids":"","loftocean_post_format_gallery_urls":"","loftocean_post_format_video_id":"","loftocean_post_format_video_url":"","loftocean_post_format_video_type":"","loftocean_post_format_video":"","loftocean_post_format_audio_type":"","loftocean_post_format_audio_url":"","loftocean_post_format_audio_id":"","loftocean_post_format_audio":"","loftocean_post_format_quote_text":"","loftocean_post_format_quote_byline":"","loftocean_post_format_link_text":"","loftocean_post_format_link_url":"","ceramag_post_header_style":"","ceramag_enable_background_video":"","ceramag_show_in_top_slider":"","ceramag_post_background_video_start":"","ceramag_post_background_video_end":"","loftocean_page_background_video_id":"","loftocean_page_background_video_url":"","loftocean_page_background_video_type":"","loftocean_page_background_video":"","ceramag_background_video_start":"","ceramag_background_video_end":"","ceramag_single_page_hide_header":"","footnotes":""},"categories":[35],"tags":[540,610,528,41,1044,611],"class_list":["post-5076","post","type-post","status-publish","format-standard","has-post-thumbnail","hentry","category-politica-y-sociedad","tag-arnau-alcaide","tag-asociacion","tag-asociacion-cannabica","tag-cannabis","tag-cannabis-social-club","tag-ley-catalana-de-asociaciones"],"yoast_head":"<!-- This site is optimized with the Yoast SEO plugin v24.9 - https:\/\/yoast.com\/wordpress\/plugins\/seo\/ -->\n<title>PIDEN EL INDULTO TRES DE LOS PRIMEROS ASOCIADOS QUE ENTRAR\u00cdAN EN PRISI\u00d3N EN ESPA\u00d1A<\/title>\n<meta name=\"description\" content=\"Entrada &#8226; Portal multimedia sobre cannabis y otras sustancias &#8226; 4 junio, 2020\" \/>\n<meta name=\"robots\" content=\"index, follow, max-snippet:-1, max-image-preview:large, max-video-preview:-1\" \/>\n<link rel=\"canonical\" href=\"https:\/\/www.cannabis.es\/pw\/2020\/06\/04\/piden-el-indulto-tres-de-los-primeros-asociados-que-entrarian-en-prision-en-espana\/\" \/>\n<meta name=\"twitter:card\" content=\"summary_large_image\" \/>\n<meta name=\"twitter:title\" content=\"PIDEN EL INDULTO TRES DE LOS PRIMEROS ASOCIADOS QUE ENTRAR\u00cdAN EN PRISI\u00d3N EN ESPA\u00d1A\" \/>\n<meta name=\"twitter:description\" content=\"Entrada &#8226; Portal multimedia sobre cannabis y otras sustancias &#8226; 4 junio, 2020\" \/>\n<meta name=\"twitter:image\" content=\"https:\/\/www.cannabis.es\/pw\/wp-content\/uploads\/2020\/06\/ti\u00f3.jpg\" \/>\n<meta name=\"twitter:creator\" content=\"@cannabis_es\" \/>\n<meta name=\"twitter:site\" content=\"@cannabis_es\" \/>\n<meta name=\"twitter:label1\" content=\"Escrito por\" \/>\n\t<meta name=\"twitter:data1\" content=\"Cannabis.es\" \/>\n\t<meta name=\"twitter:label2\" content=\"Tiempo de lectura\" \/>\n\t<meta name=\"twitter:data2\" content=\"8 minutos\" \/>\n<script type=\"application\/ld+json\" class=\"yoast-schema-graph\">{\"@context\":\"https:\/\/schema.org\",\"@graph\":[{\"@type\":\"Article\",\"@id\":\"https:\/\/www.cannabis.es\/pw\/2020\/06\/04\/piden-el-indulto-tres-de-los-primeros-asociados-que-entrarian-en-prision-en-espana\/#article\",\"isPartOf\":{\"@id\":\"https:\/\/www.cannabis.es\/pw\/2020\/06\/04\/piden-el-indulto-tres-de-los-primeros-asociados-que-entrarian-en-prision-en-espana\/\"},\"author\":{\"name\":\"Cannabis.es\",\"@id\":\"https:\/\/www.cannabis.es\/pw\/#\/schema\/person\/ec770c03f3e99d770687f537f4ba1e89\"},\"headline\":\"PIDEN EL INDULTO TRES DE LOS PRIMEROS ASOCIADOS QUE ENTRAR\u00cdAN EN PRISI\u00d3N EN ESPA\u00d1A\",\"datePublished\":\"2020-06-04T10:44:53+00:00\",\"dateModified\":\"2020-07-07T09:14:11+00:00\",\"mainEntityOfPage\":{\"@id\":\"https:\/\/www.cannabis.es\/pw\/2020\/06\/04\/piden-el-indulto-tres-de-los-primeros-asociados-que-entrarian-en-prision-en-espana\/\"},\"wordCount\":1616,\"publisher\":{\"@id\":\"https:\/\/www.cannabis.es\/pw\/#organization\"},\"image\":{\"@id\":\"https:\/\/www.cannabis.es\/pw\/2020\/06\/04\/piden-el-indulto-tres-de-los-primeros-asociados-que-entrarian-en-prision-en-espana\/#primaryimage\"},\"thumbnailUrl\":\"https:\/\/www.cannabis.es\/pw\/wp-content\/uploads\/2020\/06\/ti\u00f3.jpg\",\"keywords\":[\"Arnau Alcaide\",\"asociaci\u00f3n\",\"asociaci\u00f3n cann\u00e1bica\",\"cannabis\",\"Cannabis Social Club\",\"ley catalana de asociaciones\"],\"articleSection\":[\"Pol\u00edtica y Sociedad\"],\"inLanguage\":\"es\"},{\"@type\":\"WebPage\",\"@id\":\"https:\/\/www.cannabis.es\/pw\/2020\/06\/04\/piden-el-indulto-tres-de-los-primeros-asociados-que-entrarian-en-prision-en-espana\/\",\"url\":\"https:\/\/www.cannabis.es\/pw\/2020\/06\/04\/piden-el-indulto-tres-de-los-primeros-asociados-que-entrarian-en-prision-en-espana\/\",\"name\":\"PIDEN EL INDULTO TRES DE LOS PRIMEROS ASOCIADOS QUE ENTRAR\u00cdAN EN PRISI\u00d3N EN ESPA\u00d1A\",\"isPartOf\":{\"@id\":\"https:\/\/www.cannabis.es\/pw\/#website\"},\"primaryImageOfPage\":{\"@id\":\"https:\/\/www.cannabis.es\/pw\/2020\/06\/04\/piden-el-indulto-tres-de-los-primeros-asociados-que-entrarian-en-prision-en-espana\/#primaryimage\"},\"image\":{\"@id\":\"https:\/\/www.cannabis.es\/pw\/2020\/06\/04\/piden-el-indulto-tres-de-los-primeros-asociados-que-entrarian-en-prision-en-espana\/#primaryimage\"},\"thumbnailUrl\":\"https:\/\/www.cannabis.es\/pw\/wp-content\/uploads\/2020\/06\/ti\u00f3.jpg\",\"datePublished\":\"2020-06-04T10:44:53+00:00\",\"dateModified\":\"2020-07-07T09:14:11+00:00\",\"description\":\"Entrada &#8226; Portal multimedia sobre cannabis y otras sustancias &#8226; 4 junio, 2020\",\"breadcrumb\":{\"@id\":\"https:\/\/www.cannabis.es\/pw\/2020\/06\/04\/piden-el-indulto-tres-de-los-primeros-asociados-que-entrarian-en-prision-en-espana\/#breadcrumb\"},\"inLanguage\":\"es\",\"potentialAction\":[{\"@type\":\"ReadAction\",\"target\":[\"https:\/\/www.cannabis.es\/pw\/2020\/06\/04\/piden-el-indulto-tres-de-los-primeros-asociados-que-entrarian-en-prision-en-espana\/\"]}]},{\"@type\":\"ImageObject\",\"inLanguage\":\"es\",\"@id\":\"https:\/\/www.cannabis.es\/pw\/2020\/06\/04\/piden-el-indulto-tres-de-los-primeros-asociados-que-entrarian-en-prision-en-espana\/#primaryimage\",\"url\":\"https:\/\/www.cannabis.es\/pw\/wp-content\/uploads\/2020\/06\/ti\u00f3.jpg\",\"contentUrl\":\"https:\/\/www.cannabis.es\/pw\/wp-content\/uploads\/2020\/06\/ti\u00f3.jpg\",\"width\":959,\"height\":475},{\"@type\":\"BreadcrumbList\",\"@id\":\"https:\/\/www.cannabis.es\/pw\/2020\/06\/04\/piden-el-indulto-tres-de-los-primeros-asociados-que-entrarian-en-prision-en-espana\/#breadcrumb\",\"itemListElement\":[{\"@type\":\"ListItem\",\"position\":1,\"name\":\"Portada\",\"item\":\"http:\/\/www.cannabis.es\/pw\/\"},{\"@type\":\"ListItem\",\"position\":2,\"name\":\"PIDEN EL INDULTO TRES DE LOS PRIMEROS ASOCIADOS QUE ENTRAR\u00cdAN EN PRISI\u00d3N EN ESPA\u00d1A\"}]},{\"@type\":\"WebSite\",\"@id\":\"https:\/\/www.cannabis.es\/pw\/#website\",\"url\":\"https:\/\/www.cannabis.es\/pw\/\",\"name\":\"Cannabis\",\"description\":\"Portal multimedia sobre cannabis y otras sustancias\",\"publisher\":{\"@id\":\"https:\/\/www.cannabis.es\/pw\/#organization\"},\"potentialAction\":[{\"@type\":\"SearchAction\",\"target\":{\"@type\":\"EntryPoint\",\"urlTemplate\":\"https:\/\/www.cannabis.es\/pw\/?s={search_term_string}\"},\"query-input\":{\"@type\":\"PropertyValueSpecification\",\"valueRequired\":true,\"valueName\":\"search_term_string\"}}],\"inLanguage\":\"es\"},{\"@type\":\"Organization\",\"@id\":\"https:\/\/www.cannabis.es\/pw\/#organization\",\"name\":\"Cannabis.es\",\"url\":\"https:\/\/www.cannabis.es\/pw\/\",\"logo\":{\"@type\":\"ImageObject\",\"inLanguage\":\"es\",\"@id\":\"https:\/\/www.cannabis.es\/pw\/#\/schema\/logo\/image\/\",\"url\":\"https:\/\/www.cannabis.es\/pw\/wp-content\/uploads\/2019\/04\/cropped-logo_cannabis.png\",\"contentUrl\":\"https:\/\/www.cannabis.es\/pw\/wp-content\/uploads\/2019\/04\/cropped-logo_cannabis.png\",\"width\":361,\"height\":120,\"caption\":\"Cannabis.es\"},\"image\":{\"@id\":\"https:\/\/www.cannabis.es\/pw\/#\/schema\/logo\/image\/\"},\"sameAs\":[\"https:\/\/x.com\/cannabis_es\"]},{\"@type\":\"Person\",\"@id\":\"https:\/\/www.cannabis.es\/pw\/#\/schema\/person\/ec770c03f3e99d770687f537f4ba1e89\",\"name\":\"Cannabis.es\",\"image\":{\"@type\":\"ImageObject\",\"inLanguage\":\"es\",\"@id\":\"https:\/\/www.cannabis.es\/pw\/#\/schema\/person\/image\/\",\"url\":\"https:\/\/secure.gravatar.com\/avatar\/810c93a3d6fadc3d9c2665b1d919a4aedea8ed4dd63689d001e985a804e90d83?s=96&d=mm&r=g\",\"contentUrl\":\"https:\/\/secure.gravatar.com\/avatar\/810c93a3d6fadc3d9c2665b1d919a4aedea8ed4dd63689d001e985a804e90d83?s=96&d=mm&r=g\",\"caption\":\"Cannabis.es\"},\"url\":\"https:\/\/www.cannabis.es\/pw\/author\/arnau\/\"}]}<\/script>\n<!-- \/ Yoast SEO plugin. -->","yoast_head_json":{"title":"PIDEN EL INDULTO TRES DE LOS PRIMEROS ASOCIADOS QUE ENTRAR\u00cdAN EN PRISI\u00d3N EN ESPA\u00d1A","description":"Entrada &#8226; Portal multimedia sobre cannabis y otras sustancias &#8226; 4 junio, 2020","robots":{"index":"index","follow":"follow","max-snippet":"max-snippet:-1","max-image-preview":"max-image-preview:large","max-video-preview":"max-video-preview:-1"},"canonical":"https:\/\/www.cannabis.es\/pw\/2020\/06\/04\/piden-el-indulto-tres-de-los-primeros-asociados-que-entrarian-en-prision-en-espana\/","twitter_card":"summary_large_image","twitter_title":"PIDEN EL INDULTO TRES DE LOS PRIMEROS ASOCIADOS QUE ENTRAR\u00cdAN EN PRISI\u00d3N EN ESPA\u00d1A","twitter_description":"Entrada &#8226; Portal multimedia sobre cannabis y otras sustancias &#8226; 4 junio, 2020","twitter_image":"https:\/\/www.cannabis.es\/pw\/wp-content\/uploads\/2020\/06\/ti\u00f3.jpg","twitter_creator":"@cannabis_es","twitter_site":"@cannabis_es","twitter_misc":{"Escrito por":"Cannabis.es","Tiempo de lectura":"8 minutos"},"schema":{"@context":"https:\/\/schema.org","@graph":[{"@type":"Article","@id":"https:\/\/www.cannabis.es\/pw\/2020\/06\/04\/piden-el-indulto-tres-de-los-primeros-asociados-que-entrarian-en-prision-en-espana\/#article","isPartOf":{"@id":"https:\/\/www.cannabis.es\/pw\/2020\/06\/04\/piden-el-indulto-tres-de-los-primeros-asociados-que-entrarian-en-prision-en-espana\/"},"author":{"name":"Cannabis.es","@id":"https:\/\/www.cannabis.es\/pw\/#\/schema\/person\/ec770c03f3e99d770687f537f4ba1e89"},"headline":"PIDEN EL INDULTO TRES DE LOS PRIMEROS ASOCIADOS QUE ENTRAR\u00cdAN EN PRISI\u00d3N EN ESPA\u00d1A","datePublished":"2020-06-04T10:44:53+00:00","dateModified":"2020-07-07T09:14:11+00:00","mainEntityOfPage":{"@id":"https:\/\/www.cannabis.es\/pw\/2020\/06\/04\/piden-el-indulto-tres-de-los-primeros-asociados-que-entrarian-en-prision-en-espana\/"},"wordCount":1616,"publisher":{"@id":"https:\/\/www.cannabis.es\/pw\/#organization"},"image":{"@id":"https:\/\/www.cannabis.es\/pw\/2020\/06\/04\/piden-el-indulto-tres-de-los-primeros-asociados-que-entrarian-en-prision-en-espana\/#primaryimage"},"thumbnailUrl":"https:\/\/www.cannabis.es\/pw\/wp-content\/uploads\/2020\/06\/ti\u00f3.jpg","keywords":["Arnau Alcaide","asociaci\u00f3n","asociaci\u00f3n cann\u00e1bica","cannabis","Cannabis Social Club","ley catalana de asociaciones"],"articleSection":["Pol\u00edtica y Sociedad"],"inLanguage":"es"},{"@type":"WebPage","@id":"https:\/\/www.cannabis.es\/pw\/2020\/06\/04\/piden-el-indulto-tres-de-los-primeros-asociados-que-entrarian-en-prision-en-espana\/","url":"https:\/\/www.cannabis.es\/pw\/2020\/06\/04\/piden-el-indulto-tres-de-los-primeros-asociados-que-entrarian-en-prision-en-espana\/","name":"PIDEN EL INDULTO TRES DE LOS PRIMEROS ASOCIADOS QUE ENTRAR\u00cdAN EN PRISI\u00d3N EN ESPA\u00d1A","isPartOf":{"@id":"https:\/\/www.cannabis.es\/pw\/#website"},"primaryImageOfPage":{"@id":"https:\/\/www.cannabis.es\/pw\/2020\/06\/04\/piden-el-indulto-tres-de-los-primeros-asociados-que-entrarian-en-prision-en-espana\/#primaryimage"},"image":{"@id":"https:\/\/www.cannabis.es\/pw\/2020\/06\/04\/piden-el-indulto-tres-de-los-primeros-asociados-que-entrarian-en-prision-en-espana\/#primaryimage"},"thumbnailUrl":"https:\/\/www.cannabis.es\/pw\/wp-content\/uploads\/2020\/06\/ti\u00f3.jpg","datePublished":"2020-06-04T10:44:53+00:00","dateModified":"2020-07-07T09:14:11+00:00","description":"Entrada &#8226; Portal multimedia sobre cannabis y otras sustancias &#8226; 4 junio, 2020","breadcrumb":{"@id":"https:\/\/www.cannabis.es\/pw\/2020\/06\/04\/piden-el-indulto-tres-de-los-primeros-asociados-que-entrarian-en-prision-en-espana\/#breadcrumb"},"inLanguage":"es","potentialAction":[{"@type":"ReadAction","target":["https:\/\/www.cannabis.es\/pw\/2020\/06\/04\/piden-el-indulto-tres-de-los-primeros-asociados-que-entrarian-en-prision-en-espana\/"]}]},{"@type":"ImageObject","inLanguage":"es","@id":"https:\/\/www.cannabis.es\/pw\/2020\/06\/04\/piden-el-indulto-tres-de-los-primeros-asociados-que-entrarian-en-prision-en-espana\/#primaryimage","url":"https:\/\/www.cannabis.es\/pw\/wp-content\/uploads\/2020\/06\/ti\u00f3.jpg","contentUrl":"https:\/\/www.cannabis.es\/pw\/wp-content\/uploads\/2020\/06\/ti\u00f3.jpg","width":959,"height":475},{"@type":"BreadcrumbList","@id":"https:\/\/www.cannabis.es\/pw\/2020\/06\/04\/piden-el-indulto-tres-de-los-primeros-asociados-que-entrarian-en-prision-en-espana\/#breadcrumb","itemListElement":[{"@type":"ListItem","position":1,"name":"Portada","item":"http:\/\/www.cannabis.es\/pw\/"},{"@type":"ListItem","position":2,"name":"PIDEN EL INDULTO TRES DE LOS PRIMEROS ASOCIADOS QUE ENTRAR\u00cdAN EN PRISI\u00d3N EN ESPA\u00d1A"}]},{"@type":"WebSite","@id":"https:\/\/www.cannabis.es\/pw\/#website","url":"https:\/\/www.cannabis.es\/pw\/","name":"Cannabis","description":"Portal multimedia sobre cannabis y otras sustancias","publisher":{"@id":"https:\/\/www.cannabis.es\/pw\/#organization"},"potentialAction":[{"@type":"SearchAction","target":{"@type":"EntryPoint","urlTemplate":"https:\/\/www.cannabis.es\/pw\/?s={search_term_string}"},"query-input":{"@type":"PropertyValueSpecification","valueRequired":true,"valueName":"search_term_string"}}],"inLanguage":"es"},{"@type":"Organization","@id":"https:\/\/www.cannabis.es\/pw\/#organization","name":"Cannabis.es","url":"https:\/\/www.cannabis.es\/pw\/","logo":{"@type":"ImageObject","inLanguage":"es","@id":"https:\/\/www.cannabis.es\/pw\/#\/schema\/logo\/image\/","url":"https:\/\/www.cannabis.es\/pw\/wp-content\/uploads\/2019\/04\/cropped-logo_cannabis.png","contentUrl":"https:\/\/www.cannabis.es\/pw\/wp-content\/uploads\/2019\/04\/cropped-logo_cannabis.png","width":361,"height":120,"caption":"Cannabis.es"},"image":{"@id":"https:\/\/www.cannabis.es\/pw\/#\/schema\/logo\/image\/"},"sameAs":["https:\/\/x.com\/cannabis_es"]},{"@type":"Person","@id":"https:\/\/www.cannabis.es\/pw\/#\/schema\/person\/ec770c03f3e99d770687f537f4ba1e89","name":"Cannabis.es","image":{"@type":"ImageObject","inLanguage":"es","@id":"https:\/\/www.cannabis.es\/pw\/#\/schema\/person\/image\/","url":"https:\/\/secure.gravatar.com\/avatar\/810c93a3d6fadc3d9c2665b1d919a4aedea8ed4dd63689d001e985a804e90d83?s=96&d=mm&r=g","contentUrl":"https:\/\/secure.gravatar.com\/avatar\/810c93a3d6fadc3d9c2665b1d919a4aedea8ed4dd63689d001e985a804e90d83?s=96&d=mm&r=g","caption":"Cannabis.es"},"url":"https:\/\/www.cannabis.es\/pw\/author\/arnau\/"}]}},"_links":{"self":[{"href":"https:\/\/www.cannabis.es\/pw\/wp-json\/wp\/v2\/posts\/5076","targetHints":{"allow":["GET"]}}],"collection":[{"href":"https:\/\/www.cannabis.es\/pw\/wp-json\/wp\/v2\/posts"}],"about":[{"href":"https:\/\/www.cannabis.es\/pw\/wp-json\/wp\/v2\/types\/post"}],"author":[{"embeddable":true,"href":"https:\/\/www.cannabis.es\/pw\/wp-json\/wp\/v2\/users\/3"}],"replies":[{"embeddable":true,"href":"https:\/\/www.cannabis.es\/pw\/wp-json\/wp\/v2\/comments?post=5076"}],"version-history":[{"count":2,"href":"https:\/\/www.cannabis.es\/pw\/wp-json\/wp\/v2\/posts\/5076\/revisions"}],"predecessor-version":[{"id":5079,"href":"https:\/\/www.cannabis.es\/pw\/wp-json\/wp\/v2\/posts\/5076\/revisions\/5079"}],"wp:featuredmedia":[{"embeddable":true,"href":"https:\/\/www.cannabis.es\/pw\/wp-json\/wp\/v2\/media\/5077"}],"wp:attachment":[{"href":"https:\/\/www.cannabis.es\/pw\/wp-json\/wp\/v2\/media?parent=5076"}],"wp:term":[{"taxonomy":"category","embeddable":true,"href":"https:\/\/www.cannabis.es\/pw\/wp-json\/wp\/v2\/categories?post=5076"},{"taxonomy":"post_tag","embeddable":true,"href":"https:\/\/www.cannabis.es\/pw\/wp-json\/wp\/v2\/tags?post=5076"}],"curies":[{"name":"wp","href":"https:\/\/api.w.org\/{rel}","templated":true}]}}