{"id":5084,"date":"2020-06-04T13:17:34","date_gmt":"2020-06-04T11:17:34","guid":{"rendered":"http:\/\/www.cannabis.es\/pw\/?p=5084"},"modified":"2020-11-02T09:28:45","modified_gmt":"2020-11-02T08:28:45","slug":"fes-ho-be-y-universidad-de-valencia-sondean-el-impacto-del-covid-19-en-usuarios-de-cannabis","status":"publish","type":"post","link":"https:\/\/www.cannabis.es\/pw\/2020\/06\/04\/fes-ho-be-y-universidad-de-valencia-sondean-el-impacto-del-covid-19-en-usuarios-de-cannabis\/","title":{"rendered":"FES-HO B\u00c9! Y UNIVERSIDAD DE VALENCIA SONDEAN EL IMPACTO DEL COVID 19 EN USUARIOS DE CANNABIS"},"content":{"rendered":"\n<p>Benito D\u00edaz<\/p>\n\n\n\n<p>El Grupo de Estudios FES-HO B\u00c9! (hazlo bien) en colaboraci\u00f3n con la Universidad de Valencia, han presentado la encuesta titulada \u201cImpacto COVID 19 en Usuarios de cannabis\u201d. Es una herramienta que intenta recabar informaci\u00f3n al respecto de las<strong>&nbsp;implicaciones que supusieron el cierre de las asociaciones cann\u00e1bicas y CSC<\/strong>, tanto para las usuarias y usuarios terap\u00e9uticos como para l\u00fadicos. Como otras encuestas, se trata de un formulario que se rellena de forma an\u00f3nima y cuya informaci\u00f3n est\u00e1 avalada por la ley de protecci\u00f3n de datos.<\/p>\n\n\n\n<p>Podr\u00edamos definir el Grupo de Estudios FES-HO B\u00c9! como un equipo de investigaci\u00f3n multidisciplinar levantino al respecto del cannabis y sus implicaciones para la salud. Cubrimos su nacimiento<a href=\"http:\/\/www.cannabis.es\/pw\/2019\/02\/15\/fes-ho-be-se-presenta-para-cambiar-el-trato-publico-del-cannabis-a-mas-respuetuoso-y-efectivo\/\"> hace m\u00e1s de un a\u00f1o,<\/a> e\u00a0incluye a profesionales con una dilatada y reconocida carrera en diferentes campos, en concreto, el de la investigaci\u00f3n y la salud, bajo la presidencia de Javier Miravete.\u00a0La cercana relaci\u00f3n con Energy Control les dota de una visi\u00f3n especialista en la reducci\u00f3n de da\u00f1os, fomentando una postura cr\u00edtica con el prohibicionismo.<\/p>\n\n\n\n<p>Charlamos con el Director de Investigaci\u00f3n, Salvador Amig\u00f3, profesor titular de Psicolog\u00eda en la Universidad de Valencia. Amig\u00f3 ha escrito varios libros de divulgaci\u00f3n cient\u00edfica, as\u00ed como participado en proyectos de evaluaci\u00f3n sobre la calidad de vida de pacientes con terapias cann\u00e1bicas.<\/p>\n\n\n\n<h3 class=\"wp-block-heading\"><strong>LA ENCUESTA<\/strong><\/h3>\n\n\n\n<p>\u201c<em>Nuestro proyecto intenta valorar el impacto de la crisis del COVID 19 en usuarios de cannabis, medicinales y l\u00fadicos\u201d, explica Amig\u00f3. \u201cEstamos realizando, por primera vez en nuestro pa\u00eds, un estudio de estas caracter\u00edsticas.&nbsp;<a href=\"http:\/\/www.cannabis.es\/pw\/2019\/11\/25\/un-unico-paciente-de-los-358-000-no-tratados-con-cannabis-pierde-de-media-en-calidad-de-vida-el-coste-de-una-investigacion\/\">Lo comenzamos en el Castell\u00f3n cannabis Club<\/a>, siguiendo solo&nbsp;<a href=\"http:\/\/www.cannabis.es\/pw\/2020\/03\/03\/miles-de-pacientes-tienen-dificultades-para-acceder-a-terapias-cannabicas\/\">a los consumidores terap\u00e9uticos<\/a>, pero ahora queremos continuarlo contando con la mayor cantidad de gente posible\u201d<\/em>&nbsp;declara el profesor.<\/p>\n\n\n\n<p>\u201c<em>Con la Pandemia, se produjo&nbsp;<a href=\"http:\/\/www.cannabis.es\/pw\/2020\/04\/10\/espana-arriesga-la-salud-de-pacientes-de-cannabis\/\">el cierre de las asociaciones cann\u00e1bicas<\/a>&nbsp;y tuvimos que interrumpir nuestro primer estudio. Sin embargo, en los primeros d\u00edas de confinamiento, Javier Miravete nos cont\u00f3 su idea de continuar con el proyecto. Lo primero que nos preocup\u00f3 fueron las dificultades a las que se iban a enfrentar los pacientes que no pudieran conseguir su medicaci\u00f3n durante el confinamiento. Esto supon\u00eda que pon\u00edan en riesgo su salud exponi\u00e9ndose al desabastecimiento y teniendo que recurrir en \u00faltima instancia al mercado il\u00edcito, dado el cierre de las Asociaciones.<\/em><\/p>\n\n\n\n<p><em>Aunque lo han manejado mejor, incluso para algunos usuarios terap\u00e9uticos que se abastecen del autocultivo, esto no ha sido suficiente. La mayor\u00eda, ha tenido que recurrir al mercado il\u00edcito, con los consecuentes riesgos, como la adulteraci\u00f3n de la sustancia o la exposici\u00f3n a peligros potenciales\u201d<\/em>&nbsp;explica Amig\u00f3.<\/p>\n\n\n\n<p>Salvador Amig\u00f3 afirma que el estudio comienza de cero y que buscan participantes en la encuesta de manera que llegue al m\u00e1ximo de personas usuarias posible. A trav\u00e9s de las preguntas, el grupo de estudio intentar\u00e1 descubrir el deterioro de la calidad de vida o en la propia enfermedad de los pacientes, qu\u00e9 han tenido que hacer para continuar su abastecimiento, qui\u00e9nes han tenido problemas con el COVID 19, c\u00f3mo el cannabis ha afectado a su enfermedad o si los m\u00e9dicos han tenido en cuenta su situaci\u00f3n y su consumo.&nbsp;<em>\u201cNos gustar\u00eda alejarnos de las opiniones que han valorado el cannabis como algo perjudicial en relaci\u00f3n al COVID 19\u201d<\/em>&nbsp;expone el profesor.<\/p>\n\n\n\n<p>\u201c<em>Soy contrario al planteamiento el cual dice que el cannabis es perjudicial para el Covid 19. En el grupo, estamos al tanto de las&nbsp;<a href=\"http:\/\/www.cannabis.es\/pw\/2020\/05\/26\/desmontando-bulos-el-cannabis-no-cura-el-covid-19\/\">investigaciones surgidas en Canad\u00e1<\/a>&nbsp;y manejamos esta hip\u00f3tesis de trabajo. Hay que ser muy cauteloso, como es natural. Pero los resultados de estos trabajos demuestran con base cient\u00edfica que el cannabis puede ser un buen coadyuvante en el tratamiento. Aun as\u00ed, recomendamos m\u00e1xima cautela\u201d.<\/em><\/p>\n\n\n\n<p>Amig\u00f3 se dirige al movimiento cann\u00e1bico cuando afirma que&nbsp;<em>\u201cestamos cerca [de la regulaci\u00f3n], pero hay que ir con cuidado\u201d<\/em>. Adem\u00e1s, manifiesta que&nbsp;<em>\u201ccon independencia de la posibilidad que hablamos, se necesita m\u00e1s investigaci\u00f3n en el cannabis. La prohibici\u00f3n, su posici\u00f3n en la lista de fiscalizaci\u00f3n de la OMS, la informaci\u00f3n de los medios\u2026 la opini\u00f3n p\u00fablica no sabe la cantidad de informaci\u00f3n cient\u00edfica al respecto del cannabis que hay en la actualidad, con cientos de potenciales y evidentes aplicaciones m\u00e9dicas\u201d<\/em>. El profesor Amig\u00f3 confirma que&nbsp;<em>\u201chay que poner el foco en todo esto. Este pa\u00eds y la Comunidad Valenciana no se pueden quedar atr\u00e1s\u201d.<\/em><\/p>\n\n\n\n<p>El trabajo se realiza a trav\u00e9s del&nbsp;<a href=\"http:\/\/www.cannabis.es\/pw\/2019\/02\/15\/fes-ho-be-se-presenta-para-cambiar-el-trato-publico-del-cannabis-a-mas-respuetuoso-y-efectivo\/\">equipo coordinado de FESHOBE<\/a>!, dirigido por Javier Miravete y compuesto en primera instancia por la tambi\u00e9n profesora de Psicolog\u00eda Noem\u00ed S\u00e1nchez, el doctor Mario Land, H\u00e9ctor Brotons del&nbsp;<a href=\"https:\/\/brotsanbert.com\/\">Gabinete Jur\u00eddico BROTSANBERT<\/a>, el propio profesor Amig\u00f3 y las estudiantes Vanesa y Claudia, que dise\u00f1aron gran parte de las preguntas de la encuesta.<\/p>\n\n\n\n<p>Al preguntar por la duraci\u00f3n del sondeo, interviene Javier Miravete.&nbsp;<em>\u201cDepender\u00e1 un poco de la respuesta de las personas, que de momento est\u00e1 siendo escasa. Pero en principio se hab\u00eda planteado para todo el verano ya que el trabajo de fin de master es en octubre. As\u00ed que es posible que septiembre\u201d<\/em>&nbsp;aclara el tambi\u00e9n presidente de Terap\u00e9uticas Hierbas Castell\u00f3n y representante de EDUCANNEM.<\/p>\n\n\n\n<p>\u201c<em>El m\u00ednimo de participantes ser\u00edan unas 200 personas, pero esperamos muchas m\u00e1s\u201d<\/em>&nbsp;dice Amig\u00f3.&nbsp;<em>\u201cSu duraci\u00f3n no puede contar demasiado tiempo. Ten en cuenta que se trata de una encuesta que trata con sentimientos y sensaciones, surgidas de un momento de dificultad. Por eso, debe ser r\u00e1pida e intensa. No es una encuesta retrospectiva, debe ser inmediata en este contexto. Por eso, contamos con par\u00e1metros adaptados a la situaci\u00f3n actual\u201d.<\/em><\/p>\n\n\n\n<p>Puedes participar en la encuesta a trav\u00e9s del siguiente enlace:<\/p>\n\n\n\n<p><a href=\"https:\/\/docs.google.com\/forms\/d\/e\/1FAIpQLSd1oq84PUcjUAlYAxIdO7gASdEkleMDURmzvEjI-SAcPpDgoA\/viewform\">IMPACTO COVID-19 EN USUARIOS\/AS DE cannabis SATIVA L\u00daDICOS Y TERAP\u00c9UTICOS DE ASOCIACIONES CANN\u00c1BICAS, AUTOCULTIVO Y MERCADO IL\u00cdCITO<\/a><\/p>\n","protected":false},"excerpt":{"rendered":"<span class=\"span-reading-time rt-reading-time\" style=\"display: block;\"><span class=\"rt-label rt-prefix\">Tiempo de lectura:<\/span> <span class=\"rt-time\"> 3<\/span> <span class=\"rt-label rt-postfix\">minutos<\/span><\/span>Encuesta recaba informaci\u00f3n sobre las implicaciones que supusieron el cierre de las asociaciones cann\u00e1bicas a las personas usuarias.","protected":false},"author":3,"featured_media":5085,"comment_status":"closed","ping_status":"closed","sticky":false,"template":"","format":"standard","meta":{"loftocean-featured-post":"","loftocean_post_format_gallery":"","loftocean_post_format_gallery_ids":"","loftocean_post_format_gallery_urls":"","loftocean_post_format_video_id":"","loftocean_post_format_video_url":"","loftocean_post_format_video_type":"","loftocean_post_format_video":"","loftocean_post_format_audio_type":"","loftocean_post_format_audio_url":"","loftocean_post_format_audio_id":"","loftocean_post_format_audio":"","loftocean_post_format_quote_text":"","loftocean_post_format_quote_byline":"","loftocean_post_format_link_text":"","loftocean_post_format_link_url":"","ceramag_post_header_style":"","ceramag_enable_background_video":"","ceramag_show_in_top_slider":"","ceramag_post_background_video_start":"","ceramag_post_background_video_end":"","loftocean_page_background_video_id":"","loftocean_page_background_video_url":"","loftocean_page_background_video_type":"","loftocean_page_background_video":"","ceramag_background_video_start":"","ceramag_background_video_end":"","ceramag_single_page_hide_header":"","footnotes":""},"categories":[36,35],"tags":[528,43,417,53],"class_list":["post-5084","post","type-post","status-publish","format-standard","has-post-thumbnail","hentry","category-medicinal","category-politica-y-sociedad","tag-asociacion-cannabica","tag-benito-diaz","tag-estudio","tag-investigacion"],"yoast_head":"<!-- This site is optimized with the Yoast SEO plugin v24.9 - https:\/\/yoast.com\/wordpress\/plugins\/seo\/ -->\n<title>FES-HO B\u00c9! Y UNIVERSIDAD DE VALENCIA SONDEAN EL IMPACTO DEL COVID 19 EN USUARIOS DE CANNABIS<\/title>\n<meta name=\"description\" content=\"Entrada &#8226; Portal multimedia sobre cannabis y otras sustancias &#8226; 4 junio, 2020\" \/>\n<meta name=\"robots\" content=\"index, follow, max-snippet:-1, max-image-preview:large, max-video-preview:-1\" \/>\n<link rel=\"canonical\" href=\"https:\/\/www.cannabis.es\/pw\/2020\/06\/04\/fes-ho-be-y-universidad-de-valencia-sondean-el-impacto-del-covid-19-en-usuarios-de-cannabis\/\" \/>\n<meta name=\"twitter:card\" content=\"summary_large_image\" \/>\n<meta name=\"twitter:title\" content=\"FES-HO B\u00c9! Y UNIVERSIDAD DE VALENCIA SONDEAN EL IMPACTO DEL COVID 19 EN USUARIOS DE CANNABIS\" \/>\n<meta name=\"twitter:description\" content=\"Entrada &#8226; Portal multimedia sobre cannabis y otras sustancias &#8226; 4 junio, 2020\" \/>\n<meta name=\"twitter:image\" content=\"https:\/\/www.cannabis.es\/pw\/wp-content\/uploads\/2020\/06\/portada-encuesta.jpg\" \/>\n<meta name=\"twitter:creator\" content=\"@cannabis_es\" \/>\n<meta name=\"twitter:site\" content=\"@cannabis_es\" \/>\n<meta name=\"twitter:label1\" content=\"Escrito por\" \/>\n\t<meta name=\"twitter:data1\" content=\"Cannabis.es\" \/>\n\t<meta name=\"twitter:label2\" content=\"Tiempo de lectura\" \/>\n\t<meta name=\"twitter:data2\" content=\"5 minutos\" \/>\n<script type=\"application\/ld+json\" class=\"yoast-schema-graph\">{\"@context\":\"https:\/\/schema.org\",\"@graph\":[{\"@type\":\"Article\",\"@id\":\"https:\/\/www.cannabis.es\/pw\/2020\/06\/04\/fes-ho-be-y-universidad-de-valencia-sondean-el-impacto-del-covid-19-en-usuarios-de-cannabis\/#article\",\"isPartOf\":{\"@id\":\"https:\/\/www.cannabis.es\/pw\/2020\/06\/04\/fes-ho-be-y-universidad-de-valencia-sondean-el-impacto-del-covid-19-en-usuarios-de-cannabis\/\"},\"author\":{\"name\":\"Cannabis.es\",\"@id\":\"https:\/\/www.cannabis.es\/pw\/#\/schema\/person\/ec770c03f3e99d770687f537f4ba1e89\"},\"headline\":\"FES-HO B\u00c9! Y UNIVERSIDAD DE VALENCIA SONDEAN EL IMPACTO DEL COVID 19 EN USUARIOS DE CANNABIS\",\"datePublished\":\"2020-06-04T11:17:34+00:00\",\"dateModified\":\"2020-11-02T08:28:45+00:00\",\"mainEntityOfPage\":{\"@id\":\"https:\/\/www.cannabis.es\/pw\/2020\/06\/04\/fes-ho-be-y-universidad-de-valencia-sondean-el-impacto-del-covid-19-en-usuarios-de-cannabis\/\"},\"wordCount\":1042,\"publisher\":{\"@id\":\"https:\/\/www.cannabis.es\/pw\/#organization\"},\"image\":{\"@id\":\"https:\/\/www.cannabis.es\/pw\/2020\/06\/04\/fes-ho-be-y-universidad-de-valencia-sondean-el-impacto-del-covid-19-en-usuarios-de-cannabis\/#primaryimage\"},\"thumbnailUrl\":\"https:\/\/www.cannabis.es\/pw\/wp-content\/uploads\/2020\/06\/portada-encuesta.jpg\",\"keywords\":[\"asociaci\u00f3n cann\u00e1bica\",\"Benito D\u00edaz\",\"estudio\",\"investigaci\u00f3n\"],\"articleSection\":[\"Medicinal\",\"Pol\u00edtica y Sociedad\"],\"inLanguage\":\"es\"},{\"@type\":\"WebPage\",\"@id\":\"https:\/\/www.cannabis.es\/pw\/2020\/06\/04\/fes-ho-be-y-universidad-de-valencia-sondean-el-impacto-del-covid-19-en-usuarios-de-cannabis\/\",\"url\":\"https:\/\/www.cannabis.es\/pw\/2020\/06\/04\/fes-ho-be-y-universidad-de-valencia-sondean-el-impacto-del-covid-19-en-usuarios-de-cannabis\/\",\"name\":\"FES-HO B\u00c9! Y UNIVERSIDAD DE VALENCIA SONDEAN EL IMPACTO DEL COVID 19 EN USUARIOS DE CANNABIS\",\"isPartOf\":{\"@id\":\"https:\/\/www.cannabis.es\/pw\/#website\"},\"primaryImageOfPage\":{\"@id\":\"https:\/\/www.cannabis.es\/pw\/2020\/06\/04\/fes-ho-be-y-universidad-de-valencia-sondean-el-impacto-del-covid-19-en-usuarios-de-cannabis\/#primaryimage\"},\"image\":{\"@id\":\"https:\/\/www.cannabis.es\/pw\/2020\/06\/04\/fes-ho-be-y-universidad-de-valencia-sondean-el-impacto-del-covid-19-en-usuarios-de-cannabis\/#primaryimage\"},\"thumbnailUrl\":\"https:\/\/www.cannabis.es\/pw\/wp-content\/uploads\/2020\/06\/portada-encuesta.jpg\",\"datePublished\":\"2020-06-04T11:17:34+00:00\",\"dateModified\":\"2020-11-02T08:28:45+00:00\",\"description\":\"Entrada &#8226; Portal multimedia sobre cannabis y otras sustancias &#8226; 4 junio, 2020\",\"breadcrumb\":{\"@id\":\"https:\/\/www.cannabis.es\/pw\/2020\/06\/04\/fes-ho-be-y-universidad-de-valencia-sondean-el-impacto-del-covid-19-en-usuarios-de-cannabis\/#breadcrumb\"},\"inLanguage\":\"es\",\"potentialAction\":[{\"@type\":\"ReadAction\",\"target\":[\"https:\/\/www.cannabis.es\/pw\/2020\/06\/04\/fes-ho-be-y-universidad-de-valencia-sondean-el-impacto-del-covid-19-en-usuarios-de-cannabis\/\"]}]},{\"@type\":\"ImageObject\",\"inLanguage\":\"es\",\"@id\":\"https:\/\/www.cannabis.es\/pw\/2020\/06\/04\/fes-ho-be-y-universidad-de-valencia-sondean-el-impacto-del-covid-19-en-usuarios-de-cannabis\/#primaryimage\",\"url\":\"https:\/\/www.cannabis.es\/pw\/wp-content\/uploads\/2020\/06\/portada-encuesta.jpg\",\"contentUrl\":\"https:\/\/www.cannabis.es\/pw\/wp-content\/uploads\/2020\/06\/portada-encuesta.jpg\",\"width\":959,\"height\":475},{\"@type\":\"BreadcrumbList\",\"@id\":\"https:\/\/www.cannabis.es\/pw\/2020\/06\/04\/fes-ho-be-y-universidad-de-valencia-sondean-el-impacto-del-covid-19-en-usuarios-de-cannabis\/#breadcrumb\",\"itemListElement\":[{\"@type\":\"ListItem\",\"position\":1,\"name\":\"Portada\",\"item\":\"http:\/\/www.cannabis.es\/pw\/\"},{\"@type\":\"ListItem\",\"position\":2,\"name\":\"FES-HO B\u00c9! Y UNIVERSIDAD DE VALENCIA SONDEAN EL IMPACTO DEL COVID 19 EN USUARIOS DE CANNABIS\"}]},{\"@type\":\"WebSite\",\"@id\":\"https:\/\/www.cannabis.es\/pw\/#website\",\"url\":\"https:\/\/www.cannabis.es\/pw\/\",\"name\":\"Cannabis\",\"description\":\"Portal multimedia sobre cannabis y otras sustancias\",\"publisher\":{\"@id\":\"https:\/\/www.cannabis.es\/pw\/#organization\"},\"potentialAction\":[{\"@type\":\"SearchAction\",\"target\":{\"@type\":\"EntryPoint\",\"urlTemplate\":\"https:\/\/www.cannabis.es\/pw\/?s={search_term_string}\"},\"query-input\":{\"@type\":\"PropertyValueSpecification\",\"valueRequired\":true,\"valueName\":\"search_term_string\"}}],\"inLanguage\":\"es\"},{\"@type\":\"Organization\",\"@id\":\"https:\/\/www.cannabis.es\/pw\/#organization\",\"name\":\"Cannabis.es\",\"url\":\"https:\/\/www.cannabis.es\/pw\/\",\"logo\":{\"@type\":\"ImageObject\",\"inLanguage\":\"es\",\"@id\":\"https:\/\/www.cannabis.es\/pw\/#\/schema\/logo\/image\/\",\"url\":\"https:\/\/www.cannabis.es\/pw\/wp-content\/uploads\/2019\/04\/cropped-logo_cannabis.png\",\"contentUrl\":\"https:\/\/www.cannabis.es\/pw\/wp-content\/uploads\/2019\/04\/cropped-logo_cannabis.png\",\"width\":361,\"height\":120,\"caption\":\"Cannabis.es\"},\"image\":{\"@id\":\"https:\/\/www.cannabis.es\/pw\/#\/schema\/logo\/image\/\"},\"sameAs\":[\"https:\/\/x.com\/cannabis_es\"]},{\"@type\":\"Person\",\"@id\":\"https:\/\/www.cannabis.es\/pw\/#\/schema\/person\/ec770c03f3e99d770687f537f4ba1e89\",\"name\":\"Cannabis.es\",\"image\":{\"@type\":\"ImageObject\",\"inLanguage\":\"es\",\"@id\":\"https:\/\/www.cannabis.es\/pw\/#\/schema\/person\/image\/\",\"url\":\"https:\/\/secure.gravatar.com\/avatar\/810c93a3d6fadc3d9c2665b1d919a4aedea8ed4dd63689d001e985a804e90d83?s=96&d=mm&r=g\",\"contentUrl\":\"https:\/\/secure.gravatar.com\/avatar\/810c93a3d6fadc3d9c2665b1d919a4aedea8ed4dd63689d001e985a804e90d83?s=96&d=mm&r=g\",\"caption\":\"Cannabis.es\"},\"url\":\"https:\/\/www.cannabis.es\/pw\/author\/arnau\/\"}]}<\/script>\n<!-- \/ Yoast SEO plugin. -->","yoast_head_json":{"title":"FES-HO B\u00c9! Y UNIVERSIDAD DE VALENCIA SONDEAN EL IMPACTO DEL COVID 19 EN USUARIOS DE CANNABIS","description":"Entrada &#8226; Portal multimedia sobre cannabis y otras sustancias &#8226; 4 junio, 2020","robots":{"index":"index","follow":"follow","max-snippet":"max-snippet:-1","max-image-preview":"max-image-preview:large","max-video-preview":"max-video-preview:-1"},"canonical":"https:\/\/www.cannabis.es\/pw\/2020\/06\/04\/fes-ho-be-y-universidad-de-valencia-sondean-el-impacto-del-covid-19-en-usuarios-de-cannabis\/","twitter_card":"summary_large_image","twitter_title":"FES-HO B\u00c9! Y UNIVERSIDAD DE VALENCIA SONDEAN EL IMPACTO DEL COVID 19 EN USUARIOS DE CANNABIS","twitter_description":"Entrada &#8226; Portal multimedia sobre cannabis y otras sustancias &#8226; 4 junio, 2020","twitter_image":"https:\/\/www.cannabis.es\/pw\/wp-content\/uploads\/2020\/06\/portada-encuesta.jpg","twitter_creator":"@cannabis_es","twitter_site":"@cannabis_es","twitter_misc":{"Escrito por":"Cannabis.es","Tiempo de lectura":"5 minutos"},"schema":{"@context":"https:\/\/schema.org","@graph":[{"@type":"Article","@id":"https:\/\/www.cannabis.es\/pw\/2020\/06\/04\/fes-ho-be-y-universidad-de-valencia-sondean-el-impacto-del-covid-19-en-usuarios-de-cannabis\/#article","isPartOf":{"@id":"https:\/\/www.cannabis.es\/pw\/2020\/06\/04\/fes-ho-be-y-universidad-de-valencia-sondean-el-impacto-del-covid-19-en-usuarios-de-cannabis\/"},"author":{"name":"Cannabis.es","@id":"https:\/\/www.cannabis.es\/pw\/#\/schema\/person\/ec770c03f3e99d770687f537f4ba1e89"},"headline":"FES-HO B\u00c9! Y UNIVERSIDAD DE VALENCIA SONDEAN EL IMPACTO DEL COVID 19 EN USUARIOS DE CANNABIS","datePublished":"2020-06-04T11:17:34+00:00","dateModified":"2020-11-02T08:28:45+00:00","mainEntityOfPage":{"@id":"https:\/\/www.cannabis.es\/pw\/2020\/06\/04\/fes-ho-be-y-universidad-de-valencia-sondean-el-impacto-del-covid-19-en-usuarios-de-cannabis\/"},"wordCount":1042,"publisher":{"@id":"https:\/\/www.cannabis.es\/pw\/#organization"},"image":{"@id":"https:\/\/www.cannabis.es\/pw\/2020\/06\/04\/fes-ho-be-y-universidad-de-valencia-sondean-el-impacto-del-covid-19-en-usuarios-de-cannabis\/#primaryimage"},"thumbnailUrl":"https:\/\/www.cannabis.es\/pw\/wp-content\/uploads\/2020\/06\/portada-encuesta.jpg","keywords":["asociaci\u00f3n cann\u00e1bica","Benito D\u00edaz","estudio","investigaci\u00f3n"],"articleSection":["Medicinal","Pol\u00edtica y Sociedad"],"inLanguage":"es"},{"@type":"WebPage","@id":"https:\/\/www.cannabis.es\/pw\/2020\/06\/04\/fes-ho-be-y-universidad-de-valencia-sondean-el-impacto-del-covid-19-en-usuarios-de-cannabis\/","url":"https:\/\/www.cannabis.es\/pw\/2020\/06\/04\/fes-ho-be-y-universidad-de-valencia-sondean-el-impacto-del-covid-19-en-usuarios-de-cannabis\/","name":"FES-HO B\u00c9! Y UNIVERSIDAD DE VALENCIA SONDEAN EL IMPACTO DEL COVID 19 EN USUARIOS DE CANNABIS","isPartOf":{"@id":"https:\/\/www.cannabis.es\/pw\/#website"},"primaryImageOfPage":{"@id":"https:\/\/www.cannabis.es\/pw\/2020\/06\/04\/fes-ho-be-y-universidad-de-valencia-sondean-el-impacto-del-covid-19-en-usuarios-de-cannabis\/#primaryimage"},"image":{"@id":"https:\/\/www.cannabis.es\/pw\/2020\/06\/04\/fes-ho-be-y-universidad-de-valencia-sondean-el-impacto-del-covid-19-en-usuarios-de-cannabis\/#primaryimage"},"thumbnailUrl":"https:\/\/www.cannabis.es\/pw\/wp-content\/uploads\/2020\/06\/portada-encuesta.jpg","datePublished":"2020-06-04T11:17:34+00:00","dateModified":"2020-11-02T08:28:45+00:00","description":"Entrada &#8226; Portal multimedia sobre cannabis y otras sustancias &#8226; 4 junio, 2020","breadcrumb":{"@id":"https:\/\/www.cannabis.es\/pw\/2020\/06\/04\/fes-ho-be-y-universidad-de-valencia-sondean-el-impacto-del-covid-19-en-usuarios-de-cannabis\/#breadcrumb"},"inLanguage":"es","potentialAction":[{"@type":"ReadAction","target":["https:\/\/www.cannabis.es\/pw\/2020\/06\/04\/fes-ho-be-y-universidad-de-valencia-sondean-el-impacto-del-covid-19-en-usuarios-de-cannabis\/"]}]},{"@type":"ImageObject","inLanguage":"es","@id":"https:\/\/www.cannabis.es\/pw\/2020\/06\/04\/fes-ho-be-y-universidad-de-valencia-sondean-el-impacto-del-covid-19-en-usuarios-de-cannabis\/#primaryimage","url":"https:\/\/www.cannabis.es\/pw\/wp-content\/uploads\/2020\/06\/portada-encuesta.jpg","contentUrl":"https:\/\/www.cannabis.es\/pw\/wp-content\/uploads\/2020\/06\/portada-encuesta.jpg","width":959,"height":475},{"@type":"BreadcrumbList","@id":"https:\/\/www.cannabis.es\/pw\/2020\/06\/04\/fes-ho-be-y-universidad-de-valencia-sondean-el-impacto-del-covid-19-en-usuarios-de-cannabis\/#breadcrumb","itemListElement":[{"@type":"ListItem","position":1,"name":"Portada","item":"http:\/\/www.cannabis.es\/pw\/"},{"@type":"ListItem","position":2,"name":"FES-HO B\u00c9! Y UNIVERSIDAD DE VALENCIA SONDEAN EL IMPACTO DEL COVID 19 EN USUARIOS DE CANNABIS"}]},{"@type":"WebSite","@id":"https:\/\/www.cannabis.es\/pw\/#website","url":"https:\/\/www.cannabis.es\/pw\/","name":"Cannabis","description":"Portal multimedia sobre cannabis y otras sustancias","publisher":{"@id":"https:\/\/www.cannabis.es\/pw\/#organization"},"potentialAction":[{"@type":"SearchAction","target":{"@type":"EntryPoint","urlTemplate":"https:\/\/www.cannabis.es\/pw\/?s={search_term_string}"},"query-input":{"@type":"PropertyValueSpecification","valueRequired":true,"valueName":"search_term_string"}}],"inLanguage":"es"},{"@type":"Organization","@id":"https:\/\/www.cannabis.es\/pw\/#organization","name":"Cannabis.es","url":"https:\/\/www.cannabis.es\/pw\/","logo":{"@type":"ImageObject","inLanguage":"es","@id":"https:\/\/www.cannabis.es\/pw\/#\/schema\/logo\/image\/","url":"https:\/\/www.cannabis.es\/pw\/wp-content\/uploads\/2019\/04\/cropped-logo_cannabis.png","contentUrl":"https:\/\/www.cannabis.es\/pw\/wp-content\/uploads\/2019\/04\/cropped-logo_cannabis.png","width":361,"height":120,"caption":"Cannabis.es"},"image":{"@id":"https:\/\/www.cannabis.es\/pw\/#\/schema\/logo\/image\/"},"sameAs":["https:\/\/x.com\/cannabis_es"]},{"@type":"Person","@id":"https:\/\/www.cannabis.es\/pw\/#\/schema\/person\/ec770c03f3e99d770687f537f4ba1e89","name":"Cannabis.es","image":{"@type":"ImageObject","inLanguage":"es","@id":"https:\/\/www.cannabis.es\/pw\/#\/schema\/person\/image\/","url":"https:\/\/secure.gravatar.com\/avatar\/810c93a3d6fadc3d9c2665b1d919a4aedea8ed4dd63689d001e985a804e90d83?s=96&d=mm&r=g","contentUrl":"https:\/\/secure.gravatar.com\/avatar\/810c93a3d6fadc3d9c2665b1d919a4aedea8ed4dd63689d001e985a804e90d83?s=96&d=mm&r=g","caption":"Cannabis.es"},"url":"https:\/\/www.cannabis.es\/pw\/author\/arnau\/"}]}},"_links":{"self":[{"href":"https:\/\/www.cannabis.es\/pw\/wp-json\/wp\/v2\/posts\/5084","targetHints":{"allow":["GET"]}}],"collection":[{"href":"https:\/\/www.cannabis.es\/pw\/wp-json\/wp\/v2\/posts"}],"about":[{"href":"https:\/\/www.cannabis.es\/pw\/wp-json\/wp\/v2\/types\/post"}],"author":[{"embeddable":true,"href":"https:\/\/www.cannabis.es\/pw\/wp-json\/wp\/v2\/users\/3"}],"replies":[{"embeddable":true,"href":"https:\/\/www.cannabis.es\/pw\/wp-json\/wp\/v2\/comments?post=5084"}],"version-history":[{"count":4,"href":"https:\/\/www.cannabis.es\/pw\/wp-json\/wp\/v2\/posts\/5084\/revisions"}],"predecessor-version":[{"id":6233,"href":"https:\/\/www.cannabis.es\/pw\/wp-json\/wp\/v2\/posts\/5084\/revisions\/6233"}],"wp:featuredmedia":[{"embeddable":true,"href":"https:\/\/www.cannabis.es\/pw\/wp-json\/wp\/v2\/media\/5085"}],"wp:attachment":[{"href":"https:\/\/www.cannabis.es\/pw\/wp-json\/wp\/v2\/media?parent=5084"}],"wp:term":[{"taxonomy":"category","embeddable":true,"href":"https:\/\/www.cannabis.es\/pw\/wp-json\/wp\/v2\/categories?post=5084"},{"taxonomy":"post_tag","embeddable":true,"href":"https:\/\/www.cannabis.es\/pw\/wp-json\/wp\/v2\/tags?post=5084"}],"curies":[{"name":"wp","href":"https:\/\/api.w.org\/{rel}","templated":true}]}}