{"id":5213,"date":"2020-06-05T13:28:42","date_gmt":"2020-06-05T11:28:42","guid":{"rendered":"http:\/\/www.cannabis.es\/pw\/?p=5213"},"modified":"2020-07-13T13:09:31","modified_gmt":"2020-07-13T11:09:31","slug":"la-noche-tematica-de-la-2-trata-los-opiaceos-y-el-cannabis-terapeutico","status":"publish","type":"post","link":"https:\/\/www.cannabis.es\/pw\/2020\/06\/05\/la-noche-tematica-de-la-2-trata-los-opiaceos-y-el-cannabis-terapeutico\/","title":{"rendered":"La Noche Tem\u00e1tica de la 2 trata los opi\u00e1ceos y el cannabis terap\u00e9utico"},"content":{"rendered":"\n<p>Benito D\u00edaz<\/p>\n\n\n\n<p>El veterano formato de la 2 de TVE, La Noche Tem\u00e1tica, recuper\u00f3 el ciclo de documentales titulado<em>&nbsp;El Negocio del Dolor<\/em>, en el que proyectaban dos piezas, tituladas&nbsp;<em>El Fil\u00f3n de la Marihuana<\/em>, metraje en el que se explican las terapias alternativas con Cannabis. Adem\u00e1s, la programaci\u00f3n inclu\u00eda&nbsp;<em>Doctor Feelgood<\/em>, la historia del m\u00e9dico que acab\u00f3 condenado a 25 a\u00f1os de c\u00e1rcel al encontrarle culpable de 50 cargos por recetar opi\u00e1ceos adictivos para tratar el dolor.<\/p>\n\n\n\n<p>Ambas muestras se contraponen para ofrecer una visi\u00f3n general al respecto de los derechos de las personas enfermas a disponer de una medicaci\u00f3n adecuada y segura para sus dolencias, explicar el auge del negocio del Cannabis en EEUU y la necesidad de delimitar la legalidad de ciertos analg\u00e9sicos, como los opi\u00e1ceos.<\/p>\n\n\n\n<h3 class=\"wp-block-heading\"><strong>EL FIL\u00d3N DE LA MARIHUANA<\/strong><\/h3>\n\n\n\n<p><em>\u201c<\/em><em>La adopci\u00f3n de la ley del Cannabis medicinal, la primera en el mundo, es una consecuencia directa de la crisis del SIDA en San Francisco, all\u00e1 por los a\u00f1os 80. Por aquel encontes hab\u00eda entierros todos los fines de semana. Hab\u00eda gente muri\u00e9ndose por toda la ciudad, todo el mundo conoc\u00eda, m\u00e1s o menos directamente a alg\u00fan enfermo de SIDA. Los enfermos ten\u00edan tantas n\u00e1useas que no consegu\u00edan alimentarse. Adelgazaban y terminaban dej\u00e1ndose morir. De ah\u00ed el Cannabis. Todo el mundo ha o\u00eddo hablar de la \u201cgusa\u201d que da el Cannabis. Pues bien, aquello funcionaba de verdad y ayudaba a los enfermos a ganar peso y prolongar su vida. No fue una estrategia, si no una necesidad para salvar a estas personas\u201d<\/em><em>.&nbsp;<\/em>Estas palabras, pronunciadas por Steve DeAngelo, antiguo activista y actual propietario del dispensario Harborside, revelan el origen humanitario de la regulaci\u00f3n del estado m\u00e1s rico de los USA.<\/p>\n\n\n\n<p>El filme repasa las aplicaciones terap\u00e9uticas del Cannabis, incluyendo el SIDA y tratamientos complementarios a las medicaciones para artrosis, depresi\u00f3n, anorexia, esclerosis m\u00faltiple o ciertos tipos de c\u00e1ncer.<\/p>\n\n\n\n<p>La cinta nos muestra ejemplos de cinco estados norteamericanos, de los m\u00e1s de 25, donde el Cannabis era legal durante 2018, la fecha de su lanzamiento en el canal cultural de TVE: California, Colorado, Dakota del Norte, New York y Washington, relatando en cada parada la idiosincrasia que dio lugar a la regulaci\u00f3n del Cannabis Terap\u00e9utico.<\/p>\n\n\n\n<p>Repasa el caso de Charlotte Figi, ni\u00f1a de cinco a\u00f1os con un tipo raro de epilepsia, que pas\u00f3 de sufrir 300 ataques diarios, a pocos a la semana con su tratamiento de aceite de Cannabis, que ha llegado a llamarse \u201cCharlotte\u00b4s Web\u201d en su honor. Tanta fue la influencia que cientos de familias se trasladaron a vivir a Colorado para que sus hijos enfermos pudieran conseguir su medicaci\u00f3n. Como dice la voz de la narradora,&nbsp;<em>\u201cActualmente, los mejores portavoces de la regulaci\u00f3n del Cannabis no son fumetas con rastas, sino ni\u00f1os enfermos.&nbsp;<\/em>Tambi\u00e9n aparecen otros activistas y pol\u00edticos relacionados con la regulaci\u00f3n a nivel local, como Anita Morgan, jubilada que impuls\u00f3 la propuesta 5 para el reconocimiento del Cannabis, mediante un refer\u00e9ndum representado por un movimiento popular.<\/p>\n\n\n\n<p><em>\u201c<\/em><em>Creo que el legislador ha comprendido que no somos porretas colgados, tan solo una comunidad que busca alternativas a tratamientos con efectos secundarios a largo plazo y que son adictivos\u201d<\/em><em>,<\/em>&nbsp;explica la activista.<\/p>\n\n\n\n<p>La regulaci\u00f3n en Estados Unidos ha servido de ejemplo para otras naciones, sin embargo, el Cannabis contin\u00faa siendo ilegal a nivel federal, lo que implica que el gobierno central del presidente Trump, podr\u00eda ordenar al FBI que cerrase todos los negocios relacionados con la Marihuana, de forma unilateral.<\/p>\n\n\n\n<h3 class=\"wp-block-heading\"><strong>CR\u00cdTICA<\/strong><\/h3>\n\n\n\n<p>El Fil\u00f3n del Cannabis, escrita por Giles Blasette y Fr\u00e9d\u00e9ric Biamonti, dirigida por C\u00e9dric Defert en 2018 bajo producci\u00f3n francesa, cuenta con la suficiente informaci\u00f3n para relatar la situaci\u00f3n que origina la necesidad de regulaci\u00f3n de las terapias con Cannabis, as\u00ed como explica varios puntos del Cannabis Recreativo. Los testimonios aparecen con ilusi\u00f3n, describiendo un escenario que se ha desarrollado desde cero y que ha tenido que superar muchos obst\u00e1culos en la mayor\u00eda de las ocasiones. Un alegato por la libertad para elegir una terapia con base cient\u00edfica y de demostrada eficacia que bien deber\u00eda ser tomada en cuenta.<\/p>\n\n\n\n<p>En la parte negativa, hay que resaltar que el modelo de regularizaci\u00f3n norteamericano no es una panacea. Se trata de un sistema capitalista que considera la planta como un producto para su producci\u00f3n industrial y venta a precios estratosf\u00e9ricos. En la primera parte del documental, visitan un dispensario en el que, seg\u00fan la empleada que atiende el mostrador, tienen el gramo de Cannabis a 60 d\u00f3lares. Pero est\u00e1n de suerte, pues tienen una oferta de un fenotipo a 25 d\u00f3lares el gramo. Una gran rebaja.<\/p>\n\n\n\n<p>Como opinaba el profesor de econom\u00eda aplicada, Iv\u00e1n Ayala,&nbsp;<a href=\"http:\/\/www.cannabis.es\/pw\/2020\/06\/04\/las-finanzas-del-cannabis\/\">en uno de nuestros art\u00edculos,<\/a>&nbsp;la v\u00eda que se aplique en nuestro pa\u00eds deber\u00eda contemplar nuestro propio sustrato hist\u00f3rico, muy relacionado con el activismo y el tejido asociativo.<\/p>\n\n\n\n<p>En ning\u00fan momento del documental se habla de autocultivo. Ni terap\u00e9utico, ni recreativo, lo que nos hace pensar que son posibilidades que est\u00e1n fuera de la regulaci\u00f3n que impera en estos lugares. No obstante, la sobrevenida activista de Dakota del Norte que cierra el documental s\u00ed que se plantea si se arrepentir\u00e1n de ceder al regulador en cuanto al autocultivo, que inicialmente estaba en su propuesta.<\/p>\n\n\n\n<p>El desfase de la informaci\u00f3n servida por un documental de 2018 se revela desolador, al descubrir la noticia del fallecimiento de Charlotte Figi, el 7 de Abril de este a\u00f1o 2020, por causas relacionadas con el COVID 19. Sin embargo, la lucha llevada a cabo para la regulaci\u00f3n del Cannabis Terap\u00e9utico en Colorado en su nombre la convierte en una verdadera hero\u00edna del movimiento cann\u00e1bico mundial. Unos pasos que ya no pueden desandarse.<\/p>\n","protected":false},"excerpt":{"rendered":"<span class=\"span-reading-time rt-reading-time\" style=\"display: block;\"><span class=\"rt-label rt-prefix\">Tiempo de lectura:<\/span> <span class=\"rt-time\"> 4<\/span> <span class=\"rt-label rt-postfix\">minutos<\/span><\/span>Documental sobre los derechos de disponer de una medicaci\u00f3n adecuada y segura y el negocio alrededor.","protected":false},"author":3,"featured_media":5214,"comment_status":"closed","ping_status":"closed","sticky":false,"template":"","format":"standard","meta":{"loftocean-featured-post":"","loftocean_post_format_gallery":"","loftocean_post_format_gallery_ids":"","loftocean_post_format_gallery_urls":"","loftocean_post_format_video_id":"","loftocean_post_format_video_url":"","loftocean_post_format_video_type":"","loftocean_post_format_video":"","loftocean_post_format_audio_type":"","loftocean_post_format_audio_url":"","loftocean_post_format_audio_id":"","loftocean_post_format_audio":"","loftocean_post_format_quote_text":"","loftocean_post_format_quote_byline":"","loftocean_post_format_link_text":"","loftocean_post_format_link_url":"","ceramag_post_header_style":"","ceramag_enable_background_video":"","ceramag_show_in_top_slider":"","ceramag_post_background_video_start":"","ceramag_post_background_video_end":"","loftocean_page_background_video_id":"","loftocean_page_background_video_url":"","loftocean_page_background_video_type":"","loftocean_page_background_video":"","ceramag_background_video_start":"","ceramag_background_video_end":"","ceramag_single_page_hide_header":"","footnotes":""},"categories":[36,34],"tags":[43,41,52,1086],"class_list":["post-5213","post","type-post","status-publish","format-standard","has-post-thumbnail","hentry","category-medicinal","category-reportajes","tag-benito-diaz","tag-cannabis","tag-cannabis-medicinal","tag-opioide"],"yoast_head":"<!-- This site is optimized with the Yoast SEO plugin v24.9 - https:\/\/yoast.com\/wordpress\/plugins\/seo\/ -->\n<title>La Noche Tem\u00e1tica de la 2 trata los opi\u00e1ceos y el cannabis terap\u00e9utico<\/title>\n<meta name=\"description\" content=\"Entrada &#8226; Portal multimedia sobre cannabis y otras sustancias &#8226; 5 junio, 2020\" \/>\n<meta name=\"robots\" content=\"index, follow, max-snippet:-1, max-image-preview:large, max-video-preview:-1\" \/>\n<link rel=\"canonical\" href=\"https:\/\/www.cannabis.es\/pw\/2020\/06\/05\/la-noche-tematica-de-la-2-trata-los-opiaceos-y-el-cannabis-terapeutico\/\" \/>\n<meta name=\"twitter:card\" content=\"summary_large_image\" \/>\n<meta name=\"twitter:title\" content=\"La Noche Tem\u00e1tica de la 2 trata los opi\u00e1ceos y el cannabis terap\u00e9utico\" \/>\n<meta name=\"twitter:description\" content=\"Entrada &#8226; Portal multimedia sobre cannabis y otras sustancias &#8226; 5 junio, 2020\" \/>\n<meta name=\"twitter:image\" content=\"https:\/\/www.cannabis.es\/pw\/wp-content\/uploads\/2020\/06\/portada-noche-tematica.jpg\" \/>\n<meta name=\"twitter:creator\" content=\"@cannabis_es\" \/>\n<meta name=\"twitter:site\" content=\"@cannabis_es\" \/>\n<meta name=\"twitter:label1\" content=\"Escrito por\" \/>\n\t<meta name=\"twitter:data1\" content=\"Cannabis.es\" \/>\n\t<meta name=\"twitter:label2\" content=\"Tiempo de lectura\" \/>\n\t<meta name=\"twitter:data2\" content=\"5 minutos\" \/>\n<script type=\"application\/ld+json\" class=\"yoast-schema-graph\">{\"@context\":\"https:\/\/schema.org\",\"@graph\":[{\"@type\":\"Article\",\"@id\":\"https:\/\/www.cannabis.es\/pw\/2020\/06\/05\/la-noche-tematica-de-la-2-trata-los-opiaceos-y-el-cannabis-terapeutico\/#article\",\"isPartOf\":{\"@id\":\"https:\/\/www.cannabis.es\/pw\/2020\/06\/05\/la-noche-tematica-de-la-2-trata-los-opiaceos-y-el-cannabis-terapeutico\/\"},\"author\":{\"name\":\"Cannabis.es\",\"@id\":\"https:\/\/www.cannabis.es\/pw\/#\/schema\/person\/ec770c03f3e99d770687f537f4ba1e89\"},\"headline\":\"La Noche Tem\u00e1tica de la 2 trata los opi\u00e1ceos y el cannabis terap\u00e9utico\",\"datePublished\":\"2020-06-05T11:28:42+00:00\",\"dateModified\":\"2020-07-13T11:09:31+00:00\",\"mainEntityOfPage\":{\"@id\":\"https:\/\/www.cannabis.es\/pw\/2020\/06\/05\/la-noche-tematica-de-la-2-trata-los-opiaceos-y-el-cannabis-terapeutico\/\"},\"wordCount\":1035,\"publisher\":{\"@id\":\"https:\/\/www.cannabis.es\/pw\/#organization\"},\"image\":{\"@id\":\"https:\/\/www.cannabis.es\/pw\/2020\/06\/05\/la-noche-tematica-de-la-2-trata-los-opiaceos-y-el-cannabis-terapeutico\/#primaryimage\"},\"thumbnailUrl\":\"https:\/\/www.cannabis.es\/pw\/wp-content\/uploads\/2020\/06\/portada-noche-tematica.jpg\",\"keywords\":[\"Benito D\u00edaz\",\"cannabis\",\"cannabis medicinal\",\"opioide\"],\"articleSection\":[\"Medicinal\",\"Reportajes\"],\"inLanguage\":\"es\"},{\"@type\":\"WebPage\",\"@id\":\"https:\/\/www.cannabis.es\/pw\/2020\/06\/05\/la-noche-tematica-de-la-2-trata-los-opiaceos-y-el-cannabis-terapeutico\/\",\"url\":\"https:\/\/www.cannabis.es\/pw\/2020\/06\/05\/la-noche-tematica-de-la-2-trata-los-opiaceos-y-el-cannabis-terapeutico\/\",\"name\":\"La Noche Tem\u00e1tica de la 2 trata los opi\u00e1ceos y el cannabis terap\u00e9utico\",\"isPartOf\":{\"@id\":\"https:\/\/www.cannabis.es\/pw\/#website\"},\"primaryImageOfPage\":{\"@id\":\"https:\/\/www.cannabis.es\/pw\/2020\/06\/05\/la-noche-tematica-de-la-2-trata-los-opiaceos-y-el-cannabis-terapeutico\/#primaryimage\"},\"image\":{\"@id\":\"https:\/\/www.cannabis.es\/pw\/2020\/06\/05\/la-noche-tematica-de-la-2-trata-los-opiaceos-y-el-cannabis-terapeutico\/#primaryimage\"},\"thumbnailUrl\":\"https:\/\/www.cannabis.es\/pw\/wp-content\/uploads\/2020\/06\/portada-noche-tematica.jpg\",\"datePublished\":\"2020-06-05T11:28:42+00:00\",\"dateModified\":\"2020-07-13T11:09:31+00:00\",\"description\":\"Entrada &#8226; Portal multimedia sobre cannabis y otras sustancias &#8226; 5 junio, 2020\",\"breadcrumb\":{\"@id\":\"https:\/\/www.cannabis.es\/pw\/2020\/06\/05\/la-noche-tematica-de-la-2-trata-los-opiaceos-y-el-cannabis-terapeutico\/#breadcrumb\"},\"inLanguage\":\"es\",\"potentialAction\":[{\"@type\":\"ReadAction\",\"target\":[\"https:\/\/www.cannabis.es\/pw\/2020\/06\/05\/la-noche-tematica-de-la-2-trata-los-opiaceos-y-el-cannabis-terapeutico\/\"]}]},{\"@type\":\"ImageObject\",\"inLanguage\":\"es\",\"@id\":\"https:\/\/www.cannabis.es\/pw\/2020\/06\/05\/la-noche-tematica-de-la-2-trata-los-opiaceos-y-el-cannabis-terapeutico\/#primaryimage\",\"url\":\"https:\/\/www.cannabis.es\/pw\/wp-content\/uploads\/2020\/06\/portada-noche-tematica.jpg\",\"contentUrl\":\"https:\/\/www.cannabis.es\/pw\/wp-content\/uploads\/2020\/06\/portada-noche-tematica.jpg\",\"width\":959,\"height\":475},{\"@type\":\"BreadcrumbList\",\"@id\":\"https:\/\/www.cannabis.es\/pw\/2020\/06\/05\/la-noche-tematica-de-la-2-trata-los-opiaceos-y-el-cannabis-terapeutico\/#breadcrumb\",\"itemListElement\":[{\"@type\":\"ListItem\",\"position\":1,\"name\":\"Portada\",\"item\":\"http:\/\/www.cannabis.es\/pw\/\"},{\"@type\":\"ListItem\",\"position\":2,\"name\":\"La Noche Tem\u00e1tica de la 2 trata los opi\u00e1ceos y el cannabis terap\u00e9utico\"}]},{\"@type\":\"WebSite\",\"@id\":\"https:\/\/www.cannabis.es\/pw\/#website\",\"url\":\"https:\/\/www.cannabis.es\/pw\/\",\"name\":\"Cannabis\",\"description\":\"Portal multimedia sobre cannabis y otras sustancias\",\"publisher\":{\"@id\":\"https:\/\/www.cannabis.es\/pw\/#organization\"},\"potentialAction\":[{\"@type\":\"SearchAction\",\"target\":{\"@type\":\"EntryPoint\",\"urlTemplate\":\"https:\/\/www.cannabis.es\/pw\/?s={search_term_string}\"},\"query-input\":{\"@type\":\"PropertyValueSpecification\",\"valueRequired\":true,\"valueName\":\"search_term_string\"}}],\"inLanguage\":\"es\"},{\"@type\":\"Organization\",\"@id\":\"https:\/\/www.cannabis.es\/pw\/#organization\",\"name\":\"Cannabis.es\",\"url\":\"https:\/\/www.cannabis.es\/pw\/\",\"logo\":{\"@type\":\"ImageObject\",\"inLanguage\":\"es\",\"@id\":\"https:\/\/www.cannabis.es\/pw\/#\/schema\/logo\/image\/\",\"url\":\"https:\/\/www.cannabis.es\/pw\/wp-content\/uploads\/2019\/04\/cropped-logo_cannabis.png\",\"contentUrl\":\"https:\/\/www.cannabis.es\/pw\/wp-content\/uploads\/2019\/04\/cropped-logo_cannabis.png\",\"width\":361,\"height\":120,\"caption\":\"Cannabis.es\"},\"image\":{\"@id\":\"https:\/\/www.cannabis.es\/pw\/#\/schema\/logo\/image\/\"},\"sameAs\":[\"https:\/\/x.com\/cannabis_es\"]},{\"@type\":\"Person\",\"@id\":\"https:\/\/www.cannabis.es\/pw\/#\/schema\/person\/ec770c03f3e99d770687f537f4ba1e89\",\"name\":\"Cannabis.es\",\"image\":{\"@type\":\"ImageObject\",\"inLanguage\":\"es\",\"@id\":\"https:\/\/www.cannabis.es\/pw\/#\/schema\/person\/image\/\",\"url\":\"https:\/\/secure.gravatar.com\/avatar\/810c93a3d6fadc3d9c2665b1d919a4aedea8ed4dd63689d001e985a804e90d83?s=96&d=mm&r=g\",\"contentUrl\":\"https:\/\/secure.gravatar.com\/avatar\/810c93a3d6fadc3d9c2665b1d919a4aedea8ed4dd63689d001e985a804e90d83?s=96&d=mm&r=g\",\"caption\":\"Cannabis.es\"},\"url\":\"https:\/\/www.cannabis.es\/pw\/author\/arnau\/\"}]}<\/script>\n<!-- \/ Yoast SEO plugin. -->","yoast_head_json":{"title":"La Noche Tem\u00e1tica de la 2 trata los opi\u00e1ceos y el cannabis terap\u00e9utico","description":"Entrada &#8226; Portal multimedia sobre cannabis y otras sustancias &#8226; 5 junio, 2020","robots":{"index":"index","follow":"follow","max-snippet":"max-snippet:-1","max-image-preview":"max-image-preview:large","max-video-preview":"max-video-preview:-1"},"canonical":"https:\/\/www.cannabis.es\/pw\/2020\/06\/05\/la-noche-tematica-de-la-2-trata-los-opiaceos-y-el-cannabis-terapeutico\/","twitter_card":"summary_large_image","twitter_title":"La Noche Tem\u00e1tica de la 2 trata los opi\u00e1ceos y el cannabis terap\u00e9utico","twitter_description":"Entrada &#8226; Portal multimedia sobre cannabis y otras sustancias &#8226; 5 junio, 2020","twitter_image":"https:\/\/www.cannabis.es\/pw\/wp-content\/uploads\/2020\/06\/portada-noche-tematica.jpg","twitter_creator":"@cannabis_es","twitter_site":"@cannabis_es","twitter_misc":{"Escrito por":"Cannabis.es","Tiempo de lectura":"5 minutos"},"schema":{"@context":"https:\/\/schema.org","@graph":[{"@type":"Article","@id":"https:\/\/www.cannabis.es\/pw\/2020\/06\/05\/la-noche-tematica-de-la-2-trata-los-opiaceos-y-el-cannabis-terapeutico\/#article","isPartOf":{"@id":"https:\/\/www.cannabis.es\/pw\/2020\/06\/05\/la-noche-tematica-de-la-2-trata-los-opiaceos-y-el-cannabis-terapeutico\/"},"author":{"name":"Cannabis.es","@id":"https:\/\/www.cannabis.es\/pw\/#\/schema\/person\/ec770c03f3e99d770687f537f4ba1e89"},"headline":"La Noche Tem\u00e1tica de la 2 trata los opi\u00e1ceos y el cannabis terap\u00e9utico","datePublished":"2020-06-05T11:28:42+00:00","dateModified":"2020-07-13T11:09:31+00:00","mainEntityOfPage":{"@id":"https:\/\/www.cannabis.es\/pw\/2020\/06\/05\/la-noche-tematica-de-la-2-trata-los-opiaceos-y-el-cannabis-terapeutico\/"},"wordCount":1035,"publisher":{"@id":"https:\/\/www.cannabis.es\/pw\/#organization"},"image":{"@id":"https:\/\/www.cannabis.es\/pw\/2020\/06\/05\/la-noche-tematica-de-la-2-trata-los-opiaceos-y-el-cannabis-terapeutico\/#primaryimage"},"thumbnailUrl":"https:\/\/www.cannabis.es\/pw\/wp-content\/uploads\/2020\/06\/portada-noche-tematica.jpg","keywords":["Benito D\u00edaz","cannabis","cannabis medicinal","opioide"],"articleSection":["Medicinal","Reportajes"],"inLanguage":"es"},{"@type":"WebPage","@id":"https:\/\/www.cannabis.es\/pw\/2020\/06\/05\/la-noche-tematica-de-la-2-trata-los-opiaceos-y-el-cannabis-terapeutico\/","url":"https:\/\/www.cannabis.es\/pw\/2020\/06\/05\/la-noche-tematica-de-la-2-trata-los-opiaceos-y-el-cannabis-terapeutico\/","name":"La Noche Tem\u00e1tica de la 2 trata los opi\u00e1ceos y el cannabis terap\u00e9utico","isPartOf":{"@id":"https:\/\/www.cannabis.es\/pw\/#website"},"primaryImageOfPage":{"@id":"https:\/\/www.cannabis.es\/pw\/2020\/06\/05\/la-noche-tematica-de-la-2-trata-los-opiaceos-y-el-cannabis-terapeutico\/#primaryimage"},"image":{"@id":"https:\/\/www.cannabis.es\/pw\/2020\/06\/05\/la-noche-tematica-de-la-2-trata-los-opiaceos-y-el-cannabis-terapeutico\/#primaryimage"},"thumbnailUrl":"https:\/\/www.cannabis.es\/pw\/wp-content\/uploads\/2020\/06\/portada-noche-tematica.jpg","datePublished":"2020-06-05T11:28:42+00:00","dateModified":"2020-07-13T11:09:31+00:00","description":"Entrada &#8226; Portal multimedia sobre cannabis y otras sustancias &#8226; 5 junio, 2020","breadcrumb":{"@id":"https:\/\/www.cannabis.es\/pw\/2020\/06\/05\/la-noche-tematica-de-la-2-trata-los-opiaceos-y-el-cannabis-terapeutico\/#breadcrumb"},"inLanguage":"es","potentialAction":[{"@type":"ReadAction","target":["https:\/\/www.cannabis.es\/pw\/2020\/06\/05\/la-noche-tematica-de-la-2-trata-los-opiaceos-y-el-cannabis-terapeutico\/"]}]},{"@type":"ImageObject","inLanguage":"es","@id":"https:\/\/www.cannabis.es\/pw\/2020\/06\/05\/la-noche-tematica-de-la-2-trata-los-opiaceos-y-el-cannabis-terapeutico\/#primaryimage","url":"https:\/\/www.cannabis.es\/pw\/wp-content\/uploads\/2020\/06\/portada-noche-tematica.jpg","contentUrl":"https:\/\/www.cannabis.es\/pw\/wp-content\/uploads\/2020\/06\/portada-noche-tematica.jpg","width":959,"height":475},{"@type":"BreadcrumbList","@id":"https:\/\/www.cannabis.es\/pw\/2020\/06\/05\/la-noche-tematica-de-la-2-trata-los-opiaceos-y-el-cannabis-terapeutico\/#breadcrumb","itemListElement":[{"@type":"ListItem","position":1,"name":"Portada","item":"http:\/\/www.cannabis.es\/pw\/"},{"@type":"ListItem","position":2,"name":"La Noche Tem\u00e1tica de la 2 trata los opi\u00e1ceos y el cannabis terap\u00e9utico"}]},{"@type":"WebSite","@id":"https:\/\/www.cannabis.es\/pw\/#website","url":"https:\/\/www.cannabis.es\/pw\/","name":"Cannabis","description":"Portal multimedia sobre cannabis y otras sustancias","publisher":{"@id":"https:\/\/www.cannabis.es\/pw\/#organization"},"potentialAction":[{"@type":"SearchAction","target":{"@type":"EntryPoint","urlTemplate":"https:\/\/www.cannabis.es\/pw\/?s={search_term_string}"},"query-input":{"@type":"PropertyValueSpecification","valueRequired":true,"valueName":"search_term_string"}}],"inLanguage":"es"},{"@type":"Organization","@id":"https:\/\/www.cannabis.es\/pw\/#organization","name":"Cannabis.es","url":"https:\/\/www.cannabis.es\/pw\/","logo":{"@type":"ImageObject","inLanguage":"es","@id":"https:\/\/www.cannabis.es\/pw\/#\/schema\/logo\/image\/","url":"https:\/\/www.cannabis.es\/pw\/wp-content\/uploads\/2019\/04\/cropped-logo_cannabis.png","contentUrl":"https:\/\/www.cannabis.es\/pw\/wp-content\/uploads\/2019\/04\/cropped-logo_cannabis.png","width":361,"height":120,"caption":"Cannabis.es"},"image":{"@id":"https:\/\/www.cannabis.es\/pw\/#\/schema\/logo\/image\/"},"sameAs":["https:\/\/x.com\/cannabis_es"]},{"@type":"Person","@id":"https:\/\/www.cannabis.es\/pw\/#\/schema\/person\/ec770c03f3e99d770687f537f4ba1e89","name":"Cannabis.es","image":{"@type":"ImageObject","inLanguage":"es","@id":"https:\/\/www.cannabis.es\/pw\/#\/schema\/person\/image\/","url":"https:\/\/secure.gravatar.com\/avatar\/810c93a3d6fadc3d9c2665b1d919a4aedea8ed4dd63689d001e985a804e90d83?s=96&d=mm&r=g","contentUrl":"https:\/\/secure.gravatar.com\/avatar\/810c93a3d6fadc3d9c2665b1d919a4aedea8ed4dd63689d001e985a804e90d83?s=96&d=mm&r=g","caption":"Cannabis.es"},"url":"https:\/\/www.cannabis.es\/pw\/author\/arnau\/"}]}},"_links":{"self":[{"href":"https:\/\/www.cannabis.es\/pw\/wp-json\/wp\/v2\/posts\/5213","targetHints":{"allow":["GET"]}}],"collection":[{"href":"https:\/\/www.cannabis.es\/pw\/wp-json\/wp\/v2\/posts"}],"about":[{"href":"https:\/\/www.cannabis.es\/pw\/wp-json\/wp\/v2\/types\/post"}],"author":[{"embeddable":true,"href":"https:\/\/www.cannabis.es\/pw\/wp-json\/wp\/v2\/users\/3"}],"replies":[{"embeddable":true,"href":"https:\/\/www.cannabis.es\/pw\/wp-json\/wp\/v2\/comments?post=5213"}],"version-history":[{"count":4,"href":"https:\/\/www.cannabis.es\/pw\/wp-json\/wp\/v2\/posts\/5213\/revisions"}],"predecessor-version":[{"id":5794,"href":"https:\/\/www.cannabis.es\/pw\/wp-json\/wp\/v2\/posts\/5213\/revisions\/5794"}],"wp:featuredmedia":[{"embeddable":true,"href":"https:\/\/www.cannabis.es\/pw\/wp-json\/wp\/v2\/media\/5214"}],"wp:attachment":[{"href":"https:\/\/www.cannabis.es\/pw\/wp-json\/wp\/v2\/media?parent=5213"}],"wp:term":[{"taxonomy":"category","embeddable":true,"href":"https:\/\/www.cannabis.es\/pw\/wp-json\/wp\/v2\/categories?post=5213"},{"taxonomy":"post_tag","embeddable":true,"href":"https:\/\/www.cannabis.es\/pw\/wp-json\/wp\/v2\/tags?post=5213"}],"curies":[{"name":"wp","href":"https:\/\/api.w.org\/{rel}","templated":true}]}}