{"id":542,"date":"2019-03-29T08:14:48","date_gmt":"2019-03-29T07:14:48","guid":{"rendered":"http:\/\/demo.loftocean.com\/ceramag-default\/?p=542"},"modified":"2020-09-04T13:07:11","modified_gmt":"2020-09-04T11:07:11","slug":"el-futuro-del-cannabis-en-espana-espera-a-las-elecciones","status":"publish","type":"post","link":"https:\/\/www.cannabis.es\/pw\/2019\/03\/29\/el-futuro-del-cannabis-en-espana-espera-a-las-elecciones\/","title":{"rendered":"El futuro del cannabis en Espa\u00f1a espera a las elecciones"},"content":{"rendered":"\n<p>Por Arnau Alcaide.<\/p>\n\n\n<p lang=\"es-ES\">A falta de un mes para las elecciones generales del 28 de abril, la regulaci\u00f3n del cannabis no se ha colado entre los temas de discusi\u00f3n pol\u00edtica pese al agitado clima de opini\u00f3n internacional. Podemos introdujo una propuesta de regulaci\u00f3n integral que no ha reunido apoyos parlamentarios todav\u00eda y parece tener que esperar a la nueva composici\u00f3n de la c\u00e1mara. Lo propio ha hecho Ciudadanos, pero para el cannabis medicinal, sin garant\u00edas de entendimiento entre ambos. \u00bfQu\u00e9 deparan los comicios al cannabis en Espa\u00f1a?<\/p>\n<p lang=\"es-ES\">Aun cuando su uso est\u00e1 consolidado culturalmente entre la poblaci\u00f3n, la pol\u00edtica espa\u00f1ola vive poco condicionada por la corriente internacional en lo que respecta al cannabis. Si bien existen cada vez m\u00e1s empresas con licencias de producci\u00f3n, o mayores extensiones de cultivo, de la que es a\u00fan una sustancia prohibida, principalmente destinada a exportaci\u00f3n, investigaci\u00f3n y fines industriales,&nbsp;<b>usuarios medicinales y recreativos siguen esperando a que se regulen unos derechos<\/b><strong>hoy vulnerados<\/strong>.Y la pol\u00edtica, de momento, no ha dado respuesta alguna.<\/p>\n<p lang=\"es-ES\">En&nbsp;<span style=\"color:#d50;\"><em>Cannabis.es<\/em><\/span>&nbsp;hemos querido dar voz a los partidos, a los que hemos ofrecido la posibilidad de explicar su posici\u00f3n de cara estos comicios. Posici\u00f3n que quedar\u00e1 reflejada detalladamente en este medio. De momento, no obstante, repasamos la que ha sido su postura hasta ahora.<\/p>\n<h5 style=\"background-color: #e9e5e6; padding: 10px 10px;\">QU\u00c9 SE ESPERA DE LOS PARTIDOS<\/h5>\n<p lang=\"es-ES\">Adem\u00e1s de la completa&nbsp;<strong>propuesta regulativa de Podemos<\/strong>, auspiciada por su c\u00edrculo cann\u00e1bico, y que se puede leer&nbsp;<a href=\"https:\/\/circulocannabico.org\/hacia-una-regulacion-integral\/\">aqu\u00ed<\/a>,&nbsp;<span style=\"color:#d50;\"><em>Ciudadanos<\/em>,<\/span> ha tenido en Francisco Igea un adalid de la regulaci\u00f3n. El candidato por Castilla y Le\u00f3n, recientemente protagonista perjudicado de un posible pucherazo, viene sosteniendo que habr\u00eda que&nbsp;<strong>regular el medicinal<\/strong>&nbsp;<strong>inmediatamente<\/strong>para dar una respuesta a este usuariado, especialmente necesitado.<\/p>\n<p lang=\"es-ES\">Igea lleg\u00f3 a registrar una propuesta para ello.&nbsp;El problema&nbsp;desde el partido naranja&nbsp;vendr\u00eda al entenderse con la propuesta de Podemos, a lo que podr\u00edan ser reticentes por integrar apartados&nbsp;sobre la regulaci\u00f3n integral&nbsp;en los que no est\u00e9n de acuerdo, manteniendo abierto el debate para la regulaci\u00f3n de los derechos de los usuarios recreativos, entre otros aspectos. Y estos apartados son parte principal, veremos si inmutable, de la propuesta morada; es por eso que&nbsp;<strong>el acuerdo entre ambos no estar\u00eda garantizado<\/strong>.<\/p>\n<p lang=\"es-ES\"><strong>Por parte del Partido Popular la negativa es rotunda<\/strong>&nbsp;y su intenci\u00f3n, a falta de que la reafirme, ser\u00e1 inmovilista en esta materia. Ha esgrimido los argumentos del prohibicionismo ante una posible regulaci\u00f3n y no ha prestado atenci\u00f3n al cannabis medicinal, llegando a considerarlo una excusa para la legalizaci\u00f3n de la marihuana.<\/p>\n<p><strong><span lang=\"es-ES\">En el P<\/span><span lang=\"es-ES\">artido Socialista<\/span><span lang=\"es-ES\">&nbsp;queda&nbsp;<\/span><\/strong><span lang=\"es-ES\"><strong>por resolver la contradicci\u00f3n<\/strong>&nbsp;entre el apoyo que se presta a regulaciones o propuestas de regulaci\u00f3n a nivel auton\u00f3mico<\/span><span lang=\"es-ES\">&nbsp;y la&nbsp;<\/span><span lang=\"es-ES\">falta de voluntad<\/span><span lang=\"es-ES\">&nbsp;del partidodesde la ejecutiva central&nbsp;<\/span><span lang=\"es-ES\">de<\/span><span lang=\"es-ES\">&nbsp;regular o facilitar la cesi\u00f3n de competencias&nbsp;<\/span><span lang=\"es-ES\">a las autonom\u00edas<\/span><span lang=\"es-ES\">. Es el caso de<\/span><span lang=\"es-ES\">&nbsp;Asturias, Cantabria, Pa\u00eds Vasco, La Rioja, Castilla y Le\u00f3n, Catalu\u00f1a,&nbsp;<\/span><span lang=\"es-ES\">Valencia<\/span><span lang=\"es-ES\">, Baleares, Extremadura, Murcia, Andaluc\u00eda&nbsp;<\/span><span lang=\"es-ES\">y Canarias, donde el partido en el gobierno ha apoyado iniciativas legislativas&nbsp;<\/span><span lang=\"es-ES\">que despu\u00e9s no ha refrendado en el estado.<\/span><\/p>\n<p>&nbsp;<span style=\"color:#d50;\"><em>Con suerte, tendremos un art\u00edculo con los planteamientos de todos estos partidos, o casi todos,&nbsp;para la pr\u00f3xima legislatura.<\/em><\/span>\u00bfHabr\u00e1 cambios en su enfoque? \u00bfD\u00f3nde llegar\u00e1 la propuesta de Podemos? \u00bfHabr\u00e1 acercamiento de posturas con Ciudadanos? \u00bfC\u00f3mo explicar\u00e1 el PSOE la contradicci\u00f3n centro-autonom\u00edas?<\/p>","protected":false},"excerpt":{"rendered":"<span class=\"span-reading-time rt-reading-time\" style=\"display: block;\"><span class=\"rt-label rt-prefix\">Tiempo de lectura:<\/span> <span class=\"rt-time\"> 2<\/span> <span class=\"rt-label rt-postfix\">minutos<\/span><\/span>Por Arnau Alcaide. A falta de un mes para las elecciones generales del 28 de abril, la regulaci\u00f3n del cannabis no se ha colado entre los temas de discusi\u00f3n pol\u00edtica pese al agitado clima de opini\u00f3n internacional. Podemos introdujo una propuesta de regulaci\u00f3n integral que no ha reunido apoyos parlamentarios todav\u00eda y parece tener que [&hellip;]","protected":false},"author":1,"featured_media":1033,"comment_status":"closed","ping_status":"open","sticky":false,"template":"","format":"standard","meta":{"loftocean-featured-post":"","loftocean_post_format_gallery":"","loftocean_post_format_gallery_ids":"","loftocean_post_format_gallery_urls":"","loftocean_post_format_video_id":"","loftocean_post_format_video_url":"","loftocean_post_format_video_type":"","loftocean_post_format_video":"","loftocean_post_format_audio_type":"","loftocean_post_format_audio_url":"","loftocean_post_format_audio_id":"","loftocean_post_format_audio":"","loftocean_post_format_quote_text":"","loftocean_post_format_quote_byline":"","loftocean_post_format_link_text":"","loftocean_post_format_link_url":"","ceramag_post_header_style":"","ceramag_enable_background_video":"on","ceramag_show_in_top_slider":"on","ceramag_post_background_video_start":"","ceramag_post_background_video_end":"","loftocean_page_background_video_id":"","loftocean_page_background_video_url":"","loftocean_page_background_video_type":"","loftocean_page_background_video":"","ceramag_background_video_start":"6","ceramag_background_video_end":"56","ceramag_single_page_hide_header":"","footnotes":""},"categories":[35],"tags":[41,54,40,42,55,56],"class_list":["post-542","post","type-post","status-publish","format-standard","has-post-thumbnail","hentry","category-politica-y-sociedad","tag-cannabis","tag-legalizacion","tag-marihuana","tag-politica","tag-regulacion","tag-regulacion-cannabis"],"yoast_head":"<!-- This site is optimized with the Yoast SEO plugin v24.9 - https:\/\/yoast.com\/wordpress\/plugins\/seo\/ -->\n<title>El futuro del cannabis en Espa\u00f1a espera a las elecciones<\/title>\n<meta name=\"description\" content=\"Entrada &#8226; Portal multimedia sobre cannabis y otras sustancias &#8226; 29 marzo, 2019\" \/>\n<meta name=\"robots\" content=\"index, follow, max-snippet:-1, max-image-preview:large, max-video-preview:-1\" \/>\n<link rel=\"canonical\" href=\"https:\/\/www.cannabis.es\/pw\/2019\/03\/29\/el-futuro-del-cannabis-en-espana-espera-a-las-elecciones\/\" \/>\n<meta name=\"twitter:card\" content=\"summary_large_image\" \/>\n<meta name=\"twitter:title\" content=\"El futuro del cannabis en Espa\u00f1a espera a las elecciones\" \/>\n<meta name=\"twitter:description\" content=\"Entrada &#8226; Portal multimedia sobre cannabis y otras sustancias &#8226; 29 marzo, 2019\" \/>\n<meta name=\"twitter:image\" content=\"https:\/\/www.cannabis.es\/pw\/wp-content\/uploads\/2017\/04\/voto.jpg\" \/>\n<meta name=\"twitter:creator\" content=\"@cannabis_es\" \/>\n<meta name=\"twitter:site\" content=\"@cannabis_es\" \/>\n<meta name=\"twitter:label1\" content=\"Escrito por\" \/>\n\t<meta name=\"twitter:data1\" content=\"Cannabis.es\" \/>\n\t<meta name=\"twitter:label2\" content=\"Tiempo de lectura\" \/>\n\t<meta name=\"twitter:data2\" content=\"3 minutos\" \/>\n<script type=\"application\/ld+json\" class=\"yoast-schema-graph\">{\"@context\":\"https:\/\/schema.org\",\"@graph\":[{\"@type\":\"Article\",\"@id\":\"https:\/\/www.cannabis.es\/pw\/2019\/03\/29\/el-futuro-del-cannabis-en-espana-espera-a-las-elecciones\/#article\",\"isPartOf\":{\"@id\":\"https:\/\/www.cannabis.es\/pw\/2019\/03\/29\/el-futuro-del-cannabis-en-espana-espera-a-las-elecciones\/\"},\"author\":{\"name\":\"Cannabis.es\",\"@id\":\"https:\/\/www.cannabis.es\/pw\/#\/schema\/person\/e2fbd204580cf4fe74c79b82bc447374\"},\"headline\":\"El futuro del cannabis en Espa\u00f1a espera a las elecciones\",\"datePublished\":\"2019-03-29T07:14:48+00:00\",\"dateModified\":\"2020-09-04T11:07:11+00:00\",\"mainEntityOfPage\":{\"@id\":\"https:\/\/www.cannabis.es\/pw\/2019\/03\/29\/el-futuro-del-cannabis-en-espana-espera-a-las-elecciones\/\"},\"wordCount\":637,\"publisher\":{\"@id\":\"https:\/\/www.cannabis.es\/pw\/#organization\"},\"image\":{\"@id\":\"https:\/\/www.cannabis.es\/pw\/2019\/03\/29\/el-futuro-del-cannabis-en-espana-espera-a-las-elecciones\/#primaryimage\"},\"thumbnailUrl\":\"https:\/\/www.cannabis.es\/pw\/wp-content\/uploads\/2017\/04\/voto.jpg\",\"keywords\":[\"cannabis\",\"legalizaci\u00f3n\",\"marihuana\",\"pol\u00edtica\",\"regulaci\u00f3n\",\"regulaci\u00f3n cannabis\"],\"articleSection\":[\"Pol\u00edtica y Sociedad\"],\"inLanguage\":\"es\"},{\"@type\":\"WebPage\",\"@id\":\"https:\/\/www.cannabis.es\/pw\/2019\/03\/29\/el-futuro-del-cannabis-en-espana-espera-a-las-elecciones\/\",\"url\":\"https:\/\/www.cannabis.es\/pw\/2019\/03\/29\/el-futuro-del-cannabis-en-espana-espera-a-las-elecciones\/\",\"name\":\"El futuro del cannabis en Espa\u00f1a espera a las elecciones\",\"isPartOf\":{\"@id\":\"https:\/\/www.cannabis.es\/pw\/#website\"},\"primaryImageOfPage\":{\"@id\":\"https:\/\/www.cannabis.es\/pw\/2019\/03\/29\/el-futuro-del-cannabis-en-espana-espera-a-las-elecciones\/#primaryimage\"},\"image\":{\"@id\":\"https:\/\/www.cannabis.es\/pw\/2019\/03\/29\/el-futuro-del-cannabis-en-espana-espera-a-las-elecciones\/#primaryimage\"},\"thumbnailUrl\":\"https:\/\/www.cannabis.es\/pw\/wp-content\/uploads\/2017\/04\/voto.jpg\",\"datePublished\":\"2019-03-29T07:14:48+00:00\",\"dateModified\":\"2020-09-04T11:07:11+00:00\",\"description\":\"Entrada &#8226; Portal multimedia sobre cannabis y otras sustancias &#8226; 29 marzo, 2019\",\"breadcrumb\":{\"@id\":\"https:\/\/www.cannabis.es\/pw\/2019\/03\/29\/el-futuro-del-cannabis-en-espana-espera-a-las-elecciones\/#breadcrumb\"},\"inLanguage\":\"es\",\"potentialAction\":[{\"@type\":\"ReadAction\",\"target\":[\"https:\/\/www.cannabis.es\/pw\/2019\/03\/29\/el-futuro-del-cannabis-en-espana-espera-a-las-elecciones\/\"]}]},{\"@type\":\"ImageObject\",\"inLanguage\":\"es\",\"@id\":\"https:\/\/www.cannabis.es\/pw\/2019\/03\/29\/el-futuro-del-cannabis-en-espana-espera-a-las-elecciones\/#primaryimage\",\"url\":\"https:\/\/www.cannabis.es\/pw\/wp-content\/uploads\/2017\/04\/voto.jpg\",\"contentUrl\":\"https:\/\/www.cannabis.es\/pw\/wp-content\/uploads\/2017\/04\/voto.jpg\",\"width\":959,\"height\":475},{\"@type\":\"BreadcrumbList\",\"@id\":\"https:\/\/www.cannabis.es\/pw\/2019\/03\/29\/el-futuro-del-cannabis-en-espana-espera-a-las-elecciones\/#breadcrumb\",\"itemListElement\":[{\"@type\":\"ListItem\",\"position\":1,\"name\":\"Portada\",\"item\":\"http:\/\/www.cannabis.es\/pw\/\"},{\"@type\":\"ListItem\",\"position\":2,\"name\":\"El futuro del cannabis en Espa\u00f1a espera a las elecciones\"}]},{\"@type\":\"WebSite\",\"@id\":\"https:\/\/www.cannabis.es\/pw\/#website\",\"url\":\"https:\/\/www.cannabis.es\/pw\/\",\"name\":\"Cannabis\",\"description\":\"Portal multimedia sobre cannabis y otras sustancias\",\"publisher\":{\"@id\":\"https:\/\/www.cannabis.es\/pw\/#organization\"},\"potentialAction\":[{\"@type\":\"SearchAction\",\"target\":{\"@type\":\"EntryPoint\",\"urlTemplate\":\"https:\/\/www.cannabis.es\/pw\/?s={search_term_string}\"},\"query-input\":{\"@type\":\"PropertyValueSpecification\",\"valueRequired\":true,\"valueName\":\"search_term_string\"}}],\"inLanguage\":\"es\"},{\"@type\":\"Organization\",\"@id\":\"https:\/\/www.cannabis.es\/pw\/#organization\",\"name\":\"Cannabis.es\",\"url\":\"https:\/\/www.cannabis.es\/pw\/\",\"logo\":{\"@type\":\"ImageObject\",\"inLanguage\":\"es\",\"@id\":\"https:\/\/www.cannabis.es\/pw\/#\/schema\/logo\/image\/\",\"url\":\"https:\/\/www.cannabis.es\/pw\/wp-content\/uploads\/2019\/04\/cropped-logo_cannabis.png\",\"contentUrl\":\"https:\/\/www.cannabis.es\/pw\/wp-content\/uploads\/2019\/04\/cropped-logo_cannabis.png\",\"width\":361,\"height\":120,\"caption\":\"Cannabis.es\"},\"image\":{\"@id\":\"https:\/\/www.cannabis.es\/pw\/#\/schema\/logo\/image\/\"},\"sameAs\":[\"https:\/\/x.com\/cannabis_es\"]},{\"@type\":\"Person\",\"@id\":\"https:\/\/www.cannabis.es\/pw\/#\/schema\/person\/e2fbd204580cf4fe74c79b82bc447374\",\"name\":\"Cannabis.es\",\"image\":{\"@type\":\"ImageObject\",\"inLanguage\":\"es\",\"@id\":\"https:\/\/www.cannabis.es\/pw\/#\/schema\/person\/image\/\",\"url\":\"https:\/\/secure.gravatar.com\/avatar\/4375b1eb6e272e2e48a4b8a8def52e5f208151f555bb5906da616906ee6dd2e8?s=96&d=mm&r=g\",\"contentUrl\":\"https:\/\/secure.gravatar.com\/avatar\/4375b1eb6e272e2e48a4b8a8def52e5f208151f555bb5906da616906ee6dd2e8?s=96&d=mm&r=g\",\"caption\":\"Cannabis.es\"},\"url\":\"https:\/\/www.cannabis.es\/pw\/author\/cannabis\/\"}]}<\/script>\n<!-- \/ Yoast SEO plugin. -->","yoast_head_json":{"title":"El futuro del cannabis en Espa\u00f1a espera a las elecciones","description":"Entrada &#8226; Portal multimedia sobre cannabis y otras sustancias &#8226; 29 marzo, 2019","robots":{"index":"index","follow":"follow","max-snippet":"max-snippet:-1","max-image-preview":"max-image-preview:large","max-video-preview":"max-video-preview:-1"},"canonical":"https:\/\/www.cannabis.es\/pw\/2019\/03\/29\/el-futuro-del-cannabis-en-espana-espera-a-las-elecciones\/","twitter_card":"summary_large_image","twitter_title":"El futuro del cannabis en Espa\u00f1a espera a las elecciones","twitter_description":"Entrada &#8226; Portal multimedia sobre cannabis y otras sustancias &#8226; 29 marzo, 2019","twitter_image":"https:\/\/www.cannabis.es\/pw\/wp-content\/uploads\/2017\/04\/voto.jpg","twitter_creator":"@cannabis_es","twitter_site":"@cannabis_es","twitter_misc":{"Escrito por":"Cannabis.es","Tiempo de lectura":"3 minutos"},"schema":{"@context":"https:\/\/schema.org","@graph":[{"@type":"Article","@id":"https:\/\/www.cannabis.es\/pw\/2019\/03\/29\/el-futuro-del-cannabis-en-espana-espera-a-las-elecciones\/#article","isPartOf":{"@id":"https:\/\/www.cannabis.es\/pw\/2019\/03\/29\/el-futuro-del-cannabis-en-espana-espera-a-las-elecciones\/"},"author":{"name":"Cannabis.es","@id":"https:\/\/www.cannabis.es\/pw\/#\/schema\/person\/e2fbd204580cf4fe74c79b82bc447374"},"headline":"El futuro del cannabis en Espa\u00f1a espera a las elecciones","datePublished":"2019-03-29T07:14:48+00:00","dateModified":"2020-09-04T11:07:11+00:00","mainEntityOfPage":{"@id":"https:\/\/www.cannabis.es\/pw\/2019\/03\/29\/el-futuro-del-cannabis-en-espana-espera-a-las-elecciones\/"},"wordCount":637,"publisher":{"@id":"https:\/\/www.cannabis.es\/pw\/#organization"},"image":{"@id":"https:\/\/www.cannabis.es\/pw\/2019\/03\/29\/el-futuro-del-cannabis-en-espana-espera-a-las-elecciones\/#primaryimage"},"thumbnailUrl":"https:\/\/www.cannabis.es\/pw\/wp-content\/uploads\/2017\/04\/voto.jpg","keywords":["cannabis","legalizaci\u00f3n","marihuana","pol\u00edtica","regulaci\u00f3n","regulaci\u00f3n cannabis"],"articleSection":["Pol\u00edtica y Sociedad"],"inLanguage":"es"},{"@type":"WebPage","@id":"https:\/\/www.cannabis.es\/pw\/2019\/03\/29\/el-futuro-del-cannabis-en-espana-espera-a-las-elecciones\/","url":"https:\/\/www.cannabis.es\/pw\/2019\/03\/29\/el-futuro-del-cannabis-en-espana-espera-a-las-elecciones\/","name":"El futuro del cannabis en Espa\u00f1a espera a las elecciones","isPartOf":{"@id":"https:\/\/www.cannabis.es\/pw\/#website"},"primaryImageOfPage":{"@id":"https:\/\/www.cannabis.es\/pw\/2019\/03\/29\/el-futuro-del-cannabis-en-espana-espera-a-las-elecciones\/#primaryimage"},"image":{"@id":"https:\/\/www.cannabis.es\/pw\/2019\/03\/29\/el-futuro-del-cannabis-en-espana-espera-a-las-elecciones\/#primaryimage"},"thumbnailUrl":"https:\/\/www.cannabis.es\/pw\/wp-content\/uploads\/2017\/04\/voto.jpg","datePublished":"2019-03-29T07:14:48+00:00","dateModified":"2020-09-04T11:07:11+00:00","description":"Entrada &#8226; Portal multimedia sobre cannabis y otras sustancias &#8226; 29 marzo, 2019","breadcrumb":{"@id":"https:\/\/www.cannabis.es\/pw\/2019\/03\/29\/el-futuro-del-cannabis-en-espana-espera-a-las-elecciones\/#breadcrumb"},"inLanguage":"es","potentialAction":[{"@type":"ReadAction","target":["https:\/\/www.cannabis.es\/pw\/2019\/03\/29\/el-futuro-del-cannabis-en-espana-espera-a-las-elecciones\/"]}]},{"@type":"ImageObject","inLanguage":"es","@id":"https:\/\/www.cannabis.es\/pw\/2019\/03\/29\/el-futuro-del-cannabis-en-espana-espera-a-las-elecciones\/#primaryimage","url":"https:\/\/www.cannabis.es\/pw\/wp-content\/uploads\/2017\/04\/voto.jpg","contentUrl":"https:\/\/www.cannabis.es\/pw\/wp-content\/uploads\/2017\/04\/voto.jpg","width":959,"height":475},{"@type":"BreadcrumbList","@id":"https:\/\/www.cannabis.es\/pw\/2019\/03\/29\/el-futuro-del-cannabis-en-espana-espera-a-las-elecciones\/#breadcrumb","itemListElement":[{"@type":"ListItem","position":1,"name":"Portada","item":"http:\/\/www.cannabis.es\/pw\/"},{"@type":"ListItem","position":2,"name":"El futuro del cannabis en Espa\u00f1a espera a las elecciones"}]},{"@type":"WebSite","@id":"https:\/\/www.cannabis.es\/pw\/#website","url":"https:\/\/www.cannabis.es\/pw\/","name":"Cannabis","description":"Portal multimedia sobre cannabis y otras sustancias","publisher":{"@id":"https:\/\/www.cannabis.es\/pw\/#organization"},"potentialAction":[{"@type":"SearchAction","target":{"@type":"EntryPoint","urlTemplate":"https:\/\/www.cannabis.es\/pw\/?s={search_term_string}"},"query-input":{"@type":"PropertyValueSpecification","valueRequired":true,"valueName":"search_term_string"}}],"inLanguage":"es"},{"@type":"Organization","@id":"https:\/\/www.cannabis.es\/pw\/#organization","name":"Cannabis.es","url":"https:\/\/www.cannabis.es\/pw\/","logo":{"@type":"ImageObject","inLanguage":"es","@id":"https:\/\/www.cannabis.es\/pw\/#\/schema\/logo\/image\/","url":"https:\/\/www.cannabis.es\/pw\/wp-content\/uploads\/2019\/04\/cropped-logo_cannabis.png","contentUrl":"https:\/\/www.cannabis.es\/pw\/wp-content\/uploads\/2019\/04\/cropped-logo_cannabis.png","width":361,"height":120,"caption":"Cannabis.es"},"image":{"@id":"https:\/\/www.cannabis.es\/pw\/#\/schema\/logo\/image\/"},"sameAs":["https:\/\/x.com\/cannabis_es"]},{"@type":"Person","@id":"https:\/\/www.cannabis.es\/pw\/#\/schema\/person\/e2fbd204580cf4fe74c79b82bc447374","name":"Cannabis.es","image":{"@type":"ImageObject","inLanguage":"es","@id":"https:\/\/www.cannabis.es\/pw\/#\/schema\/person\/image\/","url":"https:\/\/secure.gravatar.com\/avatar\/4375b1eb6e272e2e48a4b8a8def52e5f208151f555bb5906da616906ee6dd2e8?s=96&d=mm&r=g","contentUrl":"https:\/\/secure.gravatar.com\/avatar\/4375b1eb6e272e2e48a4b8a8def52e5f208151f555bb5906da616906ee6dd2e8?s=96&d=mm&r=g","caption":"Cannabis.es"},"url":"https:\/\/www.cannabis.es\/pw\/author\/cannabis\/"}]}},"_links":{"self":[{"href":"https:\/\/www.cannabis.es\/pw\/wp-json\/wp\/v2\/posts\/542","targetHints":{"allow":["GET"]}}],"collection":[{"href":"https:\/\/www.cannabis.es\/pw\/wp-json\/wp\/v2\/posts"}],"about":[{"href":"https:\/\/www.cannabis.es\/pw\/wp-json\/wp\/v2\/types\/post"}],"author":[{"embeddable":true,"href":"https:\/\/www.cannabis.es\/pw\/wp-json\/wp\/v2\/users\/1"}],"replies":[{"embeddable":true,"href":"https:\/\/www.cannabis.es\/pw\/wp-json\/wp\/v2\/comments?post=542"}],"version-history":[{"count":9,"href":"https:\/\/www.cannabis.es\/pw\/wp-json\/wp\/v2\/posts\/542\/revisions"}],"predecessor-version":[{"id":5071,"href":"https:\/\/www.cannabis.es\/pw\/wp-json\/wp\/v2\/posts\/542\/revisions\/5071"}],"wp:featuredmedia":[{"embeddable":true,"href":"https:\/\/www.cannabis.es\/pw\/wp-json\/wp\/v2\/media\/1033"}],"wp:attachment":[{"href":"https:\/\/www.cannabis.es\/pw\/wp-json\/wp\/v2\/media?parent=542"}],"wp:term":[{"taxonomy":"category","embeddable":true,"href":"https:\/\/www.cannabis.es\/pw\/wp-json\/wp\/v2\/categories?post=542"},{"taxonomy":"post_tag","embeddable":true,"href":"https:\/\/www.cannabis.es\/pw\/wp-json\/wp\/v2\/tags?post=542"}],"curies":[{"name":"wp","href":"https:\/\/api.w.org\/{rel}","templated":true}]}}