{"id":5577,"date":"2020-06-12T13:21:50","date_gmt":"2020-06-12T11:21:50","guid":{"rendered":"http:\/\/www.cannabis.es\/pw\/?p=5577"},"modified":"2020-07-13T13:02:49","modified_gmt":"2020-07-13T11:02:49","slug":"el-forum-cannabic-valencia-asesorara-a-agricultura-desde-el-plan-de-reconstruccion-de-las-cortes","status":"publish","type":"post","link":"https:\/\/www.cannabis.es\/pw\/2020\/06\/12\/el-forum-cannabic-valencia-asesorara-a-agricultura-desde-el-plan-de-reconstruccion-de-las-cortes\/","title":{"rendered":"EL F\u00d2RUM CANN\u00c0BIC VALENCI\u00c0 ASESORAR\u00c1 A AGRICULTURA DESDE EL PLAN DE RECONSTRUCCI\u00d3N DE LAS CORTES"},"content":{"rendered":"\n<p>Arnau Alcaide&nbsp;<\/p>\n\n\n\n<p>Con la delicada situaci\u00f3n social, econ\u00f3mica y sanitaria derivada de la pandemia, las administraciones p\u00fablicas se plantean c\u00f3mo enfrentarse a los nuevos desaf\u00edos mediante comisiones que aborden temas concretos y puedan dar soluciones para legislar o trazar estrategias p\u00fablicas. Acostumbrados a hablar de la nueva normalidad desde la salud, los temas econ\u00f3micos empiezan a liderar la preocupaci\u00f3n de los ejecutivos, y el cannabis tiene algo que aportar en la autonom\u00eda valenciana.<\/p>\n\n\n\n<p>Las Cortes valencianas han decidido crear la Comisi\u00f3n de Reconstrucci\u00f3n para reducir el impacto de la crisis postpand\u00e9mica. Desde Agricultura ya han mostrado inter\u00e9s en recoger sus propuestas, y es aqu\u00ed cuando el grupo parlamentario de Comprom\u00eds, mediante el excantante de la Gossa Sorda,&nbsp;<a href=\"https:\/\/www.cannabis.es\/web\/features\/articulos\/834-i-jornadas-cannabicas-en-valencia-dia-dos-la-politica\">Josep Nadal, ha invitado a la instituci\u00f3n de referencia en el mundo cann\u00e1bico valenciano, el F\u00f2rum Cann\u00e0bic Valenci\u00e0<\/a>, a realizar sus propuestas a la Mesa de la Comisi\u00f3n Permanente de Agricultura, Ganader\u00eda y Pesca de las Cortes, que ser\u00e1n tomadas en consideraci\u00f3n en aras de dicha reconstrucci\u00f3n.<\/p>\n\n\n\n<p>El Foro Cann\u00e1bico Valenciano est\u00e1 formado por personas investigadoras, usuarias, productoras, distribuidoras, growshops y estudios jur\u00eddicos. Nacido con la voluntad de establecer un espacio que aglutine todos los temas relacionados con el cannabis, sus objetivos son la defensa de los derechos de las personas usuarias y su posibilidad de asociarse y cultivar, para los que aspiran a servir de interlocutor v\u00e1lido entre las instituciones p\u00fablicas y la sociedad civil, de cara a cambiar la imagen negativa de la planta y regularizar su uso.<\/p>\n\n\n\n<p>En declaraciones a este medio, Joan Bertomeu, abogado protagonista de las relaciones con la administraci\u00f3n, ha explicado que se trata de una&nbsp;<em>\u201cgran oportunidad\u201d<\/em>&nbsp;para la industria del&nbsp;<em>\u201cc\u00e1\u00f1amo\u201d<\/em>&nbsp;en el campo valenciano, que es<em>&nbsp;\u201clegal\u201d<\/em>, pese a las trabas que sufre, y tiene mucho m\u00e1s<em>&nbsp;\u201crecorrido de mercado\u201d<\/em>&nbsp;del ya presente. La Comisi\u00f3n de Reconstrucci\u00f3n no legalizar\u00e1 el cannabis en Espa\u00f1a, pero podr\u00eda terminar de normalizar en Valencia un sector de agricultura de alto valor a\u00f1adido y cuya \u00faltima expresi\u00f3n son&nbsp;<a href=\"http:\/\/www.cannabis.es\/pw\/2019\/12\/20\/cbd-en-valencia-servicio-imprescindible-entre-maniobras-legales\/\">tiendas de CBD<\/a>&nbsp;a las que tenemos acceso, as\u00ed como consolidar la participaci\u00f3n del FCV.<\/p>\n\n\n\n<figure class=\"wp-block-image size-large\"><img loading=\"lazy\" decoding=\"async\" width=\"959\" height=\"475\" src=\"https:\/\/www.cannabis.es\/pw\/wp-content\/uploads\/2020\/06\/portada-asociacio-cannabica-valenciana.jpg\" alt=\"\" class=\"wp-image-5580\" srcset=\"https:\/\/www.cannabis.es\/pw\/wp-content\/uploads\/2020\/06\/portada-asociacio-cannabica-valenciana.jpg 959w, https:\/\/www.cannabis.es\/pw\/wp-content\/uploads\/2020\/06\/portada-asociacio-cannabica-valenciana-300x149.jpg 300w, https:\/\/www.cannabis.es\/pw\/wp-content\/uploads\/2020\/06\/portada-asociacio-cannabica-valenciana-768x380.jpg 768w, https:\/\/www.cannabis.es\/pw\/wp-content\/uploads\/2020\/06\/portada-asociacio-cannabica-valenciana-600x297.jpg 600w\" sizes=\"auto, (max-width: 959px) 100vw, 959px\" \/><\/figure>\n\n\n\n<p>Esta relaci\u00f3n institucional con la administraci\u00f3n valenciana ya tuvo precedente en una reuni\u00f3n con Joan Rib\u00f3, el alcalde de Val\u00e8ncia, en noviembre de 2017 para tratar de \u201ctrasladar a la alcald\u00eda las problem\u00e1ticas a las que usuarios, asociaciones y tejido empresarial se enfrentan a la hora de normalizar y reconocer jur\u00eddicamente una realidad social asentada en Val\u00e8ncia, as\u00ed como de impulsar un proceso de di\u00e1logo entre la sociedad civil y las instituciones similar al realizado en otras autonom\u00edas, o en ciudades como Barcelona, Donosti, Alicante o en Castell\u00f3n\u201d, donde esa misma semana se hab\u00eda presentado tambi\u00e9n una Ordenanza Municipal con el objetivo de regular urban\u00edsticamente las asociaciones cann\u00e1bicas.<\/p>\n\n\n\n<p>Unos meses antes, las Cortes Valencianas aprobaban una<strong> propuesta no de ley <\/strong>para la creaci\u00f3n de una comisi\u00f3n espec\u00edfica que aborde la seguridad jur\u00eddica en el acceso al cannabis, que no puede ser constitutiva de delito, y por su dificultad para progresar, trasladaba la responsabilidad a las Cortes y al Gobierno de la Generalitat de elevar al estado la cuesti\u00f3n. Junto a los intentos de regulaci\u00f3n auton\u00f3mica en Catalunya y Navarra, as\u00ed como el&nbsp;<a href=\"http:\/\/www.cannabis.es\/pw\/2020\/05\/28\/salud-vasca-en-desarrollo-de-un-reglamento-legal-aprueba-reabrir-las-asociaciones\/\">prudente \u00e9xito en el Pa\u00eds Vasco<\/a>, Valencia, como&nbsp;Asturias, Cantabria, La Rioja, Castilla y Le\u00f3n, Baleares, Extremadura, Murcia, Andaluc\u00eda y Canarias, han aprobado PNLs, Proposiciones No de Ley con el objetivo simb\u00f3lico de hacer una declaraci\u00f3n de intenciones o allanar el terreno para la futura regulaci\u00f3n.&nbsp; La comisi\u00f3n de estudios valenciana todav\u00eda est\u00e1 a la espera y La Comisi\u00f3n de Reconstrucci\u00f3n que ahora se crea no est\u00e1 en esas, a\u00fan.<\/p>\n","protected":false},"excerpt":{"rendered":"<span class=\"span-reading-time rt-reading-time\" style=\"display: block;\"><span class=\"rt-label rt-prefix\">Tiempo de lectura:<\/span> <span class=\"rt-time\"> 2<\/span> <span class=\"rt-label rt-postfix\">minutos<\/span><\/span>El F\u00f2rum Cann\u00e0bic Valenci\u00e0 asesorar\u00e1 a Agricultura con el c\u00e1\u00f1amo en la Comisi\u00f3n de Reconstrucci\u00f3n de Las Cortes.","protected":false},"author":3,"featured_media":5580,"comment_status":"closed","ping_status":"closed","sticky":false,"template":"","format":"standard","meta":{"loftocean-featured-post":"","loftocean_post_format_gallery":"","loftocean_post_format_gallery_ids":"","loftocean_post_format_gallery_urls":"","loftocean_post_format_video_id":"","loftocean_post_format_video_url":"","loftocean_post_format_video_type":"","loftocean_post_format_video":"","loftocean_post_format_audio_type":"","loftocean_post_format_audio_url":"","loftocean_post_format_audio_id":"","loftocean_post_format_audio":"","loftocean_post_format_quote_text":"","loftocean_post_format_quote_byline":"","loftocean_post_format_link_text":"","loftocean_post_format_link_url":"","ceramag_post_header_style":"","ceramag_enable_background_video":"","ceramag_show_in_top_slider":"","ceramag_post_background_video_start":"","ceramag_post_background_video_end":"","loftocean_page_background_video_id":"","loftocean_page_background_video_url":"","loftocean_page_background_video_type":"","loftocean_page_background_video":"","ceramag_background_video_start":"","ceramag_background_video_end":"","ceramag_single_page_hide_header":"","footnotes":""},"categories":[35],"tags":[540,487,41,654,735,42,1460],"class_list":["post-5577","post","type-post","status-publish","format-standard","has-post-thumbnail","hentry","category-politica-y-sociedad","tag-arnau-alcaide","tag-canamo","tag-cannabis","tag-coronavirus","tag-economia","tag-politica","tag-valencia"],"yoast_head":"<!-- This site is optimized with the Yoast SEO plugin v24.9 - https:\/\/yoast.com\/wordpress\/plugins\/seo\/ -->\n<title>EL F\u00d2RUM CANN\u00c0BIC VALENCI\u00c0 ASESORAR\u00c1 A AGRICULTURA DESDE EL PLAN DE RECONSTRUCCI\u00d3N DE LAS CORTES<\/title>\n<meta name=\"description\" content=\"Entrada &#8226; Portal multimedia sobre cannabis y otras sustancias &#8226; 12 junio, 2020\" \/>\n<meta name=\"robots\" content=\"index, follow, max-snippet:-1, max-image-preview:large, max-video-preview:-1\" \/>\n<link rel=\"canonical\" href=\"https:\/\/www.cannabis.es\/pw\/2020\/06\/12\/el-forum-cannabic-valencia-asesorara-a-agricultura-desde-el-plan-de-reconstruccion-de-las-cortes\/\" \/>\n<meta name=\"twitter:card\" content=\"summary_large_image\" \/>\n<meta name=\"twitter:title\" content=\"EL F\u00d2RUM CANN\u00c0BIC VALENCI\u00c0 ASESORAR\u00c1 A AGRICULTURA DESDE EL PLAN DE RECONSTRUCCI\u00d3N DE LAS CORTES\" \/>\n<meta name=\"twitter:description\" content=\"Entrada &#8226; Portal multimedia sobre cannabis y otras sustancias &#8226; 12 junio, 2020\" \/>\n<meta name=\"twitter:image\" content=\"https:\/\/www.cannabis.es\/pw\/wp-content\/uploads\/2020\/06\/portada-asociacio-cannabica-valenciana.jpg\" \/>\n<meta name=\"twitter:creator\" content=\"@cannabis_es\" \/>\n<meta name=\"twitter:site\" content=\"@cannabis_es\" \/>\n<meta name=\"twitter:label1\" content=\"Escrito por\" \/>\n\t<meta name=\"twitter:data1\" content=\"Cannabis.es\" \/>\n\t<meta name=\"twitter:label2\" content=\"Tiempo de lectura\" \/>\n\t<meta name=\"twitter:data2\" content=\"3 minutos\" \/>\n<script type=\"application\/ld+json\" class=\"yoast-schema-graph\">{\"@context\":\"https:\/\/schema.org\",\"@graph\":[{\"@type\":\"Article\",\"@id\":\"https:\/\/www.cannabis.es\/pw\/2020\/06\/12\/el-forum-cannabic-valencia-asesorara-a-agricultura-desde-el-plan-de-reconstruccion-de-las-cortes\/#article\",\"isPartOf\":{\"@id\":\"https:\/\/www.cannabis.es\/pw\/2020\/06\/12\/el-forum-cannabic-valencia-asesorara-a-agricultura-desde-el-plan-de-reconstruccion-de-las-cortes\/\"},\"author\":{\"name\":\"Cannabis.es\",\"@id\":\"https:\/\/www.cannabis.es\/pw\/#\/schema\/person\/ec770c03f3e99d770687f537f4ba1e89\"},\"headline\":\"EL F\u00d2RUM CANN\u00c0BIC VALENCI\u00c0 ASESORAR\u00c1 A AGRICULTURA DESDE EL PLAN DE RECONSTRUCCI\u00d3N DE LAS CORTES\",\"datePublished\":\"2020-06-12T11:21:50+00:00\",\"dateModified\":\"2020-07-13T11:02:49+00:00\",\"mainEntityOfPage\":{\"@id\":\"https:\/\/www.cannabis.es\/pw\/2020\/06\/12\/el-forum-cannabic-valencia-asesorara-a-agricultura-desde-el-plan-de-reconstruccion-de-las-cortes\/\"},\"wordCount\":697,\"publisher\":{\"@id\":\"https:\/\/www.cannabis.es\/pw\/#organization\"},\"image\":{\"@id\":\"https:\/\/www.cannabis.es\/pw\/2020\/06\/12\/el-forum-cannabic-valencia-asesorara-a-agricultura-desde-el-plan-de-reconstruccion-de-las-cortes\/#primaryimage\"},\"thumbnailUrl\":\"https:\/\/www.cannabis.es\/pw\/wp-content\/uploads\/2020\/06\/portada-asociacio-cannabica-valenciana.jpg\",\"keywords\":[\"Arnau Alcaide\",\"c\u00e1\u00f1amo\",\"cannabis\",\"coronavirus\",\"econom\u00eda\",\"pol\u00edtica\",\"valencia\"],\"articleSection\":[\"Pol\u00edtica y Sociedad\"],\"inLanguage\":\"es\"},{\"@type\":\"WebPage\",\"@id\":\"https:\/\/www.cannabis.es\/pw\/2020\/06\/12\/el-forum-cannabic-valencia-asesorara-a-agricultura-desde-el-plan-de-reconstruccion-de-las-cortes\/\",\"url\":\"https:\/\/www.cannabis.es\/pw\/2020\/06\/12\/el-forum-cannabic-valencia-asesorara-a-agricultura-desde-el-plan-de-reconstruccion-de-las-cortes\/\",\"name\":\"EL F\u00d2RUM CANN\u00c0BIC VALENCI\u00c0 ASESORAR\u00c1 A AGRICULTURA DESDE EL PLAN DE RECONSTRUCCI\u00d3N DE LAS CORTES\",\"isPartOf\":{\"@id\":\"https:\/\/www.cannabis.es\/pw\/#website\"},\"primaryImageOfPage\":{\"@id\":\"https:\/\/www.cannabis.es\/pw\/2020\/06\/12\/el-forum-cannabic-valencia-asesorara-a-agricultura-desde-el-plan-de-reconstruccion-de-las-cortes\/#primaryimage\"},\"image\":{\"@id\":\"https:\/\/www.cannabis.es\/pw\/2020\/06\/12\/el-forum-cannabic-valencia-asesorara-a-agricultura-desde-el-plan-de-reconstruccion-de-las-cortes\/#primaryimage\"},\"thumbnailUrl\":\"https:\/\/www.cannabis.es\/pw\/wp-content\/uploads\/2020\/06\/portada-asociacio-cannabica-valenciana.jpg\",\"datePublished\":\"2020-06-12T11:21:50+00:00\",\"dateModified\":\"2020-07-13T11:02:49+00:00\",\"description\":\"Entrada &#8226; Portal multimedia sobre cannabis y otras sustancias &#8226; 12 junio, 2020\",\"breadcrumb\":{\"@id\":\"https:\/\/www.cannabis.es\/pw\/2020\/06\/12\/el-forum-cannabic-valencia-asesorara-a-agricultura-desde-el-plan-de-reconstruccion-de-las-cortes\/#breadcrumb\"},\"inLanguage\":\"es\",\"potentialAction\":[{\"@type\":\"ReadAction\",\"target\":[\"https:\/\/www.cannabis.es\/pw\/2020\/06\/12\/el-forum-cannabic-valencia-asesorara-a-agricultura-desde-el-plan-de-reconstruccion-de-las-cortes\/\"]}]},{\"@type\":\"ImageObject\",\"inLanguage\":\"es\",\"@id\":\"https:\/\/www.cannabis.es\/pw\/2020\/06\/12\/el-forum-cannabic-valencia-asesorara-a-agricultura-desde-el-plan-de-reconstruccion-de-las-cortes\/#primaryimage\",\"url\":\"https:\/\/www.cannabis.es\/pw\/wp-content\/uploads\/2020\/06\/portada-asociacio-cannabica-valenciana.jpg\",\"contentUrl\":\"https:\/\/www.cannabis.es\/pw\/wp-content\/uploads\/2020\/06\/portada-asociacio-cannabica-valenciana.jpg\",\"width\":959,\"height\":475},{\"@type\":\"BreadcrumbList\",\"@id\":\"https:\/\/www.cannabis.es\/pw\/2020\/06\/12\/el-forum-cannabic-valencia-asesorara-a-agricultura-desde-el-plan-de-reconstruccion-de-las-cortes\/#breadcrumb\",\"itemListElement\":[{\"@type\":\"ListItem\",\"position\":1,\"name\":\"Portada\",\"item\":\"http:\/\/www.cannabis.es\/pw\/\"},{\"@type\":\"ListItem\",\"position\":2,\"name\":\"EL F\u00d2RUM CANN\u00c0BIC VALENCI\u00c0 ASESORAR\u00c1 A AGRICULTURA DESDE EL PLAN DE RECONSTRUCCI\u00d3N DE LAS CORTES\"}]},{\"@type\":\"WebSite\",\"@id\":\"https:\/\/www.cannabis.es\/pw\/#website\",\"url\":\"https:\/\/www.cannabis.es\/pw\/\",\"name\":\"Cannabis\",\"description\":\"Portal multimedia sobre cannabis y otras sustancias\",\"publisher\":{\"@id\":\"https:\/\/www.cannabis.es\/pw\/#organization\"},\"potentialAction\":[{\"@type\":\"SearchAction\",\"target\":{\"@type\":\"EntryPoint\",\"urlTemplate\":\"https:\/\/www.cannabis.es\/pw\/?s={search_term_string}\"},\"query-input\":{\"@type\":\"PropertyValueSpecification\",\"valueRequired\":true,\"valueName\":\"search_term_string\"}}],\"inLanguage\":\"es\"},{\"@type\":\"Organization\",\"@id\":\"https:\/\/www.cannabis.es\/pw\/#organization\",\"name\":\"Cannabis.es\",\"url\":\"https:\/\/www.cannabis.es\/pw\/\",\"logo\":{\"@type\":\"ImageObject\",\"inLanguage\":\"es\",\"@id\":\"https:\/\/www.cannabis.es\/pw\/#\/schema\/logo\/image\/\",\"url\":\"https:\/\/www.cannabis.es\/pw\/wp-content\/uploads\/2019\/04\/cropped-logo_cannabis.png\",\"contentUrl\":\"https:\/\/www.cannabis.es\/pw\/wp-content\/uploads\/2019\/04\/cropped-logo_cannabis.png\",\"width\":361,\"height\":120,\"caption\":\"Cannabis.es\"},\"image\":{\"@id\":\"https:\/\/www.cannabis.es\/pw\/#\/schema\/logo\/image\/\"},\"sameAs\":[\"https:\/\/x.com\/cannabis_es\"]},{\"@type\":\"Person\",\"@id\":\"https:\/\/www.cannabis.es\/pw\/#\/schema\/person\/ec770c03f3e99d770687f537f4ba1e89\",\"name\":\"Cannabis.es\",\"image\":{\"@type\":\"ImageObject\",\"inLanguage\":\"es\",\"@id\":\"https:\/\/www.cannabis.es\/pw\/#\/schema\/person\/image\/\",\"url\":\"https:\/\/secure.gravatar.com\/avatar\/810c93a3d6fadc3d9c2665b1d919a4aedea8ed4dd63689d001e985a804e90d83?s=96&d=mm&r=g\",\"contentUrl\":\"https:\/\/secure.gravatar.com\/avatar\/810c93a3d6fadc3d9c2665b1d919a4aedea8ed4dd63689d001e985a804e90d83?s=96&d=mm&r=g\",\"caption\":\"Cannabis.es\"},\"url\":\"https:\/\/www.cannabis.es\/pw\/author\/arnau\/\"}]}<\/script>\n<!-- \/ Yoast SEO plugin. -->","yoast_head_json":{"title":"EL F\u00d2RUM CANN\u00c0BIC VALENCI\u00c0 ASESORAR\u00c1 A AGRICULTURA DESDE EL PLAN DE RECONSTRUCCI\u00d3N DE LAS CORTES","description":"Entrada &#8226; Portal multimedia sobre cannabis y otras sustancias &#8226; 12 junio, 2020","robots":{"index":"index","follow":"follow","max-snippet":"max-snippet:-1","max-image-preview":"max-image-preview:large","max-video-preview":"max-video-preview:-1"},"canonical":"https:\/\/www.cannabis.es\/pw\/2020\/06\/12\/el-forum-cannabic-valencia-asesorara-a-agricultura-desde-el-plan-de-reconstruccion-de-las-cortes\/","twitter_card":"summary_large_image","twitter_title":"EL F\u00d2RUM CANN\u00c0BIC VALENCI\u00c0 ASESORAR\u00c1 A AGRICULTURA DESDE EL PLAN DE RECONSTRUCCI\u00d3N DE LAS CORTES","twitter_description":"Entrada &#8226; Portal multimedia sobre cannabis y otras sustancias &#8226; 12 junio, 2020","twitter_image":"https:\/\/www.cannabis.es\/pw\/wp-content\/uploads\/2020\/06\/portada-asociacio-cannabica-valenciana.jpg","twitter_creator":"@cannabis_es","twitter_site":"@cannabis_es","twitter_misc":{"Escrito por":"Cannabis.es","Tiempo de lectura":"3 minutos"},"schema":{"@context":"https:\/\/schema.org","@graph":[{"@type":"Article","@id":"https:\/\/www.cannabis.es\/pw\/2020\/06\/12\/el-forum-cannabic-valencia-asesorara-a-agricultura-desde-el-plan-de-reconstruccion-de-las-cortes\/#article","isPartOf":{"@id":"https:\/\/www.cannabis.es\/pw\/2020\/06\/12\/el-forum-cannabic-valencia-asesorara-a-agricultura-desde-el-plan-de-reconstruccion-de-las-cortes\/"},"author":{"name":"Cannabis.es","@id":"https:\/\/www.cannabis.es\/pw\/#\/schema\/person\/ec770c03f3e99d770687f537f4ba1e89"},"headline":"EL F\u00d2RUM CANN\u00c0BIC VALENCI\u00c0 ASESORAR\u00c1 A AGRICULTURA DESDE EL PLAN DE RECONSTRUCCI\u00d3N DE LAS CORTES","datePublished":"2020-06-12T11:21:50+00:00","dateModified":"2020-07-13T11:02:49+00:00","mainEntityOfPage":{"@id":"https:\/\/www.cannabis.es\/pw\/2020\/06\/12\/el-forum-cannabic-valencia-asesorara-a-agricultura-desde-el-plan-de-reconstruccion-de-las-cortes\/"},"wordCount":697,"publisher":{"@id":"https:\/\/www.cannabis.es\/pw\/#organization"},"image":{"@id":"https:\/\/www.cannabis.es\/pw\/2020\/06\/12\/el-forum-cannabic-valencia-asesorara-a-agricultura-desde-el-plan-de-reconstruccion-de-las-cortes\/#primaryimage"},"thumbnailUrl":"https:\/\/www.cannabis.es\/pw\/wp-content\/uploads\/2020\/06\/portada-asociacio-cannabica-valenciana.jpg","keywords":["Arnau Alcaide","c\u00e1\u00f1amo","cannabis","coronavirus","econom\u00eda","pol\u00edtica","valencia"],"articleSection":["Pol\u00edtica y Sociedad"],"inLanguage":"es"},{"@type":"WebPage","@id":"https:\/\/www.cannabis.es\/pw\/2020\/06\/12\/el-forum-cannabic-valencia-asesorara-a-agricultura-desde-el-plan-de-reconstruccion-de-las-cortes\/","url":"https:\/\/www.cannabis.es\/pw\/2020\/06\/12\/el-forum-cannabic-valencia-asesorara-a-agricultura-desde-el-plan-de-reconstruccion-de-las-cortes\/","name":"EL F\u00d2RUM CANN\u00c0BIC VALENCI\u00c0 ASESORAR\u00c1 A AGRICULTURA DESDE EL PLAN DE RECONSTRUCCI\u00d3N DE LAS CORTES","isPartOf":{"@id":"https:\/\/www.cannabis.es\/pw\/#website"},"primaryImageOfPage":{"@id":"https:\/\/www.cannabis.es\/pw\/2020\/06\/12\/el-forum-cannabic-valencia-asesorara-a-agricultura-desde-el-plan-de-reconstruccion-de-las-cortes\/#primaryimage"},"image":{"@id":"https:\/\/www.cannabis.es\/pw\/2020\/06\/12\/el-forum-cannabic-valencia-asesorara-a-agricultura-desde-el-plan-de-reconstruccion-de-las-cortes\/#primaryimage"},"thumbnailUrl":"https:\/\/www.cannabis.es\/pw\/wp-content\/uploads\/2020\/06\/portada-asociacio-cannabica-valenciana.jpg","datePublished":"2020-06-12T11:21:50+00:00","dateModified":"2020-07-13T11:02:49+00:00","description":"Entrada &#8226; Portal multimedia sobre cannabis y otras sustancias &#8226; 12 junio, 2020","breadcrumb":{"@id":"https:\/\/www.cannabis.es\/pw\/2020\/06\/12\/el-forum-cannabic-valencia-asesorara-a-agricultura-desde-el-plan-de-reconstruccion-de-las-cortes\/#breadcrumb"},"inLanguage":"es","potentialAction":[{"@type":"ReadAction","target":["https:\/\/www.cannabis.es\/pw\/2020\/06\/12\/el-forum-cannabic-valencia-asesorara-a-agricultura-desde-el-plan-de-reconstruccion-de-las-cortes\/"]}]},{"@type":"ImageObject","inLanguage":"es","@id":"https:\/\/www.cannabis.es\/pw\/2020\/06\/12\/el-forum-cannabic-valencia-asesorara-a-agricultura-desde-el-plan-de-reconstruccion-de-las-cortes\/#primaryimage","url":"https:\/\/www.cannabis.es\/pw\/wp-content\/uploads\/2020\/06\/portada-asociacio-cannabica-valenciana.jpg","contentUrl":"https:\/\/www.cannabis.es\/pw\/wp-content\/uploads\/2020\/06\/portada-asociacio-cannabica-valenciana.jpg","width":959,"height":475},{"@type":"BreadcrumbList","@id":"https:\/\/www.cannabis.es\/pw\/2020\/06\/12\/el-forum-cannabic-valencia-asesorara-a-agricultura-desde-el-plan-de-reconstruccion-de-las-cortes\/#breadcrumb","itemListElement":[{"@type":"ListItem","position":1,"name":"Portada","item":"http:\/\/www.cannabis.es\/pw\/"},{"@type":"ListItem","position":2,"name":"EL F\u00d2RUM CANN\u00c0BIC VALENCI\u00c0 ASESORAR\u00c1 A AGRICULTURA DESDE EL PLAN DE RECONSTRUCCI\u00d3N DE LAS CORTES"}]},{"@type":"WebSite","@id":"https:\/\/www.cannabis.es\/pw\/#website","url":"https:\/\/www.cannabis.es\/pw\/","name":"Cannabis","description":"Portal multimedia sobre cannabis y otras sustancias","publisher":{"@id":"https:\/\/www.cannabis.es\/pw\/#organization"},"potentialAction":[{"@type":"SearchAction","target":{"@type":"EntryPoint","urlTemplate":"https:\/\/www.cannabis.es\/pw\/?s={search_term_string}"},"query-input":{"@type":"PropertyValueSpecification","valueRequired":true,"valueName":"search_term_string"}}],"inLanguage":"es"},{"@type":"Organization","@id":"https:\/\/www.cannabis.es\/pw\/#organization","name":"Cannabis.es","url":"https:\/\/www.cannabis.es\/pw\/","logo":{"@type":"ImageObject","inLanguage":"es","@id":"https:\/\/www.cannabis.es\/pw\/#\/schema\/logo\/image\/","url":"https:\/\/www.cannabis.es\/pw\/wp-content\/uploads\/2019\/04\/cropped-logo_cannabis.png","contentUrl":"https:\/\/www.cannabis.es\/pw\/wp-content\/uploads\/2019\/04\/cropped-logo_cannabis.png","width":361,"height":120,"caption":"Cannabis.es"},"image":{"@id":"https:\/\/www.cannabis.es\/pw\/#\/schema\/logo\/image\/"},"sameAs":["https:\/\/x.com\/cannabis_es"]},{"@type":"Person","@id":"https:\/\/www.cannabis.es\/pw\/#\/schema\/person\/ec770c03f3e99d770687f537f4ba1e89","name":"Cannabis.es","image":{"@type":"ImageObject","inLanguage":"es","@id":"https:\/\/www.cannabis.es\/pw\/#\/schema\/person\/image\/","url":"https:\/\/secure.gravatar.com\/avatar\/810c93a3d6fadc3d9c2665b1d919a4aedea8ed4dd63689d001e985a804e90d83?s=96&d=mm&r=g","contentUrl":"https:\/\/secure.gravatar.com\/avatar\/810c93a3d6fadc3d9c2665b1d919a4aedea8ed4dd63689d001e985a804e90d83?s=96&d=mm&r=g","caption":"Cannabis.es"},"url":"https:\/\/www.cannabis.es\/pw\/author\/arnau\/"}]}},"_links":{"self":[{"href":"https:\/\/www.cannabis.es\/pw\/wp-json\/wp\/v2\/posts\/5577","targetHints":{"allow":["GET"]}}],"collection":[{"href":"https:\/\/www.cannabis.es\/pw\/wp-json\/wp\/v2\/posts"}],"about":[{"href":"https:\/\/www.cannabis.es\/pw\/wp-json\/wp\/v2\/types\/post"}],"author":[{"embeddable":true,"href":"https:\/\/www.cannabis.es\/pw\/wp-json\/wp\/v2\/users\/3"}],"replies":[{"embeddable":true,"href":"https:\/\/www.cannabis.es\/pw\/wp-json\/wp\/v2\/comments?post=5577"}],"version-history":[{"count":5,"href":"https:\/\/www.cannabis.es\/pw\/wp-json\/wp\/v2\/posts\/5577\/revisions"}],"predecessor-version":[{"id":5789,"href":"https:\/\/www.cannabis.es\/pw\/wp-json\/wp\/v2\/posts\/5577\/revisions\/5789"}],"wp:featuredmedia":[{"embeddable":true,"href":"https:\/\/www.cannabis.es\/pw\/wp-json\/wp\/v2\/media\/5580"}],"wp:attachment":[{"href":"https:\/\/www.cannabis.es\/pw\/wp-json\/wp\/v2\/media?parent=5577"}],"wp:term":[{"taxonomy":"category","embeddable":true,"href":"https:\/\/www.cannabis.es\/pw\/wp-json\/wp\/v2\/categories?post=5577"},{"taxonomy":"post_tag","embeddable":true,"href":"https:\/\/www.cannabis.es\/pw\/wp-json\/wp\/v2\/tags?post=5577"}],"curies":[{"name":"wp","href":"https:\/\/api.w.org\/{rel}","templated":true}]}}