{"id":5609,"date":"2020-06-16T13:37:51","date_gmt":"2020-06-16T11:37:51","guid":{"rendered":"https:\/\/www.cannabis.es\/pw\/?p=5609"},"modified":"2020-07-07T11:19:24","modified_gmt":"2020-07-07T09:19:24","slug":"latino-science-celebra-conferencia-sobre-perspectivas-de-la-industria-del-cannabis-en-relacion-con-el-covid-19","status":"publish","type":"post","link":"https:\/\/www.cannabis.es\/pw\/2020\/06\/16\/latino-science-celebra-conferencia-sobre-perspectivas-de-la-industria-del-cannabis-en-relacion-con-el-covid-19\/","title":{"rendered":"Latino Science plantea las perspectivas de la industria del Cannabis tras el COVID 19"},"content":{"rendered":"\n<p>Benito D\u00edaz<\/p>\n\n\n\n<p>El pasado 7 de junio, se celebr\u00f3 desde Colombia v\u00eda telem\u00e1tica una serie de conferencias bajo el lema \u201cPerspectivas sobre la industria del Cannabis en tiempos del COVID 19\u201d. En ellas se desarrollaron temas tales como la <strong>seguridad en la producci\u00f3n industrial de Cannabis Terap\u00e9utico<\/strong>, la aplicaci\u00f3n del<strong> Cannabis Terap\u00e9utico en el COVID 19 <\/strong>o las <strong>investigaciones bot\u00e1nicas<\/strong> que se llevan a cabo en estos cultivos.<\/p>\n\n\n\n<p>Los ponentes, reunidos por el foro Latino Science, inclu\u00edan a reconocidos expertos en el campo de la medicina, como el doctor Juan Carlos Restrepo, los bi\u00f3logos bot\u00e1nicos Sebasti\u00e1n Mora y Natalya Vargas-Barandia, el emprendedor norteamericano Michael Maibach o el experto en seguridad Mayor F\u00e9lix Ram\u00f3n Clavijo Ortega. El evento fue presentado por la directora general de Muisca Capital Group, Carol Ortega.<\/p>\n\n\n\n<p>Tras una conexi\u00f3n accidentada y con unos minutos de retraso, la reuni\u00f3n dio comienzo con una introducci\u00f3n de Carol Ortega, en la que aseguraba que<span class=\"has-inline-color has-luminous-vivid-orange-color\"> <em>\u201cel mercado del Cannabis se ha mostrado muy atractivo para los inversores durante la crisis del COVID 19\u201d<\/em><\/span><em>.<\/em> A\u00f1adi\u00f3 que <em><span class=\"has-inline-color has-luminous-vivid-orange-color\">\u201clos productos psicoactivos son bienvenidos cuando pasamos por momentos dif\u00edciles, en casos de ansiedad, depresi\u00f3n y otras patolog\u00edas. Adem\u00e1s, a la vista de las investigaciones realizadas en pa\u00edses como Canad\u00e1, el Cannabis podr\u00eda resultar un gran coadyuvante en el tratamiento del COVID 19\u201d<\/span>.<\/em><\/p>\n\n\n\n<p><strong>Seguridad<\/strong><\/p>\n\n\n\n<p>Tras una pausa publicitaria de una p\u00e1gina de maquinaria industrial para tratamiento y extracciones de Cannabis, el polic\u00eda F\u00e9lix Ram\u00f3n Clavijo explic\u00f3 las necesidades de protecci\u00f3n de una industria naciente en Colombia. Describi\u00f3 con todo detalle las gestiones de riesgo y los estrictos mecanismos de control que se llevan a cabo, desde la trazabilidad de las semillas o el cumplimiento de las normativas y protocolos gubernamentales. <em><span class=\"has-inline-color has-luminous-vivid-orange-color\">\u201cLas empresas de cannabis est\u00e1n desarrollando normativas de buenas pr\u00e1cticas agr\u00edcolas y de manufactura en el laboratorio. Debo resaltar la importancia sobre la seguridad en la creaci\u00f3n y estandarizaci\u00f3n de estos sistemas de gesti\u00f3n\u201d<\/span><\/em>, asegur\u00f3 el Mayor.<\/p>\n\n\n\n<p>La capacitaci\u00f3n y entrenamiento de los trabajadores frente a la epidemia mundial ocup\u00f3 la parte final de la exposici\u00f3n de F\u00e9lix Clavijo. Se\u00f1al\u00f3 el aprendizaje de buenos h\u00e1bitos en el trabajo, la casa y la salud mental como fundamentales.<\/p>\n\n\n\n<p><strong>Emprendimiento<\/strong><\/p>\n\n\n\n<p>En esta parte, descubrimos que Michel Maibach no es otro que el representante y fundador de Lab Society, la empresa de equipamiento industrial que aparece en los anuncios que sirven entre conferencia y conferencia. El joven qu\u00edmico ambiental, desarroll\u00f3 la maquinaria a partir de sus conocimientos y ha logrado situarse como una referencia en el ramo. <em><span class=\"has-inline-color has-luminous-vivid-orange-color\">\u201cLa epidemia del COVID 19 ha golpeado nuestra industria. Las empresas peque\u00f1as se han visto m\u00e1s afectadas que las que tienen m\u00e1s invesi\u00f3n de capital. Pero se ha seguido produciendo consumibles de Cannabis, procurando surtir al mercado. Se han utilizado protocolos y se han llevado a cabo m\u00e1s gastos en productos de limpieza, mascarillas, guantes\u201d<\/span><\/em>, asegur\u00f3.<\/p>\n\n\n\n<p>Mientras hablaba, en el chat de la conferencia se produc\u00eda una peque\u00f1a revoluci\u00f3n, con los comentarios de varios usuarios que denunciaban manipulaciones por parte <a href=\"https:\/\/www.cannabis.es\/web\/features\/actuaidad\/639-examinamos-el-decreto-colombiano-que-legaliza-el-mercado-del-cannabis-medicinal\">del gobierno y l<\/a><a href=\"https:\/\/www.cannabis.es\/pw\/2017\/04\/17\/examinamos-el-decreto-colombiano-que-legaliza-el-mercado-del-cannabis-medicinal\/\">a<\/a><a href=\"https:\/\/www.cannabis.es\/web\/features\/actuaidad\/639-examinamos-el-decreto-colombiano-que-legaliza-el-mercado-del-cannabis-medicinal\">s empresas.<\/a> Reclamaban m\u00e1s justicia y transparencia, pues se est\u00e1 enga\u00f1ando al p\u00fablico y manipulando el mercado, seg\u00fan estas denuncias an\u00f3nimas. Estas protestas fueron silenciadas.<\/p>\n\n\n\n<p><strong>Investigaci\u00f3n biol\u00f3gica<\/strong><\/p>\n\n\n\n<p>En su turno, Sebasti\u00e1n Mora y Natalya Vargas Barandia, el equipo de investigaci\u00f3n, expusieron sus progresos en el desarrollo de terapias cann\u00e1bicas para el tratamiento del c\u00e1ncer de mama. Avanzaron que la investigaci\u00f3n vers\u00f3 sobre la capacidad antitumoral de los extractos de THC-CBD, llevados a cabo en los laboratorios de la Universidad de Lasalle durante 2019 e interrumpidos por causa de la pandemia. No obstante, este tiempo de par\u00e1lisis ha servido para establecer una estandarizaci\u00f3n de pruebas y metodolog\u00eda.<\/p>\n\n\n\n<p>La utilizaci\u00f3n de modelos computacionales, in-silico para avezados, ha servido para proseguir la investigaci\u00f3n durante la cuarentena y averiguar el comportamiento de las mol\u00e9culas de cultivo.<span class=\"has-inline-color has-luminous-vivid-orange-color\"> <em><a href=\"https:\/\/www.cannabis.es\/pw\/2016\/01\/26\/colombia-regula-contra-todo-pronostico\/\">\u201cLa legalizaci\u00f3n en Colombia<\/a> presenta nuevas oportunidades para la investigaci\u00f3n y el an\u00e1lisis\u201d<\/em><\/span>, se\u00f1al\u00f3 Sebasti\u00e1n Mora. Destac\u00f3 los beneficios medioambientales del cultivo de Cannabis, por sus propiedades <a href=\"https:\/\/www.cannabis.es\/pw\/2019\/04\/08\/cannabis-contra-el-calentamiento-global-una-entrevista-a-miguel-gimeno\/\">para reducir el efecto invernadero<\/a> y la ocasi\u00f3n de implantar sistemas productivos sostenibles. Los estudios sobre el ciclo de vida de la planta y las condiciones agr\u00edcolas del cultivo, as\u00ed como los rigurosos controles a llevar para su consumo humano, ocuparon la parte final de la conferencia de los bi\u00f3logos.<\/p>\n\n\n\n<p><strong>Medicina<\/strong><\/p>\n\n\n\n<p>En la \u00faltima parte, el doctor Juan Carlos Restrepo, investigador m\u00e9dico y cient\u00edfico, dio varias pautas que relacionaban el cannabis y el COVID 19. <span class=\"has-inline-color has-luminous-vivid-orange-color\"><em>\u201cDespu\u00e9s de ser satanizado, el cannabis ha recuperado parte de su prestigio como medicina. Y es que en plantas medicinales no existe mucha investigaci\u00f3n cl\u00ednica. Es muy escaso, no hay casi ensayos cl\u00ednicos\u201d <\/em>sostuvo el doctor. <em>\u201cLa mayor\u00eda de los f\u00e1rmacos que se comercializan son full spectrum, aprovechando muchas de las sustancias presentes en el cannabis, bajo el conocido como &#8216;Efecto S\u00e9quito&#8217;. El problema de esa t\u00e9cnica es que nos quedamos sin saber qu\u00e9 principio activo es el que funciona sobre el receptor X, Y o Z\u201d<\/em><\/span>, dijo Restrepo.<\/p>\n\n\n\n<p>Una <a href=\"https:\/\/www.cannabis.es\/pw\/2020\/05\/26\/desmontando-bulos-el-cannabis-no-cura-el-covid-19\/\">descripci\u00f3n general de c\u00f3mo act\u00faa el COVID 19<\/a>, dio lugar a la argumentaci\u00f3n en favor de los cannabinoides, como factores coadyuvantes en el proceso inflamatorio. <em><span class=\"has-inline-color has-luminous-vivid-orange-color\">\u201cExisten tratamientos para el COVID 19. Pero no se conoce su efectividad, no son seguros y muchos tienen efectos secundarios adversos\u201d<\/span><\/em> admiti\u00f3 el m\u00e9dico. Se refiri\u00f3 a los estudios canadienses, explicando la necesidad de m\u00e1s inversi\u00f3n en investigaci\u00f3n.<\/p>\n\n\n\n<p>El doctor Restrepo resolvi\u00f3 tambi\u00e9n las posibles dudas al respecto de las propiedades del cannabis, consumido de forma recreativa frente a la enfermedad. <em><span class=\"has-inline-color has-luminous-vivid-orange-color\">\u201c\u00bfSi se fuma recreativamente, hace efecto de protecci\u00f3n? La combusti\u00f3n destruye muchos de los principios activos de la planta. As\u00ed no funcionar\u00eda. Adem\u00e1s, fumar e inhalar humo causa inflamaci\u00f3n en los pulmones, lo que ser\u00eda contraproducente e incluir\u00eda al paciente en factor de riesgo. El tratamiento con Cannabis es interesante, pero no una panacea\u201d<\/span>.<\/em><\/p>\n\n\n\n<p><strong>Organizaci\u00f3n<\/strong><\/p>\n\n\n\n<p>El Latino Science Forum, antes Cannaciencia, se describe a s\u00ed mismo como<em> <span class=\"has-inline-color has-luminous-vivid-orange-color\">\u201csimposio cient\u00edfico cann\u00e1bico de las Am\u00e9ricas una experiencia que re\u00fane a los m\u00e1s renombrados cient\u00edficos, acad\u00e9micos, doctores, enfermeras, farmac\u00e9uticos, expertos de la industria, legisladores, emprendedores y tecnolog\u00eda de punta\u201d<\/span>. <\/em>La organizaci\u00f3n, financiada por un grupo de capital privado entre el que se encuentra el medio C\u00e1\u00f1amo, est\u00e1 dedicada a la investigaci\u00f3n cient\u00edfica y celebrar\u00e1 un simposio internacional el pr\u00f3ximo 14 de julio. Pueden encontrar m\u00e1s informaci\u00f3n <a href=\"http:\/\/www.latinoscienceforum.com\/es\/\">en su p\u00e1gina web.<\/a><\/p>\n","protected":false},"excerpt":{"rendered":"<span class=\"span-reading-time rt-reading-time\" style=\"display: block;\"><span class=\"rt-label rt-prefix\">Tiempo de lectura:<\/span> <span class=\"rt-time\"> 4<\/span> <span class=\"rt-label rt-postfix\">minutos<\/span><\/span>Latino Science plantea las perspectivas de la industria del Cannabis tras el COVID 19.","protected":false},"author":3,"featured_media":5610,"comment_status":"closed","ping_status":"closed","sticky":false,"template":"","format":"standard","meta":{"loftocean-featured-post":"","loftocean_post_format_gallery":"","loftocean_post_format_gallery_ids":"","loftocean_post_format_gallery_urls":"","loftocean_post_format_video_id":"","loftocean_post_format_video_url":"","loftocean_post_format_video_type":"","loftocean_post_format_video":"","loftocean_post_format_audio_type":"","loftocean_post_format_audio_url":"","loftocean_post_format_audio_id":"","loftocean_post_format_audio":"","loftocean_post_format_quote_text":"","loftocean_post_format_quote_byline":"","loftocean_post_format_link_text":"","loftocean_post_format_link_url":"","ceramag_post_header_style":"","ceramag_enable_background_video":"","ceramag_show_in_top_slider":"","ceramag_post_background_video_start":"","ceramag_post_background_video_end":"","loftocean_page_background_video_id":"","loftocean_page_background_video_url":"","loftocean_page_background_video_type":"","loftocean_page_background_video":"","ceramag_background_video_start":"","ceramag_background_video_end":"","ceramag_single_page_hide_header":"","footnotes":""},"categories":[36],"tags":[43,41,52,654,650],"class_list":["post-5609","post","type-post","status-publish","format-standard","has-post-thumbnail","hentry","category-medicinal","tag-benito-diaz","tag-cannabis","tag-cannabis-medicinal","tag-coronavirus","tag-latinoamerica"],"yoast_head":"<!-- This site is optimized with the Yoast SEO plugin v24.9 - https:\/\/yoast.com\/wordpress\/plugins\/seo\/ -->\n<title>Latino Science plantea las perspectivas de la industria del Cannabis tras el COVID 19<\/title>\n<meta name=\"description\" content=\"Entrada &#8226; Portal multimedia sobre cannabis y otras sustancias &#8226; 16 junio, 2020\" \/>\n<meta name=\"robots\" content=\"index, follow, max-snippet:-1, max-image-preview:large, max-video-preview:-1\" \/>\n<link rel=\"canonical\" href=\"https:\/\/www.cannabis.es\/pw\/2020\/06\/16\/latino-science-celebra-conferencia-sobre-perspectivas-de-la-industria-del-cannabis-en-relacion-con-el-covid-19\/\" \/>\n<meta name=\"twitter:card\" content=\"summary_large_image\" \/>\n<meta name=\"twitter:title\" content=\"Latino Science plantea las perspectivas de la industria del Cannabis tras el COVID 19\" \/>\n<meta name=\"twitter:description\" content=\"Entrada &#8226; Portal multimedia sobre cannabis y otras sustancias &#8226; 16 junio, 2020\" \/>\n<meta name=\"twitter:image\" content=\"https:\/\/www.cannabis.es\/pw\/wp-content\/uploads\/2020\/06\/latino-science-webminar.jpg\" \/>\n<meta name=\"twitter:creator\" content=\"@cannabis_es\" \/>\n<meta name=\"twitter:site\" content=\"@cannabis_es\" \/>\n<meta name=\"twitter:label1\" content=\"Escrito por\" \/>\n\t<meta name=\"twitter:data1\" content=\"Cannabis.es\" \/>\n\t<meta name=\"twitter:label2\" content=\"Tiempo de lectura\" \/>\n\t<meta name=\"twitter:data2\" content=\"6 minutos\" \/>\n<script type=\"application\/ld+json\" class=\"yoast-schema-graph\">{\"@context\":\"https:\/\/schema.org\",\"@graph\":[{\"@type\":\"Article\",\"@id\":\"https:\/\/www.cannabis.es\/pw\/2020\/06\/16\/latino-science-celebra-conferencia-sobre-perspectivas-de-la-industria-del-cannabis-en-relacion-con-el-covid-19\/#article\",\"isPartOf\":{\"@id\":\"https:\/\/www.cannabis.es\/pw\/2020\/06\/16\/latino-science-celebra-conferencia-sobre-perspectivas-de-la-industria-del-cannabis-en-relacion-con-el-covid-19\/\"},\"author\":{\"name\":\"Cannabis.es\",\"@id\":\"https:\/\/www.cannabis.es\/pw\/#\/schema\/person\/ec770c03f3e99d770687f537f4ba1e89\"},\"headline\":\"Latino Science plantea las perspectivas de la industria del Cannabis tras el COVID 19\",\"datePublished\":\"2020-06-16T11:37:51+00:00\",\"dateModified\":\"2020-07-07T09:19:24+00:00\",\"mainEntityOfPage\":{\"@id\":\"https:\/\/www.cannabis.es\/pw\/2020\/06\/16\/latino-science-celebra-conferencia-sobre-perspectivas-de-la-industria-del-cannabis-en-relacion-con-el-covid-19\/\"},\"wordCount\":1170,\"publisher\":{\"@id\":\"https:\/\/www.cannabis.es\/pw\/#organization\"},\"image\":{\"@id\":\"https:\/\/www.cannabis.es\/pw\/2020\/06\/16\/latino-science-celebra-conferencia-sobre-perspectivas-de-la-industria-del-cannabis-en-relacion-con-el-covid-19\/#primaryimage\"},\"thumbnailUrl\":\"https:\/\/www.cannabis.es\/pw\/wp-content\/uploads\/2020\/06\/latino-science-webminar.jpg\",\"keywords\":[\"Benito D\u00edaz\",\"cannabis\",\"cannabis medicinal\",\"coronavirus\",\"latinoam\u00e9rica\"],\"articleSection\":[\"Medicinal\"],\"inLanguage\":\"es\"},{\"@type\":\"WebPage\",\"@id\":\"https:\/\/www.cannabis.es\/pw\/2020\/06\/16\/latino-science-celebra-conferencia-sobre-perspectivas-de-la-industria-del-cannabis-en-relacion-con-el-covid-19\/\",\"url\":\"https:\/\/www.cannabis.es\/pw\/2020\/06\/16\/latino-science-celebra-conferencia-sobre-perspectivas-de-la-industria-del-cannabis-en-relacion-con-el-covid-19\/\",\"name\":\"Latino Science plantea las perspectivas de la industria del Cannabis tras el COVID 19\",\"isPartOf\":{\"@id\":\"https:\/\/www.cannabis.es\/pw\/#website\"},\"primaryImageOfPage\":{\"@id\":\"https:\/\/www.cannabis.es\/pw\/2020\/06\/16\/latino-science-celebra-conferencia-sobre-perspectivas-de-la-industria-del-cannabis-en-relacion-con-el-covid-19\/#primaryimage\"},\"image\":{\"@id\":\"https:\/\/www.cannabis.es\/pw\/2020\/06\/16\/latino-science-celebra-conferencia-sobre-perspectivas-de-la-industria-del-cannabis-en-relacion-con-el-covid-19\/#primaryimage\"},\"thumbnailUrl\":\"https:\/\/www.cannabis.es\/pw\/wp-content\/uploads\/2020\/06\/latino-science-webminar.jpg\",\"datePublished\":\"2020-06-16T11:37:51+00:00\",\"dateModified\":\"2020-07-07T09:19:24+00:00\",\"description\":\"Entrada &#8226; Portal multimedia sobre cannabis y otras sustancias &#8226; 16 junio, 2020\",\"breadcrumb\":{\"@id\":\"https:\/\/www.cannabis.es\/pw\/2020\/06\/16\/latino-science-celebra-conferencia-sobre-perspectivas-de-la-industria-del-cannabis-en-relacion-con-el-covid-19\/#breadcrumb\"},\"inLanguage\":\"es\",\"potentialAction\":[{\"@type\":\"ReadAction\",\"target\":[\"https:\/\/www.cannabis.es\/pw\/2020\/06\/16\/latino-science-celebra-conferencia-sobre-perspectivas-de-la-industria-del-cannabis-en-relacion-con-el-covid-19\/\"]}]},{\"@type\":\"ImageObject\",\"inLanguage\":\"es\",\"@id\":\"https:\/\/www.cannabis.es\/pw\/2020\/06\/16\/latino-science-celebra-conferencia-sobre-perspectivas-de-la-industria-del-cannabis-en-relacion-con-el-covid-19\/#primaryimage\",\"url\":\"https:\/\/www.cannabis.es\/pw\/wp-content\/uploads\/2020\/06\/latino-science-webminar.jpg\",\"contentUrl\":\"https:\/\/www.cannabis.es\/pw\/wp-content\/uploads\/2020\/06\/latino-science-webminar.jpg\",\"width\":959,\"height\":475},{\"@type\":\"BreadcrumbList\",\"@id\":\"https:\/\/www.cannabis.es\/pw\/2020\/06\/16\/latino-science-celebra-conferencia-sobre-perspectivas-de-la-industria-del-cannabis-en-relacion-con-el-covid-19\/#breadcrumb\",\"itemListElement\":[{\"@type\":\"ListItem\",\"position\":1,\"name\":\"Portada\",\"item\":\"http:\/\/www.cannabis.es\/pw\/\"},{\"@type\":\"ListItem\",\"position\":2,\"name\":\"Latino Science plantea las perspectivas de la industria del Cannabis tras el COVID 19\"}]},{\"@type\":\"WebSite\",\"@id\":\"https:\/\/www.cannabis.es\/pw\/#website\",\"url\":\"https:\/\/www.cannabis.es\/pw\/\",\"name\":\"Cannabis\",\"description\":\"Portal multimedia sobre cannabis y otras sustancias\",\"publisher\":{\"@id\":\"https:\/\/www.cannabis.es\/pw\/#organization\"},\"potentialAction\":[{\"@type\":\"SearchAction\",\"target\":{\"@type\":\"EntryPoint\",\"urlTemplate\":\"https:\/\/www.cannabis.es\/pw\/?s={search_term_string}\"},\"query-input\":{\"@type\":\"PropertyValueSpecification\",\"valueRequired\":true,\"valueName\":\"search_term_string\"}}],\"inLanguage\":\"es\"},{\"@type\":\"Organization\",\"@id\":\"https:\/\/www.cannabis.es\/pw\/#organization\",\"name\":\"Cannabis.es\",\"url\":\"https:\/\/www.cannabis.es\/pw\/\",\"logo\":{\"@type\":\"ImageObject\",\"inLanguage\":\"es\",\"@id\":\"https:\/\/www.cannabis.es\/pw\/#\/schema\/logo\/image\/\",\"url\":\"https:\/\/www.cannabis.es\/pw\/wp-content\/uploads\/2019\/04\/cropped-logo_cannabis.png\",\"contentUrl\":\"https:\/\/www.cannabis.es\/pw\/wp-content\/uploads\/2019\/04\/cropped-logo_cannabis.png\",\"width\":361,\"height\":120,\"caption\":\"Cannabis.es\"},\"image\":{\"@id\":\"https:\/\/www.cannabis.es\/pw\/#\/schema\/logo\/image\/\"},\"sameAs\":[\"https:\/\/x.com\/cannabis_es\"]},{\"@type\":\"Person\",\"@id\":\"https:\/\/www.cannabis.es\/pw\/#\/schema\/person\/ec770c03f3e99d770687f537f4ba1e89\",\"name\":\"Cannabis.es\",\"image\":{\"@type\":\"ImageObject\",\"inLanguage\":\"es\",\"@id\":\"https:\/\/www.cannabis.es\/pw\/#\/schema\/person\/image\/\",\"url\":\"https:\/\/secure.gravatar.com\/avatar\/810c93a3d6fadc3d9c2665b1d919a4aedea8ed4dd63689d001e985a804e90d83?s=96&d=mm&r=g\",\"contentUrl\":\"https:\/\/secure.gravatar.com\/avatar\/810c93a3d6fadc3d9c2665b1d919a4aedea8ed4dd63689d001e985a804e90d83?s=96&d=mm&r=g\",\"caption\":\"Cannabis.es\"},\"url\":\"https:\/\/www.cannabis.es\/pw\/author\/arnau\/\"}]}<\/script>\n<!-- \/ Yoast SEO plugin. -->","yoast_head_json":{"title":"Latino Science plantea las perspectivas de la industria del Cannabis tras el COVID 19","description":"Entrada &#8226; Portal multimedia sobre cannabis y otras sustancias &#8226; 16 junio, 2020","robots":{"index":"index","follow":"follow","max-snippet":"max-snippet:-1","max-image-preview":"max-image-preview:large","max-video-preview":"max-video-preview:-1"},"canonical":"https:\/\/www.cannabis.es\/pw\/2020\/06\/16\/latino-science-celebra-conferencia-sobre-perspectivas-de-la-industria-del-cannabis-en-relacion-con-el-covid-19\/","twitter_card":"summary_large_image","twitter_title":"Latino Science plantea las perspectivas de la industria del Cannabis tras el COVID 19","twitter_description":"Entrada &#8226; Portal multimedia sobre cannabis y otras sustancias &#8226; 16 junio, 2020","twitter_image":"https:\/\/www.cannabis.es\/pw\/wp-content\/uploads\/2020\/06\/latino-science-webminar.jpg","twitter_creator":"@cannabis_es","twitter_site":"@cannabis_es","twitter_misc":{"Escrito por":"Cannabis.es","Tiempo de lectura":"6 minutos"},"schema":{"@context":"https:\/\/schema.org","@graph":[{"@type":"Article","@id":"https:\/\/www.cannabis.es\/pw\/2020\/06\/16\/latino-science-celebra-conferencia-sobre-perspectivas-de-la-industria-del-cannabis-en-relacion-con-el-covid-19\/#article","isPartOf":{"@id":"https:\/\/www.cannabis.es\/pw\/2020\/06\/16\/latino-science-celebra-conferencia-sobre-perspectivas-de-la-industria-del-cannabis-en-relacion-con-el-covid-19\/"},"author":{"name":"Cannabis.es","@id":"https:\/\/www.cannabis.es\/pw\/#\/schema\/person\/ec770c03f3e99d770687f537f4ba1e89"},"headline":"Latino Science plantea las perspectivas de la industria del Cannabis tras el COVID 19","datePublished":"2020-06-16T11:37:51+00:00","dateModified":"2020-07-07T09:19:24+00:00","mainEntityOfPage":{"@id":"https:\/\/www.cannabis.es\/pw\/2020\/06\/16\/latino-science-celebra-conferencia-sobre-perspectivas-de-la-industria-del-cannabis-en-relacion-con-el-covid-19\/"},"wordCount":1170,"publisher":{"@id":"https:\/\/www.cannabis.es\/pw\/#organization"},"image":{"@id":"https:\/\/www.cannabis.es\/pw\/2020\/06\/16\/latino-science-celebra-conferencia-sobre-perspectivas-de-la-industria-del-cannabis-en-relacion-con-el-covid-19\/#primaryimage"},"thumbnailUrl":"https:\/\/www.cannabis.es\/pw\/wp-content\/uploads\/2020\/06\/latino-science-webminar.jpg","keywords":["Benito D\u00edaz","cannabis","cannabis medicinal","coronavirus","latinoam\u00e9rica"],"articleSection":["Medicinal"],"inLanguage":"es"},{"@type":"WebPage","@id":"https:\/\/www.cannabis.es\/pw\/2020\/06\/16\/latino-science-celebra-conferencia-sobre-perspectivas-de-la-industria-del-cannabis-en-relacion-con-el-covid-19\/","url":"https:\/\/www.cannabis.es\/pw\/2020\/06\/16\/latino-science-celebra-conferencia-sobre-perspectivas-de-la-industria-del-cannabis-en-relacion-con-el-covid-19\/","name":"Latino Science plantea las perspectivas de la industria del Cannabis tras el COVID 19","isPartOf":{"@id":"https:\/\/www.cannabis.es\/pw\/#website"},"primaryImageOfPage":{"@id":"https:\/\/www.cannabis.es\/pw\/2020\/06\/16\/latino-science-celebra-conferencia-sobre-perspectivas-de-la-industria-del-cannabis-en-relacion-con-el-covid-19\/#primaryimage"},"image":{"@id":"https:\/\/www.cannabis.es\/pw\/2020\/06\/16\/latino-science-celebra-conferencia-sobre-perspectivas-de-la-industria-del-cannabis-en-relacion-con-el-covid-19\/#primaryimage"},"thumbnailUrl":"https:\/\/www.cannabis.es\/pw\/wp-content\/uploads\/2020\/06\/latino-science-webminar.jpg","datePublished":"2020-06-16T11:37:51+00:00","dateModified":"2020-07-07T09:19:24+00:00","description":"Entrada &#8226; Portal multimedia sobre cannabis y otras sustancias &#8226; 16 junio, 2020","breadcrumb":{"@id":"https:\/\/www.cannabis.es\/pw\/2020\/06\/16\/latino-science-celebra-conferencia-sobre-perspectivas-de-la-industria-del-cannabis-en-relacion-con-el-covid-19\/#breadcrumb"},"inLanguage":"es","potentialAction":[{"@type":"ReadAction","target":["https:\/\/www.cannabis.es\/pw\/2020\/06\/16\/latino-science-celebra-conferencia-sobre-perspectivas-de-la-industria-del-cannabis-en-relacion-con-el-covid-19\/"]}]},{"@type":"ImageObject","inLanguage":"es","@id":"https:\/\/www.cannabis.es\/pw\/2020\/06\/16\/latino-science-celebra-conferencia-sobre-perspectivas-de-la-industria-del-cannabis-en-relacion-con-el-covid-19\/#primaryimage","url":"https:\/\/www.cannabis.es\/pw\/wp-content\/uploads\/2020\/06\/latino-science-webminar.jpg","contentUrl":"https:\/\/www.cannabis.es\/pw\/wp-content\/uploads\/2020\/06\/latino-science-webminar.jpg","width":959,"height":475},{"@type":"BreadcrumbList","@id":"https:\/\/www.cannabis.es\/pw\/2020\/06\/16\/latino-science-celebra-conferencia-sobre-perspectivas-de-la-industria-del-cannabis-en-relacion-con-el-covid-19\/#breadcrumb","itemListElement":[{"@type":"ListItem","position":1,"name":"Portada","item":"http:\/\/www.cannabis.es\/pw\/"},{"@type":"ListItem","position":2,"name":"Latino Science plantea las perspectivas de la industria del Cannabis tras el COVID 19"}]},{"@type":"WebSite","@id":"https:\/\/www.cannabis.es\/pw\/#website","url":"https:\/\/www.cannabis.es\/pw\/","name":"Cannabis","description":"Portal multimedia sobre cannabis y otras sustancias","publisher":{"@id":"https:\/\/www.cannabis.es\/pw\/#organization"},"potentialAction":[{"@type":"SearchAction","target":{"@type":"EntryPoint","urlTemplate":"https:\/\/www.cannabis.es\/pw\/?s={search_term_string}"},"query-input":{"@type":"PropertyValueSpecification","valueRequired":true,"valueName":"search_term_string"}}],"inLanguage":"es"},{"@type":"Organization","@id":"https:\/\/www.cannabis.es\/pw\/#organization","name":"Cannabis.es","url":"https:\/\/www.cannabis.es\/pw\/","logo":{"@type":"ImageObject","inLanguage":"es","@id":"https:\/\/www.cannabis.es\/pw\/#\/schema\/logo\/image\/","url":"https:\/\/www.cannabis.es\/pw\/wp-content\/uploads\/2019\/04\/cropped-logo_cannabis.png","contentUrl":"https:\/\/www.cannabis.es\/pw\/wp-content\/uploads\/2019\/04\/cropped-logo_cannabis.png","width":361,"height":120,"caption":"Cannabis.es"},"image":{"@id":"https:\/\/www.cannabis.es\/pw\/#\/schema\/logo\/image\/"},"sameAs":["https:\/\/x.com\/cannabis_es"]},{"@type":"Person","@id":"https:\/\/www.cannabis.es\/pw\/#\/schema\/person\/ec770c03f3e99d770687f537f4ba1e89","name":"Cannabis.es","image":{"@type":"ImageObject","inLanguage":"es","@id":"https:\/\/www.cannabis.es\/pw\/#\/schema\/person\/image\/","url":"https:\/\/secure.gravatar.com\/avatar\/810c93a3d6fadc3d9c2665b1d919a4aedea8ed4dd63689d001e985a804e90d83?s=96&d=mm&r=g","contentUrl":"https:\/\/secure.gravatar.com\/avatar\/810c93a3d6fadc3d9c2665b1d919a4aedea8ed4dd63689d001e985a804e90d83?s=96&d=mm&r=g","caption":"Cannabis.es"},"url":"https:\/\/www.cannabis.es\/pw\/author\/arnau\/"}]}},"_links":{"self":[{"href":"https:\/\/www.cannabis.es\/pw\/wp-json\/wp\/v2\/posts\/5609","targetHints":{"allow":["GET"]}}],"collection":[{"href":"https:\/\/www.cannabis.es\/pw\/wp-json\/wp\/v2\/posts"}],"about":[{"href":"https:\/\/www.cannabis.es\/pw\/wp-json\/wp\/v2\/types\/post"}],"author":[{"embeddable":true,"href":"https:\/\/www.cannabis.es\/pw\/wp-json\/wp\/v2\/users\/3"}],"replies":[{"embeddable":true,"href":"https:\/\/www.cannabis.es\/pw\/wp-json\/wp\/v2\/comments?post=5609"}],"version-history":[{"count":4,"href":"https:\/\/www.cannabis.es\/pw\/wp-json\/wp\/v2\/posts\/5609\/revisions"}],"predecessor-version":[{"id":5757,"href":"https:\/\/www.cannabis.es\/pw\/wp-json\/wp\/v2\/posts\/5609\/revisions\/5757"}],"wp:featuredmedia":[{"embeddable":true,"href":"https:\/\/www.cannabis.es\/pw\/wp-json\/wp\/v2\/media\/5610"}],"wp:attachment":[{"href":"https:\/\/www.cannabis.es\/pw\/wp-json\/wp\/v2\/media?parent=5609"}],"wp:term":[{"taxonomy":"category","embeddable":true,"href":"https:\/\/www.cannabis.es\/pw\/wp-json\/wp\/v2\/categories?post=5609"},{"taxonomy":"post_tag","embeddable":true,"href":"https:\/\/www.cannabis.es\/pw\/wp-json\/wp\/v2\/tags?post=5609"}],"curies":[{"name":"wp","href":"https:\/\/api.w.org\/{rel}","templated":true}]}}