{"id":5676,"date":"2020-06-22T13:27:26","date_gmt":"2020-06-22T11:27:26","guid":{"rendered":"https:\/\/www.cannabis.es\/pw\/?p=5676"},"modified":"2020-06-22T13:27:26","modified_gmt":"2020-06-22T11:27:26","slug":"el-estudio-de-la-legalizacion-en-uruguay-niega-el-aumento-del-consumo-en-adolescentes","status":"publish","type":"post","link":"https:\/\/www.cannabis.es\/pw\/2020\/06\/22\/el-estudio-de-la-legalizacion-en-uruguay-niega-el-aumento-del-consumo-en-adolescentes\/","title":{"rendered":"El estudio de la legalizaci\u00f3n en Uruguay niega el aumento del consumo en adolescentes"},"content":{"rendered":"\n<p>Benito D\u00edaz<\/p>\n\n\n\n<p>Un estudio revela en sus conclusiones que la legalizaci\u00f3n del cannabis en Uruguay no supuso un aumento en su consumo por los adolescentes. El informe, publicado en el Diario Internacional de Pol\u00edticas de Drogas, que presenta el resultado de las investigaciones de cient\u00edficas del Observatorio sobre Drogas de Uruguay, en conjunto con la Universidad de Nueva York y el Centro de Investigaci\u00f3n de Salud p\u00fablica de Chile.<\/p>\n\n\n\n<p>Uruguay regulariz\u00f3 <a href=\"https:\/\/www.cannabis.es\/pw\/2017\/01\/09\/cien-anos-de-politica-de-drogas-en-uruguay\/\">el Cannabis recreativo<\/a> en 2013, convirti\u00e9ndose en la primera naci\u00f3n del mundo en hacerlo. Para ello, se crearon nuevas instituciones p\u00fablicas y un modelo regulatorio estatal no-comercial de producci\u00f3n y suministro. En la actualidad, tan solo este pa\u00eds <a href=\"https:\/\/www.cannabis.es\/pw\/2018\/10\/01\/canada-legaliza-el-uso-recreativo-de-la-marihuana\/\">y Canad\u00e1 han<\/a> llevado a cabo legislaciones para permitir tanto su uso terap\u00e9utico como l\u00fadico.<\/p>\n\n\n\n<p><strong>Metodolog\u00eda<\/strong><\/p>\n\n\n\n<p>Los<strong> sondeos<\/strong> se llevaron a cabo entre adolescentes de secundaria de Montevideo, capital de Uruguay, y los resultados obtenidos se compararon con los conseguidos entre una muestra similar recogida en cinco <a href=\"https:\/\/www.cannabis.es\/pw\/2018\/11\/12\/mama-cultiva-esperanza-medicinal-para-chile-y-argentina\/\">regiones de Chile<\/a>, pa\u00eds donde el cannabis contin\u00faa siendo ilegal. Adem\u00e1s, tambi\u00e9n los cotejaron con la situaci\u00f3n dada desde 2019 en EEUU, cuando el cannabis fue legalizado en varios estados norteamericanos.<\/p>\n\n\n\n<p><strong>El Estudio<\/strong><\/p>\n\n\n\n<p>Los resultados conseguidos afirman que el 58% de los adolescentes uruguayos dijo que pod\u00edan conseguir cannabis sin problema. En comparaci\u00f3n, el 51% de los adolescentes chilenos aseguraron lo mismo. Por el contrario, <a href=\"https:\/\/www.sciencedirect.com\/science\/article\/abs\/pii\/S095539592030089X\">la publicaci\u00f3n demuestra<\/a> que los j\u00f3venes uruguayos no consumen m\u00e1s cannabis que los chilenos.<\/p>\n\n\n\n<p>En el caso de Estados Unidos, el estudio evidencia que el consumo de cannabis en adolescentes tiende a ser mayor en lugares donde se permite la marihuana terap\u00e9utica, al contrario de lo que sucede en Latinoam\u00e9rica.<\/p>\n\n\n\n<p><span class=\"has-inline-color has-luminous-vivid-orange-color\">\u201c<em>Nuestras conclusiones respaldan en cierta medida la tesis de que el enfoque reglamentario del Estado uruguayo respecto de la oferta de cannabis puede reducir al m\u00ednimo los efectos de la legalizaci\u00f3n en el consumo de cannabis por parte de los adolescentes\u201d<\/em><\/span>, destacaron las investigadoras.<\/p>\n\n\n\n<p>\u201c<em>Al mismo tiempo, nuestro per\u00edodo de estudio representa un per\u00edodo de transici\u00f3n: el acceso a las farmacias, que es con mucho el medio de acceso m\u00e1s popular, no estuvo disponible hasta el verano de 2017. Ser\u00e1 importante realizar un estudio adicional para evaluar los efectos a m\u00e1s largo plazo del r\u00e9gimen de legalizaci\u00f3n plenamente aplicado en los resultados del consumo de sustancias\u201d,<\/em> expresaban en la conclusi\u00f3n de su documento.<\/p>\n","protected":false},"excerpt":{"rendered":"<span class=\"span-reading-time rt-reading-time\" style=\"display: block;\"><span class=\"rt-label rt-prefix\">Tiempo de lectura:<\/span> <span class=\"rt-time\"> 2<\/span> <span class=\"rt-label rt-postfix\">minutos<\/span><\/span>Un estudio revela en sus conclusiones que la legalizaci\u00f3n del cannabis en Uruguay no supuso un aumento en su consumo por los adolescentes.","protected":false},"author":3,"featured_media":5677,"comment_status":"closed","ping_status":"closed","sticky":false,"template":"","format":"standard","meta":{"loftocean-featured-post":"","loftocean_post_format_gallery":"","loftocean_post_format_gallery_ids":"","loftocean_post_format_gallery_urls":"","loftocean_post_format_video_id":"","loftocean_post_format_video_url":"","loftocean_post_format_video_type":"","loftocean_post_format_video":"","loftocean_post_format_audio_type":"","loftocean_post_format_audio_url":"","loftocean_post_format_audio_id":"","loftocean_post_format_audio":"","loftocean_post_format_quote_text":"","loftocean_post_format_quote_byline":"","loftocean_post_format_link_text":"","loftocean_post_format_link_url":"","ceramag_post_header_style":"","ceramag_enable_background_video":"","ceramag_show_in_top_slider":"","ceramag_post_background_video_start":"","ceramag_post_background_video_end":"","loftocean_page_background_video_id":"","loftocean_page_background_video_url":"","loftocean_page_background_video_type":"","loftocean_page_background_video":"","ceramag_background_video_start":"","ceramag_background_video_end":"","ceramag_single_page_hide_header":"","footnotes":""},"categories":[35],"tags":[765,43,417,53,820],"class_list":["post-5676","post","type-post","status-publish","format-standard","has-post-thumbnail","hentry","category-politica-y-sociedad","tag-adolescentes","tag-benito-diaz","tag-estudio","tag-investigacion","tag-uruguay"],"yoast_head":"<!-- This site is optimized with the Yoast SEO plugin v24.9 - https:\/\/yoast.com\/wordpress\/plugins\/seo\/ -->\n<title>El estudio de la legalizaci\u00f3n en Uruguay niega el aumento del consumo en adolescentes<\/title>\n<meta name=\"description\" content=\"Entrada &#8226; Portal multimedia sobre cannabis y otras sustancias &#8226; 22 junio, 2020\" \/>\n<meta name=\"robots\" content=\"index, follow, max-snippet:-1, max-image-preview:large, max-video-preview:-1\" \/>\n<link rel=\"canonical\" href=\"https:\/\/www.cannabis.es\/pw\/2020\/06\/22\/el-estudio-de-la-legalizacion-en-uruguay-niega-el-aumento-del-consumo-en-adolescentes\/\" \/>\n<meta name=\"twitter:card\" content=\"summary_large_image\" \/>\n<meta name=\"twitter:title\" content=\"El estudio de la legalizaci\u00f3n en Uruguay niega el aumento del consumo en adolescentes\" \/>\n<meta name=\"twitter:description\" content=\"Entrada &#8226; Portal multimedia sobre cannabis y otras sustancias &#8226; 22 junio, 2020\" \/>\n<meta name=\"twitter:image\" content=\"https:\/\/www.cannabis.es\/pw\/wp-content\/uploads\/2020\/06\/portada-uruguay.jpg\" \/>\n<meta name=\"twitter:creator\" content=\"@cannabis_es\" \/>\n<meta name=\"twitter:site\" content=\"@cannabis_es\" \/>\n<meta name=\"twitter:label1\" content=\"Escrito por\" \/>\n\t<meta name=\"twitter:data1\" content=\"Cannabis.es\" \/>\n\t<meta name=\"twitter:label2\" content=\"Tiempo de lectura\" \/>\n\t<meta name=\"twitter:data2\" content=\"2 minutos\" \/>\n<script type=\"application\/ld+json\" class=\"yoast-schema-graph\">{\"@context\":\"https:\/\/schema.org\",\"@graph\":[{\"@type\":\"Article\",\"@id\":\"https:\/\/www.cannabis.es\/pw\/2020\/06\/22\/el-estudio-de-la-legalizacion-en-uruguay-niega-el-aumento-del-consumo-en-adolescentes\/#article\",\"isPartOf\":{\"@id\":\"https:\/\/www.cannabis.es\/pw\/2020\/06\/22\/el-estudio-de-la-legalizacion-en-uruguay-niega-el-aumento-del-consumo-en-adolescentes\/\"},\"author\":{\"name\":\"Cannabis.es\",\"@id\":\"https:\/\/www.cannabis.es\/pw\/#\/schema\/person\/ec770c03f3e99d770687f537f4ba1e89\"},\"headline\":\"El estudio de la legalizaci\u00f3n en Uruguay niega el aumento del consumo en adolescentes\",\"datePublished\":\"2020-06-22T11:27:26+00:00\",\"mainEntityOfPage\":{\"@id\":\"https:\/\/www.cannabis.es\/pw\/2020\/06\/22\/el-estudio-de-la-legalizacion-en-uruguay-niega-el-aumento-del-consumo-en-adolescentes\/\"},\"wordCount\":430,\"publisher\":{\"@id\":\"https:\/\/www.cannabis.es\/pw\/#organization\"},\"image\":{\"@id\":\"https:\/\/www.cannabis.es\/pw\/2020\/06\/22\/el-estudio-de-la-legalizacion-en-uruguay-niega-el-aumento-del-consumo-en-adolescentes\/#primaryimage\"},\"thumbnailUrl\":\"https:\/\/www.cannabis.es\/pw\/wp-content\/uploads\/2020\/06\/portada-uruguay.jpg\",\"keywords\":[\"adolescentes\",\"Benito D\u00edaz\",\"estudio\",\"investigaci\u00f3n\",\"Uruguay\"],\"articleSection\":[\"Pol\u00edtica y Sociedad\"],\"inLanguage\":\"es\"},{\"@type\":\"WebPage\",\"@id\":\"https:\/\/www.cannabis.es\/pw\/2020\/06\/22\/el-estudio-de-la-legalizacion-en-uruguay-niega-el-aumento-del-consumo-en-adolescentes\/\",\"url\":\"https:\/\/www.cannabis.es\/pw\/2020\/06\/22\/el-estudio-de-la-legalizacion-en-uruguay-niega-el-aumento-del-consumo-en-adolescentes\/\",\"name\":\"El estudio de la legalizaci\u00f3n en Uruguay niega el aumento del consumo en adolescentes\",\"isPartOf\":{\"@id\":\"https:\/\/www.cannabis.es\/pw\/#website\"},\"primaryImageOfPage\":{\"@id\":\"https:\/\/www.cannabis.es\/pw\/2020\/06\/22\/el-estudio-de-la-legalizacion-en-uruguay-niega-el-aumento-del-consumo-en-adolescentes\/#primaryimage\"},\"image\":{\"@id\":\"https:\/\/www.cannabis.es\/pw\/2020\/06\/22\/el-estudio-de-la-legalizacion-en-uruguay-niega-el-aumento-del-consumo-en-adolescentes\/#primaryimage\"},\"thumbnailUrl\":\"https:\/\/www.cannabis.es\/pw\/wp-content\/uploads\/2020\/06\/portada-uruguay.jpg\",\"datePublished\":\"2020-06-22T11:27:26+00:00\",\"description\":\"Entrada &#8226; Portal multimedia sobre cannabis y otras sustancias &#8226; 22 junio, 2020\",\"breadcrumb\":{\"@id\":\"https:\/\/www.cannabis.es\/pw\/2020\/06\/22\/el-estudio-de-la-legalizacion-en-uruguay-niega-el-aumento-del-consumo-en-adolescentes\/#breadcrumb\"},\"inLanguage\":\"es\",\"potentialAction\":[{\"@type\":\"ReadAction\",\"target\":[\"https:\/\/www.cannabis.es\/pw\/2020\/06\/22\/el-estudio-de-la-legalizacion-en-uruguay-niega-el-aumento-del-consumo-en-adolescentes\/\"]}]},{\"@type\":\"ImageObject\",\"inLanguage\":\"es\",\"@id\":\"https:\/\/www.cannabis.es\/pw\/2020\/06\/22\/el-estudio-de-la-legalizacion-en-uruguay-niega-el-aumento-del-consumo-en-adolescentes\/#primaryimage\",\"url\":\"https:\/\/www.cannabis.es\/pw\/wp-content\/uploads\/2020\/06\/portada-uruguay.jpg\",\"contentUrl\":\"https:\/\/www.cannabis.es\/pw\/wp-content\/uploads\/2020\/06\/portada-uruguay.jpg\",\"width\":804,\"height\":532},{\"@type\":\"BreadcrumbList\",\"@id\":\"https:\/\/www.cannabis.es\/pw\/2020\/06\/22\/el-estudio-de-la-legalizacion-en-uruguay-niega-el-aumento-del-consumo-en-adolescentes\/#breadcrumb\",\"itemListElement\":[{\"@type\":\"ListItem\",\"position\":1,\"name\":\"Portada\",\"item\":\"http:\/\/www.cannabis.es\/pw\/\"},{\"@type\":\"ListItem\",\"position\":2,\"name\":\"El estudio de la legalizaci\u00f3n en Uruguay niega el aumento del consumo en adolescentes\"}]},{\"@type\":\"WebSite\",\"@id\":\"https:\/\/www.cannabis.es\/pw\/#website\",\"url\":\"https:\/\/www.cannabis.es\/pw\/\",\"name\":\"Cannabis\",\"description\":\"Portal multimedia sobre cannabis y otras sustancias\",\"publisher\":{\"@id\":\"https:\/\/www.cannabis.es\/pw\/#organization\"},\"potentialAction\":[{\"@type\":\"SearchAction\",\"target\":{\"@type\":\"EntryPoint\",\"urlTemplate\":\"https:\/\/www.cannabis.es\/pw\/?s={search_term_string}\"},\"query-input\":{\"@type\":\"PropertyValueSpecification\",\"valueRequired\":true,\"valueName\":\"search_term_string\"}}],\"inLanguage\":\"es\"},{\"@type\":\"Organization\",\"@id\":\"https:\/\/www.cannabis.es\/pw\/#organization\",\"name\":\"Cannabis.es\",\"url\":\"https:\/\/www.cannabis.es\/pw\/\",\"logo\":{\"@type\":\"ImageObject\",\"inLanguage\":\"es\",\"@id\":\"https:\/\/www.cannabis.es\/pw\/#\/schema\/logo\/image\/\",\"url\":\"https:\/\/www.cannabis.es\/pw\/wp-content\/uploads\/2019\/04\/cropped-logo_cannabis.png\",\"contentUrl\":\"https:\/\/www.cannabis.es\/pw\/wp-content\/uploads\/2019\/04\/cropped-logo_cannabis.png\",\"width\":361,\"height\":120,\"caption\":\"Cannabis.es\"},\"image\":{\"@id\":\"https:\/\/www.cannabis.es\/pw\/#\/schema\/logo\/image\/\"},\"sameAs\":[\"https:\/\/x.com\/cannabis_es\"]},{\"@type\":\"Person\",\"@id\":\"https:\/\/www.cannabis.es\/pw\/#\/schema\/person\/ec770c03f3e99d770687f537f4ba1e89\",\"name\":\"Cannabis.es\",\"image\":{\"@type\":\"ImageObject\",\"inLanguage\":\"es\",\"@id\":\"https:\/\/www.cannabis.es\/pw\/#\/schema\/person\/image\/\",\"url\":\"https:\/\/secure.gravatar.com\/avatar\/810c93a3d6fadc3d9c2665b1d919a4aedea8ed4dd63689d001e985a804e90d83?s=96&d=mm&r=g\",\"contentUrl\":\"https:\/\/secure.gravatar.com\/avatar\/810c93a3d6fadc3d9c2665b1d919a4aedea8ed4dd63689d001e985a804e90d83?s=96&d=mm&r=g\",\"caption\":\"Cannabis.es\"},\"url\":\"https:\/\/www.cannabis.es\/pw\/author\/arnau\/\"}]}<\/script>\n<!-- \/ Yoast SEO plugin. -->","yoast_head_json":{"title":"El estudio de la legalizaci\u00f3n en Uruguay niega el aumento del consumo en adolescentes","description":"Entrada &#8226; Portal multimedia sobre cannabis y otras sustancias &#8226; 22 junio, 2020","robots":{"index":"index","follow":"follow","max-snippet":"max-snippet:-1","max-image-preview":"max-image-preview:large","max-video-preview":"max-video-preview:-1"},"canonical":"https:\/\/www.cannabis.es\/pw\/2020\/06\/22\/el-estudio-de-la-legalizacion-en-uruguay-niega-el-aumento-del-consumo-en-adolescentes\/","twitter_card":"summary_large_image","twitter_title":"El estudio de la legalizaci\u00f3n en Uruguay niega el aumento del consumo en adolescentes","twitter_description":"Entrada &#8226; Portal multimedia sobre cannabis y otras sustancias &#8226; 22 junio, 2020","twitter_image":"https:\/\/www.cannabis.es\/pw\/wp-content\/uploads\/2020\/06\/portada-uruguay.jpg","twitter_creator":"@cannabis_es","twitter_site":"@cannabis_es","twitter_misc":{"Escrito por":"Cannabis.es","Tiempo de lectura":"2 minutos"},"schema":{"@context":"https:\/\/schema.org","@graph":[{"@type":"Article","@id":"https:\/\/www.cannabis.es\/pw\/2020\/06\/22\/el-estudio-de-la-legalizacion-en-uruguay-niega-el-aumento-del-consumo-en-adolescentes\/#article","isPartOf":{"@id":"https:\/\/www.cannabis.es\/pw\/2020\/06\/22\/el-estudio-de-la-legalizacion-en-uruguay-niega-el-aumento-del-consumo-en-adolescentes\/"},"author":{"name":"Cannabis.es","@id":"https:\/\/www.cannabis.es\/pw\/#\/schema\/person\/ec770c03f3e99d770687f537f4ba1e89"},"headline":"El estudio de la legalizaci\u00f3n en Uruguay niega el aumento del consumo en adolescentes","datePublished":"2020-06-22T11:27:26+00:00","mainEntityOfPage":{"@id":"https:\/\/www.cannabis.es\/pw\/2020\/06\/22\/el-estudio-de-la-legalizacion-en-uruguay-niega-el-aumento-del-consumo-en-adolescentes\/"},"wordCount":430,"publisher":{"@id":"https:\/\/www.cannabis.es\/pw\/#organization"},"image":{"@id":"https:\/\/www.cannabis.es\/pw\/2020\/06\/22\/el-estudio-de-la-legalizacion-en-uruguay-niega-el-aumento-del-consumo-en-adolescentes\/#primaryimage"},"thumbnailUrl":"https:\/\/www.cannabis.es\/pw\/wp-content\/uploads\/2020\/06\/portada-uruguay.jpg","keywords":["adolescentes","Benito D\u00edaz","estudio","investigaci\u00f3n","Uruguay"],"articleSection":["Pol\u00edtica y Sociedad"],"inLanguage":"es"},{"@type":"WebPage","@id":"https:\/\/www.cannabis.es\/pw\/2020\/06\/22\/el-estudio-de-la-legalizacion-en-uruguay-niega-el-aumento-del-consumo-en-adolescentes\/","url":"https:\/\/www.cannabis.es\/pw\/2020\/06\/22\/el-estudio-de-la-legalizacion-en-uruguay-niega-el-aumento-del-consumo-en-adolescentes\/","name":"El estudio de la legalizaci\u00f3n en Uruguay niega el aumento del consumo en adolescentes","isPartOf":{"@id":"https:\/\/www.cannabis.es\/pw\/#website"},"primaryImageOfPage":{"@id":"https:\/\/www.cannabis.es\/pw\/2020\/06\/22\/el-estudio-de-la-legalizacion-en-uruguay-niega-el-aumento-del-consumo-en-adolescentes\/#primaryimage"},"image":{"@id":"https:\/\/www.cannabis.es\/pw\/2020\/06\/22\/el-estudio-de-la-legalizacion-en-uruguay-niega-el-aumento-del-consumo-en-adolescentes\/#primaryimage"},"thumbnailUrl":"https:\/\/www.cannabis.es\/pw\/wp-content\/uploads\/2020\/06\/portada-uruguay.jpg","datePublished":"2020-06-22T11:27:26+00:00","description":"Entrada &#8226; Portal multimedia sobre cannabis y otras sustancias &#8226; 22 junio, 2020","breadcrumb":{"@id":"https:\/\/www.cannabis.es\/pw\/2020\/06\/22\/el-estudio-de-la-legalizacion-en-uruguay-niega-el-aumento-del-consumo-en-adolescentes\/#breadcrumb"},"inLanguage":"es","potentialAction":[{"@type":"ReadAction","target":["https:\/\/www.cannabis.es\/pw\/2020\/06\/22\/el-estudio-de-la-legalizacion-en-uruguay-niega-el-aumento-del-consumo-en-adolescentes\/"]}]},{"@type":"ImageObject","inLanguage":"es","@id":"https:\/\/www.cannabis.es\/pw\/2020\/06\/22\/el-estudio-de-la-legalizacion-en-uruguay-niega-el-aumento-del-consumo-en-adolescentes\/#primaryimage","url":"https:\/\/www.cannabis.es\/pw\/wp-content\/uploads\/2020\/06\/portada-uruguay.jpg","contentUrl":"https:\/\/www.cannabis.es\/pw\/wp-content\/uploads\/2020\/06\/portada-uruguay.jpg","width":804,"height":532},{"@type":"BreadcrumbList","@id":"https:\/\/www.cannabis.es\/pw\/2020\/06\/22\/el-estudio-de-la-legalizacion-en-uruguay-niega-el-aumento-del-consumo-en-adolescentes\/#breadcrumb","itemListElement":[{"@type":"ListItem","position":1,"name":"Portada","item":"http:\/\/www.cannabis.es\/pw\/"},{"@type":"ListItem","position":2,"name":"El estudio de la legalizaci\u00f3n en Uruguay niega el aumento del consumo en adolescentes"}]},{"@type":"WebSite","@id":"https:\/\/www.cannabis.es\/pw\/#website","url":"https:\/\/www.cannabis.es\/pw\/","name":"Cannabis","description":"Portal multimedia sobre cannabis y otras sustancias","publisher":{"@id":"https:\/\/www.cannabis.es\/pw\/#organization"},"potentialAction":[{"@type":"SearchAction","target":{"@type":"EntryPoint","urlTemplate":"https:\/\/www.cannabis.es\/pw\/?s={search_term_string}"},"query-input":{"@type":"PropertyValueSpecification","valueRequired":true,"valueName":"search_term_string"}}],"inLanguage":"es"},{"@type":"Organization","@id":"https:\/\/www.cannabis.es\/pw\/#organization","name":"Cannabis.es","url":"https:\/\/www.cannabis.es\/pw\/","logo":{"@type":"ImageObject","inLanguage":"es","@id":"https:\/\/www.cannabis.es\/pw\/#\/schema\/logo\/image\/","url":"https:\/\/www.cannabis.es\/pw\/wp-content\/uploads\/2019\/04\/cropped-logo_cannabis.png","contentUrl":"https:\/\/www.cannabis.es\/pw\/wp-content\/uploads\/2019\/04\/cropped-logo_cannabis.png","width":361,"height":120,"caption":"Cannabis.es"},"image":{"@id":"https:\/\/www.cannabis.es\/pw\/#\/schema\/logo\/image\/"},"sameAs":["https:\/\/x.com\/cannabis_es"]},{"@type":"Person","@id":"https:\/\/www.cannabis.es\/pw\/#\/schema\/person\/ec770c03f3e99d770687f537f4ba1e89","name":"Cannabis.es","image":{"@type":"ImageObject","inLanguage":"es","@id":"https:\/\/www.cannabis.es\/pw\/#\/schema\/person\/image\/","url":"https:\/\/secure.gravatar.com\/avatar\/810c93a3d6fadc3d9c2665b1d919a4aedea8ed4dd63689d001e985a804e90d83?s=96&d=mm&r=g","contentUrl":"https:\/\/secure.gravatar.com\/avatar\/810c93a3d6fadc3d9c2665b1d919a4aedea8ed4dd63689d001e985a804e90d83?s=96&d=mm&r=g","caption":"Cannabis.es"},"url":"https:\/\/www.cannabis.es\/pw\/author\/arnau\/"}]}},"_links":{"self":[{"href":"https:\/\/www.cannabis.es\/pw\/wp-json\/wp\/v2\/posts\/5676","targetHints":{"allow":["GET"]}}],"collection":[{"href":"https:\/\/www.cannabis.es\/pw\/wp-json\/wp\/v2\/posts"}],"about":[{"href":"https:\/\/www.cannabis.es\/pw\/wp-json\/wp\/v2\/types\/post"}],"author":[{"embeddable":true,"href":"https:\/\/www.cannabis.es\/pw\/wp-json\/wp\/v2\/users\/3"}],"replies":[{"embeddable":true,"href":"https:\/\/www.cannabis.es\/pw\/wp-json\/wp\/v2\/comments?post=5676"}],"version-history":[{"count":1,"href":"https:\/\/www.cannabis.es\/pw\/wp-json\/wp\/v2\/posts\/5676\/revisions"}],"predecessor-version":[{"id":5678,"href":"https:\/\/www.cannabis.es\/pw\/wp-json\/wp\/v2\/posts\/5676\/revisions\/5678"}],"wp:featuredmedia":[{"embeddable":true,"href":"https:\/\/www.cannabis.es\/pw\/wp-json\/wp\/v2\/media\/5677"}],"wp:attachment":[{"href":"https:\/\/www.cannabis.es\/pw\/wp-json\/wp\/v2\/media?parent=5676"}],"wp:term":[{"taxonomy":"category","embeddable":true,"href":"https:\/\/www.cannabis.es\/pw\/wp-json\/wp\/v2\/categories?post=5676"},{"taxonomy":"post_tag","embeddable":true,"href":"https:\/\/www.cannabis.es\/pw\/wp-json\/wp\/v2\/tags?post=5676"}],"curies":[{"name":"wp","href":"https:\/\/api.w.org\/{rel}","templated":true}]}}