{"id":5679,"date":"2020-06-23T13:47:04","date_gmt":"2020-06-23T11:47:04","guid":{"rendered":"https:\/\/www.cannabis.es\/pw\/?p=5679"},"modified":"2020-06-23T13:47:05","modified_gmt":"2020-06-23T11:47:05","slug":"nevada-restaura-el-voto-a-los-condenados-por-cannabis","status":"publish","type":"post","link":"https:\/\/www.cannabis.es\/pw\/2020\/06\/23\/nevada-restaura-el-voto-a-los-condenados-por-cannabis\/","title":{"rendered":"Nevada restaura el voto a los condenados por cannabis"},"content":{"rendered":"\n<p>Arnau Alcaide<br><br>En Estados Unidos, la posesi\u00f3n de cannabis para consumo propio es un delito federal que algunos estados han tratado de enmendar con sus respectivas regulaciones. Es el caso de Nevada, que legaliz\u00f3 el cannabis recreativo en 2016, pero hasta ahora no hab\u00eda establecido algunas de las reparaciones m\u00e1s importantes asociadas a la nueva regulaci\u00f3n, como restaurar el derecho a voto o de acceso a cargos p\u00fablicos de los condenados por cannabis.<\/p>\n\n\n\n<h2 class=\"wp-block-heading\">Retroactividad y recuperaci\u00f3n de derechos<\/h2>\n\n\n\n<p>Con efecto retroactivo, estas reparaciones responden a la mentalidad de \u00abcorregir\u00bb lo que posteriormente se ha considerado como un agravio, pues en Estados Unidos existe una suspensi\u00f3n de derechos fundamentales para con quien tiene antecedentes penales. Esto quiere decir que las personas condenadas por mera posesi\u00f3n de cannabis no pueden ni votar ni concurrir a becas o cargos p\u00fablicos.<br><br>As\u00ed pues, la medida ir\u00e1 orientada a indultar los antecedentes, no las condenas que puedan seguir en pie, echando la vista atr\u00e1s hasta el 1986, de manera que la poblaci\u00f3n afectada vea limpiado su historial y recupere sus derechos fundamentales que la condena por cannabis les hab\u00eda supuesto. Las penas de hasta 28g de posesi\u00f3n personal, la cota actual tras la legalizaci\u00f3n, quedar\u00e1n resarcidas con el indulto. <a href=\"https:\/\/twitter.com\/GovSisolak\/status\/1271087124469575680?ref_src=twsrc%5Etfw%7Ctwcamp%5Etweetembed%7Ctwterm%5E1271087128512876544&amp;ref_url=https%3A%2F%2Fwww.marijuanamoment.net%2Fnevada-governor-introduces-measure-to-pardon-tens-of-thousands-with-marijuana-convictions%2F\">El texto<\/a> excluye a determinadas personas que, antes del 2001, recibieron cargos que comparten cannabis con otros delitos o fueron registrados gen\u00e9ricamente como portadores de \u00abdroga\u00bb.<\/p>\n\n\n\n<h2 class=\"wp-block-heading\">Una medida hist\u00f3rica<\/h2>\n\n\n\n<p>El <a href=\"https:\/\/twitter.com\/GovSisolak\/status\/1273330728483164160?ref_src=twsrc^tfw|twcamp^tweetembed|twterm^1273330728483164160&amp;ref_url=https:\/\/nacioncannabis.com\/nevada-indulta-a-miles-por-cargos-cannabicos\/\">gobernador de Nevada<\/a>, consider\u00f3 que era \u00abun d\u00eda hist\u00f3rico para aquellos que fueron condenados por lo que durante mucho tiempo se consider\u00f3 un delito trivial, y ahora es legal seg\u00fan la ley de Nevada\u00bb. Seg\u00fan estima en su publicaci\u00f3n<a href=\"https:\/\/www.marijuanamoment.net\/nevada-pardons-more-than-15000-people-with-marijuana-convictions-under-governors-resolution\/\"> Marijuana Moment<\/a>, ser\u00e1n <strong>15.000 las personas que se ver\u00e1n directamente beneficiadas<\/strong> por esta medida y recuperar\u00e1n sus derechos fundamentales.<br><br>La medida valora, en el mayor contexto de protesta en a\u00f1os de las personas racializadas en el pa\u00eds, que <span class=\"has-inline-color has-luminous-vivid-orange-color\"><em>\u00abla prohibici\u00f3n se cre\u00f3 bajo la noci\u00f3n racista de que el cannabis incitaba a la violencia a las minor\u00edas \u00e9tnicas\u00bb<\/em><\/span>, dando a entender una renovada sensibilidad hacia quienes han recibido los mayores esfuerzos de la prohibici\u00f3n,<a href=\"https:\/\/www.cannabis.es\/pw\/2019\/07\/12\/prision-sexista-racista-y-de-clase-en-la-guerra-contra-las-drogas\/\"> la poblaci\u00f3n negra<\/a>.<br><br>Estados como Illinois ya hab\u00edan procedido a establecer <a href=\"https:\/\/www.cannabis.es\/pw\/2019\/07\/08\/illinois-legaliza-el-cannabis-recreativo-y-prepara-reparaciones-a-la-criminalizacion\/\">reparaciones similares<\/a>, y es un asunto, el de las reparaciones, en el que ya insiste la nueva horneada pol\u00edtica progresista, entre la que destaca <a href=\"https:\/\/www.cannabis.es\/pw\/2019\/06\/28\/la-congresista-alexandria-ocasio-cortez-por-la-legalizacion-del-cannabis-en-eeuu\/\">la congresista Alexandria Ocasio-Cortez<\/a>.<br><br>El derecho a participar en la elecci\u00f3n de representantes pol\u00edticos del propio pa\u00eds, as\u00ed como el derecho de concurrir en igualdad de condiciones a los cargos p\u00fablicos del mismo, son derechos recogidos en el <a href=\"https:\/\/dudh.es\/21\/\">art\u00edculo 21 de la Declaraci\u00f3n de Derechos Humanos<\/a>.<\/p>\n","protected":false},"excerpt":{"rendered":"<span class=\"span-reading-time rt-reading-time\" style=\"display: block;\"><span class=\"rt-label rt-prefix\">Tiempo de lectura:<\/span> <span class=\"rt-time\"> 2<\/span> <span class=\"rt-label rt-postfix\">minutos<\/span><\/span>Nevada elimina antecendentes por cannabis y restaura voto y acceso a cargos p\u00fablicos.","protected":false},"author":3,"featured_media":5681,"comment_status":"closed","ping_status":"closed","sticky":false,"template":"","format":"standard","meta":{"loftocean-featured-post":"","loftocean_post_format_gallery":"","loftocean_post_format_gallery_ids":"","loftocean_post_format_gallery_urls":"","loftocean_post_format_video_id":"","loftocean_post_format_video_url":"","loftocean_post_format_video_type":"","loftocean_post_format_video":"","loftocean_post_format_audio_type":"","loftocean_post_format_audio_url":"","loftocean_post_format_audio_id":"","loftocean_post_format_audio":"","loftocean_post_format_quote_text":"","loftocean_post_format_quote_byline":"","loftocean_post_format_link_text":"","loftocean_post_format_link_url":"","ceramag_post_header_style":"","ceramag_enable_background_video":"","ceramag_show_in_top_slider":"","ceramag_post_background_video_start":"","ceramag_post_background_video_end":"","loftocean_page_background_video_id":"","loftocean_page_background_video_url":"","loftocean_page_background_video_type":"","loftocean_page_background_video":"","ceramag_background_video_start":"","ceramag_background_video_end":"","ceramag_single_page_hide_header":"","footnotes":""},"categories":[35],"tags":[41,462,664,1144],"class_list":["post-5679","post","type-post","status-publish","format-standard","has-post-thumbnail","hentry","category-politica-y-sociedad","tag-cannabis","tag-criminalizacion","tag-derechos-humanos","tag-descriminalizacion"],"yoast_head":"<!-- This site is optimized with the Yoast SEO plugin v24.9 - https:\/\/yoast.com\/wordpress\/plugins\/seo\/ -->\n<title>Nevada restaura el voto a los condenados por cannabis<\/title>\n<meta name=\"description\" content=\"Entrada &#8226; Portal multimedia sobre cannabis y otras sustancias &#8226; 23 junio, 2020\" \/>\n<meta name=\"robots\" content=\"index, follow, max-snippet:-1, max-image-preview:large, max-video-preview:-1\" \/>\n<link rel=\"canonical\" href=\"https:\/\/www.cannabis.es\/pw\/2020\/06\/23\/nevada-restaura-el-voto-a-los-condenados-por-cannabis\/\" \/>\n<meta name=\"twitter:card\" content=\"summary_large_image\" \/>\n<meta name=\"twitter:title\" content=\"Nevada restaura el voto a los condenados por cannabis\" \/>\n<meta name=\"twitter:description\" content=\"Entrada &#8226; Portal multimedia sobre cannabis y otras sustancias &#8226; 23 junio, 2020\" \/>\n<meta name=\"twitter:image\" content=\"https:\/\/www.cannabis.es\/pw\/wp-content\/uploads\/2020\/06\/PORTADA-COLORADO-INDULTO.jpg\" \/>\n<meta name=\"twitter:creator\" content=\"@cannabis_es\" \/>\n<meta name=\"twitter:site\" content=\"@cannabis_es\" \/>\n<meta name=\"twitter:label1\" content=\"Escrito por\" \/>\n\t<meta name=\"twitter:data1\" content=\"Cannabis.es\" \/>\n\t<meta name=\"twitter:label2\" content=\"Tiempo de lectura\" \/>\n\t<meta name=\"twitter:data2\" content=\"2 minutos\" \/>\n<script type=\"application\/ld+json\" class=\"yoast-schema-graph\">{\"@context\":\"https:\/\/schema.org\",\"@graph\":[{\"@type\":\"Article\",\"@id\":\"https:\/\/www.cannabis.es\/pw\/2020\/06\/23\/nevada-restaura-el-voto-a-los-condenados-por-cannabis\/#article\",\"isPartOf\":{\"@id\":\"https:\/\/www.cannabis.es\/pw\/2020\/06\/23\/nevada-restaura-el-voto-a-los-condenados-por-cannabis\/\"},\"author\":{\"name\":\"Cannabis.es\",\"@id\":\"https:\/\/www.cannabis.es\/pw\/#\/schema\/person\/ec770c03f3e99d770687f537f4ba1e89\"},\"headline\":\"Nevada restaura el voto a los condenados por cannabis\",\"datePublished\":\"2020-06-23T11:47:04+00:00\",\"dateModified\":\"2020-06-23T11:47:05+00:00\",\"mainEntityOfPage\":{\"@id\":\"https:\/\/www.cannabis.es\/pw\/2020\/06\/23\/nevada-restaura-el-voto-a-los-condenados-por-cannabis\/\"},\"wordCount\":472,\"publisher\":{\"@id\":\"https:\/\/www.cannabis.es\/pw\/#organization\"},\"image\":{\"@id\":\"https:\/\/www.cannabis.es\/pw\/2020\/06\/23\/nevada-restaura-el-voto-a-los-condenados-por-cannabis\/#primaryimage\"},\"thumbnailUrl\":\"https:\/\/www.cannabis.es\/pw\/wp-content\/uploads\/2020\/06\/PORTADA-COLORADO-INDULTO.jpg\",\"keywords\":[\"cannabis\",\"criminalizaci\u00f3n\",\"derechos humanos\",\"descriminalizaci\u00f3n\"],\"articleSection\":[\"Pol\u00edtica y Sociedad\"],\"inLanguage\":\"es\"},{\"@type\":\"WebPage\",\"@id\":\"https:\/\/www.cannabis.es\/pw\/2020\/06\/23\/nevada-restaura-el-voto-a-los-condenados-por-cannabis\/\",\"url\":\"https:\/\/www.cannabis.es\/pw\/2020\/06\/23\/nevada-restaura-el-voto-a-los-condenados-por-cannabis\/\",\"name\":\"Nevada restaura el voto a los condenados por cannabis\",\"isPartOf\":{\"@id\":\"https:\/\/www.cannabis.es\/pw\/#website\"},\"primaryImageOfPage\":{\"@id\":\"https:\/\/www.cannabis.es\/pw\/2020\/06\/23\/nevada-restaura-el-voto-a-los-condenados-por-cannabis\/#primaryimage\"},\"image\":{\"@id\":\"https:\/\/www.cannabis.es\/pw\/2020\/06\/23\/nevada-restaura-el-voto-a-los-condenados-por-cannabis\/#primaryimage\"},\"thumbnailUrl\":\"https:\/\/www.cannabis.es\/pw\/wp-content\/uploads\/2020\/06\/PORTADA-COLORADO-INDULTO.jpg\",\"datePublished\":\"2020-06-23T11:47:04+00:00\",\"dateModified\":\"2020-06-23T11:47:05+00:00\",\"description\":\"Entrada &#8226; Portal multimedia sobre cannabis y otras sustancias &#8226; 23 junio, 2020\",\"breadcrumb\":{\"@id\":\"https:\/\/www.cannabis.es\/pw\/2020\/06\/23\/nevada-restaura-el-voto-a-los-condenados-por-cannabis\/#breadcrumb\"},\"inLanguage\":\"es\",\"potentialAction\":[{\"@type\":\"ReadAction\",\"target\":[\"https:\/\/www.cannabis.es\/pw\/2020\/06\/23\/nevada-restaura-el-voto-a-los-condenados-por-cannabis\/\"]}]},{\"@type\":\"ImageObject\",\"inLanguage\":\"es\",\"@id\":\"https:\/\/www.cannabis.es\/pw\/2020\/06\/23\/nevada-restaura-el-voto-a-los-condenados-por-cannabis\/#primaryimage\",\"url\":\"https:\/\/www.cannabis.es\/pw\/wp-content\/uploads\/2020\/06\/PORTADA-COLORADO-INDULTO.jpg\",\"contentUrl\":\"https:\/\/www.cannabis.es\/pw\/wp-content\/uploads\/2020\/06\/PORTADA-COLORADO-INDULTO.jpg\",\"width\":885,\"height\":612},{\"@type\":\"BreadcrumbList\",\"@id\":\"https:\/\/www.cannabis.es\/pw\/2020\/06\/23\/nevada-restaura-el-voto-a-los-condenados-por-cannabis\/#breadcrumb\",\"itemListElement\":[{\"@type\":\"ListItem\",\"position\":1,\"name\":\"Portada\",\"item\":\"http:\/\/www.cannabis.es\/pw\/\"},{\"@type\":\"ListItem\",\"position\":2,\"name\":\"Nevada restaura el voto a los condenados por cannabis\"}]},{\"@type\":\"WebSite\",\"@id\":\"https:\/\/www.cannabis.es\/pw\/#website\",\"url\":\"https:\/\/www.cannabis.es\/pw\/\",\"name\":\"Cannabis\",\"description\":\"Portal multimedia sobre cannabis y otras sustancias\",\"publisher\":{\"@id\":\"https:\/\/www.cannabis.es\/pw\/#organization\"},\"potentialAction\":[{\"@type\":\"SearchAction\",\"target\":{\"@type\":\"EntryPoint\",\"urlTemplate\":\"https:\/\/www.cannabis.es\/pw\/?s={search_term_string}\"},\"query-input\":{\"@type\":\"PropertyValueSpecification\",\"valueRequired\":true,\"valueName\":\"search_term_string\"}}],\"inLanguage\":\"es\"},{\"@type\":\"Organization\",\"@id\":\"https:\/\/www.cannabis.es\/pw\/#organization\",\"name\":\"Cannabis.es\",\"url\":\"https:\/\/www.cannabis.es\/pw\/\",\"logo\":{\"@type\":\"ImageObject\",\"inLanguage\":\"es\",\"@id\":\"https:\/\/www.cannabis.es\/pw\/#\/schema\/logo\/image\/\",\"url\":\"https:\/\/www.cannabis.es\/pw\/wp-content\/uploads\/2019\/04\/cropped-logo_cannabis.png\",\"contentUrl\":\"https:\/\/www.cannabis.es\/pw\/wp-content\/uploads\/2019\/04\/cropped-logo_cannabis.png\",\"width\":361,\"height\":120,\"caption\":\"Cannabis.es\"},\"image\":{\"@id\":\"https:\/\/www.cannabis.es\/pw\/#\/schema\/logo\/image\/\"},\"sameAs\":[\"https:\/\/x.com\/cannabis_es\"]},{\"@type\":\"Person\",\"@id\":\"https:\/\/www.cannabis.es\/pw\/#\/schema\/person\/ec770c03f3e99d770687f537f4ba1e89\",\"name\":\"Cannabis.es\",\"image\":{\"@type\":\"ImageObject\",\"inLanguage\":\"es\",\"@id\":\"https:\/\/www.cannabis.es\/pw\/#\/schema\/person\/image\/\",\"url\":\"https:\/\/secure.gravatar.com\/avatar\/810c93a3d6fadc3d9c2665b1d919a4aedea8ed4dd63689d001e985a804e90d83?s=96&d=mm&r=g\",\"contentUrl\":\"https:\/\/secure.gravatar.com\/avatar\/810c93a3d6fadc3d9c2665b1d919a4aedea8ed4dd63689d001e985a804e90d83?s=96&d=mm&r=g\",\"caption\":\"Cannabis.es\"},\"url\":\"https:\/\/www.cannabis.es\/pw\/author\/arnau\/\"}]}<\/script>\n<!-- \/ Yoast SEO plugin. -->","yoast_head_json":{"title":"Nevada restaura el voto a los condenados por cannabis","description":"Entrada &#8226; Portal multimedia sobre cannabis y otras sustancias &#8226; 23 junio, 2020","robots":{"index":"index","follow":"follow","max-snippet":"max-snippet:-1","max-image-preview":"max-image-preview:large","max-video-preview":"max-video-preview:-1"},"canonical":"https:\/\/www.cannabis.es\/pw\/2020\/06\/23\/nevada-restaura-el-voto-a-los-condenados-por-cannabis\/","twitter_card":"summary_large_image","twitter_title":"Nevada restaura el voto a los condenados por cannabis","twitter_description":"Entrada &#8226; Portal multimedia sobre cannabis y otras sustancias &#8226; 23 junio, 2020","twitter_image":"https:\/\/www.cannabis.es\/pw\/wp-content\/uploads\/2020\/06\/PORTADA-COLORADO-INDULTO.jpg","twitter_creator":"@cannabis_es","twitter_site":"@cannabis_es","twitter_misc":{"Escrito por":"Cannabis.es","Tiempo de lectura":"2 minutos"},"schema":{"@context":"https:\/\/schema.org","@graph":[{"@type":"Article","@id":"https:\/\/www.cannabis.es\/pw\/2020\/06\/23\/nevada-restaura-el-voto-a-los-condenados-por-cannabis\/#article","isPartOf":{"@id":"https:\/\/www.cannabis.es\/pw\/2020\/06\/23\/nevada-restaura-el-voto-a-los-condenados-por-cannabis\/"},"author":{"name":"Cannabis.es","@id":"https:\/\/www.cannabis.es\/pw\/#\/schema\/person\/ec770c03f3e99d770687f537f4ba1e89"},"headline":"Nevada restaura el voto a los condenados por cannabis","datePublished":"2020-06-23T11:47:04+00:00","dateModified":"2020-06-23T11:47:05+00:00","mainEntityOfPage":{"@id":"https:\/\/www.cannabis.es\/pw\/2020\/06\/23\/nevada-restaura-el-voto-a-los-condenados-por-cannabis\/"},"wordCount":472,"publisher":{"@id":"https:\/\/www.cannabis.es\/pw\/#organization"},"image":{"@id":"https:\/\/www.cannabis.es\/pw\/2020\/06\/23\/nevada-restaura-el-voto-a-los-condenados-por-cannabis\/#primaryimage"},"thumbnailUrl":"https:\/\/www.cannabis.es\/pw\/wp-content\/uploads\/2020\/06\/PORTADA-COLORADO-INDULTO.jpg","keywords":["cannabis","criminalizaci\u00f3n","derechos humanos","descriminalizaci\u00f3n"],"articleSection":["Pol\u00edtica y Sociedad"],"inLanguage":"es"},{"@type":"WebPage","@id":"https:\/\/www.cannabis.es\/pw\/2020\/06\/23\/nevada-restaura-el-voto-a-los-condenados-por-cannabis\/","url":"https:\/\/www.cannabis.es\/pw\/2020\/06\/23\/nevada-restaura-el-voto-a-los-condenados-por-cannabis\/","name":"Nevada restaura el voto a los condenados por cannabis","isPartOf":{"@id":"https:\/\/www.cannabis.es\/pw\/#website"},"primaryImageOfPage":{"@id":"https:\/\/www.cannabis.es\/pw\/2020\/06\/23\/nevada-restaura-el-voto-a-los-condenados-por-cannabis\/#primaryimage"},"image":{"@id":"https:\/\/www.cannabis.es\/pw\/2020\/06\/23\/nevada-restaura-el-voto-a-los-condenados-por-cannabis\/#primaryimage"},"thumbnailUrl":"https:\/\/www.cannabis.es\/pw\/wp-content\/uploads\/2020\/06\/PORTADA-COLORADO-INDULTO.jpg","datePublished":"2020-06-23T11:47:04+00:00","dateModified":"2020-06-23T11:47:05+00:00","description":"Entrada &#8226; Portal multimedia sobre cannabis y otras sustancias &#8226; 23 junio, 2020","breadcrumb":{"@id":"https:\/\/www.cannabis.es\/pw\/2020\/06\/23\/nevada-restaura-el-voto-a-los-condenados-por-cannabis\/#breadcrumb"},"inLanguage":"es","potentialAction":[{"@type":"ReadAction","target":["https:\/\/www.cannabis.es\/pw\/2020\/06\/23\/nevada-restaura-el-voto-a-los-condenados-por-cannabis\/"]}]},{"@type":"ImageObject","inLanguage":"es","@id":"https:\/\/www.cannabis.es\/pw\/2020\/06\/23\/nevada-restaura-el-voto-a-los-condenados-por-cannabis\/#primaryimage","url":"https:\/\/www.cannabis.es\/pw\/wp-content\/uploads\/2020\/06\/PORTADA-COLORADO-INDULTO.jpg","contentUrl":"https:\/\/www.cannabis.es\/pw\/wp-content\/uploads\/2020\/06\/PORTADA-COLORADO-INDULTO.jpg","width":885,"height":612},{"@type":"BreadcrumbList","@id":"https:\/\/www.cannabis.es\/pw\/2020\/06\/23\/nevada-restaura-el-voto-a-los-condenados-por-cannabis\/#breadcrumb","itemListElement":[{"@type":"ListItem","position":1,"name":"Portada","item":"http:\/\/www.cannabis.es\/pw\/"},{"@type":"ListItem","position":2,"name":"Nevada restaura el voto a los condenados por cannabis"}]},{"@type":"WebSite","@id":"https:\/\/www.cannabis.es\/pw\/#website","url":"https:\/\/www.cannabis.es\/pw\/","name":"Cannabis","description":"Portal multimedia sobre cannabis y otras sustancias","publisher":{"@id":"https:\/\/www.cannabis.es\/pw\/#organization"},"potentialAction":[{"@type":"SearchAction","target":{"@type":"EntryPoint","urlTemplate":"https:\/\/www.cannabis.es\/pw\/?s={search_term_string}"},"query-input":{"@type":"PropertyValueSpecification","valueRequired":true,"valueName":"search_term_string"}}],"inLanguage":"es"},{"@type":"Organization","@id":"https:\/\/www.cannabis.es\/pw\/#organization","name":"Cannabis.es","url":"https:\/\/www.cannabis.es\/pw\/","logo":{"@type":"ImageObject","inLanguage":"es","@id":"https:\/\/www.cannabis.es\/pw\/#\/schema\/logo\/image\/","url":"https:\/\/www.cannabis.es\/pw\/wp-content\/uploads\/2019\/04\/cropped-logo_cannabis.png","contentUrl":"https:\/\/www.cannabis.es\/pw\/wp-content\/uploads\/2019\/04\/cropped-logo_cannabis.png","width":361,"height":120,"caption":"Cannabis.es"},"image":{"@id":"https:\/\/www.cannabis.es\/pw\/#\/schema\/logo\/image\/"},"sameAs":["https:\/\/x.com\/cannabis_es"]},{"@type":"Person","@id":"https:\/\/www.cannabis.es\/pw\/#\/schema\/person\/ec770c03f3e99d770687f537f4ba1e89","name":"Cannabis.es","image":{"@type":"ImageObject","inLanguage":"es","@id":"https:\/\/www.cannabis.es\/pw\/#\/schema\/person\/image\/","url":"https:\/\/secure.gravatar.com\/avatar\/810c93a3d6fadc3d9c2665b1d919a4aedea8ed4dd63689d001e985a804e90d83?s=96&d=mm&r=g","contentUrl":"https:\/\/secure.gravatar.com\/avatar\/810c93a3d6fadc3d9c2665b1d919a4aedea8ed4dd63689d001e985a804e90d83?s=96&d=mm&r=g","caption":"Cannabis.es"},"url":"https:\/\/www.cannabis.es\/pw\/author\/arnau\/"}]}},"_links":{"self":[{"href":"https:\/\/www.cannabis.es\/pw\/wp-json\/wp\/v2\/posts\/5679","targetHints":{"allow":["GET"]}}],"collection":[{"href":"https:\/\/www.cannabis.es\/pw\/wp-json\/wp\/v2\/posts"}],"about":[{"href":"https:\/\/www.cannabis.es\/pw\/wp-json\/wp\/v2\/types\/post"}],"author":[{"embeddable":true,"href":"https:\/\/www.cannabis.es\/pw\/wp-json\/wp\/v2\/users\/3"}],"replies":[{"embeddable":true,"href":"https:\/\/www.cannabis.es\/pw\/wp-json\/wp\/v2\/comments?post=5679"}],"version-history":[{"count":1,"href":"https:\/\/www.cannabis.es\/pw\/wp-json\/wp\/v2\/posts\/5679\/revisions"}],"predecessor-version":[{"id":5680,"href":"https:\/\/www.cannabis.es\/pw\/wp-json\/wp\/v2\/posts\/5679\/revisions\/5680"}],"wp:featuredmedia":[{"embeddable":true,"href":"https:\/\/www.cannabis.es\/pw\/wp-json\/wp\/v2\/media\/5681"}],"wp:attachment":[{"href":"https:\/\/www.cannabis.es\/pw\/wp-json\/wp\/v2\/media?parent=5679"}],"wp:term":[{"taxonomy":"category","embeddable":true,"href":"https:\/\/www.cannabis.es\/pw\/wp-json\/wp\/v2\/categories?post=5679"},{"taxonomy":"post_tag","embeddable":true,"href":"https:\/\/www.cannabis.es\/pw\/wp-json\/wp\/v2\/tags?post=5679"}],"curies":[{"name":"wp","href":"https:\/\/api.w.org\/{rel}","templated":true}]}}