{"id":5721,"date":"2020-07-01T14:11:49","date_gmt":"2020-07-01T12:11:49","guid":{"rendered":"https:\/\/www.cannabis.es\/pw\/?p=5721"},"modified":"2020-07-02T12:13:44","modified_gmt":"2020-07-02T10:13:44","slug":"alerta-estigma-nuevo-observatorio-en-cataluna-identifica-malas-conductas","status":"publish","type":"post","link":"https:\/\/www.cannabis.es\/pw\/2020\/07\/01\/alerta-estigma-nuevo-observatorio-en-cataluna-identifica-malas-conductas\/","title":{"rendered":"Alerta Estigma: nuevo Observatorio en Catalu\u00f1a identifica malas conductas"},"content":{"rendered":"\n<p>Arnau Alcaide\/ FCD<br><br>El <strong>Observatorio del Estigma<\/strong> nace en Catalu\u00f1a para transformar la sistem\u00e1tica vulneraci\u00f3n de derechos en personas usuarias de drogas. <strong>Profesionales y ciudadan\u00eda podr\u00e1n dirigirse a este ins\u00f3lito organismo para alertar de conductas que vulneren estos derechos<\/strong>, lo que contribuir\u00e1 a deshacer la da\u00f1ina herencia cultural prohibicionista, que reprime porque s\u00ed y castiga cuando se necesita ayuda.<\/p>\n\n\n\n<p> Esta vulneraci\u00f3n motivada por el estigma se da en el acceso a la Salud, con la ausencia de seguridad en el consumo, y el<strong> derecho a la Salud <\/strong>desde el respeto al <strong>derecho a la vida<\/strong>, del que se desprende no recibir malos tratos, tanto en la atenci\u00f3n sanitaria como en todos lo \u00e1mbitos p\u00fablicos. <br><br>\u00abA veces trato a la persona consumidora como persona poco inteligente e infantilizo el trato hacia ella\u00bb,\u00bbDecido en nombre de la persona, no le doy voz ni poder de decisi\u00f3n \u00ab, \u00abA veces pierdo la noci\u00f3n de que son personas que necesitan ayuda y tiendo a juzgarlas\u00bb o, incluso desde el mismo mundo de la investigaci\u00f3n, \u00ab\u00bfTienes alg\u00fan usuario o usuaria decente para el proyecto?\u00bb.<br><br>Con estas preguntas, un nuevo Observatorio de \u00abalerta del estigma\u00bb recibido por las personas que usan alcohol y drogas ser\u00e1 creado por la Federaci\u00f3n Catalana de Drogodependencias (FCD), en colaboraci\u00f3n con la Subdirecci\u00f3n General de Drogodependencias, para concienciar a los diferentes \u00e1mbitos de atenci\u00f3n profesional y la ciudadan\u00eda sobre la importancia de dejar de estigmatizar a las personas que usan drogas.<br><\/p>\n\n\n\n<h2 class=\"wp-block-heading\">Prejuicio y estigma<\/h2>\n\n\n\n<p><em><span class=\"has-inline-color has-luminous-vivid-orange-color\">\u00abA menudo nos encontramos con que la atenci\u00f3n que se da desde los equipos de profesionales, servicios y administraciones a personas consumidoras de drogas, indiferentemente de si presentan o no un consumo problem\u00e1tico y\/o dependencia, aunque est\u00e1 condicionada por miradas de prejuicio y estigma. Estas, adem\u00e1s de representar una vulneraci\u00f3n de los derechos a la dignidad y la no discriminaci\u00f3n, conllevan que estas personas no soliciten ni reciban la ayuda en temas de salud y social que necesitan\u00bb<\/span><\/em>, expresa el comunicado de la creaci\u00f3n del Observatorio.<br><\/p>\n\n\n\n<p>Desde \u00e9l tratar\u00e1n de modificar el trato que reciben las personas usuarias para que sea \u00abcuidadoso y adecuado\u00bb de acuerdo a sus \u00absus derechos de atenci\u00f3n\u00bb, garantizando el \u00abcuidado de la salud al margen de sus consumos\u00bb. El Observatorio de alerta del Estigma ser\u00e1<em><span class=\"has-inline-color has-luminous-vivid-orange-color\"> \u00abuna v\u00eda de participaci\u00f3n\u00bb<\/span><\/em> y <em><span class=\"has-inline-color has-luminous-vivid-orange-color\">\u00abun canal por el que la propia persona afectada, otros profesionales o la ciudadan\u00eda pueden alertar de expresiones o conductas discriminatorias, ofensivas o propias de un prejuicio y estigma hacia personas consumidoras\u00bb<\/span><\/em>.<br><\/p>\n\n\n\n<figure class=\"wp-block-image size-large\"><img loading=\"lazy\" decoding=\"async\" width=\"804\" height=\"532\" src=\"https:\/\/www.cannabis.es\/pw\/wp-content\/uploads\/2020\/07\/DROGODEPENDENCIA.jpg\" alt=\"\" class=\"wp-image-5722\" srcset=\"https:\/\/www.cannabis.es\/pw\/wp-content\/uploads\/2020\/07\/DROGODEPENDENCIA.jpg 804w, https:\/\/www.cannabis.es\/pw\/wp-content\/uploads\/2020\/07\/DROGODEPENDENCIA-300x199.jpg 300w, https:\/\/www.cannabis.es\/pw\/wp-content\/uploads\/2020\/07\/DROGODEPENDENCIA-768x508.jpg 768w, https:\/\/www.cannabis.es\/pw\/wp-content\/uploads\/2020\/07\/DROGODEPENDENCIA-600x397.jpg 600w\" sizes=\"auto, (max-width: 804px) 100vw, 804px\" \/><\/figure>\n\n\n\n<p>Su creaci\u00f3n implica el reconocimiento expl\u00edcito de la vulneraci\u00f3n de derechos en las personas usuarias, en un planteamiento hacia la transformaci\u00f3n de esta realidad dentro de<a href=\"https:\/\/www.cannabis.es\/pw\/2019\/03\/15\/asociaciones-de-gestion-de-placeres-y-riesgos-hacen-de-estado-donde-la-moral-no-alcanza-a-regular\/\"> la filosof\u00eda de la Reducci\u00f3n de Da\u00f1os, m\u00e1s asentada en Catalu\u00f1a<\/a>. El Observatorio de Estigma y Drogas busca as\u00ed \u00abconocer mejor la realidad y buscar v\u00edas para reducir el estigma y <strong>proteger los derechos de las personas que usan drogas<\/strong>, incluyendo su <strong>derecho a la salud<\/strong> y el <strong>derecho a la vida\u00bb<\/strong>.<br><br>Su procedimiento ser\u00e1 recopilar las sugerencias y denuncias en informes anuales que pondr\u00e1n el foco sobre los aspectos a cambiar, lo que deber\u00eda tener un efecto  temprano en el \u00e1mbito p\u00fablico: <span class=\"has-inline-color has-luminous-vivid-orange-color\"><em>\u00abLas comunicaciones que se reciben no se tratan de manera individual, a pesar de la persona reciba contacto de recepci\u00f3n por parte del observatorio, sino que se incorporan a la estrategia global de actuaciones que realiza la FCD y la Subdirecci\u00f3n General de Drogodependencias realiza en la elaboraci\u00f3n de un informe anual p\u00fablico y el establecimiento de acciones de sensibilizaci\u00f3n, formaci\u00f3n y nuevos o mejorados procedimientos que nos ayuden a eliminar los estigmas y mejoren la atenci\u00f3n de las personas consumidoras de drogas\u00bb<\/em><\/span>.<br><br>La Reducci\u00f3n de Da\u00f1os es una filosof\u00eda que pone el enfoque en la ayuda en lugar de en el castigo, pero todav\u00eda conserva una modalizaci\u00f3n negativa que contribuye al prejuicio con las personas usuarias. Aplicada por el Estado espa\u00f1ol sin visibilidad pol\u00edtica en el Plan Nacional de Drogas, reconoce la persecuci\u00f3n como m\u00e1s lesiva. En el futuro deber\u00e1 llamarse gesti\u00f3n de placeres, al eliminar el estigma que asocia el consumo, independientemente de que resulte perjudicial, al da\u00f1o<br><br><strong>Campa\u00f1a<\/strong> <strong>Apoyo mutuo, no castigues<\/strong><\/p>\n\n\n\n<p>La creaci\u00f3n del Observatorio el d\u00eda 26 de junio fue en el marco de la campa\u00f1a internacional <a href=\"http:\/\/supportdontpunish.org\/\">Apoyo mutuo. No castigues<\/a>, que promueve pol\u00edticas de drogas que prioricen la Salud P\u00fablica y los derechos humanos.<\/p>\n\n\n\n<p>\u00abHay que tener en cuenta que el consumo problem\u00e1tico de drogas no es una elecci\u00f3n personal, sino que generalmente es una expresi\u00f3n de vulnerabilidades personales y de contextos sociales desfavorables. Es el resultado de la exposici\u00f3n a un conjunto de factores de riesgo, de naturaleza individual, psicosocial y ambiental, que contribuyen a modular la probabilidad de que una persona concreta desarrolle o no un problema relacionado con el consumo de drogas\u00bb.<\/p>\n\n\n\n<p>\u00abEn este sentido, queremos enfatizar que hay que apoyar la implementaci\u00f3n de pol\u00edticas de drogas basadas en la salud p\u00fablica, centradas en las personas y en el respeto de los derechos humanos, y poner fin a las pol\u00edticas represivas y basadas en el control\u00bb.<\/p>\n\n\n\n<p>Enlace al Observatorio Alerta Estigma: <a href=\"http:\/\/www.fcd.cat\/alerta-estigma\/\">http:\/\/www.fcd.cat\/alerta-estigma\/<\/a><\/p>\n","protected":false},"excerpt":{"rendered":"<span class=\"span-reading-time rt-reading-time\" style=\"display: block;\"><span class=\"rt-label rt-prefix\">Tiempo de lectura:<\/span> <span class=\"rt-time\"> 3<\/span> <span class=\"rt-label rt-postfix\">minutos<\/span><\/span>El Observatorio del Estigma nace en Catalu\u00f1a para transformar la sistem\u00e1tica vulneraci\u00f3n de derechos en personas usuarias de drogas. ","protected":false},"author":3,"featured_media":5722,"comment_status":"closed","ping_status":"closed","sticky":false,"template":"","format":"standard","meta":{"loftocean-featured-post":"","loftocean_post_format_gallery":"","loftocean_post_format_gallery_ids":"","loftocean_post_format_gallery_urls":"","loftocean_post_format_video_id":"","loftocean_post_format_video_url":"","loftocean_post_format_video_type":"","loftocean_post_format_video":"","loftocean_post_format_audio_type":"","loftocean_post_format_audio_url":"","loftocean_post_format_audio_id":"","loftocean_post_format_audio":"","loftocean_post_format_quote_text":"","loftocean_post_format_quote_byline":"","loftocean_post_format_link_text":"","loftocean_post_format_link_url":"","ceramag_post_header_style":"","ceramag_enable_background_video":"","ceramag_show_in_top_slider":"","ceramag_post_background_video_start":"","ceramag_post_background_video_end":"","loftocean_page_background_video_id":"","loftocean_page_background_video_url":"","loftocean_page_background_video_type":"","loftocean_page_background_video":"","ceramag_background_video_start":"","ceramag_background_video_end":"","ceramag_single_page_hide_header":"","footnotes":""},"categories":[35],"tags":[540,44,58],"class_list":["post-5721","post","type-post","status-publish","format-standard","has-post-thumbnail","hentry","category-politica-y-sociedad","tag-arnau-alcaide","tag-drogas","tag-reduccion-de-riesgos"],"yoast_head":"<!-- This site is optimized with the Yoast SEO plugin v24.9 - https:\/\/yoast.com\/wordpress\/plugins\/seo\/ -->\n<title>Alerta Estigma: nuevo Observatorio en Catalu\u00f1a identifica malas conductas<\/title>\n<meta name=\"description\" content=\"Entrada &#8226; Portal multimedia sobre cannabis y otras sustancias &#8226; 1 julio, 2020\" \/>\n<meta name=\"robots\" content=\"index, follow, max-snippet:-1, max-image-preview:large, max-video-preview:-1\" \/>\n<link rel=\"canonical\" href=\"https:\/\/www.cannabis.es\/pw\/2020\/07\/01\/alerta-estigma-nuevo-observatorio-en-cataluna-identifica-malas-conductas\/\" \/>\n<meta name=\"twitter:card\" content=\"summary_large_image\" \/>\n<meta name=\"twitter:title\" content=\"Alerta Estigma: nuevo Observatorio en Catalu\u00f1a identifica malas conductas\" \/>\n<meta name=\"twitter:description\" content=\"Entrada &#8226; Portal multimedia sobre cannabis y otras sustancias &#8226; 1 julio, 2020\" \/>\n<meta name=\"twitter:image\" content=\"https:\/\/www.cannabis.es\/pw\/wp-content\/uploads\/2020\/07\/DROGODEPENDENCIA.jpg\" \/>\n<meta name=\"twitter:creator\" content=\"@cannabis_es\" \/>\n<meta name=\"twitter:site\" content=\"@cannabis_es\" \/>\n<meta name=\"twitter:label1\" content=\"Escrito por\" \/>\n\t<meta name=\"twitter:data1\" content=\"Cannabis.es\" \/>\n\t<meta name=\"twitter:label2\" content=\"Tiempo de lectura\" \/>\n\t<meta name=\"twitter:data2\" content=\"5 minutos\" \/>\n<script type=\"application\/ld+json\" class=\"yoast-schema-graph\">{\"@context\":\"https:\/\/schema.org\",\"@graph\":[{\"@type\":\"Article\",\"@id\":\"https:\/\/www.cannabis.es\/pw\/2020\/07\/01\/alerta-estigma-nuevo-observatorio-en-cataluna-identifica-malas-conductas\/#article\",\"isPartOf\":{\"@id\":\"https:\/\/www.cannabis.es\/pw\/2020\/07\/01\/alerta-estigma-nuevo-observatorio-en-cataluna-identifica-malas-conductas\/\"},\"author\":{\"name\":\"Cannabis.es\",\"@id\":\"https:\/\/www.cannabis.es\/pw\/#\/schema\/person\/ec770c03f3e99d770687f537f4ba1e89\"},\"headline\":\"Alerta Estigma: nuevo Observatorio en Catalu\u00f1a identifica malas conductas\",\"datePublished\":\"2020-07-01T12:11:49+00:00\",\"dateModified\":\"2020-07-02T10:13:44+00:00\",\"mainEntityOfPage\":{\"@id\":\"https:\/\/www.cannabis.es\/pw\/2020\/07\/01\/alerta-estigma-nuevo-observatorio-en-cataluna-identifica-malas-conductas\/\"},\"wordCount\":929,\"publisher\":{\"@id\":\"https:\/\/www.cannabis.es\/pw\/#organization\"},\"image\":{\"@id\":\"https:\/\/www.cannabis.es\/pw\/2020\/07\/01\/alerta-estigma-nuevo-observatorio-en-cataluna-identifica-malas-conductas\/#primaryimage\"},\"thumbnailUrl\":\"https:\/\/www.cannabis.es\/pw\/wp-content\/uploads\/2020\/07\/DROGODEPENDENCIA.jpg\",\"keywords\":[\"Arnau Alcaide\",\"drogas\",\"reducci\u00f3n de riesgos\"],\"articleSection\":[\"Pol\u00edtica y Sociedad\"],\"inLanguage\":\"es\"},{\"@type\":\"WebPage\",\"@id\":\"https:\/\/www.cannabis.es\/pw\/2020\/07\/01\/alerta-estigma-nuevo-observatorio-en-cataluna-identifica-malas-conductas\/\",\"url\":\"https:\/\/www.cannabis.es\/pw\/2020\/07\/01\/alerta-estigma-nuevo-observatorio-en-cataluna-identifica-malas-conductas\/\",\"name\":\"Alerta Estigma: nuevo Observatorio en Catalu\u00f1a identifica malas conductas\",\"isPartOf\":{\"@id\":\"https:\/\/www.cannabis.es\/pw\/#website\"},\"primaryImageOfPage\":{\"@id\":\"https:\/\/www.cannabis.es\/pw\/2020\/07\/01\/alerta-estigma-nuevo-observatorio-en-cataluna-identifica-malas-conductas\/#primaryimage\"},\"image\":{\"@id\":\"https:\/\/www.cannabis.es\/pw\/2020\/07\/01\/alerta-estigma-nuevo-observatorio-en-cataluna-identifica-malas-conductas\/#primaryimage\"},\"thumbnailUrl\":\"https:\/\/www.cannabis.es\/pw\/wp-content\/uploads\/2020\/07\/DROGODEPENDENCIA.jpg\",\"datePublished\":\"2020-07-01T12:11:49+00:00\",\"dateModified\":\"2020-07-02T10:13:44+00:00\",\"description\":\"Entrada &#8226; Portal multimedia sobre cannabis y otras sustancias &#8226; 1 julio, 2020\",\"breadcrumb\":{\"@id\":\"https:\/\/www.cannabis.es\/pw\/2020\/07\/01\/alerta-estigma-nuevo-observatorio-en-cataluna-identifica-malas-conductas\/#breadcrumb\"},\"inLanguage\":\"es\",\"potentialAction\":[{\"@type\":\"ReadAction\",\"target\":[\"https:\/\/www.cannabis.es\/pw\/2020\/07\/01\/alerta-estigma-nuevo-observatorio-en-cataluna-identifica-malas-conductas\/\"]}]},{\"@type\":\"ImageObject\",\"inLanguage\":\"es\",\"@id\":\"https:\/\/www.cannabis.es\/pw\/2020\/07\/01\/alerta-estigma-nuevo-observatorio-en-cataluna-identifica-malas-conductas\/#primaryimage\",\"url\":\"https:\/\/www.cannabis.es\/pw\/wp-content\/uploads\/2020\/07\/DROGODEPENDENCIA.jpg\",\"contentUrl\":\"https:\/\/www.cannabis.es\/pw\/wp-content\/uploads\/2020\/07\/DROGODEPENDENCIA.jpg\",\"width\":804,\"height\":532},{\"@type\":\"BreadcrumbList\",\"@id\":\"https:\/\/www.cannabis.es\/pw\/2020\/07\/01\/alerta-estigma-nuevo-observatorio-en-cataluna-identifica-malas-conductas\/#breadcrumb\",\"itemListElement\":[{\"@type\":\"ListItem\",\"position\":1,\"name\":\"Portada\",\"item\":\"http:\/\/www.cannabis.es\/pw\/\"},{\"@type\":\"ListItem\",\"position\":2,\"name\":\"Alerta Estigma: nuevo Observatorio en Catalu\u00f1a identifica malas conductas\"}]},{\"@type\":\"WebSite\",\"@id\":\"https:\/\/www.cannabis.es\/pw\/#website\",\"url\":\"https:\/\/www.cannabis.es\/pw\/\",\"name\":\"Cannabis\",\"description\":\"Portal multimedia sobre cannabis y otras sustancias\",\"publisher\":{\"@id\":\"https:\/\/www.cannabis.es\/pw\/#organization\"},\"potentialAction\":[{\"@type\":\"SearchAction\",\"target\":{\"@type\":\"EntryPoint\",\"urlTemplate\":\"https:\/\/www.cannabis.es\/pw\/?s={search_term_string}\"},\"query-input\":{\"@type\":\"PropertyValueSpecification\",\"valueRequired\":true,\"valueName\":\"search_term_string\"}}],\"inLanguage\":\"es\"},{\"@type\":\"Organization\",\"@id\":\"https:\/\/www.cannabis.es\/pw\/#organization\",\"name\":\"Cannabis.es\",\"url\":\"https:\/\/www.cannabis.es\/pw\/\",\"logo\":{\"@type\":\"ImageObject\",\"inLanguage\":\"es\",\"@id\":\"https:\/\/www.cannabis.es\/pw\/#\/schema\/logo\/image\/\",\"url\":\"https:\/\/www.cannabis.es\/pw\/wp-content\/uploads\/2019\/04\/cropped-logo_cannabis.png\",\"contentUrl\":\"https:\/\/www.cannabis.es\/pw\/wp-content\/uploads\/2019\/04\/cropped-logo_cannabis.png\",\"width\":361,\"height\":120,\"caption\":\"Cannabis.es\"},\"image\":{\"@id\":\"https:\/\/www.cannabis.es\/pw\/#\/schema\/logo\/image\/\"},\"sameAs\":[\"https:\/\/x.com\/cannabis_es\"]},{\"@type\":\"Person\",\"@id\":\"https:\/\/www.cannabis.es\/pw\/#\/schema\/person\/ec770c03f3e99d770687f537f4ba1e89\",\"name\":\"Cannabis.es\",\"image\":{\"@type\":\"ImageObject\",\"inLanguage\":\"es\",\"@id\":\"https:\/\/www.cannabis.es\/pw\/#\/schema\/person\/image\/\",\"url\":\"https:\/\/secure.gravatar.com\/avatar\/810c93a3d6fadc3d9c2665b1d919a4aedea8ed4dd63689d001e985a804e90d83?s=96&d=mm&r=g\",\"contentUrl\":\"https:\/\/secure.gravatar.com\/avatar\/810c93a3d6fadc3d9c2665b1d919a4aedea8ed4dd63689d001e985a804e90d83?s=96&d=mm&r=g\",\"caption\":\"Cannabis.es\"},\"url\":\"https:\/\/www.cannabis.es\/pw\/author\/arnau\/\"}]}<\/script>\n<!-- \/ Yoast SEO plugin. -->","yoast_head_json":{"title":"Alerta Estigma: nuevo Observatorio en Catalu\u00f1a identifica malas conductas","description":"Entrada &#8226; Portal multimedia sobre cannabis y otras sustancias &#8226; 1 julio, 2020","robots":{"index":"index","follow":"follow","max-snippet":"max-snippet:-1","max-image-preview":"max-image-preview:large","max-video-preview":"max-video-preview:-1"},"canonical":"https:\/\/www.cannabis.es\/pw\/2020\/07\/01\/alerta-estigma-nuevo-observatorio-en-cataluna-identifica-malas-conductas\/","twitter_card":"summary_large_image","twitter_title":"Alerta Estigma: nuevo Observatorio en Catalu\u00f1a identifica malas conductas","twitter_description":"Entrada &#8226; Portal multimedia sobre cannabis y otras sustancias &#8226; 1 julio, 2020","twitter_image":"https:\/\/www.cannabis.es\/pw\/wp-content\/uploads\/2020\/07\/DROGODEPENDENCIA.jpg","twitter_creator":"@cannabis_es","twitter_site":"@cannabis_es","twitter_misc":{"Escrito por":"Cannabis.es","Tiempo de lectura":"5 minutos"},"schema":{"@context":"https:\/\/schema.org","@graph":[{"@type":"Article","@id":"https:\/\/www.cannabis.es\/pw\/2020\/07\/01\/alerta-estigma-nuevo-observatorio-en-cataluna-identifica-malas-conductas\/#article","isPartOf":{"@id":"https:\/\/www.cannabis.es\/pw\/2020\/07\/01\/alerta-estigma-nuevo-observatorio-en-cataluna-identifica-malas-conductas\/"},"author":{"name":"Cannabis.es","@id":"https:\/\/www.cannabis.es\/pw\/#\/schema\/person\/ec770c03f3e99d770687f537f4ba1e89"},"headline":"Alerta Estigma: nuevo Observatorio en Catalu\u00f1a identifica malas conductas","datePublished":"2020-07-01T12:11:49+00:00","dateModified":"2020-07-02T10:13:44+00:00","mainEntityOfPage":{"@id":"https:\/\/www.cannabis.es\/pw\/2020\/07\/01\/alerta-estigma-nuevo-observatorio-en-cataluna-identifica-malas-conductas\/"},"wordCount":929,"publisher":{"@id":"https:\/\/www.cannabis.es\/pw\/#organization"},"image":{"@id":"https:\/\/www.cannabis.es\/pw\/2020\/07\/01\/alerta-estigma-nuevo-observatorio-en-cataluna-identifica-malas-conductas\/#primaryimage"},"thumbnailUrl":"https:\/\/www.cannabis.es\/pw\/wp-content\/uploads\/2020\/07\/DROGODEPENDENCIA.jpg","keywords":["Arnau Alcaide","drogas","reducci\u00f3n de riesgos"],"articleSection":["Pol\u00edtica y Sociedad"],"inLanguage":"es"},{"@type":"WebPage","@id":"https:\/\/www.cannabis.es\/pw\/2020\/07\/01\/alerta-estigma-nuevo-observatorio-en-cataluna-identifica-malas-conductas\/","url":"https:\/\/www.cannabis.es\/pw\/2020\/07\/01\/alerta-estigma-nuevo-observatorio-en-cataluna-identifica-malas-conductas\/","name":"Alerta Estigma: nuevo Observatorio en Catalu\u00f1a identifica malas conductas","isPartOf":{"@id":"https:\/\/www.cannabis.es\/pw\/#website"},"primaryImageOfPage":{"@id":"https:\/\/www.cannabis.es\/pw\/2020\/07\/01\/alerta-estigma-nuevo-observatorio-en-cataluna-identifica-malas-conductas\/#primaryimage"},"image":{"@id":"https:\/\/www.cannabis.es\/pw\/2020\/07\/01\/alerta-estigma-nuevo-observatorio-en-cataluna-identifica-malas-conductas\/#primaryimage"},"thumbnailUrl":"https:\/\/www.cannabis.es\/pw\/wp-content\/uploads\/2020\/07\/DROGODEPENDENCIA.jpg","datePublished":"2020-07-01T12:11:49+00:00","dateModified":"2020-07-02T10:13:44+00:00","description":"Entrada &#8226; Portal multimedia sobre cannabis y otras sustancias &#8226; 1 julio, 2020","breadcrumb":{"@id":"https:\/\/www.cannabis.es\/pw\/2020\/07\/01\/alerta-estigma-nuevo-observatorio-en-cataluna-identifica-malas-conductas\/#breadcrumb"},"inLanguage":"es","potentialAction":[{"@type":"ReadAction","target":["https:\/\/www.cannabis.es\/pw\/2020\/07\/01\/alerta-estigma-nuevo-observatorio-en-cataluna-identifica-malas-conductas\/"]}]},{"@type":"ImageObject","inLanguage":"es","@id":"https:\/\/www.cannabis.es\/pw\/2020\/07\/01\/alerta-estigma-nuevo-observatorio-en-cataluna-identifica-malas-conductas\/#primaryimage","url":"https:\/\/www.cannabis.es\/pw\/wp-content\/uploads\/2020\/07\/DROGODEPENDENCIA.jpg","contentUrl":"https:\/\/www.cannabis.es\/pw\/wp-content\/uploads\/2020\/07\/DROGODEPENDENCIA.jpg","width":804,"height":532},{"@type":"BreadcrumbList","@id":"https:\/\/www.cannabis.es\/pw\/2020\/07\/01\/alerta-estigma-nuevo-observatorio-en-cataluna-identifica-malas-conductas\/#breadcrumb","itemListElement":[{"@type":"ListItem","position":1,"name":"Portada","item":"http:\/\/www.cannabis.es\/pw\/"},{"@type":"ListItem","position":2,"name":"Alerta Estigma: nuevo Observatorio en Catalu\u00f1a identifica malas conductas"}]},{"@type":"WebSite","@id":"https:\/\/www.cannabis.es\/pw\/#website","url":"https:\/\/www.cannabis.es\/pw\/","name":"Cannabis","description":"Portal multimedia sobre cannabis y otras sustancias","publisher":{"@id":"https:\/\/www.cannabis.es\/pw\/#organization"},"potentialAction":[{"@type":"SearchAction","target":{"@type":"EntryPoint","urlTemplate":"https:\/\/www.cannabis.es\/pw\/?s={search_term_string}"},"query-input":{"@type":"PropertyValueSpecification","valueRequired":true,"valueName":"search_term_string"}}],"inLanguage":"es"},{"@type":"Organization","@id":"https:\/\/www.cannabis.es\/pw\/#organization","name":"Cannabis.es","url":"https:\/\/www.cannabis.es\/pw\/","logo":{"@type":"ImageObject","inLanguage":"es","@id":"https:\/\/www.cannabis.es\/pw\/#\/schema\/logo\/image\/","url":"https:\/\/www.cannabis.es\/pw\/wp-content\/uploads\/2019\/04\/cropped-logo_cannabis.png","contentUrl":"https:\/\/www.cannabis.es\/pw\/wp-content\/uploads\/2019\/04\/cropped-logo_cannabis.png","width":361,"height":120,"caption":"Cannabis.es"},"image":{"@id":"https:\/\/www.cannabis.es\/pw\/#\/schema\/logo\/image\/"},"sameAs":["https:\/\/x.com\/cannabis_es"]},{"@type":"Person","@id":"https:\/\/www.cannabis.es\/pw\/#\/schema\/person\/ec770c03f3e99d770687f537f4ba1e89","name":"Cannabis.es","image":{"@type":"ImageObject","inLanguage":"es","@id":"https:\/\/www.cannabis.es\/pw\/#\/schema\/person\/image\/","url":"https:\/\/secure.gravatar.com\/avatar\/810c93a3d6fadc3d9c2665b1d919a4aedea8ed4dd63689d001e985a804e90d83?s=96&d=mm&r=g","contentUrl":"https:\/\/secure.gravatar.com\/avatar\/810c93a3d6fadc3d9c2665b1d919a4aedea8ed4dd63689d001e985a804e90d83?s=96&d=mm&r=g","caption":"Cannabis.es"},"url":"https:\/\/www.cannabis.es\/pw\/author\/arnau\/"}]}},"_links":{"self":[{"href":"https:\/\/www.cannabis.es\/pw\/wp-json\/wp\/v2\/posts\/5721","targetHints":{"allow":["GET"]}}],"collection":[{"href":"https:\/\/www.cannabis.es\/pw\/wp-json\/wp\/v2\/posts"}],"about":[{"href":"https:\/\/www.cannabis.es\/pw\/wp-json\/wp\/v2\/types\/post"}],"author":[{"embeddable":true,"href":"https:\/\/www.cannabis.es\/pw\/wp-json\/wp\/v2\/users\/3"}],"replies":[{"embeddable":true,"href":"https:\/\/www.cannabis.es\/pw\/wp-json\/wp\/v2\/comments?post=5721"}],"version-history":[{"count":8,"href":"https:\/\/www.cannabis.es\/pw\/wp-json\/wp\/v2\/posts\/5721\/revisions"}],"predecessor-version":[{"id":5730,"href":"https:\/\/www.cannabis.es\/pw\/wp-json\/wp\/v2\/posts\/5721\/revisions\/5730"}],"wp:featuredmedia":[{"embeddable":true,"href":"https:\/\/www.cannabis.es\/pw\/wp-json\/wp\/v2\/media\/5722"}],"wp:attachment":[{"href":"https:\/\/www.cannabis.es\/pw\/wp-json\/wp\/v2\/media?parent=5721"}],"wp:term":[{"taxonomy":"category","embeddable":true,"href":"https:\/\/www.cannabis.es\/pw\/wp-json\/wp\/v2\/categories?post=5721"},{"taxonomy":"post_tag","embeddable":true,"href":"https:\/\/www.cannabis.es\/pw\/wp-json\/wp\/v2\/tags?post=5721"}],"curies":[{"name":"wp","href":"https:\/\/api.w.org\/{rel}","templated":true}]}}