{"id":5761,"date":"2020-07-07T13:58:25","date_gmt":"2020-07-07T11:58:25","guid":{"rendered":"https:\/\/www.cannabis.es\/pw\/?p=5761"},"modified":"2020-08-24T11:30:23","modified_gmt":"2020-08-24T09:30:23","slug":"uruguay-impulsara-la-exportacion-de-cannabis-medicinal-hacia-un-modelo-comercial","status":"publish","type":"post","link":"https:\/\/www.cannabis.es\/pw\/2020\/07\/07\/uruguay-impulsara-la-exportacion-de-cannabis-medicinal-hacia-un-modelo-comercial\/","title":{"rendered":"Uruguay impulsar\u00e1 la exportaci\u00f3n de cannabis medicinal hacia un modelo comercial"},"content":{"rendered":"\n<p>Arnau Alcaide<br><br>En Uruguay, Gobierno y Junta Nacional de Drogas, el organismo competente encargado de la reglamentaci\u00f3n nacional de las sustancias consideradas estupefacientes en los tratados internacionales, se reunieron ayer lunes con empresariado del pa\u00eds. El resultado ha sido el anuncio del compromiso del Gobierno de hacer modificaciones para la sencilla comercializaci\u00f3n del cannabis, lo que permitir\u00e1 el crecimiento de un sector con potencial para exportar.<br><br>La reuni\u00f3n entre la industria del cannabis y los departamentos encargados del Gobierno, Salud y Agricultura, termin\u00f3 con el nombramiento de un nuevo Secretario de la Junta de Drogas, el organismo regulador, y la <a href=\"https:\/\/www.subrayado.com.uy\/gobierno-prepara-cambios-normativos-favorecer-la-exportacion-cannabis-y-canamo-n644406?fbclid=IwAR1-bQegbX8KMvWt5SxQFYPTNmhyHpO_Sro1owp3MR-2Ho3zc2OQ8S8sXO4\">\u00abpuerta abierta\u00bb<\/a> a la expedici\u00f3n de nuevas licencias. Parece la v\u00eda de preferencia para aumentar la producci\u00f3n en el pa\u00eds, pues hasta la fecha, hay 9 empresas licenciadas para el cultivo psicoactivo, 42 no psicoactivo, 9 de c\u00e1\u00f1amo industrial y 18 para investigaci\u00f3n, pero existe potencial tanto para abastecer al completo su demanda interna como para exportar.<br><br><span class=\"has-inline-color has-luminous-vivid-orange-color\"><em>\u00abEstamos pensando en avanzar modificando algunas normas reglamentarias, algunos decretos, que tienen que ver con el desarrollo de esta industria para tratar de mejorar todo lo que es la operatividad en la instalaci\u00f3n de las plantas, la fase de industrializaci\u00f3n y de exportaci\u00f3n de estos productos\u00bb<\/em><\/span>, ha explicado el Prosecretario de Presidencia, Rodrigo Ferr\u00e9s, del Partido Nacional,<a href=\"https:\/\/www.youtube.com\/watch?v=QT3SyiPBx9A\"> en declaraciones a los medios<\/a>. Ser\u00eda mediante \u00abdecretos\u00bb ley del \u00abpoder ejecutivo\u00bb, lo que les permitir\u00eda avanzar directamente sin contar con la oposici\u00f3n.<\/p>\n\n\n\n<figure class=\"wp-block-image size-large\"><img loading=\"lazy\" decoding=\"async\" width=\"1024\" height=\"677\" src=\"https:\/\/www.cannabis.es\/pw\/wp-content\/uploads\/2020\/07\/PORTADA-URUGUAY_CUMBRE-1-1024x677.jpg\" alt=\"\" class=\"wp-image-5763\" srcset=\"https:\/\/www.cannabis.es\/pw\/wp-content\/uploads\/2020\/07\/PORTADA-URUGUAY_CUMBRE-1-1024x677.jpg 1024w, https:\/\/www.cannabis.es\/pw\/wp-content\/uploads\/2020\/07\/PORTADA-URUGUAY_CUMBRE-1-300x198.jpg 300w, https:\/\/www.cannabis.es\/pw\/wp-content\/uploads\/2020\/07\/PORTADA-URUGUAY_CUMBRE-1-768x508.jpg 768w, https:\/\/www.cannabis.es\/pw\/wp-content\/uploads\/2020\/07\/PORTADA-URUGUAY_CUMBRE-1-1536x1016.jpg 1536w, https:\/\/www.cannabis.es\/pw\/wp-content\/uploads\/2020\/07\/PORTADA-URUGUAY_CUMBRE-1-1200x794.jpg 1200w, https:\/\/www.cannabis.es\/pw\/wp-content\/uploads\/2020\/07\/PORTADA-URUGUAY_CUMBRE-1-600x397.jpg 600w, https:\/\/www.cannabis.es\/pw\/wp-content\/uploads\/2020\/07\/PORTADA-URUGUAY_CUMBRE-1.jpg 1607w\" sizes=\"auto, (max-width: 1024px) 100vw, 1024px\" \/><\/figure>\n\n\n\n<h2 class=\"wp-block-heading\">Una regulaci\u00f3n obsoleta para la industria<\/h2>\n\n\n\n<p>A su vez, desde la C\u00e1mara de Empresas de Cannabis Medicinal, la patronal uruguaya en el sector, su presidente Marco Algorta se congratulaba por lo anunciado a la salida de la reuni\u00f3n:<em><span class=\"has-inline-color has-luminous-vivid-orange-color\"> \u00abLa reglamentaci\u00f3n que tenemos es de febrero de 2015 y en ese momento no exist\u00eda el comercio exterior de cannabismedicinal, entonces es una normativa que precede a la pr\u00e1ctica [&#8230;]. Un ordenamiento tiene que tener en cuenta c\u00f3mo hoy en d\u00eda ocurre el comercio internacional [&#8230;]. La calidad est\u00e1, las v\u00edas comerciales est\u00e1n; falta la adecuaci\u00f3n de la normativa\u00bb<\/span><\/em>.<br><br>Uruguay, primer pa\u00eds en regular los derechos de acceso al cannabis y que adem\u00e1s rechaz\u00f3 una visi\u00f3n comercial, hab\u00eda sufrido escasez en el provisi\u00f3n p\u00fablica de cannabis, pues su sistema de concesiones de licencias a las empresas implica tanto m\u00e1ximos de producci\u00f3n como precios fijados, lo que limita las ganancias empresariales a falta de contratos para la exportaci\u00f3n del cannabis, que se han sucedido de manera puntual, como la primera exportaci\u00f3n legal en el mundo de flor a Australia, pero se enfrentaban tambi\u00e9n a limitaciones legales. En lo que algunos titulares han tachado de \u00abdesregular\u00bb, el Gobierno tender\u00e1 a hacer desaparecer los apartados de la ley m\u00e1s restrictivos con la actividad productiva y comercial.<br><br>El Partido Nacional, el principal en la derecha del pa\u00eds, gobierna en minor\u00eda despu\u00e9s de ganar la segunda vuelta de los comicios del 27 de octubre de 2019, en los que se impuso al Frente Amplio del conocido y ya retirado dirigente, Jos\u00e9 Mujica, protagonista de la filosof\u00eda de la legalizaci\u00f3n cuando todav\u00eda la industria no imaginaba explotar el cultivo de cannabis. La primera vuelta, no obstante, la gan\u00f3 el Frente Amplio, que cuenta con 42 diputados frente a los 30 del Partido Nacional, pero el resto de partidos menos los ecologistas pidieron el voto para el Partido Nacional.<br><br>\u00abTabar\u00e9 V\u00e1zquez\u00bb, el anterior presidente del gobierno por parte del Frente Amplio, \u00abno fue un entusiasta del modelo; no es que haya ido a v\u00eda muerta como algunos pregonaban, pero para un modelo tan innovador se necesita temple y mano firme. La instrumentaci\u00f3n de la ley no ha tenido en la agenda de gobierno ni la prioridad ni la importancia pol\u00edtica que tuvo anteriormente\u00bb,<a href=\"https:\/\/www.eldiario.es\/internacional\/uruguay-experimento-legal-asombra-mundo_1_1451247.html\"> sostuvo hace un a\u00f1o<\/a> el exsecretario de la JND, Milton Romani. <br><br>Curiosamente, es la derecha quien impulsa ahora el modelo comercial, pero cuenta con el buen argumento de dejar que tome carrerilla un sector agr\u00edcola en el que pueden ser pioneros y con un uso intensivo de mano de obra, que genera puestos de trabajo.<\/p>\n","protected":false},"excerpt":{"rendered":"<span class=\"span-reading-time rt-reading-time\" style=\"display: block;\"><span class=\"rt-label rt-prefix\">Tiempo de lectura:<\/span> <span class=\"rt-time\"> 3<\/span> <span class=\"rt-label rt-postfix\">minutos<\/span><\/span>Uruguay har\u00e1 modificaciones para la sencilla comercializaci\u00f3n del cannabis, lo que permitir\u00e1 el crecimiento de un sector con potencial para exportar.","protected":false},"author":3,"featured_media":5762,"comment_status":"closed","ping_status":"closed","sticky":false,"template":"","format":"standard","meta":{"loftocean-featured-post":"","loftocean_post_format_gallery":"","loftocean_post_format_gallery_ids":"","loftocean_post_format_gallery_urls":"","loftocean_post_format_video_id":"","loftocean_post_format_video_url":"","loftocean_post_format_video_type":"","loftocean_post_format_video":"","loftocean_post_format_audio_type":"","loftocean_post_format_audio_url":"","loftocean_post_format_audio_id":"","loftocean_post_format_audio":"","loftocean_post_format_quote_text":"","loftocean_post_format_quote_byline":"","loftocean_post_format_link_text":"","loftocean_post_format_link_url":"","ceramag_post_header_style":"","ceramag_enable_background_video":"","ceramag_show_in_top_slider":"","ceramag_post_background_video_start":"","ceramag_post_background_video_end":"","loftocean_page_background_video_id":"","loftocean_page_background_video_url":"","loftocean_page_background_video_type":"","loftocean_page_background_video":"","ceramag_background_video_start":"","ceramag_background_video_end":"","ceramag_single_page_hide_header":"","footnotes":""},"categories":[35],"tags":[540,588,619,820],"class_list":["post-5761","post","type-post","status-publish","format-standard","has-post-thumbnail","hentry","category-politica-y-sociedad","tag-arnau-alcaide","tag-industria-del-cannabis","tag-mercado-del-cannabis","tag-uruguay"],"yoast_head":"<!-- This site is optimized with the Yoast SEO plugin v24.9 - https:\/\/yoast.com\/wordpress\/plugins\/seo\/ -->\n<title>Uruguay impulsar\u00e1 la exportaci\u00f3n de cannabis medicinal hacia un modelo comercial<\/title>\n<meta name=\"description\" content=\"Entrada &#8226; Portal multimedia sobre cannabis y otras sustancias &#8226; 7 julio, 2020\" \/>\n<meta name=\"robots\" content=\"index, follow, max-snippet:-1, max-image-preview:large, max-video-preview:-1\" \/>\n<link rel=\"canonical\" href=\"https:\/\/www.cannabis.es\/pw\/2020\/07\/07\/uruguay-impulsara-la-exportacion-de-cannabis-medicinal-hacia-un-modelo-comercial\/\" \/>\n<meta name=\"twitter:card\" content=\"summary_large_image\" \/>\n<meta name=\"twitter:title\" content=\"Uruguay impulsar\u00e1 la exportaci\u00f3n de cannabis medicinal hacia un modelo comercial\" \/>\n<meta name=\"twitter:description\" content=\"Entrada &#8226; Portal multimedia sobre cannabis y otras sustancias &#8226; 7 julio, 2020\" \/>\n<meta name=\"twitter:image\" content=\"https:\/\/www.cannabis.es\/pw\/wp-content\/uploads\/2020\/07\/PORTADA-URUGUAY_CUMBRE.jpg\" \/>\n<meta name=\"twitter:creator\" content=\"@cannabis_es\" \/>\n<meta name=\"twitter:site\" content=\"@cannabis_es\" \/>\n<meta name=\"twitter:label1\" content=\"Escrito por\" \/>\n\t<meta name=\"twitter:data1\" content=\"Cannabis.es\" \/>\n\t<meta name=\"twitter:label2\" content=\"Tiempo de lectura\" \/>\n\t<meta name=\"twitter:data2\" content=\"4 minutos\" \/>\n<script type=\"application\/ld+json\" class=\"yoast-schema-graph\">{\"@context\":\"https:\/\/schema.org\",\"@graph\":[{\"@type\":\"Article\",\"@id\":\"https:\/\/www.cannabis.es\/pw\/2020\/07\/07\/uruguay-impulsara-la-exportacion-de-cannabis-medicinal-hacia-un-modelo-comercial\/#article\",\"isPartOf\":{\"@id\":\"https:\/\/www.cannabis.es\/pw\/2020\/07\/07\/uruguay-impulsara-la-exportacion-de-cannabis-medicinal-hacia-un-modelo-comercial\/\"},\"author\":{\"name\":\"Cannabis.es\",\"@id\":\"https:\/\/www.cannabis.es\/pw\/#\/schema\/person\/ec770c03f3e99d770687f537f4ba1e89\"},\"headline\":\"Uruguay impulsar\u00e1 la exportaci\u00f3n de cannabis medicinal hacia un modelo comercial\",\"datePublished\":\"2020-07-07T11:58:25+00:00\",\"dateModified\":\"2020-08-24T09:30:23+00:00\",\"mainEntityOfPage\":{\"@id\":\"https:\/\/www.cannabis.es\/pw\/2020\/07\/07\/uruguay-impulsara-la-exportacion-de-cannabis-medicinal-hacia-un-modelo-comercial\/\"},\"wordCount\":719,\"publisher\":{\"@id\":\"https:\/\/www.cannabis.es\/pw\/#organization\"},\"image\":{\"@id\":\"https:\/\/www.cannabis.es\/pw\/2020\/07\/07\/uruguay-impulsara-la-exportacion-de-cannabis-medicinal-hacia-un-modelo-comercial\/#primaryimage\"},\"thumbnailUrl\":\"https:\/\/www.cannabis.es\/pw\/wp-content\/uploads\/2020\/07\/PORTADA-URUGUAY_CUMBRE.jpg\",\"keywords\":[\"Arnau Alcaide\",\"industria del cannabis\",\"mercado del cannabis\",\"Uruguay\"],\"articleSection\":[\"Pol\u00edtica y Sociedad\"],\"inLanguage\":\"es\"},{\"@type\":\"WebPage\",\"@id\":\"https:\/\/www.cannabis.es\/pw\/2020\/07\/07\/uruguay-impulsara-la-exportacion-de-cannabis-medicinal-hacia-un-modelo-comercial\/\",\"url\":\"https:\/\/www.cannabis.es\/pw\/2020\/07\/07\/uruguay-impulsara-la-exportacion-de-cannabis-medicinal-hacia-un-modelo-comercial\/\",\"name\":\"Uruguay impulsar\u00e1 la exportaci\u00f3n de cannabis medicinal hacia un modelo comercial\",\"isPartOf\":{\"@id\":\"https:\/\/www.cannabis.es\/pw\/#website\"},\"primaryImageOfPage\":{\"@id\":\"https:\/\/www.cannabis.es\/pw\/2020\/07\/07\/uruguay-impulsara-la-exportacion-de-cannabis-medicinal-hacia-un-modelo-comercial\/#primaryimage\"},\"image\":{\"@id\":\"https:\/\/www.cannabis.es\/pw\/2020\/07\/07\/uruguay-impulsara-la-exportacion-de-cannabis-medicinal-hacia-un-modelo-comercial\/#primaryimage\"},\"thumbnailUrl\":\"https:\/\/www.cannabis.es\/pw\/wp-content\/uploads\/2020\/07\/PORTADA-URUGUAY_CUMBRE.jpg\",\"datePublished\":\"2020-07-07T11:58:25+00:00\",\"dateModified\":\"2020-08-24T09:30:23+00:00\",\"description\":\"Entrada &#8226; Portal multimedia sobre cannabis y otras sustancias &#8226; 7 julio, 2020\",\"breadcrumb\":{\"@id\":\"https:\/\/www.cannabis.es\/pw\/2020\/07\/07\/uruguay-impulsara-la-exportacion-de-cannabis-medicinal-hacia-un-modelo-comercial\/#breadcrumb\"},\"inLanguage\":\"es\",\"potentialAction\":[{\"@type\":\"ReadAction\",\"target\":[\"https:\/\/www.cannabis.es\/pw\/2020\/07\/07\/uruguay-impulsara-la-exportacion-de-cannabis-medicinal-hacia-un-modelo-comercial\/\"]}]},{\"@type\":\"ImageObject\",\"inLanguage\":\"es\",\"@id\":\"https:\/\/www.cannabis.es\/pw\/2020\/07\/07\/uruguay-impulsara-la-exportacion-de-cannabis-medicinal-hacia-un-modelo-comercial\/#primaryimage\",\"url\":\"https:\/\/www.cannabis.es\/pw\/wp-content\/uploads\/2020\/07\/PORTADA-URUGUAY_CUMBRE.jpg\",\"contentUrl\":\"https:\/\/www.cannabis.es\/pw\/wp-content\/uploads\/2020\/07\/PORTADA-URUGUAY_CUMBRE.jpg\",\"width\":1607,\"height\":1063},{\"@type\":\"BreadcrumbList\",\"@id\":\"https:\/\/www.cannabis.es\/pw\/2020\/07\/07\/uruguay-impulsara-la-exportacion-de-cannabis-medicinal-hacia-un-modelo-comercial\/#breadcrumb\",\"itemListElement\":[{\"@type\":\"ListItem\",\"position\":1,\"name\":\"Portada\",\"item\":\"http:\/\/www.cannabis.es\/pw\/\"},{\"@type\":\"ListItem\",\"position\":2,\"name\":\"Uruguay impulsar\u00e1 la exportaci\u00f3n de cannabis medicinal hacia un modelo comercial\"}]},{\"@type\":\"WebSite\",\"@id\":\"https:\/\/www.cannabis.es\/pw\/#website\",\"url\":\"https:\/\/www.cannabis.es\/pw\/\",\"name\":\"Cannabis\",\"description\":\"Portal multimedia sobre cannabis y otras sustancias\",\"publisher\":{\"@id\":\"https:\/\/www.cannabis.es\/pw\/#organization\"},\"potentialAction\":[{\"@type\":\"SearchAction\",\"target\":{\"@type\":\"EntryPoint\",\"urlTemplate\":\"https:\/\/www.cannabis.es\/pw\/?s={search_term_string}\"},\"query-input\":{\"@type\":\"PropertyValueSpecification\",\"valueRequired\":true,\"valueName\":\"search_term_string\"}}],\"inLanguage\":\"es\"},{\"@type\":\"Organization\",\"@id\":\"https:\/\/www.cannabis.es\/pw\/#organization\",\"name\":\"Cannabis.es\",\"url\":\"https:\/\/www.cannabis.es\/pw\/\",\"logo\":{\"@type\":\"ImageObject\",\"inLanguage\":\"es\",\"@id\":\"https:\/\/www.cannabis.es\/pw\/#\/schema\/logo\/image\/\",\"url\":\"https:\/\/www.cannabis.es\/pw\/wp-content\/uploads\/2019\/04\/cropped-logo_cannabis.png\",\"contentUrl\":\"https:\/\/www.cannabis.es\/pw\/wp-content\/uploads\/2019\/04\/cropped-logo_cannabis.png\",\"width\":361,\"height\":120,\"caption\":\"Cannabis.es\"},\"image\":{\"@id\":\"https:\/\/www.cannabis.es\/pw\/#\/schema\/logo\/image\/\"},\"sameAs\":[\"https:\/\/x.com\/cannabis_es\"]},{\"@type\":\"Person\",\"@id\":\"https:\/\/www.cannabis.es\/pw\/#\/schema\/person\/ec770c03f3e99d770687f537f4ba1e89\",\"name\":\"Cannabis.es\",\"image\":{\"@type\":\"ImageObject\",\"inLanguage\":\"es\",\"@id\":\"https:\/\/www.cannabis.es\/pw\/#\/schema\/person\/image\/\",\"url\":\"https:\/\/secure.gravatar.com\/avatar\/810c93a3d6fadc3d9c2665b1d919a4aedea8ed4dd63689d001e985a804e90d83?s=96&d=mm&r=g\",\"contentUrl\":\"https:\/\/secure.gravatar.com\/avatar\/810c93a3d6fadc3d9c2665b1d919a4aedea8ed4dd63689d001e985a804e90d83?s=96&d=mm&r=g\",\"caption\":\"Cannabis.es\"},\"url\":\"https:\/\/www.cannabis.es\/pw\/author\/arnau\/\"}]}<\/script>\n<!-- \/ Yoast SEO plugin. -->","yoast_head_json":{"title":"Uruguay impulsar\u00e1 la exportaci\u00f3n de cannabis medicinal hacia un modelo comercial","description":"Entrada &#8226; Portal multimedia sobre cannabis y otras sustancias &#8226; 7 julio, 2020","robots":{"index":"index","follow":"follow","max-snippet":"max-snippet:-1","max-image-preview":"max-image-preview:large","max-video-preview":"max-video-preview:-1"},"canonical":"https:\/\/www.cannabis.es\/pw\/2020\/07\/07\/uruguay-impulsara-la-exportacion-de-cannabis-medicinal-hacia-un-modelo-comercial\/","twitter_card":"summary_large_image","twitter_title":"Uruguay impulsar\u00e1 la exportaci\u00f3n de cannabis medicinal hacia un modelo comercial","twitter_description":"Entrada &#8226; Portal multimedia sobre cannabis y otras sustancias &#8226; 7 julio, 2020","twitter_image":"https:\/\/www.cannabis.es\/pw\/wp-content\/uploads\/2020\/07\/PORTADA-URUGUAY_CUMBRE.jpg","twitter_creator":"@cannabis_es","twitter_site":"@cannabis_es","twitter_misc":{"Escrito por":"Cannabis.es","Tiempo de lectura":"4 minutos"},"schema":{"@context":"https:\/\/schema.org","@graph":[{"@type":"Article","@id":"https:\/\/www.cannabis.es\/pw\/2020\/07\/07\/uruguay-impulsara-la-exportacion-de-cannabis-medicinal-hacia-un-modelo-comercial\/#article","isPartOf":{"@id":"https:\/\/www.cannabis.es\/pw\/2020\/07\/07\/uruguay-impulsara-la-exportacion-de-cannabis-medicinal-hacia-un-modelo-comercial\/"},"author":{"name":"Cannabis.es","@id":"https:\/\/www.cannabis.es\/pw\/#\/schema\/person\/ec770c03f3e99d770687f537f4ba1e89"},"headline":"Uruguay impulsar\u00e1 la exportaci\u00f3n de cannabis medicinal hacia un modelo comercial","datePublished":"2020-07-07T11:58:25+00:00","dateModified":"2020-08-24T09:30:23+00:00","mainEntityOfPage":{"@id":"https:\/\/www.cannabis.es\/pw\/2020\/07\/07\/uruguay-impulsara-la-exportacion-de-cannabis-medicinal-hacia-un-modelo-comercial\/"},"wordCount":719,"publisher":{"@id":"https:\/\/www.cannabis.es\/pw\/#organization"},"image":{"@id":"https:\/\/www.cannabis.es\/pw\/2020\/07\/07\/uruguay-impulsara-la-exportacion-de-cannabis-medicinal-hacia-un-modelo-comercial\/#primaryimage"},"thumbnailUrl":"https:\/\/www.cannabis.es\/pw\/wp-content\/uploads\/2020\/07\/PORTADA-URUGUAY_CUMBRE.jpg","keywords":["Arnau Alcaide","industria del cannabis","mercado del cannabis","Uruguay"],"articleSection":["Pol\u00edtica y Sociedad"],"inLanguage":"es"},{"@type":"WebPage","@id":"https:\/\/www.cannabis.es\/pw\/2020\/07\/07\/uruguay-impulsara-la-exportacion-de-cannabis-medicinal-hacia-un-modelo-comercial\/","url":"https:\/\/www.cannabis.es\/pw\/2020\/07\/07\/uruguay-impulsara-la-exportacion-de-cannabis-medicinal-hacia-un-modelo-comercial\/","name":"Uruguay impulsar\u00e1 la exportaci\u00f3n de cannabis medicinal hacia un modelo comercial","isPartOf":{"@id":"https:\/\/www.cannabis.es\/pw\/#website"},"primaryImageOfPage":{"@id":"https:\/\/www.cannabis.es\/pw\/2020\/07\/07\/uruguay-impulsara-la-exportacion-de-cannabis-medicinal-hacia-un-modelo-comercial\/#primaryimage"},"image":{"@id":"https:\/\/www.cannabis.es\/pw\/2020\/07\/07\/uruguay-impulsara-la-exportacion-de-cannabis-medicinal-hacia-un-modelo-comercial\/#primaryimage"},"thumbnailUrl":"https:\/\/www.cannabis.es\/pw\/wp-content\/uploads\/2020\/07\/PORTADA-URUGUAY_CUMBRE.jpg","datePublished":"2020-07-07T11:58:25+00:00","dateModified":"2020-08-24T09:30:23+00:00","description":"Entrada &#8226; Portal multimedia sobre cannabis y otras sustancias &#8226; 7 julio, 2020","breadcrumb":{"@id":"https:\/\/www.cannabis.es\/pw\/2020\/07\/07\/uruguay-impulsara-la-exportacion-de-cannabis-medicinal-hacia-un-modelo-comercial\/#breadcrumb"},"inLanguage":"es","potentialAction":[{"@type":"ReadAction","target":["https:\/\/www.cannabis.es\/pw\/2020\/07\/07\/uruguay-impulsara-la-exportacion-de-cannabis-medicinal-hacia-un-modelo-comercial\/"]}]},{"@type":"ImageObject","inLanguage":"es","@id":"https:\/\/www.cannabis.es\/pw\/2020\/07\/07\/uruguay-impulsara-la-exportacion-de-cannabis-medicinal-hacia-un-modelo-comercial\/#primaryimage","url":"https:\/\/www.cannabis.es\/pw\/wp-content\/uploads\/2020\/07\/PORTADA-URUGUAY_CUMBRE.jpg","contentUrl":"https:\/\/www.cannabis.es\/pw\/wp-content\/uploads\/2020\/07\/PORTADA-URUGUAY_CUMBRE.jpg","width":1607,"height":1063},{"@type":"BreadcrumbList","@id":"https:\/\/www.cannabis.es\/pw\/2020\/07\/07\/uruguay-impulsara-la-exportacion-de-cannabis-medicinal-hacia-un-modelo-comercial\/#breadcrumb","itemListElement":[{"@type":"ListItem","position":1,"name":"Portada","item":"http:\/\/www.cannabis.es\/pw\/"},{"@type":"ListItem","position":2,"name":"Uruguay impulsar\u00e1 la exportaci\u00f3n de cannabis medicinal hacia un modelo comercial"}]},{"@type":"WebSite","@id":"https:\/\/www.cannabis.es\/pw\/#website","url":"https:\/\/www.cannabis.es\/pw\/","name":"Cannabis","description":"Portal multimedia sobre cannabis y otras sustancias","publisher":{"@id":"https:\/\/www.cannabis.es\/pw\/#organization"},"potentialAction":[{"@type":"SearchAction","target":{"@type":"EntryPoint","urlTemplate":"https:\/\/www.cannabis.es\/pw\/?s={search_term_string}"},"query-input":{"@type":"PropertyValueSpecification","valueRequired":true,"valueName":"search_term_string"}}],"inLanguage":"es"},{"@type":"Organization","@id":"https:\/\/www.cannabis.es\/pw\/#organization","name":"Cannabis.es","url":"https:\/\/www.cannabis.es\/pw\/","logo":{"@type":"ImageObject","inLanguage":"es","@id":"https:\/\/www.cannabis.es\/pw\/#\/schema\/logo\/image\/","url":"https:\/\/www.cannabis.es\/pw\/wp-content\/uploads\/2019\/04\/cropped-logo_cannabis.png","contentUrl":"https:\/\/www.cannabis.es\/pw\/wp-content\/uploads\/2019\/04\/cropped-logo_cannabis.png","width":361,"height":120,"caption":"Cannabis.es"},"image":{"@id":"https:\/\/www.cannabis.es\/pw\/#\/schema\/logo\/image\/"},"sameAs":["https:\/\/x.com\/cannabis_es"]},{"@type":"Person","@id":"https:\/\/www.cannabis.es\/pw\/#\/schema\/person\/ec770c03f3e99d770687f537f4ba1e89","name":"Cannabis.es","image":{"@type":"ImageObject","inLanguage":"es","@id":"https:\/\/www.cannabis.es\/pw\/#\/schema\/person\/image\/","url":"https:\/\/secure.gravatar.com\/avatar\/810c93a3d6fadc3d9c2665b1d919a4aedea8ed4dd63689d001e985a804e90d83?s=96&d=mm&r=g","contentUrl":"https:\/\/secure.gravatar.com\/avatar\/810c93a3d6fadc3d9c2665b1d919a4aedea8ed4dd63689d001e985a804e90d83?s=96&d=mm&r=g","caption":"Cannabis.es"},"url":"https:\/\/www.cannabis.es\/pw\/author\/arnau\/"}]}},"_links":{"self":[{"href":"https:\/\/www.cannabis.es\/pw\/wp-json\/wp\/v2\/posts\/5761","targetHints":{"allow":["GET"]}}],"collection":[{"href":"https:\/\/www.cannabis.es\/pw\/wp-json\/wp\/v2\/posts"}],"about":[{"href":"https:\/\/www.cannabis.es\/pw\/wp-json\/wp\/v2\/types\/post"}],"author":[{"embeddable":true,"href":"https:\/\/www.cannabis.es\/pw\/wp-json\/wp\/v2\/users\/3"}],"replies":[{"embeddable":true,"href":"https:\/\/www.cannabis.es\/pw\/wp-json\/wp\/v2\/comments?post=5761"}],"version-history":[{"count":9,"href":"https:\/\/www.cannabis.es\/pw\/wp-json\/wp\/v2\/posts\/5761\/revisions"}],"predecessor-version":[{"id":5932,"href":"https:\/\/www.cannabis.es\/pw\/wp-json\/wp\/v2\/posts\/5761\/revisions\/5932"}],"wp:featuredmedia":[{"embeddable":true,"href":"https:\/\/www.cannabis.es\/pw\/wp-json\/wp\/v2\/media\/5762"}],"wp:attachment":[{"href":"https:\/\/www.cannabis.es\/pw\/wp-json\/wp\/v2\/media?parent=5761"}],"wp:term":[{"taxonomy":"category","embeddable":true,"href":"https:\/\/www.cannabis.es\/pw\/wp-json\/wp\/v2\/categories?post=5761"},{"taxonomy":"post_tag","embeddable":true,"href":"https:\/\/www.cannabis.es\/pw\/wp-json\/wp\/v2\/tags?post=5761"}],"curies":[{"name":"wp","href":"https:\/\/api.w.org\/{rel}","templated":true}]}}