{"id":5771,"date":"2020-07-08T11:47:08","date_gmt":"2020-07-08T09:47:08","guid":{"rendered":"https:\/\/www.cannabis.es\/pw\/?p=5771"},"modified":"2020-07-08T13:36:50","modified_gmt":"2020-07-08T11:36:50","slug":"miguel-vila-ex-de-podemos-no-se-ve-rentabilidad-electoral-en-la-regulacion-del-cannabis","status":"publish","type":"post","link":"https:\/\/www.cannabis.es\/pw\/2020\/07\/08\/miguel-vila-ex-de-podemos-no-se-ve-rentabilidad-electoral-en-la-regulacion-del-cannabis\/","title":{"rendered":"Miguel Vila, ex de Podemos: \u00abno se ve rentabilidad electoral en la regulaci\u00f3n del cannabis\u00bb"},"content":{"rendered":"\n<p>Benito D\u00edaz<\/p>\n\n\n\n<p>Miguel Vila, <a href=\"https:\/\/www.cannabis.es\/pw\/2018\/12\/05\/i-jornadas-cannabicas-en-valencia-dia-dos-la-politica\/\">antiguo diputado de Podemos por Burgos<\/a>, se encarg\u00f3 de coordinar y dirigir la propuesta del partido de Pablo Iglesias para regularizar el estatus del cannabis en nuestro pa\u00eds. Organiz\u00f3 el encuentro en el Congreso, donde por primera vez las plataformas ciudadanas, los representantes de Asociaciones Cann\u00e1bicas y los pol\u00edticos se sentaban en p\u00fablico a discutir sobre la cuesti\u00f3n de la marihuana.<\/p>\n\n\n\n<p>Vila es un hombre joven, de 36 a\u00f1os, residente en Madrid y que luce pelo largo. Primero trabaj\u00f3 con Podemos como T\u00e9cnico de Imagen, para dar luego el salto a la pol\u00edtica. Nos comenta que ahora se encuentra en el paro y alejado de la arena, sin militar en ning\u00fan partido. Su salida del partido fue abrupta. Declara que lleg\u00f3 un momento en el que Pablo Iglesias no confi\u00f3 en \u00e9l y le comunic\u00f3 que no continuar\u00eda tras las elecciones. Cuenta que tambi\u00e9n tuvo problemas al intentar recuperar su trabajo con ellos. Concluye que ahora mismo ser\u00eda dif\u00edcil volver, pero no se cierra la puerta.<\/p>\n\n\n\n<p><span class=\"has-inline-color has-luminous-vivid-orange-color\">\u201c<em>Tanto Unidas Podemos, como M\u00e1s Pa\u00eds o M\u00e1s Madrid me resultan confortables en cuanto a sus principios. Est\u00e1 claro que MP y MM son agrupaciones m\u00e1s j\u00f3venes y les queda mucho recorrido, pero ahora mismo no trabajo con ninguna de las tres\u201d<\/em><\/span><em>,<\/em> afirma Vila. Tambi\u00e9n indica su inter\u00e9s en el sector cann\u00e1bico pues <em><span class=\"has-inline-color has-luminous-vivid-orange-color\">\u201clas drogas y el cannabis en especial\u00bb <\/span><\/em><span class=\"has-inline-color has-very-dark-gray-color\">son temas que le han<\/span><span class=\"has-inline-color has-luminous-vivid-orange-color\"> <\/span><em><span class=\"has-inline-color has-luminous-vivid-orange-color\">\u00abinteresado siempre\u201d<\/span><\/em>.<\/p>\n\n\n\n<figure class=\"wp-block-image size-large\"><img loading=\"lazy\" decoding=\"async\" width=\"793\" height=\"569\" src=\"https:\/\/www.cannabis.es\/pw\/wp-content\/uploads\/2020\/07\/ENTREVISTA-VILA.jpg\" alt=\"\" class=\"wp-image-5772\" srcset=\"https:\/\/www.cannabis.es\/pw\/wp-content\/uploads\/2020\/07\/ENTREVISTA-VILA.jpg 793w, https:\/\/www.cannabis.es\/pw\/wp-content\/uploads\/2020\/07\/ENTREVISTA-VILA-300x215.jpg 300w, https:\/\/www.cannabis.es\/pw\/wp-content\/uploads\/2020\/07\/ENTREVISTA-VILA-768x551.jpg 768w, https:\/\/www.cannabis.es\/pw\/wp-content\/uploads\/2020\/07\/ENTREVISTA-VILA-600x431.jpg 600w\" sizes=\"auto, (max-width: 793px) 100vw, 793px\" \/><figcaption>Reaparece tras dos a\u00f1os de silencio cann\u00e1bico, condicionados electoralmente.<\/figcaption><\/figure>\n\n\n\n<h2 class=\"wp-block-heading\"><strong>Proyecto de Ley<\/strong><\/h2>\n\n\n\n<p>La idea que se plasm\u00f3 en el proyecto ten\u00eda una perspectiva democr\u00e1tica. Esto se refiere al beneficio del tejido productivo de Espa\u00f1a, las medianas o peque\u00f1as explotaciones agr\u00edcolas, as\u00ed como al autocultivador. Tambi\u00e9n a los consumidores y pacientes medicinales. <em><span class=\"has-inline-color has-luminous-vivid-orange-color\">\u201cManej\u00e1bamos estas grandes l\u00edneas, avanzar en derechos, mejorar la salud p\u00fablica, reactivar la econom\u00eda y luchar contra el mercado negro\u201d<\/span>,<\/em> cuenta Vila. Reivindica la creaci\u00f3n de licencias excluyentes que evitar\u00edan el control monopolista de grandes empresas, al no poder poseer todo el sistema productivo.<\/p>\n\n\n\n<p>La regularizaci\u00f3n del autocultivo tendr\u00eda que seguir una serie de pautas claras, sin entrar en detalles como los porcentajes de THC de las plantas. <em><span class=\"has-inline-color has-luminous-vivid-orange-color\">\u201cS\u00ed se\u00f1al\u00e1bamos cantidades m\u00e1ximas de cannabis que pod\u00eda tener una persona. Tampoco se podr\u00eda comercializar lo proveniente del autocultivo, a menos que se participe de un circuito comercial regulado, al estilo de las cooperativas de vinos, por ejemplo\u201d<\/span>.<\/em><\/p>\n\n\n\n<p><span class=\"has-inline-color has-luminous-vivid-orange-color\">\u201c<em>Otra parte fundamental del proyecto es el cannabis medicinal. Es capital ponerlo al mismo nivel que el cannabis para uso adulto. Entendemos la urgencia de los pacientes que a d\u00eda de hoy no pueden acceder a su medicaci\u00f3n y que tienen, en gran parte, que acceder a estos tratamientos a trav\u00e9s del mercado negro. [\u2026]Creo que es fomentar los derechos Humanos: cuando tienes una sustancia que proporciona mejoras de vida a una persona con dolencias y hay una evidencia cient\u00edfica de que es as\u00ed, nosotros pens\u00e1bamos que ya no cab\u00eda debate. La opini\u00f3n ya no importa, esto es ciencia\u201d.<\/em><\/span><\/p>\n\n\n\n<p>Vila relata c\u00f3mo prepararon la propuesta de Ley, un proceso que dur\u00f3 tres a\u00f1os. <strong>Contactos con la sociedad civil, el activismo, ahondando en la cuesti\u00f3n de la realidad espa\u00f1ola al respecto del Cannabis y tejiendo sinergias entre ellos. El consenso con otros partidos, resalta, fue lo m\u00e1s dif\u00edcil.<\/strong> Al final, se expuso sobre papel.<\/p>\n\n\n\n<p>\u201c<em>Pero nunca se lleg\u00f3 discutir en el parlamento. Se adelantaron las elecciones y se disolvi\u00f3 el gobierno, etc\u00e9tera. Lo que dec\u00eda <a href=\"https:\/\/twitter.com\/Mikele_V\/status\/1274613801980223490\">en el tuit del otro d\u00eda<\/a> es que <strong>ese proyecto de ley sigue existiendo, guardado en un caj\u00f3n<\/strong>\u201d.<\/em><\/p>\n\n\n\n<p>Preguntamos por la raz\u00f3n por la que este proyecto ha quedado relegado de la agenda del socio de Gobierno del PSOE, Podemos. <em><span class=\"has-inline-color has-luminous-vivid-orange-color\">\u201cSalt\u00e1ndonos estos meses de la pandemia, pienso que todo responde a la composici\u00f3n actual del gobierno. <strong>La correlaci\u00f3n de fuerzas dentro del gobierno favorece al Partido Socialista, una agrupaci\u00f3n que siempre se han mostrado contraria a, incluso, a proponer el debate de la regularizaci\u00f3n.<\/strong> Pero en perspectiva, existe una gran diferencia entre agrupaciones locales y auton\u00f3micas, as\u00ed como las juventudes que, si tienen una postura abierta a plantear el debate, a diferencia del grupo a nivel nacional\u201d<\/span>.<\/em> El antiguo diputado afirma que puede ver a Unidas Podemos bastante subordinados a mantener la coalici\u00f3n de gobierno a toda costa, lo que impide plantear nada que pueda suponer un foco de discrepancia interno. <em><span class=\"has-inline-color has-luminous-vivid-orange-color\">\u201cSolo es una suposici\u00f3n. Pero e<a href=\"https:\/\/www.cannabis.es\/pw\/2018\/10\/22\/hacia-una-regulacion-integral-del-cannabis-jornada-en-el-congreso-de-los-diputados\/\">n Podemos estaban muy convencidos<\/a> de traer este tema sobre la mesa\u201d<\/span>.<\/em><\/p>\n\n\n\n<p>Le exponemos las trabas de los dirigentes de partidos, tales como Pablo Iglesias por Podemos <a href=\"https:\/\/www.cannabis.es\/pw\/2020\/02\/28\/confac-echa-raices-frente-al-congreso\/\">o \u00cd\u00f1igo Errej\u00f3n por M\u00e1s Pa\u00eds<\/a>, para atender las preguntas de los medios especializados del sector.<\/p>\n\n\n\n<p>\u201c<em>No s\u00e9 por qu\u00e9 hacen eso. S\u00ed te puedo decir que <a href=\"https:\/\/www.cannabis.es\/pw\/2020\/05\/20\/el-cannabis-se-cae-de-la-agenda-politica\/\">M\u00e1s Pa\u00eds ya ha presentado una PNL<\/a> en torno a la regularizaci\u00f3n. Me parece que es la \u00fanica agrupaci\u00f3n que lo ha hecho hasta el momento. Es una diferencia entre esos grupos que merece la pena se\u00f1alar. Parece que el Cannabis es una cuesti\u00f3n sobre la que es f\u00e1cil banalizar o ridiculizar, algo grave, porque es un tema como para debatir muy en serio. Adem\u00e1s,<strong> todav\u00eda no est\u00e1 claro en la c\u00fapula de los partidos la rentabilidad electoral que pueden sacar de todo esto.<\/strong> A nivel institucional, es muy importante. Hablando en t\u00e9rminos pragm\u00e1ticos, creo que la regulaci\u00f3n s\u00ed lo es, pues puede mejorar la sociedad, las condiciones de vida de la gente, es una oportunidad econ\u00f3mica, generar una industria nueva, sostenible, que da empleo a cientos de miles de personas. <strong>Es posible que el r\u00e9dito lo puedan ver luego, al conseguir que funcione.<\/strong> En mi caso, pongo esa rentabilidad al margen. Pero es algo que influye much\u00edsimo en los representantes, a los que ya es dif\u00edcil hasta acceder para conseguir una declaraci\u00f3n informada sobre el asunto\u201d.<\/em><\/p>\n\n\n\n<h2 class=\"wp-block-heading\"><strong>C\u00edrculo Cann\u00e1bico<\/strong><\/h2>\n\n\n\n<p>\u201c<em>No s\u00e9 cu\u00e1nta gente hay en el C\u00edrculo Cann\u00e1bico, aunque me aventuro a decir que no mucha. Hicieron un trabajo muy interesante, sobre todo al principio. Fueron los que me expusieron la primera informaci\u00f3n seria. El primer a\u00f1o fue muy bien, luego la cosa se torci\u00f3. Desde mi experiencia, fueron los que m\u00e1s palos en las ruedas pusieron en la preparaci\u00f3n de la propuesta. Adem\u00e1s, por causas un tanto infantiles como la b\u00fasqueda de protagonismo, algo que me espant\u00f3 bastante. Cuando me pongo a trabajar en algo en lo que creo, para conseguir un objetivo, por muchos matices que tenga no puede resultar en una guerra o en una confrontaci\u00f3n\u201d.<\/em><\/p>\n\n\n\n<p>Aclara Vila que no tuvo desarrollo en el activismo y que su militancia no procede de este<strong> C\u00edrculo Cann\u00e1bico. <\/strong><em><span class=\"has-inline-color has-luminous-vivid-orange-color\">\u201cEn la actualidad, no s\u00e9 c\u00f3mo est\u00e1n. Pero s\u00ed puedo decir que <strong>si ellos dicen una cosa y la direcci\u00f3n del partido no lo corrobora, lo que hayan dicho no tiene validez<\/strong>. El C\u00edrculo Cann\u00e1bico no puede ni ha podido hablar en nombre de Podemos\u201d.<\/span><\/em><\/p>\n\n\n\n<h2 class=\"wp-block-heading\"><strong>Activismo, asociaciones y clubes<\/strong><\/h2>\n\n\n\n<p>Vila reconoce la importancia de los activistas, de su lucha desde hace 20 a\u00f1os por la defensa de los derechos de los consumidores y autocultivadores. A su vez, certifica la labor de las Asociaciones y los CSC, a los que considera una gran victoria del activismo que ha dado lugar a estudios en el \u00e1mbito internacional. <em><span class=\"has-inline-color has-luminous-vivid-orange-color\">\u201cSe trata de un circuito que, a pesar de la prohibici\u00f3n, garantiza un consumo relativamente seguro y responsable al sacarlo de la v\u00eda p\u00fablica\u201d<\/span>. <\/em>Cita como referencia los c\u00f3digos de buenas pr\u00e1cticas autoimpuestos. El exdiputado apunta a la inseguridad jur\u00eddica que afecta a estos colectivos, se\u00f1alando que sin los activistas <em>\u201cno habr\u00eda ning\u00fan avance\u201d.<\/em><\/p>\n\n\n\n<p><strong>Vila confiesa ser <a href=\"https:\/\/www.cannabis.es\/pw\/2020\/06\/04\/las-finanzas-del-cannabis\/\">lector de Cannabis.es<\/a><\/strong> y no sorprende por tanto que se encuentre al corriente de las \u00faltimas noticias al respecto de <a href=\"https:\/\/www.cannabis.es\/pw\/2019\/12\/27\/condenan-a-9-meses-y-10-000-euros-a-la-abuela-marihuana\/\">los casos de Fernanda<\/a> de la Figuera <a href=\"https:\/\/www.cannabis.es\/pw\/2020\/06\/04\/piden-el-indulto-tres-de-los-primeros-asociados-que-entrarian-en-prision-en-espana\/\">y Albert Ti\u00f3.<\/a> <em><span class=\"has-inline-color has-luminous-vivid-orange-color\">\u201cEs gente a la que se criminaliza y que est\u00e1 ah\u00ed por una reivindicaci\u00f3n social que est\u00e1 muy extendida en Espa\u00f1a, el cambio de pol\u00edticas prohibicionistas y la regularizaci\u00f3n del cannabis\u201d<\/span>,<\/em> declara.<\/p>\n\n\n\n<h2 class=\"wp-block-heading\"><strong>Futuro<\/strong><\/h2>\n\n\n\n<p>A la pregunta de cu\u00e1ndo se legalizar\u00e1 el Cannabis, Vila responde: <em><span class=\"has-inline-color has-luminous-vivid-orange-color\">\u201cDebe pasar pronto, porque nos arriesgamos a perder el tren\u201d<\/span>.<\/em> Asegura que tiene m\u00e1s esperanzas en este gobierno y que, si la legislatura es larga, se debe sacar el debate. <em><span class=\"has-inline-color has-luminous-vivid-orange-color\">\u201cNunca voy a abandonar mi postura de regular tanto el cannabis medicinal como el uso adulto. Pero <strong>si al final de esta legislatura se ha legalizado el medicinal, para mi ser\u00e1 un gran paso<\/strong>. Puede retrasar el reconocimiento del Uso adulto, cierto, pero estaremos pr\u00f3ximos\u201d<\/span>.<\/em><\/p>\n","protected":false},"excerpt":{"rendered":"<span class=\"span-reading-time rt-reading-time\" style=\"display: block;\"><span class=\"rt-label rt-prefix\">Tiempo de lectura:<\/span> <span class=\"rt-time\"> 5<\/span> <span class=\"rt-label rt-postfix\">minutos<\/span><\/span>El exdiputado de Podemos Miguel Vila considera que si no se regula el cannabis es porque no se ve la rentabilidad electoral.","protected":false},"author":3,"featured_media":5772,"comment_status":"closed","ping_status":"closed","sticky":false,"template":"","format":"standard","meta":{"loftocean-featured-post":"","loftocean_post_format_gallery":"","loftocean_post_format_gallery_ids":"","loftocean_post_format_gallery_urls":"","loftocean_post_format_video_id":"","loftocean_post_format_video_url":"","loftocean_post_format_video_type":"","loftocean_post_format_video":"","loftocean_post_format_audio_type":"","loftocean_post_format_audio_url":"","loftocean_post_format_audio_id":"","loftocean_post_format_audio":"","loftocean_post_format_quote_text":"","loftocean_post_format_quote_byline":"","loftocean_post_format_link_text":"","loftocean_post_format_link_url":"","ceramag_post_header_style":"","ceramag_enable_background_video":"","ceramag_show_in_top_slider":"","ceramag_post_background_video_start":"","ceramag_post_background_video_end":"","loftocean_page_background_video_id":"","loftocean_page_background_video_url":"","loftocean_page_background_video_type":"","loftocean_page_background_video":"","ceramag_background_video_start":"","ceramag_background_video_end":"","ceramag_single_page_hide_header":"","footnotes":""},"categories":[33],"tags":[43,41,716,1430,849],"class_list":["post-5771","post","type-post","status-publish","format-standard","has-post-thumbnail","hentry","category-entrevistas","tag-benito-diaz","tag-cannabis","tag-entrevista","tag-politica-2","tag-unidos-podemos"],"yoast_head":"<!-- This site is optimized with the Yoast SEO plugin v24.9 - https:\/\/yoast.com\/wordpress\/plugins\/seo\/ -->\n<title>Miguel Vila, ex de Podemos: \u00abno se ve rentabilidad electoral en la regulaci\u00f3n del cannabis\u00bb<\/title>\n<meta name=\"description\" content=\"Entrada &#8226; Portal multimedia sobre cannabis y otras sustancias &#8226; 8 julio, 2020\" \/>\n<meta name=\"robots\" content=\"index, follow, max-snippet:-1, max-image-preview:large, max-video-preview:-1\" \/>\n<link rel=\"canonical\" href=\"https:\/\/www.cannabis.es\/pw\/2020\/07\/08\/miguel-vila-ex-de-podemos-no-se-ve-rentabilidad-electoral-en-la-regulacion-del-cannabis\/\" \/>\n<meta name=\"twitter:card\" content=\"summary_large_image\" \/>\n<meta name=\"twitter:title\" content=\"Miguel Vila, ex de Podemos: \u00abno se ve rentabilidad electoral en la regulaci\u00f3n del cannabis\u00bb\" \/>\n<meta name=\"twitter:description\" content=\"Entrada &#8226; Portal multimedia sobre cannabis y otras sustancias &#8226; 8 julio, 2020\" \/>\n<meta name=\"twitter:image\" content=\"https:\/\/www.cannabis.es\/pw\/wp-content\/uploads\/2020\/07\/ENTREVISTA-VILA.jpg\" \/>\n<meta name=\"twitter:creator\" content=\"@cannabis_es\" \/>\n<meta name=\"twitter:site\" content=\"@cannabis_es\" \/>\n<meta name=\"twitter:label1\" content=\"Escrito por\" \/>\n\t<meta name=\"twitter:data1\" content=\"Cannabis.es\" \/>\n\t<meta name=\"twitter:label2\" content=\"Tiempo de lectura\" \/>\n\t<meta name=\"twitter:data2\" content=\"8 minutos\" \/>\n<script type=\"application\/ld+json\" class=\"yoast-schema-graph\">{\"@context\":\"https:\/\/schema.org\",\"@graph\":[{\"@type\":\"Article\",\"@id\":\"https:\/\/www.cannabis.es\/pw\/2020\/07\/08\/miguel-vila-ex-de-podemos-no-se-ve-rentabilidad-electoral-en-la-regulacion-del-cannabis\/#article\",\"isPartOf\":{\"@id\":\"https:\/\/www.cannabis.es\/pw\/2020\/07\/08\/miguel-vila-ex-de-podemos-no-se-ve-rentabilidad-electoral-en-la-regulacion-del-cannabis\/\"},\"author\":{\"name\":\"Cannabis.es\",\"@id\":\"https:\/\/www.cannabis.es\/pw\/#\/schema\/person\/ec770c03f3e99d770687f537f4ba1e89\"},\"headline\":\"Miguel Vila, ex de Podemos: \u00abno se ve rentabilidad electoral en la regulaci\u00f3n del cannabis\u00bb\",\"datePublished\":\"2020-07-08T09:47:08+00:00\",\"dateModified\":\"2020-07-08T11:36:50+00:00\",\"mainEntityOfPage\":{\"@id\":\"https:\/\/www.cannabis.es\/pw\/2020\/07\/08\/miguel-vila-ex-de-podemos-no-se-ve-rentabilidad-electoral-en-la-regulacion-del-cannabis\/\"},\"wordCount\":1538,\"publisher\":{\"@id\":\"https:\/\/www.cannabis.es\/pw\/#organization\"},\"image\":{\"@id\":\"https:\/\/www.cannabis.es\/pw\/2020\/07\/08\/miguel-vila-ex-de-podemos-no-se-ve-rentabilidad-electoral-en-la-regulacion-del-cannabis\/#primaryimage\"},\"thumbnailUrl\":\"https:\/\/www.cannabis.es\/pw\/wp-content\/uploads\/2020\/07\/ENTREVISTA-VILA.jpg\",\"keywords\":[\"Benito D\u00edaz\",\"cannabis\",\"entrevista\",\"politica\",\"Unidos Podemos\"],\"articleSection\":[\"Entrevistas\"],\"inLanguage\":\"es\"},{\"@type\":\"WebPage\",\"@id\":\"https:\/\/www.cannabis.es\/pw\/2020\/07\/08\/miguel-vila-ex-de-podemos-no-se-ve-rentabilidad-electoral-en-la-regulacion-del-cannabis\/\",\"url\":\"https:\/\/www.cannabis.es\/pw\/2020\/07\/08\/miguel-vila-ex-de-podemos-no-se-ve-rentabilidad-electoral-en-la-regulacion-del-cannabis\/\",\"name\":\"Miguel Vila, ex de Podemos: \u00abno se ve rentabilidad electoral en la regulaci\u00f3n del cannabis\u00bb\",\"isPartOf\":{\"@id\":\"https:\/\/www.cannabis.es\/pw\/#website\"},\"primaryImageOfPage\":{\"@id\":\"https:\/\/www.cannabis.es\/pw\/2020\/07\/08\/miguel-vila-ex-de-podemos-no-se-ve-rentabilidad-electoral-en-la-regulacion-del-cannabis\/#primaryimage\"},\"image\":{\"@id\":\"https:\/\/www.cannabis.es\/pw\/2020\/07\/08\/miguel-vila-ex-de-podemos-no-se-ve-rentabilidad-electoral-en-la-regulacion-del-cannabis\/#primaryimage\"},\"thumbnailUrl\":\"https:\/\/www.cannabis.es\/pw\/wp-content\/uploads\/2020\/07\/ENTREVISTA-VILA.jpg\",\"datePublished\":\"2020-07-08T09:47:08+00:00\",\"dateModified\":\"2020-07-08T11:36:50+00:00\",\"description\":\"Entrada &#8226; Portal multimedia sobre cannabis y otras sustancias &#8226; 8 julio, 2020\",\"breadcrumb\":{\"@id\":\"https:\/\/www.cannabis.es\/pw\/2020\/07\/08\/miguel-vila-ex-de-podemos-no-se-ve-rentabilidad-electoral-en-la-regulacion-del-cannabis\/#breadcrumb\"},\"inLanguage\":\"es\",\"potentialAction\":[{\"@type\":\"ReadAction\",\"target\":[\"https:\/\/www.cannabis.es\/pw\/2020\/07\/08\/miguel-vila-ex-de-podemos-no-se-ve-rentabilidad-electoral-en-la-regulacion-del-cannabis\/\"]}]},{\"@type\":\"ImageObject\",\"inLanguage\":\"es\",\"@id\":\"https:\/\/www.cannabis.es\/pw\/2020\/07\/08\/miguel-vila-ex-de-podemos-no-se-ve-rentabilidad-electoral-en-la-regulacion-del-cannabis\/#primaryimage\",\"url\":\"https:\/\/www.cannabis.es\/pw\/wp-content\/uploads\/2020\/07\/ENTREVISTA-VILA.jpg\",\"contentUrl\":\"https:\/\/www.cannabis.es\/pw\/wp-content\/uploads\/2020\/07\/ENTREVISTA-VILA.jpg\",\"width\":793,\"height\":569},{\"@type\":\"BreadcrumbList\",\"@id\":\"https:\/\/www.cannabis.es\/pw\/2020\/07\/08\/miguel-vila-ex-de-podemos-no-se-ve-rentabilidad-electoral-en-la-regulacion-del-cannabis\/#breadcrumb\",\"itemListElement\":[{\"@type\":\"ListItem\",\"position\":1,\"name\":\"Portada\",\"item\":\"http:\/\/www.cannabis.es\/pw\/\"},{\"@type\":\"ListItem\",\"position\":2,\"name\":\"Miguel Vila, ex de Podemos: \u00abno se ve rentabilidad electoral en la regulaci\u00f3n del cannabis\u00bb\"}]},{\"@type\":\"WebSite\",\"@id\":\"https:\/\/www.cannabis.es\/pw\/#website\",\"url\":\"https:\/\/www.cannabis.es\/pw\/\",\"name\":\"Cannabis\",\"description\":\"Portal multimedia sobre cannabis y otras sustancias\",\"publisher\":{\"@id\":\"https:\/\/www.cannabis.es\/pw\/#organization\"},\"potentialAction\":[{\"@type\":\"SearchAction\",\"target\":{\"@type\":\"EntryPoint\",\"urlTemplate\":\"https:\/\/www.cannabis.es\/pw\/?s={search_term_string}\"},\"query-input\":{\"@type\":\"PropertyValueSpecification\",\"valueRequired\":true,\"valueName\":\"search_term_string\"}}],\"inLanguage\":\"es\"},{\"@type\":\"Organization\",\"@id\":\"https:\/\/www.cannabis.es\/pw\/#organization\",\"name\":\"Cannabis.es\",\"url\":\"https:\/\/www.cannabis.es\/pw\/\",\"logo\":{\"@type\":\"ImageObject\",\"inLanguage\":\"es\",\"@id\":\"https:\/\/www.cannabis.es\/pw\/#\/schema\/logo\/image\/\",\"url\":\"https:\/\/www.cannabis.es\/pw\/wp-content\/uploads\/2019\/04\/cropped-logo_cannabis.png\",\"contentUrl\":\"https:\/\/www.cannabis.es\/pw\/wp-content\/uploads\/2019\/04\/cropped-logo_cannabis.png\",\"width\":361,\"height\":120,\"caption\":\"Cannabis.es\"},\"image\":{\"@id\":\"https:\/\/www.cannabis.es\/pw\/#\/schema\/logo\/image\/\"},\"sameAs\":[\"https:\/\/x.com\/cannabis_es\"]},{\"@type\":\"Person\",\"@id\":\"https:\/\/www.cannabis.es\/pw\/#\/schema\/person\/ec770c03f3e99d770687f537f4ba1e89\",\"name\":\"Cannabis.es\",\"image\":{\"@type\":\"ImageObject\",\"inLanguage\":\"es\",\"@id\":\"https:\/\/www.cannabis.es\/pw\/#\/schema\/person\/image\/\",\"url\":\"https:\/\/secure.gravatar.com\/avatar\/810c93a3d6fadc3d9c2665b1d919a4aedea8ed4dd63689d001e985a804e90d83?s=96&d=mm&r=g\",\"contentUrl\":\"https:\/\/secure.gravatar.com\/avatar\/810c93a3d6fadc3d9c2665b1d919a4aedea8ed4dd63689d001e985a804e90d83?s=96&d=mm&r=g\",\"caption\":\"Cannabis.es\"},\"url\":\"https:\/\/www.cannabis.es\/pw\/author\/arnau\/\"}]}<\/script>\n<!-- \/ Yoast SEO plugin. -->","yoast_head_json":{"title":"Miguel Vila, ex de Podemos: \u00abno se ve rentabilidad electoral en la regulaci\u00f3n del cannabis\u00bb","description":"Entrada &#8226; Portal multimedia sobre cannabis y otras sustancias &#8226; 8 julio, 2020","robots":{"index":"index","follow":"follow","max-snippet":"max-snippet:-1","max-image-preview":"max-image-preview:large","max-video-preview":"max-video-preview:-1"},"canonical":"https:\/\/www.cannabis.es\/pw\/2020\/07\/08\/miguel-vila-ex-de-podemos-no-se-ve-rentabilidad-electoral-en-la-regulacion-del-cannabis\/","twitter_card":"summary_large_image","twitter_title":"Miguel Vila, ex de Podemos: \u00abno se ve rentabilidad electoral en la regulaci\u00f3n del cannabis\u00bb","twitter_description":"Entrada &#8226; Portal multimedia sobre cannabis y otras sustancias &#8226; 8 julio, 2020","twitter_image":"https:\/\/www.cannabis.es\/pw\/wp-content\/uploads\/2020\/07\/ENTREVISTA-VILA.jpg","twitter_creator":"@cannabis_es","twitter_site":"@cannabis_es","twitter_misc":{"Escrito por":"Cannabis.es","Tiempo de lectura":"8 minutos"},"schema":{"@context":"https:\/\/schema.org","@graph":[{"@type":"Article","@id":"https:\/\/www.cannabis.es\/pw\/2020\/07\/08\/miguel-vila-ex-de-podemos-no-se-ve-rentabilidad-electoral-en-la-regulacion-del-cannabis\/#article","isPartOf":{"@id":"https:\/\/www.cannabis.es\/pw\/2020\/07\/08\/miguel-vila-ex-de-podemos-no-se-ve-rentabilidad-electoral-en-la-regulacion-del-cannabis\/"},"author":{"name":"Cannabis.es","@id":"https:\/\/www.cannabis.es\/pw\/#\/schema\/person\/ec770c03f3e99d770687f537f4ba1e89"},"headline":"Miguel Vila, ex de Podemos: \u00abno se ve rentabilidad electoral en la regulaci\u00f3n del cannabis\u00bb","datePublished":"2020-07-08T09:47:08+00:00","dateModified":"2020-07-08T11:36:50+00:00","mainEntityOfPage":{"@id":"https:\/\/www.cannabis.es\/pw\/2020\/07\/08\/miguel-vila-ex-de-podemos-no-se-ve-rentabilidad-electoral-en-la-regulacion-del-cannabis\/"},"wordCount":1538,"publisher":{"@id":"https:\/\/www.cannabis.es\/pw\/#organization"},"image":{"@id":"https:\/\/www.cannabis.es\/pw\/2020\/07\/08\/miguel-vila-ex-de-podemos-no-se-ve-rentabilidad-electoral-en-la-regulacion-del-cannabis\/#primaryimage"},"thumbnailUrl":"https:\/\/www.cannabis.es\/pw\/wp-content\/uploads\/2020\/07\/ENTREVISTA-VILA.jpg","keywords":["Benito D\u00edaz","cannabis","entrevista","politica","Unidos Podemos"],"articleSection":["Entrevistas"],"inLanguage":"es"},{"@type":"WebPage","@id":"https:\/\/www.cannabis.es\/pw\/2020\/07\/08\/miguel-vila-ex-de-podemos-no-se-ve-rentabilidad-electoral-en-la-regulacion-del-cannabis\/","url":"https:\/\/www.cannabis.es\/pw\/2020\/07\/08\/miguel-vila-ex-de-podemos-no-se-ve-rentabilidad-electoral-en-la-regulacion-del-cannabis\/","name":"Miguel Vila, ex de Podemos: \u00abno se ve rentabilidad electoral en la regulaci\u00f3n del cannabis\u00bb","isPartOf":{"@id":"https:\/\/www.cannabis.es\/pw\/#website"},"primaryImageOfPage":{"@id":"https:\/\/www.cannabis.es\/pw\/2020\/07\/08\/miguel-vila-ex-de-podemos-no-se-ve-rentabilidad-electoral-en-la-regulacion-del-cannabis\/#primaryimage"},"image":{"@id":"https:\/\/www.cannabis.es\/pw\/2020\/07\/08\/miguel-vila-ex-de-podemos-no-se-ve-rentabilidad-electoral-en-la-regulacion-del-cannabis\/#primaryimage"},"thumbnailUrl":"https:\/\/www.cannabis.es\/pw\/wp-content\/uploads\/2020\/07\/ENTREVISTA-VILA.jpg","datePublished":"2020-07-08T09:47:08+00:00","dateModified":"2020-07-08T11:36:50+00:00","description":"Entrada &#8226; Portal multimedia sobre cannabis y otras sustancias &#8226; 8 julio, 2020","breadcrumb":{"@id":"https:\/\/www.cannabis.es\/pw\/2020\/07\/08\/miguel-vila-ex-de-podemos-no-se-ve-rentabilidad-electoral-en-la-regulacion-del-cannabis\/#breadcrumb"},"inLanguage":"es","potentialAction":[{"@type":"ReadAction","target":["https:\/\/www.cannabis.es\/pw\/2020\/07\/08\/miguel-vila-ex-de-podemos-no-se-ve-rentabilidad-electoral-en-la-regulacion-del-cannabis\/"]}]},{"@type":"ImageObject","inLanguage":"es","@id":"https:\/\/www.cannabis.es\/pw\/2020\/07\/08\/miguel-vila-ex-de-podemos-no-se-ve-rentabilidad-electoral-en-la-regulacion-del-cannabis\/#primaryimage","url":"https:\/\/www.cannabis.es\/pw\/wp-content\/uploads\/2020\/07\/ENTREVISTA-VILA.jpg","contentUrl":"https:\/\/www.cannabis.es\/pw\/wp-content\/uploads\/2020\/07\/ENTREVISTA-VILA.jpg","width":793,"height":569},{"@type":"BreadcrumbList","@id":"https:\/\/www.cannabis.es\/pw\/2020\/07\/08\/miguel-vila-ex-de-podemos-no-se-ve-rentabilidad-electoral-en-la-regulacion-del-cannabis\/#breadcrumb","itemListElement":[{"@type":"ListItem","position":1,"name":"Portada","item":"http:\/\/www.cannabis.es\/pw\/"},{"@type":"ListItem","position":2,"name":"Miguel Vila, ex de Podemos: \u00abno se ve rentabilidad electoral en la regulaci\u00f3n del cannabis\u00bb"}]},{"@type":"WebSite","@id":"https:\/\/www.cannabis.es\/pw\/#website","url":"https:\/\/www.cannabis.es\/pw\/","name":"Cannabis","description":"Portal multimedia sobre cannabis y otras sustancias","publisher":{"@id":"https:\/\/www.cannabis.es\/pw\/#organization"},"potentialAction":[{"@type":"SearchAction","target":{"@type":"EntryPoint","urlTemplate":"https:\/\/www.cannabis.es\/pw\/?s={search_term_string}"},"query-input":{"@type":"PropertyValueSpecification","valueRequired":true,"valueName":"search_term_string"}}],"inLanguage":"es"},{"@type":"Organization","@id":"https:\/\/www.cannabis.es\/pw\/#organization","name":"Cannabis.es","url":"https:\/\/www.cannabis.es\/pw\/","logo":{"@type":"ImageObject","inLanguage":"es","@id":"https:\/\/www.cannabis.es\/pw\/#\/schema\/logo\/image\/","url":"https:\/\/www.cannabis.es\/pw\/wp-content\/uploads\/2019\/04\/cropped-logo_cannabis.png","contentUrl":"https:\/\/www.cannabis.es\/pw\/wp-content\/uploads\/2019\/04\/cropped-logo_cannabis.png","width":361,"height":120,"caption":"Cannabis.es"},"image":{"@id":"https:\/\/www.cannabis.es\/pw\/#\/schema\/logo\/image\/"},"sameAs":["https:\/\/x.com\/cannabis_es"]},{"@type":"Person","@id":"https:\/\/www.cannabis.es\/pw\/#\/schema\/person\/ec770c03f3e99d770687f537f4ba1e89","name":"Cannabis.es","image":{"@type":"ImageObject","inLanguage":"es","@id":"https:\/\/www.cannabis.es\/pw\/#\/schema\/person\/image\/","url":"https:\/\/secure.gravatar.com\/avatar\/810c93a3d6fadc3d9c2665b1d919a4aedea8ed4dd63689d001e985a804e90d83?s=96&d=mm&r=g","contentUrl":"https:\/\/secure.gravatar.com\/avatar\/810c93a3d6fadc3d9c2665b1d919a4aedea8ed4dd63689d001e985a804e90d83?s=96&d=mm&r=g","caption":"Cannabis.es"},"url":"https:\/\/www.cannabis.es\/pw\/author\/arnau\/"}]}},"_links":{"self":[{"href":"https:\/\/www.cannabis.es\/pw\/wp-json\/wp\/v2\/posts\/5771","targetHints":{"allow":["GET"]}}],"collection":[{"href":"https:\/\/www.cannabis.es\/pw\/wp-json\/wp\/v2\/posts"}],"about":[{"href":"https:\/\/www.cannabis.es\/pw\/wp-json\/wp\/v2\/types\/post"}],"author":[{"embeddable":true,"href":"https:\/\/www.cannabis.es\/pw\/wp-json\/wp\/v2\/users\/3"}],"replies":[{"embeddable":true,"href":"https:\/\/www.cannabis.es\/pw\/wp-json\/wp\/v2\/comments?post=5771"}],"version-history":[{"count":4,"href":"https:\/\/www.cannabis.es\/pw\/wp-json\/wp\/v2\/posts\/5771\/revisions"}],"predecessor-version":[{"id":5778,"href":"https:\/\/www.cannabis.es\/pw\/wp-json\/wp\/v2\/posts\/5771\/revisions\/5778"}],"wp:featuredmedia":[{"embeddable":true,"href":"https:\/\/www.cannabis.es\/pw\/wp-json\/wp\/v2\/media\/5772"}],"wp:attachment":[{"href":"https:\/\/www.cannabis.es\/pw\/wp-json\/wp\/v2\/media?parent=5771"}],"wp:term":[{"taxonomy":"category","embeddable":true,"href":"https:\/\/www.cannabis.es\/pw\/wp-json\/wp\/v2\/categories?post=5771"},{"taxonomy":"post_tag","embeddable":true,"href":"https:\/\/www.cannabis.es\/pw\/wp-json\/wp\/v2\/tags?post=5771"}],"curies":[{"name":"wp","href":"https:\/\/api.w.org\/{rel}","templated":true}]}}