{"id":5958,"date":"2020-08-27T13:33:07","date_gmt":"2020-08-27T11:33:07","guid":{"rendered":"https:\/\/www.cannabis.es\/pw\/?p=5958"},"modified":"2021-04-26T12:11:07","modified_gmt":"2021-04-26T10:11:07","slug":"mexico-reglamenta-la-produccion-y-abastecimiento-medicinal-sin-autocultivo-ni-flor","status":"publish","type":"post","link":"https:\/\/www.cannabis.es\/pw\/2020\/08\/27\/mexico-reglamenta-la-produccion-y-abastecimiento-medicinal-sin-autocultivo-ni-flor\/","title":{"rendered":"M\u00e9xico reglamenta la producci\u00f3n y abastecimiento medicinal sin autocultivo ni flor"},"content":{"rendered":"\n<p>Arnau Alcaide<br><br>(Aprobada en estos t\u00e9rminos<a href=\"https:\/\/twitter.com\/cannabis_es\/status\/1354007952735277058\"> en enero de 2021<\/a>, tras <a href=\"https:\/\/www.cannabis.es\/pw\/2020\/09\/25\/mexico-incumple-regular-el-acceso-medicinal-antes-del-9-de-setiembre\/\">pr\u00f3rroga)<\/a> A tres meses de <a href=\"https:\/\/www.cannabis.es\/pw\/2020\/03\/06\/mexico-avanza-hacia-la-regularizacion-integral-mientras-espana-observa-y-aprende\/\">la obligaci\u00f3n de la Justicia de resolver su regulaci\u00f3n integral<\/a>, M\u00e9xico regular\u00e1 la producci\u00f3n comercial de cannabis medicinal y su acceso v\u00eda medicamento sin incluir productos no transformados o extractos para su uso tradicional, ni facilitar el acceso a semillas para el autocultivo. Desde los colectivos por la regulaci\u00f3n aspiran a introducir modificaciones para la producci\u00f3n nacional y el acceso al cannabis de pacientes mediante esta ley, que de momento llegar\u00eda en diciembre, con <a href=\"https:\/\/www.cannabis.es\/pw\/2018\/11\/19\/mexico-lucha-por-la-legalizacion-del-cannabis\/\">la reglamentaci\u00f3n del uso adulto<\/a>.<\/p>\n\n\n\n<p>El pa\u00eds centroamericano presenta <a href=\"http:\/\/187.191.71.192\/portales\/resumen\/49785\">un borrador<\/a> que se espera se apruebe este 9 de setiembre y que define la reglamentaci\u00f3n para toda la cadena de producci\u00f3n que va desde la planta al procesado, registro y prescripci\u00f3n de medicamentos. No incluye no obstante la posibilidad de abastecerse de la medicina por la v\u00eda convencional; esta es comprando semillas o el plant\u00f3n para su autocultivo, o directamente la flor. El reglamento es una nueva versi\u00f3n <a href=\"https:\/\/elpais.com\/internacional\/2017\/04\/29\/mexico\/1493419178_321134.html\">del que se inici\u00f3 en 2017 para el mismo fin<\/a> por el poder legislativo, <a href=\"https:\/\/www.eleconomista.com.mx\/opinion\/Incumplio-Salud-con-el-reglamento-de-Cannabis--20200630-0155.html\">que el gobierno no ejecut\u00f3<\/a>, pero est\u00e1 por ver si no se deber\u00e1 adaptar despu\u00e9s en diciembre a un reglamento integral.<\/p>\n\n\n\n<h2 class=\"wp-block-heading\">La mayor\u00eda de pacientes autocultiva y no ser\u00e1 reconocida a\u00fan<\/h2>\n\n\n\n<p>Amaya Ordorika, coordinadora general de ReverdeSer Colectivo, <a href=\"https:\/\/www.cannabis.es\/pw\/2020\/04\/15\/la-legalizacion-en-mexico-topa-el-coronavirus-aventurando-la-segunda-prorroga\/\">ya nos atendi\u00f3 en abril, anticipando la pr\u00f3rroga de la regulaci\u00f3n integral hasta diciembre<\/a>. Integrada en Regulaci\u00f3n por la Paz, trabaja por los derechos de las personas usuarias de sustancias il\u00edcitas y el cambio de enfoque, de la persecuci\u00f3n civil con recursos p\u00fablicos a la reducci\u00f3n de da\u00f1os.<\/p>\n\n\n\n<figure class=\"wp-block-image size-large\"><img loading=\"lazy\" decoding=\"async\" width=\"967\" height=\"1024\" src=\"https:\/\/www.cannabis.es\/pw\/wp-content\/uploads\/2020\/08\/infografia-mexico-1-967x1024.jpg\" alt=\"\" class=\"wp-image-5960\" srcset=\"https:\/\/www.cannabis.es\/pw\/wp-content\/uploads\/2020\/08\/infografia-mexico-1-967x1024.jpg 967w, https:\/\/www.cannabis.es\/pw\/wp-content\/uploads\/2020\/08\/infografia-mexico-1-283x300.jpg 283w, https:\/\/www.cannabis.es\/pw\/wp-content\/uploads\/2020\/08\/infografia-mexico-1-768x813.jpg 768w, https:\/\/www.cannabis.es\/pw\/wp-content\/uploads\/2020\/08\/infografia-mexico-1-1451x1536.jpg 1451w, https:\/\/www.cannabis.es\/pw\/wp-content\/uploads\/2020\/08\/infografia-mexico-1-1200x1270.jpg 1200w, https:\/\/www.cannabis.es\/pw\/wp-content\/uploads\/2020\/08\/infografia-mexico-1-600x635.jpg 600w, https:\/\/www.cannabis.es\/pw\/wp-content\/uploads\/2020\/08\/infografia-mexico-1.jpg 1710w\" sizes=\"auto, (max-width: 967px) 100vw, 967px\" \/><\/figure>\n\n\n\n<p><em><span class=\"has-inline-color has-luminous-vivid-orange-color\">\u201cLa mayor\u00eda de las y los pacientes movilizados por la regulaci\u00f3n cultiva su propia cannabis. El tema del autocultivo es un asunto de accesibilidad a la Cannabis\u201d<\/span><\/em>, explica la coordinadora, pues bien podr\u00eda estar contemplado en la ley que debe garantizar la provisi\u00f3n de la medicina a sus pacientes.<\/p>\n\n\n\n<figure class=\"wp-block-image size-large\"><img loading=\"lazy\" decoding=\"async\" width=\"1024\" height=\"634\" src=\"https:\/\/www.cannabis.es\/pw\/wp-content\/uploads\/2020\/08\/infografia-mexico-2-1024x634.jpg\" alt=\"\" class=\"wp-image-5961\" srcset=\"https:\/\/www.cannabis.es\/pw\/wp-content\/uploads\/2020\/08\/infografia-mexico-2-1024x634.jpg 1024w, https:\/\/www.cannabis.es\/pw\/wp-content\/uploads\/2020\/08\/infografia-mexico-2-300x186.jpg 300w, https:\/\/www.cannabis.es\/pw\/wp-content\/uploads\/2020\/08\/infografia-mexico-2-768x475.jpg 768w, https:\/\/www.cannabis.es\/pw\/wp-content\/uploads\/2020\/08\/infografia-mexico-2-1536x950.jpg 1536w, https:\/\/www.cannabis.es\/pw\/wp-content\/uploads\/2020\/08\/infografia-mexico-2-1200x742.jpg 1200w, https:\/\/www.cannabis.es\/pw\/wp-content\/uploads\/2020\/08\/infografia-mexico-2-600x371.jpg 600w, https:\/\/www.cannabis.es\/pw\/wp-content\/uploads\/2020\/08\/infografia-mexico-2.jpg 1710w\" sizes=\"auto, (max-width: 1024px) 100vw, 1024px\" \/><\/figure>\n\n\n\n<p>El reglamento <em><span class=\"has-inline-color has-luminous-vivid-orange-color\">\u201csaldr\u00e1 por separado de la reforma para uso adulto porque el ejecutivo federal tiene que responder al mandato de la Suprema Corte\u201d<\/span><\/em>, que exigi\u00f3 en su momento que se legislase al respecto de la investigaci\u00f3n y la provisi\u00f3n medicinal para garantizar el derecho a la salud de pacientes, por quienes ya hab\u00eda fallado a favor. <em><span class=\"has-inline-color has-luminous-vivid-orange-color\">\u201cLos accesos que no puedan garantizarse mediante este reglamento, que se ve limitado por la reforma de 2017, que es muy acotada, habr\u00e1 que buscar que se puedan garantizar mediante la reforma para uso adulto. Aunque no es claro qu\u00e9 tanto se tendr\u00e1 que homologar del reglamento al aprobarse la reforma para uso adulto\u201d<\/span><\/em>.<\/p>\n\n\n\n<h2 class=\"wp-block-heading\">Regulaci\u00f3n por la Paz busca enmendar el texto mientras sigue abierto a comentarios de la ciudadan\u00eda<\/h2>\n\n\n\n<p>La plataforma <a href=\"http:\/\/regulacionporlapaz.com\/archivos\/1035?fbclid=IwAR2rv3L3yJLhPX8vTuU_YNjnvgMuLkqAV_YMz09ZYqyS3nFr8CG2aL8sfm0\">Regulaci\u00f3n por la Paz<\/a> ha lanzado una <strong>campa\u00f1a para comentar la ley y lograr estas enmiendas <\/strong>en la fase abierta al p\u00fablico del borrador. El texto, que solo est\u00e1 destinado a los fines de investigaci\u00f3n y medicinales esperando a la que deba ser una ley integral del cannabis que llegar\u00eda en diciembre, establece una<strong> discriminaci\u00f3n entre el uso farmac\u00e9utico y el tradicional, al no considerar el autocultivo, de momento, una v\u00eda de acceso oficial<\/strong>. Gracias a los fallos a favor del autocultivo,<strong> existe el amparo de la Justicia<\/strong> que ha conllevado las diferentes obligaciones de regular y dotar de acceso al cannabis<br><br>Adem\u00e1s, sugieren el registro p\u00fablico de los derechos intelectuales de las variedades nacionales, de manera que estos derechos est\u00e9n disponibles para la poblaci\u00f3n y no sirvan de barrera a la entrada en la industria en el futuro, lo que podr\u00eda concentrar la propiedad en el capital extranjero o no permitir emprender a la poblaci\u00f3n local agr\u00edcola. Esta debe ser reparada por no haber podido tener un cultivo valioso, o por ser perseguida al tenerlo.<\/p>\n\n\n\n<h2 class=\"wp-block-heading\"><strong>Cuestiones valiosas, a falta de garantizar la propiedad social y local de los cultivos<\/strong><\/h2>\n\n\n\n<p>\u201cVemos que hay cuestiones valiosas, pero hay que revisar lo relativo a la producci\u00f3n nacional\u201d, considera la activista, que siempre tuvo claro que la regulaci\u00f3n deb\u00eda pasar por el acceso a la riqueza de los cultivos por parte del sector social. De momento, no se incluye la exportaci\u00f3n de flor y extractos dentro de esta reglamentaci\u00f3n, que solo incluye preparados m\u00e9dicos certificados y podr\u00eda dejar despegar solamente a la industria farmac\u00e9utica, al necesitar tambi\u00e9n la inversi\u00f3n para el procesado de la Cannabis, no solo para su cultivo.<\/p>\n\n\n\n<figure class=\"wp-block-image size-large\"><img loading=\"lazy\" decoding=\"async\" width=\"1024\" height=\"767\" src=\"https:\/\/www.cannabis.es\/pw\/wp-content\/uploads\/2020\/08\/infografia-mexico-3-1024x767.jpg\" alt=\"\" class=\"wp-image-5962\" srcset=\"https:\/\/www.cannabis.es\/pw\/wp-content\/uploads\/2020\/08\/infografia-mexico-3-1024x767.jpg 1024w, https:\/\/www.cannabis.es\/pw\/wp-content\/uploads\/2020\/08\/infografia-mexico-3-300x225.jpg 300w, https:\/\/www.cannabis.es\/pw\/wp-content\/uploads\/2020\/08\/infografia-mexico-3-768x575.jpg 768w, https:\/\/www.cannabis.es\/pw\/wp-content\/uploads\/2020\/08\/infografia-mexico-3-1536x1150.jpg 1536w, https:\/\/www.cannabis.es\/pw\/wp-content\/uploads\/2020\/08\/infografia-mexico-3-1200x898.jpg 1200w, https:\/\/www.cannabis.es\/pw\/wp-content\/uploads\/2020\/08\/infografia-mexico-3-600x449.jpg 600w, https:\/\/www.cannabis.es\/pw\/wp-content\/uploads\/2020\/08\/infografia-mexico-3.jpg 1710w\" sizes=\"auto, (max-width: 1024px) 100vw, 1024px\" \/><\/figure>\n\n\n\n<p>La COFEPRIS, su suerte de Agencia del Medicamento, que <a href=\"https:\/\/codigof.mx\/adscripcion-de-cofepris-a-subsecretaria-de-lopez-gatell-anuncio-de-su-reestructuracion\/\">ahora ha quedado en manos de Salud<\/a>, corriendo el riesgo de diluirse, tuvo que <a href=\"https:\/\/www.eleconomista.com.mx\/opinion\/Regresa-Conamer--reglamento-de-cannabis-a-Cofepris-para-que-lo-haga-bien-20200811-0154.html\">rehacer la propuesta al requerirlo la Comisi\u00f3n Nacional para la Mejora Regulatoria<\/a>, lo que demor\u00f3 la posibilidad de hacer valoraciones serias.<\/p>\n\n\n\n<p>\u201cYa hay un nuevo documento en el proceso por parte de la CONAMER\u201d, que ya ha hecho p\u00fablica la versi\u00f3n oficial tras las correcciones. \u201cDesde Regulaci\u00f3n Por La Paz estamos invitando a que la gente participe en el proceso de consulta\u201d de este organismo.<\/p>\n","protected":false},"excerpt":{"rendered":"<span class=\"span-reading-time rt-reading-time\" style=\"display: block;\"><span class=\"rt-label rt-prefix\">Tiempo de lectura:<\/span> <span class=\"rt-time\"> 3<\/span> <span class=\"rt-label rt-postfix\">minutos<\/span><\/span>Arnau Alcaide(Aprobada en estos t\u00e9rminos en enero de 2021, tras pr\u00f3rroga) A tres meses de la obligaci\u00f3n de la Justicia de resolver su regulaci\u00f3n integral, M\u00e9xico regular\u00e1 la producci\u00f3n comercial de cannabis medicinal y su acceso v\u00eda medicamento sin incluir productos no transformados o extractos para su uso tradicional, ni facilitar el acceso a semillas [&hellip;]","protected":false},"author":3,"featured_media":5959,"comment_status":"closed","ping_status":"closed","sticky":false,"template":"","format":"standard","meta":{"loftocean-featured-post":"","loftocean_post_format_gallery":"","loftocean_post_format_gallery_ids":"","loftocean_post_format_gallery_urls":"","loftocean_post_format_video_id":"","loftocean_post_format_video_url":"","loftocean_post_format_video_type":"","loftocean_post_format_video":"","loftocean_post_format_audio_type":"","loftocean_post_format_audio_url":"","loftocean_post_format_audio_id":"","loftocean_post_format_audio":"","loftocean_post_format_quote_text":"","loftocean_post_format_quote_byline":"","loftocean_post_format_link_text":"","loftocean_post_format_link_url":"","ceramag_post_header_style":"","ceramag_enable_background_video":"","ceramag_show_in_top_slider":"","ceramag_post_background_video_start":"","ceramag_post_background_video_end":"","loftocean_page_background_video_id":"","loftocean_page_background_video_url":"","loftocean_page_background_video_type":"","loftocean_page_background_video":"","ceramag_background_video_start":"","ceramag_background_video_end":"","ceramag_single_page_hide_header":"","footnotes":""},"categories":[35],"tags":[540,66,52,54,393,55,56,537],"class_list":["post-5958","post","type-post","status-publish","format-standard","has-post-thumbnail","hentry","category-politica-y-sociedad","tag-arnau-alcaide","tag-autocultivo","tag-cannabis-medicinal","tag-legalizacion","tag-mexico","tag-regulacion","tag-regulacion-cannabis","tag-regulacion-integral-del-cannabis"],"yoast_head":"<!-- This site is optimized with the Yoast SEO plugin v24.9 - https:\/\/yoast.com\/wordpress\/plugins\/seo\/ -->\n<title>M\u00e9xico reglamenta la producci\u00f3n y abastecimiento medicinal sin autocultivo ni flor<\/title>\n<meta name=\"description\" content=\"Entrada &#8226; Portal multimedia sobre cannabis y otras sustancias &#8226; 27 agosto, 2020\" \/>\n<meta name=\"robots\" content=\"index, follow, max-snippet:-1, max-image-preview:large, max-video-preview:-1\" \/>\n<link rel=\"canonical\" href=\"https:\/\/www.cannabis.es\/pw\/2020\/08\/27\/mexico-reglamenta-la-produccion-y-abastecimiento-medicinal-sin-autocultivo-ni-flor\/\" \/>\n<meta name=\"twitter:card\" content=\"summary_large_image\" \/>\n<meta name=\"twitter:title\" content=\"M\u00e9xico reglamenta la producci\u00f3n y abastecimiento medicinal sin autocultivo ni flor\" \/>\n<meta name=\"twitter:description\" content=\"Entrada &#8226; Portal multimedia sobre cannabis y otras sustancias &#8226; 27 agosto, 2020\" \/>\n<meta name=\"twitter:image\" content=\"https:\/\/www.cannabis.es\/pw\/wp-content\/uploads\/2020\/08\/portada-mexico-1.jpg\" \/>\n<meta name=\"twitter:creator\" content=\"@cannabis_es\" \/>\n<meta name=\"twitter:site\" content=\"@cannabis_es\" \/>\n<meta name=\"twitter:label1\" content=\"Escrito por\" \/>\n\t<meta name=\"twitter:data1\" content=\"Cannabis.es\" \/>\n\t<meta name=\"twitter:label2\" content=\"Tiempo de lectura\" \/>\n\t<meta name=\"twitter:data2\" content=\"5 minutos\" \/>\n<script type=\"application\/ld+json\" class=\"yoast-schema-graph\">{\"@context\":\"https:\/\/schema.org\",\"@graph\":[{\"@type\":\"Article\",\"@id\":\"https:\/\/www.cannabis.es\/pw\/2020\/08\/27\/mexico-reglamenta-la-produccion-y-abastecimiento-medicinal-sin-autocultivo-ni-flor\/#article\",\"isPartOf\":{\"@id\":\"https:\/\/www.cannabis.es\/pw\/2020\/08\/27\/mexico-reglamenta-la-produccion-y-abastecimiento-medicinal-sin-autocultivo-ni-flor\/\"},\"author\":{\"name\":\"Cannabis.es\",\"@id\":\"https:\/\/www.cannabis.es\/pw\/#\/schema\/person\/ec770c03f3e99d770687f537f4ba1e89\"},\"headline\":\"M\u00e9xico reglamenta la producci\u00f3n y abastecimiento medicinal sin autocultivo ni flor\",\"datePublished\":\"2020-08-27T11:33:07+00:00\",\"dateModified\":\"2021-04-26T10:11:07+00:00\",\"mainEntityOfPage\":{\"@id\":\"https:\/\/www.cannabis.es\/pw\/2020\/08\/27\/mexico-reglamenta-la-produccion-y-abastecimiento-medicinal-sin-autocultivo-ni-flor\/\"},\"wordCount\":887,\"publisher\":{\"@id\":\"https:\/\/www.cannabis.es\/pw\/#organization\"},\"image\":{\"@id\":\"https:\/\/www.cannabis.es\/pw\/2020\/08\/27\/mexico-reglamenta-la-produccion-y-abastecimiento-medicinal-sin-autocultivo-ni-flor\/#primaryimage\"},\"thumbnailUrl\":\"https:\/\/www.cannabis.es\/pw\/wp-content\/uploads\/2020\/08\/portada-mexico-1.jpg\",\"keywords\":[\"Arnau Alcaide\",\"autocultivo\",\"cannabis medicinal\",\"legalizaci\u00f3n\",\"m\u00e9xico\",\"regulaci\u00f3n\",\"regulaci\u00f3n cannabis\",\"regulaci\u00f3n integral del cannabis\"],\"articleSection\":[\"Pol\u00edtica y Sociedad\"],\"inLanguage\":\"es\"},{\"@type\":\"WebPage\",\"@id\":\"https:\/\/www.cannabis.es\/pw\/2020\/08\/27\/mexico-reglamenta-la-produccion-y-abastecimiento-medicinal-sin-autocultivo-ni-flor\/\",\"url\":\"https:\/\/www.cannabis.es\/pw\/2020\/08\/27\/mexico-reglamenta-la-produccion-y-abastecimiento-medicinal-sin-autocultivo-ni-flor\/\",\"name\":\"M\u00e9xico reglamenta la producci\u00f3n y abastecimiento medicinal sin autocultivo ni flor\",\"isPartOf\":{\"@id\":\"https:\/\/www.cannabis.es\/pw\/#website\"},\"primaryImageOfPage\":{\"@id\":\"https:\/\/www.cannabis.es\/pw\/2020\/08\/27\/mexico-reglamenta-la-produccion-y-abastecimiento-medicinal-sin-autocultivo-ni-flor\/#primaryimage\"},\"image\":{\"@id\":\"https:\/\/www.cannabis.es\/pw\/2020\/08\/27\/mexico-reglamenta-la-produccion-y-abastecimiento-medicinal-sin-autocultivo-ni-flor\/#primaryimage\"},\"thumbnailUrl\":\"https:\/\/www.cannabis.es\/pw\/wp-content\/uploads\/2020\/08\/portada-mexico-1.jpg\",\"datePublished\":\"2020-08-27T11:33:07+00:00\",\"dateModified\":\"2021-04-26T10:11:07+00:00\",\"description\":\"Entrada &#8226; Portal multimedia sobre cannabis y otras sustancias &#8226; 27 agosto, 2020\",\"breadcrumb\":{\"@id\":\"https:\/\/www.cannabis.es\/pw\/2020\/08\/27\/mexico-reglamenta-la-produccion-y-abastecimiento-medicinal-sin-autocultivo-ni-flor\/#breadcrumb\"},\"inLanguage\":\"es\",\"potentialAction\":[{\"@type\":\"ReadAction\",\"target\":[\"https:\/\/www.cannabis.es\/pw\/2020\/08\/27\/mexico-reglamenta-la-produccion-y-abastecimiento-medicinal-sin-autocultivo-ni-flor\/\"]}]},{\"@type\":\"ImageObject\",\"inLanguage\":\"es\",\"@id\":\"https:\/\/www.cannabis.es\/pw\/2020\/08\/27\/mexico-reglamenta-la-produccion-y-abastecimiento-medicinal-sin-autocultivo-ni-flor\/#primaryimage\",\"url\":\"https:\/\/www.cannabis.es\/pw\/wp-content\/uploads\/2020\/08\/portada-mexico-1.jpg\",\"contentUrl\":\"https:\/\/www.cannabis.es\/pw\/wp-content\/uploads\/2020\/08\/portada-mexico-1.jpg\",\"width\":804,\"height\":532},{\"@type\":\"BreadcrumbList\",\"@id\":\"https:\/\/www.cannabis.es\/pw\/2020\/08\/27\/mexico-reglamenta-la-produccion-y-abastecimiento-medicinal-sin-autocultivo-ni-flor\/#breadcrumb\",\"itemListElement\":[{\"@type\":\"ListItem\",\"position\":1,\"name\":\"Portada\",\"item\":\"http:\/\/www.cannabis.es\/pw\/\"},{\"@type\":\"ListItem\",\"position\":2,\"name\":\"M\u00e9xico reglamenta la producci\u00f3n y abastecimiento medicinal sin autocultivo ni flor\"}]},{\"@type\":\"WebSite\",\"@id\":\"https:\/\/www.cannabis.es\/pw\/#website\",\"url\":\"https:\/\/www.cannabis.es\/pw\/\",\"name\":\"Cannabis\",\"description\":\"Portal multimedia sobre cannabis y otras sustancias\",\"publisher\":{\"@id\":\"https:\/\/www.cannabis.es\/pw\/#organization\"},\"potentialAction\":[{\"@type\":\"SearchAction\",\"target\":{\"@type\":\"EntryPoint\",\"urlTemplate\":\"https:\/\/www.cannabis.es\/pw\/?s={search_term_string}\"},\"query-input\":{\"@type\":\"PropertyValueSpecification\",\"valueRequired\":true,\"valueName\":\"search_term_string\"}}],\"inLanguage\":\"es\"},{\"@type\":\"Organization\",\"@id\":\"https:\/\/www.cannabis.es\/pw\/#organization\",\"name\":\"Cannabis.es\",\"url\":\"https:\/\/www.cannabis.es\/pw\/\",\"logo\":{\"@type\":\"ImageObject\",\"inLanguage\":\"es\",\"@id\":\"https:\/\/www.cannabis.es\/pw\/#\/schema\/logo\/image\/\",\"url\":\"https:\/\/www.cannabis.es\/pw\/wp-content\/uploads\/2019\/04\/cropped-logo_cannabis.png\",\"contentUrl\":\"https:\/\/www.cannabis.es\/pw\/wp-content\/uploads\/2019\/04\/cropped-logo_cannabis.png\",\"width\":361,\"height\":120,\"caption\":\"Cannabis.es\"},\"image\":{\"@id\":\"https:\/\/www.cannabis.es\/pw\/#\/schema\/logo\/image\/\"},\"sameAs\":[\"https:\/\/x.com\/cannabis_es\"]},{\"@type\":\"Person\",\"@id\":\"https:\/\/www.cannabis.es\/pw\/#\/schema\/person\/ec770c03f3e99d770687f537f4ba1e89\",\"name\":\"Cannabis.es\",\"image\":{\"@type\":\"ImageObject\",\"inLanguage\":\"es\",\"@id\":\"https:\/\/www.cannabis.es\/pw\/#\/schema\/person\/image\/\",\"url\":\"https:\/\/secure.gravatar.com\/avatar\/810c93a3d6fadc3d9c2665b1d919a4aedea8ed4dd63689d001e985a804e90d83?s=96&d=mm&r=g\",\"contentUrl\":\"https:\/\/secure.gravatar.com\/avatar\/810c93a3d6fadc3d9c2665b1d919a4aedea8ed4dd63689d001e985a804e90d83?s=96&d=mm&r=g\",\"caption\":\"Cannabis.es\"},\"url\":\"https:\/\/www.cannabis.es\/pw\/author\/arnau\/\"}]}<\/script>\n<!-- \/ Yoast SEO plugin. -->","yoast_head_json":{"title":"M\u00e9xico reglamenta la producci\u00f3n y abastecimiento medicinal sin autocultivo ni flor","description":"Entrada &#8226; Portal multimedia sobre cannabis y otras sustancias &#8226; 27 agosto, 2020","robots":{"index":"index","follow":"follow","max-snippet":"max-snippet:-1","max-image-preview":"max-image-preview:large","max-video-preview":"max-video-preview:-1"},"canonical":"https:\/\/www.cannabis.es\/pw\/2020\/08\/27\/mexico-reglamenta-la-produccion-y-abastecimiento-medicinal-sin-autocultivo-ni-flor\/","twitter_card":"summary_large_image","twitter_title":"M\u00e9xico reglamenta la producci\u00f3n y abastecimiento medicinal sin autocultivo ni flor","twitter_description":"Entrada &#8226; Portal multimedia sobre cannabis y otras sustancias &#8226; 27 agosto, 2020","twitter_image":"https:\/\/www.cannabis.es\/pw\/wp-content\/uploads\/2020\/08\/portada-mexico-1.jpg","twitter_creator":"@cannabis_es","twitter_site":"@cannabis_es","twitter_misc":{"Escrito por":"Cannabis.es","Tiempo de lectura":"5 minutos"},"schema":{"@context":"https:\/\/schema.org","@graph":[{"@type":"Article","@id":"https:\/\/www.cannabis.es\/pw\/2020\/08\/27\/mexico-reglamenta-la-produccion-y-abastecimiento-medicinal-sin-autocultivo-ni-flor\/#article","isPartOf":{"@id":"https:\/\/www.cannabis.es\/pw\/2020\/08\/27\/mexico-reglamenta-la-produccion-y-abastecimiento-medicinal-sin-autocultivo-ni-flor\/"},"author":{"name":"Cannabis.es","@id":"https:\/\/www.cannabis.es\/pw\/#\/schema\/person\/ec770c03f3e99d770687f537f4ba1e89"},"headline":"M\u00e9xico reglamenta la producci\u00f3n y abastecimiento medicinal sin autocultivo ni flor","datePublished":"2020-08-27T11:33:07+00:00","dateModified":"2021-04-26T10:11:07+00:00","mainEntityOfPage":{"@id":"https:\/\/www.cannabis.es\/pw\/2020\/08\/27\/mexico-reglamenta-la-produccion-y-abastecimiento-medicinal-sin-autocultivo-ni-flor\/"},"wordCount":887,"publisher":{"@id":"https:\/\/www.cannabis.es\/pw\/#organization"},"image":{"@id":"https:\/\/www.cannabis.es\/pw\/2020\/08\/27\/mexico-reglamenta-la-produccion-y-abastecimiento-medicinal-sin-autocultivo-ni-flor\/#primaryimage"},"thumbnailUrl":"https:\/\/www.cannabis.es\/pw\/wp-content\/uploads\/2020\/08\/portada-mexico-1.jpg","keywords":["Arnau Alcaide","autocultivo","cannabis medicinal","legalizaci\u00f3n","m\u00e9xico","regulaci\u00f3n","regulaci\u00f3n cannabis","regulaci\u00f3n integral del cannabis"],"articleSection":["Pol\u00edtica y Sociedad"],"inLanguage":"es"},{"@type":"WebPage","@id":"https:\/\/www.cannabis.es\/pw\/2020\/08\/27\/mexico-reglamenta-la-produccion-y-abastecimiento-medicinal-sin-autocultivo-ni-flor\/","url":"https:\/\/www.cannabis.es\/pw\/2020\/08\/27\/mexico-reglamenta-la-produccion-y-abastecimiento-medicinal-sin-autocultivo-ni-flor\/","name":"M\u00e9xico reglamenta la producci\u00f3n y abastecimiento medicinal sin autocultivo ni flor","isPartOf":{"@id":"https:\/\/www.cannabis.es\/pw\/#website"},"primaryImageOfPage":{"@id":"https:\/\/www.cannabis.es\/pw\/2020\/08\/27\/mexico-reglamenta-la-produccion-y-abastecimiento-medicinal-sin-autocultivo-ni-flor\/#primaryimage"},"image":{"@id":"https:\/\/www.cannabis.es\/pw\/2020\/08\/27\/mexico-reglamenta-la-produccion-y-abastecimiento-medicinal-sin-autocultivo-ni-flor\/#primaryimage"},"thumbnailUrl":"https:\/\/www.cannabis.es\/pw\/wp-content\/uploads\/2020\/08\/portada-mexico-1.jpg","datePublished":"2020-08-27T11:33:07+00:00","dateModified":"2021-04-26T10:11:07+00:00","description":"Entrada &#8226; Portal multimedia sobre cannabis y otras sustancias &#8226; 27 agosto, 2020","breadcrumb":{"@id":"https:\/\/www.cannabis.es\/pw\/2020\/08\/27\/mexico-reglamenta-la-produccion-y-abastecimiento-medicinal-sin-autocultivo-ni-flor\/#breadcrumb"},"inLanguage":"es","potentialAction":[{"@type":"ReadAction","target":["https:\/\/www.cannabis.es\/pw\/2020\/08\/27\/mexico-reglamenta-la-produccion-y-abastecimiento-medicinal-sin-autocultivo-ni-flor\/"]}]},{"@type":"ImageObject","inLanguage":"es","@id":"https:\/\/www.cannabis.es\/pw\/2020\/08\/27\/mexico-reglamenta-la-produccion-y-abastecimiento-medicinal-sin-autocultivo-ni-flor\/#primaryimage","url":"https:\/\/www.cannabis.es\/pw\/wp-content\/uploads\/2020\/08\/portada-mexico-1.jpg","contentUrl":"https:\/\/www.cannabis.es\/pw\/wp-content\/uploads\/2020\/08\/portada-mexico-1.jpg","width":804,"height":532},{"@type":"BreadcrumbList","@id":"https:\/\/www.cannabis.es\/pw\/2020\/08\/27\/mexico-reglamenta-la-produccion-y-abastecimiento-medicinal-sin-autocultivo-ni-flor\/#breadcrumb","itemListElement":[{"@type":"ListItem","position":1,"name":"Portada","item":"http:\/\/www.cannabis.es\/pw\/"},{"@type":"ListItem","position":2,"name":"M\u00e9xico reglamenta la producci\u00f3n y abastecimiento medicinal sin autocultivo ni flor"}]},{"@type":"WebSite","@id":"https:\/\/www.cannabis.es\/pw\/#website","url":"https:\/\/www.cannabis.es\/pw\/","name":"Cannabis","description":"Portal multimedia sobre cannabis y otras sustancias","publisher":{"@id":"https:\/\/www.cannabis.es\/pw\/#organization"},"potentialAction":[{"@type":"SearchAction","target":{"@type":"EntryPoint","urlTemplate":"https:\/\/www.cannabis.es\/pw\/?s={search_term_string}"},"query-input":{"@type":"PropertyValueSpecification","valueRequired":true,"valueName":"search_term_string"}}],"inLanguage":"es"},{"@type":"Organization","@id":"https:\/\/www.cannabis.es\/pw\/#organization","name":"Cannabis.es","url":"https:\/\/www.cannabis.es\/pw\/","logo":{"@type":"ImageObject","inLanguage":"es","@id":"https:\/\/www.cannabis.es\/pw\/#\/schema\/logo\/image\/","url":"https:\/\/www.cannabis.es\/pw\/wp-content\/uploads\/2019\/04\/cropped-logo_cannabis.png","contentUrl":"https:\/\/www.cannabis.es\/pw\/wp-content\/uploads\/2019\/04\/cropped-logo_cannabis.png","width":361,"height":120,"caption":"Cannabis.es"},"image":{"@id":"https:\/\/www.cannabis.es\/pw\/#\/schema\/logo\/image\/"},"sameAs":["https:\/\/x.com\/cannabis_es"]},{"@type":"Person","@id":"https:\/\/www.cannabis.es\/pw\/#\/schema\/person\/ec770c03f3e99d770687f537f4ba1e89","name":"Cannabis.es","image":{"@type":"ImageObject","inLanguage":"es","@id":"https:\/\/www.cannabis.es\/pw\/#\/schema\/person\/image\/","url":"https:\/\/secure.gravatar.com\/avatar\/810c93a3d6fadc3d9c2665b1d919a4aedea8ed4dd63689d001e985a804e90d83?s=96&d=mm&r=g","contentUrl":"https:\/\/secure.gravatar.com\/avatar\/810c93a3d6fadc3d9c2665b1d919a4aedea8ed4dd63689d001e985a804e90d83?s=96&d=mm&r=g","caption":"Cannabis.es"},"url":"https:\/\/www.cannabis.es\/pw\/author\/arnau\/"}]}},"_links":{"self":[{"href":"https:\/\/www.cannabis.es\/pw\/wp-json\/wp\/v2\/posts\/5958","targetHints":{"allow":["GET"]}}],"collection":[{"href":"https:\/\/www.cannabis.es\/pw\/wp-json\/wp\/v2\/posts"}],"about":[{"href":"https:\/\/www.cannabis.es\/pw\/wp-json\/wp\/v2\/types\/post"}],"author":[{"embeddable":true,"href":"https:\/\/www.cannabis.es\/pw\/wp-json\/wp\/v2\/users\/3"}],"replies":[{"embeddable":true,"href":"https:\/\/www.cannabis.es\/pw\/wp-json\/wp\/v2\/comments?post=5958"}],"version-history":[{"count":2,"href":"https:\/\/www.cannabis.es\/pw\/wp-json\/wp\/v2\/posts\/5958\/revisions"}],"predecessor-version":[{"id":6973,"href":"https:\/\/www.cannabis.es\/pw\/wp-json\/wp\/v2\/posts\/5958\/revisions\/6973"}],"wp:featuredmedia":[{"embeddable":true,"href":"https:\/\/www.cannabis.es\/pw\/wp-json\/wp\/v2\/media\/5959"}],"wp:attachment":[{"href":"https:\/\/www.cannabis.es\/pw\/wp-json\/wp\/v2\/media?parent=5958"}],"wp:term":[{"taxonomy":"category","embeddable":true,"href":"https:\/\/www.cannabis.es\/pw\/wp-json\/wp\/v2\/categories?post=5958"},{"taxonomy":"post_tag","embeddable":true,"href":"https:\/\/www.cannabis.es\/pw\/wp-json\/wp\/v2\/tags?post=5958"}],"curies":[{"name":"wp","href":"https:\/\/api.w.org\/{rel}","templated":true}]}}