{"id":5982,"date":"2020-09-03T13:34:29","date_gmt":"2020-09-03T11:34:29","guid":{"rendered":"https:\/\/www.cannabis.es\/pw\/?p=5982"},"modified":"2020-09-03T13:34:30","modified_gmt":"2020-09-03T11:34:30","slug":"catalunya-epicentro-del-mercado-de-la-marihuana-segun-los-mossos","status":"publish","type":"post","link":"https:\/\/www.cannabis.es\/pw\/2020\/09\/03\/catalunya-epicentro-del-mercado-de-la-marihuana-segun-los-mossos\/","title":{"rendered":"Catalunya, \u201cepicentro del mercado de la marihuana\u201d, seg\u00fan los Mossos"},"content":{"rendered":"\n<p>Benito D\u00edaz<\/p>\n\n\n\n<p>La Comisar\u00eda General de Investigaci\u00f3n Criminal (CGIC), dependiente de los Mossos d\u00b4Esquadra, encarg\u00f3 al \u00c1rea Central de An\u00e1lisis de la Criminalidad (ACAC) un estudio sobre el estado del cannabis en Catalunya. Elaborado durante el mes de marzo y entregado en junio, este informe de 75 p\u00e1ginas advierte sobre los supuestos peligros que achacan a la legislaci\u00f3n catalana, derogada hace dos a\u00f1os.<\/p>\n\n\n\n<p>El estudio dibuja un escenario preocupante. Habla de <strong>redes de narcotr\u00e1fico de origen extranjero que se ocupar\u00edan de distribuir cannabis por toda Europa<\/strong>, aumento de violencia derivada y corrupci\u00f3n de funcionarios p\u00fablicos.<\/p>\n\n\n\n<figure class=\"wp-block-image size-large\"><img loading=\"lazy\" decoding=\"async\" width=\"804\" height=\"532\" src=\"https:\/\/www.cannabis.es\/pw\/wp-content\/uploads\/2020\/09\/informe-mossos.jpg\" alt=\"\" class=\"wp-image-5983\" srcset=\"https:\/\/www.cannabis.es\/pw\/wp-content\/uploads\/2020\/09\/informe-mossos.jpg 804w, https:\/\/www.cannabis.es\/pw\/wp-content\/uploads\/2020\/09\/informe-mossos-300x199.jpg 300w, https:\/\/www.cannabis.es\/pw\/wp-content\/uploads\/2020\/09\/informe-mossos-768x508.jpg 768w, https:\/\/www.cannabis.es\/pw\/wp-content\/uploads\/2020\/09\/informe-mossos-600x397.jpg 600w\" sizes=\"auto, (max-width: 804px) 100vw, 804px\" \/><\/figure>\n\n\n\n<p>Los Mossos, que desde 2018 activaron un protocolo especial para la \u201clucha contra el boom de esta droga\u201d, han desarrollado un operativo intenso durante agosto. En este mes se han llevado a cabo varias actuaciones contra una organizaci\u00f3n que cultivaba cannabis en la provincia de Barcelona, al parecer, para su reparto por pa\u00edses del centro de Europa. Si bien estas actuaciones son de car\u00e1cter p\u00fablico, no tanto lo es el informe, entregado solo a la fiscal\u00eda. Tambi\u00e9n debemos se\u00f1alar la implacable persecuci\u00f3n del cannabis por parte de este cuerpo auton\u00f3mico, que en 2019 presume haber arrancado 221.291, desmantelado 368 plantaciones y arrestado a 2.729 personas.<\/p>\n\n\n\n<h2 class=\"wp-block-heading\">\u201c<strong>El Mercat de la Marihuana a Catalunya\u201d<\/strong><\/h2>\n\n\n\n<p>Los datos obtenidos apuntan que el memorando est\u00e1 basado en datos policiales nacionales y europeos. Parte de una premisa, seg\u00fan la cual Catalunya es el centro del comercio ilegal de cannabis de toda Europa. Entre 2013 y 2017, las <strong>incautaciones de plantas crecieron un 538%<\/strong> (de 176.165 a 1.124.674) situando nuestro pa\u00eds como primer productor europeo de cannabis. Seg\u00fan estas fuentes, el negocio produce tanto beneficio que los cultivadores aut\u00f3ctonos se han visto desplazados por las mafias.<\/p>\n\n\n\n<p><a href=\"http:\/\/sac.gencat.cat\/sacgencat\/AppJava\/organisme_fitxa.jsp?codi=12944\">Seg\u00fan la ACAC,<\/a> la infiltraci\u00f3n de organizaciones criminales se producir\u00eda como si de una infecci\u00f3n se tratase. En una primera fase, llamada \u201cPredatoria\u201d, se explica c\u00f3mo una oleada de grupos procedentes de la Europa Central y del Este han tomado <strong>posiciones dentro del mercado del narcotr\u00e1fico catal\u00e1n<\/strong>. Esto dar\u00eda lugar a enfrentamientos con productores locales, aumentando la narcoviolencia. Se\u00f1ala que <em>\u201cEntre el 2018 y el 2019 ha habido seis muertes violentas conectadas con este problema\u201d.<\/em><\/p>\n\n\n\n<p>En una segunda fase, llamada \u201cParasitaria\u201d, se predice que las organizaciones criminales asentadas de forma segura, tratar\u00e1n de adentrarse en las estructuras de poder. La corrupci\u00f3n de entidades pol\u00edticas o policiales, para la protecci\u00f3n y expansi\u00f3n de sus negocios, parece ser el escenario final m\u00e1s preocupante para las autoridades.<\/p>\n\n\n\n<p><span class=\"has-inline-color has-luminous-vivid-orange-color\">\u201c<em>La creaci\u00f3n en Catalu\u00f1a de un &#8216;sistema paralelo<\/em>&#8216; (legislaci\u00f3n legalizadora)<em>, preparar\u00eda una \u201cnarcoeconom\u00eda\u201d con fuertes conexiones, excluida del sistema legal para quienes se lucren de la marihuana, adem\u00e1s de la creaci\u00f3n de una cultura e identidad del cannabis, como hacen en Holanda\u201d<\/em><\/span><em>,<\/em> afirman fuentes policiales en declaraciones al diario El Pa\u00eds.<\/p>\n\n\n\n<p><span class=\"has-inline-color has-luminous-vivid-orange-color\">\u201c<em>Hemos pasado del consumo de proximidad al crimen organizado. Estas organizaciones dedicadas a la actividad delictiva est\u00e1n eligiendo Catalunya para aposentarse y dirigir sus negocios desde aqu\u00ed. Esto implica posibles narcoasaltos, mucha violencia, tr\u00e1fico de armas, posibles homicidios, incluso podr\u00eda conllevar un aumento del tr\u00e1fico y la explotaci\u00f3n de personas y, sin duda una amenaza para la econom\u00eda real, una amenaza para la calidad democr\u00e1tica de Catalunya\u201d<\/em><\/span>, asegur\u00f3 el Jefe de la polic\u00eda catalana, Eduard Sallent, en declaraciones al diario El Taqu\u00edgrafo.<\/p>\n\n\n\n<h2 class=\"wp-block-heading\"><strong>La Ley Catalana<\/strong><\/h2>\n\n\n\n<p>El camino seguido por la ley sobre Cannabis en Catalunya, es largo y retorcido. Como <a href=\"https:\/\/www.cannabis.es\/pw\/2017\/07\/24\/yerba-en-catalunya-la-ilp-que-lo-cambio-todo\/\">vimos en anteriores art\u00edculos<\/a>, el trabajo comienza en 2014 cuando la instancia para regular los CSC y Asociaciones Cann\u00e1bicas se eleva hasta el Parlament. Despu\u00e9s, la recogida de firmas de la Rosa Verda y el impulso de la ILP por parte de CATFAC o FEDCAT, que desembocar\u00eda en la aprobaci\u00f3n de la norma que regula la tenencia, el transporte y el cultivo de la planta. En 2017, regula el Cannabis Medicinal, siendo junto a Euskadi, una de las dos \u00fanicas regiones de nuestro pa\u00eds en las cuales esta terapia es por entero, legal.<\/p>\n\n\n\n<p>En 2018, sin embargo, El Tribunal Constitucional anula la ley que regulaba las Asociaciones Cann\u00e1bicas y los CSC. En Septiembre de aquel a\u00f1o, los magistrados deciden que la normativa \u201cinvade las competencias del Estado\u201d.<\/p>\n\n\n\n<p>No es casualidad que el Gobierno de Mariano Rajoy la hubiera recurrido en el mes de Octubre, con alegaciones sobre el amparo legal a actividades tipificadas como delito, pues se trata de una sustancia identificada como estupefaciente, lo que impedir\u00eda su regulaci\u00f3n por parte de las autonom\u00edas, como competencia en materia penal reservada al Estado seg\u00fan la Constituci\u00f3n en su art\u00edculo 149.1.6.<\/p>\n\n\n\n<p>En la actualidad, los CSC y las Asociaciones en Catalunya han vuelto a la inseguridad jur\u00eddica. Algunas voces se alzan, asegurando que la corrupci\u00f3n por parte de los propios CSC se demuestra en la pr\u00e1ctica. <em>\u201cCreo que muchos de los CSC de Barcelona no son activismo porque muchos se lucran y no se interesan por ninguna causa salvo la del dinero. He visitado lugares que parec\u00edan hechos para turistas adinerados. Algunos due\u00f1os de esos sitios han acabado en la c\u00e1rcel por tr\u00e1fico\u201d<\/em> afirma @elsupersativa en Twitter. A este respecto, se han establecido<strong> C\u00f3digos de Buenas pr\u00e1cticas <\/strong>por parte de la Confederaci\u00f3n de Asociaciones Cann\u00e1bicas al que se adhieren muchas de las Asociaciones locales. Esto no impide que el mercado negro y los CSC corruptos sigan ejerciendo su actividad, pero si los <a href=\"https:\/\/www.cannabis.es\/pw\/2020\/07\/01\/alerta-estigma-nuevo-observatorio-en-cataluna-identifica-malas-conductas\/\">distingue de forma clara del resto.<\/a><\/p>\n\n\n\n<p>Una de las conclusiones del informe, se\u00f1ala que la legalizaci\u00f3n deber\u00eda suceder en toda Europa a la vez, dado que, si solo sucediese en nuestro pa\u00eds, \u201cagravar\u00eda la situaci\u00f3n\u201d. Se trata de <strong>un enfoque algo simplista, que adolece de apuntar con ceguera en una \u00fanica direcci\u00f3n, la del prohibicionismo<\/strong>. En otras naciones se ha regularizado el cannabis sin que esto haya necesitado la normativa en otros pa\u00edses, tal como Uruguay no necesit\u00f3 la legalizaci\u00f3n de Canad\u00e1. Tampoco ha afectado en lo m\u00e1s m\u00ednimo a las econom\u00edas de pa\u00edses vecinos, ni desplazado a sus mafias a lugares donde es seguro que hay un incremento de efectivos policiales a la caza de los infractores. Lo que s\u00ed es posible es que sea necesaria una norma para todo el territorio espa\u00f1ol, que cuente con las organizaciones activistas, sus reivindicaciones y logros legislativos regionales.<\/p>\n","protected":false},"excerpt":{"rendered":"<span class=\"span-reading-time rt-reading-time\" style=\"display: block;\"><span class=\"rt-label rt-prefix\">Tiempo de lectura:<\/span> <span class=\"rt-time\"> 4<\/span> <span class=\"rt-label rt-postfix\">minutos<\/span><\/span>Benito D\u00edaz La Comisar\u00eda General de Investigaci\u00f3n Criminal (CGIC), dependiente de los Mossos d\u00b4Esquadra, encarg\u00f3 al \u00c1rea Central de An\u00e1lisis de la Criminalidad (ACAC) un estudio sobre el estado del cannabis en Catalunya. Elaborado durante el mes de marzo y entregado en junio, este informe de 75 p\u00e1ginas advierte sobre los supuestos peligros que achacan [&hellip;]","protected":false},"author":3,"featured_media":5983,"comment_status":"closed","ping_status":"closed","sticky":false,"template":"","format":"standard","meta":{"loftocean-featured-post":"","loftocean_post_format_gallery":"","loftocean_post_format_gallery_ids":"","loftocean_post_format_gallery_urls":"","loftocean_post_format_video_id":"","loftocean_post_format_video_url":"","loftocean_post_format_video_type":"","loftocean_post_format_video":"","loftocean_post_format_audio_type":"","loftocean_post_format_audio_url":"","loftocean_post_format_audio_id":"","loftocean_post_format_audio":"","loftocean_post_format_quote_text":"","loftocean_post_format_quote_byline":"","loftocean_post_format_link_text":"","loftocean_post_format_link_url":"","ceramag_post_header_style":"","ceramag_enable_background_video":"","ceramag_show_in_top_slider":"","ceramag_post_background_video_start":"","ceramag_post_background_video_end":"","loftocean_page_background_video_id":"","loftocean_page_background_video_url":"","loftocean_page_background_video_type":"","loftocean_page_background_video":"","ceramag_background_video_start":"","ceramag_background_video_end":"","ceramag_single_page_hide_header":"","footnotes":""},"categories":[35],"tags":[43,798,727,848,59],"class_list":["post-5982","post","type-post","status-publish","format-standard","has-post-thumbnail","hentry","category-politica-y-sociedad","tag-benito-diaz","tag-narcotrafico","tag-policia","tag-politica-de-drogas","tag-prohibicionismo"],"yoast_head":"<!-- This site is optimized with the Yoast SEO plugin v24.9 - https:\/\/yoast.com\/wordpress\/plugins\/seo\/ -->\n<title>Catalunya, \u201cepicentro del mercado de la marihuana\u201d, seg\u00fan los Mossos<\/title>\n<meta name=\"description\" content=\"Entrada &#8226; Portal multimedia sobre cannabis y otras sustancias &#8226; 3 septiembre, 2020\" \/>\n<meta name=\"robots\" content=\"index, follow, max-snippet:-1, max-image-preview:large, max-video-preview:-1\" \/>\n<link rel=\"canonical\" href=\"https:\/\/www.cannabis.es\/pw\/2020\/09\/03\/catalunya-epicentro-del-mercado-de-la-marihuana-segun-los-mossos\/\" \/>\n<meta name=\"twitter:card\" content=\"summary_large_image\" \/>\n<meta name=\"twitter:title\" content=\"Catalunya, \u201cepicentro del mercado de la marihuana\u201d, seg\u00fan los Mossos\" \/>\n<meta name=\"twitter:description\" content=\"Entrada &#8226; Portal multimedia sobre cannabis y otras sustancias &#8226; 3 septiembre, 2020\" \/>\n<meta name=\"twitter:image\" content=\"https:\/\/www.cannabis.es\/pw\/wp-content\/uploads\/2020\/09\/informe-mossos.jpg\" \/>\n<meta name=\"twitter:creator\" content=\"@cannabis_es\" \/>\n<meta name=\"twitter:site\" content=\"@cannabis_es\" \/>\n<meta name=\"twitter:label1\" content=\"Escrito por\" \/>\n\t<meta name=\"twitter:data1\" content=\"Cannabis.es\" \/>\n\t<meta name=\"twitter:label2\" content=\"Tiempo de lectura\" \/>\n\t<meta name=\"twitter:data2\" content=\"6 minutos\" \/>\n<script type=\"application\/ld+json\" class=\"yoast-schema-graph\">{\"@context\":\"https:\/\/schema.org\",\"@graph\":[{\"@type\":\"Article\",\"@id\":\"https:\/\/www.cannabis.es\/pw\/2020\/09\/03\/catalunya-epicentro-del-mercado-de-la-marihuana-segun-los-mossos\/#article\",\"isPartOf\":{\"@id\":\"https:\/\/www.cannabis.es\/pw\/2020\/09\/03\/catalunya-epicentro-del-mercado-de-la-marihuana-segun-los-mossos\/\"},\"author\":{\"name\":\"Cannabis.es\",\"@id\":\"https:\/\/www.cannabis.es\/pw\/#\/schema\/person\/ec770c03f3e99d770687f537f4ba1e89\"},\"headline\":\"Catalunya, \u201cepicentro del mercado de la marihuana\u201d, seg\u00fan los Mossos\",\"datePublished\":\"2020-09-03T11:34:29+00:00\",\"dateModified\":\"2020-09-03T11:34:30+00:00\",\"mainEntityOfPage\":{\"@id\":\"https:\/\/www.cannabis.es\/pw\/2020\/09\/03\/catalunya-epicentro-del-mercado-de-la-marihuana-segun-los-mossos\/\"},\"wordCount\":1115,\"publisher\":{\"@id\":\"https:\/\/www.cannabis.es\/pw\/#organization\"},\"image\":{\"@id\":\"https:\/\/www.cannabis.es\/pw\/2020\/09\/03\/catalunya-epicentro-del-mercado-de-la-marihuana-segun-los-mossos\/#primaryimage\"},\"thumbnailUrl\":\"https:\/\/www.cannabis.es\/pw\/wp-content\/uploads\/2020\/09\/informe-mossos.jpg\",\"keywords\":[\"Benito D\u00edaz\",\"narcotr\u00e1fico\",\"polic\u00eda\",\"pol\u00edtica de drogas\",\"prohibicionismo\"],\"articleSection\":[\"Pol\u00edtica y Sociedad\"],\"inLanguage\":\"es\"},{\"@type\":\"WebPage\",\"@id\":\"https:\/\/www.cannabis.es\/pw\/2020\/09\/03\/catalunya-epicentro-del-mercado-de-la-marihuana-segun-los-mossos\/\",\"url\":\"https:\/\/www.cannabis.es\/pw\/2020\/09\/03\/catalunya-epicentro-del-mercado-de-la-marihuana-segun-los-mossos\/\",\"name\":\"Catalunya, \u201cepicentro del mercado de la marihuana\u201d, seg\u00fan los Mossos\",\"isPartOf\":{\"@id\":\"https:\/\/www.cannabis.es\/pw\/#website\"},\"primaryImageOfPage\":{\"@id\":\"https:\/\/www.cannabis.es\/pw\/2020\/09\/03\/catalunya-epicentro-del-mercado-de-la-marihuana-segun-los-mossos\/#primaryimage\"},\"image\":{\"@id\":\"https:\/\/www.cannabis.es\/pw\/2020\/09\/03\/catalunya-epicentro-del-mercado-de-la-marihuana-segun-los-mossos\/#primaryimage\"},\"thumbnailUrl\":\"https:\/\/www.cannabis.es\/pw\/wp-content\/uploads\/2020\/09\/informe-mossos.jpg\",\"datePublished\":\"2020-09-03T11:34:29+00:00\",\"dateModified\":\"2020-09-03T11:34:30+00:00\",\"description\":\"Entrada &#8226; Portal multimedia sobre cannabis y otras sustancias &#8226; 3 septiembre, 2020\",\"breadcrumb\":{\"@id\":\"https:\/\/www.cannabis.es\/pw\/2020\/09\/03\/catalunya-epicentro-del-mercado-de-la-marihuana-segun-los-mossos\/#breadcrumb\"},\"inLanguage\":\"es\",\"potentialAction\":[{\"@type\":\"ReadAction\",\"target\":[\"https:\/\/www.cannabis.es\/pw\/2020\/09\/03\/catalunya-epicentro-del-mercado-de-la-marihuana-segun-los-mossos\/\"]}]},{\"@type\":\"ImageObject\",\"inLanguage\":\"es\",\"@id\":\"https:\/\/www.cannabis.es\/pw\/2020\/09\/03\/catalunya-epicentro-del-mercado-de-la-marihuana-segun-los-mossos\/#primaryimage\",\"url\":\"https:\/\/www.cannabis.es\/pw\/wp-content\/uploads\/2020\/09\/informe-mossos.jpg\",\"contentUrl\":\"https:\/\/www.cannabis.es\/pw\/wp-content\/uploads\/2020\/09\/informe-mossos.jpg\",\"width\":804,\"height\":532},{\"@type\":\"BreadcrumbList\",\"@id\":\"https:\/\/www.cannabis.es\/pw\/2020\/09\/03\/catalunya-epicentro-del-mercado-de-la-marihuana-segun-los-mossos\/#breadcrumb\",\"itemListElement\":[{\"@type\":\"ListItem\",\"position\":1,\"name\":\"Portada\",\"item\":\"http:\/\/www.cannabis.es\/pw\/\"},{\"@type\":\"ListItem\",\"position\":2,\"name\":\"Catalunya, \u201cepicentro del mercado de la marihuana\u201d, seg\u00fan los Mossos\"}]},{\"@type\":\"WebSite\",\"@id\":\"https:\/\/www.cannabis.es\/pw\/#website\",\"url\":\"https:\/\/www.cannabis.es\/pw\/\",\"name\":\"Cannabis\",\"description\":\"Portal multimedia sobre cannabis y otras sustancias\",\"publisher\":{\"@id\":\"https:\/\/www.cannabis.es\/pw\/#organization\"},\"potentialAction\":[{\"@type\":\"SearchAction\",\"target\":{\"@type\":\"EntryPoint\",\"urlTemplate\":\"https:\/\/www.cannabis.es\/pw\/?s={search_term_string}\"},\"query-input\":{\"@type\":\"PropertyValueSpecification\",\"valueRequired\":true,\"valueName\":\"search_term_string\"}}],\"inLanguage\":\"es\"},{\"@type\":\"Organization\",\"@id\":\"https:\/\/www.cannabis.es\/pw\/#organization\",\"name\":\"Cannabis.es\",\"url\":\"https:\/\/www.cannabis.es\/pw\/\",\"logo\":{\"@type\":\"ImageObject\",\"inLanguage\":\"es\",\"@id\":\"https:\/\/www.cannabis.es\/pw\/#\/schema\/logo\/image\/\",\"url\":\"https:\/\/www.cannabis.es\/pw\/wp-content\/uploads\/2019\/04\/cropped-logo_cannabis.png\",\"contentUrl\":\"https:\/\/www.cannabis.es\/pw\/wp-content\/uploads\/2019\/04\/cropped-logo_cannabis.png\",\"width\":361,\"height\":120,\"caption\":\"Cannabis.es\"},\"image\":{\"@id\":\"https:\/\/www.cannabis.es\/pw\/#\/schema\/logo\/image\/\"},\"sameAs\":[\"https:\/\/x.com\/cannabis_es\"]},{\"@type\":\"Person\",\"@id\":\"https:\/\/www.cannabis.es\/pw\/#\/schema\/person\/ec770c03f3e99d770687f537f4ba1e89\",\"name\":\"Cannabis.es\",\"image\":{\"@type\":\"ImageObject\",\"inLanguage\":\"es\",\"@id\":\"https:\/\/www.cannabis.es\/pw\/#\/schema\/person\/image\/\",\"url\":\"https:\/\/secure.gravatar.com\/avatar\/810c93a3d6fadc3d9c2665b1d919a4aedea8ed4dd63689d001e985a804e90d83?s=96&d=mm&r=g\",\"contentUrl\":\"https:\/\/secure.gravatar.com\/avatar\/810c93a3d6fadc3d9c2665b1d919a4aedea8ed4dd63689d001e985a804e90d83?s=96&d=mm&r=g\",\"caption\":\"Cannabis.es\"},\"url\":\"https:\/\/www.cannabis.es\/pw\/author\/arnau\/\"}]}<\/script>\n<!-- \/ Yoast SEO plugin. -->","yoast_head_json":{"title":"Catalunya, \u201cepicentro del mercado de la marihuana\u201d, seg\u00fan los Mossos","description":"Entrada &#8226; Portal multimedia sobre cannabis y otras sustancias &#8226; 3 septiembre, 2020","robots":{"index":"index","follow":"follow","max-snippet":"max-snippet:-1","max-image-preview":"max-image-preview:large","max-video-preview":"max-video-preview:-1"},"canonical":"https:\/\/www.cannabis.es\/pw\/2020\/09\/03\/catalunya-epicentro-del-mercado-de-la-marihuana-segun-los-mossos\/","twitter_card":"summary_large_image","twitter_title":"Catalunya, \u201cepicentro del mercado de la marihuana\u201d, seg\u00fan los Mossos","twitter_description":"Entrada &#8226; Portal multimedia sobre cannabis y otras sustancias &#8226; 3 septiembre, 2020","twitter_image":"https:\/\/www.cannabis.es\/pw\/wp-content\/uploads\/2020\/09\/informe-mossos.jpg","twitter_creator":"@cannabis_es","twitter_site":"@cannabis_es","twitter_misc":{"Escrito por":"Cannabis.es","Tiempo de lectura":"6 minutos"},"schema":{"@context":"https:\/\/schema.org","@graph":[{"@type":"Article","@id":"https:\/\/www.cannabis.es\/pw\/2020\/09\/03\/catalunya-epicentro-del-mercado-de-la-marihuana-segun-los-mossos\/#article","isPartOf":{"@id":"https:\/\/www.cannabis.es\/pw\/2020\/09\/03\/catalunya-epicentro-del-mercado-de-la-marihuana-segun-los-mossos\/"},"author":{"name":"Cannabis.es","@id":"https:\/\/www.cannabis.es\/pw\/#\/schema\/person\/ec770c03f3e99d770687f537f4ba1e89"},"headline":"Catalunya, \u201cepicentro del mercado de la marihuana\u201d, seg\u00fan los Mossos","datePublished":"2020-09-03T11:34:29+00:00","dateModified":"2020-09-03T11:34:30+00:00","mainEntityOfPage":{"@id":"https:\/\/www.cannabis.es\/pw\/2020\/09\/03\/catalunya-epicentro-del-mercado-de-la-marihuana-segun-los-mossos\/"},"wordCount":1115,"publisher":{"@id":"https:\/\/www.cannabis.es\/pw\/#organization"},"image":{"@id":"https:\/\/www.cannabis.es\/pw\/2020\/09\/03\/catalunya-epicentro-del-mercado-de-la-marihuana-segun-los-mossos\/#primaryimage"},"thumbnailUrl":"https:\/\/www.cannabis.es\/pw\/wp-content\/uploads\/2020\/09\/informe-mossos.jpg","keywords":["Benito D\u00edaz","narcotr\u00e1fico","polic\u00eda","pol\u00edtica de drogas","prohibicionismo"],"articleSection":["Pol\u00edtica y Sociedad"],"inLanguage":"es"},{"@type":"WebPage","@id":"https:\/\/www.cannabis.es\/pw\/2020\/09\/03\/catalunya-epicentro-del-mercado-de-la-marihuana-segun-los-mossos\/","url":"https:\/\/www.cannabis.es\/pw\/2020\/09\/03\/catalunya-epicentro-del-mercado-de-la-marihuana-segun-los-mossos\/","name":"Catalunya, \u201cepicentro del mercado de la marihuana\u201d, seg\u00fan los Mossos","isPartOf":{"@id":"https:\/\/www.cannabis.es\/pw\/#website"},"primaryImageOfPage":{"@id":"https:\/\/www.cannabis.es\/pw\/2020\/09\/03\/catalunya-epicentro-del-mercado-de-la-marihuana-segun-los-mossos\/#primaryimage"},"image":{"@id":"https:\/\/www.cannabis.es\/pw\/2020\/09\/03\/catalunya-epicentro-del-mercado-de-la-marihuana-segun-los-mossos\/#primaryimage"},"thumbnailUrl":"https:\/\/www.cannabis.es\/pw\/wp-content\/uploads\/2020\/09\/informe-mossos.jpg","datePublished":"2020-09-03T11:34:29+00:00","dateModified":"2020-09-03T11:34:30+00:00","description":"Entrada &#8226; Portal multimedia sobre cannabis y otras sustancias &#8226; 3 septiembre, 2020","breadcrumb":{"@id":"https:\/\/www.cannabis.es\/pw\/2020\/09\/03\/catalunya-epicentro-del-mercado-de-la-marihuana-segun-los-mossos\/#breadcrumb"},"inLanguage":"es","potentialAction":[{"@type":"ReadAction","target":["https:\/\/www.cannabis.es\/pw\/2020\/09\/03\/catalunya-epicentro-del-mercado-de-la-marihuana-segun-los-mossos\/"]}]},{"@type":"ImageObject","inLanguage":"es","@id":"https:\/\/www.cannabis.es\/pw\/2020\/09\/03\/catalunya-epicentro-del-mercado-de-la-marihuana-segun-los-mossos\/#primaryimage","url":"https:\/\/www.cannabis.es\/pw\/wp-content\/uploads\/2020\/09\/informe-mossos.jpg","contentUrl":"https:\/\/www.cannabis.es\/pw\/wp-content\/uploads\/2020\/09\/informe-mossos.jpg","width":804,"height":532},{"@type":"BreadcrumbList","@id":"https:\/\/www.cannabis.es\/pw\/2020\/09\/03\/catalunya-epicentro-del-mercado-de-la-marihuana-segun-los-mossos\/#breadcrumb","itemListElement":[{"@type":"ListItem","position":1,"name":"Portada","item":"http:\/\/www.cannabis.es\/pw\/"},{"@type":"ListItem","position":2,"name":"Catalunya, \u201cepicentro del mercado de la marihuana\u201d, seg\u00fan los Mossos"}]},{"@type":"WebSite","@id":"https:\/\/www.cannabis.es\/pw\/#website","url":"https:\/\/www.cannabis.es\/pw\/","name":"Cannabis","description":"Portal multimedia sobre cannabis y otras sustancias","publisher":{"@id":"https:\/\/www.cannabis.es\/pw\/#organization"},"potentialAction":[{"@type":"SearchAction","target":{"@type":"EntryPoint","urlTemplate":"https:\/\/www.cannabis.es\/pw\/?s={search_term_string}"},"query-input":{"@type":"PropertyValueSpecification","valueRequired":true,"valueName":"search_term_string"}}],"inLanguage":"es"},{"@type":"Organization","@id":"https:\/\/www.cannabis.es\/pw\/#organization","name":"Cannabis.es","url":"https:\/\/www.cannabis.es\/pw\/","logo":{"@type":"ImageObject","inLanguage":"es","@id":"https:\/\/www.cannabis.es\/pw\/#\/schema\/logo\/image\/","url":"https:\/\/www.cannabis.es\/pw\/wp-content\/uploads\/2019\/04\/cropped-logo_cannabis.png","contentUrl":"https:\/\/www.cannabis.es\/pw\/wp-content\/uploads\/2019\/04\/cropped-logo_cannabis.png","width":361,"height":120,"caption":"Cannabis.es"},"image":{"@id":"https:\/\/www.cannabis.es\/pw\/#\/schema\/logo\/image\/"},"sameAs":["https:\/\/x.com\/cannabis_es"]},{"@type":"Person","@id":"https:\/\/www.cannabis.es\/pw\/#\/schema\/person\/ec770c03f3e99d770687f537f4ba1e89","name":"Cannabis.es","image":{"@type":"ImageObject","inLanguage":"es","@id":"https:\/\/www.cannabis.es\/pw\/#\/schema\/person\/image\/","url":"https:\/\/secure.gravatar.com\/avatar\/810c93a3d6fadc3d9c2665b1d919a4aedea8ed4dd63689d001e985a804e90d83?s=96&d=mm&r=g","contentUrl":"https:\/\/secure.gravatar.com\/avatar\/810c93a3d6fadc3d9c2665b1d919a4aedea8ed4dd63689d001e985a804e90d83?s=96&d=mm&r=g","caption":"Cannabis.es"},"url":"https:\/\/www.cannabis.es\/pw\/author\/arnau\/"}]}},"_links":{"self":[{"href":"https:\/\/www.cannabis.es\/pw\/wp-json\/wp\/v2\/posts\/5982","targetHints":{"allow":["GET"]}}],"collection":[{"href":"https:\/\/www.cannabis.es\/pw\/wp-json\/wp\/v2\/posts"}],"about":[{"href":"https:\/\/www.cannabis.es\/pw\/wp-json\/wp\/v2\/types\/post"}],"author":[{"embeddable":true,"href":"https:\/\/www.cannabis.es\/pw\/wp-json\/wp\/v2\/users\/3"}],"replies":[{"embeddable":true,"href":"https:\/\/www.cannabis.es\/pw\/wp-json\/wp\/v2\/comments?post=5982"}],"version-history":[{"count":1,"href":"https:\/\/www.cannabis.es\/pw\/wp-json\/wp\/v2\/posts\/5982\/revisions"}],"predecessor-version":[{"id":5984,"href":"https:\/\/www.cannabis.es\/pw\/wp-json\/wp\/v2\/posts\/5982\/revisions\/5984"}],"wp:featuredmedia":[{"embeddable":true,"href":"https:\/\/www.cannabis.es\/pw\/wp-json\/wp\/v2\/media\/5983"}],"wp:attachment":[{"href":"https:\/\/www.cannabis.es\/pw\/wp-json\/wp\/v2\/media?parent=5982"}],"wp:term":[{"taxonomy":"category","embeddable":true,"href":"https:\/\/www.cannabis.es\/pw\/wp-json\/wp\/v2\/categories?post=5982"},{"taxonomy":"post_tag","embeddable":true,"href":"https:\/\/www.cannabis.es\/pw\/wp-json\/wp\/v2\/tags?post=5982"}],"curies":[{"name":"wp","href":"https:\/\/api.w.org\/{rel}","templated":true}]}}