{"id":6008,"date":"2020-09-07T12:38:28","date_gmt":"2020-09-07T10:38:28","guid":{"rendered":"https:\/\/www.cannabis.es\/pw\/?p=6008"},"modified":"2020-09-07T12:46:52","modified_gmt":"2020-09-07T10:46:52","slug":"un-kilo-al-ano-no-hace-dano-o-si","status":"publish","type":"post","link":"https:\/\/www.cannabis.es\/pw\/2020\/09\/07\/un-kilo-al-ano-no-hace-dano-o-si\/","title":{"rendered":"\u00abUn kilo al a\u00f1o no hace da\u00f1o, \u00bfo s\u00ed?\u00bb"},"content":{"rendered":"\n<p>Arnau Alcaide<br><br>RdRc\u00e0nnabis, proyecto de Reducci\u00f3n de Da\u00f1os del Departamento de Salud de Catalunya, lanza su primer cartel informativo <a href=\"http:\/\/www.rdrcannabis.cat\/wp-content\/uploads\/2020\/07\/1K-AL-AN%CC%83O_VERSIOFINAL.jpg\">\u00ab1 kilo al a\u00f1o no hace da\u00f1o, \u00bfo s\u00ed?\u00bb<\/a> con algunos aspectos a evitar en el consumo de cannabis. La diferencia es que se presentan sin prejuicio y al lado de buenos momentos, en una composici\u00f3n que pretende en la pr\u00e1ctica que las personas usuarias lean sus vi\u00f1etas desglosadas con inter\u00e9s, no repulsa.<\/p>\n\n\n\n<figure class=\"wp-block-image size-large\"><img loading=\"lazy\" decoding=\"async\" width=\"804\" height=\"532\" src=\"https:\/\/www.cannabis.es\/pw\/wp-content\/uploads\/2020\/09\/cartel-generalitat.jpg\" alt=\"\" class=\"wp-image-6016\" srcset=\"https:\/\/www.cannabis.es\/pw\/wp-content\/uploads\/2020\/09\/cartel-generalitat.jpg 804w, https:\/\/www.cannabis.es\/pw\/wp-content\/uploads\/2020\/09\/cartel-generalitat-300x199.jpg 300w, https:\/\/www.cannabis.es\/pw\/wp-content\/uploads\/2020\/09\/cartel-generalitat-768x508.jpg 768w, https:\/\/www.cannabis.es\/pw\/wp-content\/uploads\/2020\/09\/cartel-generalitat-600x397.jpg 600w\" sizes=\"auto, (max-width: 804px) 100vw, 804px\" \/><\/figure>\n\n\n\n<p><a href=\"http:\/\/www.rdrcannabis.cat\/wp-content\/uploads\/2020\/07\/RdRCannabis_CAT.pdf\">El folleto<\/a> repasa las diferentes vi\u00f1etas de un cartel que contiene tanto los mejores momentos con marihuana como los peores malos tragos, para los que da consejos pr\u00e1cticos desde la cotidianeidad.<\/p>\n\n\n\n<figure class=\"wp-block-image size-large\"><img loading=\"lazy\" decoding=\"async\" width=\"783\" height=\"564\" src=\"https:\/\/www.cannabis.es\/pw\/wp-content\/uploads\/2020\/09\/image-6.png\" alt=\"\" class=\"wp-image-6015\" srcset=\"https:\/\/www.cannabis.es\/pw\/wp-content\/uploads\/2020\/09\/image-6.png 783w, https:\/\/www.cannabis.es\/pw\/wp-content\/uploads\/2020\/09\/image-6-300x216.png 300w, https:\/\/www.cannabis.es\/pw\/wp-content\/uploads\/2020\/09\/image-6-768x553.png 768w, https:\/\/www.cannabis.es\/pw\/wp-content\/uploads\/2020\/09\/image-6-600x432.png 600w\" sizes=\"auto, (max-width: 783px) 100vw, 783px\" \/><\/figure>\n\n\n\n<p> El uso de filtros o vaporizar para reducir lo nocivo del humo, escuchar a tu cuerpo y apoyarte en amistades y el personal de las asociaciones son algunos de los diferentes consejos, que repasan situaciones comunes como el amarillo, para el que te debes tumbar y tomar az\u00facar, el consumo cruzado con alcohol, o el efecto tard\u00edo de comestibles con los que quiz\u00e1s hayamos sido un poco ansias alguna vez.<\/p>\n\n\n\n<figure class=\"wp-block-image size-large\"><img loading=\"lazy\" decoding=\"async\" width=\"1018\" height=\"750\" src=\"https:\/\/www.cannabis.es\/pw\/wp-content\/uploads\/2020\/09\/image.png\" alt=\"\" class=\"wp-image-6009\" srcset=\"https:\/\/www.cannabis.es\/pw\/wp-content\/uploads\/2020\/09\/image.png 1018w, https:\/\/www.cannabis.es\/pw\/wp-content\/uploads\/2020\/09\/image-300x221.png 300w, https:\/\/www.cannabis.es\/pw\/wp-content\/uploads\/2020\/09\/image-768x566.png 768w, https:\/\/www.cannabis.es\/pw\/wp-content\/uploads\/2020\/09\/image-600x442.png 600w\" sizes=\"auto, (max-width: 1018px) 100vw, 1018px\" \/><\/figure>\n\n\n\n<p><br>RdRc\u00e0nnabis nace el 9 de julio en colaboraci\u00f3n con las asociacionescann\u00e1bicas para la Reducci\u00f3ndeRiesgosyDa\u00f1os y es un espaldarazo de Salud en Catalunya, dentro de sus competencias en materia de Reducci\u00f3n de Da\u00f1os, a la labor informativa y de prevenci\u00f3n en estas asociaciones, eminentemente m\u00e1s seguras que el mercado negro para las personas usuarias de cannabis.<\/p>\n\n\n\n<figure class=\"wp-block-image size-large\"><img loading=\"lazy\" decoding=\"async\" width=\"1024\" height=\"744\" src=\"https:\/\/www.cannabis.es\/pw\/wp-content\/uploads\/2020\/09\/image-1-1024x744.png\" alt=\"\" class=\"wp-image-6010\" srcset=\"https:\/\/www.cannabis.es\/pw\/wp-content\/uploads\/2020\/09\/image-1-1024x744.png 1024w, https:\/\/www.cannabis.es\/pw\/wp-content\/uploads\/2020\/09\/image-1-300x218.png 300w, https:\/\/www.cannabis.es\/pw\/wp-content\/uploads\/2020\/09\/image-1-768x558.png 768w, https:\/\/www.cannabis.es\/pw\/wp-content\/uploads\/2020\/09\/image-1-600x436.png 600w, https:\/\/www.cannabis.es\/pw\/wp-content\/uploads\/2020\/09\/image-1.png 1040w\" sizes=\"auto, (max-width: 1024px) 100vw, 1024px\" \/><\/figure>\n\n\n\n<p>A su cierre, el folleto informativo sellado por la Generalitat de Catalunya explica su motivaci\u00f3n. \u00abEste material tiene el objetivo de aportar informaci\u00f3n sobre la reducci\u00f3n de riesgos en el consumo de cannabis, y promover la reflexi\u00f3n del propio consumo para que sea respetuoso y lo menos perjudicial posible\u00bb.<\/p>\n\n\n\n<figure class=\"wp-block-image size-large\"><img loading=\"lazy\" decoding=\"async\" width=\"1024\" height=\"739\" src=\"https:\/\/www.cannabis.es\/pw\/wp-content\/uploads\/2020\/09\/image-2-1024x739.png\" alt=\"\" class=\"wp-image-6011\" srcset=\"https:\/\/www.cannabis.es\/pw\/wp-content\/uploads\/2020\/09\/image-2-1024x739.png 1024w, https:\/\/www.cannabis.es\/pw\/wp-content\/uploads\/2020\/09\/image-2-300x217.png 300w, https:\/\/www.cannabis.es\/pw\/wp-content\/uploads\/2020\/09\/image-2-768x554.png 768w, https:\/\/www.cannabis.es\/pw\/wp-content\/uploads\/2020\/09\/image-2-600x433.png 600w, https:\/\/www.cannabis.es\/pw\/wp-content\/uploads\/2020\/09\/image-2.png 1043w\" sizes=\"auto, (max-width: 1024px) 100vw, 1024px\" \/><\/figure>\n\n\n\n<p>Adem\u00e1s de la m\u00e1s que probable mejora informativa, la colaboraci\u00f3n podr\u00eda evitar que se siga ahondando en la criminalizaci\u00f3n de las asociaciones, pues su incidencia p\u00fablica y positiva es dif\u00edcilmente sancionable, si bien la competencia recae en el Estado, seg\u00fan dict\u00f3 el Tribunal Constitucional al tumbar la Ley Catalana de Asociaciones.<\/p>\n\n\n\n<figure class=\"wp-block-image size-large\"><img loading=\"lazy\" decoding=\"async\" width=\"1024\" height=\"741\" src=\"https:\/\/www.cannabis.es\/pw\/wp-content\/uploads\/2020\/09\/image-3-1024x741.png\" alt=\"\" class=\"wp-image-6012\" srcset=\"https:\/\/www.cannabis.es\/pw\/wp-content\/uploads\/2020\/09\/image-3-1024x741.png 1024w, https:\/\/www.cannabis.es\/pw\/wp-content\/uploads\/2020\/09\/image-3-300x217.png 300w, https:\/\/www.cannabis.es\/pw\/wp-content\/uploads\/2020\/09\/image-3-768x556.png 768w, https:\/\/www.cannabis.es\/pw\/wp-content\/uploads\/2020\/09\/image-3-600x434.png 600w, https:\/\/www.cannabis.es\/pw\/wp-content\/uploads\/2020\/09\/image-3.png 1041w\" sizes=\"auto, (max-width: 1024px) 100vw, 1024px\" \/><\/figure>\n\n\n\n<p>As\u00ed lo explic\u00f3 en su fundaci\u00f3n CatFac: \u201cHoy presentamos un proyecto impulsado por el Departamento de Salud de la Generalitat de Catalunya sobre el consumo responsable de cannabis\u201d, que se seguir\u00e1 con el hashtag #RDRc\u00e0nnabis, y que \u201cbusca complementar la labor de reducci\u00f3n de riesgos de las asociaciones cann\u00e1bicas\u201d.<\/p>\n\n\n\n<figure class=\"wp-block-image size-large\"><img loading=\"lazy\" decoding=\"async\" width=\"1024\" height=\"735\" src=\"https:\/\/www.cannabis.es\/pw\/wp-content\/uploads\/2020\/09\/image-4-1024x735.png\" alt=\"\" class=\"wp-image-6013\" srcset=\"https:\/\/www.cannabis.es\/pw\/wp-content\/uploads\/2020\/09\/image-4-1024x735.png 1024w, https:\/\/www.cannabis.es\/pw\/wp-content\/uploads\/2020\/09\/image-4-300x215.png 300w, https:\/\/www.cannabis.es\/pw\/wp-content\/uploads\/2020\/09\/image-4-768x551.png 768w, https:\/\/www.cannabis.es\/pw\/wp-content\/uploads\/2020\/09\/image-4-600x431.png 600w, https:\/\/www.cannabis.es\/pw\/wp-content\/uploads\/2020\/09\/image-4.png 1042w\" sizes=\"auto, (max-width: 1024px) 100vw, 1024px\" \/><\/figure>\n\n\n\n<p>En Catalunya hemos asistido tambi\u00e9n recientemente a un<a href=\"https:\/\/www.cannabis.es\/pw\/2020\/06\/19\/hospital-de-barcelona-encuesta-sobre-cambios-en-el-consumo-de-cannabis\/\"> sondeo espec\u00edfico en el Hospital Cl\u00ednic de Barcelona para averiguar los efectos del confinamiento en personas usuarias de cannabis <\/a>y a la creaci\u00f3n de un <a href=\"https:\/\/www.cannabis.es\/pw\/2020\/07\/01\/alerta-estigma-nuevo-observatorio-en-cataluna-identifica-malas-conductas\/\">Observatorio del Estigma,<\/a> que debe velar por una aproximaci\u00f3n libre de prejuicios de las instituciones a las personas usuarias de sustancias il\u00edcitas. <\/p>\n\n\n\n<figure class=\"wp-block-image size-large\"><img loading=\"lazy\" decoding=\"async\" width=\"1024\" height=\"743\" src=\"https:\/\/www.cannabis.es\/pw\/wp-content\/uploads\/2020\/09\/image-5-1024x743.png\" alt=\"\" class=\"wp-image-6014\" srcset=\"https:\/\/www.cannabis.es\/pw\/wp-content\/uploads\/2020\/09\/image-5-1024x743.png 1024w, https:\/\/www.cannabis.es\/pw\/wp-content\/uploads\/2020\/09\/image-5-300x218.png 300w, https:\/\/www.cannabis.es\/pw\/wp-content\/uploads\/2020\/09\/image-5-768x558.png 768w, https:\/\/www.cannabis.es\/pw\/wp-content\/uploads\/2020\/09\/image-5-600x436.png 600w, https:\/\/www.cannabis.es\/pw\/wp-content\/uploads\/2020\/09\/image-5.png 1044w\" sizes=\"auto, (max-width: 1024px) 100vw, 1024px\" \/><\/figure>\n\n\n\n\n\n\n\n\n\n\n\n<p><br><br><\/p>\n","protected":false},"excerpt":{"rendered":"<span class=\"span-reading-time rt-reading-time\" style=\"display: block;\"><span class=\"rt-label rt-prefix\">Tiempo de lectura:<\/span> <span class=\"rt-time\"> 2<\/span> <span class=\"rt-label rt-postfix\">minutos<\/span><\/span>Arnau AlcaideRdRc\u00e0nnabis, proyecto de Reducci\u00f3n de Da\u00f1os del Departamento de Salud de Catalunya, lanza su primer cartel informativo \u00ab1 kilo al a\u00f1o no hace da\u00f1o, \u00bfo s\u00ed?\u00bb con algunos aspectos a evitar en el consumo de cannabis. La diferencia es que se presentan sin prejuicio y al lado de buenos momentos, en una composici\u00f3n que [&hellip;]","protected":false},"author":3,"featured_media":6016,"comment_status":"closed","ping_status":"closed","sticky":false,"template":"","format":"standard","meta":{"loftocean-featured-post":"","loftocean_post_format_gallery":"","loftocean_post_format_gallery_ids":"","loftocean_post_format_gallery_urls":"","loftocean_post_format_video_id":"","loftocean_post_format_video_url":"","loftocean_post_format_video_type":"","loftocean_post_format_video":"","loftocean_post_format_audio_type":"","loftocean_post_format_audio_url":"","loftocean_post_format_audio_id":"","loftocean_post_format_audio":"","loftocean_post_format_quote_text":"","loftocean_post_format_quote_byline":"","loftocean_post_format_link_text":"","loftocean_post_format_link_url":"","ceramag_post_header_style":"","ceramag_enable_background_video":"","ceramag_show_in_top_slider":"","ceramag_post_background_video_start":"","ceramag_post_background_video_end":"","loftocean_page_background_video_id":"","loftocean_page_background_video_url":"","loftocean_page_background_video_type":"","loftocean_page_background_video":"","ceramag_background_video_start":"","ceramag_background_video_end":"","ceramag_single_page_hide_header":"","footnotes":""},"categories":[35],"tags":[540,398,652,611,59,58],"class_list":["post-6008","post","type-post","status-publish","format-standard","has-post-thumbnail","hentry","category-politica-y-sociedad","tag-arnau-alcaide","tag-csc","tag-federacion-de-asociaciones-cannabicas","tag-ley-catalana-de-asociaciones","tag-prohibicionismo","tag-reduccion-de-riesgos"],"yoast_head":"<!-- This site is optimized with the Yoast SEO plugin v24.9 - https:\/\/yoast.com\/wordpress\/plugins\/seo\/ -->\n<title>&quot;Un kilo al a\u00f1o no hace da\u00f1o, \u00bfo s\u00ed?&quot;<\/title>\n<meta name=\"description\" content=\"Entrada &#8226; Portal multimedia sobre cannabis y otras sustancias &#8226; 7 septiembre, 2020\" \/>\n<meta name=\"robots\" content=\"index, follow, max-snippet:-1, max-image-preview:large, max-video-preview:-1\" \/>\n<link rel=\"canonical\" href=\"https:\/\/www.cannabis.es\/pw\/2020\/09\/07\/un-kilo-al-ano-no-hace-dano-o-si\/\" \/>\n<meta name=\"twitter:card\" content=\"summary_large_image\" \/>\n<meta name=\"twitter:title\" content=\"&quot;Un kilo al a\u00f1o no hace da\u00f1o, \u00bfo s\u00ed?&quot;\" \/>\n<meta name=\"twitter:description\" content=\"Entrada &#8226; Portal multimedia sobre cannabis y otras sustancias &#8226; 7 septiembre, 2020\" \/>\n<meta name=\"twitter:image\" content=\"https:\/\/www.cannabis.es\/pw\/wp-content\/uploads\/2020\/09\/cartel-generalitat.jpg\" \/>\n<meta name=\"twitter:creator\" content=\"@cannabis_es\" \/>\n<meta name=\"twitter:site\" content=\"@cannabis_es\" \/>\n<meta name=\"twitter:label1\" content=\"Escrito por\" \/>\n\t<meta name=\"twitter:data1\" content=\"Cannabis.es\" \/>\n\t<meta name=\"twitter:label2\" content=\"Tiempo de lectura\" \/>\n\t<meta name=\"twitter:data2\" content=\"2 minutos\" \/>\n<script type=\"application\/ld+json\" class=\"yoast-schema-graph\">{\"@context\":\"https:\/\/schema.org\",\"@graph\":[{\"@type\":\"Article\",\"@id\":\"https:\/\/www.cannabis.es\/pw\/2020\/09\/07\/un-kilo-al-ano-no-hace-dano-o-si\/#article\",\"isPartOf\":{\"@id\":\"https:\/\/www.cannabis.es\/pw\/2020\/09\/07\/un-kilo-al-ano-no-hace-dano-o-si\/\"},\"author\":{\"name\":\"Cannabis.es\",\"@id\":\"https:\/\/www.cannabis.es\/pw\/#\/schema\/person\/ec770c03f3e99d770687f537f4ba1e89\"},\"headline\":\"\u00abUn kilo al a\u00f1o no hace da\u00f1o, \u00bfo s\u00ed?\u00bb\",\"datePublished\":\"2020-09-07T10:38:28+00:00\",\"dateModified\":\"2020-09-07T10:46:52+00:00\",\"mainEntityOfPage\":{\"@id\":\"https:\/\/www.cannabis.es\/pw\/2020\/09\/07\/un-kilo-al-ano-no-hace-dano-o-si\/\"},\"wordCount\":486,\"publisher\":{\"@id\":\"https:\/\/www.cannabis.es\/pw\/#organization\"},\"image\":{\"@id\":\"https:\/\/www.cannabis.es\/pw\/2020\/09\/07\/un-kilo-al-ano-no-hace-dano-o-si\/#primaryimage\"},\"thumbnailUrl\":\"https:\/\/www.cannabis.es\/pw\/wp-content\/uploads\/2020\/09\/cartel-generalitat.jpg\",\"keywords\":[\"Arnau Alcaide\",\"CSC\",\"Federaci\u00f3n de Asociaciones Cann\u00e1bicas\",\"ley catalana de asociaciones\",\"prohibicionismo\",\"reducci\u00f3n de riesgos\"],\"articleSection\":[\"Pol\u00edtica y Sociedad\"],\"inLanguage\":\"es\"},{\"@type\":\"WebPage\",\"@id\":\"https:\/\/www.cannabis.es\/pw\/2020\/09\/07\/un-kilo-al-ano-no-hace-dano-o-si\/\",\"url\":\"https:\/\/www.cannabis.es\/pw\/2020\/09\/07\/un-kilo-al-ano-no-hace-dano-o-si\/\",\"name\":\"\\\"Un kilo al a\u00f1o no hace da\u00f1o, \u00bfo s\u00ed?\\\"\",\"isPartOf\":{\"@id\":\"https:\/\/www.cannabis.es\/pw\/#website\"},\"primaryImageOfPage\":{\"@id\":\"https:\/\/www.cannabis.es\/pw\/2020\/09\/07\/un-kilo-al-ano-no-hace-dano-o-si\/#primaryimage\"},\"image\":{\"@id\":\"https:\/\/www.cannabis.es\/pw\/2020\/09\/07\/un-kilo-al-ano-no-hace-dano-o-si\/#primaryimage\"},\"thumbnailUrl\":\"https:\/\/www.cannabis.es\/pw\/wp-content\/uploads\/2020\/09\/cartel-generalitat.jpg\",\"datePublished\":\"2020-09-07T10:38:28+00:00\",\"dateModified\":\"2020-09-07T10:46:52+00:00\",\"description\":\"Entrada &#8226; Portal multimedia sobre cannabis y otras sustancias &#8226; 7 septiembre, 2020\",\"breadcrumb\":{\"@id\":\"https:\/\/www.cannabis.es\/pw\/2020\/09\/07\/un-kilo-al-ano-no-hace-dano-o-si\/#breadcrumb\"},\"inLanguage\":\"es\",\"potentialAction\":[{\"@type\":\"ReadAction\",\"target\":[\"https:\/\/www.cannabis.es\/pw\/2020\/09\/07\/un-kilo-al-ano-no-hace-dano-o-si\/\"]}]},{\"@type\":\"ImageObject\",\"inLanguage\":\"es\",\"@id\":\"https:\/\/www.cannabis.es\/pw\/2020\/09\/07\/un-kilo-al-ano-no-hace-dano-o-si\/#primaryimage\",\"url\":\"https:\/\/www.cannabis.es\/pw\/wp-content\/uploads\/2020\/09\/cartel-generalitat.jpg\",\"contentUrl\":\"https:\/\/www.cannabis.es\/pw\/wp-content\/uploads\/2020\/09\/cartel-generalitat.jpg\",\"width\":804,\"height\":532},{\"@type\":\"BreadcrumbList\",\"@id\":\"https:\/\/www.cannabis.es\/pw\/2020\/09\/07\/un-kilo-al-ano-no-hace-dano-o-si\/#breadcrumb\",\"itemListElement\":[{\"@type\":\"ListItem\",\"position\":1,\"name\":\"Portada\",\"item\":\"http:\/\/www.cannabis.es\/pw\/\"},{\"@type\":\"ListItem\",\"position\":2,\"name\":\"\u00abUn kilo al a\u00f1o no hace da\u00f1o, \u00bfo s\u00ed?\u00bb\"}]},{\"@type\":\"WebSite\",\"@id\":\"https:\/\/www.cannabis.es\/pw\/#website\",\"url\":\"https:\/\/www.cannabis.es\/pw\/\",\"name\":\"Cannabis\",\"description\":\"Portal multimedia sobre cannabis y otras sustancias\",\"publisher\":{\"@id\":\"https:\/\/www.cannabis.es\/pw\/#organization\"},\"potentialAction\":[{\"@type\":\"SearchAction\",\"target\":{\"@type\":\"EntryPoint\",\"urlTemplate\":\"https:\/\/www.cannabis.es\/pw\/?s={search_term_string}\"},\"query-input\":{\"@type\":\"PropertyValueSpecification\",\"valueRequired\":true,\"valueName\":\"search_term_string\"}}],\"inLanguage\":\"es\"},{\"@type\":\"Organization\",\"@id\":\"https:\/\/www.cannabis.es\/pw\/#organization\",\"name\":\"Cannabis.es\",\"url\":\"https:\/\/www.cannabis.es\/pw\/\",\"logo\":{\"@type\":\"ImageObject\",\"inLanguage\":\"es\",\"@id\":\"https:\/\/www.cannabis.es\/pw\/#\/schema\/logo\/image\/\",\"url\":\"https:\/\/www.cannabis.es\/pw\/wp-content\/uploads\/2019\/04\/cropped-logo_cannabis.png\",\"contentUrl\":\"https:\/\/www.cannabis.es\/pw\/wp-content\/uploads\/2019\/04\/cropped-logo_cannabis.png\",\"width\":361,\"height\":120,\"caption\":\"Cannabis.es\"},\"image\":{\"@id\":\"https:\/\/www.cannabis.es\/pw\/#\/schema\/logo\/image\/\"},\"sameAs\":[\"https:\/\/x.com\/cannabis_es\"]},{\"@type\":\"Person\",\"@id\":\"https:\/\/www.cannabis.es\/pw\/#\/schema\/person\/ec770c03f3e99d770687f537f4ba1e89\",\"name\":\"Cannabis.es\",\"image\":{\"@type\":\"ImageObject\",\"inLanguage\":\"es\",\"@id\":\"https:\/\/www.cannabis.es\/pw\/#\/schema\/person\/image\/\",\"url\":\"https:\/\/secure.gravatar.com\/avatar\/810c93a3d6fadc3d9c2665b1d919a4aedea8ed4dd63689d001e985a804e90d83?s=96&d=mm&r=g\",\"contentUrl\":\"https:\/\/secure.gravatar.com\/avatar\/810c93a3d6fadc3d9c2665b1d919a4aedea8ed4dd63689d001e985a804e90d83?s=96&d=mm&r=g\",\"caption\":\"Cannabis.es\"},\"url\":\"https:\/\/www.cannabis.es\/pw\/author\/arnau\/\"}]}<\/script>\n<!-- \/ Yoast SEO plugin. -->","yoast_head_json":{"title":"\"Un kilo al a\u00f1o no hace da\u00f1o, \u00bfo s\u00ed?\"","description":"Entrada &#8226; Portal multimedia sobre cannabis y otras sustancias &#8226; 7 septiembre, 2020","robots":{"index":"index","follow":"follow","max-snippet":"max-snippet:-1","max-image-preview":"max-image-preview:large","max-video-preview":"max-video-preview:-1"},"canonical":"https:\/\/www.cannabis.es\/pw\/2020\/09\/07\/un-kilo-al-ano-no-hace-dano-o-si\/","twitter_card":"summary_large_image","twitter_title":"\"Un kilo al a\u00f1o no hace da\u00f1o, \u00bfo s\u00ed?\"","twitter_description":"Entrada &#8226; Portal multimedia sobre cannabis y otras sustancias &#8226; 7 septiembre, 2020","twitter_image":"https:\/\/www.cannabis.es\/pw\/wp-content\/uploads\/2020\/09\/cartel-generalitat.jpg","twitter_creator":"@cannabis_es","twitter_site":"@cannabis_es","twitter_misc":{"Escrito por":"Cannabis.es","Tiempo de lectura":"2 minutos"},"schema":{"@context":"https:\/\/schema.org","@graph":[{"@type":"Article","@id":"https:\/\/www.cannabis.es\/pw\/2020\/09\/07\/un-kilo-al-ano-no-hace-dano-o-si\/#article","isPartOf":{"@id":"https:\/\/www.cannabis.es\/pw\/2020\/09\/07\/un-kilo-al-ano-no-hace-dano-o-si\/"},"author":{"name":"Cannabis.es","@id":"https:\/\/www.cannabis.es\/pw\/#\/schema\/person\/ec770c03f3e99d770687f537f4ba1e89"},"headline":"\u00abUn kilo al a\u00f1o no hace da\u00f1o, \u00bfo s\u00ed?\u00bb","datePublished":"2020-09-07T10:38:28+00:00","dateModified":"2020-09-07T10:46:52+00:00","mainEntityOfPage":{"@id":"https:\/\/www.cannabis.es\/pw\/2020\/09\/07\/un-kilo-al-ano-no-hace-dano-o-si\/"},"wordCount":486,"publisher":{"@id":"https:\/\/www.cannabis.es\/pw\/#organization"},"image":{"@id":"https:\/\/www.cannabis.es\/pw\/2020\/09\/07\/un-kilo-al-ano-no-hace-dano-o-si\/#primaryimage"},"thumbnailUrl":"https:\/\/www.cannabis.es\/pw\/wp-content\/uploads\/2020\/09\/cartel-generalitat.jpg","keywords":["Arnau Alcaide","CSC","Federaci\u00f3n de Asociaciones Cann\u00e1bicas","ley catalana de asociaciones","prohibicionismo","reducci\u00f3n de riesgos"],"articleSection":["Pol\u00edtica y Sociedad"],"inLanguage":"es"},{"@type":"WebPage","@id":"https:\/\/www.cannabis.es\/pw\/2020\/09\/07\/un-kilo-al-ano-no-hace-dano-o-si\/","url":"https:\/\/www.cannabis.es\/pw\/2020\/09\/07\/un-kilo-al-ano-no-hace-dano-o-si\/","name":"\"Un kilo al a\u00f1o no hace da\u00f1o, \u00bfo s\u00ed?\"","isPartOf":{"@id":"https:\/\/www.cannabis.es\/pw\/#website"},"primaryImageOfPage":{"@id":"https:\/\/www.cannabis.es\/pw\/2020\/09\/07\/un-kilo-al-ano-no-hace-dano-o-si\/#primaryimage"},"image":{"@id":"https:\/\/www.cannabis.es\/pw\/2020\/09\/07\/un-kilo-al-ano-no-hace-dano-o-si\/#primaryimage"},"thumbnailUrl":"https:\/\/www.cannabis.es\/pw\/wp-content\/uploads\/2020\/09\/cartel-generalitat.jpg","datePublished":"2020-09-07T10:38:28+00:00","dateModified":"2020-09-07T10:46:52+00:00","description":"Entrada &#8226; Portal multimedia sobre cannabis y otras sustancias &#8226; 7 septiembre, 2020","breadcrumb":{"@id":"https:\/\/www.cannabis.es\/pw\/2020\/09\/07\/un-kilo-al-ano-no-hace-dano-o-si\/#breadcrumb"},"inLanguage":"es","potentialAction":[{"@type":"ReadAction","target":["https:\/\/www.cannabis.es\/pw\/2020\/09\/07\/un-kilo-al-ano-no-hace-dano-o-si\/"]}]},{"@type":"ImageObject","inLanguage":"es","@id":"https:\/\/www.cannabis.es\/pw\/2020\/09\/07\/un-kilo-al-ano-no-hace-dano-o-si\/#primaryimage","url":"https:\/\/www.cannabis.es\/pw\/wp-content\/uploads\/2020\/09\/cartel-generalitat.jpg","contentUrl":"https:\/\/www.cannabis.es\/pw\/wp-content\/uploads\/2020\/09\/cartel-generalitat.jpg","width":804,"height":532},{"@type":"BreadcrumbList","@id":"https:\/\/www.cannabis.es\/pw\/2020\/09\/07\/un-kilo-al-ano-no-hace-dano-o-si\/#breadcrumb","itemListElement":[{"@type":"ListItem","position":1,"name":"Portada","item":"http:\/\/www.cannabis.es\/pw\/"},{"@type":"ListItem","position":2,"name":"\u00abUn kilo al a\u00f1o no hace da\u00f1o, \u00bfo s\u00ed?\u00bb"}]},{"@type":"WebSite","@id":"https:\/\/www.cannabis.es\/pw\/#website","url":"https:\/\/www.cannabis.es\/pw\/","name":"Cannabis","description":"Portal multimedia sobre cannabis y otras sustancias","publisher":{"@id":"https:\/\/www.cannabis.es\/pw\/#organization"},"potentialAction":[{"@type":"SearchAction","target":{"@type":"EntryPoint","urlTemplate":"https:\/\/www.cannabis.es\/pw\/?s={search_term_string}"},"query-input":{"@type":"PropertyValueSpecification","valueRequired":true,"valueName":"search_term_string"}}],"inLanguage":"es"},{"@type":"Organization","@id":"https:\/\/www.cannabis.es\/pw\/#organization","name":"Cannabis.es","url":"https:\/\/www.cannabis.es\/pw\/","logo":{"@type":"ImageObject","inLanguage":"es","@id":"https:\/\/www.cannabis.es\/pw\/#\/schema\/logo\/image\/","url":"https:\/\/www.cannabis.es\/pw\/wp-content\/uploads\/2019\/04\/cropped-logo_cannabis.png","contentUrl":"https:\/\/www.cannabis.es\/pw\/wp-content\/uploads\/2019\/04\/cropped-logo_cannabis.png","width":361,"height":120,"caption":"Cannabis.es"},"image":{"@id":"https:\/\/www.cannabis.es\/pw\/#\/schema\/logo\/image\/"},"sameAs":["https:\/\/x.com\/cannabis_es"]},{"@type":"Person","@id":"https:\/\/www.cannabis.es\/pw\/#\/schema\/person\/ec770c03f3e99d770687f537f4ba1e89","name":"Cannabis.es","image":{"@type":"ImageObject","inLanguage":"es","@id":"https:\/\/www.cannabis.es\/pw\/#\/schema\/person\/image\/","url":"https:\/\/secure.gravatar.com\/avatar\/810c93a3d6fadc3d9c2665b1d919a4aedea8ed4dd63689d001e985a804e90d83?s=96&d=mm&r=g","contentUrl":"https:\/\/secure.gravatar.com\/avatar\/810c93a3d6fadc3d9c2665b1d919a4aedea8ed4dd63689d001e985a804e90d83?s=96&d=mm&r=g","caption":"Cannabis.es"},"url":"https:\/\/www.cannabis.es\/pw\/author\/arnau\/"}]}},"_links":{"self":[{"href":"https:\/\/www.cannabis.es\/pw\/wp-json\/wp\/v2\/posts\/6008","targetHints":{"allow":["GET"]}}],"collection":[{"href":"https:\/\/www.cannabis.es\/pw\/wp-json\/wp\/v2\/posts"}],"about":[{"href":"https:\/\/www.cannabis.es\/pw\/wp-json\/wp\/v2\/types\/post"}],"author":[{"embeddable":true,"href":"https:\/\/www.cannabis.es\/pw\/wp-json\/wp\/v2\/users\/3"}],"replies":[{"embeddable":true,"href":"https:\/\/www.cannabis.es\/pw\/wp-json\/wp\/v2\/comments?post=6008"}],"version-history":[{"count":2,"href":"https:\/\/www.cannabis.es\/pw\/wp-json\/wp\/v2\/posts\/6008\/revisions"}],"predecessor-version":[{"id":6018,"href":"https:\/\/www.cannabis.es\/pw\/wp-json\/wp\/v2\/posts\/6008\/revisions\/6018"}],"wp:featuredmedia":[{"embeddable":true,"href":"https:\/\/www.cannabis.es\/pw\/wp-json\/wp\/v2\/media\/6016"}],"wp:attachment":[{"href":"https:\/\/www.cannabis.es\/pw\/wp-json\/wp\/v2\/media?parent=6008"}],"wp:term":[{"taxonomy":"category","embeddable":true,"href":"https:\/\/www.cannabis.es\/pw\/wp-json\/wp\/v2\/categories?post=6008"},{"taxonomy":"post_tag","embeddable":true,"href":"https:\/\/www.cannabis.es\/pw\/wp-json\/wp\/v2\/tags?post=6008"}],"curies":[{"name":"wp","href":"https:\/\/api.w.org\/{rel}","templated":true}]}}