{"id":6084,"date":"2020-09-25T11:35:55","date_gmt":"2020-09-25T09:35:55","guid":{"rendered":"https:\/\/www.cannabis.es\/pw\/?p=6084"},"modified":"2020-09-25T14:27:29","modified_gmt":"2020-09-25T12:27:29","slug":"muere-de-cancer-van-den-eynde-defendiendo-un-tratamiento-ilegal","status":"publish","type":"post","link":"https:\/\/www.cannabis.es\/pw\/2020\/09\/25\/muere-de-cancer-van-den-eynde-defendiendo-un-tratamiento-ilegal\/","title":{"rendered":"Muere de c\u00e1ncer Van den Eynde defendiendo un tratamiento ilegal"},"content":{"rendered":"\n<p>Arnau Alcaide<br><br>Muere de c\u00e1ncer Eduardo Van den Eynde, exdiputado del Partido Popular en Cantabria que abandon\u00f3 la formaci\u00f3n y se posicion\u00f3 con la regulaci\u00f3n integral del cannabis como usuario medicinal. La defunci\u00f3n se produjo anoche a sus 60 a\u00f1os y ha sido conocida esta ma\u00f1ana.<\/p>\n\n\n\n<p>Unido al movimiento cann\u00e1bico cant\u00e1brico, termin\u00f3 completamente enfrentado al Partido Popular, pues su nueva comprensi\u00f3n de la que deb\u00eda ser la pol\u00edtica de drogas, como paciente al que se le niega el acceso a la planta, ergo a la salud, le imped\u00eda continuar defendiendo los postulados del partido. Desde Cannabis.es, tuvimos el placer de recoger sus planteamientos con plena lucidez hace dos a\u00f1os en la Universitat de Val\u00e8ncia en <a href=\"https:\/\/www.cannabis.es\/pw\/2018\/12\/05\/i-jornadas-cannabicas-en-valencia-dia-dos-la-politica\/\">las primeras jornadas valencianas, \u00abCannabis desde un enfoque integral\u00bb<\/a>.<\/p>\n\n\n\n<figure class=\"wp-block-image size-large\"><img loading=\"lazy\" decoding=\"async\" width=\"804\" height=\"532\" src=\"https:\/\/www.cannabis.es\/pw\/wp-content\/uploads\/2020\/09\/Eduardo-Van-den-Eynde.jpg\" alt=\"\" class=\"wp-image-6086\" srcset=\"https:\/\/www.cannabis.es\/pw\/wp-content\/uploads\/2020\/09\/Eduardo-Van-den-Eynde.jpg 804w, https:\/\/www.cannabis.es\/pw\/wp-content\/uploads\/2020\/09\/Eduardo-Van-den-Eynde-300x199.jpg 300w, https:\/\/www.cannabis.es\/pw\/wp-content\/uploads\/2020\/09\/Eduardo-Van-den-Eynde-768x508.jpg 768w, https:\/\/www.cannabis.es\/pw\/wp-content\/uploads\/2020\/09\/Eduardo-Van-den-Eynde-600x397.jpg 600w\" sizes=\"auto, (max-width: 804px) 100vw, 804px\" \/><figcaption><a href=\"https:\/\/www.flickr.com\/photos\/46733489@N05\/5880844953\/\">Flickr<\/a><\/figcaption><\/figure>\n\n\n\n<p>\u201cLa pol\u00edtica prohibicionista no solo ha sido un fracaso, sino una pol\u00edtica criminal. Los problemas empiezan en la prohibici\u00f3n. Estamos desaprovechando la oportunidad de subirnos, anticiparnos, a un sector econ\u00f3mico. Los narcoestados, precisamente, surgen a ra\u00edz de la prohibici\u00f3n. Un sector regulado es la \u00fanica manera de combatir a un narcoestado y en M\u00e9xico ya se est\u00e1n atando luces en ese sentido. <strong>Entre la gente de la derecha, no de Esperanza Aguirre, pero s\u00ed liberales, nos importa mucho que el estado diga qu\u00e9 drogas se pueden consumir y los motivos por los que puedo consumirlas<\/strong>\u201d, dijo Van de Eynde.<\/p>\n\n\n\n<p>\u201cNo entendemos por qu\u00e9 se dice que no puedes utilizar otro tipo de sustancias, pero todos asumimos culturalmente que en tiempo de ocio podemos tomar sustancias en el ejercicio de nuestras libertades.&nbsp;<strong>Des del punto de vista liberal, es un atentado absoluto contra las libertades que no se pueda acceder a una sustancia relativamente inocua<\/strong>&nbsp;en aras de preservar la salud p\u00fablica, pues el prohibicionismo es el mayor crimen. Condenamos a los agricultores y a los usuarios, que son millones\u201d, razonaba.<\/p>\n\n\n\n<p>Con aquello de que el cannabismedicinal era homeopat\u00eda que dijo la exministra de Sanidad del PSOE: \u00abMe escandalic\u00e9 con las declaraciones de Carcedo, eso no se puede decir. Los m\u00e9dicos conocen la evidencia que existe y el problema son las trabas que estamos poniendo al desarrollo de una fase fundamental de los medicamentos, los ensayos cl\u00ednicos\u00bb.<\/p>\n\n\n\n<p>\u201cAqu\u00ed no hay un debate, mantener la postura del debate <a href=\"https:\/\/www.cannabis.es\/pw\/2020\/04\/27\/la-izquierda-espanola-es-terraplanista\/\">es insostenible, como debatir si la tierra es redonda o plana<\/a>. Son argumentos insostenibles basados en prejuicios e ignorancia. Quiz\u00e1s lo que quieren plantear los prohibicionistas es un marco en el que no se puede consumir ni alcohol ni tabaco ni marihuana\u201d.<\/p>\n\n\n\n<figure class=\"wp-block-image\"><img decoding=\"async\" src=\"https:\/\/www.cannabis.es\/web\/images\/pol%C3%ADtics_2.jpg\" alt=\"\"\/><\/figure>\n\n\n\n<p>Y respecto al drogotest: \u00ab\u00bfUstedes se han dado cuenta de que \u00faltimamente hay m\u00e1s noticias de conductores colocados que matan a alguien? \u00bfHa aumentado el consumo? No, se est\u00e1n mirando las trazas. Si busc\u00e1semos trazas de alcohol, damos positivo el 90% de los espa\u00f1oles\u00bb.<\/p>\n","protected":false},"excerpt":{"rendered":"<span class=\"span-reading-time rt-reading-time\" style=\"display: block;\"><span class=\"rt-label rt-prefix\">Tiempo de lectura:<\/span> <span class=\"rt-time\"> 2<\/span> <span class=\"rt-label rt-postfix\">minutos<\/span><\/span>Arnau AlcaideMuere de c\u00e1ncer Eduardo Van den Eynde, exdiputado del Partido Popular en Cantabria que abandon\u00f3 la formaci\u00f3n y se posicion\u00f3 con la regulaci\u00f3n integral del cannabis como usuario medicinal. La defunci\u00f3n se produjo anoche a sus 60 a\u00f1os y ha sido conocida esta ma\u00f1ana. Unido al movimiento cann\u00e1bico cant\u00e1brico, termin\u00f3 completamente enfrentado al Partido [&hellip;]","protected":false},"author":3,"featured_media":6086,"comment_status":"closed","ping_status":"closed","sticky":false,"template":"","format":"standard","meta":{"loftocean-featured-post":"","loftocean_post_format_gallery":"","loftocean_post_format_gallery_ids":"","loftocean_post_format_gallery_urls":"","loftocean_post_format_video_id":"","loftocean_post_format_video_url":"","loftocean_post_format_video_type":"","loftocean_post_format_video":"","loftocean_post_format_audio_type":"","loftocean_post_format_audio_url":"","loftocean_post_format_audio_id":"","loftocean_post_format_audio":"","loftocean_post_format_quote_text":"","loftocean_post_format_quote_byline":"","loftocean_post_format_link_text":"","loftocean_post_format_link_url":"","ceramag_post_header_style":"","ceramag_enable_background_video":"","ceramag_show_in_top_slider":"","ceramag_post_background_video_start":"","ceramag_post_background_video_end":"","loftocean_page_background_video_id":"","loftocean_page_background_video_url":"","loftocean_page_background_video_type":"","loftocean_page_background_video":"","ceramag_background_video_start":"","ceramag_background_video_end":"","ceramag_single_page_hide_header":"","footnotes":""},"categories":[36,35],"tags":[540,753,52,1165,848,59,537],"class_list":["post-6084","post","type-post","status-publish","format-standard","has-post-thumbnail","hentry","category-medicinal","category-politica-y-sociedad","tag-arnau-alcaide","tag-cancer","tag-cannabis-medicinal","tag-partido-popular","tag-politica-de-drogas","tag-prohibicionismo","tag-regulacion-integral-del-cannabis"],"yoast_head":"<!-- This site is optimized with the Yoast SEO plugin v24.9 - https:\/\/yoast.com\/wordpress\/plugins\/seo\/ -->\n<title>Muere de c\u00e1ncer Van den Eynde defendiendo un tratamiento ilegal<\/title>\n<meta name=\"description\" content=\"Entrada &#8226; Portal multimedia sobre cannabis y otras sustancias &#8226; 25 septiembre, 2020\" \/>\n<meta name=\"robots\" content=\"index, follow, max-snippet:-1, max-image-preview:large, max-video-preview:-1\" \/>\n<link rel=\"canonical\" href=\"https:\/\/www.cannabis.es\/pw\/2020\/09\/25\/muere-de-cancer-van-den-eynde-defendiendo-un-tratamiento-ilegal\/\" \/>\n<meta name=\"twitter:card\" content=\"summary_large_image\" \/>\n<meta name=\"twitter:title\" content=\"Muere de c\u00e1ncer Van den Eynde defendiendo un tratamiento ilegal\" \/>\n<meta name=\"twitter:description\" content=\"Entrada &#8226; Portal multimedia sobre cannabis y otras sustancias &#8226; 25 septiembre, 2020\" \/>\n<meta name=\"twitter:image\" content=\"https:\/\/www.cannabis.es\/pw\/wp-content\/uploads\/2020\/09\/Eduardo-Van-den-Eynde.jpg\" \/>\n<meta name=\"twitter:creator\" content=\"@cannabis_es\" \/>\n<meta name=\"twitter:site\" content=\"@cannabis_es\" \/>\n<meta name=\"twitter:label1\" content=\"Escrito por\" \/>\n\t<meta name=\"twitter:data1\" content=\"Cannabis.es\" \/>\n\t<meta name=\"twitter:label2\" content=\"Tiempo de lectura\" \/>\n\t<meta name=\"twitter:data2\" content=\"2 minutos\" \/>\n<script type=\"application\/ld+json\" class=\"yoast-schema-graph\">{\"@context\":\"https:\/\/schema.org\",\"@graph\":[{\"@type\":\"Article\",\"@id\":\"https:\/\/www.cannabis.es\/pw\/2020\/09\/25\/muere-de-cancer-van-den-eynde-defendiendo-un-tratamiento-ilegal\/#article\",\"isPartOf\":{\"@id\":\"https:\/\/www.cannabis.es\/pw\/2020\/09\/25\/muere-de-cancer-van-den-eynde-defendiendo-un-tratamiento-ilegal\/\"},\"author\":{\"name\":\"Cannabis.es\",\"@id\":\"https:\/\/www.cannabis.es\/pw\/#\/schema\/person\/ec770c03f3e99d770687f537f4ba1e89\"},\"headline\":\"Muere de c\u00e1ncer Van den Eynde defendiendo un tratamiento ilegal\",\"datePublished\":\"2020-09-25T09:35:55+00:00\",\"dateModified\":\"2020-09-25T12:27:29+00:00\",\"mainEntityOfPage\":{\"@id\":\"https:\/\/www.cannabis.es\/pw\/2020\/09\/25\/muere-de-cancer-van-den-eynde-defendiendo-un-tratamiento-ilegal\/\"},\"wordCount\":500,\"publisher\":{\"@id\":\"https:\/\/www.cannabis.es\/pw\/#organization\"},\"image\":{\"@id\":\"https:\/\/www.cannabis.es\/pw\/2020\/09\/25\/muere-de-cancer-van-den-eynde-defendiendo-un-tratamiento-ilegal\/#primaryimage\"},\"thumbnailUrl\":\"https:\/\/www.cannabis.es\/pw\/wp-content\/uploads\/2020\/09\/Eduardo-Van-den-Eynde.jpg\",\"keywords\":[\"Arnau Alcaide\",\"c\u00e1ncer\",\"cannabis medicinal\",\"Partido Popular\",\"pol\u00edtica de drogas\",\"prohibicionismo\",\"regulaci\u00f3n integral del cannabis\"],\"articleSection\":[\"Medicinal\",\"Pol\u00edtica y Sociedad\"],\"inLanguage\":\"es\"},{\"@type\":\"WebPage\",\"@id\":\"https:\/\/www.cannabis.es\/pw\/2020\/09\/25\/muere-de-cancer-van-den-eynde-defendiendo-un-tratamiento-ilegal\/\",\"url\":\"https:\/\/www.cannabis.es\/pw\/2020\/09\/25\/muere-de-cancer-van-den-eynde-defendiendo-un-tratamiento-ilegal\/\",\"name\":\"Muere de c\u00e1ncer Van den Eynde defendiendo un tratamiento ilegal\",\"isPartOf\":{\"@id\":\"https:\/\/www.cannabis.es\/pw\/#website\"},\"primaryImageOfPage\":{\"@id\":\"https:\/\/www.cannabis.es\/pw\/2020\/09\/25\/muere-de-cancer-van-den-eynde-defendiendo-un-tratamiento-ilegal\/#primaryimage\"},\"image\":{\"@id\":\"https:\/\/www.cannabis.es\/pw\/2020\/09\/25\/muere-de-cancer-van-den-eynde-defendiendo-un-tratamiento-ilegal\/#primaryimage\"},\"thumbnailUrl\":\"https:\/\/www.cannabis.es\/pw\/wp-content\/uploads\/2020\/09\/Eduardo-Van-den-Eynde.jpg\",\"datePublished\":\"2020-09-25T09:35:55+00:00\",\"dateModified\":\"2020-09-25T12:27:29+00:00\",\"description\":\"Entrada &#8226; Portal multimedia sobre cannabis y otras sustancias &#8226; 25 septiembre, 2020\",\"breadcrumb\":{\"@id\":\"https:\/\/www.cannabis.es\/pw\/2020\/09\/25\/muere-de-cancer-van-den-eynde-defendiendo-un-tratamiento-ilegal\/#breadcrumb\"},\"inLanguage\":\"es\",\"potentialAction\":[{\"@type\":\"ReadAction\",\"target\":[\"https:\/\/www.cannabis.es\/pw\/2020\/09\/25\/muere-de-cancer-van-den-eynde-defendiendo-un-tratamiento-ilegal\/\"]}]},{\"@type\":\"ImageObject\",\"inLanguage\":\"es\",\"@id\":\"https:\/\/www.cannabis.es\/pw\/2020\/09\/25\/muere-de-cancer-van-den-eynde-defendiendo-un-tratamiento-ilegal\/#primaryimage\",\"url\":\"https:\/\/www.cannabis.es\/pw\/wp-content\/uploads\/2020\/09\/Eduardo-Van-den-Eynde.jpg\",\"contentUrl\":\"https:\/\/www.cannabis.es\/pw\/wp-content\/uploads\/2020\/09\/Eduardo-Van-den-Eynde.jpg\",\"width\":804,\"height\":532},{\"@type\":\"BreadcrumbList\",\"@id\":\"https:\/\/www.cannabis.es\/pw\/2020\/09\/25\/muere-de-cancer-van-den-eynde-defendiendo-un-tratamiento-ilegal\/#breadcrumb\",\"itemListElement\":[{\"@type\":\"ListItem\",\"position\":1,\"name\":\"Portada\",\"item\":\"http:\/\/www.cannabis.es\/pw\/\"},{\"@type\":\"ListItem\",\"position\":2,\"name\":\"Muere de c\u00e1ncer Van den Eynde defendiendo un tratamiento ilegal\"}]},{\"@type\":\"WebSite\",\"@id\":\"https:\/\/www.cannabis.es\/pw\/#website\",\"url\":\"https:\/\/www.cannabis.es\/pw\/\",\"name\":\"Cannabis\",\"description\":\"Portal multimedia sobre cannabis y otras sustancias\",\"publisher\":{\"@id\":\"https:\/\/www.cannabis.es\/pw\/#organization\"},\"potentialAction\":[{\"@type\":\"SearchAction\",\"target\":{\"@type\":\"EntryPoint\",\"urlTemplate\":\"https:\/\/www.cannabis.es\/pw\/?s={search_term_string}\"},\"query-input\":{\"@type\":\"PropertyValueSpecification\",\"valueRequired\":true,\"valueName\":\"search_term_string\"}}],\"inLanguage\":\"es\"},{\"@type\":\"Organization\",\"@id\":\"https:\/\/www.cannabis.es\/pw\/#organization\",\"name\":\"Cannabis.es\",\"url\":\"https:\/\/www.cannabis.es\/pw\/\",\"logo\":{\"@type\":\"ImageObject\",\"inLanguage\":\"es\",\"@id\":\"https:\/\/www.cannabis.es\/pw\/#\/schema\/logo\/image\/\",\"url\":\"https:\/\/www.cannabis.es\/pw\/wp-content\/uploads\/2019\/04\/cropped-logo_cannabis.png\",\"contentUrl\":\"https:\/\/www.cannabis.es\/pw\/wp-content\/uploads\/2019\/04\/cropped-logo_cannabis.png\",\"width\":361,\"height\":120,\"caption\":\"Cannabis.es\"},\"image\":{\"@id\":\"https:\/\/www.cannabis.es\/pw\/#\/schema\/logo\/image\/\"},\"sameAs\":[\"https:\/\/x.com\/cannabis_es\"]},{\"@type\":\"Person\",\"@id\":\"https:\/\/www.cannabis.es\/pw\/#\/schema\/person\/ec770c03f3e99d770687f537f4ba1e89\",\"name\":\"Cannabis.es\",\"image\":{\"@type\":\"ImageObject\",\"inLanguage\":\"es\",\"@id\":\"https:\/\/www.cannabis.es\/pw\/#\/schema\/person\/image\/\",\"url\":\"https:\/\/secure.gravatar.com\/avatar\/810c93a3d6fadc3d9c2665b1d919a4aedea8ed4dd63689d001e985a804e90d83?s=96&d=mm&r=g\",\"contentUrl\":\"https:\/\/secure.gravatar.com\/avatar\/810c93a3d6fadc3d9c2665b1d919a4aedea8ed4dd63689d001e985a804e90d83?s=96&d=mm&r=g\",\"caption\":\"Cannabis.es\"},\"url\":\"https:\/\/www.cannabis.es\/pw\/author\/arnau\/\"}]}<\/script>\n<!-- \/ Yoast SEO plugin. -->","yoast_head_json":{"title":"Muere de c\u00e1ncer Van den Eynde defendiendo un tratamiento ilegal","description":"Entrada &#8226; Portal multimedia sobre cannabis y otras sustancias &#8226; 25 septiembre, 2020","robots":{"index":"index","follow":"follow","max-snippet":"max-snippet:-1","max-image-preview":"max-image-preview:large","max-video-preview":"max-video-preview:-1"},"canonical":"https:\/\/www.cannabis.es\/pw\/2020\/09\/25\/muere-de-cancer-van-den-eynde-defendiendo-un-tratamiento-ilegal\/","twitter_card":"summary_large_image","twitter_title":"Muere de c\u00e1ncer Van den Eynde defendiendo un tratamiento ilegal","twitter_description":"Entrada &#8226; Portal multimedia sobre cannabis y otras sustancias &#8226; 25 septiembre, 2020","twitter_image":"https:\/\/www.cannabis.es\/pw\/wp-content\/uploads\/2020\/09\/Eduardo-Van-den-Eynde.jpg","twitter_creator":"@cannabis_es","twitter_site":"@cannabis_es","twitter_misc":{"Escrito por":"Cannabis.es","Tiempo de lectura":"2 minutos"},"schema":{"@context":"https:\/\/schema.org","@graph":[{"@type":"Article","@id":"https:\/\/www.cannabis.es\/pw\/2020\/09\/25\/muere-de-cancer-van-den-eynde-defendiendo-un-tratamiento-ilegal\/#article","isPartOf":{"@id":"https:\/\/www.cannabis.es\/pw\/2020\/09\/25\/muere-de-cancer-van-den-eynde-defendiendo-un-tratamiento-ilegal\/"},"author":{"name":"Cannabis.es","@id":"https:\/\/www.cannabis.es\/pw\/#\/schema\/person\/ec770c03f3e99d770687f537f4ba1e89"},"headline":"Muere de c\u00e1ncer Van den Eynde defendiendo un tratamiento ilegal","datePublished":"2020-09-25T09:35:55+00:00","dateModified":"2020-09-25T12:27:29+00:00","mainEntityOfPage":{"@id":"https:\/\/www.cannabis.es\/pw\/2020\/09\/25\/muere-de-cancer-van-den-eynde-defendiendo-un-tratamiento-ilegal\/"},"wordCount":500,"publisher":{"@id":"https:\/\/www.cannabis.es\/pw\/#organization"},"image":{"@id":"https:\/\/www.cannabis.es\/pw\/2020\/09\/25\/muere-de-cancer-van-den-eynde-defendiendo-un-tratamiento-ilegal\/#primaryimage"},"thumbnailUrl":"https:\/\/www.cannabis.es\/pw\/wp-content\/uploads\/2020\/09\/Eduardo-Van-den-Eynde.jpg","keywords":["Arnau Alcaide","c\u00e1ncer","cannabis medicinal","Partido Popular","pol\u00edtica de drogas","prohibicionismo","regulaci\u00f3n integral del cannabis"],"articleSection":["Medicinal","Pol\u00edtica y Sociedad"],"inLanguage":"es"},{"@type":"WebPage","@id":"https:\/\/www.cannabis.es\/pw\/2020\/09\/25\/muere-de-cancer-van-den-eynde-defendiendo-un-tratamiento-ilegal\/","url":"https:\/\/www.cannabis.es\/pw\/2020\/09\/25\/muere-de-cancer-van-den-eynde-defendiendo-un-tratamiento-ilegal\/","name":"Muere de c\u00e1ncer Van den Eynde defendiendo un tratamiento ilegal","isPartOf":{"@id":"https:\/\/www.cannabis.es\/pw\/#website"},"primaryImageOfPage":{"@id":"https:\/\/www.cannabis.es\/pw\/2020\/09\/25\/muere-de-cancer-van-den-eynde-defendiendo-un-tratamiento-ilegal\/#primaryimage"},"image":{"@id":"https:\/\/www.cannabis.es\/pw\/2020\/09\/25\/muere-de-cancer-van-den-eynde-defendiendo-un-tratamiento-ilegal\/#primaryimage"},"thumbnailUrl":"https:\/\/www.cannabis.es\/pw\/wp-content\/uploads\/2020\/09\/Eduardo-Van-den-Eynde.jpg","datePublished":"2020-09-25T09:35:55+00:00","dateModified":"2020-09-25T12:27:29+00:00","description":"Entrada &#8226; Portal multimedia sobre cannabis y otras sustancias &#8226; 25 septiembre, 2020","breadcrumb":{"@id":"https:\/\/www.cannabis.es\/pw\/2020\/09\/25\/muere-de-cancer-van-den-eynde-defendiendo-un-tratamiento-ilegal\/#breadcrumb"},"inLanguage":"es","potentialAction":[{"@type":"ReadAction","target":["https:\/\/www.cannabis.es\/pw\/2020\/09\/25\/muere-de-cancer-van-den-eynde-defendiendo-un-tratamiento-ilegal\/"]}]},{"@type":"ImageObject","inLanguage":"es","@id":"https:\/\/www.cannabis.es\/pw\/2020\/09\/25\/muere-de-cancer-van-den-eynde-defendiendo-un-tratamiento-ilegal\/#primaryimage","url":"https:\/\/www.cannabis.es\/pw\/wp-content\/uploads\/2020\/09\/Eduardo-Van-den-Eynde.jpg","contentUrl":"https:\/\/www.cannabis.es\/pw\/wp-content\/uploads\/2020\/09\/Eduardo-Van-den-Eynde.jpg","width":804,"height":532},{"@type":"BreadcrumbList","@id":"https:\/\/www.cannabis.es\/pw\/2020\/09\/25\/muere-de-cancer-van-den-eynde-defendiendo-un-tratamiento-ilegal\/#breadcrumb","itemListElement":[{"@type":"ListItem","position":1,"name":"Portada","item":"http:\/\/www.cannabis.es\/pw\/"},{"@type":"ListItem","position":2,"name":"Muere de c\u00e1ncer Van den Eynde defendiendo un tratamiento ilegal"}]},{"@type":"WebSite","@id":"https:\/\/www.cannabis.es\/pw\/#website","url":"https:\/\/www.cannabis.es\/pw\/","name":"Cannabis","description":"Portal multimedia sobre cannabis y otras sustancias","publisher":{"@id":"https:\/\/www.cannabis.es\/pw\/#organization"},"potentialAction":[{"@type":"SearchAction","target":{"@type":"EntryPoint","urlTemplate":"https:\/\/www.cannabis.es\/pw\/?s={search_term_string}"},"query-input":{"@type":"PropertyValueSpecification","valueRequired":true,"valueName":"search_term_string"}}],"inLanguage":"es"},{"@type":"Organization","@id":"https:\/\/www.cannabis.es\/pw\/#organization","name":"Cannabis.es","url":"https:\/\/www.cannabis.es\/pw\/","logo":{"@type":"ImageObject","inLanguage":"es","@id":"https:\/\/www.cannabis.es\/pw\/#\/schema\/logo\/image\/","url":"https:\/\/www.cannabis.es\/pw\/wp-content\/uploads\/2019\/04\/cropped-logo_cannabis.png","contentUrl":"https:\/\/www.cannabis.es\/pw\/wp-content\/uploads\/2019\/04\/cropped-logo_cannabis.png","width":361,"height":120,"caption":"Cannabis.es"},"image":{"@id":"https:\/\/www.cannabis.es\/pw\/#\/schema\/logo\/image\/"},"sameAs":["https:\/\/x.com\/cannabis_es"]},{"@type":"Person","@id":"https:\/\/www.cannabis.es\/pw\/#\/schema\/person\/ec770c03f3e99d770687f537f4ba1e89","name":"Cannabis.es","image":{"@type":"ImageObject","inLanguage":"es","@id":"https:\/\/www.cannabis.es\/pw\/#\/schema\/person\/image\/","url":"https:\/\/secure.gravatar.com\/avatar\/810c93a3d6fadc3d9c2665b1d919a4aedea8ed4dd63689d001e985a804e90d83?s=96&d=mm&r=g","contentUrl":"https:\/\/secure.gravatar.com\/avatar\/810c93a3d6fadc3d9c2665b1d919a4aedea8ed4dd63689d001e985a804e90d83?s=96&d=mm&r=g","caption":"Cannabis.es"},"url":"https:\/\/www.cannabis.es\/pw\/author\/arnau\/"}]}},"_links":{"self":[{"href":"https:\/\/www.cannabis.es\/pw\/wp-json\/wp\/v2\/posts\/6084","targetHints":{"allow":["GET"]}}],"collection":[{"href":"https:\/\/www.cannabis.es\/pw\/wp-json\/wp\/v2\/posts"}],"about":[{"href":"https:\/\/www.cannabis.es\/pw\/wp-json\/wp\/v2\/types\/post"}],"author":[{"embeddable":true,"href":"https:\/\/www.cannabis.es\/pw\/wp-json\/wp\/v2\/users\/3"}],"replies":[{"embeddable":true,"href":"https:\/\/www.cannabis.es\/pw\/wp-json\/wp\/v2\/comments?post=6084"}],"version-history":[{"count":5,"href":"https:\/\/www.cannabis.es\/pw\/wp-json\/wp\/v2\/posts\/6084\/revisions"}],"predecessor-version":[{"id":6097,"href":"https:\/\/www.cannabis.es\/pw\/wp-json\/wp\/v2\/posts\/6084\/revisions\/6097"}],"wp:featuredmedia":[{"embeddable":true,"href":"https:\/\/www.cannabis.es\/pw\/wp-json\/wp\/v2\/media\/6086"}],"wp:attachment":[{"href":"https:\/\/www.cannabis.es\/pw\/wp-json\/wp\/v2\/media?parent=6084"}],"wp:term":[{"taxonomy":"category","embeddable":true,"href":"https:\/\/www.cannabis.es\/pw\/wp-json\/wp\/v2\/categories?post=6084"},{"taxonomy":"post_tag","embeddable":true,"href":"https:\/\/www.cannabis.es\/pw\/wp-json\/wp\/v2\/tags?post=6084"}],"curies":[{"name":"wp","href":"https:\/\/api.w.org\/{rel}","templated":true}]}}