{"id":6090,"date":"2020-09-25T12:52:44","date_gmt":"2020-09-25T10:52:44","guid":{"rendered":"https:\/\/www.cannabis.es\/pw\/?p=6090"},"modified":"2020-09-25T13:07:49","modified_gmt":"2020-09-25T11:07:49","slug":"mexico-incumple-regular-el-acceso-medicinal-antes-del-9-de-setiembre","status":"publish","type":"post","link":"https:\/\/www.cannabis.es\/pw\/2020\/09\/25\/mexico-incumple-regular-el-acceso-medicinal-antes-del-9-de-setiembre\/","title":{"rendered":"M\u00e9xico incumple regular el acceso medicinal antes del 9 de setiembre"},"content":{"rendered":"\n<p>Arnau Alcaide<br><br>M\u00e9xico, pa\u00eds donde la Justicia ejerce resoluciones que pueden resultar en obligaci\u00f3n legal, ha incumplido el mandato de regular el acceso al cannabis medicinal para el que ya ten\u00eda un reglamento, pendiente de comentarios de la ciudadan\u00eda. El plazo venc\u00eda el 9 de septiembre y hab\u00eda sido prorrogado antes en dos ocasiones, si bien con con permiso de la Justicia, a diferencia de esta tercera vez, en la que ha llegado la omisi\u00f3n antes que una pr\u00f3rroga de 70 d\u00edas que se concedi\u00f3 el martes 22.<br><br>La representante del usuariado medicinal en Regulaci\u00f3n Por la Paz, <strong>Margarita Garfias, primera mexicana amparada por la Justicia para autocultivar<\/strong>, nos narraba en exclusiva para Cannabis.es:<em><span class=\"has-inline-color has-luminous-vivid-orange-color\"> \u201cEs insostenible que el Estado, que es quien debe ser garante de nuestros derechos, sea quien siga prorrogando la incertidumbre, la criminalizaci\u00f3n y el exilio m\u00e9dico y legal de las y los pacientes\u201d<\/span><\/em>.<br><br>La resoluci\u00f3n de la Justicia para prorrogar la obligaci\u00f3n de regular ha tomado \u201cen cuenta\u201d su \u201ccomplejidad o dificultad\u201d debiendo \u201cfijar un plazo razonable y estrictamente determinado\u201d y <strong>ahorrar\u00e1, a priori, las responsabilidades legales para el legislativo relativas al vencimiento del plazo<\/strong>. <a href=\"https:\/\/www.cannabis.es\/pw\/2020\/08\/27\/mexico-reglamenta-la-produccion-y-abastecimiento-medicinal-sin-autocultivo-ni-flor\/\">El reglamento, que hab\u00eda sido reintroducido este verano<\/a>, daba continuidad a la ley de 2017, que solamente se refer\u00eda a la producci\u00f3n, control y distribuci\u00f3n del cannabis medicinal para fines farmac\u00e9uticos, pero cuya amplitud comercial alcanz\u00f3 un a\u00f1o despu\u00e9s la venta de comestibles. Esta ley fue suspendida <a href=\"https:\/\/www.cannabis.es\/pw\/2019\/05\/03\/legalizacion-2-0-tras-la-retirada-de-productos-en-mexico\/\">para evitar la comercializaci\u00f3n de dichos comestibles e incorporar las reivindicaciones civiles<\/a>, cuesti\u00f3n que sigue demor\u00e1ndose hoy.<br><br>No se trata pues de <a href=\"https:\/\/www.cannabis.es\/pw\/2020\/03\/06\/mexico-avanza-hacia-la-regularizacion-integral-mientras-espana-observa-y-aprende\/\">la ley que debe reglamentar al completo el uso adulto<\/a>, integral, del cannabis, que a\u00fan tiene<a href=\"https:\/\/www.cannabis.es\/pw\/2020\/04\/15\/la-legalizacion-en-mexico-topa-el-coronavirus-aventurando-la-segunda-prorroga\/\"> plazo vigente para regularse antes del 15 de diciembre<\/a>. Sin embargo, la consideraci\u00f3n de la producci\u00f3n medicinal no entr\u00f3 en los usos tradicionales de la planta, por lo que no dotaba de acceso al autocultivo, la flor o sus preparados de bajo coste en la \u00faltima versi\u00f3n de un reglamento que bien podr\u00eda, o no, incorporar algunas de las sugerencias ciudadanas.<br><br>Recordemos que el motivo que llev\u00f3 a la obligaci\u00f3n de regular fue precisamente el uso herbal y tradicional de la cannabis, casero y de bajo coste, cuyo uso y por lo tanto posesi\u00f3n y cultivo medicinal por pacientes no era posible sancionar. Esto no solo absolvi\u00f3 de responsabilidad penal a suficientes pacientes, sino que la cre\u00f3 para el estado a la hora de promover condiciones de acceso a la salud a quien utiliza la planta, condiciones que el coste de los medicamentos no pueden garantizar.<br><br><em><span class=\"has-inline-color has-luminous-vivid-orange-color\">\u201cNo hay voluntad pol\u00edtica de avanzar en garantizar los derechos de las personas usuarias de la planta. Todo se va haciendo por la v\u00eda jur\u00eddica en una legislatura en la que impera el doble discurso: donde se dice que primero los pobres, pero los pobres son los m\u00e1s afectados en escenarios como el presente, donde no hay garant\u00eda de derecho\u201d<\/span><\/em>, achaca Garfias a la clase pol\u00edtica. No en vano, Morena, \u201cla esperanza de M\u00e9xico\u201d y el partido en el gobierno, tiene entre sus filas a <a href=\"http:\/\/www.cannabis.es\/pw\/2020\/03\/13\/encuentra-donde-fumar-tranquilo-y-disfruta-de-tabasco-una-entrevista-al-dirigente-morena\/\">personal formado en una nueva aproximaci\u00f3n a la pol\u00edtica de drogas<\/a> que en este caso debiera dotar de facto de seguridad jur\u00eddica a pacientes sin discriminar el uso herbal del farmac\u00e9utico.<br><br><span class=\"has-inline-color has-luminous-vivid-orange-color\"><em>\u201cEl proyecto de reglamento no cumple ni con los derechos de las y los pacientes, ni con la justicia social. Nos preocupa que este proyecto de reglamento no incluye ni considera los siguientes puntos, que marcan la diferencia para muchas familias para terminar con el exilio m\u00e9dico y legal en el que el estado ha mantenido a las y los pacientes, as\u00ed como a sus familias durante los \u00faltimos 3 a\u00f1os\u201d<\/em><\/span>.<\/p>\n\n\n\n<figure class=\"wp-block-image size-large\"><img loading=\"lazy\" decoding=\"async\" width=\"804\" height=\"532\" src=\"https:\/\/www.cannabis.es\/pw\/wp-content\/uploads\/2020\/09\/mexico-fin-plazo.jpg\" alt=\"\" class=\"wp-image-6091\" srcset=\"https:\/\/www.cannabis.es\/pw\/wp-content\/uploads\/2020\/09\/mexico-fin-plazo.jpg 804w, https:\/\/www.cannabis.es\/pw\/wp-content\/uploads\/2020\/09\/mexico-fin-plazo-300x199.jpg 300w, https:\/\/www.cannabis.es\/pw\/wp-content\/uploads\/2020\/09\/mexico-fin-plazo-768x508.jpg 768w, https:\/\/www.cannabis.es\/pw\/wp-content\/uploads\/2020\/09\/mexico-fin-plazo-600x397.jpg 600w\" sizes=\"auto, (max-width: 804px) 100vw, 804px\" \/><\/figure>\n\n\n\n<h2 class=\"wp-block-heading\"><strong>Las peticiones de Regulaci\u00f3n por la Paz para pacientes<\/strong><\/h2>\n\n\n\n<p>La misma Margarita Garfias nos escribe las que son las peticiones del colectivo de pacientes a incluir en la normativa ahora prorrogada.<br><br>1. Diferenciar el acceso entre derivados con menos de 1% de THC y m\u00e1s de 1% de THC, la \u00fanica v\u00eda de acceso que propone el reglamento es por receta con c\u00f3digo de barras a medicamentos y derivados farmacol\u00f3gicos, por lo que proponemos es que:<\/p>\n\n\n\n<p>2. Se implemente un mecanismo como el del Art.226 (Fracciones l a VI) de la LGS para el acceso a medicamentos con Cannabis de acuerdo a su contenido de THC, lo que seguir\u00e1 asegurando la calidad, cantidad, seguridad, y estabilidad de los medicamentos y derivados farmacol\u00f3gicos, y diferenciando el acceso a los mismos por su contenido de THC, lo que favorecer\u00e1 la pr\u00e1ctica m\u00e9dica y por ende el acceso y seguimiento m\u00e9dico a las y los pacientes.<\/p>\n\n\n\n<p>3. Incluir otros medios de abastecimiento medicinal de cannabis como lo son las flores, as\u00ed como semillas y plantas para el<strong> AUTOCULTIVO y CULTIVO SOLIDARIO<\/strong>. Tenemos el antecedente de Canad\u00e1, donde la flor ha sido el primer paso para acceder a las propiedades m\u00e9dicas de la planta para las y los pacientes; mediante el \u00abCannabis Act, 2018\u00bb tambi\u00e9n en Canad\u00e1, se da la libertad de escoger a los y las pacientes mayores de 18 a\u00f1os, de comprar un medicamento o derivado farmacol\u00f3gico o producir cannabis medicinal para uso propio, con el acompa\u00f1amiento m\u00e9dico, un registro que da certeza legal para acceso a semillas y plantas de proveedores autorizados, asesor\u00eda, y pruebas de laboratorio para constatar el resultado de los derivados de la producci\u00f3n de cannabis medicinal para uso propio; incluso se presenta la opci\u00f3n de cultivo solidario, mediante persona designada o autorizada para tal fin.<\/p>\n\n\n\n<p>4. Incentivar por medio de las universidades y academias m\u00e9dicas planes de actualizaci\u00f3n y formaci\u00f3n m\u00e9dica con validez oficial. El conocimiento del sistema endocannabinoide,los fitocannabinoides, su dosificaci\u00f3n, y la interacci\u00f3n de estos con otros medicamentos, llevar\u00e1 sin duda a la pr\u00e1ctica m\u00e9dica y cl\u00ednica segura y eficaz para los y las pacientes, evitando errores o equivocaciones prevenibles en el desarrollo de la misma.<\/p>\n\n\n\n<p>5. Compartir de forma obligatoria la informaci\u00f3n de investigaciones y protocolos activos por medio de bases de datos abiertas. Es de vital importancia transparentar el avance de la investigaci\u00f3n y el conocimiento de la planta y sus derivados, as\u00ed como poner en contacto directo a pacientes, m\u00e9dicos, investigadores, universidades y la industria a trav\u00e9s de una plataforma abierta mexicana lo cual de certeza a toda persona y profesional de la.salud, de las aplicaciones y derivados &#8211; presentaciones y concentraciones- aprobados para su uso en humanos, un ejemplo de ello es la plataforma: clinicaltrials.gov para USA.<\/p>\n\n\n\n<p>6. Establecer un mecanismo que permita que los productos 100% nacionales sean los primeros en beneficiarse de este reglamento. Para los y las pacientes nos da garant\u00edas de accesibilidad y asequibilidad el comprar productos mexicanos, ya que no est\u00e1n sujetos al precio de cambio del peso frente a otras monedas, as\u00ed como a que el producto no pueda ingresar al pa\u00eds; por lo que el producto hecho en M\u00e9xico es de vital importancia para garantizar el apego al tratamiento.<\/p>\n\n\n\n<h2 class=\"wp-block-heading\"><strong>La responsabilidad legal de los estados existe independientemente del avance de la jurisprudencia<\/strong><\/h2>\n\n\n\n<p>En Espa\u00f1a y otros pa\u00edses en los que las resoluciones de la Justicia no ejercen estrictamente la obligaci\u00f3n legal de regular, s\u00ed que existe no obstante la obligaci\u00f3n del estado de garantizar el derecho a la Salud, por lo que aunque no se creen amparos vinculantes para el uso de cannabis medicinal, la necesidad de incluirlo en el sistema legal para permitir el abastecimiento de pacientes s\u00ed que puede derivar en responsabilidades legales, al ser su prohibici\u00f3n, a forma de negaci\u00f3n no fundamentada del acceso, una decisi\u00f3n arbitraria que perjudica la Salud de una parte de la poblaci\u00f3n.<\/p>\n","protected":false},"excerpt":{"rendered":"<span class=\"span-reading-time rt-reading-time\" style=\"display: block;\"><span class=\"rt-label rt-prefix\">Tiempo de lectura:<\/span> <span class=\"rt-time\"> 5<\/span> <span class=\"rt-label rt-postfix\">minutos<\/span><\/span>Arnau AlcaideM\u00e9xico, pa\u00eds donde la Justicia ejerce resoluciones que pueden resultar en obligaci\u00f3n legal, ha incumplido el mandato de regular el acceso al cannabis medicinal para el que ya ten\u00eda un reglamento, pendiente de comentarios de la ciudadan\u00eda. El plazo venc\u00eda el 9 de septiembre y hab\u00eda sido prorrogado antes en dos ocasiones, si bien [&hellip;]","protected":false},"author":3,"featured_media":6091,"comment_status":"closed","ping_status":"closed","sticky":false,"template":"","format":"standard","meta":{"loftocean-featured-post":"","loftocean_post_format_gallery":"","loftocean_post_format_gallery_ids":"","loftocean_post_format_gallery_urls":"","loftocean_post_format_video_id":"","loftocean_post_format_video_url":"","loftocean_post_format_video_type":"","loftocean_post_format_video":"","loftocean_post_format_audio_type":"","loftocean_post_format_audio_url":"","loftocean_post_format_audio_id":"","loftocean_post_format_audio":"","loftocean_post_format_quote_text":"","loftocean_post_format_quote_byline":"","loftocean_post_format_link_text":"","loftocean_post_format_link_url":"","ceramag_post_header_style":"","ceramag_enable_background_video":"","ceramag_show_in_top_slider":"","ceramag_post_background_video_start":"","ceramag_post_background_video_end":"","loftocean_page_background_video_id":"","loftocean_page_background_video_url":"","loftocean_page_background_video_type":"","loftocean_page_background_video":"","ceramag_background_video_start":"","ceramag_background_video_end":"","ceramag_single_page_hide_header":"","footnotes":""},"categories":[36,35],"tags":[540,52,54,393],"class_list":["post-6090","post","type-post","status-publish","format-standard","has-post-thumbnail","hentry","category-medicinal","category-politica-y-sociedad","tag-arnau-alcaide","tag-cannabis-medicinal","tag-legalizacion","tag-mexico"],"yoast_head":"<!-- This site is optimized with the Yoast SEO plugin v24.9 - https:\/\/yoast.com\/wordpress\/plugins\/seo\/ -->\n<title>M\u00e9xico incumple regular el acceso medicinal antes del 9 de setiembre<\/title>\n<meta name=\"description\" content=\"Entrada &#8226; Portal multimedia sobre cannabis y otras sustancias &#8226; 25 septiembre, 2020\" \/>\n<meta name=\"robots\" content=\"index, follow, max-snippet:-1, max-image-preview:large, max-video-preview:-1\" \/>\n<link rel=\"canonical\" href=\"https:\/\/www.cannabis.es\/pw\/2020\/09\/25\/mexico-incumple-regular-el-acceso-medicinal-antes-del-9-de-setiembre\/\" \/>\n<meta name=\"twitter:card\" content=\"summary_large_image\" \/>\n<meta name=\"twitter:title\" content=\"M\u00e9xico incumple regular el acceso medicinal antes del 9 de setiembre\" \/>\n<meta name=\"twitter:description\" content=\"Entrada &#8226; Portal multimedia sobre cannabis y otras sustancias &#8226; 25 septiembre, 2020\" \/>\n<meta name=\"twitter:image\" content=\"https:\/\/www.cannabis.es\/pw\/wp-content\/uploads\/2020\/09\/mexico-fin-plazo.jpg\" \/>\n<meta name=\"twitter:creator\" content=\"@cannabis_es\" \/>\n<meta name=\"twitter:site\" content=\"@cannabis_es\" \/>\n<meta name=\"twitter:label1\" content=\"Escrito por\" \/>\n\t<meta name=\"twitter:data1\" content=\"Cannabis.es\" \/>\n\t<meta name=\"twitter:label2\" content=\"Tiempo de lectura\" \/>\n\t<meta name=\"twitter:data2\" content=\"7 minutos\" \/>\n<script type=\"application\/ld+json\" class=\"yoast-schema-graph\">{\"@context\":\"https:\/\/schema.org\",\"@graph\":[{\"@type\":\"Article\",\"@id\":\"https:\/\/www.cannabis.es\/pw\/2020\/09\/25\/mexico-incumple-regular-el-acceso-medicinal-antes-del-9-de-setiembre\/#article\",\"isPartOf\":{\"@id\":\"https:\/\/www.cannabis.es\/pw\/2020\/09\/25\/mexico-incumple-regular-el-acceso-medicinal-antes-del-9-de-setiembre\/\"},\"author\":{\"name\":\"Cannabis.es\",\"@id\":\"https:\/\/www.cannabis.es\/pw\/#\/schema\/person\/ec770c03f3e99d770687f537f4ba1e89\"},\"headline\":\"M\u00e9xico incumple regular el acceso medicinal antes del 9 de setiembre\",\"datePublished\":\"2020-09-25T10:52:44+00:00\",\"dateModified\":\"2020-09-25T11:07:49+00:00\",\"mainEntityOfPage\":{\"@id\":\"https:\/\/www.cannabis.es\/pw\/2020\/09\/25\/mexico-incumple-regular-el-acceso-medicinal-antes-del-9-de-setiembre\/\"},\"wordCount\":1339,\"publisher\":{\"@id\":\"https:\/\/www.cannabis.es\/pw\/#organization\"},\"image\":{\"@id\":\"https:\/\/www.cannabis.es\/pw\/2020\/09\/25\/mexico-incumple-regular-el-acceso-medicinal-antes-del-9-de-setiembre\/#primaryimage\"},\"thumbnailUrl\":\"https:\/\/www.cannabis.es\/pw\/wp-content\/uploads\/2020\/09\/mexico-fin-plazo.jpg\",\"keywords\":[\"Arnau Alcaide\",\"cannabis medicinal\",\"legalizaci\u00f3n\",\"m\u00e9xico\"],\"articleSection\":[\"Medicinal\",\"Pol\u00edtica y Sociedad\"],\"inLanguage\":\"es\"},{\"@type\":\"WebPage\",\"@id\":\"https:\/\/www.cannabis.es\/pw\/2020\/09\/25\/mexico-incumple-regular-el-acceso-medicinal-antes-del-9-de-setiembre\/\",\"url\":\"https:\/\/www.cannabis.es\/pw\/2020\/09\/25\/mexico-incumple-regular-el-acceso-medicinal-antes-del-9-de-setiembre\/\",\"name\":\"M\u00e9xico incumple regular el acceso medicinal antes del 9 de setiembre\",\"isPartOf\":{\"@id\":\"https:\/\/www.cannabis.es\/pw\/#website\"},\"primaryImageOfPage\":{\"@id\":\"https:\/\/www.cannabis.es\/pw\/2020\/09\/25\/mexico-incumple-regular-el-acceso-medicinal-antes-del-9-de-setiembre\/#primaryimage\"},\"image\":{\"@id\":\"https:\/\/www.cannabis.es\/pw\/2020\/09\/25\/mexico-incumple-regular-el-acceso-medicinal-antes-del-9-de-setiembre\/#primaryimage\"},\"thumbnailUrl\":\"https:\/\/www.cannabis.es\/pw\/wp-content\/uploads\/2020\/09\/mexico-fin-plazo.jpg\",\"datePublished\":\"2020-09-25T10:52:44+00:00\",\"dateModified\":\"2020-09-25T11:07:49+00:00\",\"description\":\"Entrada &#8226; Portal multimedia sobre cannabis y otras sustancias &#8226; 25 septiembre, 2020\",\"breadcrumb\":{\"@id\":\"https:\/\/www.cannabis.es\/pw\/2020\/09\/25\/mexico-incumple-regular-el-acceso-medicinal-antes-del-9-de-setiembre\/#breadcrumb\"},\"inLanguage\":\"es\",\"potentialAction\":[{\"@type\":\"ReadAction\",\"target\":[\"https:\/\/www.cannabis.es\/pw\/2020\/09\/25\/mexico-incumple-regular-el-acceso-medicinal-antes-del-9-de-setiembre\/\"]}]},{\"@type\":\"ImageObject\",\"inLanguage\":\"es\",\"@id\":\"https:\/\/www.cannabis.es\/pw\/2020\/09\/25\/mexico-incumple-regular-el-acceso-medicinal-antes-del-9-de-setiembre\/#primaryimage\",\"url\":\"https:\/\/www.cannabis.es\/pw\/wp-content\/uploads\/2020\/09\/mexico-fin-plazo.jpg\",\"contentUrl\":\"https:\/\/www.cannabis.es\/pw\/wp-content\/uploads\/2020\/09\/mexico-fin-plazo.jpg\",\"width\":804,\"height\":532},{\"@type\":\"BreadcrumbList\",\"@id\":\"https:\/\/www.cannabis.es\/pw\/2020\/09\/25\/mexico-incumple-regular-el-acceso-medicinal-antes-del-9-de-setiembre\/#breadcrumb\",\"itemListElement\":[{\"@type\":\"ListItem\",\"position\":1,\"name\":\"Portada\",\"item\":\"http:\/\/www.cannabis.es\/pw\/\"},{\"@type\":\"ListItem\",\"position\":2,\"name\":\"M\u00e9xico incumple regular el acceso medicinal antes del 9 de setiembre\"}]},{\"@type\":\"WebSite\",\"@id\":\"https:\/\/www.cannabis.es\/pw\/#website\",\"url\":\"https:\/\/www.cannabis.es\/pw\/\",\"name\":\"Cannabis\",\"description\":\"Portal multimedia sobre cannabis y otras sustancias\",\"publisher\":{\"@id\":\"https:\/\/www.cannabis.es\/pw\/#organization\"},\"potentialAction\":[{\"@type\":\"SearchAction\",\"target\":{\"@type\":\"EntryPoint\",\"urlTemplate\":\"https:\/\/www.cannabis.es\/pw\/?s={search_term_string}\"},\"query-input\":{\"@type\":\"PropertyValueSpecification\",\"valueRequired\":true,\"valueName\":\"search_term_string\"}}],\"inLanguage\":\"es\"},{\"@type\":\"Organization\",\"@id\":\"https:\/\/www.cannabis.es\/pw\/#organization\",\"name\":\"Cannabis.es\",\"url\":\"https:\/\/www.cannabis.es\/pw\/\",\"logo\":{\"@type\":\"ImageObject\",\"inLanguage\":\"es\",\"@id\":\"https:\/\/www.cannabis.es\/pw\/#\/schema\/logo\/image\/\",\"url\":\"https:\/\/www.cannabis.es\/pw\/wp-content\/uploads\/2019\/04\/cropped-logo_cannabis.png\",\"contentUrl\":\"https:\/\/www.cannabis.es\/pw\/wp-content\/uploads\/2019\/04\/cropped-logo_cannabis.png\",\"width\":361,\"height\":120,\"caption\":\"Cannabis.es\"},\"image\":{\"@id\":\"https:\/\/www.cannabis.es\/pw\/#\/schema\/logo\/image\/\"},\"sameAs\":[\"https:\/\/x.com\/cannabis_es\"]},{\"@type\":\"Person\",\"@id\":\"https:\/\/www.cannabis.es\/pw\/#\/schema\/person\/ec770c03f3e99d770687f537f4ba1e89\",\"name\":\"Cannabis.es\",\"image\":{\"@type\":\"ImageObject\",\"inLanguage\":\"es\",\"@id\":\"https:\/\/www.cannabis.es\/pw\/#\/schema\/person\/image\/\",\"url\":\"https:\/\/secure.gravatar.com\/avatar\/810c93a3d6fadc3d9c2665b1d919a4aedea8ed4dd63689d001e985a804e90d83?s=96&d=mm&r=g\",\"contentUrl\":\"https:\/\/secure.gravatar.com\/avatar\/810c93a3d6fadc3d9c2665b1d919a4aedea8ed4dd63689d001e985a804e90d83?s=96&d=mm&r=g\",\"caption\":\"Cannabis.es\"},\"url\":\"https:\/\/www.cannabis.es\/pw\/author\/arnau\/\"}]}<\/script>\n<!-- \/ Yoast SEO plugin. -->","yoast_head_json":{"title":"M\u00e9xico incumple regular el acceso medicinal antes del 9 de setiembre","description":"Entrada &#8226; Portal multimedia sobre cannabis y otras sustancias &#8226; 25 septiembre, 2020","robots":{"index":"index","follow":"follow","max-snippet":"max-snippet:-1","max-image-preview":"max-image-preview:large","max-video-preview":"max-video-preview:-1"},"canonical":"https:\/\/www.cannabis.es\/pw\/2020\/09\/25\/mexico-incumple-regular-el-acceso-medicinal-antes-del-9-de-setiembre\/","twitter_card":"summary_large_image","twitter_title":"M\u00e9xico incumple regular el acceso medicinal antes del 9 de setiembre","twitter_description":"Entrada &#8226; Portal multimedia sobre cannabis y otras sustancias &#8226; 25 septiembre, 2020","twitter_image":"https:\/\/www.cannabis.es\/pw\/wp-content\/uploads\/2020\/09\/mexico-fin-plazo.jpg","twitter_creator":"@cannabis_es","twitter_site":"@cannabis_es","twitter_misc":{"Escrito por":"Cannabis.es","Tiempo de lectura":"7 minutos"},"schema":{"@context":"https:\/\/schema.org","@graph":[{"@type":"Article","@id":"https:\/\/www.cannabis.es\/pw\/2020\/09\/25\/mexico-incumple-regular-el-acceso-medicinal-antes-del-9-de-setiembre\/#article","isPartOf":{"@id":"https:\/\/www.cannabis.es\/pw\/2020\/09\/25\/mexico-incumple-regular-el-acceso-medicinal-antes-del-9-de-setiembre\/"},"author":{"name":"Cannabis.es","@id":"https:\/\/www.cannabis.es\/pw\/#\/schema\/person\/ec770c03f3e99d770687f537f4ba1e89"},"headline":"M\u00e9xico incumple regular el acceso medicinal antes del 9 de setiembre","datePublished":"2020-09-25T10:52:44+00:00","dateModified":"2020-09-25T11:07:49+00:00","mainEntityOfPage":{"@id":"https:\/\/www.cannabis.es\/pw\/2020\/09\/25\/mexico-incumple-regular-el-acceso-medicinal-antes-del-9-de-setiembre\/"},"wordCount":1339,"publisher":{"@id":"https:\/\/www.cannabis.es\/pw\/#organization"},"image":{"@id":"https:\/\/www.cannabis.es\/pw\/2020\/09\/25\/mexico-incumple-regular-el-acceso-medicinal-antes-del-9-de-setiembre\/#primaryimage"},"thumbnailUrl":"https:\/\/www.cannabis.es\/pw\/wp-content\/uploads\/2020\/09\/mexico-fin-plazo.jpg","keywords":["Arnau Alcaide","cannabis medicinal","legalizaci\u00f3n","m\u00e9xico"],"articleSection":["Medicinal","Pol\u00edtica y Sociedad"],"inLanguage":"es"},{"@type":"WebPage","@id":"https:\/\/www.cannabis.es\/pw\/2020\/09\/25\/mexico-incumple-regular-el-acceso-medicinal-antes-del-9-de-setiembre\/","url":"https:\/\/www.cannabis.es\/pw\/2020\/09\/25\/mexico-incumple-regular-el-acceso-medicinal-antes-del-9-de-setiembre\/","name":"M\u00e9xico incumple regular el acceso medicinal antes del 9 de setiembre","isPartOf":{"@id":"https:\/\/www.cannabis.es\/pw\/#website"},"primaryImageOfPage":{"@id":"https:\/\/www.cannabis.es\/pw\/2020\/09\/25\/mexico-incumple-regular-el-acceso-medicinal-antes-del-9-de-setiembre\/#primaryimage"},"image":{"@id":"https:\/\/www.cannabis.es\/pw\/2020\/09\/25\/mexico-incumple-regular-el-acceso-medicinal-antes-del-9-de-setiembre\/#primaryimage"},"thumbnailUrl":"https:\/\/www.cannabis.es\/pw\/wp-content\/uploads\/2020\/09\/mexico-fin-plazo.jpg","datePublished":"2020-09-25T10:52:44+00:00","dateModified":"2020-09-25T11:07:49+00:00","description":"Entrada &#8226; Portal multimedia sobre cannabis y otras sustancias &#8226; 25 septiembre, 2020","breadcrumb":{"@id":"https:\/\/www.cannabis.es\/pw\/2020\/09\/25\/mexico-incumple-regular-el-acceso-medicinal-antes-del-9-de-setiembre\/#breadcrumb"},"inLanguage":"es","potentialAction":[{"@type":"ReadAction","target":["https:\/\/www.cannabis.es\/pw\/2020\/09\/25\/mexico-incumple-regular-el-acceso-medicinal-antes-del-9-de-setiembre\/"]}]},{"@type":"ImageObject","inLanguage":"es","@id":"https:\/\/www.cannabis.es\/pw\/2020\/09\/25\/mexico-incumple-regular-el-acceso-medicinal-antes-del-9-de-setiembre\/#primaryimage","url":"https:\/\/www.cannabis.es\/pw\/wp-content\/uploads\/2020\/09\/mexico-fin-plazo.jpg","contentUrl":"https:\/\/www.cannabis.es\/pw\/wp-content\/uploads\/2020\/09\/mexico-fin-plazo.jpg","width":804,"height":532},{"@type":"BreadcrumbList","@id":"https:\/\/www.cannabis.es\/pw\/2020\/09\/25\/mexico-incumple-regular-el-acceso-medicinal-antes-del-9-de-setiembre\/#breadcrumb","itemListElement":[{"@type":"ListItem","position":1,"name":"Portada","item":"http:\/\/www.cannabis.es\/pw\/"},{"@type":"ListItem","position":2,"name":"M\u00e9xico incumple regular el acceso medicinal antes del 9 de setiembre"}]},{"@type":"WebSite","@id":"https:\/\/www.cannabis.es\/pw\/#website","url":"https:\/\/www.cannabis.es\/pw\/","name":"Cannabis","description":"Portal multimedia sobre cannabis y otras sustancias","publisher":{"@id":"https:\/\/www.cannabis.es\/pw\/#organization"},"potentialAction":[{"@type":"SearchAction","target":{"@type":"EntryPoint","urlTemplate":"https:\/\/www.cannabis.es\/pw\/?s={search_term_string}"},"query-input":{"@type":"PropertyValueSpecification","valueRequired":true,"valueName":"search_term_string"}}],"inLanguage":"es"},{"@type":"Organization","@id":"https:\/\/www.cannabis.es\/pw\/#organization","name":"Cannabis.es","url":"https:\/\/www.cannabis.es\/pw\/","logo":{"@type":"ImageObject","inLanguage":"es","@id":"https:\/\/www.cannabis.es\/pw\/#\/schema\/logo\/image\/","url":"https:\/\/www.cannabis.es\/pw\/wp-content\/uploads\/2019\/04\/cropped-logo_cannabis.png","contentUrl":"https:\/\/www.cannabis.es\/pw\/wp-content\/uploads\/2019\/04\/cropped-logo_cannabis.png","width":361,"height":120,"caption":"Cannabis.es"},"image":{"@id":"https:\/\/www.cannabis.es\/pw\/#\/schema\/logo\/image\/"},"sameAs":["https:\/\/x.com\/cannabis_es"]},{"@type":"Person","@id":"https:\/\/www.cannabis.es\/pw\/#\/schema\/person\/ec770c03f3e99d770687f537f4ba1e89","name":"Cannabis.es","image":{"@type":"ImageObject","inLanguage":"es","@id":"https:\/\/www.cannabis.es\/pw\/#\/schema\/person\/image\/","url":"https:\/\/secure.gravatar.com\/avatar\/810c93a3d6fadc3d9c2665b1d919a4aedea8ed4dd63689d001e985a804e90d83?s=96&d=mm&r=g","contentUrl":"https:\/\/secure.gravatar.com\/avatar\/810c93a3d6fadc3d9c2665b1d919a4aedea8ed4dd63689d001e985a804e90d83?s=96&d=mm&r=g","caption":"Cannabis.es"},"url":"https:\/\/www.cannabis.es\/pw\/author\/arnau\/"}]}},"_links":{"self":[{"href":"https:\/\/www.cannabis.es\/pw\/wp-json\/wp\/v2\/posts\/6090","targetHints":{"allow":["GET"]}}],"collection":[{"href":"https:\/\/www.cannabis.es\/pw\/wp-json\/wp\/v2\/posts"}],"about":[{"href":"https:\/\/www.cannabis.es\/pw\/wp-json\/wp\/v2\/types\/post"}],"author":[{"embeddable":true,"href":"https:\/\/www.cannabis.es\/pw\/wp-json\/wp\/v2\/users\/3"}],"replies":[{"embeddable":true,"href":"https:\/\/www.cannabis.es\/pw\/wp-json\/wp\/v2\/comments?post=6090"}],"version-history":[{"count":4,"href":"https:\/\/www.cannabis.es\/pw\/wp-json\/wp\/v2\/posts\/6090\/revisions"}],"predecessor-version":[{"id":6096,"href":"https:\/\/www.cannabis.es\/pw\/wp-json\/wp\/v2\/posts\/6090\/revisions\/6096"}],"wp:featuredmedia":[{"embeddable":true,"href":"https:\/\/www.cannabis.es\/pw\/wp-json\/wp\/v2\/media\/6091"}],"wp:attachment":[{"href":"https:\/\/www.cannabis.es\/pw\/wp-json\/wp\/v2\/media?parent=6090"}],"wp:term":[{"taxonomy":"category","embeddable":true,"href":"https:\/\/www.cannabis.es\/pw\/wp-json\/wp\/v2\/categories?post=6090"},{"taxonomy":"post_tag","embeddable":true,"href":"https:\/\/www.cannabis.es\/pw\/wp-json\/wp\/v2\/tags?post=6090"}],"curies":[{"name":"wp","href":"https:\/\/api.w.org\/{rel}","templated":true}]}}