{"id":6113,"date":"2020-10-06T12:50:57","date_gmt":"2020-10-06T10:50:57","guid":{"rendered":"https:\/\/www.cannabis.es\/pw\/?p=6113"},"modified":"2020-10-06T12:51:34","modified_gmt":"2020-10-06T10:51:34","slug":"clever-leaves-producira-cannabis-en-portugal","status":"publish","type":"post","link":"https:\/\/www.cannabis.es\/pw\/2020\/10\/06\/clever-leaves-producira-cannabis-en-portugal\/","title":{"rendered":"Clever Leaves producir\u00e1 cannabis en Portugal"},"content":{"rendered":"\n<p>Benito D\u00edaz<\/p>\n\n\n\n<p>Portugal concedi\u00f3 el pasado agosto una licencia internacional para cultivar, importar y exportar la flor seca del cannabis psicoactivo. Est\u00e1n sujetos por un c\u00f3digo de buenas pr\u00e1cticas agr\u00edcolas y bajo supervisi\u00f3n de INFARMED, Autoridad Nacional de Medicamentos y Productos para la Salud, subsidiaria del Ministerio de Salud, que a\u00fan no ha entregado su visto bueno, por causa de la pandemia.<\/p>\n\n\n\n<p>No es la primera licencia que el gobierno luso otorga para el cultivo. Sin embargo, quiz\u00e1s sea la primera entregada a una empresa que planea convertirse en una multinacional del cannabis.<\/p>\n\n\n\n<h2 class=\"wp-block-heading\"><strong>La Empresa<\/strong><\/h2>\n\n\n\n<p>Consultamos la p\u00e1gina web de Clever Leaves, donde ellos mismos se describen como <em><span class=\"has-inline-color has-luminous-vivid-orange-color\">\u201cuna compa\u00f1\u00eda global con oficinas en Alemania, Canad\u00e1, Colombia, Estados Unidos y Portugal, que con un capital adquirido hasta la fecha de US$ 105 millones, se enfoca en el desarrollo de nuevos proyectos, apalancando mejores pr\u00e1cticas de otras industrias para construir activos EUGMP sofisticados para cannabis medicinal\u201d<\/span>.<\/em><\/p>\n\n\n\n<p>Lanzada desde Colombia hace tan solo cinco a\u00f1os, Clever Leaves re\u00fane una buena cantidad de divisiones y marcas de consumo. Por ejemplo, descubrimos que Iqanna es la desarrolladora de productos farmac\u00e9uticos de cannabis<span class=\"has-inline-color has-luminous-vivid-orange-color\"> <em>\u201cpara llegar a pacientes con productos seguros y de f\u00e1cil acceso con el objetivo de ayudar a mejorar su calidad de vida\u201d<\/em><\/span><em>.<\/em><\/p>\n\n\n\n<p>Tambi\u00e9n podemos descubrir que Clever Leaves posee una secci\u00f3n llamada Herbal Brands, que aglutina diversas marcas de cosm\u00e9ticos y parafarmacia. Estos productos, relacionados en gran parte con el cannabis o el CBD, son distribuidos por multitud de sitios web, incluida la poderosa Amazon.<\/p>\n\n\n\n<p>Forma parte de la compa\u00f1\u00eda \u201cClever Leaves 360\u201d en la que se sit\u00faan como agentes de venta al por mayor tanto de aceite en crudo como aislado, para la elaboraci\u00f3n de otros productos o como materia prima para etiquetas blancas. Adem\u00e1s, cuenta con sus propias gestoras de inversi\u00f3n estrat\u00e9gicas en temas cann\u00e1bicos, llamadas Cansativa y lift&amp;Co.<\/p>\n\n\n\n<p>M\u00e1s all\u00e1 de la informaci\u00f3n <a href=\"https:\/\/cleverleaves.com\/es\/inicio\/\">que facilita su propia web<\/a>, no es f\u00e1cil encontrar noticias que impliquen a la compa\u00f1\u00eda. Su presidente, Andr\u00e9s Fajardo asegur\u00f3 que se encuentran en negociaciones para seguir creciendo en Europa, por ejemplo, Croacia. <em><span class=\"has-inline-color has-luminous-vivid-orange-color\">\u201cExiste una desalineaci\u00f3n en la normativa entre distintos pa\u00edses, a pesar de que fuimos de los primeros en avanzar en la aprobaci\u00f3n del Cannabis Medicinal\u201d<\/span>, <\/em>destac\u00f3 Fajardo en declaraciones al diario El Tiempo.<\/p>\n\n\n\n<figure class=\"wp-block-image size-large\"><img loading=\"lazy\" decoding=\"async\" width=\"804\" height=\"532\" src=\"https:\/\/www.cannabis.es\/pw\/wp-content\/uploads\/2020\/10\/clever-leaves-portugal.jpg\" alt=\"\" class=\"wp-image-6114\" srcset=\"https:\/\/www.cannabis.es\/pw\/wp-content\/uploads\/2020\/10\/clever-leaves-portugal.jpg 804w, https:\/\/www.cannabis.es\/pw\/wp-content\/uploads\/2020\/10\/clever-leaves-portugal-300x199.jpg 300w, https:\/\/www.cannabis.es\/pw\/wp-content\/uploads\/2020\/10\/clever-leaves-portugal-768x508.jpg 768w, https:\/\/www.cannabis.es\/pw\/wp-content\/uploads\/2020\/10\/clever-leaves-portugal-600x397.jpg 600w\" sizes=\"auto, (max-width: 804px) 100vw, 804px\" \/><\/figure>\n\n\n\n<h2 class=\"wp-block-heading\"><strong>Expansi\u00f3n<\/strong><\/h2>\n\n\n\n<p>Clever Leaves ya cuenta con una una extensi\u00f3n de 17 hect\u00e1reas en la zona de Boyac\u00e1, al norte de Bogot\u00e1, Colombia. Se completa con una planta de procesamiento en Tocancip\u00e1. A esto habr\u00eda que sumar <strong>el terreno de Portugal, compuesto por 85 hect\u00e1reas de tierra, m\u00e1s una de invernaderos, adem\u00e1s del asentamiento de un centro de operaciones y otra central de procesamiento<\/strong>. Toda esta infraestructura, asegura la empresa, es necesaria para ofertar un producto de m\u00e1xima calidad y que cumpla todas las exigencias sanitarias.<\/p>\n\n\n\n<p>La noticia de su entrada en el \u00edndice Nasdaq el pasado Agosto, confirm\u00f3 el inter\u00e9s de esta sociedad para cotizar en el segundo mercado m\u00e1s grande de EEUU. Seg\u00fan lo anunciado por Andr\u00e9s Fajardo, aparecer\u00eda combinada con otra empresa, Schultze Special Purpose Acquisition (SAMA). Hasta el d\u00eda que nos ocupa, no hemos podido encontrar el \u00edndice anunciado (bajo las siglas CLVR) de la empresa compartida ni de SAMA en particular, entre la lista de componentes de este \u00edndice burs\u00e1til americano.<\/p>\n\n\n\n<p><span class=\"has-inline-color has-luminous-vivid-orange-color\">\u201c<em>La oportunidad que tenemos en nuestra empresa implica nuestra situaci\u00f3n geogr\u00e1fica y nuestra legislaci\u00f3n, m\u00e1s avanzada que la de otros pa\u00edses\u201d<\/em><\/span>, se\u00f1alaba Andr\u00e9s Fajardo en una entrevista a \u201cMejor Hablemos\u201d, a la vez que relataba el incremento en el PIB de su pa\u00eds del 0,5% si su negocio sale adelante.<\/p>\n\n\n\n<p>El mercado del cannabis est\u00e1 <a href=\"https:\/\/www.cannabis.es\/pw\/2020\/06\/16\/latino-science-celebra-conferencia-sobre-perspectivas-de-la-industria-del-cannabis-en-relacion-con-el-covid-19\/\">tomando impulso en Latinoam\u00e9rica<\/a>, con la aparici\u00f3n de nuevas regulaciones al respecto. De esa forma, est\u00e1 llamado a ocupar un punto interesante en las econom\u00edas de pa\u00edses como M\u00e9xico, Uruguay o la propia Colombia.<\/p>\n\n\n\n<h2 class=\"wp-block-heading\"><strong>Portugal<\/strong><\/h2>\n\n\n\n<p>La legislaci\u00f3n de nuestro vecino del oeste <a href=\"https:\/\/www.cannabis.es\/pw\/2017\/09\/19\/despenalizacion-integral-la-experiencia-en-portugal\/\">despenaliz\u00f3 el consumo y posesi\u00f3n<\/a> de peque\u00f1as cantidades en 2001, y en 2018 dio un paso adelante con la regularizaci\u00f3n del cannabis terap\u00e9utico. Su legislaci\u00f3n se ha constituido alrededor de la reducci\u00f3n de da\u00f1os, en lugar de establecer duras sanciones contra los consumidores. Aun as\u00ed, el comercio y distribuci\u00f3n de drogas est\u00e1 penado y perseguido.<\/p>\n\n\n\n<p>El cannabis terap\u00e9utico fue regulado a trav\u00e9s de una ley que establece que <strong>todos los tipos de productos deben ser recetados por un m\u00e9dico <\/strong>y aprobados por el organismo INFARMED. Solo se recurrir\u00e1 a estas terapias en el caso de que los dem\u00e1s tratamientos convencionales no den resultados. Suele prescribirse para tratamientos contra el dolor cr\u00f3nico, terapias oncol\u00f3gicas y trastornos de estr\u00e9s postraum\u00e1tico, entre otras dolencias.<\/p>\n\n\n\n<p>No es novedad que una multinacional pinte un precioso paisaje alrededor de los productos del cannabis. Es posible que la industria pueda traer magn\u00edficos ingresos a las arcas p\u00fablicas y llenar los bolsillos de los inversores. Sin embargo, no se apunta en ning\u00fan momento a cu\u00e1l ser\u00e1 el coste para los ciudadanos. Cu\u00e1l es la regulaci\u00f3n \u201cad hoc\u201d que exigen estos organismos y que en absoluto va a contemplar a los peque\u00f1os productores, a los consumidores o a las Asociaciones Cann\u00e1bicas. En la uni\u00f3n de estos actores sociales reside la \u00fanica oportunidad frente a cada vez m\u00e1s poderosas corporaciones.<\/p>\n","protected":false},"excerpt":{"rendered":"<span class=\"span-reading-time rt-reading-time\" style=\"display: block;\"><span class=\"rt-label rt-prefix\">Tiempo de lectura:<\/span> <span class=\"rt-time\"> 3<\/span> <span class=\"rt-label rt-postfix\">minutos<\/span><\/span>Benito D\u00edaz Portugal concedi\u00f3 el pasado agosto una licencia internacional para cultivar, importar y exportar la flor seca del cannabis psicoactivo. Est\u00e1n sujetos por un c\u00f3digo de buenas pr\u00e1cticas agr\u00edcolas y bajo supervisi\u00f3n de INFARMED, Autoridad Nacional de Medicamentos y Productos para la Salud, subsidiaria del Ministerio de Salud, que a\u00fan no ha entregado su [&hellip;]","protected":false},"author":3,"featured_media":6114,"comment_status":"closed","ping_status":"closed","sticky":false,"template":"","format":"standard","meta":{"loftocean-featured-post":"","loftocean_post_format_gallery":"","loftocean_post_format_gallery_ids":"","loftocean_post_format_gallery_urls":"","loftocean_post_format_video_id":"","loftocean_post_format_video_url":"","loftocean_post_format_video_type":"","loftocean_post_format_video":"","loftocean_post_format_audio_type":"","loftocean_post_format_audio_url":"","loftocean_post_format_audio_id":"","loftocean_post_format_audio":"","loftocean_post_format_quote_text":"","loftocean_post_format_quote_byline":"","loftocean_post_format_link_text":"","loftocean_post_format_link_url":"","ceramag_post_header_style":"","ceramag_enable_background_video":"","ceramag_show_in_top_slider":"","ceramag_post_background_video_start":"","ceramag_post_background_video_end":"","loftocean_page_background_video_id":"","loftocean_page_background_video_url":"","loftocean_page_background_video_type":"","loftocean_page_background_video":"","ceramag_background_video_start":"","ceramag_background_video_end":"","ceramag_single_page_hide_header":"","footnotes":""},"categories":[35],"tags":[41,52,588,726,1143],"class_list":["post-6113","post","type-post","status-publish","format-standard","has-post-thumbnail","hentry","category-politica-y-sociedad","tag-cannabis","tag-cannabis-medicinal","tag-industria-del-cannabis","tag-licencias-cannabis","tag-portugal"],"yoast_head":"<!-- This site is optimized with the Yoast SEO plugin v24.9 - https:\/\/yoast.com\/wordpress\/plugins\/seo\/ -->\n<title>Clever Leaves producir\u00e1 cannabis en Portugal<\/title>\n<meta name=\"description\" content=\"Entrada &#8226; Portal multimedia sobre cannabis y otras sustancias &#8226; 6 octubre, 2020\" \/>\n<meta name=\"robots\" content=\"index, follow, max-snippet:-1, max-image-preview:large, max-video-preview:-1\" \/>\n<link rel=\"canonical\" href=\"https:\/\/www.cannabis.es\/pw\/2020\/10\/06\/clever-leaves-producira-cannabis-en-portugal\/\" \/>\n<meta name=\"twitter:card\" content=\"summary_large_image\" \/>\n<meta name=\"twitter:title\" content=\"Clever Leaves producir\u00e1 cannabis en Portugal\" \/>\n<meta name=\"twitter:description\" content=\"Entrada &#8226; Portal multimedia sobre cannabis y otras sustancias &#8226; 6 octubre, 2020\" \/>\n<meta name=\"twitter:image\" content=\"https:\/\/www.cannabis.es\/pw\/wp-content\/uploads\/2020\/10\/clever-leaves-portugal.jpg\" \/>\n<meta name=\"twitter:creator\" content=\"@cannabis_es\" \/>\n<meta name=\"twitter:site\" content=\"@cannabis_es\" \/>\n<meta name=\"twitter:label1\" content=\"Escrito por\" \/>\n\t<meta name=\"twitter:data1\" content=\"Cannabis.es\" \/>\n\t<meta name=\"twitter:label2\" content=\"Tiempo de lectura\" \/>\n\t<meta name=\"twitter:data2\" content=\"5 minutos\" \/>\n<script type=\"application\/ld+json\" class=\"yoast-schema-graph\">{\"@context\":\"https:\/\/schema.org\",\"@graph\":[{\"@type\":\"Article\",\"@id\":\"https:\/\/www.cannabis.es\/pw\/2020\/10\/06\/clever-leaves-producira-cannabis-en-portugal\/#article\",\"isPartOf\":{\"@id\":\"https:\/\/www.cannabis.es\/pw\/2020\/10\/06\/clever-leaves-producira-cannabis-en-portugal\/\"},\"author\":{\"name\":\"Cannabis.es\",\"@id\":\"https:\/\/www.cannabis.es\/pw\/#\/schema\/person\/ec770c03f3e99d770687f537f4ba1e89\"},\"headline\":\"Clever Leaves producir\u00e1 cannabis en Portugal\",\"datePublished\":\"2020-10-06T10:50:57+00:00\",\"dateModified\":\"2020-10-06T10:51:34+00:00\",\"mainEntityOfPage\":{\"@id\":\"https:\/\/www.cannabis.es\/pw\/2020\/10\/06\/clever-leaves-producira-cannabis-en-portugal\/\"},\"wordCount\":951,\"publisher\":{\"@id\":\"https:\/\/www.cannabis.es\/pw\/#organization\"},\"image\":{\"@id\":\"https:\/\/www.cannabis.es\/pw\/2020\/10\/06\/clever-leaves-producira-cannabis-en-portugal\/#primaryimage\"},\"thumbnailUrl\":\"https:\/\/www.cannabis.es\/pw\/wp-content\/uploads\/2020\/10\/clever-leaves-portugal.jpg\",\"keywords\":[\"cannabis\",\"cannabis medicinal\",\"industria del cannabis\",\"licencias cannabis\",\"Portugal\"],\"articleSection\":[\"Pol\u00edtica y Sociedad\"],\"inLanguage\":\"es\"},{\"@type\":\"WebPage\",\"@id\":\"https:\/\/www.cannabis.es\/pw\/2020\/10\/06\/clever-leaves-producira-cannabis-en-portugal\/\",\"url\":\"https:\/\/www.cannabis.es\/pw\/2020\/10\/06\/clever-leaves-producira-cannabis-en-portugal\/\",\"name\":\"Clever Leaves producir\u00e1 cannabis en Portugal\",\"isPartOf\":{\"@id\":\"https:\/\/www.cannabis.es\/pw\/#website\"},\"primaryImageOfPage\":{\"@id\":\"https:\/\/www.cannabis.es\/pw\/2020\/10\/06\/clever-leaves-producira-cannabis-en-portugal\/#primaryimage\"},\"image\":{\"@id\":\"https:\/\/www.cannabis.es\/pw\/2020\/10\/06\/clever-leaves-producira-cannabis-en-portugal\/#primaryimage\"},\"thumbnailUrl\":\"https:\/\/www.cannabis.es\/pw\/wp-content\/uploads\/2020\/10\/clever-leaves-portugal.jpg\",\"datePublished\":\"2020-10-06T10:50:57+00:00\",\"dateModified\":\"2020-10-06T10:51:34+00:00\",\"description\":\"Entrada &#8226; Portal multimedia sobre cannabis y otras sustancias &#8226; 6 octubre, 2020\",\"breadcrumb\":{\"@id\":\"https:\/\/www.cannabis.es\/pw\/2020\/10\/06\/clever-leaves-producira-cannabis-en-portugal\/#breadcrumb\"},\"inLanguage\":\"es\",\"potentialAction\":[{\"@type\":\"ReadAction\",\"target\":[\"https:\/\/www.cannabis.es\/pw\/2020\/10\/06\/clever-leaves-producira-cannabis-en-portugal\/\"]}]},{\"@type\":\"ImageObject\",\"inLanguage\":\"es\",\"@id\":\"https:\/\/www.cannabis.es\/pw\/2020\/10\/06\/clever-leaves-producira-cannabis-en-portugal\/#primaryimage\",\"url\":\"https:\/\/www.cannabis.es\/pw\/wp-content\/uploads\/2020\/10\/clever-leaves-portugal.jpg\",\"contentUrl\":\"https:\/\/www.cannabis.es\/pw\/wp-content\/uploads\/2020\/10\/clever-leaves-portugal.jpg\",\"width\":804,\"height\":532},{\"@type\":\"BreadcrumbList\",\"@id\":\"https:\/\/www.cannabis.es\/pw\/2020\/10\/06\/clever-leaves-producira-cannabis-en-portugal\/#breadcrumb\",\"itemListElement\":[{\"@type\":\"ListItem\",\"position\":1,\"name\":\"Portada\",\"item\":\"http:\/\/www.cannabis.es\/pw\/\"},{\"@type\":\"ListItem\",\"position\":2,\"name\":\"Clever Leaves producir\u00e1 cannabis en Portugal\"}]},{\"@type\":\"WebSite\",\"@id\":\"https:\/\/www.cannabis.es\/pw\/#website\",\"url\":\"https:\/\/www.cannabis.es\/pw\/\",\"name\":\"Cannabis\",\"description\":\"Portal multimedia sobre cannabis y otras sustancias\",\"publisher\":{\"@id\":\"https:\/\/www.cannabis.es\/pw\/#organization\"},\"potentialAction\":[{\"@type\":\"SearchAction\",\"target\":{\"@type\":\"EntryPoint\",\"urlTemplate\":\"https:\/\/www.cannabis.es\/pw\/?s={search_term_string}\"},\"query-input\":{\"@type\":\"PropertyValueSpecification\",\"valueRequired\":true,\"valueName\":\"search_term_string\"}}],\"inLanguage\":\"es\"},{\"@type\":\"Organization\",\"@id\":\"https:\/\/www.cannabis.es\/pw\/#organization\",\"name\":\"Cannabis.es\",\"url\":\"https:\/\/www.cannabis.es\/pw\/\",\"logo\":{\"@type\":\"ImageObject\",\"inLanguage\":\"es\",\"@id\":\"https:\/\/www.cannabis.es\/pw\/#\/schema\/logo\/image\/\",\"url\":\"https:\/\/www.cannabis.es\/pw\/wp-content\/uploads\/2019\/04\/cropped-logo_cannabis.png\",\"contentUrl\":\"https:\/\/www.cannabis.es\/pw\/wp-content\/uploads\/2019\/04\/cropped-logo_cannabis.png\",\"width\":361,\"height\":120,\"caption\":\"Cannabis.es\"},\"image\":{\"@id\":\"https:\/\/www.cannabis.es\/pw\/#\/schema\/logo\/image\/\"},\"sameAs\":[\"https:\/\/x.com\/cannabis_es\"]},{\"@type\":\"Person\",\"@id\":\"https:\/\/www.cannabis.es\/pw\/#\/schema\/person\/ec770c03f3e99d770687f537f4ba1e89\",\"name\":\"Cannabis.es\",\"image\":{\"@type\":\"ImageObject\",\"inLanguage\":\"es\",\"@id\":\"https:\/\/www.cannabis.es\/pw\/#\/schema\/person\/image\/\",\"url\":\"https:\/\/secure.gravatar.com\/avatar\/810c93a3d6fadc3d9c2665b1d919a4aedea8ed4dd63689d001e985a804e90d83?s=96&d=mm&r=g\",\"contentUrl\":\"https:\/\/secure.gravatar.com\/avatar\/810c93a3d6fadc3d9c2665b1d919a4aedea8ed4dd63689d001e985a804e90d83?s=96&d=mm&r=g\",\"caption\":\"Cannabis.es\"},\"url\":\"https:\/\/www.cannabis.es\/pw\/author\/arnau\/\"}]}<\/script>\n<!-- \/ Yoast SEO plugin. -->","yoast_head_json":{"title":"Clever Leaves producir\u00e1 cannabis en Portugal","description":"Entrada &#8226; Portal multimedia sobre cannabis y otras sustancias &#8226; 6 octubre, 2020","robots":{"index":"index","follow":"follow","max-snippet":"max-snippet:-1","max-image-preview":"max-image-preview:large","max-video-preview":"max-video-preview:-1"},"canonical":"https:\/\/www.cannabis.es\/pw\/2020\/10\/06\/clever-leaves-producira-cannabis-en-portugal\/","twitter_card":"summary_large_image","twitter_title":"Clever Leaves producir\u00e1 cannabis en Portugal","twitter_description":"Entrada &#8226; Portal multimedia sobre cannabis y otras sustancias &#8226; 6 octubre, 2020","twitter_image":"https:\/\/www.cannabis.es\/pw\/wp-content\/uploads\/2020\/10\/clever-leaves-portugal.jpg","twitter_creator":"@cannabis_es","twitter_site":"@cannabis_es","twitter_misc":{"Escrito por":"Cannabis.es","Tiempo de lectura":"5 minutos"},"schema":{"@context":"https:\/\/schema.org","@graph":[{"@type":"Article","@id":"https:\/\/www.cannabis.es\/pw\/2020\/10\/06\/clever-leaves-producira-cannabis-en-portugal\/#article","isPartOf":{"@id":"https:\/\/www.cannabis.es\/pw\/2020\/10\/06\/clever-leaves-producira-cannabis-en-portugal\/"},"author":{"name":"Cannabis.es","@id":"https:\/\/www.cannabis.es\/pw\/#\/schema\/person\/ec770c03f3e99d770687f537f4ba1e89"},"headline":"Clever Leaves producir\u00e1 cannabis en Portugal","datePublished":"2020-10-06T10:50:57+00:00","dateModified":"2020-10-06T10:51:34+00:00","mainEntityOfPage":{"@id":"https:\/\/www.cannabis.es\/pw\/2020\/10\/06\/clever-leaves-producira-cannabis-en-portugal\/"},"wordCount":951,"publisher":{"@id":"https:\/\/www.cannabis.es\/pw\/#organization"},"image":{"@id":"https:\/\/www.cannabis.es\/pw\/2020\/10\/06\/clever-leaves-producira-cannabis-en-portugal\/#primaryimage"},"thumbnailUrl":"https:\/\/www.cannabis.es\/pw\/wp-content\/uploads\/2020\/10\/clever-leaves-portugal.jpg","keywords":["cannabis","cannabis medicinal","industria del cannabis","licencias cannabis","Portugal"],"articleSection":["Pol\u00edtica y Sociedad"],"inLanguage":"es"},{"@type":"WebPage","@id":"https:\/\/www.cannabis.es\/pw\/2020\/10\/06\/clever-leaves-producira-cannabis-en-portugal\/","url":"https:\/\/www.cannabis.es\/pw\/2020\/10\/06\/clever-leaves-producira-cannabis-en-portugal\/","name":"Clever Leaves producir\u00e1 cannabis en Portugal","isPartOf":{"@id":"https:\/\/www.cannabis.es\/pw\/#website"},"primaryImageOfPage":{"@id":"https:\/\/www.cannabis.es\/pw\/2020\/10\/06\/clever-leaves-producira-cannabis-en-portugal\/#primaryimage"},"image":{"@id":"https:\/\/www.cannabis.es\/pw\/2020\/10\/06\/clever-leaves-producira-cannabis-en-portugal\/#primaryimage"},"thumbnailUrl":"https:\/\/www.cannabis.es\/pw\/wp-content\/uploads\/2020\/10\/clever-leaves-portugal.jpg","datePublished":"2020-10-06T10:50:57+00:00","dateModified":"2020-10-06T10:51:34+00:00","description":"Entrada &#8226; Portal multimedia sobre cannabis y otras sustancias &#8226; 6 octubre, 2020","breadcrumb":{"@id":"https:\/\/www.cannabis.es\/pw\/2020\/10\/06\/clever-leaves-producira-cannabis-en-portugal\/#breadcrumb"},"inLanguage":"es","potentialAction":[{"@type":"ReadAction","target":["https:\/\/www.cannabis.es\/pw\/2020\/10\/06\/clever-leaves-producira-cannabis-en-portugal\/"]}]},{"@type":"ImageObject","inLanguage":"es","@id":"https:\/\/www.cannabis.es\/pw\/2020\/10\/06\/clever-leaves-producira-cannabis-en-portugal\/#primaryimage","url":"https:\/\/www.cannabis.es\/pw\/wp-content\/uploads\/2020\/10\/clever-leaves-portugal.jpg","contentUrl":"https:\/\/www.cannabis.es\/pw\/wp-content\/uploads\/2020\/10\/clever-leaves-portugal.jpg","width":804,"height":532},{"@type":"BreadcrumbList","@id":"https:\/\/www.cannabis.es\/pw\/2020\/10\/06\/clever-leaves-producira-cannabis-en-portugal\/#breadcrumb","itemListElement":[{"@type":"ListItem","position":1,"name":"Portada","item":"http:\/\/www.cannabis.es\/pw\/"},{"@type":"ListItem","position":2,"name":"Clever Leaves producir\u00e1 cannabis en Portugal"}]},{"@type":"WebSite","@id":"https:\/\/www.cannabis.es\/pw\/#website","url":"https:\/\/www.cannabis.es\/pw\/","name":"Cannabis","description":"Portal multimedia sobre cannabis y otras sustancias","publisher":{"@id":"https:\/\/www.cannabis.es\/pw\/#organization"},"potentialAction":[{"@type":"SearchAction","target":{"@type":"EntryPoint","urlTemplate":"https:\/\/www.cannabis.es\/pw\/?s={search_term_string}"},"query-input":{"@type":"PropertyValueSpecification","valueRequired":true,"valueName":"search_term_string"}}],"inLanguage":"es"},{"@type":"Organization","@id":"https:\/\/www.cannabis.es\/pw\/#organization","name":"Cannabis.es","url":"https:\/\/www.cannabis.es\/pw\/","logo":{"@type":"ImageObject","inLanguage":"es","@id":"https:\/\/www.cannabis.es\/pw\/#\/schema\/logo\/image\/","url":"https:\/\/www.cannabis.es\/pw\/wp-content\/uploads\/2019\/04\/cropped-logo_cannabis.png","contentUrl":"https:\/\/www.cannabis.es\/pw\/wp-content\/uploads\/2019\/04\/cropped-logo_cannabis.png","width":361,"height":120,"caption":"Cannabis.es"},"image":{"@id":"https:\/\/www.cannabis.es\/pw\/#\/schema\/logo\/image\/"},"sameAs":["https:\/\/x.com\/cannabis_es"]},{"@type":"Person","@id":"https:\/\/www.cannabis.es\/pw\/#\/schema\/person\/ec770c03f3e99d770687f537f4ba1e89","name":"Cannabis.es","image":{"@type":"ImageObject","inLanguage":"es","@id":"https:\/\/www.cannabis.es\/pw\/#\/schema\/person\/image\/","url":"https:\/\/secure.gravatar.com\/avatar\/810c93a3d6fadc3d9c2665b1d919a4aedea8ed4dd63689d001e985a804e90d83?s=96&d=mm&r=g","contentUrl":"https:\/\/secure.gravatar.com\/avatar\/810c93a3d6fadc3d9c2665b1d919a4aedea8ed4dd63689d001e985a804e90d83?s=96&d=mm&r=g","caption":"Cannabis.es"},"url":"https:\/\/www.cannabis.es\/pw\/author\/arnau\/"}]}},"_links":{"self":[{"href":"https:\/\/www.cannabis.es\/pw\/wp-json\/wp\/v2\/posts\/6113","targetHints":{"allow":["GET"]}}],"collection":[{"href":"https:\/\/www.cannabis.es\/pw\/wp-json\/wp\/v2\/posts"}],"about":[{"href":"https:\/\/www.cannabis.es\/pw\/wp-json\/wp\/v2\/types\/post"}],"author":[{"embeddable":true,"href":"https:\/\/www.cannabis.es\/pw\/wp-json\/wp\/v2\/users\/3"}],"replies":[{"embeddable":true,"href":"https:\/\/www.cannabis.es\/pw\/wp-json\/wp\/v2\/comments?post=6113"}],"version-history":[{"count":1,"href":"https:\/\/www.cannabis.es\/pw\/wp-json\/wp\/v2\/posts\/6113\/revisions"}],"predecessor-version":[{"id":6115,"href":"https:\/\/www.cannabis.es\/pw\/wp-json\/wp\/v2\/posts\/6113\/revisions\/6115"}],"wp:featuredmedia":[{"embeddable":true,"href":"https:\/\/www.cannabis.es\/pw\/wp-json\/wp\/v2\/media\/6114"}],"wp:attachment":[{"href":"https:\/\/www.cannabis.es\/pw\/wp-json\/wp\/v2\/media?parent=6113"}],"wp:term":[{"taxonomy":"category","embeddable":true,"href":"https:\/\/www.cannabis.es\/pw\/wp-json\/wp\/v2\/categories?post=6113"},{"taxonomy":"post_tag","embeddable":true,"href":"https:\/\/www.cannabis.es\/pw\/wp-json\/wp\/v2\/tags?post=6113"}],"curies":[{"name":"wp","href":"https:\/\/api.w.org\/{rel}","templated":true}]}}