{"id":6241,"date":"2020-11-03T13:12:14","date_gmt":"2020-11-03T12:12:14","guid":{"rendered":"https:\/\/www.cannabis.es\/pw\/?p=6241"},"modified":"2020-11-03T14:45:27","modified_gmt":"2020-11-03T13:45:27","slug":"tercer-juicio-a-cerdas-en-costa-rica-para-retirar-la-absolucion-al-autocultivo","status":"publish","type":"post","link":"https:\/\/www.cannabis.es\/pw\/2020\/11\/03\/tercer-juicio-a-cerdas-en-costa-rica-para-retirar-la-absolucion-al-autocultivo\/","title":{"rendered":"Tercer juicio a Cerd\u00e1s en Costa Rica para retirar la absoluci\u00f3n al autocultivo"},"content":{"rendered":"\n<p>Arnau Alcaide<br><br>Tras un a\u00f1o de prisi\u00f3n preventiva pendiente de juicio, el abogado costarricense Mario Cerd\u00e1s se enfrenta a su tercera causa por autocultivo. Pese a que en las dos ocasiones anteriores ha obtenido una absoluci\u00f3n (2016) y un sobreseimiento (2018) al no poder probarse el delito de tr\u00e1fico de drogas que se le trataba de imputar, esta vez se le acusa de \u201csuministro\u201d con el respaldo de una investigaci\u00f3n policial.<br><\/p>\n\n\n\n<figure class=\"wp-block-image size-large\"><img loading=\"lazy\" decoding=\"async\" width=\"804\" height=\"532\" src=\"https:\/\/www.cannabis.es\/pw\/wp-content\/uploads\/2020\/11\/Portada_MA_SALAZAR.jpg\" alt=\"\" class=\"wp-image-6243\" srcset=\"https:\/\/www.cannabis.es\/pw\/wp-content\/uploads\/2020\/11\/Portada_MA_SALAZAR.jpg 804w, https:\/\/www.cannabis.es\/pw\/wp-content\/uploads\/2020\/11\/Portada_MA_SALAZAR-300x199.jpg 300w, https:\/\/www.cannabis.es\/pw\/wp-content\/uploads\/2020\/11\/Portada_MA_SALAZAR-768x508.jpg 768w, https:\/\/www.cannabis.es\/pw\/wp-content\/uploads\/2020\/11\/Portada_MA_SALAZAR-600x397.jpg 600w\" sizes=\"auto, (max-width: 804px) 100vw, 804px\" \/><figcaption>A la izquierda, Mario Cerd\u00e1s, el abogado acusado.<\/figcaption><\/figure>\n\n\n\n<p>Su juicio sent\u00f3 el precedente en Costa Rica de que no se puede penar el autoconsumo y por ende autocultivo de cannabis cuando no se pruebe su tr\u00e1fico. Cerd\u00e1s aleg\u00f3 a Medical Cannabis News que desde el poder judicial consideran que \u201csi se permit\u00eda el antecedente\u201d suyo \u201centonces ellos [el poder judicial] iban a perder la acci\u00f3n penal en contra del cultivo de la planta de cannabis\u201d.<br><br>La apertura de su tercera causa este 26 de octubre, causas que se cuentan por la mitad que los allanamientos, est\u00e1 pues fundamentada en un fin, no en un delito. Una suerte de prevaricaci\u00f3n judicial que busca facilidades para seguir castigando con la c\u00e1rcel el cultivo de cannabis.<\/p>\n\n\n\n<figure class=\"wp-block-image size-large\"><img loading=\"lazy\" decoding=\"async\" width=\"582\" height=\"778\" src=\"https:\/\/www.cannabis.es\/pw\/wp-content\/uploads\/2020\/11\/MA_SALAZAR_01.jpg\" alt=\"\" class=\"wp-image-6247\" srcset=\"https:\/\/www.cannabis.es\/pw\/wp-content\/uploads\/2020\/11\/MA_SALAZAR_01.jpg 582w, https:\/\/www.cannabis.es\/pw\/wp-content\/uploads\/2020\/11\/MA_SALAZAR_01-224x300.jpg 224w\" sizes=\"auto, (max-width: 582px) 100vw, 582px\" \/><\/figure>\n\n\n\n<p>La pasada absoluci\u00f3n de Cerd\u00e1s, interpretan desde la justicia, suelta la presi\u00f3n sobre el tr\u00e1fico, para lo que est\u00e1n dispuestos a procesar al autocultivador una tercera vez y conseguir una sentencia modelo que permita castigar el cultivo sin interferencia de los derechos con los que se hab\u00eda fallado a favor del abogado.<br><\/p>\n\n\n\n<figure class=\"wp-block-image size-large\"><img loading=\"lazy\" decoding=\"async\" width=\"582\" height=\"778\" src=\"https:\/\/www.cannabis.es\/pw\/wp-content\/uploads\/2020\/11\/MA_SALAZAR_02.jpg\" alt=\"\" class=\"wp-image-6246\" srcset=\"https:\/\/www.cannabis.es\/pw\/wp-content\/uploads\/2020\/11\/MA_SALAZAR_02.jpg 582w, https:\/\/www.cannabis.es\/pw\/wp-content\/uploads\/2020\/11\/MA_SALAZAR_02-224x300.jpg 224w\" sizes=\"auto, (max-width: 582px) 100vw, 582px\" \/><\/figure>\n\n\n\n<p>Recordemos que la posesi\u00f3n y el autocultivo son inherentes al autoconsumo y por lo tanto est\u00e1n libres de delito en el marco de los derechos y libertades personales, sin afecci\u00f3n a terceros. Adem\u00e1s, cuando el consumo es medicinal, se ejerce el derecho de acceso a la salud con el cultivo, pues es la forma de abastecerse de una medicina en su forma herbal o tradicional. Este derecho es de obligada garant\u00eda por los estados, como bien han reconocido fallos judiciales en pa\u00edses como Argentina, o M\u00e9xico, que han obligado a su provisi\u00f3n por el sistema sanitario o la regulaci\u00f3n de sus v\u00edas de acceso, respectivamente.<br><\/p>\n\n\n\n<figure class=\"wp-block-image size-large\"><img loading=\"lazy\" decoding=\"async\" width=\"582\" height=\"778\" src=\"https:\/\/www.cannabis.es\/pw\/wp-content\/uploads\/2020\/11\/MA_SALAZAR_03.jpg\" alt=\"\" class=\"wp-image-6248\" srcset=\"https:\/\/www.cannabis.es\/pw\/wp-content\/uploads\/2020\/11\/MA_SALAZAR_03.jpg 582w, https:\/\/www.cannabis.es\/pw\/wp-content\/uploads\/2020\/11\/MA_SALAZAR_03-224x300.jpg 224w\" sizes=\"auto, (max-width: 582px) 100vw, 582px\" \/><\/figure>\n\n\n\n<p>La acusaci\u00f3n no ha aportado pruebas de compras por parte de personas investigadas del c\u00edrculo del acusado ni ventas de este, pero esto s\u00ed se difundi\u00f3 en los medios al inicio del caso, lo que neg\u00f3 a Cerd\u00e1s el favor de parte de la opini\u00f3n p\u00fablica. <strong>En el primer d\u00eda del juicio, el pasado 26 de octubre, el juez desestim\u00f3 que se produjese \u201cventa\u201d alguna. Algo que cuestiona la motivaci\u00f3n de un juicio<\/strong> para el que adem\u00e1s se ha privado de libertad a Cerd\u00e1s durante un a\u00f1o, mientras daba comienzo.<\/p>\n\n\n\n<figure class=\"wp-block-image size-large\"><img loading=\"lazy\" decoding=\"async\" width=\"582\" height=\"778\" src=\"https:\/\/www.cannabis.es\/pw\/wp-content\/uploads\/2020\/11\/MA_SALAZAR_05.jpg\" alt=\"\" class=\"wp-image-6249\" srcset=\"https:\/\/www.cannabis.es\/pw\/wp-content\/uploads\/2020\/11\/MA_SALAZAR_05.jpg 582w, https:\/\/www.cannabis.es\/pw\/wp-content\/uploads\/2020\/11\/MA_SALAZAR_05-224x300.jpg 224w\" sizes=\"auto, (max-width: 582px) 100vw, 582px\" \/><\/figure>\n\n\n\n<p>La polic\u00eda incaut\u00f3 peque\u00f1as cantidades a gente que sal\u00eda de su casa y, cuando hace m\u00e1s de un a\u00f1o se produjo el arresto, se difundi\u00f3 que Cerd\u00e1s les habr\u00eda vendido a 11 de esas personas. No obstante, la acusaci\u00f3n no se atrevi\u00f3 a presentar una causa por tr\u00e1fico de drogas, como las dos anteriores, y trat\u00f3 de presentarla en forma de suministro de una sustancia il\u00edcita. Tengamos en cuenta que para tratar de probarlo contaron con un infiltrado con c\u00e1mara oculta que requiri\u00f3 servicios medicinales para una ficticia familiar anciana.<\/p>\n\n\n\n<figure class=\"wp-block-image size-large\"><img loading=\"lazy\" decoding=\"async\" width=\"960\" height=\"960\" src=\"https:\/\/www.cannabis.es\/pw\/wp-content\/uploads\/2020\/11\/MA_SALAZAR_09.jpg\" alt=\"\" class=\"wp-image-6253\" srcset=\"https:\/\/www.cannabis.es\/pw\/wp-content\/uploads\/2020\/11\/MA_SALAZAR_09.jpg 960w, https:\/\/www.cannabis.es\/pw\/wp-content\/uploads\/2020\/11\/MA_SALAZAR_09-300x300.jpg 300w, https:\/\/www.cannabis.es\/pw\/wp-content\/uploads\/2020\/11\/MA_SALAZAR_09-150x150.jpg 150w, https:\/\/www.cannabis.es\/pw\/wp-content\/uploads\/2020\/11\/MA_SALAZAR_09-768x768.jpg 768w, https:\/\/www.cannabis.es\/pw\/wp-content\/uploads\/2020\/11\/MA_SALAZAR_09-600x600.jpg 600w\" sizes=\"auto, (max-width: 960px) 100vw, 960px\" \/><\/figure>\n\n\n\n<p>Seg\u00fan la acusaci\u00f3n, que Cerd\u00e1s regalase esas peque\u00f1as cantidades de cannabis a pacientes que le visitaban, se considera suministro de una sustancia ilegal y por lo tanto atentar\u00eda contra el bien jur\u00eddico protegido Salud P\u00fablica, aunque no pudiese considerarse tr\u00e1fico. Algo con lo que el abogado ha llegado a bromear por ser el primer juzgado por regalar flores. Para su defensa ser\u00e1 clave probar que esas personas eran, efectivamente, pacientes, y por lo tanto se afectaba positivamente, sin ning\u00fan perjuicio, al bien jur\u00eddico.<br><br>Algunos contactos de Cerd\u00e1s tambi\u00e9n han sido investigados, pero no se ha pedido en la acusaci\u00f3n ning\u00fan delito de Organizaci\u00f3n Criminal, por lo que todos los esfuerzos de fiscal\u00eda se centrar\u00e1n en la afectaci\u00f3n a la Salud P\u00fablica. Unos delitos en ausencia de tr\u00e1fico que nos suenan en Espa\u00f1a para el movimiento asociado o las empresas del sector. Cerd\u00e1s se considera un cultivador por \u201cconciencia\u201d, porque cree en los beneficios de la planta, que no comete ning\u00fan delito.<br><br>El director de la polic\u00eda judicial responsable de la comunicaci\u00f3n p\u00fablica del caso tiene una publicaci\u00f3n acad\u00e9mica de su propio pu\u00f1o y letra que reconoce que, en ausencia de tr\u00e1fico, el cultivo de cannabis para fines de consumo personal no es un delito en Costa Rica. Cerd\u00e1s, asegura \u00e9l mismo en declaraciones a la prensa nacional, ha pasado el coronavirus como el resto de su c\u00e1rcel, ante la ausencia de medidas preventivas suficientes.<\/p>\n\n\n\n<figure class=\"wp-block-gallery columns-3 is-cropped wp-block-gallery-1 is-layout-flex wp-block-gallery-is-layout-flex\"><ul class=\"blocks-gallery-grid\"><li class=\"blocks-gallery-item\"><figure><img loading=\"lazy\" decoding=\"async\" width=\"582\" height=\"778\" src=\"https:\/\/www.cannabis.es\/pw\/wp-content\/uploads\/2020\/11\/MA_SALAZAR_04.jpg\" alt=\"\" data-id=\"6254\" data-full-url=\"https:\/\/www.cannabis.es\/pw\/wp-content\/uploads\/2020\/11\/MA_SALAZAR_04.jpg\" data-link=\"https:\/\/www.cannabis.es\/pw\/2020\/11\/03\/tercer-juicio-a-cerdas-en-costa-rica-para-retirar-la-absolucion-al-autocultivo\/ma_salazar_04\/\" class=\"wp-image-6254\" srcset=\"https:\/\/www.cannabis.es\/pw\/wp-content\/uploads\/2020\/11\/MA_SALAZAR_04.jpg 582w, https:\/\/www.cannabis.es\/pw\/wp-content\/uploads\/2020\/11\/MA_SALAZAR_04-224x300.jpg 224w\" sizes=\"auto, (max-width: 582px) 100vw, 582px\" \/><\/figure><\/li><li class=\"blocks-gallery-item\"><figure><img loading=\"lazy\" decoding=\"async\" width=\"960\" height=\"960\" src=\"https:\/\/www.cannabis.es\/pw\/wp-content\/uploads\/2020\/11\/MA_SALAZAR_08.jpg\" alt=\"\" data-id=\"6252\" data-full-url=\"https:\/\/www.cannabis.es\/pw\/wp-content\/uploads\/2020\/11\/MA_SALAZAR_08.jpg\" data-link=\"https:\/\/www.cannabis.es\/pw\/2020\/11\/03\/tercer-juicio-a-cerdas-en-costa-rica-para-retirar-la-absolucion-al-autocultivo\/ma_salazar_08\/\" class=\"wp-image-6252\" srcset=\"https:\/\/www.cannabis.es\/pw\/wp-content\/uploads\/2020\/11\/MA_SALAZAR_08.jpg 960w, https:\/\/www.cannabis.es\/pw\/wp-content\/uploads\/2020\/11\/MA_SALAZAR_08-300x300.jpg 300w, https:\/\/www.cannabis.es\/pw\/wp-content\/uploads\/2020\/11\/MA_SALAZAR_08-150x150.jpg 150w, https:\/\/www.cannabis.es\/pw\/wp-content\/uploads\/2020\/11\/MA_SALAZAR_08-768x768.jpg 768w, https:\/\/www.cannabis.es\/pw\/wp-content\/uploads\/2020\/11\/MA_SALAZAR_08-600x600.jpg 600w\" sizes=\"auto, (max-width: 960px) 100vw, 960px\" \/><\/figure><\/li><li class=\"blocks-gallery-item\"><figure><img loading=\"lazy\" decoding=\"async\" width=\"582\" height=\"778\" src=\"https:\/\/www.cannabis.es\/pw\/wp-content\/uploads\/2020\/11\/MA_SALAZAR_06.jpg\" alt=\"\" data-id=\"6250\" data-full-url=\"https:\/\/www.cannabis.es\/pw\/wp-content\/uploads\/2020\/11\/MA_SALAZAR_06.jpg\" data-link=\"https:\/\/www.cannabis.es\/pw\/2020\/11\/03\/tercer-juicio-a-cerdas-en-costa-rica-para-retirar-la-absolucion-al-autocultivo\/ma_salazar_06\/\" class=\"wp-image-6250\" srcset=\"https:\/\/www.cannabis.es\/pw\/wp-content\/uploads\/2020\/11\/MA_SALAZAR_06.jpg 582w, https:\/\/www.cannabis.es\/pw\/wp-content\/uploads\/2020\/11\/MA_SALAZAR_06-224x300.jpg 224w\" sizes=\"auto, (max-width: 582px) 100vw, 582px\" \/><\/figure><\/li><\/ul><\/figure>\n","protected":false},"excerpt":{"rendered":"<span class=\"span-reading-time rt-reading-time\" style=\"display: block;\"><span class=\"rt-label rt-prefix\">Tiempo de lectura:<\/span> <span class=\"rt-time\"> 3<\/span> <span class=\"rt-label rt-postfix\">minutos<\/span><\/span>Arnau AlcaideTras un a\u00f1o de prisi\u00f3n preventiva pendiente de juicio, el abogado costarricense Mario Cerd\u00e1s se enfrenta a su tercera causa por autocultivo. Pese a que en las dos ocasiones anteriores ha obtenido una absoluci\u00f3n (2016) y un sobreseimiento (2018) al no poder probarse el delito de tr\u00e1fico de drogas que se le trataba de [&hellip;]","protected":false},"author":3,"featured_media":6243,"comment_status":"closed","ping_status":"closed","sticky":false,"template":"","format":"standard","meta":{"loftocean-featured-post":"","loftocean_post_format_gallery":"","loftocean_post_format_gallery_ids":"","loftocean_post_format_gallery_urls":"","loftocean_post_format_video_id":"","loftocean_post_format_video_url":"","loftocean_post_format_video_type":"","loftocean_post_format_video":"","loftocean_post_format_audio_type":"","loftocean_post_format_audio_url":"","loftocean_post_format_audio_id":"","loftocean_post_format_audio":"","loftocean_post_format_quote_text":"","loftocean_post_format_quote_byline":"","loftocean_post_format_link_text":"","loftocean_post_format_link_url":"","ceramag_post_header_style":"","ceramag_enable_background_video":"","ceramag_show_in_top_slider":"","ceramag_post_background_video_start":"","ceramag_post_background_video_end":"","loftocean_page_background_video_id":"","loftocean_page_background_video_url":"","loftocean_page_background_video_type":"","loftocean_page_background_video":"","ceramag_background_video_start":"","ceramag_background_video_end":"","ceramag_single_page_hide_header":"","footnotes":""},"categories":[35],"tags":[66,41,467,1461,664,634],"class_list":["post-6241","post","type-post","status-publish","format-standard","has-post-thumbnail","hentry","category-politica-y-sociedad","tag-autocultivo","tag-cannabis","tag-costa-rica","tag-derechos-fundamentales","tag-derechos-humanos","tag-justicia"],"yoast_head":"<!-- This site is optimized with the Yoast SEO plugin v24.9 - https:\/\/yoast.com\/wordpress\/plugins\/seo\/ -->\n<title>Tercer juicio a Cerd\u00e1s en Costa Rica para retirar la absoluci\u00f3n al autocultivo<\/title>\n<meta name=\"description\" content=\"Entrada &#8226; Portal multimedia sobre cannabis y otras sustancias &#8226; 3 noviembre, 2020\" \/>\n<meta name=\"robots\" content=\"index, follow, max-snippet:-1, max-image-preview:large, max-video-preview:-1\" \/>\n<link rel=\"canonical\" href=\"https:\/\/www.cannabis.es\/pw\/2020\/11\/03\/tercer-juicio-a-cerdas-en-costa-rica-para-retirar-la-absolucion-al-autocultivo\/\" \/>\n<meta name=\"twitter:card\" content=\"summary_large_image\" \/>\n<meta name=\"twitter:title\" content=\"Tercer juicio a Cerd\u00e1s en Costa Rica para retirar la absoluci\u00f3n al autocultivo\" \/>\n<meta name=\"twitter:description\" content=\"Entrada &#8226; Portal multimedia sobre cannabis y otras sustancias &#8226; 3 noviembre, 2020\" \/>\n<meta name=\"twitter:image\" content=\"https:\/\/www.cannabis.es\/pw\/wp-content\/uploads\/2020\/11\/Portada_MA_SALAZAR.jpg\" \/>\n<meta name=\"twitter:creator\" content=\"@cannabis_es\" \/>\n<meta name=\"twitter:site\" content=\"@cannabis_es\" \/>\n<meta name=\"twitter:label1\" content=\"Escrito por\" \/>\n\t<meta name=\"twitter:data1\" content=\"Cannabis.es\" \/>\n\t<meta name=\"twitter:label2\" content=\"Tiempo de lectura\" \/>\n\t<meta name=\"twitter:data2\" content=\"4 minutos\" \/>\n<script type=\"application\/ld+json\" class=\"yoast-schema-graph\">{\"@context\":\"https:\/\/schema.org\",\"@graph\":[{\"@type\":\"Article\",\"@id\":\"https:\/\/www.cannabis.es\/pw\/2020\/11\/03\/tercer-juicio-a-cerdas-en-costa-rica-para-retirar-la-absolucion-al-autocultivo\/#article\",\"isPartOf\":{\"@id\":\"https:\/\/www.cannabis.es\/pw\/2020\/11\/03\/tercer-juicio-a-cerdas-en-costa-rica-para-retirar-la-absolucion-al-autocultivo\/\"},\"author\":{\"name\":\"Cannabis.es\",\"@id\":\"https:\/\/www.cannabis.es\/pw\/#\/schema\/person\/ec770c03f3e99d770687f537f4ba1e89\"},\"headline\":\"Tercer juicio a Cerd\u00e1s en Costa Rica para retirar la absoluci\u00f3n al autocultivo\",\"datePublished\":\"2020-11-03T12:12:14+00:00\",\"dateModified\":\"2020-11-03T13:45:27+00:00\",\"mainEntityOfPage\":{\"@id\":\"https:\/\/www.cannabis.es\/pw\/2020\/11\/03\/tercer-juicio-a-cerdas-en-costa-rica-para-retirar-la-absolucion-al-autocultivo\/\"},\"wordCount\":857,\"publisher\":{\"@id\":\"https:\/\/www.cannabis.es\/pw\/#organization\"},\"image\":{\"@id\":\"https:\/\/www.cannabis.es\/pw\/2020\/11\/03\/tercer-juicio-a-cerdas-en-costa-rica-para-retirar-la-absolucion-al-autocultivo\/#primaryimage\"},\"thumbnailUrl\":\"https:\/\/www.cannabis.es\/pw\/wp-content\/uploads\/2020\/11\/Portada_MA_SALAZAR.jpg\",\"keywords\":[\"autocultivo\",\"cannabis\",\"Costa Rica\",\"derechos fundamentales\",\"derechos humanos\",\"justicia\"],\"articleSection\":[\"Pol\u00edtica y Sociedad\"],\"inLanguage\":\"es\"},{\"@type\":\"WebPage\",\"@id\":\"https:\/\/www.cannabis.es\/pw\/2020\/11\/03\/tercer-juicio-a-cerdas-en-costa-rica-para-retirar-la-absolucion-al-autocultivo\/\",\"url\":\"https:\/\/www.cannabis.es\/pw\/2020\/11\/03\/tercer-juicio-a-cerdas-en-costa-rica-para-retirar-la-absolucion-al-autocultivo\/\",\"name\":\"Tercer juicio a Cerd\u00e1s en Costa Rica para retirar la absoluci\u00f3n al autocultivo\",\"isPartOf\":{\"@id\":\"https:\/\/www.cannabis.es\/pw\/#website\"},\"primaryImageOfPage\":{\"@id\":\"https:\/\/www.cannabis.es\/pw\/2020\/11\/03\/tercer-juicio-a-cerdas-en-costa-rica-para-retirar-la-absolucion-al-autocultivo\/#primaryimage\"},\"image\":{\"@id\":\"https:\/\/www.cannabis.es\/pw\/2020\/11\/03\/tercer-juicio-a-cerdas-en-costa-rica-para-retirar-la-absolucion-al-autocultivo\/#primaryimage\"},\"thumbnailUrl\":\"https:\/\/www.cannabis.es\/pw\/wp-content\/uploads\/2020\/11\/Portada_MA_SALAZAR.jpg\",\"datePublished\":\"2020-11-03T12:12:14+00:00\",\"dateModified\":\"2020-11-03T13:45:27+00:00\",\"description\":\"Entrada &#8226; Portal multimedia sobre cannabis y otras sustancias &#8226; 3 noviembre, 2020\",\"breadcrumb\":{\"@id\":\"https:\/\/www.cannabis.es\/pw\/2020\/11\/03\/tercer-juicio-a-cerdas-en-costa-rica-para-retirar-la-absolucion-al-autocultivo\/#breadcrumb\"},\"inLanguage\":\"es\",\"potentialAction\":[{\"@type\":\"ReadAction\",\"target\":[\"https:\/\/www.cannabis.es\/pw\/2020\/11\/03\/tercer-juicio-a-cerdas-en-costa-rica-para-retirar-la-absolucion-al-autocultivo\/\"]}]},{\"@type\":\"ImageObject\",\"inLanguage\":\"es\",\"@id\":\"https:\/\/www.cannabis.es\/pw\/2020\/11\/03\/tercer-juicio-a-cerdas-en-costa-rica-para-retirar-la-absolucion-al-autocultivo\/#primaryimage\",\"url\":\"https:\/\/www.cannabis.es\/pw\/wp-content\/uploads\/2020\/11\/Portada_MA_SALAZAR.jpg\",\"contentUrl\":\"https:\/\/www.cannabis.es\/pw\/wp-content\/uploads\/2020\/11\/Portada_MA_SALAZAR.jpg\",\"width\":804,\"height\":532},{\"@type\":\"BreadcrumbList\",\"@id\":\"https:\/\/www.cannabis.es\/pw\/2020\/11\/03\/tercer-juicio-a-cerdas-en-costa-rica-para-retirar-la-absolucion-al-autocultivo\/#breadcrumb\",\"itemListElement\":[{\"@type\":\"ListItem\",\"position\":1,\"name\":\"Portada\",\"item\":\"http:\/\/www.cannabis.es\/pw\/\"},{\"@type\":\"ListItem\",\"position\":2,\"name\":\"Tercer juicio a Cerd\u00e1s en Costa Rica para retirar la absoluci\u00f3n al autocultivo\"}]},{\"@type\":\"WebSite\",\"@id\":\"https:\/\/www.cannabis.es\/pw\/#website\",\"url\":\"https:\/\/www.cannabis.es\/pw\/\",\"name\":\"Cannabis\",\"description\":\"Portal multimedia sobre cannabis y otras sustancias\",\"publisher\":{\"@id\":\"https:\/\/www.cannabis.es\/pw\/#organization\"},\"potentialAction\":[{\"@type\":\"SearchAction\",\"target\":{\"@type\":\"EntryPoint\",\"urlTemplate\":\"https:\/\/www.cannabis.es\/pw\/?s={search_term_string}\"},\"query-input\":{\"@type\":\"PropertyValueSpecification\",\"valueRequired\":true,\"valueName\":\"search_term_string\"}}],\"inLanguage\":\"es\"},{\"@type\":\"Organization\",\"@id\":\"https:\/\/www.cannabis.es\/pw\/#organization\",\"name\":\"Cannabis.es\",\"url\":\"https:\/\/www.cannabis.es\/pw\/\",\"logo\":{\"@type\":\"ImageObject\",\"inLanguage\":\"es\",\"@id\":\"https:\/\/www.cannabis.es\/pw\/#\/schema\/logo\/image\/\",\"url\":\"https:\/\/www.cannabis.es\/pw\/wp-content\/uploads\/2019\/04\/cropped-logo_cannabis.png\",\"contentUrl\":\"https:\/\/www.cannabis.es\/pw\/wp-content\/uploads\/2019\/04\/cropped-logo_cannabis.png\",\"width\":361,\"height\":120,\"caption\":\"Cannabis.es\"},\"image\":{\"@id\":\"https:\/\/www.cannabis.es\/pw\/#\/schema\/logo\/image\/\"},\"sameAs\":[\"https:\/\/x.com\/cannabis_es\"]},{\"@type\":\"Person\",\"@id\":\"https:\/\/www.cannabis.es\/pw\/#\/schema\/person\/ec770c03f3e99d770687f537f4ba1e89\",\"name\":\"Cannabis.es\",\"image\":{\"@type\":\"ImageObject\",\"inLanguage\":\"es\",\"@id\":\"https:\/\/www.cannabis.es\/pw\/#\/schema\/person\/image\/\",\"url\":\"https:\/\/secure.gravatar.com\/avatar\/810c93a3d6fadc3d9c2665b1d919a4aedea8ed4dd63689d001e985a804e90d83?s=96&d=mm&r=g\",\"contentUrl\":\"https:\/\/secure.gravatar.com\/avatar\/810c93a3d6fadc3d9c2665b1d919a4aedea8ed4dd63689d001e985a804e90d83?s=96&d=mm&r=g\",\"caption\":\"Cannabis.es\"},\"url\":\"https:\/\/www.cannabis.es\/pw\/author\/arnau\/\"}]}<\/script>\n<!-- \/ Yoast SEO plugin. -->","yoast_head_json":{"title":"Tercer juicio a Cerd\u00e1s en Costa Rica para retirar la absoluci\u00f3n al autocultivo","description":"Entrada &#8226; Portal multimedia sobre cannabis y otras sustancias &#8226; 3 noviembre, 2020","robots":{"index":"index","follow":"follow","max-snippet":"max-snippet:-1","max-image-preview":"max-image-preview:large","max-video-preview":"max-video-preview:-1"},"canonical":"https:\/\/www.cannabis.es\/pw\/2020\/11\/03\/tercer-juicio-a-cerdas-en-costa-rica-para-retirar-la-absolucion-al-autocultivo\/","twitter_card":"summary_large_image","twitter_title":"Tercer juicio a Cerd\u00e1s en Costa Rica para retirar la absoluci\u00f3n al autocultivo","twitter_description":"Entrada &#8226; Portal multimedia sobre cannabis y otras sustancias &#8226; 3 noviembre, 2020","twitter_image":"https:\/\/www.cannabis.es\/pw\/wp-content\/uploads\/2020\/11\/Portada_MA_SALAZAR.jpg","twitter_creator":"@cannabis_es","twitter_site":"@cannabis_es","twitter_misc":{"Escrito por":"Cannabis.es","Tiempo de lectura":"4 minutos"},"schema":{"@context":"https:\/\/schema.org","@graph":[{"@type":"Article","@id":"https:\/\/www.cannabis.es\/pw\/2020\/11\/03\/tercer-juicio-a-cerdas-en-costa-rica-para-retirar-la-absolucion-al-autocultivo\/#article","isPartOf":{"@id":"https:\/\/www.cannabis.es\/pw\/2020\/11\/03\/tercer-juicio-a-cerdas-en-costa-rica-para-retirar-la-absolucion-al-autocultivo\/"},"author":{"name":"Cannabis.es","@id":"https:\/\/www.cannabis.es\/pw\/#\/schema\/person\/ec770c03f3e99d770687f537f4ba1e89"},"headline":"Tercer juicio a Cerd\u00e1s en Costa Rica para retirar la absoluci\u00f3n al autocultivo","datePublished":"2020-11-03T12:12:14+00:00","dateModified":"2020-11-03T13:45:27+00:00","mainEntityOfPage":{"@id":"https:\/\/www.cannabis.es\/pw\/2020\/11\/03\/tercer-juicio-a-cerdas-en-costa-rica-para-retirar-la-absolucion-al-autocultivo\/"},"wordCount":857,"publisher":{"@id":"https:\/\/www.cannabis.es\/pw\/#organization"},"image":{"@id":"https:\/\/www.cannabis.es\/pw\/2020\/11\/03\/tercer-juicio-a-cerdas-en-costa-rica-para-retirar-la-absolucion-al-autocultivo\/#primaryimage"},"thumbnailUrl":"https:\/\/www.cannabis.es\/pw\/wp-content\/uploads\/2020\/11\/Portada_MA_SALAZAR.jpg","keywords":["autocultivo","cannabis","Costa Rica","derechos fundamentales","derechos humanos","justicia"],"articleSection":["Pol\u00edtica y Sociedad"],"inLanguage":"es"},{"@type":"WebPage","@id":"https:\/\/www.cannabis.es\/pw\/2020\/11\/03\/tercer-juicio-a-cerdas-en-costa-rica-para-retirar-la-absolucion-al-autocultivo\/","url":"https:\/\/www.cannabis.es\/pw\/2020\/11\/03\/tercer-juicio-a-cerdas-en-costa-rica-para-retirar-la-absolucion-al-autocultivo\/","name":"Tercer juicio a Cerd\u00e1s en Costa Rica para retirar la absoluci\u00f3n al autocultivo","isPartOf":{"@id":"https:\/\/www.cannabis.es\/pw\/#website"},"primaryImageOfPage":{"@id":"https:\/\/www.cannabis.es\/pw\/2020\/11\/03\/tercer-juicio-a-cerdas-en-costa-rica-para-retirar-la-absolucion-al-autocultivo\/#primaryimage"},"image":{"@id":"https:\/\/www.cannabis.es\/pw\/2020\/11\/03\/tercer-juicio-a-cerdas-en-costa-rica-para-retirar-la-absolucion-al-autocultivo\/#primaryimage"},"thumbnailUrl":"https:\/\/www.cannabis.es\/pw\/wp-content\/uploads\/2020\/11\/Portada_MA_SALAZAR.jpg","datePublished":"2020-11-03T12:12:14+00:00","dateModified":"2020-11-03T13:45:27+00:00","description":"Entrada &#8226; Portal multimedia sobre cannabis y otras sustancias &#8226; 3 noviembre, 2020","breadcrumb":{"@id":"https:\/\/www.cannabis.es\/pw\/2020\/11\/03\/tercer-juicio-a-cerdas-en-costa-rica-para-retirar-la-absolucion-al-autocultivo\/#breadcrumb"},"inLanguage":"es","potentialAction":[{"@type":"ReadAction","target":["https:\/\/www.cannabis.es\/pw\/2020\/11\/03\/tercer-juicio-a-cerdas-en-costa-rica-para-retirar-la-absolucion-al-autocultivo\/"]}]},{"@type":"ImageObject","inLanguage":"es","@id":"https:\/\/www.cannabis.es\/pw\/2020\/11\/03\/tercer-juicio-a-cerdas-en-costa-rica-para-retirar-la-absolucion-al-autocultivo\/#primaryimage","url":"https:\/\/www.cannabis.es\/pw\/wp-content\/uploads\/2020\/11\/Portada_MA_SALAZAR.jpg","contentUrl":"https:\/\/www.cannabis.es\/pw\/wp-content\/uploads\/2020\/11\/Portada_MA_SALAZAR.jpg","width":804,"height":532},{"@type":"BreadcrumbList","@id":"https:\/\/www.cannabis.es\/pw\/2020\/11\/03\/tercer-juicio-a-cerdas-en-costa-rica-para-retirar-la-absolucion-al-autocultivo\/#breadcrumb","itemListElement":[{"@type":"ListItem","position":1,"name":"Portada","item":"http:\/\/www.cannabis.es\/pw\/"},{"@type":"ListItem","position":2,"name":"Tercer juicio a Cerd\u00e1s en Costa Rica para retirar la absoluci\u00f3n al autocultivo"}]},{"@type":"WebSite","@id":"https:\/\/www.cannabis.es\/pw\/#website","url":"https:\/\/www.cannabis.es\/pw\/","name":"Cannabis","description":"Portal multimedia sobre cannabis y otras sustancias","publisher":{"@id":"https:\/\/www.cannabis.es\/pw\/#organization"},"potentialAction":[{"@type":"SearchAction","target":{"@type":"EntryPoint","urlTemplate":"https:\/\/www.cannabis.es\/pw\/?s={search_term_string}"},"query-input":{"@type":"PropertyValueSpecification","valueRequired":true,"valueName":"search_term_string"}}],"inLanguage":"es"},{"@type":"Organization","@id":"https:\/\/www.cannabis.es\/pw\/#organization","name":"Cannabis.es","url":"https:\/\/www.cannabis.es\/pw\/","logo":{"@type":"ImageObject","inLanguage":"es","@id":"https:\/\/www.cannabis.es\/pw\/#\/schema\/logo\/image\/","url":"https:\/\/www.cannabis.es\/pw\/wp-content\/uploads\/2019\/04\/cropped-logo_cannabis.png","contentUrl":"https:\/\/www.cannabis.es\/pw\/wp-content\/uploads\/2019\/04\/cropped-logo_cannabis.png","width":361,"height":120,"caption":"Cannabis.es"},"image":{"@id":"https:\/\/www.cannabis.es\/pw\/#\/schema\/logo\/image\/"},"sameAs":["https:\/\/x.com\/cannabis_es"]},{"@type":"Person","@id":"https:\/\/www.cannabis.es\/pw\/#\/schema\/person\/ec770c03f3e99d770687f537f4ba1e89","name":"Cannabis.es","image":{"@type":"ImageObject","inLanguage":"es","@id":"https:\/\/www.cannabis.es\/pw\/#\/schema\/person\/image\/","url":"https:\/\/secure.gravatar.com\/avatar\/810c93a3d6fadc3d9c2665b1d919a4aedea8ed4dd63689d001e985a804e90d83?s=96&d=mm&r=g","contentUrl":"https:\/\/secure.gravatar.com\/avatar\/810c93a3d6fadc3d9c2665b1d919a4aedea8ed4dd63689d001e985a804e90d83?s=96&d=mm&r=g","caption":"Cannabis.es"},"url":"https:\/\/www.cannabis.es\/pw\/author\/arnau\/"}]}},"_links":{"self":[{"href":"https:\/\/www.cannabis.es\/pw\/wp-json\/wp\/v2\/posts\/6241","targetHints":{"allow":["GET"]}}],"collection":[{"href":"https:\/\/www.cannabis.es\/pw\/wp-json\/wp\/v2\/posts"}],"about":[{"href":"https:\/\/www.cannabis.es\/pw\/wp-json\/wp\/v2\/types\/post"}],"author":[{"embeddable":true,"href":"https:\/\/www.cannabis.es\/pw\/wp-json\/wp\/v2\/users\/3"}],"replies":[{"embeddable":true,"href":"https:\/\/www.cannabis.es\/pw\/wp-json\/wp\/v2\/comments?post=6241"}],"version-history":[{"count":5,"href":"https:\/\/www.cannabis.es\/pw\/wp-json\/wp\/v2\/posts\/6241\/revisions"}],"predecessor-version":[{"id":6258,"href":"https:\/\/www.cannabis.es\/pw\/wp-json\/wp\/v2\/posts\/6241\/revisions\/6258"}],"wp:featuredmedia":[{"embeddable":true,"href":"https:\/\/www.cannabis.es\/pw\/wp-json\/wp\/v2\/media\/6243"}],"wp:attachment":[{"href":"https:\/\/www.cannabis.es\/pw\/wp-json\/wp\/v2\/media?parent=6241"}],"wp:term":[{"taxonomy":"category","embeddable":true,"href":"https:\/\/www.cannabis.es\/pw\/wp-json\/wp\/v2\/categories?post=6241"},{"taxonomy":"post_tag","embeddable":true,"href":"https:\/\/www.cannabis.es\/pw\/wp-json\/wp\/v2\/tags?post=6241"}],"curies":[{"name":"wp","href":"https:\/\/api.w.org\/{rel}","templated":true}]}}