{"id":6284,"date":"2020-11-09T13:01:39","date_gmt":"2020-11-09T12:01:39","guid":{"rendered":"https:\/\/www.cannabis.es\/pw\/?p=6284"},"modified":"2020-11-09T13:01:40","modified_gmt":"2020-11-09T12:01:40","slug":"colectivos-de-usuarios-terapeuticos-reclaman-una-legislacion-internacional","status":"publish","type":"post","link":"https:\/\/www.cannabis.es\/pw\/2020\/11\/09\/colectivos-de-usuarios-terapeuticos-reclaman-una-legislacion-internacional\/","title":{"rendered":"Colectivos de usuarios terap\u00e9uticos reclaman una legislaci\u00f3n internacional"},"content":{"rendered":"\n<p>Benito D\u00edaz<\/p>\n\n\n\n<p>La Asociaci\u00f3n Internacional por el Cannabis como Medicamento (IACM) celebr\u00f3 el pasado d\u00eda 5 de noviembre una serie de conferencias como celebraci\u00f3n del 90 cumplea\u00f1os del cient\u00edfico Rafael Mechoulan, responsable de sintetizar los primeros Cannabinoides en los a\u00f1os 60 y desarrollar el campo de trabajo en el sistema endocannabinoide.<\/p>\n\n\n\n<p>Las conferencias, abiertas al p\u00fablico v\u00eda telem\u00e1tica, abarcaron temas diversos, como el abordaje de nuevas terapias cann\u00e1bicas, el futuro de las mismas o el desarrollo de legislaciones en distintos pa\u00edses, y culmin\u00f3 con unas palabras del mismo Mechoulan.<\/p>\n\n\n\n<p><a href=\"https:\/\/www.cannabis-med.org\/?lng=es\">La IACM<\/a> fue fundada en Marzo de 2000 con el objetivo de promover el conocimiento sobre el cannabis, los cannabinoides, el sistema endocannabinoide y otras cuestiones, concentr\u00e1ndose en el potencial terap\u00e9utico de la planta. Tambi\u00e9n particip\u00f3 en la organizaci\u00f3n, <a href=\"https:\/\/ammcann.org\/\">la Asociaci\u00f3n Mexicana de Medicina Cannabinoide A.C<\/a>, agrupaci\u00f3n sin af\u00e1n de lucro que comparte los mismos ideales que la IACM.<\/p>\n\n\n\n<h2 class=\"wp-block-heading\"><strong>Testimonios de pacientes<\/strong><\/h2>\n\n\n\n<p>Tras las presentaciones, la primera charla dio voz a los usuarios terap\u00e9uticos. Como participantes, encontramos a Jacqueline Poitras, representante de MAMAKA, la organizaci\u00f3n cann\u00e1bica griega. Tambi\u00e9n intervendr\u00edan la actriz Francesca Brivio, en representaci\u00f3n de la Federaci\u00f3n de Cannabis Medicinal desde Per\u00fa; Michael Krawitz, antiguo militar y director ejecutivo de Veterans for Medical Cannabis Access, as\u00ed como representante internacional para pol\u00edticas de cannabis y <a href=\"https:\/\/www.cannabis.es\/pw\/2019\/03\/13\/la-revision-del-cannabis-por-la-oms-obligaria-a-la-definicion-legal-en-espana\/\">miembro de la FAAAT<\/a>. Tori Catherwood desde Nueva Zelanda, m\u00e9dica y autora del documental \u201cMam\u00e1, El Cannabis y Yo\u201d, completaba el foro de conferenciantes en una mesa moderada por Carola P\u00e9rez, por parte de la asociaci\u00f3n <a href=\"http:\/\/www.dosemociones.com\/dosemociones-1\">de pacientes Dosemociones<\/a>.<\/p>\n\n\n\n<p><span class=\"has-inline-color has-luminous-vivid-orange-color\">\u201c<em>Internet fue unos de los primeros sitios donde empec\u00e9 a buscar informaci\u00f3n cuando quise buscar informaci\u00f3n sobre las terapias de Cannabis para mi hija\u201d<\/em><\/span>, explic\u00f3 Jacqueline Poitras. Como apunt\u00f3 en otra ocasi\u00f3n, Poitras se involucra en el activismo cann\u00e1bico para hallar una soluci\u00f3n para el s\u00edndrome de Aircadi en estas terapias alternativas. <em><span class=\"has-inline-color has-luminous-vivid-orange-color\">\u201cFundamos <a href=\"https:\/\/www.mamaka.org.gr\/\">MAMAKA (Madres por el Cannabis)<\/a> para apoyar a otros enfermos, nos pusimos en contacto con otras organizaciones\u201d<\/span>.<\/em> Poitras se\u00f1al\u00f3 que existen buenos resultados en la investigaci\u00f3n m\u00e9dica, refiri\u00e9ndose a la reciente negativa del gobierno espa\u00f1ol para avanzar en la legislaci\u00f3n del Cannabis Terap\u00e9utico. <em><span class=\"has-inline-color has-luminous-vivid-orange-color\">\u201cNuestro gobierno tampoco facilita el acceso a medicinas. De hecho, nos criminaliza. Es necesario que todos los ciudadanos de la Uni\u00f3n Europea tengamos el mismo derecho a la salud. Necesitamos crear conocimiento entre todos los pacientes, llevar a cabo una base de datos que ayude a la comunidad m\u00e9dica y otra para la industria, que ayude a entender las situaciones de los pacientes, dibujar un tri\u00e1ngulo entre nosotros, los m\u00e9dicos y las farmac\u00e9uticas\u201d<\/span><\/em> reclam\u00f3 la activista.<\/p>\n\n\n\n<h2 class=\"wp-block-heading\"><strong>Francesca Brivio<\/strong><\/h2>\n\n\n\n<p>La actriz comenz\u00f3 agradeciendo los esfuerzos de los profesionales m\u00e9dicos y cient\u00edficos que investigan sobre el Cannabis. Su enfermedad se inici\u00f3 en 2009, con graves problemas de salud que lastraron su calidad de vida, debido a una dolencia denominada Mastocitosis Sist\u00e9mica. <em><span class=\"has-inline-color has-luminous-vivid-orange-color\">\u201cLlegu\u00e9 a tomar 27 pastillas diarias, con sus efectos secundarios, todos los d\u00edas\u201d<\/span><\/em>, narr\u00f3 Brivio, quien sufri\u00f3 invasivas intervenciones quir\u00fargicas. <\/p>\n\n\n\n<p>En 2014 prueba a fumar cannabis como terapia alternativa. <em>\u201cEste uso m\u00e9dico del Cannabis parec\u00eda ayudarme, pero tuve que viajar al extranjero para conseguir esa medicina de forma legal, no hab\u00eda especialistas en mi pa\u00eds\u201d<\/em>, coment\u00f3 Brivio, recordando visitar Minnesota. <em>\u201cLas articulaciones no me dol\u00edan tanto como antes, pero era dif\u00edcil dosificar. Fumaba dos en la ma\u00f1ana y dos en la noche<\/em>\u201d.<\/p>\n\n\n\n<p>La activista afirm\u00f3 que la informaci\u00f3n en estos casos es poder; el Cannabis le dio esperanza de vivir. <em>\u201cHay cient\u00edficos que siguen investigando al respecto. Tengo la ilusi\u00f3n de que el Cananbis ayude a todos los enfermos que lo necesiten. S\u00e9 que es un negocio para la industria y las farmace\u00faticas, pero somos personas. Creo que \u00e9stos actores deber\u00edan dejar de centrarse en sacar beneficios de un solo cannabinoide [CBD] cuando existen cientos sin analizar. Adem\u00e1s, es necesario su acceso. No es justo que haya gente que tenga que viajar a otro pa\u00eds para conseguir su medicina, o recurrir al mercado negro que fomenta el narcotr\u00e1fico\u201d. <\/em>Brivio fund\u00f3 la asociaci\u00f3n <a href=\"http:\/\/cannabisgotasdeesperanza.com\/\">Gotas de Esperanza,<\/a> para difundir y ayudar al conocimiento de las terapias de Cannabis.<\/p>\n\n\n\n<h2 class=\"wp-block-heading\"><strong>Michael Krawitz<\/strong><\/h2>\n\n\n\n<p>Durante una estancia en la base a\u00e9rea de EEUU en Guam, Michael sufri\u00f3 un accidente de motocicleta que afect\u00f3 su movilidad. El dolor cr\u00f3nico al que se enfrentaba, le llev\u00f3 a probar las terapias con Cannabis. <em>\u201cMe enter\u00e9 de que exist\u00eda el Cannabis Medicinal, no hab\u00eda o\u00eddo hablar de eso nunca. No sab\u00eda que el Cannabis se pod\u00eda usar para otra cosa que no fuera divertirse\u201d, <\/em>expres\u00f3. Krawitz particip\u00f3 en uno de los primeros programas de Cannabis Terap\u00e9utico y trabaj\u00f3 en el impulso de la Proposici\u00f3n 250 para la regulaci\u00f3n de la Marihuana en California. <em>\u201cEn 1999 acud\u00ed a una charla con m\u00e9dicos en New York. Nadie entend\u00eda lo que necesitaba, nadie conoc\u00eda las t\u00e9cnicas ni las medicinas\u201d.<\/em><\/p>\n\n\n\n<p>\u201c<em>Soy un enfermo con dolor cr\u00f3nico que trata de ponerse en contacto con otros pacientes en mi misma situaci\u00f3n. As\u00ed empieza mi activismo. Me di cuenta de que era cierto, que el Cannabis reduce el dolor. Existen miles de productos, pero no todos son efectivos. Hay confusi\u00f3n en los prospectos: \u201cHecho con Cannabis Medicinal\u201d, \u201cHecho con planta entera\u201d \u2026 \u00bfQu\u00e9 significa cada cosa?\u201d <\/em>Krawitz se\u00f1al\u00f3 tambi\u00e9n la cuesti\u00f3n seg\u00fan la cual, si un producto es de consumo farmace\u00fatico, no es de consumo recreativo.<\/p>\n\n\n\n<h2 class=\"wp-block-heading\"><strong>Tori Catherwood<\/strong><\/h2>\n\n\n\n<p><a href=\"https:\/\/www.cannabis.es\/pw\/2020\/09\/22\/nueva-zelanda-vota-la-regulacion-integral-en-referendum-el-17-de-octubre\/\">Desde Nueva Zelanda<\/a>, Tori Catherwood relat\u00f3 el caso de su madre, enferma de c\u00e1ncer con met\u00e1stasis. Su consumo de f\u00e1rmacos opi\u00e1ceos para reducir sus dolores lleg\u00f3 a un punto extremo, en el que se intensificaron los efectos secundarios. <em>\u201cLos m\u00e9dicos no pod\u00edan ayudarla\u201d <\/em>cont\u00f3 Catherwood. <em>\u201cEra todo un poco confuso, no hab\u00eda informaci\u00f3n, pero me hablaron sobre los grandes beneficios del Cannabis en contra de los opi\u00e1ceos. Muhcas personas est\u00e1n enfermas y pueden usar estas terapias, pero no lo saben, o sus m\u00e9dicos no quieren recomend\u00e1rselas, porque no las conocen o porque tienen prejuicios. Hay una gran estigmatizaci\u00f3n de los usuarios de Cannabis, sean medicinales o recreativos\u201d.<\/em><\/p>\n\n\n\n<p>Catherwood rod\u00f3 el documental <a href=\"https:\/\/vimeo.com\/237016053\">\u201cMum, Cannabis and Me\u201d,<\/a> un v\u00eddeo que busca informar a la comunidad m\u00e9dica sobre los usos terap\u00e9uticos del Cannabis, usando como ejemplo su propia experiencia familiar. <em>\u201cMi madre no estar\u00eda viva si no hubiera sido por el Cannabis. Tan simple como eso\u201d.<\/em><\/p>\n\n\n\n<p>La lucha por hacer visibles las necesidades de estas personas, <a href=\"https:\/\/www.cannabis.es\/pw\/2019\/03\/11\/cannabis-medicinal-en-el-control-del-dolor-cronico\/\">la difusi\u00f3n en medios<\/a> de sus intervenciones, da lugar al conocimiento de sus ideas y de sus necesidades. Como apunt\u00f3 Carola P\u00e9rez, <em>\u201cSomos enfermos, no cuerpos. Tenemos el derecho a mejorar nuestros niveles de vida. Puedes ver en todas partes a personas que no saben que tienen los mismos derechos. Nuestro gobierno pide m\u00e1s pruebas cient\u00edficas, ignorando las que ya hay, lo que me parece un insulto contra cient\u00edficos e investigadores, as\u00ed como a los pacientes. No tenemos especialistas formados para el uso de estas terapias. Y solo somos personas, no tenemos ni oficinas, ni secretarias\u201d.<\/em><\/p>\n","protected":false},"excerpt":{"rendered":"<span class=\"span-reading-time rt-reading-time\" style=\"display: block;\"><span class=\"rt-label rt-prefix\">Tiempo de lectura:<\/span> <span class=\"rt-time\"> 4<\/span> <span class=\"rt-label rt-postfix\">minutos<\/span><\/span>Benito D\u00edaz La Asociaci\u00f3n Internacional por el Cannabis como Medicamento (IACM) celebr\u00f3 el pasado d\u00eda 5 de noviembre una serie de conferencias como celebraci\u00f3n del 90 cumplea\u00f1os del cient\u00edfico Rafael Mechoulan, responsable de sintetizar los primeros Cannabinoides en los a\u00f1os 60 y desarrollar el campo de trabajo en el sistema endocannabinoide. Las conferencias, abiertas al [&hellip;]","protected":false},"author":3,"featured_media":6287,"comment_status":"closed","ping_status":"closed","sticky":false,"template":"","format":"standard","meta":{"loftocean-featured-post":"","loftocean_post_format_gallery":"","loftocean_post_format_gallery_ids":"","loftocean_post_format_gallery_urls":"","loftocean_post_format_video_id":"","loftocean_post_format_video_url":"","loftocean_post_format_video_type":"","loftocean_post_format_video":"","loftocean_post_format_audio_type":"","loftocean_post_format_audio_url":"","loftocean_post_format_audio_id":"","loftocean_post_format_audio":"","loftocean_post_format_quote_text":"","loftocean_post_format_quote_byline":"","loftocean_post_format_link_text":"","loftocean_post_format_link_url":"","ceramag_post_header_style":"","ceramag_enable_background_video":"","ceramag_show_in_top_slider":"","ceramag_post_background_video_start":"","ceramag_post_background_video_end":"","loftocean_page_background_video_id":"","loftocean_page_background_video_url":"","loftocean_page_background_video_type":"","loftocean_page_background_video":"","ceramag_background_video_start":"","ceramag_background_video_end":"","ceramag_single_page_hide_header":"","footnotes":""},"categories":[36],"tags":[43,41,52],"class_list":["post-6284","post","type-post","status-publish","format-standard","has-post-thumbnail","hentry","category-medicinal","tag-benito-diaz","tag-cannabis","tag-cannabis-medicinal"],"yoast_head":"<!-- This site is optimized with the Yoast SEO plugin v24.9 - https:\/\/yoast.com\/wordpress\/plugins\/seo\/ -->\n<title>Colectivos de usuarios terap\u00e9uticos reclaman una legislaci\u00f3n internacional<\/title>\n<meta name=\"description\" content=\"Entrada &#8226; Portal multimedia sobre cannabis y otras sustancias &#8226; 9 noviembre, 2020\" \/>\n<meta name=\"robots\" content=\"index, follow, max-snippet:-1, max-image-preview:large, max-video-preview:-1\" \/>\n<link rel=\"canonical\" href=\"https:\/\/www.cannabis.es\/pw\/2020\/11\/09\/colectivos-de-usuarios-terapeuticos-reclaman-una-legislacion-internacional\/\" \/>\n<meta name=\"twitter:card\" content=\"summary_large_image\" \/>\n<meta name=\"twitter:title\" content=\"Colectivos de usuarios terap\u00e9uticos reclaman una legislaci\u00f3n internacional\" \/>\n<meta name=\"twitter:description\" content=\"Entrada &#8226; Portal multimedia sobre cannabis y otras sustancias &#8226; 9 noviembre, 2020\" \/>\n<meta name=\"twitter:image\" content=\"https:\/\/www.cannabis.es\/pw\/wp-content\/uploads\/2020\/11\/mapamundi-cannabis.jpg\" \/>\n<meta name=\"twitter:creator\" content=\"@cannabis_es\" \/>\n<meta name=\"twitter:site\" content=\"@cannabis_es\" \/>\n<meta name=\"twitter:label1\" content=\"Escrito por\" \/>\n\t<meta name=\"twitter:data1\" content=\"Cannabis.es\" \/>\n\t<meta name=\"twitter:label2\" content=\"Tiempo de lectura\" \/>\n\t<meta name=\"twitter:data2\" content=\"6 minutos\" \/>\n<script type=\"application\/ld+json\" class=\"yoast-schema-graph\">{\"@context\":\"https:\/\/schema.org\",\"@graph\":[{\"@type\":\"Article\",\"@id\":\"https:\/\/www.cannabis.es\/pw\/2020\/11\/09\/colectivos-de-usuarios-terapeuticos-reclaman-una-legislacion-internacional\/#article\",\"isPartOf\":{\"@id\":\"https:\/\/www.cannabis.es\/pw\/2020\/11\/09\/colectivos-de-usuarios-terapeuticos-reclaman-una-legislacion-internacional\/\"},\"author\":{\"name\":\"Cannabis.es\",\"@id\":\"https:\/\/www.cannabis.es\/pw\/#\/schema\/person\/ec770c03f3e99d770687f537f4ba1e89\"},\"headline\":\"Colectivos de usuarios terap\u00e9uticos reclaman una legislaci\u00f3n internacional\",\"datePublished\":\"2020-11-09T12:01:39+00:00\",\"dateModified\":\"2020-11-09T12:01:40+00:00\",\"mainEntityOfPage\":{\"@id\":\"https:\/\/www.cannabis.es\/pw\/2020\/11\/09\/colectivos-de-usuarios-terapeuticos-reclaman-una-legislacion-internacional\/\"},\"wordCount\":1252,\"publisher\":{\"@id\":\"https:\/\/www.cannabis.es\/pw\/#organization\"},\"image\":{\"@id\":\"https:\/\/www.cannabis.es\/pw\/2020\/11\/09\/colectivos-de-usuarios-terapeuticos-reclaman-una-legislacion-internacional\/#primaryimage\"},\"thumbnailUrl\":\"https:\/\/www.cannabis.es\/pw\/wp-content\/uploads\/2020\/11\/mapamundi-cannabis.jpg\",\"keywords\":[\"Benito D\u00edaz\",\"cannabis\",\"cannabis medicinal\"],\"articleSection\":[\"Medicinal\"],\"inLanguage\":\"es\"},{\"@type\":\"WebPage\",\"@id\":\"https:\/\/www.cannabis.es\/pw\/2020\/11\/09\/colectivos-de-usuarios-terapeuticos-reclaman-una-legislacion-internacional\/\",\"url\":\"https:\/\/www.cannabis.es\/pw\/2020\/11\/09\/colectivos-de-usuarios-terapeuticos-reclaman-una-legislacion-internacional\/\",\"name\":\"Colectivos de usuarios terap\u00e9uticos reclaman una legislaci\u00f3n internacional\",\"isPartOf\":{\"@id\":\"https:\/\/www.cannabis.es\/pw\/#website\"},\"primaryImageOfPage\":{\"@id\":\"https:\/\/www.cannabis.es\/pw\/2020\/11\/09\/colectivos-de-usuarios-terapeuticos-reclaman-una-legislacion-internacional\/#primaryimage\"},\"image\":{\"@id\":\"https:\/\/www.cannabis.es\/pw\/2020\/11\/09\/colectivos-de-usuarios-terapeuticos-reclaman-una-legislacion-internacional\/#primaryimage\"},\"thumbnailUrl\":\"https:\/\/www.cannabis.es\/pw\/wp-content\/uploads\/2020\/11\/mapamundi-cannabis.jpg\",\"datePublished\":\"2020-11-09T12:01:39+00:00\",\"dateModified\":\"2020-11-09T12:01:40+00:00\",\"description\":\"Entrada &#8226; Portal multimedia sobre cannabis y otras sustancias &#8226; 9 noviembre, 2020\",\"breadcrumb\":{\"@id\":\"https:\/\/www.cannabis.es\/pw\/2020\/11\/09\/colectivos-de-usuarios-terapeuticos-reclaman-una-legislacion-internacional\/#breadcrumb\"},\"inLanguage\":\"es\",\"potentialAction\":[{\"@type\":\"ReadAction\",\"target\":[\"https:\/\/www.cannabis.es\/pw\/2020\/11\/09\/colectivos-de-usuarios-terapeuticos-reclaman-una-legislacion-internacional\/\"]}]},{\"@type\":\"ImageObject\",\"inLanguage\":\"es\",\"@id\":\"https:\/\/www.cannabis.es\/pw\/2020\/11\/09\/colectivos-de-usuarios-terapeuticos-reclaman-una-legislacion-internacional\/#primaryimage\",\"url\":\"https:\/\/www.cannabis.es\/pw\/wp-content\/uploads\/2020\/11\/mapamundi-cannabis.jpg\",\"contentUrl\":\"https:\/\/www.cannabis.es\/pw\/wp-content\/uploads\/2020\/11\/mapamundi-cannabis.jpg\",\"width\":804,\"height\":532},{\"@type\":\"BreadcrumbList\",\"@id\":\"https:\/\/www.cannabis.es\/pw\/2020\/11\/09\/colectivos-de-usuarios-terapeuticos-reclaman-una-legislacion-internacional\/#breadcrumb\",\"itemListElement\":[{\"@type\":\"ListItem\",\"position\":1,\"name\":\"Portada\",\"item\":\"http:\/\/www.cannabis.es\/pw\/\"},{\"@type\":\"ListItem\",\"position\":2,\"name\":\"Colectivos de usuarios terap\u00e9uticos reclaman una legislaci\u00f3n internacional\"}]},{\"@type\":\"WebSite\",\"@id\":\"https:\/\/www.cannabis.es\/pw\/#website\",\"url\":\"https:\/\/www.cannabis.es\/pw\/\",\"name\":\"Cannabis\",\"description\":\"Portal multimedia sobre cannabis y otras sustancias\",\"publisher\":{\"@id\":\"https:\/\/www.cannabis.es\/pw\/#organization\"},\"potentialAction\":[{\"@type\":\"SearchAction\",\"target\":{\"@type\":\"EntryPoint\",\"urlTemplate\":\"https:\/\/www.cannabis.es\/pw\/?s={search_term_string}\"},\"query-input\":{\"@type\":\"PropertyValueSpecification\",\"valueRequired\":true,\"valueName\":\"search_term_string\"}}],\"inLanguage\":\"es\"},{\"@type\":\"Organization\",\"@id\":\"https:\/\/www.cannabis.es\/pw\/#organization\",\"name\":\"Cannabis.es\",\"url\":\"https:\/\/www.cannabis.es\/pw\/\",\"logo\":{\"@type\":\"ImageObject\",\"inLanguage\":\"es\",\"@id\":\"https:\/\/www.cannabis.es\/pw\/#\/schema\/logo\/image\/\",\"url\":\"https:\/\/www.cannabis.es\/pw\/wp-content\/uploads\/2019\/04\/cropped-logo_cannabis.png\",\"contentUrl\":\"https:\/\/www.cannabis.es\/pw\/wp-content\/uploads\/2019\/04\/cropped-logo_cannabis.png\",\"width\":361,\"height\":120,\"caption\":\"Cannabis.es\"},\"image\":{\"@id\":\"https:\/\/www.cannabis.es\/pw\/#\/schema\/logo\/image\/\"},\"sameAs\":[\"https:\/\/x.com\/cannabis_es\"]},{\"@type\":\"Person\",\"@id\":\"https:\/\/www.cannabis.es\/pw\/#\/schema\/person\/ec770c03f3e99d770687f537f4ba1e89\",\"name\":\"Cannabis.es\",\"image\":{\"@type\":\"ImageObject\",\"inLanguage\":\"es\",\"@id\":\"https:\/\/www.cannabis.es\/pw\/#\/schema\/person\/image\/\",\"url\":\"https:\/\/secure.gravatar.com\/avatar\/810c93a3d6fadc3d9c2665b1d919a4aedea8ed4dd63689d001e985a804e90d83?s=96&d=mm&r=g\",\"contentUrl\":\"https:\/\/secure.gravatar.com\/avatar\/810c93a3d6fadc3d9c2665b1d919a4aedea8ed4dd63689d001e985a804e90d83?s=96&d=mm&r=g\",\"caption\":\"Cannabis.es\"},\"url\":\"https:\/\/www.cannabis.es\/pw\/author\/arnau\/\"}]}<\/script>\n<!-- \/ Yoast SEO plugin. -->","yoast_head_json":{"title":"Colectivos de usuarios terap\u00e9uticos reclaman una legislaci\u00f3n internacional","description":"Entrada &#8226; Portal multimedia sobre cannabis y otras sustancias &#8226; 9 noviembre, 2020","robots":{"index":"index","follow":"follow","max-snippet":"max-snippet:-1","max-image-preview":"max-image-preview:large","max-video-preview":"max-video-preview:-1"},"canonical":"https:\/\/www.cannabis.es\/pw\/2020\/11\/09\/colectivos-de-usuarios-terapeuticos-reclaman-una-legislacion-internacional\/","twitter_card":"summary_large_image","twitter_title":"Colectivos de usuarios terap\u00e9uticos reclaman una legislaci\u00f3n internacional","twitter_description":"Entrada &#8226; Portal multimedia sobre cannabis y otras sustancias &#8226; 9 noviembre, 2020","twitter_image":"https:\/\/www.cannabis.es\/pw\/wp-content\/uploads\/2020\/11\/mapamundi-cannabis.jpg","twitter_creator":"@cannabis_es","twitter_site":"@cannabis_es","twitter_misc":{"Escrito por":"Cannabis.es","Tiempo de lectura":"6 minutos"},"schema":{"@context":"https:\/\/schema.org","@graph":[{"@type":"Article","@id":"https:\/\/www.cannabis.es\/pw\/2020\/11\/09\/colectivos-de-usuarios-terapeuticos-reclaman-una-legislacion-internacional\/#article","isPartOf":{"@id":"https:\/\/www.cannabis.es\/pw\/2020\/11\/09\/colectivos-de-usuarios-terapeuticos-reclaman-una-legislacion-internacional\/"},"author":{"name":"Cannabis.es","@id":"https:\/\/www.cannabis.es\/pw\/#\/schema\/person\/ec770c03f3e99d770687f537f4ba1e89"},"headline":"Colectivos de usuarios terap\u00e9uticos reclaman una legislaci\u00f3n internacional","datePublished":"2020-11-09T12:01:39+00:00","dateModified":"2020-11-09T12:01:40+00:00","mainEntityOfPage":{"@id":"https:\/\/www.cannabis.es\/pw\/2020\/11\/09\/colectivos-de-usuarios-terapeuticos-reclaman-una-legislacion-internacional\/"},"wordCount":1252,"publisher":{"@id":"https:\/\/www.cannabis.es\/pw\/#organization"},"image":{"@id":"https:\/\/www.cannabis.es\/pw\/2020\/11\/09\/colectivos-de-usuarios-terapeuticos-reclaman-una-legislacion-internacional\/#primaryimage"},"thumbnailUrl":"https:\/\/www.cannabis.es\/pw\/wp-content\/uploads\/2020\/11\/mapamundi-cannabis.jpg","keywords":["Benito D\u00edaz","cannabis","cannabis medicinal"],"articleSection":["Medicinal"],"inLanguage":"es"},{"@type":"WebPage","@id":"https:\/\/www.cannabis.es\/pw\/2020\/11\/09\/colectivos-de-usuarios-terapeuticos-reclaman-una-legislacion-internacional\/","url":"https:\/\/www.cannabis.es\/pw\/2020\/11\/09\/colectivos-de-usuarios-terapeuticos-reclaman-una-legislacion-internacional\/","name":"Colectivos de usuarios terap\u00e9uticos reclaman una legislaci\u00f3n internacional","isPartOf":{"@id":"https:\/\/www.cannabis.es\/pw\/#website"},"primaryImageOfPage":{"@id":"https:\/\/www.cannabis.es\/pw\/2020\/11\/09\/colectivos-de-usuarios-terapeuticos-reclaman-una-legislacion-internacional\/#primaryimage"},"image":{"@id":"https:\/\/www.cannabis.es\/pw\/2020\/11\/09\/colectivos-de-usuarios-terapeuticos-reclaman-una-legislacion-internacional\/#primaryimage"},"thumbnailUrl":"https:\/\/www.cannabis.es\/pw\/wp-content\/uploads\/2020\/11\/mapamundi-cannabis.jpg","datePublished":"2020-11-09T12:01:39+00:00","dateModified":"2020-11-09T12:01:40+00:00","description":"Entrada &#8226; Portal multimedia sobre cannabis y otras sustancias &#8226; 9 noviembre, 2020","breadcrumb":{"@id":"https:\/\/www.cannabis.es\/pw\/2020\/11\/09\/colectivos-de-usuarios-terapeuticos-reclaman-una-legislacion-internacional\/#breadcrumb"},"inLanguage":"es","potentialAction":[{"@type":"ReadAction","target":["https:\/\/www.cannabis.es\/pw\/2020\/11\/09\/colectivos-de-usuarios-terapeuticos-reclaman-una-legislacion-internacional\/"]}]},{"@type":"ImageObject","inLanguage":"es","@id":"https:\/\/www.cannabis.es\/pw\/2020\/11\/09\/colectivos-de-usuarios-terapeuticos-reclaman-una-legislacion-internacional\/#primaryimage","url":"https:\/\/www.cannabis.es\/pw\/wp-content\/uploads\/2020\/11\/mapamundi-cannabis.jpg","contentUrl":"https:\/\/www.cannabis.es\/pw\/wp-content\/uploads\/2020\/11\/mapamundi-cannabis.jpg","width":804,"height":532},{"@type":"BreadcrumbList","@id":"https:\/\/www.cannabis.es\/pw\/2020\/11\/09\/colectivos-de-usuarios-terapeuticos-reclaman-una-legislacion-internacional\/#breadcrumb","itemListElement":[{"@type":"ListItem","position":1,"name":"Portada","item":"http:\/\/www.cannabis.es\/pw\/"},{"@type":"ListItem","position":2,"name":"Colectivos de usuarios terap\u00e9uticos reclaman una legislaci\u00f3n internacional"}]},{"@type":"WebSite","@id":"https:\/\/www.cannabis.es\/pw\/#website","url":"https:\/\/www.cannabis.es\/pw\/","name":"Cannabis","description":"Portal multimedia sobre cannabis y otras sustancias","publisher":{"@id":"https:\/\/www.cannabis.es\/pw\/#organization"},"potentialAction":[{"@type":"SearchAction","target":{"@type":"EntryPoint","urlTemplate":"https:\/\/www.cannabis.es\/pw\/?s={search_term_string}"},"query-input":{"@type":"PropertyValueSpecification","valueRequired":true,"valueName":"search_term_string"}}],"inLanguage":"es"},{"@type":"Organization","@id":"https:\/\/www.cannabis.es\/pw\/#organization","name":"Cannabis.es","url":"https:\/\/www.cannabis.es\/pw\/","logo":{"@type":"ImageObject","inLanguage":"es","@id":"https:\/\/www.cannabis.es\/pw\/#\/schema\/logo\/image\/","url":"https:\/\/www.cannabis.es\/pw\/wp-content\/uploads\/2019\/04\/cropped-logo_cannabis.png","contentUrl":"https:\/\/www.cannabis.es\/pw\/wp-content\/uploads\/2019\/04\/cropped-logo_cannabis.png","width":361,"height":120,"caption":"Cannabis.es"},"image":{"@id":"https:\/\/www.cannabis.es\/pw\/#\/schema\/logo\/image\/"},"sameAs":["https:\/\/x.com\/cannabis_es"]},{"@type":"Person","@id":"https:\/\/www.cannabis.es\/pw\/#\/schema\/person\/ec770c03f3e99d770687f537f4ba1e89","name":"Cannabis.es","image":{"@type":"ImageObject","inLanguage":"es","@id":"https:\/\/www.cannabis.es\/pw\/#\/schema\/person\/image\/","url":"https:\/\/secure.gravatar.com\/avatar\/810c93a3d6fadc3d9c2665b1d919a4aedea8ed4dd63689d001e985a804e90d83?s=96&d=mm&r=g","contentUrl":"https:\/\/secure.gravatar.com\/avatar\/810c93a3d6fadc3d9c2665b1d919a4aedea8ed4dd63689d001e985a804e90d83?s=96&d=mm&r=g","caption":"Cannabis.es"},"url":"https:\/\/www.cannabis.es\/pw\/author\/arnau\/"}]}},"_links":{"self":[{"href":"https:\/\/www.cannabis.es\/pw\/wp-json\/wp\/v2\/posts\/6284","targetHints":{"allow":["GET"]}}],"collection":[{"href":"https:\/\/www.cannabis.es\/pw\/wp-json\/wp\/v2\/posts"}],"about":[{"href":"https:\/\/www.cannabis.es\/pw\/wp-json\/wp\/v2\/types\/post"}],"author":[{"embeddable":true,"href":"https:\/\/www.cannabis.es\/pw\/wp-json\/wp\/v2\/users\/3"}],"replies":[{"embeddable":true,"href":"https:\/\/www.cannabis.es\/pw\/wp-json\/wp\/v2\/comments?post=6284"}],"version-history":[{"count":2,"href":"https:\/\/www.cannabis.es\/pw\/wp-json\/wp\/v2\/posts\/6284\/revisions"}],"predecessor-version":[{"id":6286,"href":"https:\/\/www.cannabis.es\/pw\/wp-json\/wp\/v2\/posts\/6284\/revisions\/6286"}],"wp:featuredmedia":[{"embeddable":true,"href":"https:\/\/www.cannabis.es\/pw\/wp-json\/wp\/v2\/media\/6287"}],"wp:attachment":[{"href":"https:\/\/www.cannabis.es\/pw\/wp-json\/wp\/v2\/media?parent=6284"}],"wp:term":[{"taxonomy":"category","embeddable":true,"href":"https:\/\/www.cannabis.es\/pw\/wp-json\/wp\/v2\/categories?post=6284"},{"taxonomy":"post_tag","embeddable":true,"href":"https:\/\/www.cannabis.es\/pw\/wp-json\/wp\/v2\/tags?post=6284"}],"curies":[{"name":"wp","href":"https:\/\/api.w.org\/{rel}","templated":true}]}}