{"id":6310,"date":"2020-11-13T13:08:35","date_gmt":"2020-11-13T12:08:35","guid":{"rendered":"https:\/\/www.cannabis.es\/pw\/?p=6310"},"modified":"2020-11-13T13:15:58","modified_gmt":"2020-11-13T12:15:58","slug":"madres-por-el-cannabis-en-grecia-mamaka","status":"publish","type":"post","link":"https:\/\/www.cannabis.es\/pw\/2020\/11\/13\/madres-por-el-cannabis-en-grecia-mamaka\/","title":{"rendered":"Madres por el cannabis en Grecia: Mamaka"},"content":{"rendered":"\n<p>Benito D\u00edaz<\/p>\n\n\n\n<p>La lucha por la regularizaci\u00f3n del cannabis Terap\u00e9utico en Grecia, ha encontrado uno de sus baluartes en la asociaci\u00f3n Mamaka, desde hace m\u00e1s de una d\u00e9cada. Desde entonces, las movilizaciones y los llamamientos a los poderes p\u00fablicos han conseguido notables avances en su legislaci\u00f3n, representando los intereses de pacientes griegos en su pa\u00eds, as\u00ed como en el escenario internacional.<\/p>\n\n\n\n<p>\u201cMadres por el cannabis\u201d o \u201cMAMAdes gia thn KAnnavi\u201d en la lengua de Homero dio nombre a \u201cMamaka\u201d, una palabra con la que los ni\u00f1os se refieren a sus madres. As\u00ed lo explica <a href=\"https:\/\/twitter.com\/poitras_mamaka\">Jacqueline Poitras,<\/a> presidenta y fundadora de la asociaci\u00f3n. Canadiense afincada en Grecia desde hace tres d\u00e9cadas, fue la promotora principal de sus actividades. Ella misma es madre de una peque\u00f1a con una rara enfermedad, un testimonio que se une con otros m\u00e1s de treinta que afirman la eficacia del tratamiento con la planta.<\/p>\n\n\n\n<h2 class=\"wp-block-heading\"><strong>Fundada en la necesidad<\/strong><\/h2>\n\n\n\n<p>Maia, la hija de Poitras, padece s\u00edndrome de Aicardi, una enfermedad que produce una malformaci\u00f3n del cerebro, junto con episodios constantes de epilepsia refractaria. Tras superar muchas dificultades, conocer a fondo la enfermedad y encontrarse con la desesperanza por parte de las terapias convencionales, Poitras se arriesg\u00f3 a utilizar el cannabis en el tratamiento para su hija. <span class=\"has-inline-color has-luminous-vivid-orange-color\"><em>\u201cDespu\u00e9s de ver un informe de CNN sobre el CBD, explor\u00e9 un poco. A trav\u00e9s de una reuni\u00f3n casual en un grupo de Facebook, encontr\u00e9 a un padre que nos dio una botella de aceite para probar\u201d,<\/em> revela en una entrevista a Cannatech. <em>\u201cMaia ser\u00eda diferente hoy si hubi\u00e9ramos sabido y hubi\u00e9ramos podido usar el aceite de cannabis cuando era beb\u00e9\u2026 El primer d\u00eda que le dimos el aceite, sucedi\u00f3 algo que mi hijo y yo no pod\u00edamos creer\u201d<\/em><\/span><em>,<\/em> describe la activista.<\/p>\n\n\n\n<p>La mejor\u00eda en los s\u00edntomas de Maia anim\u00f3 a Poitras a seguir investigando y a contactar con otras personas que se encontraban en su misma situaci\u00f3n, casi desahuciadas por la medicina convencional. <em><span class=\"has-inline-color has-luminous-vivid-orange-color\">\u201cLos resultados inmediatos a veces pueden ser impactantes, a menudo provocan una mejor interacci\u00f3n con el ni\u00f1o desde la primera gota. Luego tambi\u00e9n est\u00e1n los resultados a largo plazo que hemos tenido con las convulsiones de Maia\u2026 Hay gente que habla de milagros, pero no es un milagro. Es una planta que hemos ignorado durante los \u00faltimos 80 a\u00f1os\u201d<\/span><\/em>.<\/p>\n\n\n\n<p><em><span class=\"has-inline-color has-luminous-vivid-orange-color\">\u00abMi hija tuvo que pasar por 17 diferentes medicamentos antiepil\u00e9pticos que en muchos casos fueron muy peligrosos para ella. Si abres los folletos en algunas de estas cajas, algunos de los efectos secundarios son cosas como el coma, la muerte. Estas son las cosas que pueden sucederle a alguien que est\u00e1 tomando estos medicamentos. Nadie ha muerto nunca por el cannabis. <strong>Y tuve que descubrir en 2014, cuando ella ten\u00eda 14 a\u00f1os, que la cannabis pod\u00eda ser usada para su epilepsia. Esta deber\u00eda haber sido la primera droga de elecci\u00f3n y no la \u00faltima<\/strong>\u00ab<\/span>.<\/em><\/p>\n\n\n\n<figure class=\"wp-block-image size-large\"><img loading=\"lazy\" decoding=\"async\" width=\"804\" height=\"532\" src=\"https:\/\/www.cannabis.es\/pw\/wp-content\/uploads\/2020\/11\/PORTADA_MAMAKA.jpg\" alt=\"\" class=\"wp-image-6311\" srcset=\"https:\/\/www.cannabis.es\/pw\/wp-content\/uploads\/2020\/11\/PORTADA_MAMAKA.jpg 804w, https:\/\/www.cannabis.es\/pw\/wp-content\/uploads\/2020\/11\/PORTADA_MAMAKA-300x199.jpg 300w, https:\/\/www.cannabis.es\/pw\/wp-content\/uploads\/2020\/11\/PORTADA_MAMAKA-768x508.jpg 768w, https:\/\/www.cannabis.es\/pw\/wp-content\/uploads\/2020\/11\/PORTADA_MAMAKA-600x397.jpg 600w\" sizes=\"auto, (max-width: 804px) 100vw, 804px\" \/><\/figure>\n\n\n\n<h2 class=\"wp-block-heading\"><strong>Testimonios<\/strong><\/h2>\n\n\n\n<p>En 2016, Mamaka se consolida con las primeras <a href=\"https:\/\/www.cannabis.es\/pw\/2020\/11\/09\/colectivos-de-usuarios-terapeuticos-reclaman-una-legislacion-internacional\/\">charlas y ponencias nacionales e internacionales<\/a>, en lugares tales como el Parlamento Europeo en Bruselas. Con m\u00e1s de 43.000 firmas en una petici\u00f3n para regularizar el cannabis Terap\u00e9utico, Mamaka se present\u00f3 ante los legisladores del gobierno griego, llevando adem\u00e1s m\u00e1s de una treintena de testimonios en la misma cantidad de diversas dolencias.<\/p>\n\n\n\n<p>Estas personas, que conviven d\u00eda a d\u00eda con la enfermedad, narran una realidad llena de necesidades que muchos m\u00e9dicos no atienden. Por ejemplo, encontramos <a href=\"https:\/\/www.mamaka.org.gr\/\">en su p\u00e1gina web<\/a> la historia de Michaela. Su marido padece un glioblastoma, un tipo de tumor cerebral. Narra que comenzaron con tratamientos convencionales, quimioterapia, pero esa v\u00eda se agot\u00f3 con rapidez por problemas particulares de su biolog\u00eda. Esa persona sufri\u00f3 varias intervenciones quir\u00fargicas que amenazaron su raciocinio, su personalidad e incluso sus capacidades de habla y de caminar. <span class=\"has-inline-color has-luminous-vivid-orange-color\"><em>\u201cPara nosotros el aceite (1000 mg) le ayud\u00f3 tremendamente en combinaci\u00f3n con la medicina convencional y el protocolo impuesto en estos casos\u201d, <\/em>relata Michaela. <em>\u201cEst\u00e1 erguido sin ninguna p\u00e9rdida de habla, de movimiento o de esp\u00edritu. No perdi\u00f3 el apetito ni siquiera durante los d\u00edas de quimioterapia. No estaba melanc\u00f3lico. No doli\u00f3 ni antes ni despu\u00e9s de la segunda operaci\u00f3n. Creo que el aceite lo mantiene estable. No da la impresi\u00f3n de que sea un paciente de c\u00e1ncer con un c\u00e1ncer tan dif\u00edcil\u201d.<\/em><\/span><\/p>\n\n\n\n<h2 class=\"wp-block-heading\"><strong>Situaci\u00f3n actual en Grecia<\/strong><\/h2>\n\n\n\n<p>El consumo y cultivo de cannabis est\u00e1 prohibido en la actualidad. La Convenci\u00f3n \u00danica sobre Estupefacientes de 1961 que sumi\u00f3 en la oscuridad a la planta, afect\u00f3 tambi\u00e9n a Grecia, que se adecu\u00f3 al \u00e1mbito internacional.<\/p>\n\n\n\n<p>La legislaci\u00f3n distingu\u00eda entre adictos y no-adictos, incluyendo penas de hasta cinco a\u00f1os de c\u00e1rcel para los segundos, incluso si la cantidad incautada era peque\u00f1a. Unas medidas que se dilataron hasta bien entrado el sXXI, aunque se trata de una planta que forma parte del acervo cultural de los griegos desde los tiempos cl\u00e1sicos.<\/p>\n\n\n\n<p>En 1987, la ley se endurece todav\u00eda m\u00e1s, estableciendo que \u201ctodos los aspectos del consumo de drogas son sancionables con penas de prisi\u00f3n\u201d, incluso si se tratase de posesi\u00f3n para consumo propio. Es en 2013 cuando se introduce una enmienda a la ley, que sin embargo, sigue siendo una de las m\u00e1s restrictivas de la Uni\u00f3n Europea, hoy d\u00eda.<\/p>\n\n\n\n<p><strong>La persona encontrada en posesi\u00f3n de una peque\u00f1a cantidad de cannabis puede ser sancionada con hasta cinco meses de prisi\u00f3n, sumada la consabida multa econ\u00f3mica a discreci\u00f3n del juez, de entre 50.000 y 500.000 euros.<\/strong> Este delito no se incluir\u00e1 en los antecedentes penales, so revisi\u00f3n por causa de reincidencia en un per\u00edodo de cinco a\u00f1os. Si un m\u00e9dico es sorprendido vendiendo cannabis, puede acabar en la c\u00e1rcel, penado con hasta cadena perpetua.<\/p>\n\n\n\n<p>La postura aperturista vino dada por el trabajo del tejido activista por la regularizaci\u00f3n del cannabis griego y la incansable actividad de Mamaka. <strong>En 2017, el ejecutivo de Alexis Tsipras anuncia la legalizaci\u00f3n del cannabis terap\u00e9utico en Grecia<\/strong>. La marihuana pas\u00f3 de figurar en la lista A de estupefacientes fiscalizados a la lista B, poniendo de manifiesto la actitud del gobierno. <em><span class=\"has-inline-color has-luminous-vivid-orange-color\">\u201cA partir de ahora, el pa\u00eds abre una nueva p\u00e1gina, ya que Grecia se incluye ahora entre los pa\u00edses donde el suministro de cannabis medicinal a los pacientes que lo necesitan es legal\u201d<\/span>, <\/em>declar\u00f3 Tsipras en aquel momento.<\/p>\n\n\n\n<p>La producci\u00f3n nacional y la naciente industria del cannabis terap\u00e9utico en Grecia se regularon en 2018, aumentando las inversiones e infraestructuras. Se estim\u00f3 que un pr\u00f3ximo emplazamiento en el norte del pa\u00eds vendr\u00eda a producir unos 2.000 nuevos puestos de trabajo, en un pa\u00eds con un sistema econ\u00f3mico muy golpeado por la crisis de 2008.<\/p>\n\n\n\n<p>El consumo recreativo de la planta sigue prohibido y perseguido, en un pa\u00eds cuyo porcentaje de personas que han consumido cannabis alguna vez, con edad comprendida entre 15 y 34, alcanza un 4,5%.<\/p>\n\n\n\n<p>Mamaka contin\u00faa con su actividad, reclamando una mayor formaci\u00f3n para los m\u00e9dicos especialistas, mejor acceso a las medicinas y m\u00e1s informaci\u00f3n para pacientes.<\/p>\n","protected":false},"excerpt":{"rendered":"<span class=\"span-reading-time rt-reading-time\" style=\"display: block;\"><span class=\"rt-label rt-prefix\">Tiempo de lectura:<\/span> <span class=\"rt-time\"> 4<\/span> <span class=\"rt-label rt-postfix\">minutos<\/span><\/span>Benito D\u00edaz La lucha por la regularizaci\u00f3n del cannabis Terap\u00e9utico en Grecia, ha encontrado uno de sus baluartes en la asociaci\u00f3n Mamaka, desde hace m\u00e1s de una d\u00e9cada. Desde entonces, las movilizaciones y los llamamientos a los poderes p\u00fablicos han conseguido notables avances en su legislaci\u00f3n, representando los intereses de pacientes griegos en su pa\u00eds, [&hellip;]","protected":false},"author":3,"featured_media":6311,"comment_status":"closed","ping_status":"closed","sticky":false,"template":"","format":"standard","meta":{"loftocean-featured-post":"","loftocean_post_format_gallery":"","loftocean_post_format_gallery_ids":"","loftocean_post_format_gallery_urls":"","loftocean_post_format_video_id":"","loftocean_post_format_video_url":"","loftocean_post_format_video_type":"","loftocean_post_format_video":"","loftocean_post_format_audio_type":"","loftocean_post_format_audio_url":"","loftocean_post_format_audio_id":"","loftocean_post_format_audio":"","loftocean_post_format_quote_text":"","loftocean_post_format_quote_byline":"","loftocean_post_format_link_text":"","loftocean_post_format_link_url":"","ceramag_post_header_style":"","ceramag_enable_background_video":"","ceramag_show_in_top_slider":"","ceramag_post_background_video_start":"","ceramag_post_background_video_end":"","loftocean_page_background_video_id":"","loftocean_page_background_video_url":"","loftocean_page_background_video_type":"","loftocean_page_background_video":"","ceramag_background_video_start":"","ceramag_background_video_end":"","ceramag_single_page_hide_header":"","footnotes":""},"categories":[35],"tags":[528,43,41,52],"class_list":["post-6310","post","type-post","status-publish","format-standard","has-post-thumbnail","hentry","category-politica-y-sociedad","tag-asociacion-cannabica","tag-benito-diaz","tag-cannabis","tag-cannabis-medicinal"],"yoast_head":"<!-- This site is optimized with the Yoast SEO plugin v24.9 - https:\/\/yoast.com\/wordpress\/plugins\/seo\/ -->\n<title>Madres por el cannabis en Grecia: Mamaka<\/title>\n<meta name=\"description\" content=\"Entrada &#8226; Portal multimedia sobre cannabis y otras sustancias &#8226; 13 noviembre, 2020\" \/>\n<meta name=\"robots\" content=\"index, follow, max-snippet:-1, max-image-preview:large, max-video-preview:-1\" \/>\n<link rel=\"canonical\" href=\"https:\/\/www.cannabis.es\/pw\/2020\/11\/13\/madres-por-el-cannabis-en-grecia-mamaka\/\" \/>\n<meta name=\"twitter:card\" content=\"summary_large_image\" \/>\n<meta name=\"twitter:title\" content=\"Madres por el cannabis en Grecia: Mamaka\" \/>\n<meta name=\"twitter:description\" content=\"Entrada &#8226; Portal multimedia sobre cannabis y otras sustancias &#8226; 13 noviembre, 2020\" \/>\n<meta name=\"twitter:image\" content=\"https:\/\/www.cannabis.es\/pw\/wp-content\/uploads\/2020\/11\/PORTADA_MAMAKA.jpg\" \/>\n<meta name=\"twitter:creator\" content=\"@cannabis_es\" \/>\n<meta name=\"twitter:site\" content=\"@cannabis_es\" \/>\n<meta name=\"twitter:label1\" content=\"Escrito por\" \/>\n\t<meta name=\"twitter:data1\" content=\"Cannabis.es\" \/>\n\t<meta name=\"twitter:label2\" content=\"Tiempo de lectura\" \/>\n\t<meta name=\"twitter:data2\" content=\"6 minutos\" \/>\n<script type=\"application\/ld+json\" class=\"yoast-schema-graph\">{\"@context\":\"https:\/\/schema.org\",\"@graph\":[{\"@type\":\"Article\",\"@id\":\"https:\/\/www.cannabis.es\/pw\/2020\/11\/13\/madres-por-el-cannabis-en-grecia-mamaka\/#article\",\"isPartOf\":{\"@id\":\"https:\/\/www.cannabis.es\/pw\/2020\/11\/13\/madres-por-el-cannabis-en-grecia-mamaka\/\"},\"author\":{\"name\":\"Cannabis.es\",\"@id\":\"https:\/\/www.cannabis.es\/pw\/#\/schema\/person\/ec770c03f3e99d770687f537f4ba1e89\"},\"headline\":\"Madres por el cannabis en Grecia: Mamaka\",\"datePublished\":\"2020-11-13T12:08:35+00:00\",\"dateModified\":\"2020-11-13T12:15:58+00:00\",\"mainEntityOfPage\":{\"@id\":\"https:\/\/www.cannabis.es\/pw\/2020\/11\/13\/madres-por-el-cannabis-en-grecia-mamaka\/\"},\"wordCount\":1232,\"publisher\":{\"@id\":\"https:\/\/www.cannabis.es\/pw\/#organization\"},\"image\":{\"@id\":\"https:\/\/www.cannabis.es\/pw\/2020\/11\/13\/madres-por-el-cannabis-en-grecia-mamaka\/#primaryimage\"},\"thumbnailUrl\":\"https:\/\/www.cannabis.es\/pw\/wp-content\/uploads\/2020\/11\/PORTADA_MAMAKA.jpg\",\"keywords\":[\"asociaci\u00f3n cann\u00e1bica\",\"Benito D\u00edaz\",\"cannabis\",\"cannabis medicinal\"],\"articleSection\":[\"Pol\u00edtica y Sociedad\"],\"inLanguage\":\"es\"},{\"@type\":\"WebPage\",\"@id\":\"https:\/\/www.cannabis.es\/pw\/2020\/11\/13\/madres-por-el-cannabis-en-grecia-mamaka\/\",\"url\":\"https:\/\/www.cannabis.es\/pw\/2020\/11\/13\/madres-por-el-cannabis-en-grecia-mamaka\/\",\"name\":\"Madres por el cannabis en Grecia: Mamaka\",\"isPartOf\":{\"@id\":\"https:\/\/www.cannabis.es\/pw\/#website\"},\"primaryImageOfPage\":{\"@id\":\"https:\/\/www.cannabis.es\/pw\/2020\/11\/13\/madres-por-el-cannabis-en-grecia-mamaka\/#primaryimage\"},\"image\":{\"@id\":\"https:\/\/www.cannabis.es\/pw\/2020\/11\/13\/madres-por-el-cannabis-en-grecia-mamaka\/#primaryimage\"},\"thumbnailUrl\":\"https:\/\/www.cannabis.es\/pw\/wp-content\/uploads\/2020\/11\/PORTADA_MAMAKA.jpg\",\"datePublished\":\"2020-11-13T12:08:35+00:00\",\"dateModified\":\"2020-11-13T12:15:58+00:00\",\"description\":\"Entrada &#8226; Portal multimedia sobre cannabis y otras sustancias &#8226; 13 noviembre, 2020\",\"breadcrumb\":{\"@id\":\"https:\/\/www.cannabis.es\/pw\/2020\/11\/13\/madres-por-el-cannabis-en-grecia-mamaka\/#breadcrumb\"},\"inLanguage\":\"es\",\"potentialAction\":[{\"@type\":\"ReadAction\",\"target\":[\"https:\/\/www.cannabis.es\/pw\/2020\/11\/13\/madres-por-el-cannabis-en-grecia-mamaka\/\"]}]},{\"@type\":\"ImageObject\",\"inLanguage\":\"es\",\"@id\":\"https:\/\/www.cannabis.es\/pw\/2020\/11\/13\/madres-por-el-cannabis-en-grecia-mamaka\/#primaryimage\",\"url\":\"https:\/\/www.cannabis.es\/pw\/wp-content\/uploads\/2020\/11\/PORTADA_MAMAKA.jpg\",\"contentUrl\":\"https:\/\/www.cannabis.es\/pw\/wp-content\/uploads\/2020\/11\/PORTADA_MAMAKA.jpg\",\"width\":804,\"height\":532},{\"@type\":\"BreadcrumbList\",\"@id\":\"https:\/\/www.cannabis.es\/pw\/2020\/11\/13\/madres-por-el-cannabis-en-grecia-mamaka\/#breadcrumb\",\"itemListElement\":[{\"@type\":\"ListItem\",\"position\":1,\"name\":\"Portada\",\"item\":\"http:\/\/www.cannabis.es\/pw\/\"},{\"@type\":\"ListItem\",\"position\":2,\"name\":\"Madres por el cannabis en Grecia: Mamaka\"}]},{\"@type\":\"WebSite\",\"@id\":\"https:\/\/www.cannabis.es\/pw\/#website\",\"url\":\"https:\/\/www.cannabis.es\/pw\/\",\"name\":\"Cannabis\",\"description\":\"Portal multimedia sobre cannabis y otras sustancias\",\"publisher\":{\"@id\":\"https:\/\/www.cannabis.es\/pw\/#organization\"},\"potentialAction\":[{\"@type\":\"SearchAction\",\"target\":{\"@type\":\"EntryPoint\",\"urlTemplate\":\"https:\/\/www.cannabis.es\/pw\/?s={search_term_string}\"},\"query-input\":{\"@type\":\"PropertyValueSpecification\",\"valueRequired\":true,\"valueName\":\"search_term_string\"}}],\"inLanguage\":\"es\"},{\"@type\":\"Organization\",\"@id\":\"https:\/\/www.cannabis.es\/pw\/#organization\",\"name\":\"Cannabis.es\",\"url\":\"https:\/\/www.cannabis.es\/pw\/\",\"logo\":{\"@type\":\"ImageObject\",\"inLanguage\":\"es\",\"@id\":\"https:\/\/www.cannabis.es\/pw\/#\/schema\/logo\/image\/\",\"url\":\"https:\/\/www.cannabis.es\/pw\/wp-content\/uploads\/2019\/04\/cropped-logo_cannabis.png\",\"contentUrl\":\"https:\/\/www.cannabis.es\/pw\/wp-content\/uploads\/2019\/04\/cropped-logo_cannabis.png\",\"width\":361,\"height\":120,\"caption\":\"Cannabis.es\"},\"image\":{\"@id\":\"https:\/\/www.cannabis.es\/pw\/#\/schema\/logo\/image\/\"},\"sameAs\":[\"https:\/\/x.com\/cannabis_es\"]},{\"@type\":\"Person\",\"@id\":\"https:\/\/www.cannabis.es\/pw\/#\/schema\/person\/ec770c03f3e99d770687f537f4ba1e89\",\"name\":\"Cannabis.es\",\"image\":{\"@type\":\"ImageObject\",\"inLanguage\":\"es\",\"@id\":\"https:\/\/www.cannabis.es\/pw\/#\/schema\/person\/image\/\",\"url\":\"https:\/\/secure.gravatar.com\/avatar\/810c93a3d6fadc3d9c2665b1d919a4aedea8ed4dd63689d001e985a804e90d83?s=96&d=mm&r=g\",\"contentUrl\":\"https:\/\/secure.gravatar.com\/avatar\/810c93a3d6fadc3d9c2665b1d919a4aedea8ed4dd63689d001e985a804e90d83?s=96&d=mm&r=g\",\"caption\":\"Cannabis.es\"},\"url\":\"https:\/\/www.cannabis.es\/pw\/author\/arnau\/\"}]}<\/script>\n<!-- \/ Yoast SEO plugin. -->","yoast_head_json":{"title":"Madres por el cannabis en Grecia: Mamaka","description":"Entrada &#8226; Portal multimedia sobre cannabis y otras sustancias &#8226; 13 noviembre, 2020","robots":{"index":"index","follow":"follow","max-snippet":"max-snippet:-1","max-image-preview":"max-image-preview:large","max-video-preview":"max-video-preview:-1"},"canonical":"https:\/\/www.cannabis.es\/pw\/2020\/11\/13\/madres-por-el-cannabis-en-grecia-mamaka\/","twitter_card":"summary_large_image","twitter_title":"Madres por el cannabis en Grecia: Mamaka","twitter_description":"Entrada &#8226; Portal multimedia sobre cannabis y otras sustancias &#8226; 13 noviembre, 2020","twitter_image":"https:\/\/www.cannabis.es\/pw\/wp-content\/uploads\/2020\/11\/PORTADA_MAMAKA.jpg","twitter_creator":"@cannabis_es","twitter_site":"@cannabis_es","twitter_misc":{"Escrito por":"Cannabis.es","Tiempo de lectura":"6 minutos"},"schema":{"@context":"https:\/\/schema.org","@graph":[{"@type":"Article","@id":"https:\/\/www.cannabis.es\/pw\/2020\/11\/13\/madres-por-el-cannabis-en-grecia-mamaka\/#article","isPartOf":{"@id":"https:\/\/www.cannabis.es\/pw\/2020\/11\/13\/madres-por-el-cannabis-en-grecia-mamaka\/"},"author":{"name":"Cannabis.es","@id":"https:\/\/www.cannabis.es\/pw\/#\/schema\/person\/ec770c03f3e99d770687f537f4ba1e89"},"headline":"Madres por el cannabis en Grecia: Mamaka","datePublished":"2020-11-13T12:08:35+00:00","dateModified":"2020-11-13T12:15:58+00:00","mainEntityOfPage":{"@id":"https:\/\/www.cannabis.es\/pw\/2020\/11\/13\/madres-por-el-cannabis-en-grecia-mamaka\/"},"wordCount":1232,"publisher":{"@id":"https:\/\/www.cannabis.es\/pw\/#organization"},"image":{"@id":"https:\/\/www.cannabis.es\/pw\/2020\/11\/13\/madres-por-el-cannabis-en-grecia-mamaka\/#primaryimage"},"thumbnailUrl":"https:\/\/www.cannabis.es\/pw\/wp-content\/uploads\/2020\/11\/PORTADA_MAMAKA.jpg","keywords":["asociaci\u00f3n cann\u00e1bica","Benito D\u00edaz","cannabis","cannabis medicinal"],"articleSection":["Pol\u00edtica y Sociedad"],"inLanguage":"es"},{"@type":"WebPage","@id":"https:\/\/www.cannabis.es\/pw\/2020\/11\/13\/madres-por-el-cannabis-en-grecia-mamaka\/","url":"https:\/\/www.cannabis.es\/pw\/2020\/11\/13\/madres-por-el-cannabis-en-grecia-mamaka\/","name":"Madres por el cannabis en Grecia: Mamaka","isPartOf":{"@id":"https:\/\/www.cannabis.es\/pw\/#website"},"primaryImageOfPage":{"@id":"https:\/\/www.cannabis.es\/pw\/2020\/11\/13\/madres-por-el-cannabis-en-grecia-mamaka\/#primaryimage"},"image":{"@id":"https:\/\/www.cannabis.es\/pw\/2020\/11\/13\/madres-por-el-cannabis-en-grecia-mamaka\/#primaryimage"},"thumbnailUrl":"https:\/\/www.cannabis.es\/pw\/wp-content\/uploads\/2020\/11\/PORTADA_MAMAKA.jpg","datePublished":"2020-11-13T12:08:35+00:00","dateModified":"2020-11-13T12:15:58+00:00","description":"Entrada &#8226; Portal multimedia sobre cannabis y otras sustancias &#8226; 13 noviembre, 2020","breadcrumb":{"@id":"https:\/\/www.cannabis.es\/pw\/2020\/11\/13\/madres-por-el-cannabis-en-grecia-mamaka\/#breadcrumb"},"inLanguage":"es","potentialAction":[{"@type":"ReadAction","target":["https:\/\/www.cannabis.es\/pw\/2020\/11\/13\/madres-por-el-cannabis-en-grecia-mamaka\/"]}]},{"@type":"ImageObject","inLanguage":"es","@id":"https:\/\/www.cannabis.es\/pw\/2020\/11\/13\/madres-por-el-cannabis-en-grecia-mamaka\/#primaryimage","url":"https:\/\/www.cannabis.es\/pw\/wp-content\/uploads\/2020\/11\/PORTADA_MAMAKA.jpg","contentUrl":"https:\/\/www.cannabis.es\/pw\/wp-content\/uploads\/2020\/11\/PORTADA_MAMAKA.jpg","width":804,"height":532},{"@type":"BreadcrumbList","@id":"https:\/\/www.cannabis.es\/pw\/2020\/11\/13\/madres-por-el-cannabis-en-grecia-mamaka\/#breadcrumb","itemListElement":[{"@type":"ListItem","position":1,"name":"Portada","item":"http:\/\/www.cannabis.es\/pw\/"},{"@type":"ListItem","position":2,"name":"Madres por el cannabis en Grecia: Mamaka"}]},{"@type":"WebSite","@id":"https:\/\/www.cannabis.es\/pw\/#website","url":"https:\/\/www.cannabis.es\/pw\/","name":"Cannabis","description":"Portal multimedia sobre cannabis y otras sustancias","publisher":{"@id":"https:\/\/www.cannabis.es\/pw\/#organization"},"potentialAction":[{"@type":"SearchAction","target":{"@type":"EntryPoint","urlTemplate":"https:\/\/www.cannabis.es\/pw\/?s={search_term_string}"},"query-input":{"@type":"PropertyValueSpecification","valueRequired":true,"valueName":"search_term_string"}}],"inLanguage":"es"},{"@type":"Organization","@id":"https:\/\/www.cannabis.es\/pw\/#organization","name":"Cannabis.es","url":"https:\/\/www.cannabis.es\/pw\/","logo":{"@type":"ImageObject","inLanguage":"es","@id":"https:\/\/www.cannabis.es\/pw\/#\/schema\/logo\/image\/","url":"https:\/\/www.cannabis.es\/pw\/wp-content\/uploads\/2019\/04\/cropped-logo_cannabis.png","contentUrl":"https:\/\/www.cannabis.es\/pw\/wp-content\/uploads\/2019\/04\/cropped-logo_cannabis.png","width":361,"height":120,"caption":"Cannabis.es"},"image":{"@id":"https:\/\/www.cannabis.es\/pw\/#\/schema\/logo\/image\/"},"sameAs":["https:\/\/x.com\/cannabis_es"]},{"@type":"Person","@id":"https:\/\/www.cannabis.es\/pw\/#\/schema\/person\/ec770c03f3e99d770687f537f4ba1e89","name":"Cannabis.es","image":{"@type":"ImageObject","inLanguage":"es","@id":"https:\/\/www.cannabis.es\/pw\/#\/schema\/person\/image\/","url":"https:\/\/secure.gravatar.com\/avatar\/810c93a3d6fadc3d9c2665b1d919a4aedea8ed4dd63689d001e985a804e90d83?s=96&d=mm&r=g","contentUrl":"https:\/\/secure.gravatar.com\/avatar\/810c93a3d6fadc3d9c2665b1d919a4aedea8ed4dd63689d001e985a804e90d83?s=96&d=mm&r=g","caption":"Cannabis.es"},"url":"https:\/\/www.cannabis.es\/pw\/author\/arnau\/"}]}},"_links":{"self":[{"href":"https:\/\/www.cannabis.es\/pw\/wp-json\/wp\/v2\/posts\/6310","targetHints":{"allow":["GET"]}}],"collection":[{"href":"https:\/\/www.cannabis.es\/pw\/wp-json\/wp\/v2\/posts"}],"about":[{"href":"https:\/\/www.cannabis.es\/pw\/wp-json\/wp\/v2\/types\/post"}],"author":[{"embeddable":true,"href":"https:\/\/www.cannabis.es\/pw\/wp-json\/wp\/v2\/users\/3"}],"replies":[{"embeddable":true,"href":"https:\/\/www.cannabis.es\/pw\/wp-json\/wp\/v2\/comments?post=6310"}],"version-history":[{"count":2,"href":"https:\/\/www.cannabis.es\/pw\/wp-json\/wp\/v2\/posts\/6310\/revisions"}],"predecessor-version":[{"id":6315,"href":"https:\/\/www.cannabis.es\/pw\/wp-json\/wp\/v2\/posts\/6310\/revisions\/6315"}],"wp:featuredmedia":[{"embeddable":true,"href":"https:\/\/www.cannabis.es\/pw\/wp-json\/wp\/v2\/media\/6311"}],"wp:attachment":[{"href":"https:\/\/www.cannabis.es\/pw\/wp-json\/wp\/v2\/media?parent=6310"}],"wp:term":[{"taxonomy":"category","embeddable":true,"href":"https:\/\/www.cannabis.es\/pw\/wp-json\/wp\/v2\/categories?post=6310"},{"taxonomy":"post_tag","embeddable":true,"href":"https:\/\/www.cannabis.es\/pw\/wp-json\/wp\/v2\/tags?post=6310"}],"curies":[{"name":"wp","href":"https:\/\/api.w.org\/{rel}","templated":true}]}}