{"id":6320,"date":"2020-11-16T12:46:04","date_gmt":"2020-11-16T11:46:04","guid":{"rendered":"https:\/\/www.cannabis.es\/pw\/?p=6320"},"modified":"2020-11-16T13:30:31","modified_gmt":"2020-11-16T12:30:31","slug":"argentina-legaliza-el-cannabis-medicinal-y-su-autocultivo","status":"publish","type":"post","link":"https:\/\/www.cannabis.es\/pw\/2020\/11\/16\/argentina-legaliza-el-cannabis-medicinal-y-su-autocultivo\/","title":{"rendered":"Argentina legaliza el cannabis medicinal y su autocultivo"},"content":{"rendered":"\n<p>Benito D\u00edaz<\/p>\n\n\n\n<p>Argentina tumb\u00f3 la prohibici\u00f3n del cultivo de cannabis terap\u00e9utico. Sucedi\u00f3 el pasado d\u00eda 12 de noviembre, public\u00e1ndose la reglamentaci\u00f3n el jueves en el Bolet\u00edn Oficial. Su presidente, Alberto Fern\u00e1ndez, ha puesto fin a la persecuci\u00f3n de los cultivadores terap\u00e9uticos, escuchando al fin sus demandas. Estos cambios suponen de igual forma cambios al respecto de la lucha contra el narcotr\u00e1fico, como las propuestas en la comisi\u00f3n mixta celebrada desde Chile, en la que particip\u00f3 la sociedad civil con organizaciones como Fundaci\u00f3n Daya y Mam\u00e1 Cultiva.<\/p>\n\n\n\n<p><span class=\"has-inline-color has-luminous-vivid-orange-color\">\u201c<em>Es necesario reconocer que el desarrollo de investigaci\u00f3n y evidencia cient\u00edfica en el uso medicinal, terap\u00e9utico y\/o paliativo del cannabis y sus derivados se encuentra en pleno desarrollo en el mundo, lo cual obliga a seguir los avances de la ciencia para ir consolidando la pol\u00edtica p\u00fablica y el marco regulatorio vigente\u201d<\/em><\/span><em>,<\/em> afirma la nueva regulaci\u00f3n, que viene a sustituir a la norma aplicada desde 2017.<span class=\"has-inline-color has-luminous-vivid-orange-color\"> <em>\u201cPor lo expuesto, resulta impostergable crear un marco reglamentario que permita un acceso oportuno, seguro e inclusivo y protector de quienes requieren utilizar el cannabis como herramienta terap\u00e9utica\u201d<\/em>.<\/span><\/p>\n\n\n\n<figure class=\"wp-block-image size-large\"><img loading=\"lazy\" decoding=\"async\" width=\"804\" height=\"532\" src=\"https:\/\/www.cannabis.es\/pw\/wp-content\/uploads\/2020\/11\/argentina-autocultivo-medicinal-1.jpg\" alt=\"\" class=\"wp-image-6324\" srcset=\"https:\/\/www.cannabis.es\/pw\/wp-content\/uploads\/2020\/11\/argentina-autocultivo-medicinal-1.jpg 804w, https:\/\/www.cannabis.es\/pw\/wp-content\/uploads\/2020\/11\/argentina-autocultivo-medicinal-1-300x199.jpg 300w, https:\/\/www.cannabis.es\/pw\/wp-content\/uploads\/2020\/11\/argentina-autocultivo-medicinal-1-768x508.jpg 768w, https:\/\/www.cannabis.es\/pw\/wp-content\/uploads\/2020\/11\/argentina-autocultivo-medicinal-1-600x397.jpg 600w\" sizes=\"auto, (max-width: 804px) 100vw, 804px\" \/><\/figure>\n\n\n\n<h2 class=\"wp-block-heading\"><strong>Nueva Legislaci\u00f3n Cann\u00e1bica<\/strong><\/h2>\n\n\n\n<p>La normativa argentina permitir\u00e1 a partir de ahora, la venta de aceites, cremas y otros derivados en farmacias especializadas. Esto responder\u00e1 a las peticiones de pacientes con mayor facilidad y responder\u00e1 a las exigencias de enfermos y asociaciones, que argumentaban que esta clase de tratamientos <strong>solo eran accesibles si se padec\u00edan ciertos tipos de epilepsia refractaria.<\/strong><\/p>\n\n\n\n<p>La principal novedad que <a href=\"https:\/\/www.boletinoficial.gob.ar\/detalleAviso\/primera\/237208\/20201112\">trae la nueva regulaci\u00f3n,<\/a> es que <strong>se contempla el autocultivo<\/strong> con objeto terap\u00e9utico. De esta forma, las cultivadoras y cultivadores tendr\u00e1n que figurar en el Registro del programa nacional de cannabis (ReproCann), organismo que autorizar\u00e1 las matas de forma legal.<\/p>\n\n\n\n<p><span class=\"has-inline-color has-luminous-vivid-orange-color\">\u201c<em>Los pacientes podr\u00e1n inscribirse para obtener la autorizaci\u00f3n de cultivo para s\u00ed, a trav\u00e9s de un o una familiar, una tercera persona o una organizaci\u00f3n civil autorizada por la Autoridad de Aplicaci\u00f3n\u201d<\/em>,<\/span> se\u00f1ala el texto, dando lugar a un gran n\u00famero de posibilidades que avalan a estos productores y usuarios. Para obtener la autorizaci\u00f3n, ser\u00e1 necesario estar avalado por una prescripci\u00f3n m\u00e9dica y firmar un consentimiento expl\u00edcito. El n\u00famero de plantas m\u00e1ximo por domicilio no est\u00e1 establecido y se revisar\u00e1 en pr\u00f3ximas ocasiones.<\/p>\n\n\n\n<p>El Estado impulsar\u00e1 la producci\u00f3n p\u00fablica y el acceso a las terapias para aquellos pacientes sin cobertura m\u00e9dica. Para ello contar\u00e1 con laboratorios radicados en la Agencia Nacional de Laboratorios, distribuyendo el producto a trav\u00e9s del Banco Nacional de Drogas Oncol\u00f3gicas y Farmacias que cuenten con la autorizaci\u00f3n necesaria. Cientos de personas que no cuentan con la ayuda de fines sociales o seguros privados, tambi\u00e9n podr\u00e1n optar por estas alternativas cann\u00e1bicas.<\/p>\n\n\n\n<p>Argentina podr\u00e1 exportar e importar especialidades m\u00e9dicas del extranjero o vender las suyas en dicho mercado internacional, dando lugar a una normativa que se acerca cada vez m\u00e1s a la de Uruguay en 2013, la cual convirti\u00f3 al pa\u00eds en un pionero cann\u00e1bico mundial, a la vez que en un referente para las naciones latinoamericanas.<\/p>\n\n\n\n<h2 class=\"wp-block-heading\"><strong>Sociedad Civil<\/strong><\/h2>\n\n\n\n<p>La normativa ha sido recibida por pacientes y organizaciones como una victoria. <em><span class=\"has-inline-color has-luminous-vivid-orange-color\">\u201cHoy lloramos de alegr\u00eda porque empezamos esta lucha por nuestros hijos. Somos una gran familia luchando por un mismo derecho, el derecho a la calidad de vida. Vamos a cultivar la medicina de los nuestros sin miedo. No somos delincuentes\u00bb<\/span>,<\/em> comunicaba la <a href=\"https:\/\/www.cannabis.es\/pw\/2018\/11\/12\/mama-cultiva-esperanza-medicinal-para-chile-y-argentina\/\">asociaci\u00f3n Mam\u00e1 Cultiva<\/a> en su Twitter. <span class=\"has-inline-color has-luminous-vivid-orange-color\"><em>\u201cEn 2017 no reglamentaron el autocultivo y otra vez quedamos a la deriva, como delincuentes a las que nos pod\u00edan imponer una pena de entre cuatro a quince a\u00f1os. Cualquiera pod\u00eda ser allanada o si me entraban a robar en casa no pod\u00eda llamar a la polic\u00eda porque ten\u00eda plantas\u201d<\/em>,<\/span> explica <a href=\"https:\/\/www.cannabis.es\/pw\/2017\/05\/03\/entrevista-a-la-fundadora-de-mama-cultiva-cannabis-empoderamiento-y-autocultivo\/\">Valeria Salech, presidenta de Mam\u00e1 Cultiva.<\/a><\/p>\n\n\n\n<p>Entre el j\u00fabilo subyace la necesidad de que la revisi\u00f3n de los detalles para la aplicaci\u00f3n de la normativa. A ese respecto, se celebr\u00f3 una reuni\u00f3n entre distintos actores que conformaron una comisi\u00f3n para establecer una serie de cuestiones y propuestas para proteger a los usuarios terap\u00e9uticos y lograr cerrar el cerco al narcotr\u00e1fico, cuyas actividades est\u00e1n hoy, gracias a la regulaci\u00f3n, bajo una vigilancia estrecha.<\/p>\n\n\n\n<h2 class=\"wp-block-heading\"><strong>Propuestas desde Chile<\/strong><\/h2>\n\n\n\n<p>La reuni\u00f3n, expuesta por Ana Mar\u00eda Gazmuri, <a href=\"https:\/\/www.cannabis.es\/pw\/2017\/09\/11\/visitamos-la-fundacion-daya-y-os-traemos-sabiduria-cannabica-desde-chile\/\">Directora Ejecutiva de Fundaci\u00f3n Daya,<\/a> Chile, se celebr\u00f3 el mismo jueves 15. Su objetivo era presentar las medidas que podr\u00edan proponerse para adecuar los pormenores de la ley, seg\u00fan las necesidades que encontraron oportunas al inter\u00e9s de los pacientes, tanto en su pa\u00eds como en Argentina.<\/p>\n\n\n\n<p>Cabe destacar que el Congreso Nacional de Chile aprob\u00f3 en 2016 un proyecto de ley que despenaliza el autocultivo de marihuana, as\u00ed como su consumo en privado.<\/p>\n\n\n\n<p>Estas propuestas adoptar\u00edan distintas formas para los distintos escenarios que plantean, incluyendo el cannabis recreativo adem\u00e1s del terap\u00e9utico. De esta forma, la conducta reglada del cultivo y autocultivo, vendr\u00edan marcadas por el uso de la semilla y el desarrollo de plantas por parte de adultos (uso recreativo) o solo terap\u00e9utico. En el primer caso, diferencia entre lugares de cultivo, como Tierra, con hasta seis plantas en exterior, o diez si se trata de cultivo terap\u00e9utico. recreativo, 12 plantas en maceta en exterior, 20 si es terap\u00e9utico. Hasta dos metros cuadrados en interior (indoor), cuatro si es con objeto medicinal.<\/p>\n\n\n\n<p>La tenencia estar\u00eda permitida hasta los 2.000 gramos de flor seca, 3.000 si es terap\u00e9utica. Su posesi\u00f3n y transporte, hasta 40 gramos de cannabis recreativo, hasta 60 gramos de terap\u00e9utico.<\/p>\n\n\n\n<p>Debemos recordar que se trata tan solo de una propuesta, fruto de una comisi\u00f3n emanada de las necesidades de la sociedad civil argentina y chilena. Ambos gobiernos deben plantear y resolver los detalles de sus legislaciones cuanto antes, para evitar que el narcotr\u00e1fico encuentre sus debilidades y las aproveche en su beneficio. Sin embargo, el progreso de la ley argentina, que hasta ahora prohib\u00eda el cannabis con multas y penas de c\u00e1rcel, es notable y deber\u00eda servir de reflexi\u00f3n para otras naciones, qui\u00e9n sabe, hasta europeas.<\/p>\n","protected":false},"excerpt":{"rendered":"<span class=\"span-reading-time rt-reading-time\" style=\"display: block;\"><span class=\"rt-label rt-prefix\">Tiempo de lectura:<\/span> <span class=\"rt-time\"> 4<\/span> <span class=\"rt-label rt-postfix\">minutos<\/span><\/span>Benito D\u00edaz Argentina tumb\u00f3 la prohibici\u00f3n del cultivo de cannabis terap\u00e9utico. Sucedi\u00f3 el pasado d\u00eda 12 de noviembre, public\u00e1ndose la reglamentaci\u00f3n el jueves en el Bolet\u00edn Oficial. Su presidente, Alberto Fern\u00e1ndez, ha puesto fin a la persecuci\u00f3n de los cultivadores terap\u00e9uticos, escuchando al fin sus demandas. Estos cambios suponen de igual forma cambios al respecto [&hellip;]","protected":false},"author":3,"featured_media":6324,"comment_status":"closed","ping_status":"closed","sticky":false,"template":"","format":"standard","meta":{"loftocean-featured-post":"","loftocean_post_format_gallery":"","loftocean_post_format_gallery_ids":"","loftocean_post_format_gallery_urls":"","loftocean_post_format_video_id":"","loftocean_post_format_video_url":"","loftocean_post_format_video_type":"","loftocean_post_format_video":"","loftocean_post_format_audio_type":"","loftocean_post_format_audio_url":"","loftocean_post_format_audio_id":"","loftocean_post_format_audio":"","loftocean_post_format_quote_text":"","loftocean_post_format_quote_byline":"","loftocean_post_format_link_text":"","loftocean_post_format_link_url":"","ceramag_post_header_style":"","ceramag_enable_background_video":"","ceramag_show_in_top_slider":"","ceramag_post_background_video_start":"","ceramag_post_background_video_end":"","loftocean_page_background_video_id":"","loftocean_page_background_video_url":"","loftocean_page_background_video_type":"","loftocean_page_background_video":"","ceramag_background_video_start":"","ceramag_background_video_end":"","ceramag_single_page_hide_header":"","footnotes":""},"categories":[35],"tags":[1480,66,43,52,54],"class_list":["post-6320","post","type-post","status-publish","format-standard","has-post-thumbnail","hentry","category-politica-y-sociedad","tag-argentina","tag-autocultivo","tag-benito-diaz","tag-cannabis-medicinal","tag-legalizacion"],"yoast_head":"<!-- This site is optimized with the Yoast SEO plugin v24.9 - https:\/\/yoast.com\/wordpress\/plugins\/seo\/ -->\n<title>Argentina legaliza el cannabis medicinal y su autocultivo<\/title>\n<meta name=\"description\" content=\"Entrada &#8226; Portal multimedia sobre cannabis y otras sustancias &#8226; 16 noviembre, 2020\" \/>\n<meta name=\"robots\" content=\"index, follow, max-snippet:-1, max-image-preview:large, max-video-preview:-1\" \/>\n<link rel=\"canonical\" href=\"https:\/\/www.cannabis.es\/pw\/2020\/11\/16\/argentina-legaliza-el-cannabis-medicinal-y-su-autocultivo\/\" \/>\n<meta name=\"twitter:card\" content=\"summary_large_image\" \/>\n<meta name=\"twitter:title\" content=\"Argentina legaliza el cannabis medicinal y su autocultivo\" \/>\n<meta name=\"twitter:description\" content=\"Entrada &#8226; Portal multimedia sobre cannabis y otras sustancias &#8226; 16 noviembre, 2020\" \/>\n<meta name=\"twitter:image\" content=\"https:\/\/www.cannabis.es\/pw\/wp-content\/uploads\/2020\/11\/argentina-autocultivo-medicinal-1.jpg\" \/>\n<meta name=\"twitter:creator\" content=\"@cannabis_es\" \/>\n<meta name=\"twitter:site\" content=\"@cannabis_es\" \/>\n<meta name=\"twitter:label1\" content=\"Escrito por\" \/>\n\t<meta name=\"twitter:data1\" content=\"Cannabis.es\" \/>\n\t<meta name=\"twitter:label2\" content=\"Tiempo de lectura\" \/>\n\t<meta name=\"twitter:data2\" content=\"5 minutos\" \/>\n<script type=\"application\/ld+json\" class=\"yoast-schema-graph\">{\"@context\":\"https:\/\/schema.org\",\"@graph\":[{\"@type\":\"Article\",\"@id\":\"https:\/\/www.cannabis.es\/pw\/2020\/11\/16\/argentina-legaliza-el-cannabis-medicinal-y-su-autocultivo\/#article\",\"isPartOf\":{\"@id\":\"https:\/\/www.cannabis.es\/pw\/2020\/11\/16\/argentina-legaliza-el-cannabis-medicinal-y-su-autocultivo\/\"},\"author\":{\"name\":\"Cannabis.es\",\"@id\":\"https:\/\/www.cannabis.es\/pw\/#\/schema\/person\/ec770c03f3e99d770687f537f4ba1e89\"},\"headline\":\"Argentina legaliza el cannabis medicinal y su autocultivo\",\"datePublished\":\"2020-11-16T11:46:04+00:00\",\"dateModified\":\"2020-11-16T12:30:31+00:00\",\"mainEntityOfPage\":{\"@id\":\"https:\/\/www.cannabis.es\/pw\/2020\/11\/16\/argentina-legaliza-el-cannabis-medicinal-y-su-autocultivo\/\"},\"wordCount\":1067,\"publisher\":{\"@id\":\"https:\/\/www.cannabis.es\/pw\/#organization\"},\"image\":{\"@id\":\"https:\/\/www.cannabis.es\/pw\/2020\/11\/16\/argentina-legaliza-el-cannabis-medicinal-y-su-autocultivo\/#primaryimage\"},\"thumbnailUrl\":\"https:\/\/www.cannabis.es\/pw\/wp-content\/uploads\/2020\/11\/argentina-autocultivo-medicinal-1.jpg\",\"keywords\":[\"argentina\",\"autocultivo\",\"Benito D\u00edaz\",\"cannabis medicinal\",\"legalizaci\u00f3n\"],\"articleSection\":[\"Pol\u00edtica y Sociedad\"],\"inLanguage\":\"es\"},{\"@type\":\"WebPage\",\"@id\":\"https:\/\/www.cannabis.es\/pw\/2020\/11\/16\/argentina-legaliza-el-cannabis-medicinal-y-su-autocultivo\/\",\"url\":\"https:\/\/www.cannabis.es\/pw\/2020\/11\/16\/argentina-legaliza-el-cannabis-medicinal-y-su-autocultivo\/\",\"name\":\"Argentina legaliza el cannabis medicinal y su autocultivo\",\"isPartOf\":{\"@id\":\"https:\/\/www.cannabis.es\/pw\/#website\"},\"primaryImageOfPage\":{\"@id\":\"https:\/\/www.cannabis.es\/pw\/2020\/11\/16\/argentina-legaliza-el-cannabis-medicinal-y-su-autocultivo\/#primaryimage\"},\"image\":{\"@id\":\"https:\/\/www.cannabis.es\/pw\/2020\/11\/16\/argentina-legaliza-el-cannabis-medicinal-y-su-autocultivo\/#primaryimage\"},\"thumbnailUrl\":\"https:\/\/www.cannabis.es\/pw\/wp-content\/uploads\/2020\/11\/argentina-autocultivo-medicinal-1.jpg\",\"datePublished\":\"2020-11-16T11:46:04+00:00\",\"dateModified\":\"2020-11-16T12:30:31+00:00\",\"description\":\"Entrada &#8226; Portal multimedia sobre cannabis y otras sustancias &#8226; 16 noviembre, 2020\",\"breadcrumb\":{\"@id\":\"https:\/\/www.cannabis.es\/pw\/2020\/11\/16\/argentina-legaliza-el-cannabis-medicinal-y-su-autocultivo\/#breadcrumb\"},\"inLanguage\":\"es\",\"potentialAction\":[{\"@type\":\"ReadAction\",\"target\":[\"https:\/\/www.cannabis.es\/pw\/2020\/11\/16\/argentina-legaliza-el-cannabis-medicinal-y-su-autocultivo\/\"]}]},{\"@type\":\"ImageObject\",\"inLanguage\":\"es\",\"@id\":\"https:\/\/www.cannabis.es\/pw\/2020\/11\/16\/argentina-legaliza-el-cannabis-medicinal-y-su-autocultivo\/#primaryimage\",\"url\":\"https:\/\/www.cannabis.es\/pw\/wp-content\/uploads\/2020\/11\/argentina-autocultivo-medicinal-1.jpg\",\"contentUrl\":\"https:\/\/www.cannabis.es\/pw\/wp-content\/uploads\/2020\/11\/argentina-autocultivo-medicinal-1.jpg\",\"width\":804,\"height\":532},{\"@type\":\"BreadcrumbList\",\"@id\":\"https:\/\/www.cannabis.es\/pw\/2020\/11\/16\/argentina-legaliza-el-cannabis-medicinal-y-su-autocultivo\/#breadcrumb\",\"itemListElement\":[{\"@type\":\"ListItem\",\"position\":1,\"name\":\"Portada\",\"item\":\"http:\/\/www.cannabis.es\/pw\/\"},{\"@type\":\"ListItem\",\"position\":2,\"name\":\"Argentina legaliza el cannabis medicinal y su autocultivo\"}]},{\"@type\":\"WebSite\",\"@id\":\"https:\/\/www.cannabis.es\/pw\/#website\",\"url\":\"https:\/\/www.cannabis.es\/pw\/\",\"name\":\"Cannabis\",\"description\":\"Portal multimedia sobre cannabis y otras sustancias\",\"publisher\":{\"@id\":\"https:\/\/www.cannabis.es\/pw\/#organization\"},\"potentialAction\":[{\"@type\":\"SearchAction\",\"target\":{\"@type\":\"EntryPoint\",\"urlTemplate\":\"https:\/\/www.cannabis.es\/pw\/?s={search_term_string}\"},\"query-input\":{\"@type\":\"PropertyValueSpecification\",\"valueRequired\":true,\"valueName\":\"search_term_string\"}}],\"inLanguage\":\"es\"},{\"@type\":\"Organization\",\"@id\":\"https:\/\/www.cannabis.es\/pw\/#organization\",\"name\":\"Cannabis.es\",\"url\":\"https:\/\/www.cannabis.es\/pw\/\",\"logo\":{\"@type\":\"ImageObject\",\"inLanguage\":\"es\",\"@id\":\"https:\/\/www.cannabis.es\/pw\/#\/schema\/logo\/image\/\",\"url\":\"https:\/\/www.cannabis.es\/pw\/wp-content\/uploads\/2019\/04\/cropped-logo_cannabis.png\",\"contentUrl\":\"https:\/\/www.cannabis.es\/pw\/wp-content\/uploads\/2019\/04\/cropped-logo_cannabis.png\",\"width\":361,\"height\":120,\"caption\":\"Cannabis.es\"},\"image\":{\"@id\":\"https:\/\/www.cannabis.es\/pw\/#\/schema\/logo\/image\/\"},\"sameAs\":[\"https:\/\/x.com\/cannabis_es\"]},{\"@type\":\"Person\",\"@id\":\"https:\/\/www.cannabis.es\/pw\/#\/schema\/person\/ec770c03f3e99d770687f537f4ba1e89\",\"name\":\"Cannabis.es\",\"image\":{\"@type\":\"ImageObject\",\"inLanguage\":\"es\",\"@id\":\"https:\/\/www.cannabis.es\/pw\/#\/schema\/person\/image\/\",\"url\":\"https:\/\/secure.gravatar.com\/avatar\/810c93a3d6fadc3d9c2665b1d919a4aedea8ed4dd63689d001e985a804e90d83?s=96&d=mm&r=g\",\"contentUrl\":\"https:\/\/secure.gravatar.com\/avatar\/810c93a3d6fadc3d9c2665b1d919a4aedea8ed4dd63689d001e985a804e90d83?s=96&d=mm&r=g\",\"caption\":\"Cannabis.es\"},\"url\":\"https:\/\/www.cannabis.es\/pw\/author\/arnau\/\"}]}<\/script>\n<!-- \/ Yoast SEO plugin. -->","yoast_head_json":{"title":"Argentina legaliza el cannabis medicinal y su autocultivo","description":"Entrada &#8226; Portal multimedia sobre cannabis y otras sustancias &#8226; 16 noviembre, 2020","robots":{"index":"index","follow":"follow","max-snippet":"max-snippet:-1","max-image-preview":"max-image-preview:large","max-video-preview":"max-video-preview:-1"},"canonical":"https:\/\/www.cannabis.es\/pw\/2020\/11\/16\/argentina-legaliza-el-cannabis-medicinal-y-su-autocultivo\/","twitter_card":"summary_large_image","twitter_title":"Argentina legaliza el cannabis medicinal y su autocultivo","twitter_description":"Entrada &#8226; Portal multimedia sobre cannabis y otras sustancias &#8226; 16 noviembre, 2020","twitter_image":"https:\/\/www.cannabis.es\/pw\/wp-content\/uploads\/2020\/11\/argentina-autocultivo-medicinal-1.jpg","twitter_creator":"@cannabis_es","twitter_site":"@cannabis_es","twitter_misc":{"Escrito por":"Cannabis.es","Tiempo de lectura":"5 minutos"},"schema":{"@context":"https:\/\/schema.org","@graph":[{"@type":"Article","@id":"https:\/\/www.cannabis.es\/pw\/2020\/11\/16\/argentina-legaliza-el-cannabis-medicinal-y-su-autocultivo\/#article","isPartOf":{"@id":"https:\/\/www.cannabis.es\/pw\/2020\/11\/16\/argentina-legaliza-el-cannabis-medicinal-y-su-autocultivo\/"},"author":{"name":"Cannabis.es","@id":"https:\/\/www.cannabis.es\/pw\/#\/schema\/person\/ec770c03f3e99d770687f537f4ba1e89"},"headline":"Argentina legaliza el cannabis medicinal y su autocultivo","datePublished":"2020-11-16T11:46:04+00:00","dateModified":"2020-11-16T12:30:31+00:00","mainEntityOfPage":{"@id":"https:\/\/www.cannabis.es\/pw\/2020\/11\/16\/argentina-legaliza-el-cannabis-medicinal-y-su-autocultivo\/"},"wordCount":1067,"publisher":{"@id":"https:\/\/www.cannabis.es\/pw\/#organization"},"image":{"@id":"https:\/\/www.cannabis.es\/pw\/2020\/11\/16\/argentina-legaliza-el-cannabis-medicinal-y-su-autocultivo\/#primaryimage"},"thumbnailUrl":"https:\/\/www.cannabis.es\/pw\/wp-content\/uploads\/2020\/11\/argentina-autocultivo-medicinal-1.jpg","keywords":["argentina","autocultivo","Benito D\u00edaz","cannabis medicinal","legalizaci\u00f3n"],"articleSection":["Pol\u00edtica y Sociedad"],"inLanguage":"es"},{"@type":"WebPage","@id":"https:\/\/www.cannabis.es\/pw\/2020\/11\/16\/argentina-legaliza-el-cannabis-medicinal-y-su-autocultivo\/","url":"https:\/\/www.cannabis.es\/pw\/2020\/11\/16\/argentina-legaliza-el-cannabis-medicinal-y-su-autocultivo\/","name":"Argentina legaliza el cannabis medicinal y su autocultivo","isPartOf":{"@id":"https:\/\/www.cannabis.es\/pw\/#website"},"primaryImageOfPage":{"@id":"https:\/\/www.cannabis.es\/pw\/2020\/11\/16\/argentina-legaliza-el-cannabis-medicinal-y-su-autocultivo\/#primaryimage"},"image":{"@id":"https:\/\/www.cannabis.es\/pw\/2020\/11\/16\/argentina-legaliza-el-cannabis-medicinal-y-su-autocultivo\/#primaryimage"},"thumbnailUrl":"https:\/\/www.cannabis.es\/pw\/wp-content\/uploads\/2020\/11\/argentina-autocultivo-medicinal-1.jpg","datePublished":"2020-11-16T11:46:04+00:00","dateModified":"2020-11-16T12:30:31+00:00","description":"Entrada &#8226; Portal multimedia sobre cannabis y otras sustancias &#8226; 16 noviembre, 2020","breadcrumb":{"@id":"https:\/\/www.cannabis.es\/pw\/2020\/11\/16\/argentina-legaliza-el-cannabis-medicinal-y-su-autocultivo\/#breadcrumb"},"inLanguage":"es","potentialAction":[{"@type":"ReadAction","target":["https:\/\/www.cannabis.es\/pw\/2020\/11\/16\/argentina-legaliza-el-cannabis-medicinal-y-su-autocultivo\/"]}]},{"@type":"ImageObject","inLanguage":"es","@id":"https:\/\/www.cannabis.es\/pw\/2020\/11\/16\/argentina-legaliza-el-cannabis-medicinal-y-su-autocultivo\/#primaryimage","url":"https:\/\/www.cannabis.es\/pw\/wp-content\/uploads\/2020\/11\/argentina-autocultivo-medicinal-1.jpg","contentUrl":"https:\/\/www.cannabis.es\/pw\/wp-content\/uploads\/2020\/11\/argentina-autocultivo-medicinal-1.jpg","width":804,"height":532},{"@type":"BreadcrumbList","@id":"https:\/\/www.cannabis.es\/pw\/2020\/11\/16\/argentina-legaliza-el-cannabis-medicinal-y-su-autocultivo\/#breadcrumb","itemListElement":[{"@type":"ListItem","position":1,"name":"Portada","item":"http:\/\/www.cannabis.es\/pw\/"},{"@type":"ListItem","position":2,"name":"Argentina legaliza el cannabis medicinal y su autocultivo"}]},{"@type":"WebSite","@id":"https:\/\/www.cannabis.es\/pw\/#website","url":"https:\/\/www.cannabis.es\/pw\/","name":"Cannabis","description":"Portal multimedia sobre cannabis y otras sustancias","publisher":{"@id":"https:\/\/www.cannabis.es\/pw\/#organization"},"potentialAction":[{"@type":"SearchAction","target":{"@type":"EntryPoint","urlTemplate":"https:\/\/www.cannabis.es\/pw\/?s={search_term_string}"},"query-input":{"@type":"PropertyValueSpecification","valueRequired":true,"valueName":"search_term_string"}}],"inLanguage":"es"},{"@type":"Organization","@id":"https:\/\/www.cannabis.es\/pw\/#organization","name":"Cannabis.es","url":"https:\/\/www.cannabis.es\/pw\/","logo":{"@type":"ImageObject","inLanguage":"es","@id":"https:\/\/www.cannabis.es\/pw\/#\/schema\/logo\/image\/","url":"https:\/\/www.cannabis.es\/pw\/wp-content\/uploads\/2019\/04\/cropped-logo_cannabis.png","contentUrl":"https:\/\/www.cannabis.es\/pw\/wp-content\/uploads\/2019\/04\/cropped-logo_cannabis.png","width":361,"height":120,"caption":"Cannabis.es"},"image":{"@id":"https:\/\/www.cannabis.es\/pw\/#\/schema\/logo\/image\/"},"sameAs":["https:\/\/x.com\/cannabis_es"]},{"@type":"Person","@id":"https:\/\/www.cannabis.es\/pw\/#\/schema\/person\/ec770c03f3e99d770687f537f4ba1e89","name":"Cannabis.es","image":{"@type":"ImageObject","inLanguage":"es","@id":"https:\/\/www.cannabis.es\/pw\/#\/schema\/person\/image\/","url":"https:\/\/secure.gravatar.com\/avatar\/810c93a3d6fadc3d9c2665b1d919a4aedea8ed4dd63689d001e985a804e90d83?s=96&d=mm&r=g","contentUrl":"https:\/\/secure.gravatar.com\/avatar\/810c93a3d6fadc3d9c2665b1d919a4aedea8ed4dd63689d001e985a804e90d83?s=96&d=mm&r=g","caption":"Cannabis.es"},"url":"https:\/\/www.cannabis.es\/pw\/author\/arnau\/"}]}},"_links":{"self":[{"href":"https:\/\/www.cannabis.es\/pw\/wp-json\/wp\/v2\/posts\/6320","targetHints":{"allow":["GET"]}}],"collection":[{"href":"https:\/\/www.cannabis.es\/pw\/wp-json\/wp\/v2\/posts"}],"about":[{"href":"https:\/\/www.cannabis.es\/pw\/wp-json\/wp\/v2\/types\/post"}],"author":[{"embeddable":true,"href":"https:\/\/www.cannabis.es\/pw\/wp-json\/wp\/v2\/users\/3"}],"replies":[{"embeddable":true,"href":"https:\/\/www.cannabis.es\/pw\/wp-json\/wp\/v2\/comments?post=6320"}],"version-history":[{"count":3,"href":"https:\/\/www.cannabis.es\/pw\/wp-json\/wp\/v2\/posts\/6320\/revisions"}],"predecessor-version":[{"id":6325,"href":"https:\/\/www.cannabis.es\/pw\/wp-json\/wp\/v2\/posts\/6320\/revisions\/6325"}],"wp:featuredmedia":[{"embeddable":true,"href":"https:\/\/www.cannabis.es\/pw\/wp-json\/wp\/v2\/media\/6324"}],"wp:attachment":[{"href":"https:\/\/www.cannabis.es\/pw\/wp-json\/wp\/v2\/media?parent=6320"}],"wp:term":[{"taxonomy":"category","embeddable":true,"href":"https:\/\/www.cannabis.es\/pw\/wp-json\/wp\/v2\/categories?post=6320"},{"taxonomy":"post_tag","embeddable":true,"href":"https:\/\/www.cannabis.es\/pw\/wp-json\/wp\/v2\/tags?post=6320"}],"curies":[{"name":"wp","href":"https:\/\/api.w.org\/{rel}","templated":true}]}}