{"id":6330,"date":"2020-11-18T13:14:52","date_gmt":"2020-11-18T12:14:52","guid":{"rendered":"https:\/\/www.cannabis.es\/pw\/?p=6330"},"modified":"2020-11-18T14:22:51","modified_gmt":"2020-11-18T13:22:51","slug":"podemos-lleva-la-legalizacion-a-comision-con-el-psoe-en-contra-y-erc-y-pnv-pidiendo-explicaciones","status":"publish","type":"post","link":"https:\/\/www.cannabis.es\/pw\/2020\/11\/18\/podemos-lleva-la-legalizacion-a-comision-con-el-psoe-en-contra-y-erc-y-pnv-pidiendo-explicaciones\/","title":{"rendered":"Podemos lleva la legalizaci\u00f3n a Comisi\u00f3n con el PSOE en contra y ERC y PNV pidiendo explicaciones"},"content":{"rendered":"\n<p><br>Arnau Alcaide<br><br>Ayer en el Congreso de los Diputados, la Comisi\u00f3n Mixta para el Estudio de las Adicciones, formada por diputadas y senadoras, recibi\u00f3 a Araceli Manj\u00f3n a invitaci\u00f3n de la <a href=\"https:\/\/www.cannabis.es\/pw\/2020\/10\/07\/lucia-munoz-portavoz-de-la-comision-de-adicciones-en-el-congreso-ojala-tengamos-regulacion-integral-al-final-de-la-legislatura\/\">portavoz de Podemos, Luc\u00eda Dalda, a quien entrevistamos con motivo de un borrador de regulaci\u00f3n<\/a> que result\u00f3 estar a\u00fan en proceso interno del partido morado.<\/p>\n\n\n\n<p>Con este paso, Dalda acercaba una presentaci\u00f3n con la especialista de Regulaci\u00f3n Responsable, exmagistrada suplente de la Sala de lo penal en la Audiencia Nacional y <a href=\"https:\/\/www.cannabis.es\/pw\/2019\/03\/15\/asociaciones-de-gestion-de-placeres-y-riesgos-hacen-de-estado-donde-la-moral-no-alcanza-a-regular\/\">exdirectora del Plan Nacional sobre Drogas<\/a>. \u00abPara m\u00ed lo m\u00e1s importante es estar hoy en el parlamento, porque, si no, podemos investigar, podemos publicar, pero no llegamos al legislativo con las conclusiones\u00bb, arrancaba Manj\u00f3n.<\/p>\n\n\n\n<p>Habl\u00f3 de fiscalizaci\u00f3n internacional y fracaso de la prohibici\u00f3n, as\u00ed como de las dos opciones regulatorias posibles, terap\u00e9utica, r\u00e1pida v\u00eda decreto, y recreativa, modificando el c\u00f3digo penal. Manj\u00f3n tambi\u00e9n destac\u00f3 que<strong> no deber\u00eda hacer falta una regulaci\u00f3n de las asociaciones, sino respetar los derechos al autoconsumo ya desarrollados en Espa\u00f1a, interpretando la ley hacia su legalidad.<\/strong><\/p>\n\n\n\n<p>La diputada por \u00abses Illes\u00bb tuvo la palabra a continuaci\u00f3n, exponiendo c\u00f3mo el paso de Manj\u00f3n por el Plan Nacional de Drogas cambi\u00f3 su mentalidad, que <a href=\"https:\/\/www.cannabis.es\/pw\/2020\/09\/16\/como-regular-el-cannabis-para-desarrollar-la-agenda-2030\/\">abandon\u00f3 el prohibicionismo como forma de aproximaci\u00f3n p\u00fablica a las drogas<\/a>.<\/p>\n\n\n\n<p>La portavoz de Esquerra Republicana de Catalunya en la comisi\u00f3n, Marta Rosique, pregunt\u00f3 al gobierno por el cese de la criminalizaci\u00f3n de personas <a href=\"https:\/\/www.cannabis.es\/pw\/2020\/11\/11\/albert-tio-sera-la-semana-que-viene-el-primer-preso-politico-del-cannabis-en-espana\/\">como Albert Ti\u00f3<\/a> y record\u00f3 c\u00f3mo apoyaron la aprobaci\u00f3n de la Ley Catalana: \u00abVemos que este debate no existe en el Congreso y que ni PSOE ni Podemos hablan de cannabis\u00bb.<\/p>\n\n\n\n<p>Maria Dolores Etxano, por el EAJ-PNV, pidi\u00f3 que se aclarasen las normas que permiten en el Pa\u00eds Vasco <a href=\"https:\/\/www.cannabis.es\/pw\/2020\/05\/28\/salud-vasca-en-desarrollo-de-un-reglamento-legal-aprueba-reabrir-las-asociaciones\/\">la f\u00f3rmula \u00abblanda\u00bb <\/a>de la regulaci\u00f3n de las asociaciones, pues las asociaciones cann\u00e1bicas est\u00e1n reconocidas en su Ley de Adicciones.<br><br>El portavoz de Ciudadanos, Tom\u00e1s Marcos, recalc\u00f3 su inter\u00e9s en el medicinal, no en el recreativo, mientras que desde la portavoz del PP se cuestionaban los escenarios posibles tras la reuni\u00f3n de la Comisi\u00f3n de Estupefacientes de la ONU el pr\u00f3ximo 2 de diciembre. El de Vox, Juan Luis Steegmann, comparaba legalizar el cannabis con legalizar la violencia.<\/p>\n\n\n\n<p>Daniel Viondi, por los socialistas, sigui\u00f3 insistiendo en defender la salud desde la prohibici\u00f3n, arguyendo que una regulaci\u00f3n la pondr\u00eda en peligro. Destac\u00f3 nada m\u00e1s empezar su turno de palabra que esperaba solamente tratar el medicinal.<\/p>\n\n\n\n<p>Parad\u00f3jicamente, en la exposici\u00f3n posterior de una asociaci\u00f3n para la asistencia social en adicciones, se presentaba la problem\u00e1tica de c\u00f3mo muchas mujeres maltratadas y abusadas sexualmente son discriminadas de los servicios sociales por el uso de drogas y enviadas a rehabilitaci\u00f3n en lugar de a protecci\u00f3n, <a href=\"https:\/\/www.cannabis.es\/pw\/2019\/07\/12\/prision-sexista-racista-y-de-clase-en-la-guerra-contra-las-drogas\/\">demostrando todas las dimensiones necesarias de la pol\u00edtica de drogas que no solo obvia, sino recrudece la prohibici\u00f3n<\/a>.<\/p>\n","protected":false},"excerpt":{"rendered":"<span class=\"span-reading-time rt-reading-time\" style=\"display: block;\"><span class=\"rt-label rt-prefix\">Tiempo de lectura:<\/span> <span class=\"rt-time\"> 2<\/span> <span class=\"rt-label rt-postfix\">minutos<\/span><\/span>Arnau AlcaideAyer en el Congreso de los Diputados, la Comisi\u00f3n Mixta para el Estudio de las Adicciones, formada por diputadas y senadoras, recibi\u00f3 a Araceli Manj\u00f3n a invitaci\u00f3n de la portavoz de Podemos, Luc\u00eda Dalda, a quien entrevistamos con motivo de un borrador de regulaci\u00f3n que result\u00f3 estar a\u00fan en proceso interno del partido morado. [&hellip;]","protected":false},"author":3,"featured_media":6331,"comment_status":"closed","ping_status":"closed","sticky":false,"template":"","format":"standard","meta":{"loftocean-featured-post":"","loftocean_post_format_gallery":"","loftocean_post_format_gallery_ids":"","loftocean_post_format_gallery_urls":"","loftocean_post_format_video_id":"","loftocean_post_format_video_url":"","loftocean_post_format_video_type":"","loftocean_post_format_video":"","loftocean_post_format_audio_type":"","loftocean_post_format_audio_url":"","loftocean_post_format_audio_id":"","loftocean_post_format_audio":"","loftocean_post_format_quote_text":"","loftocean_post_format_quote_byline":"","loftocean_post_format_link_text":"","loftocean_post_format_link_url":"","ceramag_post_header_style":"","ceramag_enable_background_video":"","ceramag_show_in_top_slider":"","ceramag_post_background_video_start":"","ceramag_post_background_video_end":"","loftocean_page_background_video_id":"","loftocean_page_background_video_url":"","loftocean_page_background_video_type":"","loftocean_page_background_video":"","ceramag_background_video_start":"","ceramag_background_video_end":"","ceramag_single_page_hide_header":"","footnotes":""},"categories":[35],"tags":[],"class_list":["post-6330","post","type-post","status-publish","format-standard","has-post-thumbnail","hentry","category-politica-y-sociedad"],"yoast_head":"<!-- This site is optimized with the Yoast SEO plugin v24.9 - https:\/\/yoast.com\/wordpress\/plugins\/seo\/ -->\n<title>Podemos lleva la legalizaci\u00f3n a Comisi\u00f3n con el PSOE en contra y ERC y PNV pidiendo explicaciones<\/title>\n<meta name=\"description\" content=\"Entrada &#8226; Portal multimedia sobre cannabis y otras sustancias &#8226; 18 noviembre, 2020\" \/>\n<meta name=\"robots\" content=\"index, follow, max-snippet:-1, max-image-preview:large, max-video-preview:-1\" \/>\n<link rel=\"canonical\" href=\"https:\/\/www.cannabis.es\/pw\/2020\/11\/18\/podemos-lleva-la-legalizacion-a-comision-con-el-psoe-en-contra-y-erc-y-pnv-pidiendo-explicaciones\/\" \/>\n<meta name=\"twitter:card\" content=\"summary_large_image\" \/>\n<meta name=\"twitter:title\" content=\"Podemos lleva la legalizaci\u00f3n a Comisi\u00f3n con el PSOE en contra y ERC y PNV pidiendo explicaciones\" \/>\n<meta name=\"twitter:description\" content=\"Entrada &#8226; Portal multimedia sobre cannabis y otras sustancias &#8226; 18 noviembre, 2020\" \/>\n<meta name=\"twitter:image\" content=\"https:\/\/www.cannabis.es\/pw\/wp-content\/uploads\/2020\/11\/araceli-manjon.jpg\" \/>\n<meta name=\"twitter:creator\" content=\"@cannabis_es\" \/>\n<meta name=\"twitter:site\" content=\"@cannabis_es\" \/>\n<meta name=\"twitter:label1\" content=\"Escrito por\" \/>\n\t<meta name=\"twitter:data1\" content=\"Cannabis.es\" \/>\n\t<meta name=\"twitter:label2\" content=\"Tiempo de lectura\" \/>\n\t<meta name=\"twitter:data2\" content=\"3 minutos\" \/>\n<script type=\"application\/ld+json\" class=\"yoast-schema-graph\">{\"@context\":\"https:\/\/schema.org\",\"@graph\":[{\"@type\":\"Article\",\"@id\":\"https:\/\/www.cannabis.es\/pw\/2020\/11\/18\/podemos-lleva-la-legalizacion-a-comision-con-el-psoe-en-contra-y-erc-y-pnv-pidiendo-explicaciones\/#article\",\"isPartOf\":{\"@id\":\"https:\/\/www.cannabis.es\/pw\/2020\/11\/18\/podemos-lleva-la-legalizacion-a-comision-con-el-psoe-en-contra-y-erc-y-pnv-pidiendo-explicaciones\/\"},\"author\":{\"name\":\"Cannabis.es\",\"@id\":\"https:\/\/www.cannabis.es\/pw\/#\/schema\/person\/ec770c03f3e99d770687f537f4ba1e89\"},\"headline\":\"Podemos lleva la legalizaci\u00f3n a Comisi\u00f3n con el PSOE en contra y ERC y PNV pidiendo explicaciones\",\"datePublished\":\"2020-11-18T12:14:52+00:00\",\"dateModified\":\"2020-11-18T13:22:51+00:00\",\"mainEntityOfPage\":{\"@id\":\"https:\/\/www.cannabis.es\/pw\/2020\/11\/18\/podemos-lleva-la-legalizacion-a-comision-con-el-psoe-en-contra-y-erc-y-pnv-pidiendo-explicaciones\/\"},\"wordCount\":530,\"publisher\":{\"@id\":\"https:\/\/www.cannabis.es\/pw\/#organization\"},\"image\":{\"@id\":\"https:\/\/www.cannabis.es\/pw\/2020\/11\/18\/podemos-lleva-la-legalizacion-a-comision-con-el-psoe-en-contra-y-erc-y-pnv-pidiendo-explicaciones\/#primaryimage\"},\"thumbnailUrl\":\"https:\/\/www.cannabis.es\/pw\/wp-content\/uploads\/2020\/11\/araceli-manjon.jpg\",\"articleSection\":[\"Pol\u00edtica y Sociedad\"],\"inLanguage\":\"es\"},{\"@type\":\"WebPage\",\"@id\":\"https:\/\/www.cannabis.es\/pw\/2020\/11\/18\/podemos-lleva-la-legalizacion-a-comision-con-el-psoe-en-contra-y-erc-y-pnv-pidiendo-explicaciones\/\",\"url\":\"https:\/\/www.cannabis.es\/pw\/2020\/11\/18\/podemos-lleva-la-legalizacion-a-comision-con-el-psoe-en-contra-y-erc-y-pnv-pidiendo-explicaciones\/\",\"name\":\"Podemos lleva la legalizaci\u00f3n a Comisi\u00f3n con el PSOE en contra y ERC y PNV pidiendo explicaciones\",\"isPartOf\":{\"@id\":\"https:\/\/www.cannabis.es\/pw\/#website\"},\"primaryImageOfPage\":{\"@id\":\"https:\/\/www.cannabis.es\/pw\/2020\/11\/18\/podemos-lleva-la-legalizacion-a-comision-con-el-psoe-en-contra-y-erc-y-pnv-pidiendo-explicaciones\/#primaryimage\"},\"image\":{\"@id\":\"https:\/\/www.cannabis.es\/pw\/2020\/11\/18\/podemos-lleva-la-legalizacion-a-comision-con-el-psoe-en-contra-y-erc-y-pnv-pidiendo-explicaciones\/#primaryimage\"},\"thumbnailUrl\":\"https:\/\/www.cannabis.es\/pw\/wp-content\/uploads\/2020\/11\/araceli-manjon.jpg\",\"datePublished\":\"2020-11-18T12:14:52+00:00\",\"dateModified\":\"2020-11-18T13:22:51+00:00\",\"description\":\"Entrada &#8226; Portal multimedia sobre cannabis y otras sustancias &#8226; 18 noviembre, 2020\",\"breadcrumb\":{\"@id\":\"https:\/\/www.cannabis.es\/pw\/2020\/11\/18\/podemos-lleva-la-legalizacion-a-comision-con-el-psoe-en-contra-y-erc-y-pnv-pidiendo-explicaciones\/#breadcrumb\"},\"inLanguage\":\"es\",\"potentialAction\":[{\"@type\":\"ReadAction\",\"target\":[\"https:\/\/www.cannabis.es\/pw\/2020\/11\/18\/podemos-lleva-la-legalizacion-a-comision-con-el-psoe-en-contra-y-erc-y-pnv-pidiendo-explicaciones\/\"]}]},{\"@type\":\"ImageObject\",\"inLanguage\":\"es\",\"@id\":\"https:\/\/www.cannabis.es\/pw\/2020\/11\/18\/podemos-lleva-la-legalizacion-a-comision-con-el-psoe-en-contra-y-erc-y-pnv-pidiendo-explicaciones\/#primaryimage\",\"url\":\"https:\/\/www.cannabis.es\/pw\/wp-content\/uploads\/2020\/11\/araceli-manjon.jpg\",\"contentUrl\":\"https:\/\/www.cannabis.es\/pw\/wp-content\/uploads\/2020\/11\/araceli-manjon.jpg\",\"width\":804,\"height\":532},{\"@type\":\"BreadcrumbList\",\"@id\":\"https:\/\/www.cannabis.es\/pw\/2020\/11\/18\/podemos-lleva-la-legalizacion-a-comision-con-el-psoe-en-contra-y-erc-y-pnv-pidiendo-explicaciones\/#breadcrumb\",\"itemListElement\":[{\"@type\":\"ListItem\",\"position\":1,\"name\":\"Portada\",\"item\":\"http:\/\/www.cannabis.es\/pw\/\"},{\"@type\":\"ListItem\",\"position\":2,\"name\":\"Podemos lleva la legalizaci\u00f3n a Comisi\u00f3n con el PSOE en contra y ERC y PNV pidiendo explicaciones\"}]},{\"@type\":\"WebSite\",\"@id\":\"https:\/\/www.cannabis.es\/pw\/#website\",\"url\":\"https:\/\/www.cannabis.es\/pw\/\",\"name\":\"Cannabis\",\"description\":\"Portal multimedia sobre cannabis y otras sustancias\",\"publisher\":{\"@id\":\"https:\/\/www.cannabis.es\/pw\/#organization\"},\"potentialAction\":[{\"@type\":\"SearchAction\",\"target\":{\"@type\":\"EntryPoint\",\"urlTemplate\":\"https:\/\/www.cannabis.es\/pw\/?s={search_term_string}\"},\"query-input\":{\"@type\":\"PropertyValueSpecification\",\"valueRequired\":true,\"valueName\":\"search_term_string\"}}],\"inLanguage\":\"es\"},{\"@type\":\"Organization\",\"@id\":\"https:\/\/www.cannabis.es\/pw\/#organization\",\"name\":\"Cannabis.es\",\"url\":\"https:\/\/www.cannabis.es\/pw\/\",\"logo\":{\"@type\":\"ImageObject\",\"inLanguage\":\"es\",\"@id\":\"https:\/\/www.cannabis.es\/pw\/#\/schema\/logo\/image\/\",\"url\":\"https:\/\/www.cannabis.es\/pw\/wp-content\/uploads\/2019\/04\/cropped-logo_cannabis.png\",\"contentUrl\":\"https:\/\/www.cannabis.es\/pw\/wp-content\/uploads\/2019\/04\/cropped-logo_cannabis.png\",\"width\":361,\"height\":120,\"caption\":\"Cannabis.es\"},\"image\":{\"@id\":\"https:\/\/www.cannabis.es\/pw\/#\/schema\/logo\/image\/\"},\"sameAs\":[\"https:\/\/x.com\/cannabis_es\"]},{\"@type\":\"Person\",\"@id\":\"https:\/\/www.cannabis.es\/pw\/#\/schema\/person\/ec770c03f3e99d770687f537f4ba1e89\",\"name\":\"Cannabis.es\",\"image\":{\"@type\":\"ImageObject\",\"inLanguage\":\"es\",\"@id\":\"https:\/\/www.cannabis.es\/pw\/#\/schema\/person\/image\/\",\"url\":\"https:\/\/secure.gravatar.com\/avatar\/810c93a3d6fadc3d9c2665b1d919a4aedea8ed4dd63689d001e985a804e90d83?s=96&d=mm&r=g\",\"contentUrl\":\"https:\/\/secure.gravatar.com\/avatar\/810c93a3d6fadc3d9c2665b1d919a4aedea8ed4dd63689d001e985a804e90d83?s=96&d=mm&r=g\",\"caption\":\"Cannabis.es\"},\"url\":\"https:\/\/www.cannabis.es\/pw\/author\/arnau\/\"}]}<\/script>\n<!-- \/ Yoast SEO plugin. -->","yoast_head_json":{"title":"Podemos lleva la legalizaci\u00f3n a Comisi\u00f3n con el PSOE en contra y ERC y PNV pidiendo explicaciones","description":"Entrada &#8226; Portal multimedia sobre cannabis y otras sustancias &#8226; 18 noviembre, 2020","robots":{"index":"index","follow":"follow","max-snippet":"max-snippet:-1","max-image-preview":"max-image-preview:large","max-video-preview":"max-video-preview:-1"},"canonical":"https:\/\/www.cannabis.es\/pw\/2020\/11\/18\/podemos-lleva-la-legalizacion-a-comision-con-el-psoe-en-contra-y-erc-y-pnv-pidiendo-explicaciones\/","twitter_card":"summary_large_image","twitter_title":"Podemos lleva la legalizaci\u00f3n a Comisi\u00f3n con el PSOE en contra y ERC y PNV pidiendo explicaciones","twitter_description":"Entrada &#8226; Portal multimedia sobre cannabis y otras sustancias &#8226; 18 noviembre, 2020","twitter_image":"https:\/\/www.cannabis.es\/pw\/wp-content\/uploads\/2020\/11\/araceli-manjon.jpg","twitter_creator":"@cannabis_es","twitter_site":"@cannabis_es","twitter_misc":{"Escrito por":"Cannabis.es","Tiempo de lectura":"3 minutos"},"schema":{"@context":"https:\/\/schema.org","@graph":[{"@type":"Article","@id":"https:\/\/www.cannabis.es\/pw\/2020\/11\/18\/podemos-lleva-la-legalizacion-a-comision-con-el-psoe-en-contra-y-erc-y-pnv-pidiendo-explicaciones\/#article","isPartOf":{"@id":"https:\/\/www.cannabis.es\/pw\/2020\/11\/18\/podemos-lleva-la-legalizacion-a-comision-con-el-psoe-en-contra-y-erc-y-pnv-pidiendo-explicaciones\/"},"author":{"name":"Cannabis.es","@id":"https:\/\/www.cannabis.es\/pw\/#\/schema\/person\/ec770c03f3e99d770687f537f4ba1e89"},"headline":"Podemos lleva la legalizaci\u00f3n a Comisi\u00f3n con el PSOE en contra y ERC y PNV pidiendo explicaciones","datePublished":"2020-11-18T12:14:52+00:00","dateModified":"2020-11-18T13:22:51+00:00","mainEntityOfPage":{"@id":"https:\/\/www.cannabis.es\/pw\/2020\/11\/18\/podemos-lleva-la-legalizacion-a-comision-con-el-psoe-en-contra-y-erc-y-pnv-pidiendo-explicaciones\/"},"wordCount":530,"publisher":{"@id":"https:\/\/www.cannabis.es\/pw\/#organization"},"image":{"@id":"https:\/\/www.cannabis.es\/pw\/2020\/11\/18\/podemos-lleva-la-legalizacion-a-comision-con-el-psoe-en-contra-y-erc-y-pnv-pidiendo-explicaciones\/#primaryimage"},"thumbnailUrl":"https:\/\/www.cannabis.es\/pw\/wp-content\/uploads\/2020\/11\/araceli-manjon.jpg","articleSection":["Pol\u00edtica y Sociedad"],"inLanguage":"es"},{"@type":"WebPage","@id":"https:\/\/www.cannabis.es\/pw\/2020\/11\/18\/podemos-lleva-la-legalizacion-a-comision-con-el-psoe-en-contra-y-erc-y-pnv-pidiendo-explicaciones\/","url":"https:\/\/www.cannabis.es\/pw\/2020\/11\/18\/podemos-lleva-la-legalizacion-a-comision-con-el-psoe-en-contra-y-erc-y-pnv-pidiendo-explicaciones\/","name":"Podemos lleva la legalizaci\u00f3n a Comisi\u00f3n con el PSOE en contra y ERC y PNV pidiendo explicaciones","isPartOf":{"@id":"https:\/\/www.cannabis.es\/pw\/#website"},"primaryImageOfPage":{"@id":"https:\/\/www.cannabis.es\/pw\/2020\/11\/18\/podemos-lleva-la-legalizacion-a-comision-con-el-psoe-en-contra-y-erc-y-pnv-pidiendo-explicaciones\/#primaryimage"},"image":{"@id":"https:\/\/www.cannabis.es\/pw\/2020\/11\/18\/podemos-lleva-la-legalizacion-a-comision-con-el-psoe-en-contra-y-erc-y-pnv-pidiendo-explicaciones\/#primaryimage"},"thumbnailUrl":"https:\/\/www.cannabis.es\/pw\/wp-content\/uploads\/2020\/11\/araceli-manjon.jpg","datePublished":"2020-11-18T12:14:52+00:00","dateModified":"2020-11-18T13:22:51+00:00","description":"Entrada &#8226; Portal multimedia sobre cannabis y otras sustancias &#8226; 18 noviembre, 2020","breadcrumb":{"@id":"https:\/\/www.cannabis.es\/pw\/2020\/11\/18\/podemos-lleva-la-legalizacion-a-comision-con-el-psoe-en-contra-y-erc-y-pnv-pidiendo-explicaciones\/#breadcrumb"},"inLanguage":"es","potentialAction":[{"@type":"ReadAction","target":["https:\/\/www.cannabis.es\/pw\/2020\/11\/18\/podemos-lleva-la-legalizacion-a-comision-con-el-psoe-en-contra-y-erc-y-pnv-pidiendo-explicaciones\/"]}]},{"@type":"ImageObject","inLanguage":"es","@id":"https:\/\/www.cannabis.es\/pw\/2020\/11\/18\/podemos-lleva-la-legalizacion-a-comision-con-el-psoe-en-contra-y-erc-y-pnv-pidiendo-explicaciones\/#primaryimage","url":"https:\/\/www.cannabis.es\/pw\/wp-content\/uploads\/2020\/11\/araceli-manjon.jpg","contentUrl":"https:\/\/www.cannabis.es\/pw\/wp-content\/uploads\/2020\/11\/araceli-manjon.jpg","width":804,"height":532},{"@type":"BreadcrumbList","@id":"https:\/\/www.cannabis.es\/pw\/2020\/11\/18\/podemos-lleva-la-legalizacion-a-comision-con-el-psoe-en-contra-y-erc-y-pnv-pidiendo-explicaciones\/#breadcrumb","itemListElement":[{"@type":"ListItem","position":1,"name":"Portada","item":"http:\/\/www.cannabis.es\/pw\/"},{"@type":"ListItem","position":2,"name":"Podemos lleva la legalizaci\u00f3n a Comisi\u00f3n con el PSOE en contra y ERC y PNV pidiendo explicaciones"}]},{"@type":"WebSite","@id":"https:\/\/www.cannabis.es\/pw\/#website","url":"https:\/\/www.cannabis.es\/pw\/","name":"Cannabis","description":"Portal multimedia sobre cannabis y otras sustancias","publisher":{"@id":"https:\/\/www.cannabis.es\/pw\/#organization"},"potentialAction":[{"@type":"SearchAction","target":{"@type":"EntryPoint","urlTemplate":"https:\/\/www.cannabis.es\/pw\/?s={search_term_string}"},"query-input":{"@type":"PropertyValueSpecification","valueRequired":true,"valueName":"search_term_string"}}],"inLanguage":"es"},{"@type":"Organization","@id":"https:\/\/www.cannabis.es\/pw\/#organization","name":"Cannabis.es","url":"https:\/\/www.cannabis.es\/pw\/","logo":{"@type":"ImageObject","inLanguage":"es","@id":"https:\/\/www.cannabis.es\/pw\/#\/schema\/logo\/image\/","url":"https:\/\/www.cannabis.es\/pw\/wp-content\/uploads\/2019\/04\/cropped-logo_cannabis.png","contentUrl":"https:\/\/www.cannabis.es\/pw\/wp-content\/uploads\/2019\/04\/cropped-logo_cannabis.png","width":361,"height":120,"caption":"Cannabis.es"},"image":{"@id":"https:\/\/www.cannabis.es\/pw\/#\/schema\/logo\/image\/"},"sameAs":["https:\/\/x.com\/cannabis_es"]},{"@type":"Person","@id":"https:\/\/www.cannabis.es\/pw\/#\/schema\/person\/ec770c03f3e99d770687f537f4ba1e89","name":"Cannabis.es","image":{"@type":"ImageObject","inLanguage":"es","@id":"https:\/\/www.cannabis.es\/pw\/#\/schema\/person\/image\/","url":"https:\/\/secure.gravatar.com\/avatar\/810c93a3d6fadc3d9c2665b1d919a4aedea8ed4dd63689d001e985a804e90d83?s=96&d=mm&r=g","contentUrl":"https:\/\/secure.gravatar.com\/avatar\/810c93a3d6fadc3d9c2665b1d919a4aedea8ed4dd63689d001e985a804e90d83?s=96&d=mm&r=g","caption":"Cannabis.es"},"url":"https:\/\/www.cannabis.es\/pw\/author\/arnau\/"}]}},"_links":{"self":[{"href":"https:\/\/www.cannabis.es\/pw\/wp-json\/wp\/v2\/posts\/6330","targetHints":{"allow":["GET"]}}],"collection":[{"href":"https:\/\/www.cannabis.es\/pw\/wp-json\/wp\/v2\/posts"}],"about":[{"href":"https:\/\/www.cannabis.es\/pw\/wp-json\/wp\/v2\/types\/post"}],"author":[{"embeddable":true,"href":"https:\/\/www.cannabis.es\/pw\/wp-json\/wp\/v2\/users\/3"}],"replies":[{"embeddable":true,"href":"https:\/\/www.cannabis.es\/pw\/wp-json\/wp\/v2\/comments?post=6330"}],"version-history":[{"count":4,"href":"https:\/\/www.cannabis.es\/pw\/wp-json\/wp\/v2\/posts\/6330\/revisions"}],"predecessor-version":[{"id":6340,"href":"https:\/\/www.cannabis.es\/pw\/wp-json\/wp\/v2\/posts\/6330\/revisions\/6340"}],"wp:featuredmedia":[{"embeddable":true,"href":"https:\/\/www.cannabis.es\/pw\/wp-json\/wp\/v2\/media\/6331"}],"wp:attachment":[{"href":"https:\/\/www.cannabis.es\/pw\/wp-json\/wp\/v2\/media?parent=6330"}],"wp:term":[{"taxonomy":"category","embeddable":true,"href":"https:\/\/www.cannabis.es\/pw\/wp-json\/wp\/v2\/categories?post=6330"},{"taxonomy":"post_tag","embeddable":true,"href":"https:\/\/www.cannabis.es\/pw\/wp-json\/wp\/v2\/tags?post=6330"}],"curies":[{"name":"wp","href":"https:\/\/api.w.org\/{rel}","templated":true}]}}