{"id":6362,"date":"2020-11-26T13:43:37","date_gmt":"2020-11-26T12:43:37","guid":{"rendered":"https:\/\/www.cannabis.es\/pw\/?p=6362"},"modified":"2020-11-27T12:29:12","modified_gmt":"2020-11-27T11:29:12","slug":"si-hay-evidencia-voces-expertas-por-el-cannabis-medicinal","status":"publish","type":"post","link":"https:\/\/www.cannabis.es\/pw\/2020\/11\/26\/si-hay-evidencia-voces-expertas-por-el-cannabis-medicinal\/","title":{"rendered":"S\u00ed hay evidencia: voces expertas por el cannabis medicinal"},"content":{"rendered":"\n<p>Benito D\u00edaz<\/p>\n\n\n\n<p>La pregunta parlamentaria realizada por el Partido Nacionalista Vasco hace unas semanas dio como resultado la respuesta del Gobierno de Coalici\u00f3n PSOE-Podemos: para la regulaci\u00f3n del Cannabis Medicinal ser\u00eda necesaria mayor investigaci\u00f3n cient\u00edfica y pruebas cl\u00ednicas. Esta contestaci\u00f3n sacudi\u00f3 a la sociedad civil, en concreto a expertas y expertos en la materia, a cuya opini\u00f3n nos referimos.<\/p>\n\n\n\n<p>Desde Cannabis.es hemos contactado con un numeroso grupo de m\u00e9dicos, cient\u00edficos, representantes pol\u00edticos y plataformas de pacientes que han expresado sus pensamientos al respecto de la postura del gobierno, que ya ha producido que la agrupaci\u00f3n vasca requiera la creaci\u00f3n de un comit\u00e9 para analizar las investigaciones llevadas a cabo en pa\u00edses donde la regulaci\u00f3n es una realidad.<\/p>\n\n\n\n<h2 class=\"wp-block-heading\"><strong>Campo de Investigaci\u00f3n<\/strong><\/h2>\n\n\n\n<p><span class=\"has-inline-color has-luminous-vivid-orange-color\">\u201c<em>El Cannabis Terap\u00e9utico y Medicinal deber\u00eda estar regulado. No hay motivos para que no lo est\u00e9, tal como hacen en pa\u00edses de nuestro entorno. Una mejor regulaci\u00f3n dar\u00eda lugar a un mejor control, para garantizar un producto de \u00f3ptima calidad, recetado por un m\u00e9dico, en una zona controlada como una consulta\u201d<\/em><\/span>, afirma <a href=\"https:\/\/twitter.com\/moigaren\">Mois\u00e9s Garc\u00eda Arencibia,<\/a> investigador cient\u00edfico y docente, responsable de an\u00e1lisis sobre el efecto de los Cannabinoides en enfermedades neurodegenerativas como el P\u00e1rkinson o el S\u00edndrome de RETT, adem\u00e1s de participar hace unos d\u00edas en las jornadas organizadas por el <a href=\"https:\/\/www.oedcm.com\/\">Observatorio Espa\u00f1ol del Cannabis Medicinal.<\/a><\/p>\n\n\n\n<p><span class=\"has-inline-color has-luminous-vivid-orange-color\">\u201c<em>Hay mucha investigaci\u00f3n al respecto, no creo que sea cierto que no hay aval cient\u00edfico suficiente para regular. Es cierto que no hay tanto ensayos cl\u00ednicos, como puede haberlos en lo relacionado con la efectividad de los Cannabinoides frente al Glioma, pero s\u00ed los hay en gran n\u00famero en sus modos de uso para dolencias con las que el Cannabis puede ser \u00fatil como terapia complementaria\u201d<\/em><\/span>, explica Esther Mart\u00ednez, <a href=\"https:\/\/www.cannabis.es\/pw\/2019\/01\/03\/cannabis-vs-glioblastoma-la-comunidad-cientifica-ve-potencial-antitumoral\/\">investigadora sobre Cannabinoides<\/a>, en la actualidad en Suiza.<\/p>\n\n\n\n<p><span class=\"has-inline-color has-luminous-vivid-orange-color\">\u201c<em>No queda m\u00e1s remedio que avanzar hacia la regulaci\u00f3n del Cannabis Medicinal y Terap\u00e9utico\u201d<\/em><\/span>, declara Carlos Goicoechea<a href=\"https:\/\/www.cannabis.es\/pw\/2019\/03\/11\/cannabis-medicinal-en-el-control-del-dolor-cronico\/\">, bi\u00f3logo y catedr\u00e1tico de Farmacolog\u00eda<\/a>.<span class=\"has-inline-color has-luminous-vivid-orange-color\"> \u201c<em>No podemos discriminar lo que hacen los principios activos de la planta, dado que son muchos y var\u00edan de una planta a otra. Pensemos que regulan el uso de la Marihuana, \u00bfde qu\u00e9 fenotipo?, eso requiere un an\u00e1lisis minucioso. La aprobaci\u00f3n de un medicamento requiere de un grupo de ensayo cl\u00ednico, separado en qui\u00e9nes toman el medicamento y quienes toman placebo. La garant\u00eda del estudio y la selecci\u00f3n de pacientes dan lugar al medicamento, como sucedi\u00f3 con el Sativex. Hoy en d\u00eda, es dif\u00edcil saber qu\u00e9 se est\u00e1 consumiendo, por lo que pienso que es necesaria esta regulaci\u00f3n para evitar un problema de salud p\u00fablica\u201d.<\/em><\/span><\/p>\n\n\n\n<p>Los cient\u00edficos coinciden en que hay suficiente investigaci\u00f3n realizada,<span class=\"has-inline-color has-luminous-vivid-orange-color\"> <em>\u201c20 a\u00f1os de an\u00e1lisis del Cannabis y derivados\u201d<\/em><\/span>, recuerda Goicoechea. <em><span class=\"has-inline-color has-luminous-vivid-orange-color\">\u201cSe trata al final de un tema de contraste. <strong>Todos los estudios carecen de alg\u00fan requisito de la Agencia Espa\u00f1ola del Medicamento y Productos sanitarios (AEMPS), como el n\u00famero de participantes en la muestra, elecci\u00f3n de placebo, etc. Esto nos revela un problema, pues cada vez hay m\u00e1s investigaci\u00f3n, pero se obtienen pocas evidencias. Hay demostraci\u00f3n de que funciona, pero el argumento es que no es prueba cient\u00edfica por falta de rigor, un c\u00edrculo vicioso\u201d.<\/strong><\/span><\/em><\/p>\n\n\n\n<p>Los investigadores tambi\u00e9n se\u00f1alan la falta de financiaci\u00f3n para este tipo de proyectos, tanto p\u00fablica como privada y la dificultad para acceder a los compuestos activos. <em>\u201cSon empresas peque\u00f1as o farmac\u00e9uticas las que facilitan los compuestos, que solo est\u00e1n disponibles con permisos concretos, justificados y especializados, solo dirigidos a la investigaci\u00f3n\u201d<\/em>, refiere Mart\u00ednez.<\/p>\n\n\n\n<p><strong>\u201c<em>No hay patrocinios de las farmac\u00e9uticas, tan solo est\u00e1n interesadas en estudiar los productos cuyas patentes poseen. Y la planta no se puede patentar\u201d<\/em><\/strong>, aclara Goicoechea. Garc\u00eda Arencibia y Mart\u00ednez coinciden en recomendar la visita y revisi\u00f3n de la p\u00e1gina de <a href=\"http:\/\/www.seic.es\/\">la Sociedad Espa\u00f1ola de Investigaci\u00f3n sobre Cannabinoides<\/a> (SEIC) donde pueden consultarse la informaci\u00f3n sobre avances en este tipo de proyectos en nuestro pa\u00eds.<\/p>\n\n\n\n<figure class=\"wp-block-image size-large\"><img loading=\"lazy\" decoding=\"async\" width=\"804\" height=\"532\" src=\"https:\/\/www.cannabis.es\/pw\/wp-content\/uploads\/2020\/11\/portada-cannabis-medicinal.jpg\" alt=\"\" class=\"wp-image-6364\" srcset=\"https:\/\/www.cannabis.es\/pw\/wp-content\/uploads\/2020\/11\/portada-cannabis-medicinal.jpg 804w, https:\/\/www.cannabis.es\/pw\/wp-content\/uploads\/2020\/11\/portada-cannabis-medicinal-300x199.jpg 300w, https:\/\/www.cannabis.es\/pw\/wp-content\/uploads\/2020\/11\/portada-cannabis-medicinal-768x508.jpg 768w, https:\/\/www.cannabis.es\/pw\/wp-content\/uploads\/2020\/11\/portada-cannabis-medicinal-600x397.jpg 600w\" sizes=\"auto, (max-width: 804px) 100vw, 804px\" \/><\/figure>\n\n\n\n<h2 class=\"wp-block-heading\"><strong>Campo M\u00e9dico<\/strong><\/h2>\n\n\n\n<p>\u201c<em>Me parece muy necesaria la regulaci\u00f3n del Cannabis. Es algo que existe y existir\u00e1, as\u00ed que prefiero que sea legal a ilegal\u201d<\/em> <a href=\"https:\/\/twitter.com\/joancmarch\">declara Joan Carles March,<\/a> m\u00e9dico especialista en Medicina Preventiva y Salud P\u00fablica, director de la <a href=\"https:\/\/escueladepacientes.es\/\">Escuela de Pacientes<\/a> y docente.<\/p>\n\n\n\n<p>\u201c<em>La petici\u00f3n de evidencias cient\u00edficas no permite avanzar, hace mucho que hablamos sobre este tema. Hay evidencias suficientes, aunque mejorables. As\u00ed, es necesaria m\u00e1s investigaci\u00f3n y rigor que permita mejorar todo el proceso, que podr\u00e1 ser aprovechado por personas a las que estas terapias les mejoran su calidad de vida\u201d,<\/em> declar\u00f3 March, un punto que comparte su <a href=\"https:\/\/www.cannabis.es\/pw\/2020\/05\/26\/desmontando-bulos-el-cannabis-no-cura-el-covid-19\/\">colega el Dr. Mario Land,<\/a> Presidente de la Sociedad Cl\u00ednica de Endocannabinolog\u00eda en Espa\u00f1a y Director M\u00e9dico del <a href=\"https:\/\/vitasante.es\/\">Centro M\u00e9dico Vita Sant\u00e9.<\/a><\/p>\n\n\n\n<p><span class=\"has-inline-color has-luminous-vivid-orange-color\">\u00ab<em>El problema es que hay que separar el aspecto pol\u00edtico del aspecto de salud y bienestar. Dejar\u00eda de lado la pol\u00edtica y me centrar\u00eda en las necesidades que tienen cientos de pacientes que est\u00e1n usando Cannabis Terap\u00e9utico y lo declaran en p\u00fablico. No es una cuesti\u00f3n del proyecto de un grupo pol\u00edtico, es una petici\u00f3n que viene de la mano de asociaciones de enfermos que lo consumen y asumen su efectividad, pues buscan una regulaci\u00f3n en la legalidad por parte del Gobierno, que les permita consumir y mejorar su calidad de vida\u201d<\/em><\/span>, sostiene Land.<\/p>\n\n\n\n<p>\u201c<em>Hay que avanzar en abrir nuevas l\u00edneas de investigaci\u00f3n, financiar proyectos como el del Herpes Zoster, el an\u00e1lisis de la ayuda que podr\u00eda brindar el Cannabis frente al uso de Coca\u00edna\u201d<\/em> explica March, que, en conjunci\u00f3n con los investigadores, reclama m\u00e1s inversi\u00f3n en investigaci\u00f3n cient\u00edfica, favorecida desde instituciones p\u00fablicas y el Estado. <em>\u201cComo apuntamos <a href=\"https:\/\/www.cannabis.es\/pw\/2020\/11\/18\/el-observatorio-del-cannabis-medicinal-conciencia-a-los-partidos\/\">en las charlas del OECM<\/a>, hay evidencias, pero esto debe llevar a un proceso pr\u00e1ctico, no a una teor\u00eda: si gana el s\u00ed, hay que ponerlo en marcha. La situaci\u00f3n actual parece revelar cierto miedo a tomar decisiones valientes, pero hay que serlo para poder avanzar\u201d<\/em>, concluye el Dr. March.<\/p>\n\n\n\n<p>En consonancia, <em>\u201c<strong>\u00bftenemos que esperar a que se solucione un tema de acuerdos pol\u00edticos para solucionar un problema de salud?<\/strong> Creo que no. El debate no deber\u00eda someterse solo a aportar evidencias cient\u00edficas o no, debe haber conciencia pol\u00edtica para regular un producto, pues el Gobierno sabe que la Uni\u00f3n Europea puede darle permiso. Colabora con Alemania, colaboran con Suiza, colaboran con Italia, colaboran con Canad\u00e1, v\u00eda Inglaterra, es decir, hay muchas evidencias e investigaci\u00f3n, si el Gobierno las quiere ya. Pero no podemos reducirlo a un enfoque solo pol\u00edtico. <strong>Hay evidencia en Espa\u00f1a, hay asociaciones de enfermos que dicen que s\u00ed. No podemos estar esperando otros tres a\u00f1os\u201d<\/strong><\/em>, resuelve el Dr. Land.<\/p>\n\n\n\n<h2 class=\"wp-block-heading\"><strong>Pacientes<\/strong><\/h2>\n\n\n\n<p>Existen multitud de asociaciones y clubes cann\u00e1bicos, formadas por pacientes que usan la planta de forma terap\u00e9utica, como Dosemociones o Terap\u00e9uticas Yerbas Castell\u00f3. En esta ocasi\u00f3n, nos acompa\u00f1a Queralt Prat, responsable de la Uni\u00f3n de <a href=\"https:\/\/uniondepacientes.org\/\">Pacientes por la Regulaci\u00f3n del Cannabis.<\/a><\/p>\n\n\n\n<p><span class=\"has-inline-color has-luminous-vivid-orange-color\"><strong>\u201c<em>No se entiende que se tengan a m\u00e1s de 300.000 personas, consumidoras por motivos terap\u00e9uticos, esperando sin ofrecer ning\u00fan tipo de garant\u00edas sanitarias<\/em><\/strong><em>, de continuidad de tratamiento, sin regular el Cannabis Medicinal-Terap\u00e9utico. No se ofrecen razones m\u00e1s all\u00e1 de la carencia de evidencias cient\u00edficas, cuando el trabajo del Gobierno es regular este tipo de mercados para que dejen de ser peligrosos. Decenas de pa\u00edses ya lo han hecho, no pueden excusarse con esos argumentos, cuando tienen un 89% de la poblaci\u00f3n a favor de estas terapias\u201d<\/em><\/span><em>,<\/em> reclama Prat. <em><span class=\"has-inline-color has-luminous-vivid-orange-color\">\u201cEsta argumentaci\u00f3n ser\u00eda v\u00e1lida hace 20 a\u00f1os, cuando era cierto que no hab\u00eda tanta informaci\u00f3n como ahora\u201d<\/span>.<\/em><\/p>\n\n\n\n<p>La representante contin\u00faa diciendo que <em><strong>\u201cNo tiene sentido <a href=\"https:\/\/www.cannabis.es\/pw\/2020\/11\/18\/podemos-lleva-la-legalizacion-a-comision-con-el-psoe-en-contra-y-erc-y-pnv-pidiendo-explicaciones\/\">lo que afirma el PSOE<\/a>. Siempre es necesaria m\u00e1s investigaci\u00f3n, no solo en el Cannabis, tambi\u00e9n en opioides, en benzodiacepinas y muchas otras, sin embargo, para \u00e9stas s\u00ed hay regulaci\u00f3n. Mientras tanto, hay 350.000 epil\u00e9pticos que podr\u00edan beneficiarse de terapias con Cannabis\u201d.<\/strong><\/em> Prat comenta que conoce muchos estudios en no-humanos, pero pocos en el lado opuesto, <em>\u201csi existen, deben ser muy peque\u00f1os o en la Asociaci\u00f3n habr\u00edamos o\u00eddo hablar de ellos\u201d.<\/em> Queralt a\u00f1ade que Podemos, el socio de gobierno del PSOE, estaba trabajando en<a href=\"https:\/\/www.cannabis.es\/pw\/2020\/10\/07\/lucia-munoz-portavoz-de-la-comision-de-adicciones-en-el-congreso-ojala-tengamos-regulacion-integral-al-final-de-la-legislatura\/\"> una propuesta de regulaci\u00f3n para su debate en la segunda parte de la legislatura<\/a>. Un proyecto que <em>\u201cnadie ha visto\u201d<\/em> y cuya consecuci\u00f3n no sabe si el Partido Socialista permitir\u00e1.<\/p>\n\n\n\n<h2 class=\"wp-block-heading\"><strong>Pol\u00edticos<\/strong><\/h2>\n\n\n\n<p>La cuesti\u00f3n del Cannabis ha sido tratada por casi todos los grupos pol\u00edticos del congreso. Al ser imposible reunirlos a todos aqu\u00ed, debemos inclinarnos por aquellos que nos ha ofrecido mayor accesibilidad, contando hoy con las declaraciones <a href=\"https:\/\/twitter.com\/JorgeMoruno\">de Jorge Moruno<\/a>, representante <a href=\"https:\/\/masmadrid.org\/\">de M\u00e1s Madrid.<\/a><\/p>\n\n\n\n<p><span class=\"has-inline-color has-luminous-vivid-orange-color\">\u201c<em>El problema puede encontrarse en el planteamiento del PSOE, que ha mostrado en las charlas y debates. Persigue un consenso vac\u00edo, en el que se escuda para excusarse ante las peticiones de regulaci\u00f3n del Cannabis Terap\u00e9utico-Medicinal. Su mezcla de conceptos es notable, por ejemplo, en la intervenci\u00f3n del otro d\u00eda, donde dijeron que mezcl\u00e1bamos el Cannabis Recreativo, cosa que no hizo nadie salvo ellos\u201d<\/em><\/span>, expone el diputado. <em>\u201cEl PSOE exhibe una posici\u00f3n retr\u00f3grada frente a los avances de otros pa\u00edses, como M\u00e9xico o Italia. Nos sorprende que haya una parte de la poblaci\u00f3n que est\u00e9 de acuerdo con esto. Tambi\u00e9n se muestra poco receptivo frente a las peticiones de los pacientes, miles de personas que est\u00e1n sufriendo enfermedades y dolor cr\u00f3nico. Eso convierte en inexplicable la concesi\u00f3n de permisos a empresas extranjeras con n\u00facleos en para\u00edsos fiscales\u201d<\/em>, rememora Moruno.<\/p>\n\n\n\n<p>\u201c<em>Cabr\u00eda preguntarse por la voluntad pol\u00edtica para la regulaci\u00f3n que exist\u00eda en otros pa\u00edses, como Austria. Para llegar a una regulaci\u00f3n, el consejo de Gobierno debe tener la intenci\u00f3n de abordarla, al menos. \u00bfCu\u00e1l es el problema? Vamos en direcci\u00f3n contraria, no explorar los efectos terap\u00e9uticos y medicinales del Cannabis es un gran error. Adem\u00e1s, siendo una medida que cuenta con gran mayor\u00eda de apoyo entre la ciudadan\u00eda, creo que ser\u00eda una normativa que no tirar\u00edan atr\u00e1s, una vez aprobada\u201d<\/em> resume el representante de M\u00e1s Madrid. En este punto, volvemos a coincidir con los investigadores, al reclamar Moruno m\u00e1s impulso p\u00fablico en el an\u00e1lisis cient\u00edfico, puesto que <em>\u201cEspa\u00f1a puede ser puntera en investigaci\u00f3n, en la creaci\u00f3n de industria y creaci\u00f3n de empleo, tambi\u00e9n en la nacionalizaci\u00f3n de esa riqueza, fomentando las cooperativas y las empresas locales\u201d.<\/em> Concluye que la regulaci\u00f3n a nivel integral, traer\u00eda garant\u00edas de m\u00ednimos de calidad y contribuir\u00eda a proteger a los j\u00f3venes contra la oferta ilegal.<\/p>\n","protected":false},"excerpt":{"rendered":"<span class=\"span-reading-time rt-reading-time\" style=\"display: block;\"><span class=\"rt-label rt-prefix\">Tiempo de lectura:<\/span> <span class=\"rt-time\"> 6<\/span> <span class=\"rt-label rt-postfix\">minutos<\/span><\/span>Benito D\u00edaz La pregunta parlamentaria realizada por el Partido Nacionalista Vasco hace unas semanas dio como resultado la respuesta del Gobierno de Coalici\u00f3n PSOE-Podemos: para la regulaci\u00f3n del Cannabis Medicinal ser\u00eda necesaria mayor investigaci\u00f3n cient\u00edfica y pruebas cl\u00ednicas. Esta contestaci\u00f3n sacudi\u00f3 a la sociedad civil, en concreto a expertas y expertos en la materia, a [&hellip;]","protected":false},"author":3,"featured_media":6364,"comment_status":"closed","ping_status":"closed","sticky":false,"template":"","format":"standard","meta":{"loftocean-featured-post":"","loftocean_post_format_gallery":"","loftocean_post_format_gallery_ids":"","loftocean_post_format_gallery_urls":"","loftocean_post_format_video_id":"","loftocean_post_format_video_url":"","loftocean_post_format_video_type":"","loftocean_post_format_video":"","loftocean_post_format_audio_type":"","loftocean_post_format_audio_url":"","loftocean_post_format_audio_id":"","loftocean_post_format_audio":"","loftocean_post_format_quote_text":"","loftocean_post_format_quote_byline":"","loftocean_post_format_link_text":"","loftocean_post_format_link_url":"","ceramag_post_header_style":"","ceramag_enable_background_video":"","ceramag_show_in_top_slider":"","ceramag_post_background_video_start":"","ceramag_post_background_video_end":"","loftocean_page_background_video_id":"","loftocean_page_background_video_url":"","loftocean_page_background_video_type":"","loftocean_page_background_video":"","ceramag_background_video_start":"","ceramag_background_video_end":"","ceramag_single_page_hide_header":"","footnotes":""},"categories":[36,35],"tags":[43,52,474,42],"class_list":["post-6362","post","type-post","status-publish","format-standard","has-post-thumbnail","hentry","category-medicinal","category-politica-y-sociedad","tag-benito-diaz","tag-cannabis-medicinal","tag-medicinal","tag-politica"],"yoast_head":"<!-- This site is optimized with the Yoast SEO plugin v24.9 - https:\/\/yoast.com\/wordpress\/plugins\/seo\/ -->\n<title>S\u00ed hay evidencia: voces expertas por el cannabis medicinal<\/title>\n<meta name=\"description\" content=\"Entrada &#8226; Portal multimedia sobre cannabis y otras sustancias &#8226; 26 noviembre, 2020\" \/>\n<meta name=\"robots\" content=\"index, follow, max-snippet:-1, max-image-preview:large, max-video-preview:-1\" \/>\n<link rel=\"canonical\" href=\"https:\/\/www.cannabis.es\/pw\/2020\/11\/26\/si-hay-evidencia-voces-expertas-por-el-cannabis-medicinal\/\" \/>\n<meta name=\"twitter:card\" content=\"summary_large_image\" \/>\n<meta name=\"twitter:title\" content=\"S\u00ed hay evidencia: voces expertas por el cannabis medicinal\" \/>\n<meta name=\"twitter:description\" content=\"Entrada &#8226; Portal multimedia sobre cannabis y otras sustancias &#8226; 26 noviembre, 2020\" \/>\n<meta name=\"twitter:image\" content=\"https:\/\/www.cannabis.es\/pw\/wp-content\/uploads\/2020\/11\/portada-cannabis-medicinal.jpg\" \/>\n<meta name=\"twitter:creator\" content=\"@cannabis_es\" \/>\n<meta name=\"twitter:site\" content=\"@cannabis_es\" \/>\n<meta name=\"twitter:label1\" content=\"Escrito por\" \/>\n\t<meta name=\"twitter:data1\" content=\"Cannabis.es\" \/>\n\t<meta name=\"twitter:label2\" content=\"Tiempo de lectura\" \/>\n\t<meta name=\"twitter:data2\" content=\"9 minutos\" \/>\n<script type=\"application\/ld+json\" class=\"yoast-schema-graph\">{\"@context\":\"https:\/\/schema.org\",\"@graph\":[{\"@type\":\"Article\",\"@id\":\"https:\/\/www.cannabis.es\/pw\/2020\/11\/26\/si-hay-evidencia-voces-expertas-por-el-cannabis-medicinal\/#article\",\"isPartOf\":{\"@id\":\"https:\/\/www.cannabis.es\/pw\/2020\/11\/26\/si-hay-evidencia-voces-expertas-por-el-cannabis-medicinal\/\"},\"author\":{\"name\":\"Cannabis.es\",\"@id\":\"https:\/\/www.cannabis.es\/pw\/#\/schema\/person\/ec770c03f3e99d770687f537f4ba1e89\"},\"headline\":\"S\u00ed hay evidencia: voces expertas por el cannabis medicinal\",\"datePublished\":\"2020-11-26T12:43:37+00:00\",\"dateModified\":\"2020-11-27T11:29:12+00:00\",\"mainEntityOfPage\":{\"@id\":\"https:\/\/www.cannabis.es\/pw\/2020\/11\/26\/si-hay-evidencia-voces-expertas-por-el-cannabis-medicinal\/\"},\"wordCount\":1907,\"publisher\":{\"@id\":\"https:\/\/www.cannabis.es\/pw\/#organization\"},\"image\":{\"@id\":\"https:\/\/www.cannabis.es\/pw\/2020\/11\/26\/si-hay-evidencia-voces-expertas-por-el-cannabis-medicinal\/#primaryimage\"},\"thumbnailUrl\":\"https:\/\/www.cannabis.es\/pw\/wp-content\/uploads\/2020\/11\/portada-cannabis-medicinal.jpg\",\"keywords\":[\"Benito D\u00edaz\",\"cannabis medicinal\",\"medicinal\",\"pol\u00edtica\"],\"articleSection\":[\"Medicinal\",\"Pol\u00edtica y Sociedad\"],\"inLanguage\":\"es\"},{\"@type\":\"WebPage\",\"@id\":\"https:\/\/www.cannabis.es\/pw\/2020\/11\/26\/si-hay-evidencia-voces-expertas-por-el-cannabis-medicinal\/\",\"url\":\"https:\/\/www.cannabis.es\/pw\/2020\/11\/26\/si-hay-evidencia-voces-expertas-por-el-cannabis-medicinal\/\",\"name\":\"S\u00ed hay evidencia: voces expertas por el cannabis medicinal\",\"isPartOf\":{\"@id\":\"https:\/\/www.cannabis.es\/pw\/#website\"},\"primaryImageOfPage\":{\"@id\":\"https:\/\/www.cannabis.es\/pw\/2020\/11\/26\/si-hay-evidencia-voces-expertas-por-el-cannabis-medicinal\/#primaryimage\"},\"image\":{\"@id\":\"https:\/\/www.cannabis.es\/pw\/2020\/11\/26\/si-hay-evidencia-voces-expertas-por-el-cannabis-medicinal\/#primaryimage\"},\"thumbnailUrl\":\"https:\/\/www.cannabis.es\/pw\/wp-content\/uploads\/2020\/11\/portada-cannabis-medicinal.jpg\",\"datePublished\":\"2020-11-26T12:43:37+00:00\",\"dateModified\":\"2020-11-27T11:29:12+00:00\",\"description\":\"Entrada &#8226; Portal multimedia sobre cannabis y otras sustancias &#8226; 26 noviembre, 2020\",\"breadcrumb\":{\"@id\":\"https:\/\/www.cannabis.es\/pw\/2020\/11\/26\/si-hay-evidencia-voces-expertas-por-el-cannabis-medicinal\/#breadcrumb\"},\"inLanguage\":\"es\",\"potentialAction\":[{\"@type\":\"ReadAction\",\"target\":[\"https:\/\/www.cannabis.es\/pw\/2020\/11\/26\/si-hay-evidencia-voces-expertas-por-el-cannabis-medicinal\/\"]}]},{\"@type\":\"ImageObject\",\"inLanguage\":\"es\",\"@id\":\"https:\/\/www.cannabis.es\/pw\/2020\/11\/26\/si-hay-evidencia-voces-expertas-por-el-cannabis-medicinal\/#primaryimage\",\"url\":\"https:\/\/www.cannabis.es\/pw\/wp-content\/uploads\/2020\/11\/portada-cannabis-medicinal.jpg\",\"contentUrl\":\"https:\/\/www.cannabis.es\/pw\/wp-content\/uploads\/2020\/11\/portada-cannabis-medicinal.jpg\",\"width\":804,\"height\":532},{\"@type\":\"BreadcrumbList\",\"@id\":\"https:\/\/www.cannabis.es\/pw\/2020\/11\/26\/si-hay-evidencia-voces-expertas-por-el-cannabis-medicinal\/#breadcrumb\",\"itemListElement\":[{\"@type\":\"ListItem\",\"position\":1,\"name\":\"Portada\",\"item\":\"http:\/\/www.cannabis.es\/pw\/\"},{\"@type\":\"ListItem\",\"position\":2,\"name\":\"S\u00ed hay evidencia: voces expertas por el cannabis medicinal\"}]},{\"@type\":\"WebSite\",\"@id\":\"https:\/\/www.cannabis.es\/pw\/#website\",\"url\":\"https:\/\/www.cannabis.es\/pw\/\",\"name\":\"Cannabis\",\"description\":\"Portal multimedia sobre cannabis y otras sustancias\",\"publisher\":{\"@id\":\"https:\/\/www.cannabis.es\/pw\/#organization\"},\"potentialAction\":[{\"@type\":\"SearchAction\",\"target\":{\"@type\":\"EntryPoint\",\"urlTemplate\":\"https:\/\/www.cannabis.es\/pw\/?s={search_term_string}\"},\"query-input\":{\"@type\":\"PropertyValueSpecification\",\"valueRequired\":true,\"valueName\":\"search_term_string\"}}],\"inLanguage\":\"es\"},{\"@type\":\"Organization\",\"@id\":\"https:\/\/www.cannabis.es\/pw\/#organization\",\"name\":\"Cannabis.es\",\"url\":\"https:\/\/www.cannabis.es\/pw\/\",\"logo\":{\"@type\":\"ImageObject\",\"inLanguage\":\"es\",\"@id\":\"https:\/\/www.cannabis.es\/pw\/#\/schema\/logo\/image\/\",\"url\":\"https:\/\/www.cannabis.es\/pw\/wp-content\/uploads\/2019\/04\/cropped-logo_cannabis.png\",\"contentUrl\":\"https:\/\/www.cannabis.es\/pw\/wp-content\/uploads\/2019\/04\/cropped-logo_cannabis.png\",\"width\":361,\"height\":120,\"caption\":\"Cannabis.es\"},\"image\":{\"@id\":\"https:\/\/www.cannabis.es\/pw\/#\/schema\/logo\/image\/\"},\"sameAs\":[\"https:\/\/x.com\/cannabis_es\"]},{\"@type\":\"Person\",\"@id\":\"https:\/\/www.cannabis.es\/pw\/#\/schema\/person\/ec770c03f3e99d770687f537f4ba1e89\",\"name\":\"Cannabis.es\",\"image\":{\"@type\":\"ImageObject\",\"inLanguage\":\"es\",\"@id\":\"https:\/\/www.cannabis.es\/pw\/#\/schema\/person\/image\/\",\"url\":\"https:\/\/secure.gravatar.com\/avatar\/810c93a3d6fadc3d9c2665b1d919a4aedea8ed4dd63689d001e985a804e90d83?s=96&d=mm&r=g\",\"contentUrl\":\"https:\/\/secure.gravatar.com\/avatar\/810c93a3d6fadc3d9c2665b1d919a4aedea8ed4dd63689d001e985a804e90d83?s=96&d=mm&r=g\",\"caption\":\"Cannabis.es\"},\"url\":\"https:\/\/www.cannabis.es\/pw\/author\/arnau\/\"}]}<\/script>\n<!-- \/ Yoast SEO plugin. -->","yoast_head_json":{"title":"S\u00ed hay evidencia: voces expertas por el cannabis medicinal","description":"Entrada &#8226; Portal multimedia sobre cannabis y otras sustancias &#8226; 26 noviembre, 2020","robots":{"index":"index","follow":"follow","max-snippet":"max-snippet:-1","max-image-preview":"max-image-preview:large","max-video-preview":"max-video-preview:-1"},"canonical":"https:\/\/www.cannabis.es\/pw\/2020\/11\/26\/si-hay-evidencia-voces-expertas-por-el-cannabis-medicinal\/","twitter_card":"summary_large_image","twitter_title":"S\u00ed hay evidencia: voces expertas por el cannabis medicinal","twitter_description":"Entrada &#8226; Portal multimedia sobre cannabis y otras sustancias &#8226; 26 noviembre, 2020","twitter_image":"https:\/\/www.cannabis.es\/pw\/wp-content\/uploads\/2020\/11\/portada-cannabis-medicinal.jpg","twitter_creator":"@cannabis_es","twitter_site":"@cannabis_es","twitter_misc":{"Escrito por":"Cannabis.es","Tiempo de lectura":"9 minutos"},"schema":{"@context":"https:\/\/schema.org","@graph":[{"@type":"Article","@id":"https:\/\/www.cannabis.es\/pw\/2020\/11\/26\/si-hay-evidencia-voces-expertas-por-el-cannabis-medicinal\/#article","isPartOf":{"@id":"https:\/\/www.cannabis.es\/pw\/2020\/11\/26\/si-hay-evidencia-voces-expertas-por-el-cannabis-medicinal\/"},"author":{"name":"Cannabis.es","@id":"https:\/\/www.cannabis.es\/pw\/#\/schema\/person\/ec770c03f3e99d770687f537f4ba1e89"},"headline":"S\u00ed hay evidencia: voces expertas por el cannabis medicinal","datePublished":"2020-11-26T12:43:37+00:00","dateModified":"2020-11-27T11:29:12+00:00","mainEntityOfPage":{"@id":"https:\/\/www.cannabis.es\/pw\/2020\/11\/26\/si-hay-evidencia-voces-expertas-por-el-cannabis-medicinal\/"},"wordCount":1907,"publisher":{"@id":"https:\/\/www.cannabis.es\/pw\/#organization"},"image":{"@id":"https:\/\/www.cannabis.es\/pw\/2020\/11\/26\/si-hay-evidencia-voces-expertas-por-el-cannabis-medicinal\/#primaryimage"},"thumbnailUrl":"https:\/\/www.cannabis.es\/pw\/wp-content\/uploads\/2020\/11\/portada-cannabis-medicinal.jpg","keywords":["Benito D\u00edaz","cannabis medicinal","medicinal","pol\u00edtica"],"articleSection":["Medicinal","Pol\u00edtica y Sociedad"],"inLanguage":"es"},{"@type":"WebPage","@id":"https:\/\/www.cannabis.es\/pw\/2020\/11\/26\/si-hay-evidencia-voces-expertas-por-el-cannabis-medicinal\/","url":"https:\/\/www.cannabis.es\/pw\/2020\/11\/26\/si-hay-evidencia-voces-expertas-por-el-cannabis-medicinal\/","name":"S\u00ed hay evidencia: voces expertas por el cannabis medicinal","isPartOf":{"@id":"https:\/\/www.cannabis.es\/pw\/#website"},"primaryImageOfPage":{"@id":"https:\/\/www.cannabis.es\/pw\/2020\/11\/26\/si-hay-evidencia-voces-expertas-por-el-cannabis-medicinal\/#primaryimage"},"image":{"@id":"https:\/\/www.cannabis.es\/pw\/2020\/11\/26\/si-hay-evidencia-voces-expertas-por-el-cannabis-medicinal\/#primaryimage"},"thumbnailUrl":"https:\/\/www.cannabis.es\/pw\/wp-content\/uploads\/2020\/11\/portada-cannabis-medicinal.jpg","datePublished":"2020-11-26T12:43:37+00:00","dateModified":"2020-11-27T11:29:12+00:00","description":"Entrada &#8226; Portal multimedia sobre cannabis y otras sustancias &#8226; 26 noviembre, 2020","breadcrumb":{"@id":"https:\/\/www.cannabis.es\/pw\/2020\/11\/26\/si-hay-evidencia-voces-expertas-por-el-cannabis-medicinal\/#breadcrumb"},"inLanguage":"es","potentialAction":[{"@type":"ReadAction","target":["https:\/\/www.cannabis.es\/pw\/2020\/11\/26\/si-hay-evidencia-voces-expertas-por-el-cannabis-medicinal\/"]}]},{"@type":"ImageObject","inLanguage":"es","@id":"https:\/\/www.cannabis.es\/pw\/2020\/11\/26\/si-hay-evidencia-voces-expertas-por-el-cannabis-medicinal\/#primaryimage","url":"https:\/\/www.cannabis.es\/pw\/wp-content\/uploads\/2020\/11\/portada-cannabis-medicinal.jpg","contentUrl":"https:\/\/www.cannabis.es\/pw\/wp-content\/uploads\/2020\/11\/portada-cannabis-medicinal.jpg","width":804,"height":532},{"@type":"BreadcrumbList","@id":"https:\/\/www.cannabis.es\/pw\/2020\/11\/26\/si-hay-evidencia-voces-expertas-por-el-cannabis-medicinal\/#breadcrumb","itemListElement":[{"@type":"ListItem","position":1,"name":"Portada","item":"http:\/\/www.cannabis.es\/pw\/"},{"@type":"ListItem","position":2,"name":"S\u00ed hay evidencia: voces expertas por el cannabis medicinal"}]},{"@type":"WebSite","@id":"https:\/\/www.cannabis.es\/pw\/#website","url":"https:\/\/www.cannabis.es\/pw\/","name":"Cannabis","description":"Portal multimedia sobre cannabis y otras sustancias","publisher":{"@id":"https:\/\/www.cannabis.es\/pw\/#organization"},"potentialAction":[{"@type":"SearchAction","target":{"@type":"EntryPoint","urlTemplate":"https:\/\/www.cannabis.es\/pw\/?s={search_term_string}"},"query-input":{"@type":"PropertyValueSpecification","valueRequired":true,"valueName":"search_term_string"}}],"inLanguage":"es"},{"@type":"Organization","@id":"https:\/\/www.cannabis.es\/pw\/#organization","name":"Cannabis.es","url":"https:\/\/www.cannabis.es\/pw\/","logo":{"@type":"ImageObject","inLanguage":"es","@id":"https:\/\/www.cannabis.es\/pw\/#\/schema\/logo\/image\/","url":"https:\/\/www.cannabis.es\/pw\/wp-content\/uploads\/2019\/04\/cropped-logo_cannabis.png","contentUrl":"https:\/\/www.cannabis.es\/pw\/wp-content\/uploads\/2019\/04\/cropped-logo_cannabis.png","width":361,"height":120,"caption":"Cannabis.es"},"image":{"@id":"https:\/\/www.cannabis.es\/pw\/#\/schema\/logo\/image\/"},"sameAs":["https:\/\/x.com\/cannabis_es"]},{"@type":"Person","@id":"https:\/\/www.cannabis.es\/pw\/#\/schema\/person\/ec770c03f3e99d770687f537f4ba1e89","name":"Cannabis.es","image":{"@type":"ImageObject","inLanguage":"es","@id":"https:\/\/www.cannabis.es\/pw\/#\/schema\/person\/image\/","url":"https:\/\/secure.gravatar.com\/avatar\/810c93a3d6fadc3d9c2665b1d919a4aedea8ed4dd63689d001e985a804e90d83?s=96&d=mm&r=g","contentUrl":"https:\/\/secure.gravatar.com\/avatar\/810c93a3d6fadc3d9c2665b1d919a4aedea8ed4dd63689d001e985a804e90d83?s=96&d=mm&r=g","caption":"Cannabis.es"},"url":"https:\/\/www.cannabis.es\/pw\/author\/arnau\/"}]}},"_links":{"self":[{"href":"https:\/\/www.cannabis.es\/pw\/wp-json\/wp\/v2\/posts\/6362","targetHints":{"allow":["GET"]}}],"collection":[{"href":"https:\/\/www.cannabis.es\/pw\/wp-json\/wp\/v2\/posts"}],"about":[{"href":"https:\/\/www.cannabis.es\/pw\/wp-json\/wp\/v2\/types\/post"}],"author":[{"embeddable":true,"href":"https:\/\/www.cannabis.es\/pw\/wp-json\/wp\/v2\/users\/3"}],"replies":[{"embeddable":true,"href":"https:\/\/www.cannabis.es\/pw\/wp-json\/wp\/v2\/comments?post=6362"}],"version-history":[{"count":3,"href":"https:\/\/www.cannabis.es\/pw\/wp-json\/wp\/v2\/posts\/6362\/revisions"}],"predecessor-version":[{"id":6367,"href":"https:\/\/www.cannabis.es\/pw\/wp-json\/wp\/v2\/posts\/6362\/revisions\/6367"}],"wp:featuredmedia":[{"embeddable":true,"href":"https:\/\/www.cannabis.es\/pw\/wp-json\/wp\/v2\/media\/6364"}],"wp:attachment":[{"href":"https:\/\/www.cannabis.es\/pw\/wp-json\/wp\/v2\/media?parent=6362"}],"wp:term":[{"taxonomy":"category","embeddable":true,"href":"https:\/\/www.cannabis.es\/pw\/wp-json\/wp\/v2\/categories?post=6362"},{"taxonomy":"post_tag","embeddable":true,"href":"https:\/\/www.cannabis.es\/pw\/wp-json\/wp\/v2\/tags?post=6362"}],"curies":[{"name":"wp","href":"https:\/\/api.w.org\/{rel}","templated":true}]}}