{"id":6385,"date":"2020-12-03T12:30:18","date_gmt":"2020-12-03T11:30:18","guid":{"rendered":"https:\/\/www.cannabis.es\/pw\/?p=6385"},"modified":"2020-12-03T13:27:24","modified_gmt":"2020-12-03T12:27:24","slug":"la-onu-reconoce-el-valor-terapeutico-de-la-cannabis-desambiguandola","status":"publish","type":"post","link":"https:\/\/www.cannabis.es\/pw\/2020\/12\/03\/la-onu-reconoce-el-valor-terapeutico-de-la-cannabis-desambiguandola\/","title":{"rendered":"La ONU reconoce el valor terap\u00e9utico de la Cannabis desambigu\u00e1ndola"},"content":{"rendered":"\n<p>Benito D\u00edaz<\/p>\n\n\n\n<p>D\u00eda hist\u00f3rico para el Cannabis. Ayer, mi\u00e9rcoles dos de diciembre, se han celebrado en las instalaciones de la Organizaci\u00f3n de las Naciones Unidas en Viena, las votaciones a una serie de propuestas relativas a la salida del Cannabis de los apartados m\u00e1s restrictivos de las listas de fiscalizaci\u00f3n de esta organizaci\u00f3n y modificar el acuerdo \u00fanico sobre estupefacientes de 1961.<\/p>\n\n\n\n<p>Las propuestas inclu\u00edan desde la salida de la Cannabis y su transformaci\u00f3n mec\u00e1nica en resinas de la lista IV para quedarse solo en la lista I, pues una ampliaci\u00f3n de 1971  manten\u00eda la planta por duplicado, as\u00ed como la armonizaci\u00f3n de los cannabinoides de origen natural con los sint\u00e9ticos, retirando el control sobre las extracciones por el mero hecho de provenir de la planta, o poniendo el THC en la lista I con ella. Tambi\u00e9n daba otra v\u00eda de escape al CBD, con la inclusi\u00f3n de una nota a pie de p\u00e1gina (Lista I) que dejase fuera de la fiscalizaci\u00f3n a productos derivados de la Cannabis Sativa L que estuvieran compuestos de CBD con porcentajes de THC de no m\u00e1s del 0,2%.<\/p>\n\n\n\n<figure class=\"wp-block-image size-large\"><img loading=\"lazy\" decoding=\"async\" width=\"804\" height=\"532\" src=\"https:\/\/www.cannabis.es\/pw\/wp-content\/uploads\/2020\/12\/ONU-resolucion-Viena.jpg\" alt=\"\" class=\"wp-image-6387\" srcset=\"https:\/\/www.cannabis.es\/pw\/wp-content\/uploads\/2020\/12\/ONU-resolucion-Viena.jpg 804w, https:\/\/www.cannabis.es\/pw\/wp-content\/uploads\/2020\/12\/ONU-resolucion-Viena-300x199.jpg 300w, https:\/\/www.cannabis.es\/pw\/wp-content\/uploads\/2020\/12\/ONU-resolucion-Viena-768x508.jpg 768w, https:\/\/www.cannabis.es\/pw\/wp-content\/uploads\/2020\/12\/ONU-resolucion-Viena-600x397.jpg 600w\" sizes=\"auto, (max-width: 804px) 100vw, 804px\" \/><\/figure>\n\n\n\n<h2 class=\"wp-block-heading\"><strong>Votaciones<\/strong><\/h2>\n\n\n\n<p>Tras el an\u00e1lisis de un representante de la Comisi\u00f3n de Investigaci\u00f3n de la Oficina de las Naciones Unidas para las <a href=\"https:\/\/www.cannabis.es\/pw\/2020\/08\/31\/la-onu-analiza-el-mercado-de-las-drogas-en-su-nuevo-informe\/\">Drogas y el Delito (UNODC),<\/a> se procedi\u00f3 a la votaci\u00f3n de cada pa\u00eds miembro. <em>\u201cLas pruebas presentadas para el Cannabis y resinas de Cannabis, no los relacionan en igualdad con los agentes presentes en la lista I, ni est\u00e1, por tanto, en conformidad para figurar en el cuadro IV. El comit\u00e9 recomienda que se suprima del cuadro IV, pero no del I\u201d, <\/em>declar\u00f3 el representante, que aleg\u00f3 razones en cuanto a la capacidad adictiva del Cannabis para que permaneciera en la lista I.<\/p>\n\n\n\n<p>Las votaciones se sucedieron, arrojando el resultado de <strong>27 pa\u00edses a favor y 25 en contra de la salida de la lista IV.<\/strong> Esto es, <strong>reconocer de facto que el Cannabis y sus derivados tienen valor terap\u00e9utico<\/strong>, al contrario de lo que afirmaba su presencia en la citada lista, <strong>no consider\u00e1ndola como \u201cparticularmente susceptible de abusos y de producir efectos nocivos\u201d<\/strong>.<\/p>\n\n\n\n<p>En la siguiente votaci\u00f3n se solicitaba la salida de la lista IV al THC, que incluy\u00f3 en la m\u00e1xima peligrosidad y restricci\u00f3n la ampliaci\u00f3n de 1971, cuando incorporaba a la lista dos su mol\u00e9cula sint\u00e9tica, el dronabinol. La categor\u00eda m\u00e1s restrictiva se ampli\u00f3 entonces con drogas sint\u00e9ticas de uso y abuso farmac\u00e9utico como las benzodiacepinas. El resultado obtenido, con 23 votos a favor y 28 en contra, hace que el THC obtenido de la fuente natural permanezca en la lista IV.<\/p>\n\n\n\n<p><strong>Los extractos y tinturas<\/strong>, definidos por los expertos de la comisi\u00f3n como preparados de la planta a partir de la aplicaci\u00f3n de solventes, son reconocidos por estos como \u00fatiles en el tratamiento de enfermedades. Sin embargo, se duda de la calidad de la preparaci\u00f3n casera, que se enfrentar\u00eda contra la preparaci\u00f3n m\u00e9dica, y en ambas<strong> puede existir<\/strong> un alto porcentaje de<strong> THC<\/strong>. La propuesta de quitar estos extractos y tinturas de la Cannabis de la lista I fue rechazada con unos resultados de 24 votos a favor, 27 en contra y dos abstenciones.<\/p>\n\n\n\n<p>Por \u00faltimo, se propuso la inclusi\u00f3n de una nota a pie de p\u00e1gina en la lista I, que aclarase que productos derivados del Cannabis, con porcentajes de THC no superiores al 0,2% y CBD puro, estuvieran exentos de fiscalizaci\u00f3n. En este caso, la comisi\u00f3n de la OMS que presentaba las recomendaciones no encontr\u00f3 se\u00f1ales de que la sustancia produjera dependencia ni hiciera tender hacia un consumo abusivo, resaltando que el porcentaje de D9THC en estos productos era solo residual, por lo que recomend\u00f3 aceptar la propuesta. El resultado de los votos se tradujo en seis a favor, en contra 43 y cuatro abstenciones, con lo que se rechaz\u00f3 la nota al pie.<br><br>Sin la eliminaci\u00f3n del control sobre los extractos y tinturas, cuando ya existe el m\u00e1ximo control sobre el THC, y sin incluir la nota al pie, sembraba dudas con estos productos en los pa\u00edses en los que el cultivo y transformaci\u00f3n del c\u00e1\u00f1amo es legal, que es igualmente una Cannabis Sativa L sujeta a fiscalizaci\u00f3n, aunque las leyes nacionales hagan su excepci\u00f3n. <strong>La Uni\u00f3n Europea se apresur\u00f3 a clarificar ayer mismo que<\/strong>, de acuerdo con <a href=\"https:\/\/www.cannabis.es\/pw\/2020\/11\/20\/un-fallo-judicial-legaliza-el-cbd-en-la-union-europea-y-espana-no-podra-incautar\/\">la reciente sentencia<\/a> del Tribunal Europeo de Justicia, <a href=\"https:\/\/hemptoday.net\/european-commission-reverses-position-cbd-not-a-narcotic\/\">el cannabidiol\u00bbno produce efectos pscicotr\u00f3picos\u00bb y, por lo tanto, \u00abno puede ser considerado una droga\u00bb y puede \u00abcatalogarse de comida\u00bb.<\/a><\/p>\n\n\n\n<h2 class=\"wp-block-heading\"><strong>Resultados<\/strong><\/h2>\n\n\n\n<p>Los colectivos en pro de las pol\u00edticas de drogas y el activismo, han recibido estos resultados con alegr\u00eda.<\/p>\n\n\n\n<p>\u201c<em>La medida es a\u00fan m\u00e1s importante si se tiene en cuenta que el cannabis se incluy\u00f3 en la Lista IV sin haber estado sujeto a ninguna evaluaci\u00f3n cient\u00edfica. El Anexo IV para el cannabis es una reliquia de las leyes internacionales sobre drogas m\u00e1s extremas heredadas de la moral de la d\u00e9cada de 1950 y es representativo de sistemas de valores desacreditados durante mucho tiempo relacionados con el racismo, la intolerancia, la falta de respeto por los pueblos y culturas ind\u00edgenas que fueron el sello distintivo de la \u00e9poca colonial\u201d, <\/em>afirma la organizaci\u00f3n FAAAT que preside<a href=\"https:\/\/www.cannabis.es\/pw\/2020\/09\/16\/como-regular-el-cannabis-para-desarrollar-la-agenda-2030\/\"> Kenzi Riboulet<\/a> en un <a href=\"https:\/\/faaat.net\/blog\/press-release-united-nations-recognize-medical-cannabis-december-2020\/\">comunicado de prensa.<\/a> <\/p>\n\n\n\n<p><em>\u201cAunque creemos que corregir el historial era inevitable, la abrumadora evidencia no conducir\u00eda a ning\u00fan otro resultado, el hecho de que los estados no acepten las propuestas m\u00e1s avanzadas de la OMS es decepcionante y representa una oportunidad perdida para hacer que el tratado se ajuste mejor a su prop\u00f3sito. Sin embargo, <strong>ninguno de los votos negativos de hoy dar\u00e1 como resultado un empeoramiento de los controles sobre el cannabis<\/strong>\u201d, recalca.<\/em><\/p>\n\n\n\n<p>Se\u00f1aladas por el activismo como las organizaciones por la pol\u00edtica de drogas m\u00e1s importantes, los esfuerzos tanto de la For Alternative Approaches to Addiction, Think &amp; do tank (FAAAT) como de la Coalici\u00f3n Europea por Pol\u00edticas de Drogas Justas y Eficaces <a href=\"https:\/\/twitter.com\/encod?lang=es\">(ENCOD)<\/a> est\u00e1n vi\u00e9ndose reconocidos por las altas instancias de la ONU.<\/p>\n\n\n\n<p>\u201c<em>La valoraci\u00f3n de los resultados es, en general, positiva\u201d <\/em>comenta Ana Afuera, representante de ENCOD.<em> \u201cEs una noticia muy buena para las personas consumidoras terap\u00e9uticas, estamos de celebraci\u00f3n. Se trata de una medida que va a beneficiar a todo el mundo, sobre todo en el \u00e1mbito de la investigaci\u00f3n y desarrollo de terapias. Sin embargo, la l\u00ednea roja se ha vuelto a establecer en el Cannabis Recreativo, por parte de pa\u00edses con pol\u00edticas de drogas restrictivas, no nos sorprende. Tambi\u00e9n el CBD vuelve a quedar en una zona gris\u201d.<\/em> Afuera destaca <a href=\"https:\/\/www.cannabis.es\/pw\/2020\/09\/16\/como-regular-el-cannabis-para-desarrollar-la-agenda-2030\/\">el trabajo de Kenzi Riboulet,<\/a> que junto con FAAAT colabora con ENCOD para avanzar hacia una pol\u00edtica de drogas m\u00e1s permisiva con el Cannabis.<\/p>\n","protected":false},"excerpt":{"rendered":"<span class=\"span-reading-time rt-reading-time\" style=\"display: block;\"><span class=\"rt-label rt-prefix\">Tiempo de lectura:<\/span> <span class=\"rt-time\"> 4<\/span> <span class=\"rt-label rt-postfix\">minutos<\/span><\/span>Benito D\u00edaz D\u00eda hist\u00f3rico para el Cannabis. Ayer, mi\u00e9rcoles dos de diciembre, se han celebrado en las instalaciones de la Organizaci\u00f3n de las Naciones Unidas en Viena, las votaciones a una serie de propuestas relativas a la salida del Cannabis de los apartados m\u00e1s restrictivos de las listas de fiscalizaci\u00f3n de esta organizaci\u00f3n y modificar [&hellip;]","protected":false},"author":3,"featured_media":6387,"comment_status":"closed","ping_status":"closed","sticky":false,"template":"","format":"standard","meta":{"loftocean-featured-post":"","loftocean_post_format_gallery":"","loftocean_post_format_gallery_ids":"","loftocean_post_format_gallery_urls":"","loftocean_post_format_video_id":"","loftocean_post_format_video_url":"","loftocean_post_format_video_type":"","loftocean_post_format_video":"","loftocean_post_format_audio_type":"","loftocean_post_format_audio_url":"","loftocean_post_format_audio_id":"","loftocean_post_format_audio":"","loftocean_post_format_quote_text":"","loftocean_post_format_quote_byline":"","loftocean_post_format_link_text":"","loftocean_post_format_link_url":"","ceramag_post_header_style":"","ceramag_enable_background_video":"","ceramag_show_in_top_slider":"","ceramag_post_background_video_start":"","ceramag_post_background_video_end":"","loftocean_page_background_video_id":"","loftocean_page_background_video_url":"","loftocean_page_background_video_type":"","loftocean_page_background_video":"","ceramag_background_video_start":"","ceramag_background_video_end":"","ceramag_single_page_hide_header":"","footnotes":""},"categories":[35],"tags":[],"class_list":["post-6385","post","type-post","status-publish","format-standard","has-post-thumbnail","hentry","category-politica-y-sociedad"],"yoast_head":"<!-- This site is optimized with the Yoast SEO plugin v24.9 - https:\/\/yoast.com\/wordpress\/plugins\/seo\/ -->\n<title>La ONU reconoce el valor terap\u00e9utico de la Cannabis desambigu\u00e1ndola<\/title>\n<meta name=\"description\" content=\"Entrada &#8226; Portal multimedia sobre cannabis y otras sustancias &#8226; 3 diciembre, 2020\" \/>\n<meta name=\"robots\" content=\"index, follow, max-snippet:-1, max-image-preview:large, max-video-preview:-1\" \/>\n<link rel=\"canonical\" href=\"https:\/\/www.cannabis.es\/pw\/2020\/12\/03\/la-onu-reconoce-el-valor-terapeutico-de-la-cannabis-desambiguandola\/\" \/>\n<meta name=\"twitter:card\" content=\"summary_large_image\" \/>\n<meta name=\"twitter:title\" content=\"La ONU reconoce el valor terap\u00e9utico de la Cannabis desambigu\u00e1ndola\" \/>\n<meta name=\"twitter:description\" content=\"Entrada &#8226; Portal multimedia sobre cannabis y otras sustancias &#8226; 3 diciembre, 2020\" \/>\n<meta name=\"twitter:image\" content=\"https:\/\/www.cannabis.es\/pw\/wp-content\/uploads\/2020\/12\/ONU-resolucion-Viena.jpg\" \/>\n<meta name=\"twitter:creator\" content=\"@cannabis_es\" \/>\n<meta name=\"twitter:site\" content=\"@cannabis_es\" \/>\n<meta name=\"twitter:label1\" content=\"Escrito por\" \/>\n\t<meta name=\"twitter:data1\" content=\"Cannabis.es\" \/>\n\t<meta name=\"twitter:label2\" content=\"Tiempo de lectura\" \/>\n\t<meta name=\"twitter:data2\" content=\"6 minutos\" \/>\n<script type=\"application\/ld+json\" class=\"yoast-schema-graph\">{\"@context\":\"https:\/\/schema.org\",\"@graph\":[{\"@type\":\"Article\",\"@id\":\"https:\/\/www.cannabis.es\/pw\/2020\/12\/03\/la-onu-reconoce-el-valor-terapeutico-de-la-cannabis-desambiguandola\/#article\",\"isPartOf\":{\"@id\":\"https:\/\/www.cannabis.es\/pw\/2020\/12\/03\/la-onu-reconoce-el-valor-terapeutico-de-la-cannabis-desambiguandola\/\"},\"author\":{\"name\":\"Cannabis.es\",\"@id\":\"https:\/\/www.cannabis.es\/pw\/#\/schema\/person\/ec770c03f3e99d770687f537f4ba1e89\"},\"headline\":\"La ONU reconoce el valor terap\u00e9utico de la Cannabis desambigu\u00e1ndola\",\"datePublished\":\"2020-12-03T11:30:18+00:00\",\"dateModified\":\"2020-12-03T12:27:24+00:00\",\"mainEntityOfPage\":{\"@id\":\"https:\/\/www.cannabis.es\/pw\/2020\/12\/03\/la-onu-reconoce-el-valor-terapeutico-de-la-cannabis-desambiguandola\/\"},\"wordCount\":1189,\"publisher\":{\"@id\":\"https:\/\/www.cannabis.es\/pw\/#organization\"},\"image\":{\"@id\":\"https:\/\/www.cannabis.es\/pw\/2020\/12\/03\/la-onu-reconoce-el-valor-terapeutico-de-la-cannabis-desambiguandola\/#primaryimage\"},\"thumbnailUrl\":\"https:\/\/www.cannabis.es\/pw\/wp-content\/uploads\/2020\/12\/ONU-resolucion-Viena.jpg\",\"articleSection\":[\"Pol\u00edtica y Sociedad\"],\"inLanguage\":\"es\"},{\"@type\":\"WebPage\",\"@id\":\"https:\/\/www.cannabis.es\/pw\/2020\/12\/03\/la-onu-reconoce-el-valor-terapeutico-de-la-cannabis-desambiguandola\/\",\"url\":\"https:\/\/www.cannabis.es\/pw\/2020\/12\/03\/la-onu-reconoce-el-valor-terapeutico-de-la-cannabis-desambiguandola\/\",\"name\":\"La ONU reconoce el valor terap\u00e9utico de la Cannabis desambigu\u00e1ndola\",\"isPartOf\":{\"@id\":\"https:\/\/www.cannabis.es\/pw\/#website\"},\"primaryImageOfPage\":{\"@id\":\"https:\/\/www.cannabis.es\/pw\/2020\/12\/03\/la-onu-reconoce-el-valor-terapeutico-de-la-cannabis-desambiguandola\/#primaryimage\"},\"image\":{\"@id\":\"https:\/\/www.cannabis.es\/pw\/2020\/12\/03\/la-onu-reconoce-el-valor-terapeutico-de-la-cannabis-desambiguandola\/#primaryimage\"},\"thumbnailUrl\":\"https:\/\/www.cannabis.es\/pw\/wp-content\/uploads\/2020\/12\/ONU-resolucion-Viena.jpg\",\"datePublished\":\"2020-12-03T11:30:18+00:00\",\"dateModified\":\"2020-12-03T12:27:24+00:00\",\"description\":\"Entrada &#8226; Portal multimedia sobre cannabis y otras sustancias &#8226; 3 diciembre, 2020\",\"breadcrumb\":{\"@id\":\"https:\/\/www.cannabis.es\/pw\/2020\/12\/03\/la-onu-reconoce-el-valor-terapeutico-de-la-cannabis-desambiguandola\/#breadcrumb\"},\"inLanguage\":\"es\",\"potentialAction\":[{\"@type\":\"ReadAction\",\"target\":[\"https:\/\/www.cannabis.es\/pw\/2020\/12\/03\/la-onu-reconoce-el-valor-terapeutico-de-la-cannabis-desambiguandola\/\"]}]},{\"@type\":\"ImageObject\",\"inLanguage\":\"es\",\"@id\":\"https:\/\/www.cannabis.es\/pw\/2020\/12\/03\/la-onu-reconoce-el-valor-terapeutico-de-la-cannabis-desambiguandola\/#primaryimage\",\"url\":\"https:\/\/www.cannabis.es\/pw\/wp-content\/uploads\/2020\/12\/ONU-resolucion-Viena.jpg\",\"contentUrl\":\"https:\/\/www.cannabis.es\/pw\/wp-content\/uploads\/2020\/12\/ONU-resolucion-Viena.jpg\",\"width\":804,\"height\":532},{\"@type\":\"BreadcrumbList\",\"@id\":\"https:\/\/www.cannabis.es\/pw\/2020\/12\/03\/la-onu-reconoce-el-valor-terapeutico-de-la-cannabis-desambiguandola\/#breadcrumb\",\"itemListElement\":[{\"@type\":\"ListItem\",\"position\":1,\"name\":\"Portada\",\"item\":\"http:\/\/www.cannabis.es\/pw\/\"},{\"@type\":\"ListItem\",\"position\":2,\"name\":\"La ONU reconoce el valor terap\u00e9utico de la Cannabis desambigu\u00e1ndola\"}]},{\"@type\":\"WebSite\",\"@id\":\"https:\/\/www.cannabis.es\/pw\/#website\",\"url\":\"https:\/\/www.cannabis.es\/pw\/\",\"name\":\"Cannabis\",\"description\":\"Portal multimedia sobre cannabis y otras sustancias\",\"publisher\":{\"@id\":\"https:\/\/www.cannabis.es\/pw\/#organization\"},\"potentialAction\":[{\"@type\":\"SearchAction\",\"target\":{\"@type\":\"EntryPoint\",\"urlTemplate\":\"https:\/\/www.cannabis.es\/pw\/?s={search_term_string}\"},\"query-input\":{\"@type\":\"PropertyValueSpecification\",\"valueRequired\":true,\"valueName\":\"search_term_string\"}}],\"inLanguage\":\"es\"},{\"@type\":\"Organization\",\"@id\":\"https:\/\/www.cannabis.es\/pw\/#organization\",\"name\":\"Cannabis.es\",\"url\":\"https:\/\/www.cannabis.es\/pw\/\",\"logo\":{\"@type\":\"ImageObject\",\"inLanguage\":\"es\",\"@id\":\"https:\/\/www.cannabis.es\/pw\/#\/schema\/logo\/image\/\",\"url\":\"https:\/\/www.cannabis.es\/pw\/wp-content\/uploads\/2019\/04\/cropped-logo_cannabis.png\",\"contentUrl\":\"https:\/\/www.cannabis.es\/pw\/wp-content\/uploads\/2019\/04\/cropped-logo_cannabis.png\",\"width\":361,\"height\":120,\"caption\":\"Cannabis.es\"},\"image\":{\"@id\":\"https:\/\/www.cannabis.es\/pw\/#\/schema\/logo\/image\/\"},\"sameAs\":[\"https:\/\/x.com\/cannabis_es\"]},{\"@type\":\"Person\",\"@id\":\"https:\/\/www.cannabis.es\/pw\/#\/schema\/person\/ec770c03f3e99d770687f537f4ba1e89\",\"name\":\"Cannabis.es\",\"image\":{\"@type\":\"ImageObject\",\"inLanguage\":\"es\",\"@id\":\"https:\/\/www.cannabis.es\/pw\/#\/schema\/person\/image\/\",\"url\":\"https:\/\/secure.gravatar.com\/avatar\/810c93a3d6fadc3d9c2665b1d919a4aedea8ed4dd63689d001e985a804e90d83?s=96&d=mm&r=g\",\"contentUrl\":\"https:\/\/secure.gravatar.com\/avatar\/810c93a3d6fadc3d9c2665b1d919a4aedea8ed4dd63689d001e985a804e90d83?s=96&d=mm&r=g\",\"caption\":\"Cannabis.es\"},\"url\":\"https:\/\/www.cannabis.es\/pw\/author\/arnau\/\"}]}<\/script>\n<!-- \/ Yoast SEO plugin. -->","yoast_head_json":{"title":"La ONU reconoce el valor terap\u00e9utico de la Cannabis desambigu\u00e1ndola","description":"Entrada &#8226; Portal multimedia sobre cannabis y otras sustancias &#8226; 3 diciembre, 2020","robots":{"index":"index","follow":"follow","max-snippet":"max-snippet:-1","max-image-preview":"max-image-preview:large","max-video-preview":"max-video-preview:-1"},"canonical":"https:\/\/www.cannabis.es\/pw\/2020\/12\/03\/la-onu-reconoce-el-valor-terapeutico-de-la-cannabis-desambiguandola\/","twitter_card":"summary_large_image","twitter_title":"La ONU reconoce el valor terap\u00e9utico de la Cannabis desambigu\u00e1ndola","twitter_description":"Entrada &#8226; Portal multimedia sobre cannabis y otras sustancias &#8226; 3 diciembre, 2020","twitter_image":"https:\/\/www.cannabis.es\/pw\/wp-content\/uploads\/2020\/12\/ONU-resolucion-Viena.jpg","twitter_creator":"@cannabis_es","twitter_site":"@cannabis_es","twitter_misc":{"Escrito por":"Cannabis.es","Tiempo de lectura":"6 minutos"},"schema":{"@context":"https:\/\/schema.org","@graph":[{"@type":"Article","@id":"https:\/\/www.cannabis.es\/pw\/2020\/12\/03\/la-onu-reconoce-el-valor-terapeutico-de-la-cannabis-desambiguandola\/#article","isPartOf":{"@id":"https:\/\/www.cannabis.es\/pw\/2020\/12\/03\/la-onu-reconoce-el-valor-terapeutico-de-la-cannabis-desambiguandola\/"},"author":{"name":"Cannabis.es","@id":"https:\/\/www.cannabis.es\/pw\/#\/schema\/person\/ec770c03f3e99d770687f537f4ba1e89"},"headline":"La ONU reconoce el valor terap\u00e9utico de la Cannabis desambigu\u00e1ndola","datePublished":"2020-12-03T11:30:18+00:00","dateModified":"2020-12-03T12:27:24+00:00","mainEntityOfPage":{"@id":"https:\/\/www.cannabis.es\/pw\/2020\/12\/03\/la-onu-reconoce-el-valor-terapeutico-de-la-cannabis-desambiguandola\/"},"wordCount":1189,"publisher":{"@id":"https:\/\/www.cannabis.es\/pw\/#organization"},"image":{"@id":"https:\/\/www.cannabis.es\/pw\/2020\/12\/03\/la-onu-reconoce-el-valor-terapeutico-de-la-cannabis-desambiguandola\/#primaryimage"},"thumbnailUrl":"https:\/\/www.cannabis.es\/pw\/wp-content\/uploads\/2020\/12\/ONU-resolucion-Viena.jpg","articleSection":["Pol\u00edtica y Sociedad"],"inLanguage":"es"},{"@type":"WebPage","@id":"https:\/\/www.cannabis.es\/pw\/2020\/12\/03\/la-onu-reconoce-el-valor-terapeutico-de-la-cannabis-desambiguandola\/","url":"https:\/\/www.cannabis.es\/pw\/2020\/12\/03\/la-onu-reconoce-el-valor-terapeutico-de-la-cannabis-desambiguandola\/","name":"La ONU reconoce el valor terap\u00e9utico de la Cannabis desambigu\u00e1ndola","isPartOf":{"@id":"https:\/\/www.cannabis.es\/pw\/#website"},"primaryImageOfPage":{"@id":"https:\/\/www.cannabis.es\/pw\/2020\/12\/03\/la-onu-reconoce-el-valor-terapeutico-de-la-cannabis-desambiguandola\/#primaryimage"},"image":{"@id":"https:\/\/www.cannabis.es\/pw\/2020\/12\/03\/la-onu-reconoce-el-valor-terapeutico-de-la-cannabis-desambiguandola\/#primaryimage"},"thumbnailUrl":"https:\/\/www.cannabis.es\/pw\/wp-content\/uploads\/2020\/12\/ONU-resolucion-Viena.jpg","datePublished":"2020-12-03T11:30:18+00:00","dateModified":"2020-12-03T12:27:24+00:00","description":"Entrada &#8226; Portal multimedia sobre cannabis y otras sustancias &#8226; 3 diciembre, 2020","breadcrumb":{"@id":"https:\/\/www.cannabis.es\/pw\/2020\/12\/03\/la-onu-reconoce-el-valor-terapeutico-de-la-cannabis-desambiguandola\/#breadcrumb"},"inLanguage":"es","potentialAction":[{"@type":"ReadAction","target":["https:\/\/www.cannabis.es\/pw\/2020\/12\/03\/la-onu-reconoce-el-valor-terapeutico-de-la-cannabis-desambiguandola\/"]}]},{"@type":"ImageObject","inLanguage":"es","@id":"https:\/\/www.cannabis.es\/pw\/2020\/12\/03\/la-onu-reconoce-el-valor-terapeutico-de-la-cannabis-desambiguandola\/#primaryimage","url":"https:\/\/www.cannabis.es\/pw\/wp-content\/uploads\/2020\/12\/ONU-resolucion-Viena.jpg","contentUrl":"https:\/\/www.cannabis.es\/pw\/wp-content\/uploads\/2020\/12\/ONU-resolucion-Viena.jpg","width":804,"height":532},{"@type":"BreadcrumbList","@id":"https:\/\/www.cannabis.es\/pw\/2020\/12\/03\/la-onu-reconoce-el-valor-terapeutico-de-la-cannabis-desambiguandola\/#breadcrumb","itemListElement":[{"@type":"ListItem","position":1,"name":"Portada","item":"http:\/\/www.cannabis.es\/pw\/"},{"@type":"ListItem","position":2,"name":"La ONU reconoce el valor terap\u00e9utico de la Cannabis desambigu\u00e1ndola"}]},{"@type":"WebSite","@id":"https:\/\/www.cannabis.es\/pw\/#website","url":"https:\/\/www.cannabis.es\/pw\/","name":"Cannabis","description":"Portal multimedia sobre cannabis y otras sustancias","publisher":{"@id":"https:\/\/www.cannabis.es\/pw\/#organization"},"potentialAction":[{"@type":"SearchAction","target":{"@type":"EntryPoint","urlTemplate":"https:\/\/www.cannabis.es\/pw\/?s={search_term_string}"},"query-input":{"@type":"PropertyValueSpecification","valueRequired":true,"valueName":"search_term_string"}}],"inLanguage":"es"},{"@type":"Organization","@id":"https:\/\/www.cannabis.es\/pw\/#organization","name":"Cannabis.es","url":"https:\/\/www.cannabis.es\/pw\/","logo":{"@type":"ImageObject","inLanguage":"es","@id":"https:\/\/www.cannabis.es\/pw\/#\/schema\/logo\/image\/","url":"https:\/\/www.cannabis.es\/pw\/wp-content\/uploads\/2019\/04\/cropped-logo_cannabis.png","contentUrl":"https:\/\/www.cannabis.es\/pw\/wp-content\/uploads\/2019\/04\/cropped-logo_cannabis.png","width":361,"height":120,"caption":"Cannabis.es"},"image":{"@id":"https:\/\/www.cannabis.es\/pw\/#\/schema\/logo\/image\/"},"sameAs":["https:\/\/x.com\/cannabis_es"]},{"@type":"Person","@id":"https:\/\/www.cannabis.es\/pw\/#\/schema\/person\/ec770c03f3e99d770687f537f4ba1e89","name":"Cannabis.es","image":{"@type":"ImageObject","inLanguage":"es","@id":"https:\/\/www.cannabis.es\/pw\/#\/schema\/person\/image\/","url":"https:\/\/secure.gravatar.com\/avatar\/810c93a3d6fadc3d9c2665b1d919a4aedea8ed4dd63689d001e985a804e90d83?s=96&d=mm&r=g","contentUrl":"https:\/\/secure.gravatar.com\/avatar\/810c93a3d6fadc3d9c2665b1d919a4aedea8ed4dd63689d001e985a804e90d83?s=96&d=mm&r=g","caption":"Cannabis.es"},"url":"https:\/\/www.cannabis.es\/pw\/author\/arnau\/"}]}},"_links":{"self":[{"href":"https:\/\/www.cannabis.es\/pw\/wp-json\/wp\/v2\/posts\/6385","targetHints":{"allow":["GET"]}}],"collection":[{"href":"https:\/\/www.cannabis.es\/pw\/wp-json\/wp\/v2\/posts"}],"about":[{"href":"https:\/\/www.cannabis.es\/pw\/wp-json\/wp\/v2\/types\/post"}],"author":[{"embeddable":true,"href":"https:\/\/www.cannabis.es\/pw\/wp-json\/wp\/v2\/users\/3"}],"replies":[{"embeddable":true,"href":"https:\/\/www.cannabis.es\/pw\/wp-json\/wp\/v2\/comments?post=6385"}],"version-history":[{"count":8,"href":"https:\/\/www.cannabis.es\/pw\/wp-json\/wp\/v2\/posts\/6385\/revisions"}],"predecessor-version":[{"id":6395,"href":"https:\/\/www.cannabis.es\/pw\/wp-json\/wp\/v2\/posts\/6385\/revisions\/6395"}],"wp:featuredmedia":[{"embeddable":true,"href":"https:\/\/www.cannabis.es\/pw\/wp-json\/wp\/v2\/media\/6387"}],"wp:attachment":[{"href":"https:\/\/www.cannabis.es\/pw\/wp-json\/wp\/v2\/media?parent=6385"}],"wp:term":[{"taxonomy":"category","embeddable":true,"href":"https:\/\/www.cannabis.es\/pw\/wp-json\/wp\/v2\/categories?post=6385"},{"taxonomy":"post_tag","embeddable":true,"href":"https:\/\/www.cannabis.es\/pw\/wp-json\/wp\/v2\/tags?post=6385"}],"curies":[{"name":"wp","href":"https:\/\/api.w.org\/{rel}","templated":true}]}}