{"id":6413,"date":"2020-12-09T13:32:37","date_gmt":"2020-12-09T12:32:37","guid":{"rendered":"https:\/\/www.cannabis.es\/pw\/?p=6413"},"modified":"2020-12-09T13:47:12","modified_gmt":"2020-12-09T12:47:12","slug":"entrevista-a-joan-carles-march-pionero-del-programa-de-heroina-y-privado-de-investigar-el-cannabis-medicinal","status":"publish","type":"post","link":"https:\/\/www.cannabis.es\/pw\/2020\/12\/09\/entrevista-a-joan-carles-march-pionero-del-programa-de-heroina-y-privado-de-investigar-el-cannabis-medicinal\/","title":{"rendered":"Entrevista a Joan Carles March, pionero del programa de hero\u00edna y privado de investigar el cannabis medicinal"},"content":{"rendered":"\n<p>Arnau Alcaide<br><br>Nos atiende este m\u00e9dico e investigador mallorqu\u00edn de \u00abses Illes\u00bb nacido en Pollen\u00e7a. Pionero en dise\u00f1o y trabajo de campo en pol\u00edticas p\u00fablicas de salud, Joan Carles March puso en pr\u00e1ctica el primer programa de prescripci\u00f3n de hero\u00edna de la administraci\u00f3n espa\u00f1ola y el tercero del mundo, y lo hizo como coordinador de Investigaci\u00f3n de la Escuela Andaluza de Salud P\u00fablica (1996-2001). Quiso investigar tambi\u00e9n el cannabis medicinal en el proyecto Rasquera, pero no lo permitieron los tribunales. Aunque ahora se dedica a divulgaci\u00f3n y formaci\u00f3n de equipos contra el coronavirus a tiempo completo, ha tenido un poco para nosotros.<br><br>As\u00ed rezaba la aprobaci\u00f3n de un programa que empezar\u00eda a reclutar potenciales pacientes en 2002: \u00abLa buena pr\u00e1ctica m\u00e9dica lleva a buscar nuevos tratamientos para aquellos heroin\u00f3manos que no pueden beneficiarse de los tratamientos disponibles\u00bb. Antes, Suiza en 1994 y Holanda en 1998, hab\u00edan realizado sus propios ensayos cl\u00ednicos. Espa\u00f1a se convirti\u00f3 pues, de la mano de Joan Carles March, en el tercer pa\u00eds del mundo en poner en pr\u00e1ctica un programa de prescricpci\u00f3n de hero\u00edna para la administraci\u00f3n controlada como tratamiento al s\u00edndrome de abstinencia.<br><br>Posteriormente, ser\u00eda contratado para el primer programa p\u00fablico de cultivo de cannabis, que iba a proveer a una asociaci\u00f3n de consumidores con la que March investigar\u00eda los usos medicinales y la prevenci\u00f3n en j\u00f3venes, pero que <a href=\"https:\/\/www.cannabis.es\/pw\/2015\/11\/25\/cultivo-de-cannabis-ni-por-lo-civil-ni-por-lo-mercantil\/\">finalmente se tumb\u00f3 en los tribunales<\/a> con una causa contra el alcalde impulsor, de la localidad de Rasquera, que daba nombre al programa. As\u00ed pues, March nunca ha podido investigar en cannabis, nos reconoce.<\/p>\n\n\n\n<figure class=\"wp-block-image size-large\"><img loading=\"lazy\" decoding=\"async\" width=\"804\" height=\"532\" src=\"https:\/\/www.cannabis.es\/pw\/wp-content\/uploads\/2020\/12\/joan-carles-march.jpg\" alt=\"\" class=\"wp-image-6414\" srcset=\"https:\/\/www.cannabis.es\/pw\/wp-content\/uploads\/2020\/12\/joan-carles-march.jpg 804w, https:\/\/www.cannabis.es\/pw\/wp-content\/uploads\/2020\/12\/joan-carles-march-300x199.jpg 300w, https:\/\/www.cannabis.es\/pw\/wp-content\/uploads\/2020\/12\/joan-carles-march-768x508.jpg 768w, https:\/\/www.cannabis.es\/pw\/wp-content\/uploads\/2020\/12\/joan-carles-march-600x397.jpg 600w\" sizes=\"auto, (max-width: 804px) 100vw, 804px\" \/><\/figure>\n\n\n\n<h2 class=\"wp-block-heading\"><strong>C\u00f3mo la hero\u00edna le convirti\u00f3 en pionero<\/strong><\/h2>\n\n\n\n<p>El m\u00e9dico e investigador nos cuenta c\u00f3mo fue Manuel Romero, presidente de una asociaci\u00f3n de extoxic\u00f3manos, quien al conocerse le abri\u00f3 las puertas a un conocimiento que le llam\u00f3 la atenci\u00f3n investigar. <em><span class=\"has-inline-color has-luminous-vivid-orange-color\">\u00abDesde la Escuela Andaluza de Salud P\u00fablica lo contratamos para un proyecto en prisiones andaluzas\u00bb<\/span><\/em>, explica March. Con \u00e9l empezar\u00eda a investigar la prevenci\u00f3n en personas que tienen VIH, pues era cercano a las \u00e1reas sociales de la salud que permiten la correcta pol\u00edtica p\u00fablica, pero fue en el campo de las drogas donde se le abrieron toda clase de preguntas.<br><br>Su siguiente proyecto ya tratar\u00eda de administrar metadona para el tratamiento del s\u00edndrome de abstinencia por hero\u00edna en presos europeos, cuyo consumo mayormente se presenta combinado en una politoxicoman\u00eda. Fue tambi\u00e9n junto a \u00e9l, y el creciente inter\u00e9s de March llev\u00f3 al desarrollo y aprobaci\u00f3n del proyecto hero\u00edna. <em><span class=\"has-inline-color has-luminous-vivid-orange-color\">\u00abEra el \u00fanico de Espa\u00f1a y estaba en Granada\u00bb<\/span><\/em>, recuerda, <em><span class=\"has-inline-color has-luminous-vivid-orange-color\">\u00abel tercero del mundo, no ha habido otro\u00bb<\/span><\/em>.<\/p>\n\n\n\n<h2 class=\"wp-block-heading\"><strong>La reducci\u00f3n de da\u00f1os salva vidas: administraci\u00f3n controlada de hero\u00edna<\/strong><\/h2>\n\n\n\n<p>Se trataba de <em><span class=\"has-inline-color has-luminous-vivid-orange-color\">\u00abun proyecto para personas que fracasaban en el uso de metadona como tratamiento, consumidores con problemas legales y derivados del consumo, o VIH o hepatitis\u00bb<\/span><\/em>, nos cuenta de la poblaci\u00f3n con la que trabaj\u00f3, a la que se trat\u00f3 de llegar durante una campa\u00f1a de captaci\u00f3n de pacientes para el ensayo cl\u00ednico.<br><br><em><span class=\"has-inline-color has-luminous-vivid-orange-color\">\u00abLos resultados son muy buenos porque los consumidores de hero\u00edna administrada mejoraban mucho m\u00e1s que los de metadona\u00bb<\/span><\/em>, se congratula March. <span class=\"has-inline-color has-luminous-vivid-orange-color\"><em>\u00abEsto demuestra que no en todos los casos se est\u00e1 haciendo la administraci\u00f3n correcta y abre la puerta salvar a muchos pacientes\u00bb<\/em><\/span>, explica. Se tratar\u00eda de que, pese a que para algunos pacientes pueda ser efectiva la metadona, para otros el opioide utilizado o incluso la forma de administrarlo no son adecuados y no permiten atender eficazmente las devastadoras consecuencias del s\u00edndrome de abstinencia.<br><br><em><span class=\"has-inline-color has-luminous-vivid-orange-color\">\u00abEntre metadona y hero\u00edna inyectada hab\u00eda un espacio al que no lleg\u00e1bamos. Cada m\u00e9todo es efectivo con diferente tipo de pacientes, se tienen que abrir otras l\u00edneas de tratamiento. Eso se pod\u00eda hacer con hero\u00edna oral, o en otros lugares se hac\u00eda con hero\u00edna fumada\u00bb<\/span><\/em>, t\u00e9cnicas que pidi\u00f3 seguir desarrollando, pero a las que no se dio continuidad desde la administraci\u00f3n auton\u00f3mica.<em><span class=\"has-inline-color has-luminous-vivid-orange-color\"> \u00abUna pena que no se haya llegado a llevar a cabo\u00bb<\/span><\/em>.<br><br>El investigador cree que si se investigaran todas las formas de administraci\u00f3n y los diferentes opioides se llegar\u00eda a la m\u00e1xima eficacia en el tratamiento de estos s\u00edndromes de abstinencia por policonsumos que incluyen hero\u00edna y <a href=\"https:\/\/www.cannabis.es\/pw\/2019\/03\/15\/asociaciones-de-gestion-de-placeres-y-riesgos-hacen-de-estado-donde-la-moral-no-alcanza-a-regular\/\">que se practican en la actualidad en Espa\u00f1a por ONGs o asociaciones civiles como Asociaci\u00f3n Bienestar y Desarrollo<\/a>, siendo el suyo el \u00fanico caso en el que se involucr\u00f3 directamente el Estado, si bien financia la actividad desde el Plan Nacional de Drogas.<\/p>\n\n\n\n<h2 class=\"wp-block-heading\"><strong>Privado de investigar valor medicinal y prevenci\u00f3n en j\u00f3venes del primer cultivo p\u00fablico-asociado del cannabis<\/strong><\/h2>\n\n\n\n<p><em><span class=\"has-inline-color has-luminous-vivid-orange-color\">\u00abAyud\u00e9 a desarrollar el proyecto Rasquera a ra\u00edz del proyecto de provisi\u00f3n de hero\u00edna, que hizo que me lo pidieran. Buscaba evidencias del cannabis terap\u00e9utico y la prevenci\u00f3n en j\u00f3venes\u00bb<\/span><\/em>, lamenta. Su papel iba a reforzar un proyecto pionero en reducci\u00f3n de da\u00f1os, en el que por primera vez la administraci\u00f3n se involucraba en la prevenci\u00f3n desde el control de la producci\u00f3n y la distribuci\u00f3n.<br><br>En la pr\u00e1ctica, se alquilaba el terreno y no era un cultivo p\u00fablico per se, sino propiedad de la asociaci\u00f3n, pero la administraci\u00f3n local reconoc\u00eda su existencia, la finalidad del alquiler y promov\u00eda que se realizase el proyecto de investigaci\u00f3n en el marco preventivo y desarrollo del conocimiento de los usos terap\u00e9uticos, pues hab\u00eda usuariado medicinal entre los 4000 que se iban a beneficiar de un cultivo con garant\u00edas legales. Esta voluntad de permitir la investigaci\u00f3n de campo es el gesto m\u00ednimo de la administraci\u00f3n por el derecho a la salud de pacientes, pues es el primer paso a dejar de negarlo.<\/p>\n\n\n\n<h2 class=\"wp-block-heading\"><strong>Hacia la regulaci\u00f3n del cannabis medicinal<\/strong><\/h2>\n\n\n\n<p><em><span class=\"has-inline-color has-luminous-vivid-orange-color\">\u00abCreo que se tiene que avanzar en la regulaci\u00f3n terap\u00e9utica porque hay gente a la que le es \u00fatil. Se tiene que poner encima de la mesa por eso\u00bb<\/span><\/em>, razona contundente de la urgencia de una reglamentaci\u00f3n para personas usuarias medicinales. <em><span class=\"has-inline-color has-luminous-vivid-orange-color\">\u00abMejor rigor que chapuza, ciencia que experiencia; hace falta ver regulaciones, proyectos, evidencias&#8230;\u00bb<\/span><\/em>.<\/p>\n\n\n\n<p>Est\u00e1 abierto el debate y falta que los pol\u00edticos <em><span class=\"has-inline-color has-luminous-vivid-orange-color\">\u00abse conciencien\u00bb<\/span><\/em>. Se\u00f1ala que <em><span class=\"has-inline-color has-luminous-vivid-orange-color\">\u00abmejor legal que ilegal, pues hay 1000 patolog\u00edas\u00bb<\/span><\/em> que se podr\u00edan beneficiar del uso controlado de cannabinoides. Se trata, por ejemplo, <em><span class=\"has-inline-color has-luminous-vivid-orange-color\">\u00abde una herramienta terap\u00e9utica contra el consumo de coca\u00edna\u00bb<\/span><\/em>, se\u00f1ala el m\u00e9dico. <\/p>\n\n\n\n<p>En Espa\u00f1a se puede acceder a algunos medicamentos que contienen cannabinoides purificados, pero no a la planta con usos medicinales documentados desde el 2700 a.C. (Li, 1974) por la tradici\u00f3n asi\u00e1tica, y tampoco el grado de control sobre ella permite el sencillo acceso a investigarla a especialistas como March, a quien le fue declinado un trabajo de campo con pacientes que lo utilizan en la pr\u00e1ctica.<\/p>\n\n\n\n<p>Esta es la \u00fanica forma asequible de abordarlo desde una investigaci\u00f3n peque\u00f1a sin los recursos de las farmac\u00e9uticas, <a href=\"https:\/\/www.cannabis.es\/pw\/2019\/11\/25\/un-unico-paciente-de-los-358-000-no-tratados-con-cannabis-pierde-de-media-en-calidad-de-vida-el-coste-de-una-investigacion\/\">como la aprobada por el Comit\u00e9 \u00c9tico de la Universidad de Val\u00e8ncia, no sin reticencias, a Salvador Amig\u00f3<\/a> en colaboraci\u00f3n con <a href=\"https:\/\/www.cannabis.es\/pw\/2019\/01\/28\/la-ayuda-perseguida-entrevista-a-javier-miravete-sobre-la-atencion-medicinal\/\">una asociaci\u00f3n de personas usuarias de Castell\u00f3 con un amplio servicio terap\u00e9utico<\/a>. <\/p>\n\n\n\n<p>En una investigaci\u00f3n as\u00ed prima el inter\u00e9s p\u00fablico y el conocimiento por encima de la obtenci\u00f3n de patentes, pues los preparados farmac\u00e9uticos con sus ensayos cl\u00ednicos aval\u00e1ndolos s\u00ed se pueden patentar, pero no una planta como la Cannabis; de ah\u00ed la importancia de la iniciativa p\u00fablica en el cannabis medicinal con proyectos como el de nuestro entrevistado. Adem\u00e1s, la Agencia del Medicamento no acepta las investigaciones disponibles por falta de garant\u00edas<a href=\"https:\/\/www.cannabis.es\/pw\/2020\/11\/26\/si-hay-evidencia-voces-expertas-por-el-cannabis-medicinal\/\"> derivadas de los recursos empleados<\/a>, o de la <a href=\"https:\/\/www.cannabis.es\/pw\/2020\/09\/16\/como-regular-el-cannabis-para-desarrollar-la-agenda-2030\/\">metodolog\u00eda empleada, pensada para compuestos, que no deber\u00eda aplicarse sobre plantas y preparados herbales<\/a>.<\/p>\n\n\n\n<p>\u00ab<strong>Se tiene que cambiar el punto de vista, siempre se pone el problem\u00e1tico. <\/strong>Es verdad que ante una predisposici\u00f3n se pueden tener riesgos mentales, pero si desapareciese el cannabis solo se eliminar\u00eda el 10% de la psicosis en el mundo\u00bb, rebate. Y eso que, como se asegura recogemos: <em><span class=\"has-inline-color has-luminous-vivid-orange-color\">\u00abNo he sido nunca consumidor ni de cannabis ni de hero\u00edna\u00bb<\/span><\/em>.<\/p>\n\n\n\n<h2 class=\"wp-block-heading\"><strong>Joan Carles March<\/strong><\/h2>\n\n\n\n<p>Diplomado en Sanidad por la Escuela Nacional, en Estad\u00edstica por la Universidad Aut\u00f3noma de Barcelona, M\u00e1ster en Salud P\u00fablica y Administraci\u00f3n Sanitaria y M\u00e9dico Especialista en Medicina Preventiva y Salud P\u00fablica. Fue el primer presidente del comit\u00e9 de gesti\u00f3n de la Red de Escuelas de Salud para la Ciudadan\u00eda del Ministerio de Sanidad, Igualdad y Servicios Sociales.<br><br>Fue investigador responsable del grupo de Salud P\u00fablica en lo Profesional y lo Ciudadano, del Instituto de Investigaci\u00f3n Biosanitaria (ibs.GRANADA), y tambi\u00e9n es miembro del CIBER de Epidemiolog\u00eda y Salud P\u00fablica.<\/p>\n\n\n\n<p>Sus \u00e1reas de trabajo han estado centradas en Promoci\u00f3n de Salud y Salud P\u00fablica, donde fue director para Europa de la Uni\u00f3n Internacional de Promoci\u00f3n y Educaci\u00f3n para la Salud (1999-2001). En el campo de la investigaci\u00f3n ha sido coordinador de Investigaci\u00f3n de la Escuela Andaluza de Salud P\u00fablica (1996-2001), impulsor e investigador principal del Programa Experimental de Prescripci\u00f3n de estupefacientes de Andaluc\u00eda (PEPSA), tercer proyecto que se realiz\u00f3 en el mundo sobre la materia y donde se utilizaba la administraci\u00f3n controlada de hero\u00edna como medicamento.<\/p>\n\n\n\n<p>Ha sido evaluador del Fondo de Investigaciones Sanitarias y de diversas publicaciones y revistas nacionales e internacionales, cuenta en su haber con m\u00e1s de 150 art\u00edculos en revistas nacionales e internacionales. Es autor del libro \u2018Liderar con coraz\u00f3n\u2019 y del estudio CLIMAP, clima emocional en atenci\u00f3n primaria.<\/p>\n\n\n\n<p>Ha sido consultor en proyectos de la Uni\u00f3n Europea, asesor de la Organizaci\u00f3n Panamericana de la Salud, de la Organizaci\u00f3n Mundial de la Salud y de la Organizaci\u00f3n Nacional de Transplantes.<br><br><\/p>\n","protected":false},"excerpt":{"rendered":"<span class=\"span-reading-time rt-reading-time\" style=\"display: block;\"><span class=\"rt-label rt-prefix\">Tiempo de lectura:<\/span> <span class=\"rt-time\"> 6<\/span> <span class=\"rt-label rt-postfix\">minutos<\/span><\/span>Arnau AlcaideNos atiende este m\u00e9dico e investigador mallorqu\u00edn de \u00abses Illes\u00bb nacido en Pollen\u00e7a. Pionero en dise\u00f1o y trabajo de campo en pol\u00edticas p\u00fablicas de salud, Joan Carles March puso en pr\u00e1ctica el primer programa de prescripci\u00f3n de hero\u00edna de la administraci\u00f3n espa\u00f1ola y el tercero del mundo, y lo hizo como coordinador de Investigaci\u00f3n [&hellip;]","protected":false},"author":3,"featured_media":6414,"comment_status":"closed","ping_status":"closed","sticky":false,"template":"","format":"standard","meta":{"loftocean-featured-post":"","loftocean_post_format_gallery":"","loftocean_post_format_gallery_ids":"","loftocean_post_format_gallery_urls":"","loftocean_post_format_video_id":"","loftocean_post_format_video_url":"","loftocean_post_format_video_type":"","loftocean_post_format_video":"","loftocean_post_format_audio_type":"","loftocean_post_format_audio_url":"","loftocean_post_format_audio_id":"","loftocean_post_format_audio":"","loftocean_post_format_quote_text":"","loftocean_post_format_quote_byline":"","loftocean_post_format_link_text":"","loftocean_post_format_link_url":"","ceramag_post_header_style":"","ceramag_enable_background_video":"","ceramag_show_in_top_slider":"","ceramag_post_background_video_start":"","ceramag_post_background_video_end":"","loftocean_page_background_video_id":"","loftocean_page_background_video_url":"","loftocean_page_background_video_type":"","loftocean_page_background_video":"","ceramag_background_video_start":"","ceramag_background_video_end":"","ceramag_single_page_hide_header":"","footnotes":""},"categories":[33,35],"tags":[843,540,52,157,58],"class_list":["post-6413","post","type-post","status-publish","format-standard","has-post-thumbnail","hentry","category-entrevistas","category-politica-y-sociedad","tag-abstinencia","tag-arnau-alcaide","tag-cannabis-medicinal","tag-heroina","tag-reduccion-de-riesgos"],"yoast_head":"<!-- This site is optimized with the Yoast SEO plugin v24.9 - https:\/\/yoast.com\/wordpress\/plugins\/seo\/ -->\n<title>Entrevista a Joan Carles March, pionero del programa de hero\u00edna y privado de investigar el cannabis medicinal<\/title>\n<meta name=\"description\" content=\"Entrada &#8226; Portal multimedia sobre cannabis y otras sustancias &#8226; 9 diciembre, 2020\" \/>\n<meta name=\"robots\" content=\"index, follow, max-snippet:-1, max-image-preview:large, max-video-preview:-1\" \/>\n<link rel=\"canonical\" href=\"https:\/\/www.cannabis.es\/pw\/2020\/12\/09\/entrevista-a-joan-carles-march-pionero-del-programa-de-heroina-y-privado-de-investigar-el-cannabis-medicinal\/\" \/>\n<meta name=\"twitter:card\" content=\"summary_large_image\" \/>\n<meta name=\"twitter:title\" content=\"Entrevista a Joan Carles March, pionero del programa de hero\u00edna y privado de investigar el cannabis medicinal\" \/>\n<meta name=\"twitter:description\" content=\"Entrada &#8226; Portal multimedia sobre cannabis y otras sustancias &#8226; 9 diciembre, 2020\" \/>\n<meta name=\"twitter:image\" content=\"https:\/\/www.cannabis.es\/pw\/wp-content\/uploads\/2020\/12\/joan-carles-march.jpg\" \/>\n<meta name=\"twitter:creator\" content=\"@cannabis_es\" \/>\n<meta name=\"twitter:site\" content=\"@cannabis_es\" \/>\n<meta name=\"twitter:label1\" content=\"Escrito por\" \/>\n\t<meta name=\"twitter:data1\" content=\"Cannabis.es\" \/>\n\t<meta name=\"twitter:label2\" content=\"Tiempo de lectura\" \/>\n\t<meta name=\"twitter:data2\" content=\"9 minutos\" \/>\n<script type=\"application\/ld+json\" class=\"yoast-schema-graph\">{\"@context\":\"https:\/\/schema.org\",\"@graph\":[{\"@type\":\"Article\",\"@id\":\"https:\/\/www.cannabis.es\/pw\/2020\/12\/09\/entrevista-a-joan-carles-march-pionero-del-programa-de-heroina-y-privado-de-investigar-el-cannabis-medicinal\/#article\",\"isPartOf\":{\"@id\":\"https:\/\/www.cannabis.es\/pw\/2020\/12\/09\/entrevista-a-joan-carles-march-pionero-del-programa-de-heroina-y-privado-de-investigar-el-cannabis-medicinal\/\"},\"author\":{\"name\":\"Cannabis.es\",\"@id\":\"https:\/\/www.cannabis.es\/pw\/#\/schema\/person\/ec770c03f3e99d770687f537f4ba1e89\"},\"headline\":\"Entrevista a Joan Carles March, pionero del programa de hero\u00edna y privado de investigar el cannabis medicinal\",\"datePublished\":\"2020-12-09T12:32:37+00:00\",\"dateModified\":\"2020-12-09T12:47:12+00:00\",\"mainEntityOfPage\":{\"@id\":\"https:\/\/www.cannabis.es\/pw\/2020\/12\/09\/entrevista-a-joan-carles-march-pionero-del-programa-de-heroina-y-privado-de-investigar-el-cannabis-medicinal\/\"},\"wordCount\":1739,\"publisher\":{\"@id\":\"https:\/\/www.cannabis.es\/pw\/#organization\"},\"image\":{\"@id\":\"https:\/\/www.cannabis.es\/pw\/2020\/12\/09\/entrevista-a-joan-carles-march-pionero-del-programa-de-heroina-y-privado-de-investigar-el-cannabis-medicinal\/#primaryimage\"},\"thumbnailUrl\":\"https:\/\/www.cannabis.es\/pw\/wp-content\/uploads\/2020\/12\/joan-carles-march.jpg\",\"keywords\":[\"abstinencia\",\"Arnau Alcaide\",\"cannabis medicinal\",\"hero\u00edna\",\"reducci\u00f3n de riesgos\"],\"articleSection\":[\"Entrevistas\",\"Pol\u00edtica y Sociedad\"],\"inLanguage\":\"es\"},{\"@type\":\"WebPage\",\"@id\":\"https:\/\/www.cannabis.es\/pw\/2020\/12\/09\/entrevista-a-joan-carles-march-pionero-del-programa-de-heroina-y-privado-de-investigar-el-cannabis-medicinal\/\",\"url\":\"https:\/\/www.cannabis.es\/pw\/2020\/12\/09\/entrevista-a-joan-carles-march-pionero-del-programa-de-heroina-y-privado-de-investigar-el-cannabis-medicinal\/\",\"name\":\"Entrevista a Joan Carles March, pionero del programa de hero\u00edna y privado de investigar el cannabis medicinal\",\"isPartOf\":{\"@id\":\"https:\/\/www.cannabis.es\/pw\/#website\"},\"primaryImageOfPage\":{\"@id\":\"https:\/\/www.cannabis.es\/pw\/2020\/12\/09\/entrevista-a-joan-carles-march-pionero-del-programa-de-heroina-y-privado-de-investigar-el-cannabis-medicinal\/#primaryimage\"},\"image\":{\"@id\":\"https:\/\/www.cannabis.es\/pw\/2020\/12\/09\/entrevista-a-joan-carles-march-pionero-del-programa-de-heroina-y-privado-de-investigar-el-cannabis-medicinal\/#primaryimage\"},\"thumbnailUrl\":\"https:\/\/www.cannabis.es\/pw\/wp-content\/uploads\/2020\/12\/joan-carles-march.jpg\",\"datePublished\":\"2020-12-09T12:32:37+00:00\",\"dateModified\":\"2020-12-09T12:47:12+00:00\",\"description\":\"Entrada &#8226; Portal multimedia sobre cannabis y otras sustancias &#8226; 9 diciembre, 2020\",\"breadcrumb\":{\"@id\":\"https:\/\/www.cannabis.es\/pw\/2020\/12\/09\/entrevista-a-joan-carles-march-pionero-del-programa-de-heroina-y-privado-de-investigar-el-cannabis-medicinal\/#breadcrumb\"},\"inLanguage\":\"es\",\"potentialAction\":[{\"@type\":\"ReadAction\",\"target\":[\"https:\/\/www.cannabis.es\/pw\/2020\/12\/09\/entrevista-a-joan-carles-march-pionero-del-programa-de-heroina-y-privado-de-investigar-el-cannabis-medicinal\/\"]}]},{\"@type\":\"ImageObject\",\"inLanguage\":\"es\",\"@id\":\"https:\/\/www.cannabis.es\/pw\/2020\/12\/09\/entrevista-a-joan-carles-march-pionero-del-programa-de-heroina-y-privado-de-investigar-el-cannabis-medicinal\/#primaryimage\",\"url\":\"https:\/\/www.cannabis.es\/pw\/wp-content\/uploads\/2020\/12\/joan-carles-march.jpg\",\"contentUrl\":\"https:\/\/www.cannabis.es\/pw\/wp-content\/uploads\/2020\/12\/joan-carles-march.jpg\",\"width\":804,\"height\":532},{\"@type\":\"BreadcrumbList\",\"@id\":\"https:\/\/www.cannabis.es\/pw\/2020\/12\/09\/entrevista-a-joan-carles-march-pionero-del-programa-de-heroina-y-privado-de-investigar-el-cannabis-medicinal\/#breadcrumb\",\"itemListElement\":[{\"@type\":\"ListItem\",\"position\":1,\"name\":\"Portada\",\"item\":\"http:\/\/www.cannabis.es\/pw\/\"},{\"@type\":\"ListItem\",\"position\":2,\"name\":\"Entrevista a Joan Carles March, pionero del programa de hero\u00edna y privado de investigar el cannabis medicinal\"}]},{\"@type\":\"WebSite\",\"@id\":\"https:\/\/www.cannabis.es\/pw\/#website\",\"url\":\"https:\/\/www.cannabis.es\/pw\/\",\"name\":\"Cannabis\",\"description\":\"Portal multimedia sobre cannabis y otras sustancias\",\"publisher\":{\"@id\":\"https:\/\/www.cannabis.es\/pw\/#organization\"},\"potentialAction\":[{\"@type\":\"SearchAction\",\"target\":{\"@type\":\"EntryPoint\",\"urlTemplate\":\"https:\/\/www.cannabis.es\/pw\/?s={search_term_string}\"},\"query-input\":{\"@type\":\"PropertyValueSpecification\",\"valueRequired\":true,\"valueName\":\"search_term_string\"}}],\"inLanguage\":\"es\"},{\"@type\":\"Organization\",\"@id\":\"https:\/\/www.cannabis.es\/pw\/#organization\",\"name\":\"Cannabis.es\",\"url\":\"https:\/\/www.cannabis.es\/pw\/\",\"logo\":{\"@type\":\"ImageObject\",\"inLanguage\":\"es\",\"@id\":\"https:\/\/www.cannabis.es\/pw\/#\/schema\/logo\/image\/\",\"url\":\"https:\/\/www.cannabis.es\/pw\/wp-content\/uploads\/2019\/04\/cropped-logo_cannabis.png\",\"contentUrl\":\"https:\/\/www.cannabis.es\/pw\/wp-content\/uploads\/2019\/04\/cropped-logo_cannabis.png\",\"width\":361,\"height\":120,\"caption\":\"Cannabis.es\"},\"image\":{\"@id\":\"https:\/\/www.cannabis.es\/pw\/#\/schema\/logo\/image\/\"},\"sameAs\":[\"https:\/\/x.com\/cannabis_es\"]},{\"@type\":\"Person\",\"@id\":\"https:\/\/www.cannabis.es\/pw\/#\/schema\/person\/ec770c03f3e99d770687f537f4ba1e89\",\"name\":\"Cannabis.es\",\"image\":{\"@type\":\"ImageObject\",\"inLanguage\":\"es\",\"@id\":\"https:\/\/www.cannabis.es\/pw\/#\/schema\/person\/image\/\",\"url\":\"https:\/\/secure.gravatar.com\/avatar\/810c93a3d6fadc3d9c2665b1d919a4aedea8ed4dd63689d001e985a804e90d83?s=96&d=mm&r=g\",\"contentUrl\":\"https:\/\/secure.gravatar.com\/avatar\/810c93a3d6fadc3d9c2665b1d919a4aedea8ed4dd63689d001e985a804e90d83?s=96&d=mm&r=g\",\"caption\":\"Cannabis.es\"},\"url\":\"https:\/\/www.cannabis.es\/pw\/author\/arnau\/\"}]}<\/script>\n<!-- \/ Yoast SEO plugin. -->","yoast_head_json":{"title":"Entrevista a Joan Carles March, pionero del programa de hero\u00edna y privado de investigar el cannabis medicinal","description":"Entrada &#8226; Portal multimedia sobre cannabis y otras sustancias &#8226; 9 diciembre, 2020","robots":{"index":"index","follow":"follow","max-snippet":"max-snippet:-1","max-image-preview":"max-image-preview:large","max-video-preview":"max-video-preview:-1"},"canonical":"https:\/\/www.cannabis.es\/pw\/2020\/12\/09\/entrevista-a-joan-carles-march-pionero-del-programa-de-heroina-y-privado-de-investigar-el-cannabis-medicinal\/","twitter_card":"summary_large_image","twitter_title":"Entrevista a Joan Carles March, pionero del programa de hero\u00edna y privado de investigar el cannabis medicinal","twitter_description":"Entrada &#8226; Portal multimedia sobre cannabis y otras sustancias &#8226; 9 diciembre, 2020","twitter_image":"https:\/\/www.cannabis.es\/pw\/wp-content\/uploads\/2020\/12\/joan-carles-march.jpg","twitter_creator":"@cannabis_es","twitter_site":"@cannabis_es","twitter_misc":{"Escrito por":"Cannabis.es","Tiempo de lectura":"9 minutos"},"schema":{"@context":"https:\/\/schema.org","@graph":[{"@type":"Article","@id":"https:\/\/www.cannabis.es\/pw\/2020\/12\/09\/entrevista-a-joan-carles-march-pionero-del-programa-de-heroina-y-privado-de-investigar-el-cannabis-medicinal\/#article","isPartOf":{"@id":"https:\/\/www.cannabis.es\/pw\/2020\/12\/09\/entrevista-a-joan-carles-march-pionero-del-programa-de-heroina-y-privado-de-investigar-el-cannabis-medicinal\/"},"author":{"name":"Cannabis.es","@id":"https:\/\/www.cannabis.es\/pw\/#\/schema\/person\/ec770c03f3e99d770687f537f4ba1e89"},"headline":"Entrevista a Joan Carles March, pionero del programa de hero\u00edna y privado de investigar el cannabis medicinal","datePublished":"2020-12-09T12:32:37+00:00","dateModified":"2020-12-09T12:47:12+00:00","mainEntityOfPage":{"@id":"https:\/\/www.cannabis.es\/pw\/2020\/12\/09\/entrevista-a-joan-carles-march-pionero-del-programa-de-heroina-y-privado-de-investigar-el-cannabis-medicinal\/"},"wordCount":1739,"publisher":{"@id":"https:\/\/www.cannabis.es\/pw\/#organization"},"image":{"@id":"https:\/\/www.cannabis.es\/pw\/2020\/12\/09\/entrevista-a-joan-carles-march-pionero-del-programa-de-heroina-y-privado-de-investigar-el-cannabis-medicinal\/#primaryimage"},"thumbnailUrl":"https:\/\/www.cannabis.es\/pw\/wp-content\/uploads\/2020\/12\/joan-carles-march.jpg","keywords":["abstinencia","Arnau Alcaide","cannabis medicinal","hero\u00edna","reducci\u00f3n de riesgos"],"articleSection":["Entrevistas","Pol\u00edtica y Sociedad"],"inLanguage":"es"},{"@type":"WebPage","@id":"https:\/\/www.cannabis.es\/pw\/2020\/12\/09\/entrevista-a-joan-carles-march-pionero-del-programa-de-heroina-y-privado-de-investigar-el-cannabis-medicinal\/","url":"https:\/\/www.cannabis.es\/pw\/2020\/12\/09\/entrevista-a-joan-carles-march-pionero-del-programa-de-heroina-y-privado-de-investigar-el-cannabis-medicinal\/","name":"Entrevista a Joan Carles March, pionero del programa de hero\u00edna y privado de investigar el cannabis medicinal","isPartOf":{"@id":"https:\/\/www.cannabis.es\/pw\/#website"},"primaryImageOfPage":{"@id":"https:\/\/www.cannabis.es\/pw\/2020\/12\/09\/entrevista-a-joan-carles-march-pionero-del-programa-de-heroina-y-privado-de-investigar-el-cannabis-medicinal\/#primaryimage"},"image":{"@id":"https:\/\/www.cannabis.es\/pw\/2020\/12\/09\/entrevista-a-joan-carles-march-pionero-del-programa-de-heroina-y-privado-de-investigar-el-cannabis-medicinal\/#primaryimage"},"thumbnailUrl":"https:\/\/www.cannabis.es\/pw\/wp-content\/uploads\/2020\/12\/joan-carles-march.jpg","datePublished":"2020-12-09T12:32:37+00:00","dateModified":"2020-12-09T12:47:12+00:00","description":"Entrada &#8226; Portal multimedia sobre cannabis y otras sustancias &#8226; 9 diciembre, 2020","breadcrumb":{"@id":"https:\/\/www.cannabis.es\/pw\/2020\/12\/09\/entrevista-a-joan-carles-march-pionero-del-programa-de-heroina-y-privado-de-investigar-el-cannabis-medicinal\/#breadcrumb"},"inLanguage":"es","potentialAction":[{"@type":"ReadAction","target":["https:\/\/www.cannabis.es\/pw\/2020\/12\/09\/entrevista-a-joan-carles-march-pionero-del-programa-de-heroina-y-privado-de-investigar-el-cannabis-medicinal\/"]}]},{"@type":"ImageObject","inLanguage":"es","@id":"https:\/\/www.cannabis.es\/pw\/2020\/12\/09\/entrevista-a-joan-carles-march-pionero-del-programa-de-heroina-y-privado-de-investigar-el-cannabis-medicinal\/#primaryimage","url":"https:\/\/www.cannabis.es\/pw\/wp-content\/uploads\/2020\/12\/joan-carles-march.jpg","contentUrl":"https:\/\/www.cannabis.es\/pw\/wp-content\/uploads\/2020\/12\/joan-carles-march.jpg","width":804,"height":532},{"@type":"BreadcrumbList","@id":"https:\/\/www.cannabis.es\/pw\/2020\/12\/09\/entrevista-a-joan-carles-march-pionero-del-programa-de-heroina-y-privado-de-investigar-el-cannabis-medicinal\/#breadcrumb","itemListElement":[{"@type":"ListItem","position":1,"name":"Portada","item":"http:\/\/www.cannabis.es\/pw\/"},{"@type":"ListItem","position":2,"name":"Entrevista a Joan Carles March, pionero del programa de hero\u00edna y privado de investigar el cannabis medicinal"}]},{"@type":"WebSite","@id":"https:\/\/www.cannabis.es\/pw\/#website","url":"https:\/\/www.cannabis.es\/pw\/","name":"Cannabis","description":"Portal multimedia sobre cannabis y otras sustancias","publisher":{"@id":"https:\/\/www.cannabis.es\/pw\/#organization"},"potentialAction":[{"@type":"SearchAction","target":{"@type":"EntryPoint","urlTemplate":"https:\/\/www.cannabis.es\/pw\/?s={search_term_string}"},"query-input":{"@type":"PropertyValueSpecification","valueRequired":true,"valueName":"search_term_string"}}],"inLanguage":"es"},{"@type":"Organization","@id":"https:\/\/www.cannabis.es\/pw\/#organization","name":"Cannabis.es","url":"https:\/\/www.cannabis.es\/pw\/","logo":{"@type":"ImageObject","inLanguage":"es","@id":"https:\/\/www.cannabis.es\/pw\/#\/schema\/logo\/image\/","url":"https:\/\/www.cannabis.es\/pw\/wp-content\/uploads\/2019\/04\/cropped-logo_cannabis.png","contentUrl":"https:\/\/www.cannabis.es\/pw\/wp-content\/uploads\/2019\/04\/cropped-logo_cannabis.png","width":361,"height":120,"caption":"Cannabis.es"},"image":{"@id":"https:\/\/www.cannabis.es\/pw\/#\/schema\/logo\/image\/"},"sameAs":["https:\/\/x.com\/cannabis_es"]},{"@type":"Person","@id":"https:\/\/www.cannabis.es\/pw\/#\/schema\/person\/ec770c03f3e99d770687f537f4ba1e89","name":"Cannabis.es","image":{"@type":"ImageObject","inLanguage":"es","@id":"https:\/\/www.cannabis.es\/pw\/#\/schema\/person\/image\/","url":"https:\/\/secure.gravatar.com\/avatar\/810c93a3d6fadc3d9c2665b1d919a4aedea8ed4dd63689d001e985a804e90d83?s=96&d=mm&r=g","contentUrl":"https:\/\/secure.gravatar.com\/avatar\/810c93a3d6fadc3d9c2665b1d919a4aedea8ed4dd63689d001e985a804e90d83?s=96&d=mm&r=g","caption":"Cannabis.es"},"url":"https:\/\/www.cannabis.es\/pw\/author\/arnau\/"}]}},"_links":{"self":[{"href":"https:\/\/www.cannabis.es\/pw\/wp-json\/wp\/v2\/posts\/6413","targetHints":{"allow":["GET"]}}],"collection":[{"href":"https:\/\/www.cannabis.es\/pw\/wp-json\/wp\/v2\/posts"}],"about":[{"href":"https:\/\/www.cannabis.es\/pw\/wp-json\/wp\/v2\/types\/post"}],"author":[{"embeddable":true,"href":"https:\/\/www.cannabis.es\/pw\/wp-json\/wp\/v2\/users\/3"}],"replies":[{"embeddable":true,"href":"https:\/\/www.cannabis.es\/pw\/wp-json\/wp\/v2\/comments?post=6413"}],"version-history":[{"count":2,"href":"https:\/\/www.cannabis.es\/pw\/wp-json\/wp\/v2\/posts\/6413\/revisions"}],"predecessor-version":[{"id":6417,"href":"https:\/\/www.cannabis.es\/pw\/wp-json\/wp\/v2\/posts\/6413\/revisions\/6417"}],"wp:featuredmedia":[{"embeddable":true,"href":"https:\/\/www.cannabis.es\/pw\/wp-json\/wp\/v2\/media\/6414"}],"wp:attachment":[{"href":"https:\/\/www.cannabis.es\/pw\/wp-json\/wp\/v2\/media?parent=6413"}],"wp:term":[{"taxonomy":"category","embeddable":true,"href":"https:\/\/www.cannabis.es\/pw\/wp-json\/wp\/v2\/categories?post=6413"},{"taxonomy":"post_tag","embeddable":true,"href":"https:\/\/www.cannabis.es\/pw\/wp-json\/wp\/v2\/tags?post=6413"}],"curies":[{"name":"wp","href":"https:\/\/api.w.org\/{rel}","templated":true}]}}