{"id":6587,"date":"2021-01-28T13:40:26","date_gmt":"2021-01-28T12:40:26","guid":{"rendered":"https:\/\/www.cannabis.es\/pw\/?p=6587"},"modified":"2021-01-28T13:40:27","modified_gmt":"2021-01-28T12:40:27","slug":"sin-sorpresas-en-las-medallas-a-la-represion-plan-nacional-sobre-drogas","status":"publish","type":"post","link":"https:\/\/www.cannabis.es\/pw\/2021\/01\/28\/sin-sorpresas-en-las-medallas-a-la-represion-plan-nacional-sobre-drogas\/","title":{"rendered":"Sin sorpresas en las medallas a la represi\u00f3n Plan Nacional sobre Drogas"},"content":{"rendered":"\n<p>Benito D\u00edaz<\/p>\n\n\n\n<p>El pasado 20 de enero, se celebr\u00f3 la entrega de las Condecoraciones de la \u00d3rden al M\u00e9rito del Plan Nacional sobre Drogas. Presidida por el Ministro de Sanidad, Salvador Illa, acompa\u00f1ado del Ministro de Interior, Fernando Grande-Marlaska, se repartieron 17 galardones a personas e instituciones, de los cuales solamente dos fueron al sector social, y un \u00fanico a la pr\u00e1ctica de la prevenci\u00f3n no punitiva y la asistencia sanitaria. Concretamente, a la <a href=\"https:\/\/abd.ong\/drogas-y-salud\/la-riod-recibe-la-medalla-de-plata-de-la-orden-al-merito-del-plan-nacional-sobre-drogas\/\">Red Iberoamericana<\/a> de la que participa la catalana <a href=\"https:\/\/www.cannabis.es\/pw\/2019\/03\/15\/asociaciones-de-gestion-de-placeres-y-riesgos-hacen-de-estado-donde-la-moral-no-alcanza-a-regular\/\">Asociaci\u00f3n Bienestar y Desarrollo<\/a>, que es la que asiste sanitariamente financiada por la administraci\u00f3n.<\/p>\n\n\n\n<h2 class=\"wp-block-heading\">El acto<\/h2>\n\n\n\n<p>El acto se restringi\u00f3 por las medidas de seguridad frente a la pandemia y fue telem\u00e1tico en gran parte. La gala fue presentada por el <strong>presidente del PNSD<\/strong>, Joan R. Villalb\u00ed, el cual especific\u00f3 que las Condecoraciones a la \u00d3rden del M\u00e9rito se entregan a personas o entidades que <em><span class=\"has-inline-color has-luminous-vivid-orange-color\">\u201cdestacaron de forma relevante por sus actividades frente al fen\u00f3meno de las drogas, disminuci\u00f3n del consumo, aspectos relacionados con la prevenci\u00f3n, la asistencia y la reinserci\u00f3n, punto de vista de la prevenci\u00f3n y la oferta, o del tr\u00e1fico il\u00edcito de drogas y estupefacientes\u201d<\/span><\/em>.<\/p>\n\n\n\n<p><strong>Grande Marlaska<\/strong>, ministro de Interior, en su intervenci\u00f3n, felicit\u00f3 a la organizaci\u00f3n por su acierto en el reparto de los premios, a poderes del Cuerpo Nacional de Polic\u00eda, Fiscales, organizaciones locales e internacionales. <em><span class=\"has-inline-color has-luminous-vivid-orange-color\">\u00abLa lucha contra el fen\u00f3meno de la Droga es una tarea compleja que necesita de la participaci\u00f3n de todos los actores comprometidos con una concepci\u00f3n integral de lo que es el bienestar social\u00bb<\/span><\/em>. La seguridad como un bien p\u00fablico, elementos del Estado del Bienestar y la supuesta modernizaci\u00f3n del sistema culminar\u00edan en algo que al ministro le gusta llamar \u201cSeguridad Humana\u201d, que domin\u00f3 el discurso del antiguo juez y presidente de la Sala de lo Penal de la Audiencia Nacional, al que recordar\u00e1n por secuestrar la publicaci\u00f3n de la revista sat\u00edrica El Jueves por injurias a la Corona.<br><br><strong>Salvador Illa<\/strong>, por su parte, destac\u00f3 la actuaci\u00f3n de estas personas que lleva a cabo sus labores <span class=\"has-inline-color has-luminous-vivid-orange-color\"><em>\u201cfuera de los focos y en medio de una Pandemia mundial como la que estamos sufriendo<a href=\"https:\/\/pnsd.sanidad.gob.es\">\u201d<\/a><\/em><\/span><a href=\"https:\/\/pnsd.sanidad.gob.es\">. \u201cEl PNSD<\/a> <em><span class=\"has-inline-color has-luminous-vivid-orange-color\">es el esfuerzo de toda una sociedad para que las adicciones tengan el menor efecto posible sobre nuestras vidas\u201d<\/span><\/em>, declar\u00f3 el Ministro de Sanidad.<\/p>\n\n\n\n<figure class=\"wp-block-image size-large\"><img loading=\"lazy\" decoding=\"async\" width=\"804\" height=\"532\" src=\"https:\/\/www.cannabis.es\/pw\/wp-content\/uploads\/2021\/01\/portada-premios-PNSB.jpg\" alt=\"\" class=\"wp-image-6593\" srcset=\"https:\/\/www.cannabis.es\/pw\/wp-content\/uploads\/2021\/01\/portada-premios-PNSB.jpg 804w, https:\/\/www.cannabis.es\/pw\/wp-content\/uploads\/2021\/01\/portada-premios-PNSB-300x199.jpg 300w, https:\/\/www.cannabis.es\/pw\/wp-content\/uploads\/2021\/01\/portada-premios-PNSB-768x508.jpg 768w, https:\/\/www.cannabis.es\/pw\/wp-content\/uploads\/2021\/01\/portada-premios-PNSB-600x397.jpg 600w\" sizes=\"auto, (max-width: 804px) 100vw, 804px\" \/><\/figure>\n\n\n\n<h2 class=\"wp-block-heading\"><strong>Premios y premiados<\/strong><\/h2>\n\n\n\n<p><strong>Los 17 premios<\/strong>, divididos en ocho \u201cCruces Blancas\u201d, ocho Medallas de Plata y una Medalla de Oro, fueron entregados a distintas personas e instituciones, responsables de unas actitudes relevantes para el PNSD, como se\u00f1al\u00e1bamos antes. La Medalla de Oro, correspondi\u00f3 a la Subdirecci\u00f3n General de Adicciones del Organismo Aut\u00f3nomo de <strong>Madrid Salud<\/strong>, organismo dependiente del Ayuntamiento de Madrid, por su \u201cactuaci\u00f3n ejemplar en los estadios iniciales de la Pandemia, que ha demostrado especial valor ante una situaci\u00f3n extraordinaria sin precedentes, beneficiando a los m\u00e1s vulnerables\u201d.<br><br>Las Medallas de Plata, fueron distribuidas entre Francisco R\u00e1bago Lucerga, <strong>funcionario del PNSD<\/strong>, Desi Mart\u00edn, de igual ocupaci\u00f3n; Jos\u00e9 Palafox, funcionario de la Subdirecci\u00f3n General de Operaciones de la Direcci\u00f3n Adjunta de <strong>Vigilancia Aduanera<\/strong> de la Agencia Estatal de Administraci\u00f3n Tributaria. Tambi\u00e9n hubo medalla para Paloma Conde-Pumpido, <strong>Fiscal Antidrog<\/strong>a, y para Antonio Lomba Jefe de la Unidad de Fortalecimiento Institucional de la Secretar\u00eda Ejecutiva de la Comisi\u00f3n Interamericana para el Control del Abuso de Drogas (CICAD) de la Organizaci\u00f3n de los Estados Americanos (OEA). Tambi\u00e9n fue galardonada la Red Iberoamericana de Organizaciones No Gubernamentales que Trabajan en Drogas y Adicciones (RIOD). Dos m\u00e1s, <strong>a t\u00edtulo p\u00f3stumo, para un Guardia Civil fallecido en servicio y la exfiscal Antidroga<\/strong>.<\/p>\n\n\n\n<p>El resto, <strong>las ocho \u201cCruces Blancas\u201d<\/strong>, de nuevo repartidas entre <strong>polic\u00edas, coroneles y comandantes de la Guardia Civil, representantes de la ONU y m\u00e1s funcionarios del propio PNSD<\/strong>. En total, la entidad se concedi\u00f3 a s\u00ed misma, mediante sus trabajadores y trabajadoras, cuatro premios de los 18. <a href=\"https:\/\/pnsd.sanidad.gob.es\/pnsd\/ordenMerito\/2020\/home.htm\">Completa la lista de galardonados<\/a>, la organizaci\u00f3n <strong>Movimiento por la Paz y el Desarme<\/strong>, <strong>la otra galardonada del sector social, que presta asistencia jur\u00eddica ante abusos de derechos por motivo de drogas.<\/strong><\/p>\n\n\n\n<p>En referencia al a\u00f1o pasado, donde se llev\u00f3 a cabo una selecci\u00f3n muy parecida de premiados, no ha habido grandes sorpresas, cambios o posibles aperturas hacia una postura m\u00e1s dialogante por parte del PNSD.<\/p>\n\n\n\n<h2 class=\"wp-block-heading\"><strong>Opini\u00f3n<\/strong><\/h2>\n\n\n\n<p>La falta de colaboraci\u00f3n del muy prohibicionista organismo PNSD, que no ha dudado ni un momento de su dilatada existencia en reprimir por la fuerza cualquier otro tipo de pensamiento que no fuera el establecido por la convenci\u00f3n \u00fanica de 1961 y de apoyar la antigua y fallida<em><span class=\"has-inline-color has-luminous-vivid-orange-color\"> \u201cGuerra contra las Drogas\u201d<\/span><\/em>, no puede sorprender a nadie que conozca el movimiento cann\u00e1bico.<\/p>\n\n\n\n<p>Llama la atenci\u00f3n el foco de la instituci\u00f3n para premiar las actuaciones de la polic\u00eda en detrimento de las asistenciales, sin pararse a observar la corrupci\u00f3n que pueda afectar a los mandos de la misma, ni a la persecuci\u00f3n a la que someten a una gran parte de la sociedad; esa que Salvador Illa desde su atril quiso aunar, sin mencionar la adicci\u00f3n al juego, al Alcohol o al Tabaco, drogas legales a ojos de la Administraci\u00f3n. Tambi\u00e9n extra\u00f1a la contradicci\u00f3n de premiar a organizaciones \u201cpor el desarme\u201d mientras, al lado, otorgan loas a comandantes y coroneles.<\/p>\n\n\n\n<p>El ministro de Interior  no tuvo reparos en arrogarse la capacidad heroica de salvaguardar, nada menos que la \u201cseguridad humana\u201d, como tampoco la tiene en secuestrar otras muchas libertades, por ejemplo la posibilidad de autoconsumir sin da\u00f1os a terceros.<\/p>\n\n\n\n<p>El \u201cfen\u00f3meno de las drogas\u201d como estos funcionarios lo denominan, es un fen\u00f3meno indisoluble de nuestra condici\u00f3n de sociedad, de cualquier sociedad, por civilizada que quiera parecer. Puede que no sean capaces de verlo, parapetados tras cargos cuyos nombres son retah\u00edlas, m\u00e1s parecidas a t\u00edtulos nobiliarios que a trabajos de servicio al pueblo.<\/p>\n\n\n\n<p>Una postura retr\u00f3grada, represiva y conservadora, que no reconoce en absoluto la lucha contra el prohibicionismo de activistas <a href=\"https:\/\/www.cannabis.es\/pw\/2020\/11\/11\/albert-tio-sera-la-semana-que-viene-el-primer-preso-politico-del-cannabis-en-espana\/\">como Albert Ti\u00f3,<\/a> <a href=\"https:\/\/www.cannabis.es\/pw\/2019\/05\/24\/conoce-a-nuestra-veterana-activista-enjuiciada-la-feminista-cannabica-fernanda-de-la-figuera\/\">Fernanda de la Figuera,<\/a> investigaciones cient\u00edficas como las realizadas <a href=\"https:\/\/www.cannabis.es\/pw\/2020\/11\/18\/el-observatorio-del-cannabis-medicinal-conciencia-a-los-partidos\/\">desde el OECM<\/a>, la organizaci\u00f3n de Asociaciones Cann\u00e1bicas <a href=\"https:\/\/confac.org\/\">CONFAC<\/a>, las asociaciones de pacientes, como la <a href=\"https:\/\/confac.org\/\">Uni\u00f3n de Pacientes por la Regulaci\u00f3n del Cannabis<\/a> o <a href=\"https:\/\/twitter.com\/AsociacionTHCs\">Terap\u00e9uticas Yerbas Castell\u00f3<\/a> y otras muchas, es una postura destinada al fracaso,<a href=\"https:\/\/www.cannabis.es\/pw\/2020\/12\/22\/encuesta-edades-2019-2020-crecen-los-consumos-de-cannabis-y-opioides-sin-receta\/\"> como bien demuestran los datos.<\/a> <\/p>\n\n\n\n<p>La salud de la Agenda 2030 no se basa en la persecuci\u00f3n. Tampoco los avances sanitarios en reducci\u00f3n de da\u00f1os y riesgos, que muestran la capacidad de salvar vidas en \u00e1mbitos de la salud que no solo son abandonados por la administraci\u00f3n, sino cuya pol\u00edtica represiva agrava mediante espirales de pobreza, marginalidad y estigma, la salud de las poblaciones con problemas de adicci\u00f3n.<\/p>\n\n\n\n<p>Tan solo reconociendo la igualdad de derechos de estos colectivos, se puede incluir a \u201ctodos los actores de la sociedad\u201d, como presum\u00eda de hacer el ministro Grande-Marlaska, nunca cerrando los ojos ante la realidad y exhibiendo la porra y el bozal para aquellos con una concepci\u00f3n distinta a la suya, ahora que est\u00e1n en el poder.<\/p>\n","protected":false},"excerpt":{"rendered":"<span class=\"span-reading-time rt-reading-time\" style=\"display: block;\"><span class=\"rt-label rt-prefix\">Tiempo de lectura:<\/span> <span class=\"rt-time\"> 4<\/span> <span class=\"rt-label rt-postfix\">minutos<\/span><\/span>Benito D\u00edaz El pasado 20 de enero, se celebr\u00f3 la entrega de las Condecoraciones de la \u00d3rden al M\u00e9rito del Plan Nacional sobre Drogas. Presidida por el Ministro de Sanidad, Salvador Illa, acompa\u00f1ado del Ministro de Interior, Fernando Grande-Marlaska, se repartieron 17 galardones a personas e instituciones, de los cuales solamente dos fueron al sector [&hellip;]","protected":false},"author":3,"featured_media":6593,"comment_status":"closed","ping_status":"closed","sticky":false,"template":"","format":"standard","meta":{"loftocean-featured-post":"","loftocean_post_format_gallery":"","loftocean_post_format_gallery_ids":"","loftocean_post_format_gallery_urls":"","loftocean_post_format_video_id":"","loftocean_post_format_video_url":"","loftocean_post_format_video_type":"","loftocean_post_format_video":"","loftocean_post_format_audio_type":"","loftocean_post_format_audio_url":"","loftocean_post_format_audio_id":"","loftocean_post_format_audio":"","loftocean_post_format_quote_text":"","loftocean_post_format_quote_byline":"","loftocean_post_format_link_text":"","loftocean_post_format_link_url":"","ceramag_post_header_style":"","ceramag_enable_background_video":"","ceramag_show_in_top_slider":"","ceramag_post_background_video_start":"","ceramag_post_background_video_end":"","loftocean_page_background_video_id":"","loftocean_page_background_video_url":"","loftocean_page_background_video_type":"","loftocean_page_background_video":"","ceramag_background_video_start":"","ceramag_background_video_end":"","ceramag_single_page_hide_header":"","footnotes":""},"categories":[35],"tags":[43,1430],"class_list":["post-6587","post","type-post","status-publish","format-standard","has-post-thumbnail","hentry","category-politica-y-sociedad","tag-benito-diaz","tag-politica-2"],"yoast_head":"<!-- This site is optimized with the Yoast SEO plugin v24.9 - https:\/\/yoast.com\/wordpress\/plugins\/seo\/ -->\n<title>Sin sorpresas en las medallas a la represi\u00f3n Plan Nacional sobre Drogas<\/title>\n<meta name=\"description\" content=\"Entrada &#8226; Portal multimedia sobre cannabis y otras sustancias &#8226; 28 enero, 2021\" \/>\n<meta name=\"robots\" content=\"index, follow, max-snippet:-1, max-image-preview:large, max-video-preview:-1\" \/>\n<link rel=\"canonical\" href=\"https:\/\/www.cannabis.es\/pw\/2021\/01\/28\/sin-sorpresas-en-las-medallas-a-la-represion-plan-nacional-sobre-drogas\/\" \/>\n<meta name=\"twitter:card\" content=\"summary_large_image\" \/>\n<meta name=\"twitter:title\" content=\"Sin sorpresas en las medallas a la represi\u00f3n Plan Nacional sobre Drogas\" \/>\n<meta name=\"twitter:description\" content=\"Entrada &#8226; Portal multimedia sobre cannabis y otras sustancias &#8226; 28 enero, 2021\" \/>\n<meta name=\"twitter:image\" content=\"https:\/\/www.cannabis.es\/pw\/wp-content\/uploads\/2021\/01\/portada-premios-PNSB.jpg\" \/>\n<meta name=\"twitter:creator\" content=\"@cannabis_es\" \/>\n<meta name=\"twitter:site\" content=\"@cannabis_es\" \/>\n<meta name=\"twitter:label1\" content=\"Escrito por\" \/>\n\t<meta name=\"twitter:data1\" content=\"Cannabis.es\" \/>\n\t<meta name=\"twitter:label2\" content=\"Tiempo de lectura\" \/>\n\t<meta name=\"twitter:data2\" content=\"6 minutos\" \/>\n<script type=\"application\/ld+json\" class=\"yoast-schema-graph\">{\"@context\":\"https:\/\/schema.org\",\"@graph\":[{\"@type\":\"Article\",\"@id\":\"https:\/\/www.cannabis.es\/pw\/2021\/01\/28\/sin-sorpresas-en-las-medallas-a-la-represion-plan-nacional-sobre-drogas\/#article\",\"isPartOf\":{\"@id\":\"https:\/\/www.cannabis.es\/pw\/2021\/01\/28\/sin-sorpresas-en-las-medallas-a-la-represion-plan-nacional-sobre-drogas\/\"},\"author\":{\"name\":\"Cannabis.es\",\"@id\":\"https:\/\/www.cannabis.es\/pw\/#\/schema\/person\/ec770c03f3e99d770687f537f4ba1e89\"},\"headline\":\"Sin sorpresas en las medallas a la represi\u00f3n Plan Nacional sobre Drogas\",\"datePublished\":\"2021-01-28T12:40:26+00:00\",\"dateModified\":\"2021-01-28T12:40:27+00:00\",\"mainEntityOfPage\":{\"@id\":\"https:\/\/www.cannabis.es\/pw\/2021\/01\/28\/sin-sorpresas-en-las-medallas-a-la-represion-plan-nacional-sobre-drogas\/\"},\"wordCount\":1241,\"publisher\":{\"@id\":\"https:\/\/www.cannabis.es\/pw\/#organization\"},\"image\":{\"@id\":\"https:\/\/www.cannabis.es\/pw\/2021\/01\/28\/sin-sorpresas-en-las-medallas-a-la-represion-plan-nacional-sobre-drogas\/#primaryimage\"},\"thumbnailUrl\":\"https:\/\/www.cannabis.es\/pw\/wp-content\/uploads\/2021\/01\/portada-premios-PNSB.jpg\",\"keywords\":[\"Benito D\u00edaz\",\"politica\"],\"articleSection\":[\"Pol\u00edtica y Sociedad\"],\"inLanguage\":\"es\"},{\"@type\":\"WebPage\",\"@id\":\"https:\/\/www.cannabis.es\/pw\/2021\/01\/28\/sin-sorpresas-en-las-medallas-a-la-represion-plan-nacional-sobre-drogas\/\",\"url\":\"https:\/\/www.cannabis.es\/pw\/2021\/01\/28\/sin-sorpresas-en-las-medallas-a-la-represion-plan-nacional-sobre-drogas\/\",\"name\":\"Sin sorpresas en las medallas a la represi\u00f3n Plan Nacional sobre Drogas\",\"isPartOf\":{\"@id\":\"https:\/\/www.cannabis.es\/pw\/#website\"},\"primaryImageOfPage\":{\"@id\":\"https:\/\/www.cannabis.es\/pw\/2021\/01\/28\/sin-sorpresas-en-las-medallas-a-la-represion-plan-nacional-sobre-drogas\/#primaryimage\"},\"image\":{\"@id\":\"https:\/\/www.cannabis.es\/pw\/2021\/01\/28\/sin-sorpresas-en-las-medallas-a-la-represion-plan-nacional-sobre-drogas\/#primaryimage\"},\"thumbnailUrl\":\"https:\/\/www.cannabis.es\/pw\/wp-content\/uploads\/2021\/01\/portada-premios-PNSB.jpg\",\"datePublished\":\"2021-01-28T12:40:26+00:00\",\"dateModified\":\"2021-01-28T12:40:27+00:00\",\"description\":\"Entrada &#8226; Portal multimedia sobre cannabis y otras sustancias &#8226; 28 enero, 2021\",\"breadcrumb\":{\"@id\":\"https:\/\/www.cannabis.es\/pw\/2021\/01\/28\/sin-sorpresas-en-las-medallas-a-la-represion-plan-nacional-sobre-drogas\/#breadcrumb\"},\"inLanguage\":\"es\",\"potentialAction\":[{\"@type\":\"ReadAction\",\"target\":[\"https:\/\/www.cannabis.es\/pw\/2021\/01\/28\/sin-sorpresas-en-las-medallas-a-la-represion-plan-nacional-sobre-drogas\/\"]}]},{\"@type\":\"ImageObject\",\"inLanguage\":\"es\",\"@id\":\"https:\/\/www.cannabis.es\/pw\/2021\/01\/28\/sin-sorpresas-en-las-medallas-a-la-represion-plan-nacional-sobre-drogas\/#primaryimage\",\"url\":\"https:\/\/www.cannabis.es\/pw\/wp-content\/uploads\/2021\/01\/portada-premios-PNSB.jpg\",\"contentUrl\":\"https:\/\/www.cannabis.es\/pw\/wp-content\/uploads\/2021\/01\/portada-premios-PNSB.jpg\",\"width\":804,\"height\":532},{\"@type\":\"BreadcrumbList\",\"@id\":\"https:\/\/www.cannabis.es\/pw\/2021\/01\/28\/sin-sorpresas-en-las-medallas-a-la-represion-plan-nacional-sobre-drogas\/#breadcrumb\",\"itemListElement\":[{\"@type\":\"ListItem\",\"position\":1,\"name\":\"Portada\",\"item\":\"http:\/\/www.cannabis.es\/pw\/\"},{\"@type\":\"ListItem\",\"position\":2,\"name\":\"Sin sorpresas en las medallas a la represi\u00f3n Plan Nacional sobre Drogas\"}]},{\"@type\":\"WebSite\",\"@id\":\"https:\/\/www.cannabis.es\/pw\/#website\",\"url\":\"https:\/\/www.cannabis.es\/pw\/\",\"name\":\"Cannabis\",\"description\":\"Portal multimedia sobre cannabis y otras sustancias\",\"publisher\":{\"@id\":\"https:\/\/www.cannabis.es\/pw\/#organization\"},\"potentialAction\":[{\"@type\":\"SearchAction\",\"target\":{\"@type\":\"EntryPoint\",\"urlTemplate\":\"https:\/\/www.cannabis.es\/pw\/?s={search_term_string}\"},\"query-input\":{\"@type\":\"PropertyValueSpecification\",\"valueRequired\":true,\"valueName\":\"search_term_string\"}}],\"inLanguage\":\"es\"},{\"@type\":\"Organization\",\"@id\":\"https:\/\/www.cannabis.es\/pw\/#organization\",\"name\":\"Cannabis.es\",\"url\":\"https:\/\/www.cannabis.es\/pw\/\",\"logo\":{\"@type\":\"ImageObject\",\"inLanguage\":\"es\",\"@id\":\"https:\/\/www.cannabis.es\/pw\/#\/schema\/logo\/image\/\",\"url\":\"https:\/\/www.cannabis.es\/pw\/wp-content\/uploads\/2019\/04\/cropped-logo_cannabis.png\",\"contentUrl\":\"https:\/\/www.cannabis.es\/pw\/wp-content\/uploads\/2019\/04\/cropped-logo_cannabis.png\",\"width\":361,\"height\":120,\"caption\":\"Cannabis.es\"},\"image\":{\"@id\":\"https:\/\/www.cannabis.es\/pw\/#\/schema\/logo\/image\/\"},\"sameAs\":[\"https:\/\/x.com\/cannabis_es\"]},{\"@type\":\"Person\",\"@id\":\"https:\/\/www.cannabis.es\/pw\/#\/schema\/person\/ec770c03f3e99d770687f537f4ba1e89\",\"name\":\"Cannabis.es\",\"image\":{\"@type\":\"ImageObject\",\"inLanguage\":\"es\",\"@id\":\"https:\/\/www.cannabis.es\/pw\/#\/schema\/person\/image\/\",\"url\":\"https:\/\/secure.gravatar.com\/avatar\/810c93a3d6fadc3d9c2665b1d919a4aedea8ed4dd63689d001e985a804e90d83?s=96&d=mm&r=g\",\"contentUrl\":\"https:\/\/secure.gravatar.com\/avatar\/810c93a3d6fadc3d9c2665b1d919a4aedea8ed4dd63689d001e985a804e90d83?s=96&d=mm&r=g\",\"caption\":\"Cannabis.es\"},\"url\":\"https:\/\/www.cannabis.es\/pw\/author\/arnau\/\"}]}<\/script>\n<!-- \/ Yoast SEO plugin. -->","yoast_head_json":{"title":"Sin sorpresas en las medallas a la represi\u00f3n Plan Nacional sobre Drogas","description":"Entrada &#8226; Portal multimedia sobre cannabis y otras sustancias &#8226; 28 enero, 2021","robots":{"index":"index","follow":"follow","max-snippet":"max-snippet:-1","max-image-preview":"max-image-preview:large","max-video-preview":"max-video-preview:-1"},"canonical":"https:\/\/www.cannabis.es\/pw\/2021\/01\/28\/sin-sorpresas-en-las-medallas-a-la-represion-plan-nacional-sobre-drogas\/","twitter_card":"summary_large_image","twitter_title":"Sin sorpresas en las medallas a la represi\u00f3n Plan Nacional sobre Drogas","twitter_description":"Entrada &#8226; Portal multimedia sobre cannabis y otras sustancias &#8226; 28 enero, 2021","twitter_image":"https:\/\/www.cannabis.es\/pw\/wp-content\/uploads\/2021\/01\/portada-premios-PNSB.jpg","twitter_creator":"@cannabis_es","twitter_site":"@cannabis_es","twitter_misc":{"Escrito por":"Cannabis.es","Tiempo de lectura":"6 minutos"},"schema":{"@context":"https:\/\/schema.org","@graph":[{"@type":"Article","@id":"https:\/\/www.cannabis.es\/pw\/2021\/01\/28\/sin-sorpresas-en-las-medallas-a-la-represion-plan-nacional-sobre-drogas\/#article","isPartOf":{"@id":"https:\/\/www.cannabis.es\/pw\/2021\/01\/28\/sin-sorpresas-en-las-medallas-a-la-represion-plan-nacional-sobre-drogas\/"},"author":{"name":"Cannabis.es","@id":"https:\/\/www.cannabis.es\/pw\/#\/schema\/person\/ec770c03f3e99d770687f537f4ba1e89"},"headline":"Sin sorpresas en las medallas a la represi\u00f3n Plan Nacional sobre Drogas","datePublished":"2021-01-28T12:40:26+00:00","dateModified":"2021-01-28T12:40:27+00:00","mainEntityOfPage":{"@id":"https:\/\/www.cannabis.es\/pw\/2021\/01\/28\/sin-sorpresas-en-las-medallas-a-la-represion-plan-nacional-sobre-drogas\/"},"wordCount":1241,"publisher":{"@id":"https:\/\/www.cannabis.es\/pw\/#organization"},"image":{"@id":"https:\/\/www.cannabis.es\/pw\/2021\/01\/28\/sin-sorpresas-en-las-medallas-a-la-represion-plan-nacional-sobre-drogas\/#primaryimage"},"thumbnailUrl":"https:\/\/www.cannabis.es\/pw\/wp-content\/uploads\/2021\/01\/portada-premios-PNSB.jpg","keywords":["Benito D\u00edaz","politica"],"articleSection":["Pol\u00edtica y Sociedad"],"inLanguage":"es"},{"@type":"WebPage","@id":"https:\/\/www.cannabis.es\/pw\/2021\/01\/28\/sin-sorpresas-en-las-medallas-a-la-represion-plan-nacional-sobre-drogas\/","url":"https:\/\/www.cannabis.es\/pw\/2021\/01\/28\/sin-sorpresas-en-las-medallas-a-la-represion-plan-nacional-sobre-drogas\/","name":"Sin sorpresas en las medallas a la represi\u00f3n Plan Nacional sobre Drogas","isPartOf":{"@id":"https:\/\/www.cannabis.es\/pw\/#website"},"primaryImageOfPage":{"@id":"https:\/\/www.cannabis.es\/pw\/2021\/01\/28\/sin-sorpresas-en-las-medallas-a-la-represion-plan-nacional-sobre-drogas\/#primaryimage"},"image":{"@id":"https:\/\/www.cannabis.es\/pw\/2021\/01\/28\/sin-sorpresas-en-las-medallas-a-la-represion-plan-nacional-sobre-drogas\/#primaryimage"},"thumbnailUrl":"https:\/\/www.cannabis.es\/pw\/wp-content\/uploads\/2021\/01\/portada-premios-PNSB.jpg","datePublished":"2021-01-28T12:40:26+00:00","dateModified":"2021-01-28T12:40:27+00:00","description":"Entrada &#8226; Portal multimedia sobre cannabis y otras sustancias &#8226; 28 enero, 2021","breadcrumb":{"@id":"https:\/\/www.cannabis.es\/pw\/2021\/01\/28\/sin-sorpresas-en-las-medallas-a-la-represion-plan-nacional-sobre-drogas\/#breadcrumb"},"inLanguage":"es","potentialAction":[{"@type":"ReadAction","target":["https:\/\/www.cannabis.es\/pw\/2021\/01\/28\/sin-sorpresas-en-las-medallas-a-la-represion-plan-nacional-sobre-drogas\/"]}]},{"@type":"ImageObject","inLanguage":"es","@id":"https:\/\/www.cannabis.es\/pw\/2021\/01\/28\/sin-sorpresas-en-las-medallas-a-la-represion-plan-nacional-sobre-drogas\/#primaryimage","url":"https:\/\/www.cannabis.es\/pw\/wp-content\/uploads\/2021\/01\/portada-premios-PNSB.jpg","contentUrl":"https:\/\/www.cannabis.es\/pw\/wp-content\/uploads\/2021\/01\/portada-premios-PNSB.jpg","width":804,"height":532},{"@type":"BreadcrumbList","@id":"https:\/\/www.cannabis.es\/pw\/2021\/01\/28\/sin-sorpresas-en-las-medallas-a-la-represion-plan-nacional-sobre-drogas\/#breadcrumb","itemListElement":[{"@type":"ListItem","position":1,"name":"Portada","item":"http:\/\/www.cannabis.es\/pw\/"},{"@type":"ListItem","position":2,"name":"Sin sorpresas en las medallas a la represi\u00f3n Plan Nacional sobre Drogas"}]},{"@type":"WebSite","@id":"https:\/\/www.cannabis.es\/pw\/#website","url":"https:\/\/www.cannabis.es\/pw\/","name":"Cannabis","description":"Portal multimedia sobre cannabis y otras sustancias","publisher":{"@id":"https:\/\/www.cannabis.es\/pw\/#organization"},"potentialAction":[{"@type":"SearchAction","target":{"@type":"EntryPoint","urlTemplate":"https:\/\/www.cannabis.es\/pw\/?s={search_term_string}"},"query-input":{"@type":"PropertyValueSpecification","valueRequired":true,"valueName":"search_term_string"}}],"inLanguage":"es"},{"@type":"Organization","@id":"https:\/\/www.cannabis.es\/pw\/#organization","name":"Cannabis.es","url":"https:\/\/www.cannabis.es\/pw\/","logo":{"@type":"ImageObject","inLanguage":"es","@id":"https:\/\/www.cannabis.es\/pw\/#\/schema\/logo\/image\/","url":"https:\/\/www.cannabis.es\/pw\/wp-content\/uploads\/2019\/04\/cropped-logo_cannabis.png","contentUrl":"https:\/\/www.cannabis.es\/pw\/wp-content\/uploads\/2019\/04\/cropped-logo_cannabis.png","width":361,"height":120,"caption":"Cannabis.es"},"image":{"@id":"https:\/\/www.cannabis.es\/pw\/#\/schema\/logo\/image\/"},"sameAs":["https:\/\/x.com\/cannabis_es"]},{"@type":"Person","@id":"https:\/\/www.cannabis.es\/pw\/#\/schema\/person\/ec770c03f3e99d770687f537f4ba1e89","name":"Cannabis.es","image":{"@type":"ImageObject","inLanguage":"es","@id":"https:\/\/www.cannabis.es\/pw\/#\/schema\/person\/image\/","url":"https:\/\/secure.gravatar.com\/avatar\/810c93a3d6fadc3d9c2665b1d919a4aedea8ed4dd63689d001e985a804e90d83?s=96&d=mm&r=g","contentUrl":"https:\/\/secure.gravatar.com\/avatar\/810c93a3d6fadc3d9c2665b1d919a4aedea8ed4dd63689d001e985a804e90d83?s=96&d=mm&r=g","caption":"Cannabis.es"},"url":"https:\/\/www.cannabis.es\/pw\/author\/arnau\/"}]}},"_links":{"self":[{"href":"https:\/\/www.cannabis.es\/pw\/wp-json\/wp\/v2\/posts\/6587","targetHints":{"allow":["GET"]}}],"collection":[{"href":"https:\/\/www.cannabis.es\/pw\/wp-json\/wp\/v2\/posts"}],"about":[{"href":"https:\/\/www.cannabis.es\/pw\/wp-json\/wp\/v2\/types\/post"}],"author":[{"embeddable":true,"href":"https:\/\/www.cannabis.es\/pw\/wp-json\/wp\/v2\/users\/3"}],"replies":[{"embeddable":true,"href":"https:\/\/www.cannabis.es\/pw\/wp-json\/wp\/v2\/comments?post=6587"}],"version-history":[{"count":6,"href":"https:\/\/www.cannabis.es\/pw\/wp-json\/wp\/v2\/posts\/6587\/revisions"}],"predecessor-version":[{"id":6594,"href":"https:\/\/www.cannabis.es\/pw\/wp-json\/wp\/v2\/posts\/6587\/revisions\/6594"}],"wp:featuredmedia":[{"embeddable":true,"href":"https:\/\/www.cannabis.es\/pw\/wp-json\/wp\/v2\/media\/6593"}],"wp:attachment":[{"href":"https:\/\/www.cannabis.es\/pw\/wp-json\/wp\/v2\/media?parent=6587"}],"wp:term":[{"taxonomy":"category","embeddable":true,"href":"https:\/\/www.cannabis.es\/pw\/wp-json\/wp\/v2\/categories?post=6587"},{"taxonomy":"post_tag","embeddable":true,"href":"https:\/\/www.cannabis.es\/pw\/wp-json\/wp\/v2\/tags?post=6587"}],"curies":[{"name":"wp","href":"https:\/\/api.w.org\/{rel}","templated":true}]}}