{"id":6595,"date":"2021-01-29T13:19:36","date_gmt":"2021-01-29T12:19:36","guid":{"rendered":"https:\/\/www.cannabis.es\/pw\/?p=6595"},"modified":"2021-02-01T11:05:45","modified_gmt":"2021-02-01T10:05:45","slug":"illa-deja-sanidad-por-cataluna-y-darias-toma-el-relevo","status":"publish","type":"post","link":"https:\/\/www.cannabis.es\/pw\/2021\/01\/29\/illa-deja-sanidad-por-cataluna-y-darias-toma-el-relevo\/","title":{"rendered":"Illa deja Sanidad por Catalu\u00f1a y Darias toma el relevo"},"content":{"rendered":"\n<p>Arnau Alcaide<\/p>\n\n\n\n<p>Ser fil\u00f3sofo y no proceder del mundo sanitario, a Salvador Illa le ha valido alguna que otra cr\u00edtica en estos dif\u00edciles tiempos de pandemia. Ahora, dejar\u00e1 Sanidad para presentarse a las elecciones catalanas y ser\u00e1 Carolina Darias quien tome su relevo. Entre v\u00edtores de los suyos y ac\u00e9rrimas cr\u00edticas en la oposici\u00f3n, un evento que ha recibido poca atenci\u00f3n pon\u00eda el broche a su per\u00edodo. <a href=\"https:\/\/www.cannabis.es\/pw\/2021\/01\/28\/sin-sorpresas-en-las-medallas-a-la-represion-plan-nacional-sobre-drogas\/\">La entrega de medallas Plan Nacional de Drogas<\/a> se produc\u00eda de nuevo y, sin titubeos, se condecor\u00f3 la represi\u00f3n como filosof\u00eda de protecci\u00f3n de la Salud P\u00fablica, una reflexi\u00f3n que Sanidad no motiv\u00f3 durante su per\u00edodo.<br><br>Lo que para la Pol\u00edtica de Drogas pudo ser una esperanza, termin\u00f3 en funcionalismo, con excusa de peso por la Pandemia, que permite decir que no hubo tiempo para abordar la reflexi\u00f3n que la pol\u00edtica necesita. La reflexi\u00f3n sobre cuestiones como la existencia, el conocimiento, la verdad, la moral, la belleza, la mente y el lenguaje; lo que definimos como filosof\u00eda. \u00bfQu\u00e9 someter a dicha reflexi\u00f3n primero? \u00bfLa imposici\u00f3n moral y a la fuerza de la salud? \u00bfSi el contexto justifica el inmovilismo? \u00bfO si de la inacci\u00f3n se deriva inevitablemente la responsabilidad? Tambi\u00e9n se puede alegar el destino o la fuerza mayor, a modo de causa inevitable por la cual abdicar de la voluntad y creencia propias. Queda la opci\u00f3n de que efectivamente Illa sea el Hobbes de la Salud, y crea firmemente en el Leviat\u00e1n de las drogas, el prohibicionismo. \u00bfLes hubiese impedido un porro, de poder, a sus compa\u00f1eros de facultad?<br><br>A Carcedo, de formaci\u00f3n sanitaria, la escuchamos decir que los efectos de la Cannabis eran homeop\u00e1ticos. Un a\u00f1o despu\u00e9s, a Illa le hemos visto <a href=\"https:\/\/www.cannabis.es\/pw\/2021\/01\/28\/sin-sorpresas-en-las-medallas-a-la-represion-plan-nacional-sobre-drogas\/\">despedirse condecorando a todo tipo de estamentos del aparato represor<\/a> con la salvedad de dos del sector social, que prestan asistencia sanitaria y jur\u00eddica respectivamente. Mientras tanto, de un cambio de paradigma, ni rastro. De cannabis medicinal, ni rastro. De mejorar la entrega de competencias auton\u00f3micas en adicciones para clarificar inequ\u00edvocamente que se pueden regular las asociaciones de consumidores de cannabis e integrar en las pr\u00e1cticas de Salud auton\u00f3micas, ni rastro.<\/p>\n\n\n\n<p>El presupuesto para el sector social del PNSD se mantuvo durante su mandato, pese a que<a href=\"https:\/\/www.cannabis.es\/pw\/2020\/03\/25\/cuarentena-moral-las-personas-usuarias-ven-reducidos-sus-derechos-y-libertades-aun-mas\/\"> aumentaron las necesidades de las personas que ven\u00edan siendo asistidas<\/a> por este, aunque s\u00ed aprob\u00f3 la compra de hero\u00edna cuando las salas de consumo asistido se desabastecieron. Y no obstante, no movi\u00f3 un dedo para mantener las asociaciones cann\u00e1bicas abiertas el marzo pasado, echando a 1 de cada 50 personas en Espa\u00f1a al mercado ilegal, las sanciones y la abstinencia forzosa en un momento de estr\u00e9s psicol\u00f3gico. Del mismo modo, no facilit\u00f3 ninguna v\u00eda de acceso a 1 de cada 150 personas en Espa\u00f1a que son usuarias medicinales, <a href=\"https:\/\/www.cannabis.es\/pw\/2020\/04\/10\/espana-arriesga-la-salud-de-pacientes-de-cannabis\/\">interrumpiendo su tratamiento y negando su medicina<\/a>. Un cierre que amenaza repetirse y para el que a\u00fan no se ha regulado excepci\u00f3n.<br><br>Ahora se presentar\u00e1 en Catalunya, donde los planteamientos auton\u00f3micas en Salud se rigen por la reducci\u00f3n de da\u00f1os y riesgos, y van desde <a href=\"https:\/\/www.cannabis.es\/pw\/2018\/11\/28\/el-tribunal-constitucional-anula-la-ley-catalana-de-asociaciones\/\">la normalidad negada de las asociaciones cann\u00e1bicas<\/a>, a las que se dirige <a href=\"https:\/\/www.cannabis.es\/pw\/2020\/09\/07\/un-kilo-al-ano-no-hace-dano-o-si\/\">un programa p\u00fablico informativo <\/a>espec\u00edfico, incluyendo la mayor trayectoria sanitaria en consumo asistido salvavidas de, principalmente, hero\u00edna, y pasando por <a href=\"https:\/\/www.cannabis.es\/pw\/2019\/03\/15\/asociaciones-de-gestion-de-placeres-y-riesgos-hacen-de-estado-donde-la-moral-no-alcanza-a-regular\/\">uno de los mayores servicios de an\u00e1lisis de drogas en espacios festivos<\/a>. Por no hablar de la mentalidad diametralmente opuesta en la <a href=\"https:\/\/www.cannabis.es\/pw\/2020\/07\/01\/alerta-estigma-nuevo-observatorio-en-cataluna-identifica-malas-conductas\/\">aproximaci\u00f3n p\u00fablica sin estigma al uso de las drogas<\/a>, por la que vela un organismo dedicado, entendiendo su vertiente antropol\u00f3gica y social y promoviendo la pol\u00edtica p\u00fablica desde el punto de vista pedag\u00f3gico y preventivo opuesto al castigo, que agrava los problemas de adicci\u00f3n y resulta en el fracaso sanitario.<br><br>Por ejemplo, a Joan Colom, subdirector del departamento de Salud de la Generalitat, lo vimos en octubre en las ant\u00edpodas del ya exministro de Sanidad. Estuvo en la presentaci\u00f3n del informe del instituto de etnobot\u00e1nica ICEERS sobre uso terap\u00e9utico de la ayahuasca como preventivo en Salud Mental, sin patolog\u00edas previas. <em><span class=\"has-inline-color has-luminous-vivid-orange-color\">\u00abConsideramos la ayahuasca desde la reducci\u00f3n de da\u00f1os, en el contexto de respeto a los derechos humanos. Como administraci\u00f3n queremos generar credibilidad, evidencia y buena pr\u00e1ctica que la integren en la normativa estatal\u00bb<\/span><\/em>. Si Illa est\u00e1 lejos del debate cannabis, imaginemos de este. Ahora, falta ver si el PSC quiere que Illa vaya a Catalunya, o Catalunya a Illa.<br><\/p>\n\n\n\n<figure class=\"wp-block-image size-large\"><img loading=\"lazy\" decoding=\"async\" width=\"804\" height=\"532\" src=\"https:\/\/www.cannabis.es\/pw\/wp-content\/uploads\/2021\/01\/valoracion-illa.jpg\" alt=\"\" class=\"wp-image-6598\" srcset=\"https:\/\/www.cannabis.es\/pw\/wp-content\/uploads\/2021\/01\/valoracion-illa.jpg 804w, https:\/\/www.cannabis.es\/pw\/wp-content\/uploads\/2021\/01\/valoracion-illa-300x199.jpg 300w, https:\/\/www.cannabis.es\/pw\/wp-content\/uploads\/2021\/01\/valoracion-illa-768x508.jpg 768w, https:\/\/www.cannabis.es\/pw\/wp-content\/uploads\/2021\/01\/valoracion-illa-600x397.jpg 600w\" sizes=\"auto, (max-width: 804px) 100vw, 804px\" \/><\/figure>\n\n\n\n<h2 class=\"wp-block-heading\"><strong>Dimis\u00f3n<\/strong><\/h2>\n\n\n\n<p><em>\u00abEl 13 de febrero tom\u00e9 posesi\u00f3n del cargo de manos de Maria Luisa Carcedo. Hoy, un a\u00f1o y 13 d\u00edas despu\u00e9s entrego con mucho orgullo el relevo a mi compa\u00f1era Carolina Darias y lo hago despu\u00e9s de pasar los momentos m\u00e1s complejos de mi trayectoria profesional. Pero tambi\u00e9n despu\u00e9s de vivir mejor de lo que se puede vivir y reaprender el valor de lo p\u00fablico. Esta ha sido una de las lecciones m\u00e1s valiosas: el valor de lo p\u00fablico\u00bb<\/em>.<br><br><em><span class=\"has-inline-color has-luminous-vivid-orange-color\">\u00abLes quiero decir que he escuchado todo lo que he podido y he sabido en estas circunstancias en las que la pandemia se ha llevado toda la atenci\u00f3n\u00bb<\/span><\/em>, excus\u00f3. <em><span class=\"has-inline-color has-luminous-vivid-orange-color\">\u00abLe quiero dar las gracias a todos los especialistas sanitarios, no a solo a m\u00e9dicos y enfermeros\u00bb<\/span><\/em>, mensaje que se contrapone con el reconocimiento de la prevenci\u00f3n y asistencia sanitaria en malos consumos y drogadicciones. Agradeci\u00f3 tambi\u00e9n a las empresas de productos sanitarios su papel. Agradeci\u00f3 la responsabilidad a sus compa\u00f1eros, en especial al presidente, por la cartera. Y se encomend\u00f3 al buen hacer de Carolina Darias.<\/p>\n\n\n\n<h2 class=\"wp-block-heading\"><strong>Releva a Iceta al frente del PSC<\/strong><\/h2>\n\n\n\n<p>Con el mejor deseo de todos en su partido, Illa tomaba posesi\u00f3n as\u00ed, en un Congreso modesto del PSOE, del cargo a candidato en Catalu\u00f1a: \u00abNo voy a preguntar a nadie qu\u00e9 ha hecho estos \u00fatimos 10 a\u00f1os. No pienso ajustar cuentas con nadie. Creo en una Catalunya sin revanchas. Una Catalunya que se centra de verdad en lo que importa: el trabajo digno, la sanidad p\u00fablica y los avances sociales\u00bb, asegura. Pero \u00e9l mismo encarna una de las revanchas, la de la Pol\u00edtica de Drogas.<\/p>\n\n\n\n<figure class=\"wp-block-image size-large\"><img loading=\"lazy\" decoding=\"async\" width=\"1402\" height=\"789\" src=\"https:\/\/www.cannabis.es\/pw\/wp-content\/uploads\/2021\/02\/PedroSanchezSanidad-edited.jpeg\" alt=\"\" class=\"wp-image-6611\" srcset=\"https:\/\/www.cannabis.es\/pw\/wp-content\/uploads\/2021\/02\/PedroSanchezSanidad-edited.jpeg 1402w, https:\/\/www.cannabis.es\/pw\/wp-content\/uploads\/2021\/02\/PedroSanchezSanidad-edited-300x169.jpeg 300w, https:\/\/www.cannabis.es\/pw\/wp-content\/uploads\/2021\/02\/PedroSanchezSanidad-edited-1024x576.jpeg 1024w, https:\/\/www.cannabis.es\/pw\/wp-content\/uploads\/2021\/02\/PedroSanchezSanidad-edited-768x432.jpeg 768w, https:\/\/www.cannabis.es\/pw\/wp-content\/uploads\/2021\/02\/PedroSanchezSanidad-edited-1200x675.jpeg 1200w, https:\/\/www.cannabis.es\/pw\/wp-content\/uploads\/2021\/02\/PedroSanchezSanidad-edited-600x338.jpeg 600w\" sizes=\"auto, (max-width: 1402px) 100vw, 1402px\" \/><\/figure>\n\n\n\n<h2 class=\"wp-block-heading\"><strong>Carolina Darias, nueva Ministra de Sanidad<\/strong><\/h2>\n\n\n\n<p><em><span class=\"has-inline-color has-luminous-vivid-orange-color\">\u00abCon estos nombramientos, seguiremos atendiendo desde el Gobierno la emergencia del COVID19 y las transformaciones que nuestro pa\u00eds necesita\u00bb,<\/span><\/em> anunciaba el Presidente del Gobierno de este recambio en una cartera cr\u00edtica en la gesti\u00f3n de la pandemia. <strong>Miquel Iceta, excandidato del PSC, ya es Ministro de Pol\u00edtica Territorial<\/strong>, y la canaria Carolina Darias toma una cartera en la que esperemos que no solo gestione el virus, pues dependemos para los cambios en una pol\u00edticas de drogas en la que las personas usuarias somos un colectivo muy afectado por las restricciones.<\/p>\n\n\n\n<figure class=\"wp-block-image size-large\"><img loading=\"lazy\" decoding=\"async\" width=\"1024\" height=\"576\" src=\"https:\/\/www.cannabis.es\/pw\/wp-content\/uploads\/2021\/02\/DariasSanidad-1024x576.jpg\" alt=\"\" class=\"wp-image-6612\" srcset=\"https:\/\/www.cannabis.es\/pw\/wp-content\/uploads\/2021\/02\/DariasSanidad-1024x576.jpg 1024w, https:\/\/www.cannabis.es\/pw\/wp-content\/uploads\/2021\/02\/DariasSanidad-300x169.jpg 300w, https:\/\/www.cannabis.es\/pw\/wp-content\/uploads\/2021\/02\/DariasSanidad-768x432.jpg 768w, https:\/\/www.cannabis.es\/pw\/wp-content\/uploads\/2021\/02\/DariasSanidad-1536x864.jpg 1536w, https:\/\/www.cannabis.es\/pw\/wp-content\/uploads\/2021\/02\/DariasSanidad-1200x675.jpg 1200w, https:\/\/www.cannabis.es\/pw\/wp-content\/uploads\/2021\/02\/DariasSanidad-600x338.jpg 600w, https:\/\/www.cannabis.es\/pw\/wp-content\/uploads\/2021\/02\/DariasSanidad.jpg 1600w\" sizes=\"auto, (max-width: 1024px) 100vw, 1024px\" \/><\/figure>\n\n\n\n<p><strong>La nueva ministra de Sanidad <\/strong>expres\u00f3 todo tipo de agradecimientos a compa\u00f1eros del partido y allegados, en especial a Pedro S\u00e1nchez por la confianza depositada en ella. Nos dej\u00f3 un bonito discurso que, de tomar al pie de la letra, avanzar\u00e1 en una concepci\u00f3n de la Salud integradora en la que prime \u00abla salud por encima de todo\u00bb y no se \u00abdeje a nadie atr\u00e1s\u00bb, de lo que queremos entender que se dejar\u00e1 de marginar a las personas usuarias de drogas del sistema p\u00fablico, que actualmente trata una pr\u00e1ctica, y no su abuso, como patolog\u00eda de la que prevenir a la poblaci\u00f3n a la fuerza.<\/p>\n\n\n\n<p>\u00abHace un a\u00f1o y 13 d\u00edas cuando tomamos posesi\u00f3n lo hicimos con un prop\u00f3sito claro: avanzar en el progreso social de Espa\u00f1a. (&#8230;) <strong>Progresar para mejorar, sin dejar a nadie atr\u00e1s<\/strong>. La Salud como reconoce la Comisi\u00f3n Europea es una condici\u00f3n previa para el funcionamiento de la sociedad y la econom\u00eda. Nuestro sistema nacional de salud es el buque insignia de nuestro estado bienestar y tiene que proteger nuestro bien m\u00e1s preciado; lo digo bien, m\u00e1s preciado: la Salud P\u00fablica. Un compromiso de solidaridad colectiva que nos debemos los unos a los otros y que los poderes p\u00fablicos debemos proteger desde la mejora permanente para atender la finalidad y los objetivos por los que fue creado. Adem\u00e1s de hacerlo con absoluto respeto a los principios y valores que rigen su organizaci\u00f3n y su funcionamiento\u00bb.<\/p>\n\n\n\n<p>\u00abDebemos asegurar<strong> que todas las personas tengan las m\u00e1ximas oportunidades de desarrollar y preservar su salud al tiempo que dispongan de un sistema sanitario p\u00fablico universal<\/strong> [&#8230;] y con perspectiva de g\u00e9nero,<strong> que prime la salud por encima de todo y en todas las esferas [&#8230;]<\/strong>. Les emplazo para trabajar juntos garantizando el derecho a la salud de todos y todas las espa\u00f1olas\u00bb. Y cit\u00f3 al marxista Zigmund Bauman, padre de la modernidad l\u00edquida que vivimos hoy en d\u00eda. \u00abComo dec\u00eda Zigmund Bauman: debemos recordar que la salud y bienestar de una parte del mundo no se puede conseguir ni mucho menos alcanzar y garantizar si no se extiende a toda la ciudadan\u00eda\u00bb.<\/p>\n","protected":false},"excerpt":{"rendered":"<span class=\"span-reading-time rt-reading-time\" style=\"display: block;\"><span class=\"rt-label rt-prefix\">Tiempo de lectura:<\/span> <span class=\"rt-time\"> 5<\/span> <span class=\"rt-label rt-postfix\">minutos<\/span><\/span>Arnau Alcaide Ser fil\u00f3sofo y no proceder del mundo sanitario, a Salvador Illa le ha valido alguna que otra cr\u00edtica en estos dif\u00edciles tiempos de pandemia. Ahora, dejar\u00e1 Sanidad para presentarse a las elecciones catalanas y ser\u00e1 Carolina Darias quien tome su relevo. Entre v\u00edtores de los suyos y ac\u00e9rrimas cr\u00edticas en la oposici\u00f3n, un [&hellip;]","protected":false},"author":3,"featured_media":6598,"comment_status":"closed","ping_status":"closed","sticky":false,"template":"","format":"standard","meta":{"loftocean-featured-post":"","loftocean_post_format_gallery":"","loftocean_post_format_gallery_ids":"","loftocean_post_format_gallery_urls":"","loftocean_post_format_video_id":"","loftocean_post_format_video_url":"","loftocean_post_format_video_type":"","loftocean_post_format_video":"","loftocean_post_format_audio_type":"","loftocean_post_format_audio_url":"","loftocean_post_format_audio_id":"","loftocean_post_format_audio":"","loftocean_post_format_quote_text":"","loftocean_post_format_quote_byline":"","loftocean_post_format_link_text":"","loftocean_post_format_link_url":"","ceramag_post_header_style":"","ceramag_enable_background_video":"","ceramag_show_in_top_slider":"","ceramag_post_background_video_start":"","ceramag_post_background_video_end":"","loftocean_page_background_video_id":"","loftocean_page_background_video_url":"","loftocean_page_background_video_type":"","loftocean_page_background_video":"","ceramag_background_video_start":"","ceramag_background_video_end":"","ceramag_single_page_hide_header":"","footnotes":""},"categories":[35],"tags":[540,1430,848],"class_list":["post-6595","post","type-post","status-publish","format-standard","has-post-thumbnail","hentry","category-politica-y-sociedad","tag-arnau-alcaide","tag-politica-2","tag-politica-de-drogas"],"yoast_head":"<!-- This site is optimized with the Yoast SEO plugin v24.9 - https:\/\/yoast.com\/wordpress\/plugins\/seo\/ -->\n<title>Illa deja Sanidad por Catalu\u00f1a y Darias toma el relevo<\/title>\n<meta name=\"description\" content=\"Entrada &#8226; Portal multimedia sobre cannabis y otras sustancias &#8226; 29 enero, 2021\" \/>\n<meta name=\"robots\" content=\"index, follow, max-snippet:-1, max-image-preview:large, max-video-preview:-1\" \/>\n<link rel=\"canonical\" href=\"https:\/\/www.cannabis.es\/pw\/2021\/01\/29\/illa-deja-sanidad-por-cataluna-y-darias-toma-el-relevo\/\" \/>\n<meta name=\"twitter:card\" content=\"summary_large_image\" \/>\n<meta name=\"twitter:title\" content=\"Illa deja Sanidad por Catalu\u00f1a y Darias toma el relevo\" \/>\n<meta name=\"twitter:description\" content=\"Entrada &#8226; Portal multimedia sobre cannabis y otras sustancias &#8226; 29 enero, 2021\" \/>\n<meta name=\"twitter:image\" content=\"https:\/\/www.cannabis.es\/pw\/wp-content\/uploads\/2021\/01\/valoracion-illa.jpg\" \/>\n<meta name=\"twitter:creator\" content=\"@cannabis_es\" \/>\n<meta name=\"twitter:site\" content=\"@cannabis_es\" \/>\n<meta name=\"twitter:label1\" content=\"Escrito por\" \/>\n\t<meta name=\"twitter:data1\" content=\"Cannabis.es\" \/>\n\t<meta name=\"twitter:label2\" content=\"Tiempo de lectura\" \/>\n\t<meta name=\"twitter:data2\" content=\"7 minutos\" \/>\n<script type=\"application\/ld+json\" class=\"yoast-schema-graph\">{\"@context\":\"https:\/\/schema.org\",\"@graph\":[{\"@type\":\"Article\",\"@id\":\"https:\/\/www.cannabis.es\/pw\/2021\/01\/29\/illa-deja-sanidad-por-cataluna-y-darias-toma-el-relevo\/#article\",\"isPartOf\":{\"@id\":\"https:\/\/www.cannabis.es\/pw\/2021\/01\/29\/illa-deja-sanidad-por-cataluna-y-darias-toma-el-relevo\/\"},\"author\":{\"name\":\"Cannabis.es\",\"@id\":\"https:\/\/www.cannabis.es\/pw\/#\/schema\/person\/ec770c03f3e99d770687f537f4ba1e89\"},\"headline\":\"Illa deja Sanidad por Catalu\u00f1a y Darias toma el relevo\",\"datePublished\":\"2021-01-29T12:19:36+00:00\",\"dateModified\":\"2021-02-01T10:05:45+00:00\",\"mainEntityOfPage\":{\"@id\":\"https:\/\/www.cannabis.es\/pw\/2021\/01\/29\/illa-deja-sanidad-por-cataluna-y-darias-toma-el-relevo\/\"},\"wordCount\":1562,\"publisher\":{\"@id\":\"https:\/\/www.cannabis.es\/pw\/#organization\"},\"image\":{\"@id\":\"https:\/\/www.cannabis.es\/pw\/2021\/01\/29\/illa-deja-sanidad-por-cataluna-y-darias-toma-el-relevo\/#primaryimage\"},\"thumbnailUrl\":\"https:\/\/www.cannabis.es\/pw\/wp-content\/uploads\/2021\/01\/valoracion-illa.jpg\",\"keywords\":[\"Arnau Alcaide\",\"politica\",\"pol\u00edtica de drogas\"],\"articleSection\":[\"Pol\u00edtica y Sociedad\"],\"inLanguage\":\"es\"},{\"@type\":\"WebPage\",\"@id\":\"https:\/\/www.cannabis.es\/pw\/2021\/01\/29\/illa-deja-sanidad-por-cataluna-y-darias-toma-el-relevo\/\",\"url\":\"https:\/\/www.cannabis.es\/pw\/2021\/01\/29\/illa-deja-sanidad-por-cataluna-y-darias-toma-el-relevo\/\",\"name\":\"Illa deja Sanidad por Catalu\u00f1a y Darias toma el relevo\",\"isPartOf\":{\"@id\":\"https:\/\/www.cannabis.es\/pw\/#website\"},\"primaryImageOfPage\":{\"@id\":\"https:\/\/www.cannabis.es\/pw\/2021\/01\/29\/illa-deja-sanidad-por-cataluna-y-darias-toma-el-relevo\/#primaryimage\"},\"image\":{\"@id\":\"https:\/\/www.cannabis.es\/pw\/2021\/01\/29\/illa-deja-sanidad-por-cataluna-y-darias-toma-el-relevo\/#primaryimage\"},\"thumbnailUrl\":\"https:\/\/www.cannabis.es\/pw\/wp-content\/uploads\/2021\/01\/valoracion-illa.jpg\",\"datePublished\":\"2021-01-29T12:19:36+00:00\",\"dateModified\":\"2021-02-01T10:05:45+00:00\",\"description\":\"Entrada &#8226; Portal multimedia sobre cannabis y otras sustancias &#8226; 29 enero, 2021\",\"breadcrumb\":{\"@id\":\"https:\/\/www.cannabis.es\/pw\/2021\/01\/29\/illa-deja-sanidad-por-cataluna-y-darias-toma-el-relevo\/#breadcrumb\"},\"inLanguage\":\"es\",\"potentialAction\":[{\"@type\":\"ReadAction\",\"target\":[\"https:\/\/www.cannabis.es\/pw\/2021\/01\/29\/illa-deja-sanidad-por-cataluna-y-darias-toma-el-relevo\/\"]}]},{\"@type\":\"ImageObject\",\"inLanguage\":\"es\",\"@id\":\"https:\/\/www.cannabis.es\/pw\/2021\/01\/29\/illa-deja-sanidad-por-cataluna-y-darias-toma-el-relevo\/#primaryimage\",\"url\":\"https:\/\/www.cannabis.es\/pw\/wp-content\/uploads\/2021\/01\/valoracion-illa.jpg\",\"contentUrl\":\"https:\/\/www.cannabis.es\/pw\/wp-content\/uploads\/2021\/01\/valoracion-illa.jpg\",\"width\":804,\"height\":532},{\"@type\":\"BreadcrumbList\",\"@id\":\"https:\/\/www.cannabis.es\/pw\/2021\/01\/29\/illa-deja-sanidad-por-cataluna-y-darias-toma-el-relevo\/#breadcrumb\",\"itemListElement\":[{\"@type\":\"ListItem\",\"position\":1,\"name\":\"Portada\",\"item\":\"http:\/\/www.cannabis.es\/pw\/\"},{\"@type\":\"ListItem\",\"position\":2,\"name\":\"Illa deja Sanidad por Catalu\u00f1a y Darias toma el relevo\"}]},{\"@type\":\"WebSite\",\"@id\":\"https:\/\/www.cannabis.es\/pw\/#website\",\"url\":\"https:\/\/www.cannabis.es\/pw\/\",\"name\":\"Cannabis\",\"description\":\"Portal multimedia sobre cannabis y otras sustancias\",\"publisher\":{\"@id\":\"https:\/\/www.cannabis.es\/pw\/#organization\"},\"potentialAction\":[{\"@type\":\"SearchAction\",\"target\":{\"@type\":\"EntryPoint\",\"urlTemplate\":\"https:\/\/www.cannabis.es\/pw\/?s={search_term_string}\"},\"query-input\":{\"@type\":\"PropertyValueSpecification\",\"valueRequired\":true,\"valueName\":\"search_term_string\"}}],\"inLanguage\":\"es\"},{\"@type\":\"Organization\",\"@id\":\"https:\/\/www.cannabis.es\/pw\/#organization\",\"name\":\"Cannabis.es\",\"url\":\"https:\/\/www.cannabis.es\/pw\/\",\"logo\":{\"@type\":\"ImageObject\",\"inLanguage\":\"es\",\"@id\":\"https:\/\/www.cannabis.es\/pw\/#\/schema\/logo\/image\/\",\"url\":\"https:\/\/www.cannabis.es\/pw\/wp-content\/uploads\/2019\/04\/cropped-logo_cannabis.png\",\"contentUrl\":\"https:\/\/www.cannabis.es\/pw\/wp-content\/uploads\/2019\/04\/cropped-logo_cannabis.png\",\"width\":361,\"height\":120,\"caption\":\"Cannabis.es\"},\"image\":{\"@id\":\"https:\/\/www.cannabis.es\/pw\/#\/schema\/logo\/image\/\"},\"sameAs\":[\"https:\/\/x.com\/cannabis_es\"]},{\"@type\":\"Person\",\"@id\":\"https:\/\/www.cannabis.es\/pw\/#\/schema\/person\/ec770c03f3e99d770687f537f4ba1e89\",\"name\":\"Cannabis.es\",\"image\":{\"@type\":\"ImageObject\",\"inLanguage\":\"es\",\"@id\":\"https:\/\/www.cannabis.es\/pw\/#\/schema\/person\/image\/\",\"url\":\"https:\/\/secure.gravatar.com\/avatar\/810c93a3d6fadc3d9c2665b1d919a4aedea8ed4dd63689d001e985a804e90d83?s=96&d=mm&r=g\",\"contentUrl\":\"https:\/\/secure.gravatar.com\/avatar\/810c93a3d6fadc3d9c2665b1d919a4aedea8ed4dd63689d001e985a804e90d83?s=96&d=mm&r=g\",\"caption\":\"Cannabis.es\"},\"url\":\"https:\/\/www.cannabis.es\/pw\/author\/arnau\/\"}]}<\/script>\n<!-- \/ Yoast SEO plugin. -->","yoast_head_json":{"title":"Illa deja Sanidad por Catalu\u00f1a y Darias toma el relevo","description":"Entrada &#8226; Portal multimedia sobre cannabis y otras sustancias &#8226; 29 enero, 2021","robots":{"index":"index","follow":"follow","max-snippet":"max-snippet:-1","max-image-preview":"max-image-preview:large","max-video-preview":"max-video-preview:-1"},"canonical":"https:\/\/www.cannabis.es\/pw\/2021\/01\/29\/illa-deja-sanidad-por-cataluna-y-darias-toma-el-relevo\/","twitter_card":"summary_large_image","twitter_title":"Illa deja Sanidad por Catalu\u00f1a y Darias toma el relevo","twitter_description":"Entrada &#8226; Portal multimedia sobre cannabis y otras sustancias &#8226; 29 enero, 2021","twitter_image":"https:\/\/www.cannabis.es\/pw\/wp-content\/uploads\/2021\/01\/valoracion-illa.jpg","twitter_creator":"@cannabis_es","twitter_site":"@cannabis_es","twitter_misc":{"Escrito por":"Cannabis.es","Tiempo de lectura":"7 minutos"},"schema":{"@context":"https:\/\/schema.org","@graph":[{"@type":"Article","@id":"https:\/\/www.cannabis.es\/pw\/2021\/01\/29\/illa-deja-sanidad-por-cataluna-y-darias-toma-el-relevo\/#article","isPartOf":{"@id":"https:\/\/www.cannabis.es\/pw\/2021\/01\/29\/illa-deja-sanidad-por-cataluna-y-darias-toma-el-relevo\/"},"author":{"name":"Cannabis.es","@id":"https:\/\/www.cannabis.es\/pw\/#\/schema\/person\/ec770c03f3e99d770687f537f4ba1e89"},"headline":"Illa deja Sanidad por Catalu\u00f1a y Darias toma el relevo","datePublished":"2021-01-29T12:19:36+00:00","dateModified":"2021-02-01T10:05:45+00:00","mainEntityOfPage":{"@id":"https:\/\/www.cannabis.es\/pw\/2021\/01\/29\/illa-deja-sanidad-por-cataluna-y-darias-toma-el-relevo\/"},"wordCount":1562,"publisher":{"@id":"https:\/\/www.cannabis.es\/pw\/#organization"},"image":{"@id":"https:\/\/www.cannabis.es\/pw\/2021\/01\/29\/illa-deja-sanidad-por-cataluna-y-darias-toma-el-relevo\/#primaryimage"},"thumbnailUrl":"https:\/\/www.cannabis.es\/pw\/wp-content\/uploads\/2021\/01\/valoracion-illa.jpg","keywords":["Arnau Alcaide","politica","pol\u00edtica de drogas"],"articleSection":["Pol\u00edtica y Sociedad"],"inLanguage":"es"},{"@type":"WebPage","@id":"https:\/\/www.cannabis.es\/pw\/2021\/01\/29\/illa-deja-sanidad-por-cataluna-y-darias-toma-el-relevo\/","url":"https:\/\/www.cannabis.es\/pw\/2021\/01\/29\/illa-deja-sanidad-por-cataluna-y-darias-toma-el-relevo\/","name":"Illa deja Sanidad por Catalu\u00f1a y Darias toma el relevo","isPartOf":{"@id":"https:\/\/www.cannabis.es\/pw\/#website"},"primaryImageOfPage":{"@id":"https:\/\/www.cannabis.es\/pw\/2021\/01\/29\/illa-deja-sanidad-por-cataluna-y-darias-toma-el-relevo\/#primaryimage"},"image":{"@id":"https:\/\/www.cannabis.es\/pw\/2021\/01\/29\/illa-deja-sanidad-por-cataluna-y-darias-toma-el-relevo\/#primaryimage"},"thumbnailUrl":"https:\/\/www.cannabis.es\/pw\/wp-content\/uploads\/2021\/01\/valoracion-illa.jpg","datePublished":"2021-01-29T12:19:36+00:00","dateModified":"2021-02-01T10:05:45+00:00","description":"Entrada &#8226; Portal multimedia sobre cannabis y otras sustancias &#8226; 29 enero, 2021","breadcrumb":{"@id":"https:\/\/www.cannabis.es\/pw\/2021\/01\/29\/illa-deja-sanidad-por-cataluna-y-darias-toma-el-relevo\/#breadcrumb"},"inLanguage":"es","potentialAction":[{"@type":"ReadAction","target":["https:\/\/www.cannabis.es\/pw\/2021\/01\/29\/illa-deja-sanidad-por-cataluna-y-darias-toma-el-relevo\/"]}]},{"@type":"ImageObject","inLanguage":"es","@id":"https:\/\/www.cannabis.es\/pw\/2021\/01\/29\/illa-deja-sanidad-por-cataluna-y-darias-toma-el-relevo\/#primaryimage","url":"https:\/\/www.cannabis.es\/pw\/wp-content\/uploads\/2021\/01\/valoracion-illa.jpg","contentUrl":"https:\/\/www.cannabis.es\/pw\/wp-content\/uploads\/2021\/01\/valoracion-illa.jpg","width":804,"height":532},{"@type":"BreadcrumbList","@id":"https:\/\/www.cannabis.es\/pw\/2021\/01\/29\/illa-deja-sanidad-por-cataluna-y-darias-toma-el-relevo\/#breadcrumb","itemListElement":[{"@type":"ListItem","position":1,"name":"Portada","item":"http:\/\/www.cannabis.es\/pw\/"},{"@type":"ListItem","position":2,"name":"Illa deja Sanidad por Catalu\u00f1a y Darias toma el relevo"}]},{"@type":"WebSite","@id":"https:\/\/www.cannabis.es\/pw\/#website","url":"https:\/\/www.cannabis.es\/pw\/","name":"Cannabis","description":"Portal multimedia sobre cannabis y otras sustancias","publisher":{"@id":"https:\/\/www.cannabis.es\/pw\/#organization"},"potentialAction":[{"@type":"SearchAction","target":{"@type":"EntryPoint","urlTemplate":"https:\/\/www.cannabis.es\/pw\/?s={search_term_string}"},"query-input":{"@type":"PropertyValueSpecification","valueRequired":true,"valueName":"search_term_string"}}],"inLanguage":"es"},{"@type":"Organization","@id":"https:\/\/www.cannabis.es\/pw\/#organization","name":"Cannabis.es","url":"https:\/\/www.cannabis.es\/pw\/","logo":{"@type":"ImageObject","inLanguage":"es","@id":"https:\/\/www.cannabis.es\/pw\/#\/schema\/logo\/image\/","url":"https:\/\/www.cannabis.es\/pw\/wp-content\/uploads\/2019\/04\/cropped-logo_cannabis.png","contentUrl":"https:\/\/www.cannabis.es\/pw\/wp-content\/uploads\/2019\/04\/cropped-logo_cannabis.png","width":361,"height":120,"caption":"Cannabis.es"},"image":{"@id":"https:\/\/www.cannabis.es\/pw\/#\/schema\/logo\/image\/"},"sameAs":["https:\/\/x.com\/cannabis_es"]},{"@type":"Person","@id":"https:\/\/www.cannabis.es\/pw\/#\/schema\/person\/ec770c03f3e99d770687f537f4ba1e89","name":"Cannabis.es","image":{"@type":"ImageObject","inLanguage":"es","@id":"https:\/\/www.cannabis.es\/pw\/#\/schema\/person\/image\/","url":"https:\/\/secure.gravatar.com\/avatar\/810c93a3d6fadc3d9c2665b1d919a4aedea8ed4dd63689d001e985a804e90d83?s=96&d=mm&r=g","contentUrl":"https:\/\/secure.gravatar.com\/avatar\/810c93a3d6fadc3d9c2665b1d919a4aedea8ed4dd63689d001e985a804e90d83?s=96&d=mm&r=g","caption":"Cannabis.es"},"url":"https:\/\/www.cannabis.es\/pw\/author\/arnau\/"}]}},"_links":{"self":[{"href":"https:\/\/www.cannabis.es\/pw\/wp-json\/wp\/v2\/posts\/6595","targetHints":{"allow":["GET"]}}],"collection":[{"href":"https:\/\/www.cannabis.es\/pw\/wp-json\/wp\/v2\/posts"}],"about":[{"href":"https:\/\/www.cannabis.es\/pw\/wp-json\/wp\/v2\/types\/post"}],"author":[{"embeddable":true,"href":"https:\/\/www.cannabis.es\/pw\/wp-json\/wp\/v2\/users\/3"}],"replies":[{"embeddable":true,"href":"https:\/\/www.cannabis.es\/pw\/wp-json\/wp\/v2\/comments?post=6595"}],"version-history":[{"count":11,"href":"https:\/\/www.cannabis.es\/pw\/wp-json\/wp\/v2\/posts\/6595\/revisions"}],"predecessor-version":[{"id":6613,"href":"https:\/\/www.cannabis.es\/pw\/wp-json\/wp\/v2\/posts\/6595\/revisions\/6613"}],"wp:featuredmedia":[{"embeddable":true,"href":"https:\/\/www.cannabis.es\/pw\/wp-json\/wp\/v2\/media\/6598"}],"wp:attachment":[{"href":"https:\/\/www.cannabis.es\/pw\/wp-json\/wp\/v2\/media?parent=6595"}],"wp:term":[{"taxonomy":"category","embeddable":true,"href":"https:\/\/www.cannabis.es\/pw\/wp-json\/wp\/v2\/categories?post=6595"},{"taxonomy":"post_tag","embeddable":true,"href":"https:\/\/www.cannabis.es\/pw\/wp-json\/wp\/v2\/tags?post=6595"}],"curies":[{"name":"wp","href":"https:\/\/api.w.org\/{rel}","templated":true}]}}