{"id":6614,"date":"2021-02-01T11:57:02","date_gmt":"2021-02-01T10:57:02","guid":{"rendered":"https:\/\/www.cannabis.es\/pw\/?p=6614"},"modified":"2021-02-03T09:40:12","modified_gmt":"2021-02-03T08:40:12","slug":"carla-dias-presidenta-del-opcm-la-cannabis-no-es-una-droga-sino-una-planta-medicinal","status":"publish","type":"post","link":"https:\/\/www.cannabis.es\/pw\/2021\/02\/01\/carla-dias-presidenta-del-opcm-la-cannabis-no-es-una-droga-sino-una-planta-medicinal\/","title":{"rendered":"Carla Dias, Presidenta del OPCM: \u00abLa Cannabis no es una droga, sino una planta medicinal\u00bb"},"content":{"rendered":"\n<p>Benito D\u00edaz<\/p>\n\n\n\n<p>El Observatorio Portugu\u00e9s del Cannabis Medicinal (OPCM), fue fundado el 22 de abril de 2019, reuniendo a un numeroso grupo de profesionales y expertos. Se trata de una organizaci\u00f3n sin \u00e1nimo de lucro, cuya misi\u00f3n consiste en la difusi\u00f3n y promoci\u00f3n de la investigaci\u00f3n cient\u00edfica alrededor de las propiedades medicinales de la Cannabis.<\/p>\n\n\n\n<p>El OPCM ha visto lastradas sus actividades desde su fundaci\u00f3n, debido a la Pandemia de COVID19. A pesar de ello, tuvo tiempo de organizar al menos dos grandes reuniones presenciales, siendo las \u00faltimas en noviembre de 2019, a las que se han sumado otras telem\u00e1ticas. Entre sus metas, se encuentra la creaci\u00f3n de un \u00edndice de medicamentos, preparados y sustancias con base de cannabis \u2014cumpliendo con todas las normativas sobre privacidad y protecci\u00f3n de datos\u2014, promoci\u00f3n de eventos, informes con las \u00faltimas novedades en tratamiento a pacientes usuarios de estas medicinas o la defensa del aporte estatal de medicamentos cann\u00e1bicos, entre otros muchos.<\/p>\n\n\n\n<p>Conversamos con su presidenta, la profesora en Lengua y Literatura tanto Inglesa como Alemana, Carla Dias.<\/p>\n\n\n\n<figure class=\"wp-block-image size-large\"><img loading=\"lazy\" decoding=\"async\" width=\"804\" height=\"532\" src=\"https:\/\/www.cannabis.es\/pw\/wp-content\/uploads\/2021\/02\/portada-carla-dias.jpg\" alt=\"\" class=\"wp-image-6618\" srcset=\"https:\/\/www.cannabis.es\/pw\/wp-content\/uploads\/2021\/02\/portada-carla-dias.jpg 804w, https:\/\/www.cannabis.es\/pw\/wp-content\/uploads\/2021\/02\/portada-carla-dias-300x199.jpg 300w, https:\/\/www.cannabis.es\/pw\/wp-content\/uploads\/2021\/02\/portada-carla-dias-768x508.jpg 768w, https:\/\/www.cannabis.es\/pw\/wp-content\/uploads\/2021\/02\/portada-carla-dias-600x397.jpg 600w\" sizes=\"auto, (max-width: 804px) 100vw, 804px\" \/><\/figure>\n\n\n\n<h2 class=\"wp-block-heading\"><strong>Entrevista<\/strong><\/h2>\n\n\n\n<p><span class=\"has-inline-color has-luminous-vivid-orange-color\">\u201c<em>Organizamos las conferencias de Noviembre en dos partes, la primera tuvo lugar en Lisboa a primeros de ese mes y la segunda en Oporto, a finales\u201d<\/em><\/span>, comenta Dias. <em><span class=\"has-inline-color has-luminous-vivid-orange-color\">\u201cEn ellas, colaboraron distintos investigadores, m\u00e9dicos y cient\u00edficos, entre ellos varios espa\u00f1oles, <a href=\"https:\/\/www.cannabis.es\/pw\/2019\/01\/03\/cannabis-vs-glioblastoma-la-comunidad-cientifica-ve-potencial-antitumoral\/\">como Manuel Guzm\u00e1n<\/a> o la doctora Cristina S\u00e1nchez\u201d<\/span>. <\/em>La profesora nos relata las dificultades que ha atravesado la asociaci\u00f3n durante 2020, un a\u00f1o en el cual no han podido llevar a cabo conferencias ni otras actividades que ten\u00edan previstas, debido a la Pandemia.<br><br><strong>Sin posici\u00f3n sobre cannabis recreativo<\/strong><\/p>\n\n\n\n<p>La organizaci\u00f3n no tiene una posici\u00f3n definida al respecto del Cannabis Recreativo. <em><span class=\"has-inline-color has-luminous-vivid-orange-color\">\u201cNuestra asociaci\u00f3n se refiere solo y en exclusiva al Cannabis Medicinal y Terap\u00e9utico. Portugal es un pa\u00eds donde los m\u00e9dicos se han mostrado muy conservadores a la hora de recomendar este tipo de terapias. Solo prescriben tratamientos que conocen bien, sobre los que tienen pruebas tangibles. Debemos tener en cuenta la ley de nuestro pa\u00eds y seguirla a rajatabla. Y la ley que tenemos permite a los m\u00e9dicos prescribir medicamentos que puedan encontrarse en una farmacia. Estas medicinas deber\u00e1n beneficiar a los pacientes y eso es lo que tratamos de conseguir todos los d\u00edas, poner esos medicamentos en las farmacias a disposici\u00f3n de los pacientes que las necesiten. Debido a esto, no tenemos una posici\u00f3n <a href=\"https:\/\/www.cannabis.es\/pw\/2017\/09\/19\/despenalizacion-integral-la-experiencia-en-portugal\/\">al respecto del Cannabis Recreativo,<\/a> pero es posible que haya otras asociaciones que si la tengan y luchen por ello\u201d.<\/span><\/em><\/p>\n\n\n\n<p><strong>No al autocultivo<\/strong><\/p>\n\n\n\n<p>\u201c<em>No estamos de acuerdo con el autocultivo con fines terap\u00e9uticos. No hay en Portugal ning\u00fan m\u00e9dico que pueda aprobar un tratamiento basado en Cannabis cultivado por un paciente. Se trata de la posici\u00f3n de nuestra organizaci\u00f3n y le hablar\u00e9 de mi experiencia personal, como ejemplo. Tengo una hija que necesita tomar aceite de CBD para controlar sus convulsiones, aparte de otros medicamentos. Necesito contar con un bote de aceite que contenga las mismas propiedades, siempre. No tengo tiempo de tener la planta, cuidarla, etc. <span class=\"has-inline-color has-luminous-vivid-orange-color\">Para m\u00ed, es m\u00e1s f\u00e1cil de controlar ese bote que me garantiza una calidad y un control sanitario adecuado<\/span>. Quiz\u00e1 para otra gente, sea menos complicado que en mi caso y eso est\u00e1 bien. S\u00e9 que hay mucha gente que cultiva en casa y que consigue muy buenos resultados para su salud. Pero no son m\u00e9dicos, ni habr\u00e1 m\u00e9dicos en nuestro pa\u00eds que lo apoyen. Quiz\u00e1 a lo largo del tiempo se desarrolle de otra manera, pero en este momento debemos ce\u00f1irnos a la ley, que indica que deben ser productos vendidos en farmacias\u201d, <\/em>argumenta Dias. A\u00f1ade que otro escenario ser\u00eda que el gobierno portugu\u00e9s cumpliera con las palabras que aseguraban que regularizar\u00edan el autocultivo, cosa que no se ha cumplido.<\/p>\n\n\n\n<p>\u201c<em>Consideramos que la Cannabis no es una droga, sino una planta medicinal. Esta planta tiene beneficios m\u00e9dicos y fue reconocida en 2018 como tal por las leyes portuguesas. La Cannabis puede ser utilizada como tratamiento para patolog\u00edas concretas, enfermedades concretas. Nuestro grupo aparece para el uso como medicina del cannabis, en exclusiva. El tema de la descriminalizaci\u00f3n de otras sustancias en nuestro pa\u00eds es, de esta manera, una cuesti\u00f3n aparte. Hay mucha gente que la utiliza sin control sanitario, calidad ni seguridad, sin control en las dosis ni conocimiento de la interactuaci\u00f3n del tratamiento con otras sustancias. Queremos dar a la gente toda la seguridad posible al respecto de la planta\u201d.<\/em><\/p>\n\n\n\n<p><strong>\u00bfQui\u00e9n produce en Portugal?<\/strong><\/p>\n\n\n\n<p>Preguntamos a la presidenta del OPCM al respecto de la inversi\u00f3n extranjera de grandes <a href=\"https:\/\/www.cannabis.es\/pw\/2021\/01\/26\/patente-al-proceso-canopy-denuncia-el-epidiolex-por-extraer-cbd-con-co2\/\">empresas como Canophy Growth<\/a> en el mercado del Cannabis portugu\u00e9s: <em>\u201cTenemos un problema con eso, pues hay muchas compa\u00f1\u00edas que quieren llevar a cabo una inversi\u00f3n fuerte en nuestro pa\u00eds, construir grandes industrias. Hemos celebrado distintas reuniones con sus representantes, adem\u00e1s de con reguladores de la cuesti\u00f3n m\u00e9dica. Al menos hay nueve grandes compa\u00f1\u00edas de Cannabis que quieren realizar este tipo de inversiones, y necesitan obtener licencias espec\u00edficas para el cultivo y producci\u00f3n. Mis preguntas para estas entidades regulatorias siempre son las mismas: \u00bfcu\u00e1l es el l\u00edmite de producci\u00f3n? \u00bfVan a producir aqu\u00ed para vender la producci\u00f3n en otros pa\u00edses? \u00bfQu\u00e9 porcentaje va a quedarse en las farmacias portuguesas? Debemos pensar que puede haber una enorme cantidad de pacientes que pueden beneficiarse de la producci\u00f3n de estas nueve compa\u00f1\u00edas. De esta forma, <span class=\"has-inline-color has-luminous-vivid-orange-color\">las licencias se est\u00e1n otorgando a cambio de que una peque\u00f1a cantidad de esa producci\u00f3n de producto concreto, por ejemplo, flores de cannabis. Solo estar\u00e1n autorizadas a producir ese producto y una cantidad quedar\u00e1 en las farmacias.<\/span> Por ejemplo, la compa\u00f1\u00eda Aurora, fue una de esas compa\u00f1\u00edas interesadas en producir en nuestro pa\u00eds. Sin embargo, no llegamos a un acuerdo con ellos en las cuestiones que mencionamos, alargando cierto tipo de detalles y al final, se fueron. No est\u00e1n ya en Portugal, lo dejaron\u201d<\/em>. Dias relata otro ejemplo con RPK Biopharma Holigen, otra gran compa\u00f1\u00eda interesada en el territorio portugu\u00e9s, que logr\u00f3 conseguir la licencia para el procesado industrial, a cambio de las tasas y los detalles antes mencionados.<\/p>\n\n\n\n<p><strong>Aunando la voz frente a la administraci\u00f3n<\/strong><\/p>\n\n\n\n<p>El Observatorio tiene conexiones a nivel europeo, manteniendo contacto con organizaciones <a href=\"https:\/\/www.cannabis.es\/pw\/2020\/02\/12\/cannabis-europa-intercambia-pero-no-trasciende\/\">como Medicinal Cannabis Europe,<\/a> de la que son miembros. <em>\u201cTambi\u00e9n mantenemos relaciones con la Comisi\u00f3n Europea, la semana pasada asistimos a la reuni\u00f3n anual, v\u00eda telem\u00e1tica\u201d, <\/em>explica la profesora Dias.<\/p>\n\n\n\n<p>\u201c<em>Empec\u00e9 en esto al comenzar el tratamiento con aceite de CBD para mi hija\u201d<\/em>, recuerda. <em>\u201cRevis\u00e9 el trabajo de Laura Ramos, periodista de Cannareporter. Lleva recopilando e informando al respecto de tratamientos sobre Cannabis desde hace 15 a\u00f1os. Contact\u00e9 con ella y, en ese momento, estaba relacion\u00e1ndose con algunas personas que quer\u00edan discutir al respecto de la ley del Cannabis Terap\u00e9utico. Eso me ayud\u00f3 a conectar con otras gentes que se encontraban en una situaci\u00f3n como la m\u00eda, pues <span class=\"has-inline-color has-luminous-vivid-orange-color\">hab\u00eda quien ten\u00eda una hermana con esclerosis m\u00faltiple, otros padres con hijos enfermos de epilepsia y recoger testimonios de otros afectados que usaban el Cannabis como terapia. Eso nos permiti\u00f3 llevar la discusi\u00f3n al gobierno<\/span>. Lo que llev\u00f3 a dar pasos adelante y conformar la asociaci\u00f3n. Pensamos que, si eso nos pudo ayudar a nosotros, puede ser aprovechado por otras personas. De esta forma, generamos un grupo de trabajo para tener voz en Internet, en el gobierno, para tener m\u00e1s fuerza como asociaci\u00f3n. As\u00ed, podemos llamar por tel\u00e9fono y preguntar, \u00bfqu\u00e9 pasa con el proyecto?, \u00bfqu\u00e9 pasa con los f\u00e1rmacos?, \u00bfen qu\u00e9 punto estamos?\u201d<\/em>.<\/p>\n\n\n\n<p>Carla Dias concluye afirmando que es triste que el flujo de comunicaci\u00f3n con la administraci\u00f3n portuguesa haya decrecido, quiz\u00e1 debido a la situaci\u00f3n de Pandemia, con la que ven\u00edan manteniendo correspondencia continua. Espera que se solucione pronto.<\/p>\n\n\n\n<p><em>M\u00e1s informaci\u00f3n sobre el Observatorio Portugu\u00e9s de Cannabis Medicinal <a href=\"https:\/\/opcm.pt\/\">en su p\u00e1gina web o<\/a> en <a href=\"https:\/\/twitter.com\/OPCM2\">su cuenta de Twitter.<\/a><\/em><\/p>\n","protected":false},"excerpt":{"rendered":"<span class=\"span-reading-time rt-reading-time\" style=\"display: block;\"><span class=\"rt-label rt-prefix\">Tiempo de lectura:<\/span> <span class=\"rt-time\"> 5<\/span> <span class=\"rt-label rt-postfix\">minutos<\/span><\/span>Benito D\u00edaz El Observatorio Portugu\u00e9s del Cannabis Medicinal (OPCM), fue fundado el 22 de abril de 2019, reuniendo a un numeroso grupo de profesionales y expertos. Se trata de una organizaci\u00f3n sin \u00e1nimo de lucro, cuya misi\u00f3n consiste en la difusi\u00f3n y promoci\u00f3n de la investigaci\u00f3n cient\u00edfica alrededor de las propiedades medicinales de la Cannabis. [&hellip;]","protected":false},"author":3,"featured_media":6618,"comment_status":"closed","ping_status":"closed","sticky":false,"template":"","format":"standard","meta":{"loftocean-featured-post":"","loftocean_post_format_gallery":"","loftocean_post_format_gallery_ids":"","loftocean_post_format_gallery_urls":"","loftocean_post_format_video_id":"","loftocean_post_format_video_url":"","loftocean_post_format_video_type":"","loftocean_post_format_video":"","loftocean_post_format_audio_type":"","loftocean_post_format_audio_url":"","loftocean_post_format_audio_id":"","loftocean_post_format_audio":"","loftocean_post_format_quote_text":"","loftocean_post_format_quote_byline":"","loftocean_post_format_link_text":"","loftocean_post_format_link_url":"","ceramag_post_header_style":"","ceramag_enable_background_video":"","ceramag_show_in_top_slider":"","ceramag_post_background_video_start":"","ceramag_post_background_video_end":"","loftocean_page_background_video_id":"","loftocean_page_background_video_url":"","loftocean_page_background_video_type":"","loftocean_page_background_video":"","ceramag_background_video_start":"","ceramag_background_video_end":"","ceramag_single_page_hide_header":"","footnotes":""},"categories":[33,36],"tags":[43,52,716,1143],"class_list":["post-6614","post","type-post","status-publish","format-standard","has-post-thumbnail","hentry","category-entrevistas","category-medicinal","tag-benito-diaz","tag-cannabis-medicinal","tag-entrevista","tag-portugal"],"yoast_head":"<!-- This site is optimized with the Yoast SEO plugin v24.9 - https:\/\/yoast.com\/wordpress\/plugins\/seo\/ -->\n<title>Carla Dias, Presidenta del OPCM: \u00abLa Cannabis no es una droga, sino una planta medicinal\u00bb<\/title>\n<meta name=\"description\" content=\"Entrada &#8226; Portal multimedia sobre cannabis y otras sustancias &#8226; 1 febrero, 2021\" \/>\n<meta name=\"robots\" content=\"index, follow, max-snippet:-1, max-image-preview:large, max-video-preview:-1\" \/>\n<link rel=\"canonical\" href=\"https:\/\/www.cannabis.es\/pw\/2021\/02\/01\/carla-dias-presidenta-del-opcm-la-cannabis-no-es-una-droga-sino-una-planta-medicinal\/\" \/>\n<meta name=\"twitter:card\" content=\"summary_large_image\" \/>\n<meta name=\"twitter:title\" content=\"Carla Dias, Presidenta del OPCM: \u00abLa Cannabis no es una droga, sino una planta medicinal\u00bb\" \/>\n<meta name=\"twitter:description\" content=\"Entrada &#8226; Portal multimedia sobre cannabis y otras sustancias &#8226; 1 febrero, 2021\" \/>\n<meta name=\"twitter:image\" content=\"https:\/\/www.cannabis.es\/pw\/wp-content\/uploads\/2021\/02\/portada-carla-dias.jpg\" \/>\n<meta name=\"twitter:creator\" content=\"@cannabis_es\" \/>\n<meta name=\"twitter:site\" content=\"@cannabis_es\" \/>\n<meta name=\"twitter:label1\" content=\"Escrito por\" \/>\n\t<meta name=\"twitter:data1\" content=\"Cannabis.es\" \/>\n\t<meta name=\"twitter:label2\" content=\"Tiempo de lectura\" \/>\n\t<meta name=\"twitter:data2\" content=\"6 minutos\" \/>\n<script type=\"application\/ld+json\" class=\"yoast-schema-graph\">{\"@context\":\"https:\/\/schema.org\",\"@graph\":[{\"@type\":\"Article\",\"@id\":\"https:\/\/www.cannabis.es\/pw\/2021\/02\/01\/carla-dias-presidenta-del-opcm-la-cannabis-no-es-una-droga-sino-una-planta-medicinal\/#article\",\"isPartOf\":{\"@id\":\"https:\/\/www.cannabis.es\/pw\/2021\/02\/01\/carla-dias-presidenta-del-opcm-la-cannabis-no-es-una-droga-sino-una-planta-medicinal\/\"},\"author\":{\"name\":\"Cannabis.es\",\"@id\":\"https:\/\/www.cannabis.es\/pw\/#\/schema\/person\/ec770c03f3e99d770687f537f4ba1e89\"},\"headline\":\"Carla Dias, Presidenta del OPCM: \u00abLa Cannabis no es una droga, sino una planta medicinal\u00bb\",\"datePublished\":\"2021-02-01T10:57:02+00:00\",\"dateModified\":\"2021-02-03T08:40:12+00:00\",\"mainEntityOfPage\":{\"@id\":\"https:\/\/www.cannabis.es\/pw\/2021\/02\/01\/carla-dias-presidenta-del-opcm-la-cannabis-no-es-una-droga-sino-una-planta-medicinal\/\"},\"wordCount\":1408,\"publisher\":{\"@id\":\"https:\/\/www.cannabis.es\/pw\/#organization\"},\"image\":{\"@id\":\"https:\/\/www.cannabis.es\/pw\/2021\/02\/01\/carla-dias-presidenta-del-opcm-la-cannabis-no-es-una-droga-sino-una-planta-medicinal\/#primaryimage\"},\"thumbnailUrl\":\"https:\/\/www.cannabis.es\/pw\/wp-content\/uploads\/2021\/02\/portada-carla-dias.jpg\",\"keywords\":[\"Benito D\u00edaz\",\"cannabis medicinal\",\"entrevista\",\"Portugal\"],\"articleSection\":[\"Entrevistas\",\"Medicinal\"],\"inLanguage\":\"es\"},{\"@type\":\"WebPage\",\"@id\":\"https:\/\/www.cannabis.es\/pw\/2021\/02\/01\/carla-dias-presidenta-del-opcm-la-cannabis-no-es-una-droga-sino-una-planta-medicinal\/\",\"url\":\"https:\/\/www.cannabis.es\/pw\/2021\/02\/01\/carla-dias-presidenta-del-opcm-la-cannabis-no-es-una-droga-sino-una-planta-medicinal\/\",\"name\":\"Carla Dias, Presidenta del OPCM: \u00abLa Cannabis no es una droga, sino una planta medicinal\u00bb\",\"isPartOf\":{\"@id\":\"https:\/\/www.cannabis.es\/pw\/#website\"},\"primaryImageOfPage\":{\"@id\":\"https:\/\/www.cannabis.es\/pw\/2021\/02\/01\/carla-dias-presidenta-del-opcm-la-cannabis-no-es-una-droga-sino-una-planta-medicinal\/#primaryimage\"},\"image\":{\"@id\":\"https:\/\/www.cannabis.es\/pw\/2021\/02\/01\/carla-dias-presidenta-del-opcm-la-cannabis-no-es-una-droga-sino-una-planta-medicinal\/#primaryimage\"},\"thumbnailUrl\":\"https:\/\/www.cannabis.es\/pw\/wp-content\/uploads\/2021\/02\/portada-carla-dias.jpg\",\"datePublished\":\"2021-02-01T10:57:02+00:00\",\"dateModified\":\"2021-02-03T08:40:12+00:00\",\"description\":\"Entrada &#8226; Portal multimedia sobre cannabis y otras sustancias &#8226; 1 febrero, 2021\",\"breadcrumb\":{\"@id\":\"https:\/\/www.cannabis.es\/pw\/2021\/02\/01\/carla-dias-presidenta-del-opcm-la-cannabis-no-es-una-droga-sino-una-planta-medicinal\/#breadcrumb\"},\"inLanguage\":\"es\",\"potentialAction\":[{\"@type\":\"ReadAction\",\"target\":[\"https:\/\/www.cannabis.es\/pw\/2021\/02\/01\/carla-dias-presidenta-del-opcm-la-cannabis-no-es-una-droga-sino-una-planta-medicinal\/\"]}]},{\"@type\":\"ImageObject\",\"inLanguage\":\"es\",\"@id\":\"https:\/\/www.cannabis.es\/pw\/2021\/02\/01\/carla-dias-presidenta-del-opcm-la-cannabis-no-es-una-droga-sino-una-planta-medicinal\/#primaryimage\",\"url\":\"https:\/\/www.cannabis.es\/pw\/wp-content\/uploads\/2021\/02\/portada-carla-dias.jpg\",\"contentUrl\":\"https:\/\/www.cannabis.es\/pw\/wp-content\/uploads\/2021\/02\/portada-carla-dias.jpg\",\"width\":804,\"height\":532},{\"@type\":\"BreadcrumbList\",\"@id\":\"https:\/\/www.cannabis.es\/pw\/2021\/02\/01\/carla-dias-presidenta-del-opcm-la-cannabis-no-es-una-droga-sino-una-planta-medicinal\/#breadcrumb\",\"itemListElement\":[{\"@type\":\"ListItem\",\"position\":1,\"name\":\"Portada\",\"item\":\"http:\/\/www.cannabis.es\/pw\/\"},{\"@type\":\"ListItem\",\"position\":2,\"name\":\"Carla Dias, Presidenta del OPCM: \u00abLa Cannabis no es una droga, sino una planta medicinal\u00bb\"}]},{\"@type\":\"WebSite\",\"@id\":\"https:\/\/www.cannabis.es\/pw\/#website\",\"url\":\"https:\/\/www.cannabis.es\/pw\/\",\"name\":\"Cannabis\",\"description\":\"Portal multimedia sobre cannabis y otras sustancias\",\"publisher\":{\"@id\":\"https:\/\/www.cannabis.es\/pw\/#organization\"},\"potentialAction\":[{\"@type\":\"SearchAction\",\"target\":{\"@type\":\"EntryPoint\",\"urlTemplate\":\"https:\/\/www.cannabis.es\/pw\/?s={search_term_string}\"},\"query-input\":{\"@type\":\"PropertyValueSpecification\",\"valueRequired\":true,\"valueName\":\"search_term_string\"}}],\"inLanguage\":\"es\"},{\"@type\":\"Organization\",\"@id\":\"https:\/\/www.cannabis.es\/pw\/#organization\",\"name\":\"Cannabis.es\",\"url\":\"https:\/\/www.cannabis.es\/pw\/\",\"logo\":{\"@type\":\"ImageObject\",\"inLanguage\":\"es\",\"@id\":\"https:\/\/www.cannabis.es\/pw\/#\/schema\/logo\/image\/\",\"url\":\"https:\/\/www.cannabis.es\/pw\/wp-content\/uploads\/2019\/04\/cropped-logo_cannabis.png\",\"contentUrl\":\"https:\/\/www.cannabis.es\/pw\/wp-content\/uploads\/2019\/04\/cropped-logo_cannabis.png\",\"width\":361,\"height\":120,\"caption\":\"Cannabis.es\"},\"image\":{\"@id\":\"https:\/\/www.cannabis.es\/pw\/#\/schema\/logo\/image\/\"},\"sameAs\":[\"https:\/\/x.com\/cannabis_es\"]},{\"@type\":\"Person\",\"@id\":\"https:\/\/www.cannabis.es\/pw\/#\/schema\/person\/ec770c03f3e99d770687f537f4ba1e89\",\"name\":\"Cannabis.es\",\"image\":{\"@type\":\"ImageObject\",\"inLanguage\":\"es\",\"@id\":\"https:\/\/www.cannabis.es\/pw\/#\/schema\/person\/image\/\",\"url\":\"https:\/\/secure.gravatar.com\/avatar\/810c93a3d6fadc3d9c2665b1d919a4aedea8ed4dd63689d001e985a804e90d83?s=96&d=mm&r=g\",\"contentUrl\":\"https:\/\/secure.gravatar.com\/avatar\/810c93a3d6fadc3d9c2665b1d919a4aedea8ed4dd63689d001e985a804e90d83?s=96&d=mm&r=g\",\"caption\":\"Cannabis.es\"},\"url\":\"https:\/\/www.cannabis.es\/pw\/author\/arnau\/\"}]}<\/script>\n<!-- \/ Yoast SEO plugin. -->","yoast_head_json":{"title":"Carla Dias, Presidenta del OPCM: \u00abLa Cannabis no es una droga, sino una planta medicinal\u00bb","description":"Entrada &#8226; Portal multimedia sobre cannabis y otras sustancias &#8226; 1 febrero, 2021","robots":{"index":"index","follow":"follow","max-snippet":"max-snippet:-1","max-image-preview":"max-image-preview:large","max-video-preview":"max-video-preview:-1"},"canonical":"https:\/\/www.cannabis.es\/pw\/2021\/02\/01\/carla-dias-presidenta-del-opcm-la-cannabis-no-es-una-droga-sino-una-planta-medicinal\/","twitter_card":"summary_large_image","twitter_title":"Carla Dias, Presidenta del OPCM: \u00abLa Cannabis no es una droga, sino una planta medicinal\u00bb","twitter_description":"Entrada &#8226; Portal multimedia sobre cannabis y otras sustancias &#8226; 1 febrero, 2021","twitter_image":"https:\/\/www.cannabis.es\/pw\/wp-content\/uploads\/2021\/02\/portada-carla-dias.jpg","twitter_creator":"@cannabis_es","twitter_site":"@cannabis_es","twitter_misc":{"Escrito por":"Cannabis.es","Tiempo de lectura":"6 minutos"},"schema":{"@context":"https:\/\/schema.org","@graph":[{"@type":"Article","@id":"https:\/\/www.cannabis.es\/pw\/2021\/02\/01\/carla-dias-presidenta-del-opcm-la-cannabis-no-es-una-droga-sino-una-planta-medicinal\/#article","isPartOf":{"@id":"https:\/\/www.cannabis.es\/pw\/2021\/02\/01\/carla-dias-presidenta-del-opcm-la-cannabis-no-es-una-droga-sino-una-planta-medicinal\/"},"author":{"name":"Cannabis.es","@id":"https:\/\/www.cannabis.es\/pw\/#\/schema\/person\/ec770c03f3e99d770687f537f4ba1e89"},"headline":"Carla Dias, Presidenta del OPCM: \u00abLa Cannabis no es una droga, sino una planta medicinal\u00bb","datePublished":"2021-02-01T10:57:02+00:00","dateModified":"2021-02-03T08:40:12+00:00","mainEntityOfPage":{"@id":"https:\/\/www.cannabis.es\/pw\/2021\/02\/01\/carla-dias-presidenta-del-opcm-la-cannabis-no-es-una-droga-sino-una-planta-medicinal\/"},"wordCount":1408,"publisher":{"@id":"https:\/\/www.cannabis.es\/pw\/#organization"},"image":{"@id":"https:\/\/www.cannabis.es\/pw\/2021\/02\/01\/carla-dias-presidenta-del-opcm-la-cannabis-no-es-una-droga-sino-una-planta-medicinal\/#primaryimage"},"thumbnailUrl":"https:\/\/www.cannabis.es\/pw\/wp-content\/uploads\/2021\/02\/portada-carla-dias.jpg","keywords":["Benito D\u00edaz","cannabis medicinal","entrevista","Portugal"],"articleSection":["Entrevistas","Medicinal"],"inLanguage":"es"},{"@type":"WebPage","@id":"https:\/\/www.cannabis.es\/pw\/2021\/02\/01\/carla-dias-presidenta-del-opcm-la-cannabis-no-es-una-droga-sino-una-planta-medicinal\/","url":"https:\/\/www.cannabis.es\/pw\/2021\/02\/01\/carla-dias-presidenta-del-opcm-la-cannabis-no-es-una-droga-sino-una-planta-medicinal\/","name":"Carla Dias, Presidenta del OPCM: \u00abLa Cannabis no es una droga, sino una planta medicinal\u00bb","isPartOf":{"@id":"https:\/\/www.cannabis.es\/pw\/#website"},"primaryImageOfPage":{"@id":"https:\/\/www.cannabis.es\/pw\/2021\/02\/01\/carla-dias-presidenta-del-opcm-la-cannabis-no-es-una-droga-sino-una-planta-medicinal\/#primaryimage"},"image":{"@id":"https:\/\/www.cannabis.es\/pw\/2021\/02\/01\/carla-dias-presidenta-del-opcm-la-cannabis-no-es-una-droga-sino-una-planta-medicinal\/#primaryimage"},"thumbnailUrl":"https:\/\/www.cannabis.es\/pw\/wp-content\/uploads\/2021\/02\/portada-carla-dias.jpg","datePublished":"2021-02-01T10:57:02+00:00","dateModified":"2021-02-03T08:40:12+00:00","description":"Entrada &#8226; Portal multimedia sobre cannabis y otras sustancias &#8226; 1 febrero, 2021","breadcrumb":{"@id":"https:\/\/www.cannabis.es\/pw\/2021\/02\/01\/carla-dias-presidenta-del-opcm-la-cannabis-no-es-una-droga-sino-una-planta-medicinal\/#breadcrumb"},"inLanguage":"es","potentialAction":[{"@type":"ReadAction","target":["https:\/\/www.cannabis.es\/pw\/2021\/02\/01\/carla-dias-presidenta-del-opcm-la-cannabis-no-es-una-droga-sino-una-planta-medicinal\/"]}]},{"@type":"ImageObject","inLanguage":"es","@id":"https:\/\/www.cannabis.es\/pw\/2021\/02\/01\/carla-dias-presidenta-del-opcm-la-cannabis-no-es-una-droga-sino-una-planta-medicinal\/#primaryimage","url":"https:\/\/www.cannabis.es\/pw\/wp-content\/uploads\/2021\/02\/portada-carla-dias.jpg","contentUrl":"https:\/\/www.cannabis.es\/pw\/wp-content\/uploads\/2021\/02\/portada-carla-dias.jpg","width":804,"height":532},{"@type":"BreadcrumbList","@id":"https:\/\/www.cannabis.es\/pw\/2021\/02\/01\/carla-dias-presidenta-del-opcm-la-cannabis-no-es-una-droga-sino-una-planta-medicinal\/#breadcrumb","itemListElement":[{"@type":"ListItem","position":1,"name":"Portada","item":"http:\/\/www.cannabis.es\/pw\/"},{"@type":"ListItem","position":2,"name":"Carla Dias, Presidenta del OPCM: \u00abLa Cannabis no es una droga, sino una planta medicinal\u00bb"}]},{"@type":"WebSite","@id":"https:\/\/www.cannabis.es\/pw\/#website","url":"https:\/\/www.cannabis.es\/pw\/","name":"Cannabis","description":"Portal multimedia sobre cannabis y otras sustancias","publisher":{"@id":"https:\/\/www.cannabis.es\/pw\/#organization"},"potentialAction":[{"@type":"SearchAction","target":{"@type":"EntryPoint","urlTemplate":"https:\/\/www.cannabis.es\/pw\/?s={search_term_string}"},"query-input":{"@type":"PropertyValueSpecification","valueRequired":true,"valueName":"search_term_string"}}],"inLanguage":"es"},{"@type":"Organization","@id":"https:\/\/www.cannabis.es\/pw\/#organization","name":"Cannabis.es","url":"https:\/\/www.cannabis.es\/pw\/","logo":{"@type":"ImageObject","inLanguage":"es","@id":"https:\/\/www.cannabis.es\/pw\/#\/schema\/logo\/image\/","url":"https:\/\/www.cannabis.es\/pw\/wp-content\/uploads\/2019\/04\/cropped-logo_cannabis.png","contentUrl":"https:\/\/www.cannabis.es\/pw\/wp-content\/uploads\/2019\/04\/cropped-logo_cannabis.png","width":361,"height":120,"caption":"Cannabis.es"},"image":{"@id":"https:\/\/www.cannabis.es\/pw\/#\/schema\/logo\/image\/"},"sameAs":["https:\/\/x.com\/cannabis_es"]},{"@type":"Person","@id":"https:\/\/www.cannabis.es\/pw\/#\/schema\/person\/ec770c03f3e99d770687f537f4ba1e89","name":"Cannabis.es","image":{"@type":"ImageObject","inLanguage":"es","@id":"https:\/\/www.cannabis.es\/pw\/#\/schema\/person\/image\/","url":"https:\/\/secure.gravatar.com\/avatar\/810c93a3d6fadc3d9c2665b1d919a4aedea8ed4dd63689d001e985a804e90d83?s=96&d=mm&r=g","contentUrl":"https:\/\/secure.gravatar.com\/avatar\/810c93a3d6fadc3d9c2665b1d919a4aedea8ed4dd63689d001e985a804e90d83?s=96&d=mm&r=g","caption":"Cannabis.es"},"url":"https:\/\/www.cannabis.es\/pw\/author\/arnau\/"}]}},"_links":{"self":[{"href":"https:\/\/www.cannabis.es\/pw\/wp-json\/wp\/v2\/posts\/6614","targetHints":{"allow":["GET"]}}],"collection":[{"href":"https:\/\/www.cannabis.es\/pw\/wp-json\/wp\/v2\/posts"}],"about":[{"href":"https:\/\/www.cannabis.es\/pw\/wp-json\/wp\/v2\/types\/post"}],"author":[{"embeddable":true,"href":"https:\/\/www.cannabis.es\/pw\/wp-json\/wp\/v2\/users\/3"}],"replies":[{"embeddable":true,"href":"https:\/\/www.cannabis.es\/pw\/wp-json\/wp\/v2\/comments?post=6614"}],"version-history":[{"count":4,"href":"https:\/\/www.cannabis.es\/pw\/wp-json\/wp\/v2\/posts\/6614\/revisions"}],"predecessor-version":[{"id":6633,"href":"https:\/\/www.cannabis.es\/pw\/wp-json\/wp\/v2\/posts\/6614\/revisions\/6633"}],"wp:featuredmedia":[{"embeddable":true,"href":"https:\/\/www.cannabis.es\/pw\/wp-json\/wp\/v2\/media\/6618"}],"wp:attachment":[{"href":"https:\/\/www.cannabis.es\/pw\/wp-json\/wp\/v2\/media?parent=6614"}],"wp:term":[{"taxonomy":"category","embeddable":true,"href":"https:\/\/www.cannabis.es\/pw\/wp-json\/wp\/v2\/categories?post=6614"},{"taxonomy":"post_tag","embeddable":true,"href":"https:\/\/www.cannabis.es\/pw\/wp-json\/wp\/v2\/tags?post=6614"}],"curies":[{"name":"wp","href":"https:\/\/api.w.org\/{rel}","templated":true}]}}