{"id":6620,"date":"2021-02-01T13:52:24","date_gmt":"2021-02-01T12:52:24","guid":{"rendered":"https:\/\/www.cannabis.es\/pw\/?p=6620"},"modified":"2021-05-12T12:35:47","modified_gmt":"2021-05-12T10:35:47","slug":"treinta-anos-de-prision-a-cada-uno-de-tres-jovenes-en-tunez-por-fumar-en-publico","status":"publish","type":"post","link":"https:\/\/www.cannabis.es\/pw\/2021\/02\/01\/treinta-anos-de-prision-a-cada-uno-de-tres-jovenes-en-tunez-por-fumar-en-publico\/","title":{"rendered":"Treinta a\u00f1os de prisi\u00f3n a cada uno de tres j\u00f3venes en T\u00fanez por fumar en p\u00fablico"},"content":{"rendered":"\n<p>Arnau Alcaide<br><br>Una <a href=\"https:\/\/www.facebook.com\/watch\/?v=181855160390993\">gran manifestaci\u00f3n<\/a> ha recorrido este s\u00e1bado la capital de T\u00fanez, del mismo nombre. La avenida Habib Bourguiba, la m\u00e1s importante de la ciudad, se ha llenado para protestar por el atropello judicial a tres j\u00f3venes, que han recibido penas de 30 a\u00f1os cada uno por fumar en un espacio p\u00fablico. (Actualizaci\u00f3n: Salah y Faycel salieron de la c\u00e1rcel el 9 de marzo tras reducirse su sentencia de 30 a 1 a\u00f1o, que ya hab\u00edan cumplido en prisi\u00f3n preventiva. Sameh, a sus 28, tendr\u00e1 que perder un a\u00f1o m\u00e1s al ser condenado a 2).<\/p>\n\n\n\n<p><br><br>La audiencia provincial de la ciudad de El-K\u00e9f, al norte, de nombre original Al-K\u0101f, ha condenado a 30 a\u00f1os de prisi\u00f3n a cada uno de tres adultos j\u00f3venes por fumar en un recinto deportivo. La sentencia, que a\u00fan se puede recurrir, se fundamenta en que la ley tunecina reserva duras penas para el uso de drogas en espacios p\u00fablicos, aunque esto, como indican los nuevos postulados t\u00edmidos de la ONU, puede incurrir perfectamente en violaci\u00f3n de Derechos Humanos, ya que de las leyes internacionales no se derivan las penas al consumo.<\/p>\n\n\n\n<figure class=\"wp-block-image size-large is-resized\"><img loading=\"lazy\" decoding=\"async\" src=\"https:\/\/www.cannabis.es\/pw\/wp-content\/uploads\/2021\/02\/tunez1.jpg\" alt=\"\" class=\"wp-image-6621\" width=\"579\" height=\"386\" srcset=\"https:\/\/www.cannabis.es\/pw\/wp-content\/uploads\/2021\/02\/tunez1.jpg 360w, https:\/\/www.cannabis.es\/pw\/wp-content\/uploads\/2021\/02\/tunez1-300x200.jpg 300w\" sizes=\"auto, (max-width: 579px) 100vw, 579px\" \/><figcaption><a href=\"https:\/\/twitter.com\/BsiLiAdeL\/status\/1355784591332827138\">Fotos del secretario general Defensor del Pueblo<\/a> en T\u00fanez.<\/figcaption><\/figure>\n\n\n\n<p>Amnist\u00eda Internacional, a trav\u00e9s de su portavoz Amna Guellali, calific\u00f3 las condenas de \u00abinaceptables en principio\u00bb y de \u00abmedio de disuasi\u00f3n dirigido a los j\u00f3venes\u00bb para \u00abdoblegar a la juventud\u00bb. El 30% de presos del pa\u00eds, seg\u00fan un informe de 2015 de Human Rights Watch, lo est\u00e1 por motivo de drogas, y de estas 8000 personas encarceladas por drogas, 9 de cada 10 lo est\u00e1 por posesi\u00f3n simple. Pese a que solo 3 de cada 100 reclusos son mujeres, el 65% de ellas lo est\u00e1 por este motivo. Desde 2015, se debate sin aprobar un proyecto de descriminalizaci\u00f3n que evite el problema real de Salud P\u00fablica que supone tal cantidad presa.<br><\/p>\n\n\n\n<figure class=\"wp-block-image size-large\"><img loading=\"lazy\" decoding=\"async\" width=\"360\" height=\"203\" src=\"https:\/\/www.cannabis.es\/pw\/wp-content\/uploads\/2021\/02\/tunez2.jpg\" alt=\"\" class=\"wp-image-6622\" srcset=\"https:\/\/www.cannabis.es\/pw\/wp-content\/uploads\/2021\/02\/tunez2.jpg 360w, https:\/\/www.cannabis.es\/pw\/wp-content\/uploads\/2021\/02\/tunez2-300x169.jpg 300w\" sizes=\"auto, (max-width: 360px) 100vw, 360px\" \/><\/figure>\n\n\n\n<figure class=\"wp-block-image size-large\"><img loading=\"lazy\" decoding=\"async\" width=\"360\" height=\"227\" src=\"https:\/\/www.cannabis.es\/pw\/wp-content\/uploads\/2021\/02\/tunez3.jpg\" alt=\"\" class=\"wp-image-6623\" srcset=\"https:\/\/www.cannabis.es\/pw\/wp-content\/uploads\/2021\/02\/tunez3.jpg 360w, https:\/\/www.cannabis.es\/pw\/wp-content\/uploads\/2021\/02\/tunez3-300x189.jpg 300w\" sizes=\"auto, (max-width: 360px) 100vw, 360px\" \/><\/figure>\n\n\n\n<p>Cuando all\u00e1 por el 2010 se iniciaran las primaveras \u00e1rabes llamadas al acercamiento a la democracia occidental por el norte de \u00c1frica y Oriente, solo T\u00fanez realiz\u00f3 la transformaci\u00f3n que ahond\u00f3 en los derechos y libertades civiles propios de dicho sistema. Pero no quien tiene retiene, pues la degradaci\u00f3n de estos valores es palpable al norte del Mediterr\u00e1neo y cierto es que, aunque la ONU se intente desentender de las consecuencias del prohibicionismo, su pol\u00edtica de drogas es el marco de excesos con los Derechos Humanos de otros pa\u00edses.<\/p>\n\n\n\n<figure class=\"wp-block-image size-large\"><img loading=\"lazy\" decoding=\"async\" width=\"360\" height=\"240\" src=\"https:\/\/www.cannabis.es\/pw\/wp-content\/uploads\/2021\/02\/tunez4.jpg\" alt=\"\" class=\"wp-image-6624\" srcset=\"https:\/\/www.cannabis.es\/pw\/wp-content\/uploads\/2021\/02\/tunez4.jpg 360w, https:\/\/www.cannabis.es\/pw\/wp-content\/uploads\/2021\/02\/tunez4-300x200.jpg 300w\" sizes=\"auto, (max-width: 360px) 100vw, 360px\" \/><\/figure>\n","protected":false},"excerpt":{"rendered":"<span class=\"span-reading-time rt-reading-time\" style=\"display: block;\"><span class=\"rt-label rt-prefix\">Tiempo de lectura:<\/span> <span class=\"rt-time\"> 2<\/span> <span class=\"rt-label rt-postfix\">minutos<\/span><\/span>Arnau AlcaideUna gran manifestaci\u00f3n ha recorrido este s\u00e1bado la capital de T\u00fanez, del mismo nombre. La avenida Habib Bourguiba, la m\u00e1s importante de la ciudad, se ha llenado para protestar por el atropello judicial a tres j\u00f3venes, que han recibido penas de 30 a\u00f1os cada uno por fumar en un espacio p\u00fablico. (Actualizaci\u00f3n: Salah y [&hellip;]","protected":false},"author":3,"featured_media":6625,"comment_status":"closed","ping_status":"closed","sticky":false,"template":"","format":"standard","meta":{"loftocean-featured-post":"","loftocean_post_format_gallery":"","loftocean_post_format_gallery_ids":"","loftocean_post_format_gallery_urls":"","loftocean_post_format_video_id":"","loftocean_post_format_video_url":"","loftocean_post_format_video_type":"","loftocean_post_format_video":"","loftocean_post_format_audio_type":"","loftocean_post_format_audio_url":"","loftocean_post_format_audio_id":"","loftocean_post_format_audio":"","loftocean_post_format_quote_text":"","loftocean_post_format_quote_byline":"","loftocean_post_format_link_text":"","loftocean_post_format_link_url":"","ceramag_post_header_style":"","ceramag_enable_background_video":"","ceramag_show_in_top_slider":"","ceramag_post_background_video_start":"","ceramag_post_background_video_end":"","loftocean_page_background_video_id":"","loftocean_page_background_video_url":"","loftocean_page_background_video_type":"","loftocean_page_background_video":"","ceramag_background_video_start":"","ceramag_background_video_end":"","ceramag_single_page_hide_header":"","footnotes":""},"categories":[35],"tags":[540,664,690,59],"class_list":["post-6620","post","type-post","status-publish","format-standard","has-post-thumbnail","hentry","category-politica-y-sociedad","tag-arnau-alcaide","tag-derechos-humanos","tag-guerra-contra-las-drogas","tag-prohibicionismo"],"yoast_head":"<!-- This site is optimized with the Yoast SEO plugin v24.9 - https:\/\/yoast.com\/wordpress\/plugins\/seo\/ -->\n<title>Treinta a\u00f1os de prisi\u00f3n a cada uno de tres j\u00f3venes en T\u00fanez por fumar en p\u00fablico<\/title>\n<meta name=\"description\" content=\"Entrada &#8226; Portal multimedia sobre cannabis y otras sustancias &#8226; 1 febrero, 2021\" \/>\n<meta name=\"robots\" content=\"index, follow, max-snippet:-1, max-image-preview:large, max-video-preview:-1\" \/>\n<link rel=\"canonical\" href=\"https:\/\/www.cannabis.es\/pw\/2021\/02\/01\/treinta-anos-de-prision-a-cada-uno-de-tres-jovenes-en-tunez-por-fumar-en-publico\/\" \/>\n<meta name=\"twitter:card\" content=\"summary_large_image\" \/>\n<meta name=\"twitter:title\" content=\"Treinta a\u00f1os de prisi\u00f3n a cada uno de tres j\u00f3venes en T\u00fanez por fumar en p\u00fablico\" \/>\n<meta name=\"twitter:description\" content=\"Entrada &#8226; Portal multimedia sobre cannabis y otras sustancias &#8226; 1 febrero, 2021\" \/>\n<meta name=\"twitter:image\" content=\"https:\/\/www.cannabis.es\/pw\/wp-content\/uploads\/2021\/02\/tunez1-1.jpg\" \/>\n<meta name=\"twitter:creator\" content=\"@cannabis_es\" \/>\n<meta name=\"twitter:site\" content=\"@cannabis_es\" \/>\n<meta name=\"twitter:label1\" content=\"Escrito por\" \/>\n\t<meta name=\"twitter:data1\" content=\"Cannabis.es\" \/>\n\t<meta name=\"twitter:label2\" content=\"Tiempo de lectura\" \/>\n\t<meta name=\"twitter:data2\" content=\"3 minutos\" \/>\n<script type=\"application\/ld+json\" class=\"yoast-schema-graph\">{\"@context\":\"https:\/\/schema.org\",\"@graph\":[{\"@type\":\"Article\",\"@id\":\"https:\/\/www.cannabis.es\/pw\/2021\/02\/01\/treinta-anos-de-prision-a-cada-uno-de-tres-jovenes-en-tunez-por-fumar-en-publico\/#article\",\"isPartOf\":{\"@id\":\"https:\/\/www.cannabis.es\/pw\/2021\/02\/01\/treinta-anos-de-prision-a-cada-uno-de-tres-jovenes-en-tunez-por-fumar-en-publico\/\"},\"author\":{\"name\":\"Cannabis.es\",\"@id\":\"https:\/\/www.cannabis.es\/pw\/#\/schema\/person\/ec770c03f3e99d770687f537f4ba1e89\"},\"headline\":\"Treinta a\u00f1os de prisi\u00f3n a cada uno de tres j\u00f3venes en T\u00fanez por fumar en p\u00fablico\",\"datePublished\":\"2021-02-01T12:52:24+00:00\",\"dateModified\":\"2021-05-12T10:35:47+00:00\",\"mainEntityOfPage\":{\"@id\":\"https:\/\/www.cannabis.es\/pw\/2021\/02\/01\/treinta-anos-de-prision-a-cada-uno-de-tres-jovenes-en-tunez-por-fumar-en-publico\/\"},\"wordCount\":439,\"publisher\":{\"@id\":\"https:\/\/www.cannabis.es\/pw\/#organization\"},\"image\":{\"@id\":\"https:\/\/www.cannabis.es\/pw\/2021\/02\/01\/treinta-anos-de-prision-a-cada-uno-de-tres-jovenes-en-tunez-por-fumar-en-publico\/#primaryimage\"},\"thumbnailUrl\":\"https:\/\/www.cannabis.es\/pw\/wp-content\/uploads\/2021\/02\/tunez1-1.jpg\",\"keywords\":[\"Arnau Alcaide\",\"derechos humanos\",\"guerra contra las drogas\",\"prohibicionismo\"],\"articleSection\":[\"Pol\u00edtica y Sociedad\"],\"inLanguage\":\"es\"},{\"@type\":\"WebPage\",\"@id\":\"https:\/\/www.cannabis.es\/pw\/2021\/02\/01\/treinta-anos-de-prision-a-cada-uno-de-tres-jovenes-en-tunez-por-fumar-en-publico\/\",\"url\":\"https:\/\/www.cannabis.es\/pw\/2021\/02\/01\/treinta-anos-de-prision-a-cada-uno-de-tres-jovenes-en-tunez-por-fumar-en-publico\/\",\"name\":\"Treinta a\u00f1os de prisi\u00f3n a cada uno de tres j\u00f3venes en T\u00fanez por fumar en p\u00fablico\",\"isPartOf\":{\"@id\":\"https:\/\/www.cannabis.es\/pw\/#website\"},\"primaryImageOfPage\":{\"@id\":\"https:\/\/www.cannabis.es\/pw\/2021\/02\/01\/treinta-anos-de-prision-a-cada-uno-de-tres-jovenes-en-tunez-por-fumar-en-publico\/#primaryimage\"},\"image\":{\"@id\":\"https:\/\/www.cannabis.es\/pw\/2021\/02\/01\/treinta-anos-de-prision-a-cada-uno-de-tres-jovenes-en-tunez-por-fumar-en-publico\/#primaryimage\"},\"thumbnailUrl\":\"https:\/\/www.cannabis.es\/pw\/wp-content\/uploads\/2021\/02\/tunez1-1.jpg\",\"datePublished\":\"2021-02-01T12:52:24+00:00\",\"dateModified\":\"2021-05-12T10:35:47+00:00\",\"description\":\"Entrada &#8226; Portal multimedia sobre cannabis y otras sustancias &#8226; 1 febrero, 2021\",\"breadcrumb\":{\"@id\":\"https:\/\/www.cannabis.es\/pw\/2021\/02\/01\/treinta-anos-de-prision-a-cada-uno-de-tres-jovenes-en-tunez-por-fumar-en-publico\/#breadcrumb\"},\"inLanguage\":\"es\",\"potentialAction\":[{\"@type\":\"ReadAction\",\"target\":[\"https:\/\/www.cannabis.es\/pw\/2021\/02\/01\/treinta-anos-de-prision-a-cada-uno-de-tres-jovenes-en-tunez-por-fumar-en-publico\/\"]}]},{\"@type\":\"ImageObject\",\"inLanguage\":\"es\",\"@id\":\"https:\/\/www.cannabis.es\/pw\/2021\/02\/01\/treinta-anos-de-prision-a-cada-uno-de-tres-jovenes-en-tunez-por-fumar-en-publico\/#primaryimage\",\"url\":\"https:\/\/www.cannabis.es\/pw\/wp-content\/uploads\/2021\/02\/tunez1-1.jpg\",\"contentUrl\":\"https:\/\/www.cannabis.es\/pw\/wp-content\/uploads\/2021\/02\/tunez1-1.jpg\",\"width\":360,\"height\":240},{\"@type\":\"BreadcrumbList\",\"@id\":\"https:\/\/www.cannabis.es\/pw\/2021\/02\/01\/treinta-anos-de-prision-a-cada-uno-de-tres-jovenes-en-tunez-por-fumar-en-publico\/#breadcrumb\",\"itemListElement\":[{\"@type\":\"ListItem\",\"position\":1,\"name\":\"Portada\",\"item\":\"http:\/\/www.cannabis.es\/pw\/\"},{\"@type\":\"ListItem\",\"position\":2,\"name\":\"Treinta a\u00f1os de prisi\u00f3n a cada uno de tres j\u00f3venes en T\u00fanez por fumar en p\u00fablico\"}]},{\"@type\":\"WebSite\",\"@id\":\"https:\/\/www.cannabis.es\/pw\/#website\",\"url\":\"https:\/\/www.cannabis.es\/pw\/\",\"name\":\"Cannabis\",\"description\":\"Portal multimedia sobre cannabis y otras sustancias\",\"publisher\":{\"@id\":\"https:\/\/www.cannabis.es\/pw\/#organization\"},\"potentialAction\":[{\"@type\":\"SearchAction\",\"target\":{\"@type\":\"EntryPoint\",\"urlTemplate\":\"https:\/\/www.cannabis.es\/pw\/?s={search_term_string}\"},\"query-input\":{\"@type\":\"PropertyValueSpecification\",\"valueRequired\":true,\"valueName\":\"search_term_string\"}}],\"inLanguage\":\"es\"},{\"@type\":\"Organization\",\"@id\":\"https:\/\/www.cannabis.es\/pw\/#organization\",\"name\":\"Cannabis.es\",\"url\":\"https:\/\/www.cannabis.es\/pw\/\",\"logo\":{\"@type\":\"ImageObject\",\"inLanguage\":\"es\",\"@id\":\"https:\/\/www.cannabis.es\/pw\/#\/schema\/logo\/image\/\",\"url\":\"https:\/\/www.cannabis.es\/pw\/wp-content\/uploads\/2019\/04\/cropped-logo_cannabis.png\",\"contentUrl\":\"https:\/\/www.cannabis.es\/pw\/wp-content\/uploads\/2019\/04\/cropped-logo_cannabis.png\",\"width\":361,\"height\":120,\"caption\":\"Cannabis.es\"},\"image\":{\"@id\":\"https:\/\/www.cannabis.es\/pw\/#\/schema\/logo\/image\/\"},\"sameAs\":[\"https:\/\/x.com\/cannabis_es\"]},{\"@type\":\"Person\",\"@id\":\"https:\/\/www.cannabis.es\/pw\/#\/schema\/person\/ec770c03f3e99d770687f537f4ba1e89\",\"name\":\"Cannabis.es\",\"image\":{\"@type\":\"ImageObject\",\"inLanguage\":\"es\",\"@id\":\"https:\/\/www.cannabis.es\/pw\/#\/schema\/person\/image\/\",\"url\":\"https:\/\/secure.gravatar.com\/avatar\/810c93a3d6fadc3d9c2665b1d919a4aedea8ed4dd63689d001e985a804e90d83?s=96&d=mm&r=g\",\"contentUrl\":\"https:\/\/secure.gravatar.com\/avatar\/810c93a3d6fadc3d9c2665b1d919a4aedea8ed4dd63689d001e985a804e90d83?s=96&d=mm&r=g\",\"caption\":\"Cannabis.es\"},\"url\":\"https:\/\/www.cannabis.es\/pw\/author\/arnau\/\"}]}<\/script>\n<!-- \/ Yoast SEO plugin. -->","yoast_head_json":{"title":"Treinta a\u00f1os de prisi\u00f3n a cada uno de tres j\u00f3venes en T\u00fanez por fumar en p\u00fablico","description":"Entrada &#8226; Portal multimedia sobre cannabis y otras sustancias &#8226; 1 febrero, 2021","robots":{"index":"index","follow":"follow","max-snippet":"max-snippet:-1","max-image-preview":"max-image-preview:large","max-video-preview":"max-video-preview:-1"},"canonical":"https:\/\/www.cannabis.es\/pw\/2021\/02\/01\/treinta-anos-de-prision-a-cada-uno-de-tres-jovenes-en-tunez-por-fumar-en-publico\/","twitter_card":"summary_large_image","twitter_title":"Treinta a\u00f1os de prisi\u00f3n a cada uno de tres j\u00f3venes en T\u00fanez por fumar en p\u00fablico","twitter_description":"Entrada &#8226; Portal multimedia sobre cannabis y otras sustancias &#8226; 1 febrero, 2021","twitter_image":"https:\/\/www.cannabis.es\/pw\/wp-content\/uploads\/2021\/02\/tunez1-1.jpg","twitter_creator":"@cannabis_es","twitter_site":"@cannabis_es","twitter_misc":{"Escrito por":"Cannabis.es","Tiempo de lectura":"3 minutos"},"schema":{"@context":"https:\/\/schema.org","@graph":[{"@type":"Article","@id":"https:\/\/www.cannabis.es\/pw\/2021\/02\/01\/treinta-anos-de-prision-a-cada-uno-de-tres-jovenes-en-tunez-por-fumar-en-publico\/#article","isPartOf":{"@id":"https:\/\/www.cannabis.es\/pw\/2021\/02\/01\/treinta-anos-de-prision-a-cada-uno-de-tres-jovenes-en-tunez-por-fumar-en-publico\/"},"author":{"name":"Cannabis.es","@id":"https:\/\/www.cannabis.es\/pw\/#\/schema\/person\/ec770c03f3e99d770687f537f4ba1e89"},"headline":"Treinta a\u00f1os de prisi\u00f3n a cada uno de tres j\u00f3venes en T\u00fanez por fumar en p\u00fablico","datePublished":"2021-02-01T12:52:24+00:00","dateModified":"2021-05-12T10:35:47+00:00","mainEntityOfPage":{"@id":"https:\/\/www.cannabis.es\/pw\/2021\/02\/01\/treinta-anos-de-prision-a-cada-uno-de-tres-jovenes-en-tunez-por-fumar-en-publico\/"},"wordCount":439,"publisher":{"@id":"https:\/\/www.cannabis.es\/pw\/#organization"},"image":{"@id":"https:\/\/www.cannabis.es\/pw\/2021\/02\/01\/treinta-anos-de-prision-a-cada-uno-de-tres-jovenes-en-tunez-por-fumar-en-publico\/#primaryimage"},"thumbnailUrl":"https:\/\/www.cannabis.es\/pw\/wp-content\/uploads\/2021\/02\/tunez1-1.jpg","keywords":["Arnau Alcaide","derechos humanos","guerra contra las drogas","prohibicionismo"],"articleSection":["Pol\u00edtica y Sociedad"],"inLanguage":"es"},{"@type":"WebPage","@id":"https:\/\/www.cannabis.es\/pw\/2021\/02\/01\/treinta-anos-de-prision-a-cada-uno-de-tres-jovenes-en-tunez-por-fumar-en-publico\/","url":"https:\/\/www.cannabis.es\/pw\/2021\/02\/01\/treinta-anos-de-prision-a-cada-uno-de-tres-jovenes-en-tunez-por-fumar-en-publico\/","name":"Treinta a\u00f1os de prisi\u00f3n a cada uno de tres j\u00f3venes en T\u00fanez por fumar en p\u00fablico","isPartOf":{"@id":"https:\/\/www.cannabis.es\/pw\/#website"},"primaryImageOfPage":{"@id":"https:\/\/www.cannabis.es\/pw\/2021\/02\/01\/treinta-anos-de-prision-a-cada-uno-de-tres-jovenes-en-tunez-por-fumar-en-publico\/#primaryimage"},"image":{"@id":"https:\/\/www.cannabis.es\/pw\/2021\/02\/01\/treinta-anos-de-prision-a-cada-uno-de-tres-jovenes-en-tunez-por-fumar-en-publico\/#primaryimage"},"thumbnailUrl":"https:\/\/www.cannabis.es\/pw\/wp-content\/uploads\/2021\/02\/tunez1-1.jpg","datePublished":"2021-02-01T12:52:24+00:00","dateModified":"2021-05-12T10:35:47+00:00","description":"Entrada &#8226; Portal multimedia sobre cannabis y otras sustancias &#8226; 1 febrero, 2021","breadcrumb":{"@id":"https:\/\/www.cannabis.es\/pw\/2021\/02\/01\/treinta-anos-de-prision-a-cada-uno-de-tres-jovenes-en-tunez-por-fumar-en-publico\/#breadcrumb"},"inLanguage":"es","potentialAction":[{"@type":"ReadAction","target":["https:\/\/www.cannabis.es\/pw\/2021\/02\/01\/treinta-anos-de-prision-a-cada-uno-de-tres-jovenes-en-tunez-por-fumar-en-publico\/"]}]},{"@type":"ImageObject","inLanguage":"es","@id":"https:\/\/www.cannabis.es\/pw\/2021\/02\/01\/treinta-anos-de-prision-a-cada-uno-de-tres-jovenes-en-tunez-por-fumar-en-publico\/#primaryimage","url":"https:\/\/www.cannabis.es\/pw\/wp-content\/uploads\/2021\/02\/tunez1-1.jpg","contentUrl":"https:\/\/www.cannabis.es\/pw\/wp-content\/uploads\/2021\/02\/tunez1-1.jpg","width":360,"height":240},{"@type":"BreadcrumbList","@id":"https:\/\/www.cannabis.es\/pw\/2021\/02\/01\/treinta-anos-de-prision-a-cada-uno-de-tres-jovenes-en-tunez-por-fumar-en-publico\/#breadcrumb","itemListElement":[{"@type":"ListItem","position":1,"name":"Portada","item":"http:\/\/www.cannabis.es\/pw\/"},{"@type":"ListItem","position":2,"name":"Treinta a\u00f1os de prisi\u00f3n a cada uno de tres j\u00f3venes en T\u00fanez por fumar en p\u00fablico"}]},{"@type":"WebSite","@id":"https:\/\/www.cannabis.es\/pw\/#website","url":"https:\/\/www.cannabis.es\/pw\/","name":"Cannabis","description":"Portal multimedia sobre cannabis y otras sustancias","publisher":{"@id":"https:\/\/www.cannabis.es\/pw\/#organization"},"potentialAction":[{"@type":"SearchAction","target":{"@type":"EntryPoint","urlTemplate":"https:\/\/www.cannabis.es\/pw\/?s={search_term_string}"},"query-input":{"@type":"PropertyValueSpecification","valueRequired":true,"valueName":"search_term_string"}}],"inLanguage":"es"},{"@type":"Organization","@id":"https:\/\/www.cannabis.es\/pw\/#organization","name":"Cannabis.es","url":"https:\/\/www.cannabis.es\/pw\/","logo":{"@type":"ImageObject","inLanguage":"es","@id":"https:\/\/www.cannabis.es\/pw\/#\/schema\/logo\/image\/","url":"https:\/\/www.cannabis.es\/pw\/wp-content\/uploads\/2019\/04\/cropped-logo_cannabis.png","contentUrl":"https:\/\/www.cannabis.es\/pw\/wp-content\/uploads\/2019\/04\/cropped-logo_cannabis.png","width":361,"height":120,"caption":"Cannabis.es"},"image":{"@id":"https:\/\/www.cannabis.es\/pw\/#\/schema\/logo\/image\/"},"sameAs":["https:\/\/x.com\/cannabis_es"]},{"@type":"Person","@id":"https:\/\/www.cannabis.es\/pw\/#\/schema\/person\/ec770c03f3e99d770687f537f4ba1e89","name":"Cannabis.es","image":{"@type":"ImageObject","inLanguage":"es","@id":"https:\/\/www.cannabis.es\/pw\/#\/schema\/person\/image\/","url":"https:\/\/secure.gravatar.com\/avatar\/810c93a3d6fadc3d9c2665b1d919a4aedea8ed4dd63689d001e985a804e90d83?s=96&d=mm&r=g","contentUrl":"https:\/\/secure.gravatar.com\/avatar\/810c93a3d6fadc3d9c2665b1d919a4aedea8ed4dd63689d001e985a804e90d83?s=96&d=mm&r=g","caption":"Cannabis.es"},"url":"https:\/\/www.cannabis.es\/pw\/author\/arnau\/"}]}},"_links":{"self":[{"href":"https:\/\/www.cannabis.es\/pw\/wp-json\/wp\/v2\/posts\/6620","targetHints":{"allow":["GET"]}}],"collection":[{"href":"https:\/\/www.cannabis.es\/pw\/wp-json\/wp\/v2\/posts"}],"about":[{"href":"https:\/\/www.cannabis.es\/pw\/wp-json\/wp\/v2\/types\/post"}],"author":[{"embeddable":true,"href":"https:\/\/www.cannabis.es\/pw\/wp-json\/wp\/v2\/users\/3"}],"replies":[{"embeddable":true,"href":"https:\/\/www.cannabis.es\/pw\/wp-json\/wp\/v2\/comments?post=6620"}],"version-history":[{"count":7,"href":"https:\/\/www.cannabis.es\/pw\/wp-json\/wp\/v2\/posts\/6620\/revisions"}],"predecessor-version":[{"id":7063,"href":"https:\/\/www.cannabis.es\/pw\/wp-json\/wp\/v2\/posts\/6620\/revisions\/7063"}],"wp:featuredmedia":[{"embeddable":true,"href":"https:\/\/www.cannabis.es\/pw\/wp-json\/wp\/v2\/media\/6625"}],"wp:attachment":[{"href":"https:\/\/www.cannabis.es\/pw\/wp-json\/wp\/v2\/media?parent=6620"}],"wp:term":[{"taxonomy":"category","embeddable":true,"href":"https:\/\/www.cannabis.es\/pw\/wp-json\/wp\/v2\/categories?post=6620"},{"taxonomy":"post_tag","embeddable":true,"href":"https:\/\/www.cannabis.es\/pw\/wp-json\/wp\/v2\/tags?post=6620"}],"curies":[{"name":"wp","href":"https:\/\/api.w.org\/{rel}","templated":true}]}}